{"id":76114,"date":"2020-08-03T19:10:53","date_gmt":"2020-08-03T22:10:53","guid":{"rendered":"https:\/\/www.suno.com.br\/noticias\/?p=76114"},"modified":"2020-08-03T19:14:28","modified_gmt":"2020-08-03T22:14:28","slug":"vale-vale3-ressarcir-r129mi-vitimas-brumadinho","status":"publish","type":"post","link":"https:\/\/www.suno.com.br\/noticias\/vale-vale3-ressarcir-r129mi-vitimas-brumadinho\/","title":{"rendered":"Vale (VALE3) ir\u00e1 ressarcir R$ 129,5 mi ao INSS por v\u00edtimas de Brumadinho"},"content":{"rendered":"<p>A Advocacia-Geral da Uni\u00e3o (AGU) comunicou nesta segunda-feira (3) o fechamento de um acordo com a <a href=\"https:\/\/www.suno.com.br\/acoes\/vale3\/\"><strong>Vale<\/strong> (VALE3)<\/a> para que a companhia pague R$ 129,5 milh\u00f5es ao Instituto Nacional do Seguro Social (INSS) para ressarcir os benef\u00edcios previdenci\u00e1rios pagos pelo \u00f3rg\u00e3o \u00e0s v\u00edtimas do rompimento da barragem em Brumadinho (MG).<\/p>\t<div class=\"wrapper-featured-image\">\n\t\t<figure class=\"spotlightImg\">\n\n\t\t\t<picture>\n\t\t\t\t<source media=\"(max-width: 768px)\" srcset=\"https:\/\/files.sunoresearch.com.br\/n\/uploads\/2020\/08\/34527406-brumadinho-400x200.webp\">\n\t\t\t\t<img loading=\"lazy\" decoding=\"async\" class=\"newsContent__article__imgCapa lazyloadDisabled newsContent__article__imgCapa--noCaption\" src=\"https:\/\/files.sunoresearch.com.br\/n\/uploads\/2020\/08\/34527406-brumadinho-800x450.webp\" width=\"800\" height=\"450\" alt=\"Vale (VALE3) ir\u00e1 ressarcir R$ 129,5 mi ao INSS por v\u00edtimas de Brumadinho\" fetchpriority=high \/>\n\t\t\t<\/picture>\n\n\t\t\t<figcaption class=\"wp-caption-text wp-caption-text--hide\">O rompimento da barragem da Vale em Brumadinho deixou 259 mortos.<\/figcaption>\n\t\t<\/figure>\n\t<\/div>\n\n\n<div class=\"hubspot-form-wrapper\">\n\t<div id=\"single-form-target\"><\/div>\n<\/div>\n\n<p>Dessa forma, a mineradora dever\u00e1 pagar pelo gasto do INSS com benef\u00edcios a funcion\u00e1rios da Vale, v\u00edtimas da trag\u00e9dia que ocorreu em janeiro do ano passado ou seus dependentes. Entre os benef\u00edcios est\u00e3o:<\/p>\n<ul>\n<li>pens\u00f5es por morte;<\/li>\n<li>aposentadorias por invalidez;<\/li>\n<li>aux\u00edlios-doen\u00e7a;<\/li>\n<li>aux\u00edlios-acidente.<\/li>\n<\/ul>\n<p>Trata-se do maior acordo extrajudicial para este tipo caso da hist\u00f3ria do INSS, destacou a AGU. A resolu\u00e7\u00e3o evita o ajuizamento de uma a\u00e7\u00e3o regressiva acident\u00e1ria, proposta com o intuito de conseguir o ressarcimento das despesas com benef\u00edcios concedidos devido a acidentes de trabalho ocorridos por culpa de empregadores que descumpriram normas de seguran\u00e7a e sa\u00fade do trabalho.<\/p>\n<p><a href=\"https:\/\/lp.suno.com.br\/suno-one\/\">Suno One: acesse gratuitamente eBooks, Minicursos, Artigos e Video Aulas sobre investimentos com um \u00fanico cadastro. Clique para saber mais!<\/a><\/p>\n<h2>Vale far\u00e1 o pagamento dos R$ 129,5 milh\u00f5es em cota \u00fanica<\/h2>\n<p>Com isso, a companhia ir\u00e1 realizar o pagamento em uma cota \u00fanica, por meio da quita\u00e7\u00e3o de tr\u00eas Guias de Recolhimento da Uni\u00e3o (GRUs) j\u00e1 emitidas pelo INSS e todo o valor ser\u00e1 captado para os cofres do Instituto.<\/p>\n<p>O valor de R$ 129,5 milh\u00f5es compreende os recursos que j\u00e1 foram pagos \u00e0s v\u00edtimas, assim como o montante que ainda seria desembolsado pelo \u00f3rg\u00e3o, que representaram mais de 90% do total. As negocia\u00e7\u00f5es, que tiveram in\u00edcio neste ano, duraram cerca de sete meses.<\/p>\n\t<div data-element=\"shortcode-read-more\" class=\"knowMore\">\n\t\t\t\t<span class=\"knowMore__title\">Veja tamb\u00e9m<\/span>\n\t\t\t\t<a class=\"knowMore__link\" href=\"https:\/\/www.suno.com.br\/noticias\/vale-vale3-mantem-meta-producao-minerio-para-2020\/\">\n\t\t\tVale (VALE3) mant\u00e9m meta de produ\u00e7\u00e3o de min\u00e9rio de ferro para 2020\t\t<\/a>\n\t<\/div>\n\n\n<p>\u201cEsses valores seriam eventualmente recebidos ao longo de muitos anos, at\u00e9 mesmo d\u00e9cadas, trazendo um risco inerente ao neg\u00f3cio, na medida em que pode acontecer de a empresa, por exemplo, deixar de pagar. Ent\u00e3o, o acordo em recebimento de uma parcela \u00fanica elimina esses riscos inerentes a obriga\u00e7\u00f5es de longo prazo\u201d, detalhou o coordenador-geral de Cobran\u00e7a e Recupera\u00e7\u00e3o de Cr\u00e9ditos da Procuradoria-Geral Federal (PGF), F\u00e1bio Munhoz, sobre o acordo entre a <strong>Vale<\/strong> e o AGU.<\/p>\n\t<p>\n\t\t<a href=\"https:\/\/lp.suno.com.br\/planilha-de-controle-de-investimentos\/\" target=\"_blank\" data-element=\"shortcode-suno-banner\" title=\"Banner SUNO, clique e saiba mais\">\n\t\t\t<picture>\n\t\t\t\t<source media=\"(max-width: 500px)\" srcset=\"https:\/\/files.sunoresearch.com.br\/n\/uploads\/2023\/03\/400x300-Controle-de-Investimentos.png\">\n\t\t\t\t<img class=\"newsContent__article__imgCapa newsContent__article__imgCapa--banner\"\n\t\t\t\t\tsrc=\"https:\/\/files.sunoresearch.com.br\/n\/uploads\/2023\/03\/1420x240-Controle-de-Investimentos.png\"\n\t\t\t\t\tdata-promo-id=\"75934\"\t\t\t\t\t\t\t\t\t\twidth='1420' height='240'\t\t\t\t\talt=\"https:\/\/files.sunoresearch.com.br\/n\/uploads\/2023\/03\/1420x240-Controle-de-Investimentos.png\"\n\t\t\t\t>\n\t\t\t<\/picture>\n\t\t<\/a>\n\t<\/p>\n\n\n","protected":false},"excerpt":{"rendered":"<p>A Advocacia-Geral da Uni\u00e3o (AGU) comunicou nesta segunda-feira (3) o fechamento de um acordo com a Vale (VALE3) para que a companhia pague R$ 129,5 milh\u00f5es ao Instituto Nacional do Seguro Social (INSS) para ressarcir os benef\u00edcios previdenci\u00e1rios pagos pelo \u00f3rg\u00e3o \u00e0s v\u00edtimas do rompimento da barragem em Brumadinho (MG). O rompimento da barragem da [&hellip;]<\/p>\n","protected":false},"author":35,"featured_media":76121,"comment_status":"closed","ping_status":"closed","sticky":false,"template":"","format":"standard","meta":[],"categories":[64],"tags":[1039,1032,997,676],"suno_strategy":[],"class_list":["post-76114","post","type-post","status-publish","format-standard","has-post-thumbnail","hentry","category-negocios","tag-agu","tag-brumadinho","tag-inss","tag-vale-vale3"],"yoast_head":"<!-- This site is optimized with the Yoast SEO plugin v24.4 - https:\/\/yoast.com\/wordpress\/plugins\/seo\/ -->\n<title>Vale (VALE3) ir\u00e1 ressarcir R$ 129,5 mi ao INSS por v\u00edtimas de Brumadinho<\/title>\n<meta name=\"description\" content=\"A AGU fechou acordo com a Vale (VALE3) para que a companhia pague R$ 129,5 milh\u00f5es ao INSS por v\u00edtimas de Brumadinho. Clique para saber mais\" \/>\n<meta name=\"robots\" content=\"index, follow, max-snippet:-1, max-image-preview:large, max-video-preview:-1\" \/>\n<link rel=\"canonical\" href=\"https:\/\/www.suno.com.br\/noticias\/vale-vale3-ressarcir-r129mi-vitimas-brumadinho\/\" \/>\n<meta property=\"og:locale\" content=\"pt_BR\" \/>\n<meta property=\"og:type\" content=\"article\" \/>\n<meta property=\"og:title\" content=\"Vale (VALE3) ir\u00e1 ressarcir R$ 129,5 mi ao INSS por v\u00edtimas de Brumadinho\" \/>\n<meta property=\"og:description\" content=\"A AGU fechou acordo com a Vale (VALE3) para que a companhia pague R$ 129,5 milh\u00f5es ao INSS por v\u00edtimas de Brumadinho. Clique para saber mais\" \/>\n<meta property=\"og:url\" content=\"https:\/\/www.suno.com.br\/noticias\/vale-vale3-ressarcir-r129mi-vitimas-brumadinho\/\" \/>\n<meta property=\"og:site_name\" content=\"Suno Not\u00edcias\" \/>\n<meta property=\"article:publisher\" content=\"https:\/\/facebook.com\/sunoresearch\" \/>\n<meta property=\"og:image\" content=\"https:\/\/files.sunoresearch.com.br\/n\/uploads\/2020\/08\/34527406-brumadinho.jpg\" \/>\n\t<meta property=\"og:image:width\" content=\"1024\" \/>\n\t<meta property=\"og:image:height\" content=\"683\" \/>\n\t<meta property=\"og:image:type\" content=\"image\/jpeg\" \/>\n<meta name=\"author\" content=\"Arthur Guimar\u00e3es\" \/>\n<meta name=\"twitter:card\" content=\"summary_large_image\" \/>\n<meta name=\"twitter:creator\" content=\"@sunoresearch\" \/>\n<meta name=\"twitter:site\" content=\"@sunoresearch\" \/>\n<meta name=\"twitter:label1\" content=\"Escrito por\" \/>\n\t<meta name=\"twitter:data1\" content=\"Arthur Guimar\u00e3es\" \/>\n\t<meta name=\"twitter:label2\" content=\"Est. tempo de leitura\" \/>\n\t<meta name=\"twitter:data2\" content=\"2 minutos\" \/>\n<script type=\"application\/ld+json\" class=\"yoast-schema-graph\">{\"@context\":\"https:\/\/schema.org\",\"@graph\":[{\"@type\":\"NewsArticle\",\"@id\":\"https:\/\/www.suno.com.br\/noticias\/vale-vale3-ressarcir-r129mi-vitimas-brumadinho\/#article\",\"isPartOf\":{\"@id\":\"https:\/\/www.suno.com.br\/noticias\/vale-vale3-ressarcir-r129mi-vitimas-brumadinho\/\"},\"author\":{\"name\":\"Arthur Guimar\u00e3es\",\"@id\":\"https:\/\/www.suno.com.br\/noticias\/#\/schema\/person\/053a750a709a263919a20f976caae91c\"},\"headline\":\"Vale (VALE3) ir\u00e1 ressarcir R$ 129,5 mi ao INSS por v\u00edtimas de Brumadinho\",\"datePublished\":\"2020-08-03T22:10:53+00:00\",\"dateModified\":\"2020-08-03T22:14:28+00:00\",\"mainEntityOfPage\":{\"@id\":\"https:\/\/www.suno.com.br\/noticias\/vale-vale3-ressarcir-r129mi-vitimas-brumadinho\/\"},\"wordCount\":410,\"publisher\":{\"@id\":\"https:\/\/www.suno.com.br\/noticias\/#organization\"},\"image\":{\"@id\":\"https:\/\/www.suno.com.br\/noticias\/vale-vale3-ressarcir-r129mi-vitimas-brumadinho\/#primaryimage\"},\"thumbnailUrl\":\"https:\/\/files.sunoresearch.com.br\/n\/uploads\/2020\/08\/34527406-brumadinho-jpg.webp\",\"keywords\":[\"AGU\",\"Brumadinho\",\"INSS\",\"Vale (VALE3)\"],\"articleSection\":[\"Neg\u00f3cios\"],\"inLanguage\":\"pt-BR\"},{\"@type\":\"WebPage\",\"@id\":\"https:\/\/www.suno.com.br\/noticias\/vale-vale3-ressarcir-r129mi-vitimas-brumadinho\/\",\"url\":\"https:\/\/www.suno.com.br\/noticias\/vale-vale3-ressarcir-r129mi-vitimas-brumadinho\/\",\"name\":\"Vale (VALE3) ir\u00e1 ressarcir R$ 129,5 mi ao INSS por v\u00edtimas de Brumadinho\",\"isPartOf\":{\"@id\":\"https:\/\/www.suno.com.br\/noticias\/#website\"},\"primaryImageOfPage\":{\"@id\":\"https:\/\/www.suno.com.br\/noticias\/vale-vale3-ressarcir-r129mi-vitimas-brumadinho\/#primaryimage\"},\"image\":{\"@id\":\"https:\/\/www.suno.com.br\/noticias\/vale-vale3-ressarcir-r129mi-vitimas-brumadinho\/#primaryimage\"},\"thumbnailUrl\":\"https:\/\/files.sunoresearch.com.br\/n\/uploads\/2020\/08\/34527406-brumadinho-jpg.webp\",\"datePublished\":\"2020-08-03T22:10:53+00:00\",\"dateModified\":\"2020-08-03T22:14:28+00:00\",\"description\":\"A AGU fechou acordo com a Vale (VALE3) para que a companhia pague R$ 129,5 milh\u00f5es ao INSS por v\u00edtimas de Brumadinho. Clique para saber mais\",\"breadcrumb\":{\"@id\":\"https:\/\/www.suno.com.br\/noticias\/vale-vale3-ressarcir-r129mi-vitimas-brumadinho\/#breadcrumb\"},\"inLanguage\":\"pt-BR\",\"potentialAction\":[{\"@type\":\"ReadAction\",\"target\":[\"https:\/\/www.suno.com.br\/noticias\/vale-vale3-ressarcir-r129mi-vitimas-brumadinho\/\"]}]},{\"@type\":\"ImageObject\",\"inLanguage\":\"pt-BR\",\"@id\":\"https:\/\/www.suno.com.br\/noticias\/vale-vale3-ressarcir-r129mi-vitimas-brumadinho\/#primaryimage\",\"url\":\"https:\/\/files.sunoresearch.com.br\/n\/uploads\/2020\/08\/34527406-brumadinho-jpg.webp\",\"contentUrl\":\"https:\/\/files.sunoresearch.com.br\/n\/uploads\/2020\/08\/34527406-brumadinho-jpg.webp\",\"width\":1024,\"height\":683,\"caption\":\"O rompimento da barragem da Vale em Brumadinho deixou 259 mortos.\"},{\"@type\":\"BreadcrumbList\",\"@id\":\"https:\/\/www.suno.com.br\/noticias\/vale-vale3-ressarcir-r129mi-vitimas-brumadinho\/#breadcrumb\",\"itemListElement\":[{\"@type\":\"ListItem\",\"position\":1,\"name\":\"Not\u00edcias\",\"item\":\"https:\/\/www.suno.com.br\/noticias\/\"},{\"@type\":\"ListItem\",\"position\":2,\"name\":\"Neg\u00f3cios\",\"item\":\"https:\/\/www.suno.com.br\/noticias\/negocios\/\"},{\"@type\":\"ListItem\",\"position\":3,\"name\":\"Vale (VALE3) ir\u00e1 ressarcir R$ 129,5 mi ao INSS por v\u00edtimas de Brumadinho\"}]},{\"@type\":\"WebSite\",\"@id\":\"https:\/\/www.suno.com.br\/noticias\/#website\",\"url\":\"https:\/\/www.suno.com.br\/noticias\/\",\"name\":\"Suno Not\u00edcias\",\"description\":\"Seu portal de informa\u00e7\u00e3o sobre o mundo dos investimentos\",\"publisher\":{\"@id\":\"https:\/\/www.suno.com.br\/noticias\/#organization\"},\"potentialAction\":[{\"@type\":\"SearchAction\",\"target\":{\"@type\":\"EntryPoint\",\"urlTemplate\":\"https:\/\/www.suno.com.br\/noticias\/?s={search_term_string}\"},\"query-input\":{\"@type\":\"PropertyValueSpecification\",\"valueRequired\":true,\"valueName\":\"search_term_string\"}}],\"inLanguage\":\"pt-BR\"},{\"@type\":\"Organization\",\"@id\":\"https:\/\/www.suno.com.br\/noticias\/#organization\",\"name\":\"Suno Not\u00edcias\",\"url\":\"https:\/\/www.suno.com.br\/noticias\/\",\"logo\":{\"@type\":\"ImageObject\",\"inLanguage\":\"pt-BR\",\"@id\":\"https:\/\/www.suno.com.br\/noticias\/#\/schema\/logo\/image\/\",\"url\":\"https:\/\/files.sunoresearch.com.br\/n\/uploads\/2021\/09\/suno-logo.png\",\"contentUrl\":\"https:\/\/files.sunoresearch.com.br\/n\/uploads\/2021\/09\/suno-logo.png\",\"width\":180,\"height\":180,\"caption\":\"Suno Not\u00edcias\"},\"image\":{\"@id\":\"https:\/\/www.suno.com.br\/noticias\/#\/schema\/logo\/image\/\"},\"sameAs\":[\"https:\/\/facebook.com\/sunoresearch\",\"https:\/\/x.com\/sunoresearch\",\"https:\/\/www.instagram.com\/suno\",\"https:\/\/www.linkedin.com\/company\/suno-research\/\",\"https:\/\/www.youtube.com\/c\/sunoresearch\"]},{\"@type\":\"Person\",\"@id\":\"https:\/\/www.suno.com.br\/noticias\/#\/schema\/person\/053a750a709a263919a20f976caae91c\",\"name\":\"Arthur Guimar\u00e3es\",\"image\":{\"@type\":\"ImageObject\",\"inLanguage\":\"pt-BR\",\"@id\":\"https:\/\/www.suno.com.br\/noticias\/#\/schema\/person\/image\/\",\"url\":\"https:\/\/secure.gravatar.com\/avatar\/1affd86a11209ae09eb6dd3bcad3e96c?s=96&r=g\",\"contentUrl\":\"https:\/\/secure.gravatar.com\/avatar\/1affd86a11209ae09eb6dd3bcad3e96c?s=96&r=g\",\"caption\":\"Arthur Guimar\u00e3es\"},\"description\":\"Arthur Guimar\u00e3es escreve sobre pol\u00edtica, economia e neg\u00f3cios para o portal de not\u00edcias da Suno Research. Atualmente, \u00e9 estudante de jornalismo pela Faculdade C\u00e1sper L\u00edbero.\",\"url\":\"https:\/\/www.suno.com.br\/noticias\/author\/arthur-guimaraes\/\"}]}<\/script>\n<!-- \/ Yoast SEO plugin. -->","yoast_head_json":{"title":"Vale (VALE3) ir\u00e1 ressarcir R$ 129,5 mi ao INSS por v\u00edtimas de Brumadinho","description":"A AGU fechou acordo com a Vale (VALE3) para que a companhia pague R$ 129,5 milh\u00f5es ao INSS por v\u00edtimas de Brumadinho. Clique para saber mais","robots":{"index":"index","follow":"follow","max-snippet":"max-snippet:-1","max-image-preview":"max-image-preview:large","max-video-preview":"max-video-preview:-1"},"canonical":"https:\/\/www.suno.com.br\/noticias\/vale-vale3-ressarcir-r129mi-vitimas-brumadinho\/","og_locale":"pt_BR","og_type":"article","og_title":"Vale (VALE3) ir\u00e1 ressarcir R$ 129,5 mi ao INSS por v\u00edtimas de Brumadinho","og_description":"A AGU fechou acordo com a Vale (VALE3) para que a companhia pague R$ 129,5 milh\u00f5es ao INSS por v\u00edtimas de Brumadinho. Clique para saber mais","og_url":"https:\/\/www.suno.com.br\/noticias\/vale-vale3-ressarcir-r129mi-vitimas-brumadinho\/","og_site_name":"Suno Not\u00edcias","article_publisher":"https:\/\/facebook.com\/sunoresearch","og_image":[{"width":1024,"height":683,"url":"https:\/\/files.sunoresearch.com.br\/n\/uploads\/2020\/08\/34527406-brumadinho.jpg","type":"image\/jpeg"}],"author":"Arthur Guimar\u00e3es","twitter_card":"summary_large_image","twitter_creator":"@sunoresearch","twitter_site":"@sunoresearch","twitter_misc":{"Escrito por":"Arthur Guimar\u00e3es","Est. tempo de leitura":"2 minutos"},"schema":{"@context":"https:\/\/schema.org","@graph":[{"@type":"NewsArticle","@id":"https:\/\/www.suno.com.br\/noticias\/vale-vale3-ressarcir-r129mi-vitimas-brumadinho\/#article","isPartOf":{"@id":"https:\/\/www.suno.com.br\/noticias\/vale-vale3-ressarcir-r129mi-vitimas-brumadinho\/"},"author":{"name":"Arthur Guimar\u00e3es","@id":"https:\/\/www.suno.com.br\/noticias\/#\/schema\/person\/053a750a709a263919a20f976caae91c"},"headline":"Vale (VALE3) ir\u00e1 ressarcir R$ 129,5 mi ao INSS por v\u00edtimas de Brumadinho","datePublished":"2020-08-03T22:10:53+00:00","dateModified":"2020-08-03T22:14:28+00:00","mainEntityOfPage":{"@id":"https:\/\/www.suno.com.br\/noticias\/vale-vale3-ressarcir-r129mi-vitimas-brumadinho\/"},"wordCount":410,"publisher":{"@id":"https:\/\/www.suno.com.br\/noticias\/#organization"},"image":{"@id":"https:\/\/www.suno.com.br\/noticias\/vale-vale3-ressarcir-r129mi-vitimas-brumadinho\/#primaryimage"},"thumbnailUrl":"https:\/\/files.sunoresearch.com.br\/n\/uploads\/2020\/08\/34527406-brumadinho-jpg.webp","keywords":["AGU","Brumadinho","INSS","Vale (VALE3)"],"articleSection":["Neg\u00f3cios"],"inLanguage":"pt-BR"},{"@type":"WebPage","@id":"https:\/\/www.suno.com.br\/noticias\/vale-vale3-ressarcir-r129mi-vitimas-brumadinho\/","url":"https:\/\/www.suno.com.br\/noticias\/vale-vale3-ressarcir-r129mi-vitimas-brumadinho\/","name":"Vale (VALE3) ir\u00e1 ressarcir R$ 129,5 mi ao INSS por v\u00edtimas de Brumadinho","isPartOf":{"@id":"https:\/\/www.suno.com.br\/noticias\/#website"},"primaryImageOfPage":{"@id":"https:\/\/www.suno.com.br\/noticias\/vale-vale3-ressarcir-r129mi-vitimas-brumadinho\/#primaryimage"},"image":{"@id":"https:\/\/www.suno.com.br\/noticias\/vale-vale3-ressarcir-r129mi-vitimas-brumadinho\/#primaryimage"},"thumbnailUrl":"https:\/\/files.sunoresearch.com.br\/n\/uploads\/2020\/08\/34527406-brumadinho-jpg.webp","datePublished":"2020-08-03T22:10:53+00:00","dateModified":"2020-08-03T22:14:28+00:00","description":"A AGU fechou acordo com a Vale (VALE3) para que a companhia pague R$ 129,5 milh\u00f5es ao INSS por v\u00edtimas de Brumadinho. Clique para saber mais","breadcrumb":{"@id":"https:\/\/www.suno.com.br\/noticias\/vale-vale3-ressarcir-r129mi-vitimas-brumadinho\/#breadcrumb"},"inLanguage":"pt-BR","potentialAction":[{"@type":"ReadAction","target":["https:\/\/www.suno.com.br\/noticias\/vale-vale3-ressarcir-r129mi-vitimas-brumadinho\/"]}]},{"@type":"ImageObject","inLanguage":"pt-BR","@id":"https:\/\/www.suno.com.br\/noticias\/vale-vale3-ressarcir-r129mi-vitimas-brumadinho\/#primaryimage","url":"https:\/\/files.sunoresearch.com.br\/n\/uploads\/2020\/08\/34527406-brumadinho-jpg.webp","contentUrl":"https:\/\/files.sunoresearch.com.br\/n\/uploads\/2020\/08\/34527406-brumadinho-jpg.webp","width":1024,"height":683,"caption":"O rompimento da barragem da Vale em Brumadinho deixou 259 mortos."},{"@type":"BreadcrumbList","@id":"https:\/\/www.suno.com.br\/noticias\/vale-vale3-ressarcir-r129mi-vitimas-brumadinho\/#breadcrumb","itemListElement":[{"@type":"ListItem","position":1,"name":"Not\u00edcias","item":"https:\/\/www.suno.com.br\/noticias\/"},{"@type":"ListItem","position":2,"name":"Neg\u00f3cios","item":"https:\/\/www.suno.com.br\/noticias\/negocios\/"},{"@type":"ListItem","position":3,"name":"Vale (VALE3) ir\u00e1 ressarcir R$ 129,5 mi ao INSS por v\u00edtimas de Brumadinho"}]},{"@type":"WebSite","@id":"https:\/\/www.suno.com.br\/noticias\/#website","url":"https:\/\/www.suno.com.br\/noticias\/","name":"Suno Not\u00edcias","description":"Seu portal de informa\u00e7\u00e3o sobre o mundo dos investimentos","publisher":{"@id":"https:\/\/www.suno.com.br\/noticias\/#organization"},"potentialAction":[{"@type":"SearchAction","target":{"@type":"EntryPoint","urlTemplate":"https:\/\/www.suno.com.br\/noticias\/?s={search_term_string}"},"query-input":{"@type":"PropertyValueSpecification","valueRequired":true,"valueName":"search_term_string"}}],"inLanguage":"pt-BR"},{"@type":"Organization","@id":"https:\/\/www.suno.com.br\/noticias\/#organization","name":"Suno Not\u00edcias","url":"https:\/\/www.suno.com.br\/noticias\/","logo":{"@type":"ImageObject","inLanguage":"pt-BR","@id":"https:\/\/www.suno.com.br\/noticias\/#\/schema\/logo\/image\/","url":"https:\/\/files.sunoresearch.com.br\/n\/uploads\/2021\/09\/suno-logo.png","contentUrl":"https:\/\/files.sunoresearch.com.br\/n\/uploads\/2021\/09\/suno-logo.png","width":180,"height":180,"caption":"Suno Not\u00edcias"},"image":{"@id":"https:\/\/www.suno.com.br\/noticias\/#\/schema\/logo\/image\/"},"sameAs":["https:\/\/facebook.com\/sunoresearch","https:\/\/x.com\/sunoresearch","https:\/\/www.instagram.com\/suno","https:\/\/www.linkedin.com\/company\/suno-research\/","https:\/\/www.youtube.com\/c\/sunoresearch"]},{"@type":"Person","@id":"https:\/\/www.suno.com.br\/noticias\/#\/schema\/person\/053a750a709a263919a20f976caae91c","name":"Arthur Guimar\u00e3es","image":{"@type":"ImageObject","inLanguage":"pt-BR","@id":"https:\/\/www.suno.com.br\/noticias\/#\/schema\/person\/image\/","url":"https:\/\/secure.gravatar.com\/avatar\/1affd86a11209ae09eb6dd3bcad3e96c?s=96&r=g","contentUrl":"https:\/\/secure.gravatar.com\/avatar\/1affd86a11209ae09eb6dd3bcad3e96c?s=96&r=g","caption":"Arthur Guimar\u00e3es"},"description":"Arthur Guimar\u00e3es escreve sobre pol\u00edtica, economia e neg\u00f3cios para o portal de not\u00edcias da Suno Research. Atualmente, \u00e9 estudante de jornalismo pela Faculdade C\u00e1sper L\u00edbero.","url":"https:\/\/www.suno.com.br\/noticias\/author\/arthur-guimaraes\/"}]}},"default_loop_html":"<div class=\"cardsPage__listCard__boxs\"><div class=\"cardsPage__listCard__boxs__img\"><a href=\"https:\/\/www.suno.com.br\/noticias\/vale-vale3-ressarcir-r129mi-vitimas-brumadinho\/\"><img class=\"mask\" src=\"https:\/\/www.suno.com.br\/noticias\/wp-content\/themes\/suno\/resources\/images\/spotlight\/spotlight1img\/bg-mask.png\" alt=\"Image Mask\"\/><img src=\"https:\/\/files.sunoresearch.com.br\/n\/uploads\/2020\/08\/34527406-brumadinho-400x200.webp\" alt=\"Vale (VALE3) ir\u00e1 ressarcir R$ 129,5 mi ao INSS por v\u00edtimas de Brumadinho\"\/><\/a><span class=\"spotlightCategory\"><a href=\"https:\/\/www.suno.com.br\/noticias\/negocios\/\">Neg\u00f3cios<\/a><\/span><\/div><div class=\"cardsPage__listCard__boxs__content\"><a href=\"https:\/\/www.suno.com.br\/noticias\/vale-vale3-ressarcir-r129mi-vitimas-brumadinho\/\"><h2 class=\"content__title\">Vale (VALE3) ir\u00e1 ressarcir R$ 129,5 mi ao INSS por v\u00edtimas de Brumadinho<\/h2><\/a><div class=\"newsContent__article__meta\"><div class=\"newsContent__article__meta__authorBox\"><a href=\"https:\/\/www.suno.com.br\/noticias\/author\/arthur-guimaraes\/\" class=\"authorBox__avatar noMobi\"><img src=\"https:\/\/files.sunoresearch.com.br\/n\/uploads\/2020\/02\/dfb40897-eu-150x150.webp\" alt=\"Arthur Guimar\u00e3es\"><\/a><div class=\"authorBox__name\"><span>por\n\t\t\t<a href=\"https:\/\/www.suno.com.br\/noticias\/author\/arthur-guimaraes\/\"><span itemprop=\"author\">Arthur Guimar\u00e3es<\/span><\/a><\/span><time datetime=\"2020-08-03T19:10:53-03:00\" itemprop=\"datePublished\">03\/08\/2020 19:10<\/time><\/div><\/div><\/div><\/div><\/div>","single_layout":"posts","amp_enabled":true,"_links":{"self":[{"href":"https:\/\/www.suno.com.br\/noticias\/wp-json\/wp\/v2\/posts\/76114"}],"collection":[{"href":"https:\/\/www.suno.com.br\/noticias\/wp-json\/wp\/v2\/posts"}],"about":[{"href":"https:\/\/www.suno.com.br\/noticias\/wp-json\/wp\/v2\/types\/post"}],"author":[{"embeddable":true,"href":"https:\/\/www.suno.com.br\/noticias\/wp-json\/wp\/v2\/users\/35"}],"replies":[{"embeddable":true,"href":"https:\/\/www.suno.com.br\/noticias\/wp-json\/wp\/v2\/comments?post=76114"}],"version-history":[{"count":0,"href":"https:\/\/www.suno.com.br\/noticias\/wp-json\/wp\/v2\/posts\/76114\/revisions"}],"wp:featuredmedia":[{"embeddable":true,"href":"https:\/\/www.suno.com.br\/noticias\/wp-json\/wp\/v2\/media\/76121"}],"wp:attachment":[{"href":"https:\/\/www.suno.com.br\/noticias\/wp-json\/wp\/v2\/media?parent=76114"}],"wp:term":[{"taxonomy":"category","embeddable":true,"href":"https:\/\/www.suno.com.br\/noticias\/wp-json\/wp\/v2\/categories?post=76114"},{"taxonomy":"post_tag","embeddable":true,"href":"https:\/\/www.suno.com.br\/noticias\/wp-json\/wp\/v2\/tags?post=76114"},{"taxonomy":"suno_strategy","embeddable":true,"href":"https:\/\/www.suno.com.br\/noticias\/wp-json\/wp\/v2\/suno_strategy?post=76114"}],"curies":[{"name":"wp","href":"https:\/\/api.w.org\/{rel}","templated":true}]}}