{"id":76090,"date":"2020-08-03T19:06:06","date_gmt":"2020-08-03T22:06:06","guid":{"rendered":"https:\/\/www.suno.com.br\/noticias\/?p=76090"},"modified":"2021-02-18T18:10:34","modified_gmt":"2021-02-18T21:10:34","slug":"fed-federal-reserve-bullard-eua-recuperacao-economica-desacelerou-julho","status":"publish","type":"post","link":"https:\/\/www.suno.com.br\/noticias\/fed-federal-reserve-bullard-eua-recuperacao-economica-desacelerou-julho\/","title":{"rendered":"Fed: recupera\u00e7\u00e3o econ\u00f4mica aparentemente desacelerou em julho"},"content":{"rendered":"<p>O presidente do <a href=\"https:\/\/www.suno.com.br\/artigos\/fed\/\">Federal Reserve (<strong>Fed<\/strong>)<\/a> de St. Louis, James Bullard, informou nessa segunda-feira (3) que a recupera\u00e7\u00e3o econ\u00f4mica dos EUA, relacionada a <a href=\"https:\/\/www.suno.com.br\/artigos\/recessao-economica\/\">recess\u00e3o<\/a> oriunda dos impactos da pandemia do novo coronav\u00edrus (Covid-19), parece ter desacelerado em julho ap\u00f3s ter surpreendido positivamente nos dois meses anteriores.<\/p>\t<div class=\"wrapper-featured-image\">\n\t\t<figure class=\"spotlightImg\">\n\n\t\t\t<picture>\n\t\t\t\t<source media=\"(max-width: 768px)\" srcset=\"https:\/\/files.sunoresearch.com.br\/n\/uploads\/2020\/06\/18371435-federal_reserve-400x200.webp\">\n\t\t\t\t<img loading=\"lazy\" decoding=\"async\" class=\"newsContent__article__imgCapa lazyloadDisabled newsContent__article__imgCapa--noCaption\" src=\"https:\/\/files.sunoresearch.com.br\/n\/uploads\/2020\/06\/18371435-federal_reserve-800x450.webp\" width=\"800\" height=\"450\" alt=\"Fed: recupera\u00e7\u00e3o econ\u00f4mica aparentemente desacelerou em julho\" fetchpriority=high \/>\n\t\t\t<\/picture>\n\n\t\t\t<figcaption class=\"wp-caption-text wp-caption-text--hide\">Federal Reserve (Fed)<\/figcaption>\n\t\t<\/figure>\n\t<\/div>\n\n\n<div class=\"hubspot-form-wrapper\">\n\t<div id=\"single-form-target\"><\/div>\n<\/div>\n\n<p>Enquanto participava de um evento online organizado pela filial do Fed de St. Louis em Memphis, <strong>Bullard<\/strong> ainda destacou a improbabilidade da trajet\u00f3ria da recupera\u00e7\u00e3o econ\u00f4mica do pa\u00eds acontecer de forma uniforme a partir de agora.<\/p>\n<p>O CEO tamb\u00e9m salientou que, ao que parece, o pior para a atividade econ\u00f4mica norte-americana aconteceu em abril.<\/p>\n<blockquote><p><a href=\"https:\/\/lp.suno.com.br\/suno-one\/\">Suno One: acesse gratuitamente eBooks, Minicursos, Artigos e Video Aulas sobre investimentos com um \u00fanico cadastro. Clique para saber mais!<\/a><\/p><\/blockquote>\n<h2>Bullard do Fed indica que economia ainda pode se recuperar em 2020<\/h2>\n<p>Bullard, afirmou em meados de julho que, \u00e0 medida que os <strong>EUA<\/strong> se adaptam \u00e0 pandemia do <strong>coronav\u00edrus<\/strong>, \u00e9 poss\u00edvel que haja uma recupera\u00e7\u00e3o s\u00f3lida da economia e um decl\u00ednio substancial da taxa de desemprego atual.<\/p>\n<p>Em uma apresenta\u00e7\u00e3o ao &#8220;Economic Club of New York&#8221;, Bullard ainda destacou que\u00a0as previs\u00f5es para o segundo trimestre, que sofreram o impacto econ\u00f4mico da pandemia, agora s\u00e3o menos negativas e o mercado de trabalho melhorou mais rapidamente do que o esperado. &#8220;As not\u00edcias macroecon\u00f4micas de maio e junho, divulgadas com atraso, parecem sugerir que abril ser\u00e1 o ponto mais baixo da crise&#8221;, disse o presidente do\u00a0banco central dos EUA.<\/p>\n<p>Entretanto, a atitude otimista de Bullard sobre a economia n\u00e3o \u00e9 compartilhada entre outros membros do banco central. V\u00e1rios funcion\u00e1rios da institui\u00e7\u00e3o monet\u00e1ria disseram que casos crescentes de doen\u00e7as relacionadas ao coronav\u00edrus aumentam a preocupa\u00e7\u00e3o com as perspectivas econ\u00f4micas. V\u00e1rias autoridades disseram que v\u00eaem sinais de que a recupera\u00e7\u00e3o da economia pode estar paralisada, pois partes do pa\u00eds fecham novamente para reduzir a propaga\u00e7\u00e3o do v\u00edrus.<\/p>\n\t<div data-element=\"shortcode-read-more\" class=\"knowMore\">\n\t\t\t\t<span class=\"knowMore__title\">Veja tamb\u00e9m<\/span>\n\t\t\t\t<a class=\"knowMore__link\" href=\"https:\/\/www.suno.com.br\/noticias\/relatorio-fed-indica-cenario-incerto-economia\/\">\n\t\t\tRelat\u00f3rio do Fed indica cen\u00e1rio incerto para a economia\t\t<\/a>\n\t<\/div>\n\n\n<p>O governador do <strong>Fed<\/strong>, Lael Brainard, ofereceu uma vis\u00e3o mais desanimadora em rela\u00e7\u00e3o a Bullard. Brainard disse que &#8220;a incerteza permanecer\u00e1 elevada enquanto a pandemia permanecer sobre a economia&#8221;, acrescentando que &#8220;a recupera\u00e7\u00e3o provavelmente enfrentar\u00e1 obst\u00e1culos \u00e0 atividade reduzida, juntamente com a renda prejudicada entre muitos consumidores e empresas. &#8221;<\/p>\n\t<p>\n\t\t<a href=\"https:\/\/lp.suno.com.br\/planilha-de-controle-de-investimentos\/\" target=\"_blank\" data-element=\"shortcode-suno-banner\" title=\"Banner SUNO, clique e saiba mais\">\n\t\t\t<picture>\n\t\t\t\t<source media=\"(max-width: 500px)\" srcset=\"https:\/\/files.sunoresearch.com.br\/n\/uploads\/2023\/03\/400x300-Controle-de-Investimentos.png\">\n\t\t\t\t<img class=\"newsContent__article__imgCapa newsContent__article__imgCapa--banner\"\n\t\t\t\t\tsrc=\"https:\/\/files.sunoresearch.com.br\/n\/uploads\/2023\/03\/1420x240-Controle-de-Investimentos.png\"\n\t\t\t\t\tdata-promo-id=\"75934\"\t\t\t\t\t\t\t\t\t\twidth='1420' height='240'\t\t\t\t\talt=\"https:\/\/files.sunoresearch.com.br\/n\/uploads\/2023\/03\/1420x240-Controle-de-Investimentos.png\"\n\t\t\t\t>\n\t\t\t<\/picture>\n\t\t<\/a>\n\t<\/p>\n\n\n","protected":false},"excerpt":{"rendered":"<p>O presidente do Federal Reserve (Fed) de St. Louis, James Bullard, informou nessa segunda-feira (3) que a recupera\u00e7\u00e3o econ\u00f4mica dos EUA, relacionada a recess\u00e3o oriunda dos impactos da pandemia do novo coronav\u00edrus (Covid-19), parece ter desacelerado em julho ap\u00f3s ter surpreendido positivamente nos dois meses anteriores. Federal Reserve (Fed) Enquanto participava de um evento online [&hellip;]<\/p>\n","protected":false},"author":39,"featured_media":68960,"comment_status":"closed","ping_status":"closed","sticky":false,"template":"","format":"standard","meta":[],"categories":[63],"tags":[2487,776,91142,2748,1881],"suno_strategy":[],"class_list":["post-76090","post","type-post","status-publish","format-standard","has-post-thumbnail","hentry","category-internacional","tag-coronavirus","tag-federal-reseve-fed","tag-lael-brainard","tag-pandemia","tag-recessao"],"yoast_head":"<!-- This site is optimized with the Yoast SEO plugin v24.4 - https:\/\/yoast.com\/wordpress\/plugins\/seo\/ -->\n<title>Fed: recupera\u00e7\u00e3o econ\u00f4mica aparentemente desacelerou em julho<\/title>\n<meta name=\"description\" content=\"O presidente do Fed de St. Louis disse que a recupera\u00e7\u00e3o econ\u00f4mica dos EUA parece ter desacelerado em julho. Clique aqui para saber mais.\" \/>\n<meta name=\"robots\" content=\"index, follow, max-snippet:-1, max-image-preview:large, max-video-preview:-1\" \/>\n<link rel=\"canonical\" href=\"https:\/\/www.suno.com.br\/noticias\/fed-federal-reserve-bullard-eua-recuperacao-economica-desacelerou-julho\/\" \/>\n<meta property=\"og:locale\" content=\"pt_BR\" \/>\n<meta property=\"og:type\" content=\"article\" \/>\n<meta property=\"og:title\" content=\"Fed: recupera\u00e7\u00e3o econ\u00f4mica aparentemente desacelerou em julho\" \/>\n<meta property=\"og:description\" content=\"O presidente do Fed de St. Louis disse que a recupera\u00e7\u00e3o econ\u00f4mica dos EUA parece ter desacelerado em julho. Clique aqui para saber mais.\" \/>\n<meta property=\"og:url\" content=\"https:\/\/www.suno.com.br\/noticias\/fed-federal-reserve-bullard-eua-recuperacao-economica-desacelerou-julho\/\" \/>\n<meta property=\"og:site_name\" content=\"Suno Not\u00edcias\" \/>\n<meta property=\"article:publisher\" content=\"https:\/\/facebook.com\/sunoresearch\" \/>\n<meta property=\"og:image\" content=\"https:\/\/files.sunoresearch.com.br\/n\/uploads\/2020\/06\/18371435-federal_reserve.jpg\" \/>\n\t<meta property=\"og:image:width\" content=\"969\" \/>\n\t<meta property=\"og:image:height\" content=\"753\" \/>\n\t<meta property=\"og:image:type\" content=\"image\/jpeg\" \/>\n<meta name=\"author\" content=\"Laura Moutinho\" \/>\n<meta name=\"twitter:card\" content=\"summary_large_image\" \/>\n<meta name=\"twitter:creator\" content=\"@sunoresearch\" \/>\n<meta name=\"twitter:site\" content=\"@sunoresearch\" \/>\n<meta name=\"twitter:label1\" content=\"Escrito por\" \/>\n\t<meta name=\"twitter:data1\" content=\"Laura Moutinho\" \/>\n\t<meta name=\"twitter:label2\" content=\"Est. tempo de leitura\" \/>\n\t<meta name=\"twitter:data2\" content=\"2 minutos\" \/>\n<script type=\"application\/ld+json\" class=\"yoast-schema-graph\">{\"@context\":\"https:\/\/schema.org\",\"@graph\":[{\"@type\":\"NewsArticle\",\"@id\":\"https:\/\/www.suno.com.br\/noticias\/fed-federal-reserve-bullard-eua-recuperacao-economica-desacelerou-julho\/#article\",\"isPartOf\":{\"@id\":\"https:\/\/www.suno.com.br\/noticias\/fed-federal-reserve-bullard-eua-recuperacao-economica-desacelerou-julho\/\"},\"author\":{\"name\":\"Laura Moutinho\",\"@id\":\"https:\/\/www.suno.com.br\/noticias\/#\/schema\/person\/3df0d2808748b74496efe5dbeaef2c72\"},\"headline\":\"Fed: recupera\u00e7\u00e3o econ\u00f4mica aparentemente desacelerou em julho\",\"datePublished\":\"2020-08-03T22:06:06+00:00\",\"dateModified\":\"2021-02-18T21:10:34+00:00\",\"mainEntityOfPage\":{\"@id\":\"https:\/\/www.suno.com.br\/noticias\/fed-federal-reserve-bullard-eua-recuperacao-economica-desacelerou-julho\/\"},\"wordCount\":421,\"publisher\":{\"@id\":\"https:\/\/www.suno.com.br\/noticias\/#organization\"},\"image\":{\"@id\":\"https:\/\/www.suno.com.br\/noticias\/fed-federal-reserve-bullard-eua-recuperacao-economica-desacelerou-julho\/#primaryimage\"},\"thumbnailUrl\":\"https:\/\/files.sunoresearch.com.br\/n\/uploads\/2020\/06\/18371435-federal_reserve-jpg.webp\",\"keywords\":[\"coronav\u00edrus\",\"Federal Reserve (FED)\",\"Lael Brainard\",\"pandemia\",\"recess\u00e3o\"],\"articleSection\":[\"Internacional\"],\"inLanguage\":\"pt-BR\"},{\"@type\":\"WebPage\",\"@id\":\"https:\/\/www.suno.com.br\/noticias\/fed-federal-reserve-bullard-eua-recuperacao-economica-desacelerou-julho\/\",\"url\":\"https:\/\/www.suno.com.br\/noticias\/fed-federal-reserve-bullard-eua-recuperacao-economica-desacelerou-julho\/\",\"name\":\"Fed: recupera\u00e7\u00e3o econ\u00f4mica aparentemente desacelerou em julho\",\"isPartOf\":{\"@id\":\"https:\/\/www.suno.com.br\/noticias\/#website\"},\"primaryImageOfPage\":{\"@id\":\"https:\/\/www.suno.com.br\/noticias\/fed-federal-reserve-bullard-eua-recuperacao-economica-desacelerou-julho\/#primaryimage\"},\"image\":{\"@id\":\"https:\/\/www.suno.com.br\/noticias\/fed-federal-reserve-bullard-eua-recuperacao-economica-desacelerou-julho\/#primaryimage\"},\"thumbnailUrl\":\"https:\/\/files.sunoresearch.com.br\/n\/uploads\/2020\/06\/18371435-federal_reserve-jpg.webp\",\"datePublished\":\"2020-08-03T22:06:06+00:00\",\"dateModified\":\"2021-02-18T21:10:34+00:00\",\"description\":\"O presidente do Fed de St. Louis disse que a recupera\u00e7\u00e3o econ\u00f4mica dos EUA parece ter desacelerado em julho. Clique aqui para saber mais.\",\"breadcrumb\":{\"@id\":\"https:\/\/www.suno.com.br\/noticias\/fed-federal-reserve-bullard-eua-recuperacao-economica-desacelerou-julho\/#breadcrumb\"},\"inLanguage\":\"pt-BR\",\"potentialAction\":[{\"@type\":\"ReadAction\",\"target\":[\"https:\/\/www.suno.com.br\/noticias\/fed-federal-reserve-bullard-eua-recuperacao-economica-desacelerou-julho\/\"]}]},{\"@type\":\"ImageObject\",\"inLanguage\":\"pt-BR\",\"@id\":\"https:\/\/www.suno.com.br\/noticias\/fed-federal-reserve-bullard-eua-recuperacao-economica-desacelerou-julho\/#primaryimage\",\"url\":\"https:\/\/files.sunoresearch.com.br\/n\/uploads\/2020\/06\/18371435-federal_reserve-jpg.webp\",\"contentUrl\":\"https:\/\/files.sunoresearch.com.br\/n\/uploads\/2020\/06\/18371435-federal_reserve-jpg.webp\",\"width\":969,\"height\":753,\"caption\":\"Federal Reserve (Fed)\"},{\"@type\":\"BreadcrumbList\",\"@id\":\"https:\/\/www.suno.com.br\/noticias\/fed-federal-reserve-bullard-eua-recuperacao-economica-desacelerou-julho\/#breadcrumb\",\"itemListElement\":[{\"@type\":\"ListItem\",\"position\":1,\"name\":\"Not\u00edcias\",\"item\":\"https:\/\/www.suno.com.br\/noticias\/\"},{\"@type\":\"ListItem\",\"position\":2,\"name\":\"Internacional\",\"item\":\"https:\/\/www.suno.com.br\/noticias\/internacional\/\"},{\"@type\":\"ListItem\",\"position\":3,\"name\":\"Fed: recupera\u00e7\u00e3o econ\u00f4mica aparentemente desacelerou em julho\"}]},{\"@type\":\"WebSite\",\"@id\":\"https:\/\/www.suno.com.br\/noticias\/#website\",\"url\":\"https:\/\/www.suno.com.br\/noticias\/\",\"name\":\"Suno Not\u00edcias\",\"description\":\"Seu portal de informa\u00e7\u00e3o sobre o mundo dos investimentos\",\"publisher\":{\"@id\":\"https:\/\/www.suno.com.br\/noticias\/#organization\"},\"potentialAction\":[{\"@type\":\"SearchAction\",\"target\":{\"@type\":\"EntryPoint\",\"urlTemplate\":\"https:\/\/www.suno.com.br\/noticias\/?s={search_term_string}\"},\"query-input\":{\"@type\":\"PropertyValueSpecification\",\"valueRequired\":true,\"valueName\":\"search_term_string\"}}],\"inLanguage\":\"pt-BR\"},{\"@type\":\"Organization\",\"@id\":\"https:\/\/www.suno.com.br\/noticias\/#organization\",\"name\":\"Suno Not\u00edcias\",\"url\":\"https:\/\/www.suno.com.br\/noticias\/\",\"logo\":{\"@type\":\"ImageObject\",\"inLanguage\":\"pt-BR\",\"@id\":\"https:\/\/www.suno.com.br\/noticias\/#\/schema\/logo\/image\/\",\"url\":\"https:\/\/files.sunoresearch.com.br\/n\/uploads\/2021\/09\/suno-logo.png\",\"contentUrl\":\"https:\/\/files.sunoresearch.com.br\/n\/uploads\/2021\/09\/suno-logo.png\",\"width\":180,\"height\":180,\"caption\":\"Suno Not\u00edcias\"},\"image\":{\"@id\":\"https:\/\/www.suno.com.br\/noticias\/#\/schema\/logo\/image\/\"},\"sameAs\":[\"https:\/\/facebook.com\/sunoresearch\",\"https:\/\/x.com\/sunoresearch\",\"https:\/\/www.instagram.com\/suno\",\"https:\/\/www.linkedin.com\/company\/suno-research\/\",\"https:\/\/www.youtube.com\/c\/sunoresearch\"]},{\"@type\":\"Person\",\"@id\":\"https:\/\/www.suno.com.br\/noticias\/#\/schema\/person\/3df0d2808748b74496efe5dbeaef2c72\",\"name\":\"Laura Moutinho\",\"image\":{\"@type\":\"ImageObject\",\"inLanguage\":\"pt-BR\",\"@id\":\"https:\/\/www.suno.com.br\/noticias\/#\/schema\/person\/image\/\",\"url\":\"https:\/\/secure.gravatar.com\/avatar\/7571c7c8ca3a6fca5e41384ece5557ff?s=96&r=g\",\"contentUrl\":\"https:\/\/secure.gravatar.com\/avatar\/7571c7c8ca3a6fca5e41384ece5557ff?s=96&r=g\",\"caption\":\"Laura Moutinho\"},\"description\":\"Estagi\u00e1ria na Suno Not\u00edcias, escreve not\u00edcias que afetam o mercado financeiro. Estuda administra\u00e7\u00e3o na Universidade Presbiteriana Mackenzie.\",\"url\":\"https:\/\/www.suno.com.br\/noticias\/author\/laura-moutinho\/\"}]}<\/script>\n<!-- \/ Yoast SEO plugin. -->","yoast_head_json":{"title":"Fed: recupera\u00e7\u00e3o econ\u00f4mica aparentemente desacelerou em julho","description":"O presidente do Fed de St. Louis disse que a recupera\u00e7\u00e3o econ\u00f4mica dos EUA parece ter desacelerado em julho. Clique aqui para saber mais.","robots":{"index":"index","follow":"follow","max-snippet":"max-snippet:-1","max-image-preview":"max-image-preview:large","max-video-preview":"max-video-preview:-1"},"canonical":"https:\/\/www.suno.com.br\/noticias\/fed-federal-reserve-bullard-eua-recuperacao-economica-desacelerou-julho\/","og_locale":"pt_BR","og_type":"article","og_title":"Fed: recupera\u00e7\u00e3o econ\u00f4mica aparentemente desacelerou em julho","og_description":"O presidente do Fed de St. Louis disse que a recupera\u00e7\u00e3o econ\u00f4mica dos EUA parece ter desacelerado em julho. Clique aqui para saber mais.","og_url":"https:\/\/www.suno.com.br\/noticias\/fed-federal-reserve-bullard-eua-recuperacao-economica-desacelerou-julho\/","og_site_name":"Suno Not\u00edcias","article_publisher":"https:\/\/facebook.com\/sunoresearch","og_image":[{"width":969,"height":753,"url":"https:\/\/files.sunoresearch.com.br\/n\/uploads\/2020\/06\/18371435-federal_reserve.jpg","type":"image\/jpeg"}],"author":"Laura Moutinho","twitter_card":"summary_large_image","twitter_creator":"@sunoresearch","twitter_site":"@sunoresearch","twitter_misc":{"Escrito por":"Laura Moutinho","Est. tempo de leitura":"2 minutos"},"schema":{"@context":"https:\/\/schema.org","@graph":[{"@type":"NewsArticle","@id":"https:\/\/www.suno.com.br\/noticias\/fed-federal-reserve-bullard-eua-recuperacao-economica-desacelerou-julho\/#article","isPartOf":{"@id":"https:\/\/www.suno.com.br\/noticias\/fed-federal-reserve-bullard-eua-recuperacao-economica-desacelerou-julho\/"},"author":{"name":"Laura Moutinho","@id":"https:\/\/www.suno.com.br\/noticias\/#\/schema\/person\/3df0d2808748b74496efe5dbeaef2c72"},"headline":"Fed: recupera\u00e7\u00e3o econ\u00f4mica aparentemente desacelerou em julho","datePublished":"2020-08-03T22:06:06+00:00","dateModified":"2021-02-18T21:10:34+00:00","mainEntityOfPage":{"@id":"https:\/\/www.suno.com.br\/noticias\/fed-federal-reserve-bullard-eua-recuperacao-economica-desacelerou-julho\/"},"wordCount":421,"publisher":{"@id":"https:\/\/www.suno.com.br\/noticias\/#organization"},"image":{"@id":"https:\/\/www.suno.com.br\/noticias\/fed-federal-reserve-bullard-eua-recuperacao-economica-desacelerou-julho\/#primaryimage"},"thumbnailUrl":"https:\/\/files.sunoresearch.com.br\/n\/uploads\/2020\/06\/18371435-federal_reserve-jpg.webp","keywords":["coronav\u00edrus","Federal Reserve (FED)","Lael Brainard","pandemia","recess\u00e3o"],"articleSection":["Internacional"],"inLanguage":"pt-BR"},{"@type":"WebPage","@id":"https:\/\/www.suno.com.br\/noticias\/fed-federal-reserve-bullard-eua-recuperacao-economica-desacelerou-julho\/","url":"https:\/\/www.suno.com.br\/noticias\/fed-federal-reserve-bullard-eua-recuperacao-economica-desacelerou-julho\/","name":"Fed: recupera\u00e7\u00e3o econ\u00f4mica aparentemente desacelerou em julho","isPartOf":{"@id":"https:\/\/www.suno.com.br\/noticias\/#website"},"primaryImageOfPage":{"@id":"https:\/\/www.suno.com.br\/noticias\/fed-federal-reserve-bullard-eua-recuperacao-economica-desacelerou-julho\/#primaryimage"},"image":{"@id":"https:\/\/www.suno.com.br\/noticias\/fed-federal-reserve-bullard-eua-recuperacao-economica-desacelerou-julho\/#primaryimage"},"thumbnailUrl":"https:\/\/files.sunoresearch.com.br\/n\/uploads\/2020\/06\/18371435-federal_reserve-jpg.webp","datePublished":"2020-08-03T22:06:06+00:00","dateModified":"2021-02-18T21:10:34+00:00","description":"O presidente do Fed de St. Louis disse que a recupera\u00e7\u00e3o econ\u00f4mica dos EUA parece ter desacelerado em julho. Clique aqui para saber mais.","breadcrumb":{"@id":"https:\/\/www.suno.com.br\/noticias\/fed-federal-reserve-bullard-eua-recuperacao-economica-desacelerou-julho\/#breadcrumb"},"inLanguage":"pt-BR","potentialAction":[{"@type":"ReadAction","target":["https:\/\/www.suno.com.br\/noticias\/fed-federal-reserve-bullard-eua-recuperacao-economica-desacelerou-julho\/"]}]},{"@type":"ImageObject","inLanguage":"pt-BR","@id":"https:\/\/www.suno.com.br\/noticias\/fed-federal-reserve-bullard-eua-recuperacao-economica-desacelerou-julho\/#primaryimage","url":"https:\/\/files.sunoresearch.com.br\/n\/uploads\/2020\/06\/18371435-federal_reserve-jpg.webp","contentUrl":"https:\/\/files.sunoresearch.com.br\/n\/uploads\/2020\/06\/18371435-federal_reserve-jpg.webp","width":969,"height":753,"caption":"Federal Reserve (Fed)"},{"@type":"BreadcrumbList","@id":"https:\/\/www.suno.com.br\/noticias\/fed-federal-reserve-bullard-eua-recuperacao-economica-desacelerou-julho\/#breadcrumb","itemListElement":[{"@type":"ListItem","position":1,"name":"Not\u00edcias","item":"https:\/\/www.suno.com.br\/noticias\/"},{"@type":"ListItem","position":2,"name":"Internacional","item":"https:\/\/www.suno.com.br\/noticias\/internacional\/"},{"@type":"ListItem","position":3,"name":"Fed: recupera\u00e7\u00e3o econ\u00f4mica aparentemente desacelerou em julho"}]},{"@type":"WebSite","@id":"https:\/\/www.suno.com.br\/noticias\/#website","url":"https:\/\/www.suno.com.br\/noticias\/","name":"Suno Not\u00edcias","description":"Seu portal de informa\u00e7\u00e3o sobre o mundo dos investimentos","publisher":{"@id":"https:\/\/www.suno.com.br\/noticias\/#organization"},"potentialAction":[{"@type":"SearchAction","target":{"@type":"EntryPoint","urlTemplate":"https:\/\/www.suno.com.br\/noticias\/?s={search_term_string}"},"query-input":{"@type":"PropertyValueSpecification","valueRequired":true,"valueName":"search_term_string"}}],"inLanguage":"pt-BR"},{"@type":"Organization","@id":"https:\/\/www.suno.com.br\/noticias\/#organization","name":"Suno Not\u00edcias","url":"https:\/\/www.suno.com.br\/noticias\/","logo":{"@type":"ImageObject","inLanguage":"pt-BR","@id":"https:\/\/www.suno.com.br\/noticias\/#\/schema\/logo\/image\/","url":"https:\/\/files.sunoresearch.com.br\/n\/uploads\/2021\/09\/suno-logo.png","contentUrl":"https:\/\/files.sunoresearch.com.br\/n\/uploads\/2021\/09\/suno-logo.png","width":180,"height":180,"caption":"Suno Not\u00edcias"},"image":{"@id":"https:\/\/www.suno.com.br\/noticias\/#\/schema\/logo\/image\/"},"sameAs":["https:\/\/facebook.com\/sunoresearch","https:\/\/x.com\/sunoresearch","https:\/\/www.instagram.com\/suno","https:\/\/www.linkedin.com\/company\/suno-research\/","https:\/\/www.youtube.com\/c\/sunoresearch"]},{"@type":"Person","@id":"https:\/\/www.suno.com.br\/noticias\/#\/schema\/person\/3df0d2808748b74496efe5dbeaef2c72","name":"Laura Moutinho","image":{"@type":"ImageObject","inLanguage":"pt-BR","@id":"https:\/\/www.suno.com.br\/noticias\/#\/schema\/person\/image\/","url":"https:\/\/secure.gravatar.com\/avatar\/7571c7c8ca3a6fca5e41384ece5557ff?s=96&r=g","contentUrl":"https:\/\/secure.gravatar.com\/avatar\/7571c7c8ca3a6fca5e41384ece5557ff?s=96&r=g","caption":"Laura Moutinho"},"description":"Estagi\u00e1ria na Suno Not\u00edcias, escreve not\u00edcias que afetam o mercado financeiro. Estuda administra\u00e7\u00e3o na Universidade Presbiteriana Mackenzie.","url":"https:\/\/www.suno.com.br\/noticias\/author\/laura-moutinho\/"}]}},"default_loop_html":"<div class=\"cardsPage__listCard__boxs\"><div class=\"cardsPage__listCard__boxs__img\"><a href=\"https:\/\/www.suno.com.br\/noticias\/fed-federal-reserve-bullard-eua-recuperacao-economica-desacelerou-julho\/\"><img class=\"mask\" src=\"https:\/\/www.suno.com.br\/noticias\/wp-content\/themes\/suno\/resources\/images\/spotlight\/spotlight1img\/bg-mask.png\" alt=\"Image Mask\"\/><img src=\"https:\/\/files.sunoresearch.com.br\/n\/uploads\/2020\/06\/18371435-federal_reserve-400x200.webp\" alt=\"Fed: recupera\u00e7\u00e3o econ\u00f4mica aparentemente desacelerou em julho\"\/><\/a><span class=\"spotlightCategory\"><a href=\"https:\/\/www.suno.com.br\/noticias\/internacional\/\">Internacional<\/a><\/span><\/div><div class=\"cardsPage__listCard__boxs__content\"><a href=\"https:\/\/www.suno.com.br\/noticias\/fed-federal-reserve-bullard-eua-recuperacao-economica-desacelerou-julho\/\"><h2 class=\"content__title\">Fed: recupera\u00e7\u00e3o econ\u00f4mica aparentemente desacelerou em julho<\/h2><\/a><div class=\"newsContent__article__meta\"><div class=\"newsContent__article__meta__authorBox\"><a href=\"https:\/\/www.suno.com.br\/noticias\/author\/laura-moutinho\/\" class=\"authorBox__avatar noMobi\"><img src=\"https:\/\/files.sunoresearch.com.br\/n\/uploads\/2020\/08\/531ff69d-whatsapp-image-2020-08-03-at-14.54.38-150x150.webp\" alt=\"Laura Moutinho\"><\/a><div class=\"authorBox__name\"><span>por\n\t\t\t<a href=\"https:\/\/www.suno.com.br\/noticias\/author\/laura-moutinho\/\"><span itemprop=\"author\">Laura Moutinho<\/span><\/a><\/span><time datetime=\"2020-08-03T19:06:06-03:00\" itemprop=\"datePublished\">03\/08\/2020 19:06<\/time><\/div><\/div><\/div><\/div><\/div>","single_layout":"posts","amp_enabled":true,"_links":{"self":[{"href":"https:\/\/www.suno.com.br\/noticias\/wp-json\/wp\/v2\/posts\/76090"}],"collection":[{"href":"https:\/\/www.suno.com.br\/noticias\/wp-json\/wp\/v2\/posts"}],"about":[{"href":"https:\/\/www.suno.com.br\/noticias\/wp-json\/wp\/v2\/types\/post"}],"author":[{"embeddable":true,"href":"https:\/\/www.suno.com.br\/noticias\/wp-json\/wp\/v2\/users\/39"}],"replies":[{"embeddable":true,"href":"https:\/\/www.suno.com.br\/noticias\/wp-json\/wp\/v2\/comments?post=76090"}],"version-history":[{"count":0,"href":"https:\/\/www.suno.com.br\/noticias\/wp-json\/wp\/v2\/posts\/76090\/revisions"}],"wp:featuredmedia":[{"embeddable":true,"href":"https:\/\/www.suno.com.br\/noticias\/wp-json\/wp\/v2\/media\/68960"}],"wp:attachment":[{"href":"https:\/\/www.suno.com.br\/noticias\/wp-json\/wp\/v2\/media?parent=76090"}],"wp:term":[{"taxonomy":"category","embeddable":true,"href":"https:\/\/www.suno.com.br\/noticias\/wp-json\/wp\/v2\/categories?post=76090"},{"taxonomy":"post_tag","embeddable":true,"href":"https:\/\/www.suno.com.br\/noticias\/wp-json\/wp\/v2\/tags?post=76090"},{"taxonomy":"suno_strategy","embeddable":true,"href":"https:\/\/www.suno.com.br\/noticias\/wp-json\/wp\/v2\/suno_strategy?post=76090"}],"curies":[{"name":"wp","href":"https:\/\/api.w.org\/{rel}","templated":true}]}}