{"id":75953,"date":"2020-08-03T08:55:37","date_gmt":"2020-08-03T11:55:37","guid":{"rendered":"https:\/\/www.suno.com.br\/noticias\/?p=75953"},"modified":"2021-02-18T17:23:31","modified_gmt":"2021-02-18T20:23:31","slug":"boletim-focus-reduz-previsao-de-queda-do-pib-para-contracao-de-566-em-2020-03082020","status":"publish","type":"post","link":"https:\/\/www.suno.com.br\/noticias\/boletim-focus-reduz-previsao-de-queda-do-pib-para-contracao-de-566-em-2020-03082020\/","title":{"rendered":"Boletim Focus reduz previs\u00e3o de queda do PIB para 5,66% em 2020"},"content":{"rendered":"<p>Os respons\u00e1veis pela elabora\u00e7\u00e3o do<strong> <a href=\"https:\/\/www.suno.com.br\/artigos\/relatorio-focus\/\">Boletim Focus<\/a><\/strong> diminu\u00edram, mais uma vez, suas proje\u00e7\u00f5es para a queda do <a href=\"https:\/\/www.suno.com.br\/artigos\/pib-produto-interno-bruto\/\">Produto Interno Bruto (PIB)<\/a> de 2020. A estimativa divulgada nesta segunda-feira (03) \u00e9 de uma contra\u00e7\u00e3o de 5,66% na economia brasileira, ante 5,77% na \u00faltima segunda-feira (27).<\/p>\t<div class=\"wrapper-featured-image\">\n\t\t<figure class=\"spotlightImg\">\n\n\t\t\t<picture>\n\t\t\t\t<source media=\"(max-width: 768px)\" srcset=\"https:\/\/files.sunoresearch.com.br\/n\/uploads\/2019\/01\/cd7fb683-boletim-focus-400x200.webp\">\n\t\t\t\t<img loading=\"lazy\" decoding=\"async\" class=\"newsContent__article__imgCapa lazyloadDisabled newsContent__article__imgCapa--noCaption\" src=\"https:\/\/files.sunoresearch.com.br\/n\/uploads\/2019\/01\/cd7fb683-boletim-focus-800x450.webp\" width=\"800\" height=\"450\" alt=\"Boletim Focus reduz previs\u00e3o de queda do PIB para 5,66% em 2020\" fetchpriority=high \/>\n\t\t\t<\/picture>\n\n\t\t\t<figcaption class=\"wp-caption-text wp-caption-text--hide\">Boletim Focus aumenta previs\u00e3o da Selic em 2021 de 4% para 4,5%<\/figcaption>\n\t\t<\/figure>\n\t<\/div>\n\n\n<p>H\u00e1 quatro semanas, entretanto, o Boletim Focus estimava uma baixa de 6,50%. Essa \u00e9 a quinta semana consecutiva de melhora nas estimativas. No primeiro trimestre deste ano, a economia do Pa\u00eds caiu 1,5%, de acordo com o <strong>Instituto Brasileiro de Geografia e Estat\u00edstica (IBGE)<\/strong>. O resultado do segundo trimestre ser\u00e1 divulgado em 1\u00ba de setembro.<\/p>\n<p>O relat\u00f3rio divulgado pelo <a href=\"https:\/\/www.suno.com.br\/artigos\/bacen\/\"><strong>Banco Central<\/strong> (BC)<\/a> semanalmente, no in\u00edcio do ano, projetava um crescimento de 2,30% da economia do Brasil. Os profissionais do mercado, todavia, n\u00e3o esperavam pelo forte impacto da pandemia do <a href=\"https:\/\/www.suno.com.br\/noticias\/tags\/coronavirus\/\">novo <strong>coronav\u00edrus<\/strong> (Covid-19)<\/a> no Brasil. Para 2021, os economistas permanecem com a estimativa de um crescimento de 3,50% pela nona semana consecutiva.<\/p>\n<p><a href=\"https:\/\/lp.suno.com.br\/suno-one\/\">No Suno One voc\u00ea aprende a fazer seu dinheiro trabalhar para voc\u00ea. Cadastre-se gratuitamente agora!<\/a><\/p>\n<p>Al\u00e9m disso, o relat\u00f3rio permanece com a estimativa de que a <a href=\"https:\/\/www.suno.com.br\/artigos\/taxa-selic\/\">taxa b\u00e1sica de juros da economia (<strong>Selic<\/strong>)<\/a> terminar\u00e1 o ano na casa dos 2%, ainda 0,25% abaixo do atual patamar. A taxa foi cortada em 0,75% pelo <a href=\"https:\/\/www.suno.com.br\/artigos\/copom\/\">Comit\u00ea de Pol\u00edtica Monet\u00e1ria (Copom)<\/a> na \u00faltima reuni\u00e3o, em 17 de junho, trazendo-a para o menor n\u00edvel na s\u00e9rie hist\u00f3rica. A pr\u00f3xima reuni\u00e3o ser\u00e1 no dia 4 de agosto.<\/p>\n<p>O presidente do BC, <a href=\"https:\/\/www.suno.com.br\/tudo-sobre\/roberto-campos-neto\/\">Roberto Campos Neto<\/a>, afirmou, no fim de junho, que <a href=\"https:\/\/www.suno.com.br\/noticias\/campos-neto-ajuste-na-selic-residual\/\">um &#8220;eventual ajuste&#8221; na Selic &#8220;ser\u00e1 residual&#8221;<\/a>.<\/p>\n<h2>IPCA, segundo o Boletim Focus<\/h2>\n<p>A proje\u00e7\u00e3o para o <a href=\"https:\/\/www.suno.com.br\/artigos\/ipca\/\">\u00cdndice Nacional de Pre\u00e7os ao Consumidor Amplo (<strong>IPCA<\/strong>)<\/a> para este ano foi reduzida pelos especialistas. A <a href=\"https:\/\/www.suno.com.br\/artigos\/inflacao\/\"><strong>infla\u00e7\u00e3o<\/strong> de 2020<\/a>, segundo o Focus, ser\u00e1 de 1,63%. H\u00e1 cerca de um m\u00eas, a estimativa era igual, de 1,63%.<\/p>\n<p>Com isso, a eleva\u00e7\u00e3o dos pre\u00e7os continua inferior \u00e0 meta fixada pelo <a href=\"https:\/\/www.suno.com.br\/artigos\/cmn-conselho-monetario-nacional\/\">Conselho Monet\u00e1rio Nacional (<strong>CMN<\/strong>)<\/a> para este ano, de 4%. A meta tem uma toler\u00e2ncia de 1,5 ponto percentual, podendo ir de 2,5% at\u00e9 5,5%.<\/p>\n<p>Em rela\u00e7\u00e3o ao ano que vem, os economistas ouvidos pela autoridade monet\u00e1ria do Brasil esperam uma infla\u00e7\u00e3o de 3%, assim como nas \u00faltimas seis semanas.<\/p>\n<p>O IPCA \u00e9 o indicador oficial da infla\u00e7\u00e3o no Brasil, divulgado pelo IBGE a cada m\u00eas. H\u00e1 ainda o IPCA-15, a pr\u00e9via mensal do indicador.<\/p>\n<p>Confira, em detalhes, as expectativas do mercado para 2020 e 2021, expressas no Boletim Focus.<\/p>\n<h2>2020<\/h2>\n<ul>\n<li><strong>PIB:<\/strong> a estimativa \u00e9 de uma retra\u00e7\u00e3o da economia em 5,66%<\/li>\n<li><strong>IPCA: <\/strong>a proje\u00e7\u00e3o caiu para 1,63%. A meta central para 2020 \u00e9 de 4%, com intervalo de toler\u00e2ncia entre 2,5% e 5,5%.<\/li>\n<li><strong>Taxa Selic:<\/strong> a previs\u00e3o permanece em 2%.<\/li>\n<li><strong>D\u00f3lar:<\/strong> a previs\u00e3o ficou em R$ 5,20.<\/li>\n<li><strong>Balan\u00e7a Comercial:<\/strong> a expectativa para o super\u00e1vit permaneceu em US$ 55 bilh\u00f5es.<\/li>\n<li><strong>Investimento Estrangeiro Direto: <\/strong>os economistas indicaram que ser\u00e1 de US$ 53,75 bilh\u00f5es.<\/li>\n<li><strong><a href=\"https:\/\/www.suno.com.br\/artigos\/deficit-primario\/\">D\u00e9ficit Prim\u00e1rio do PIB<\/a>: <\/strong>a previs\u00e3o caiu para -11,66%.<\/li>\n<li><strong>Resultado Nominal do PIB:\u00a0<\/strong>a expectativa do d\u00e9ficit ficou em -15,25%.<\/li>\n<\/ul>\n\t<div data-element=\"shortcode-read-more\" class=\"knowMore\">\n\t\t\t\t<span class=\"knowMore__title\">Veja Tamb\u00e9m<\/span>\n\t\t\t\t<a class=\"knowMore__link\" href=\"https:\/\/www.suno.com.br\/noticias\/coronavirus-segunda-onda-pib-brasil\/\">\n\t\t\tCoronav\u00edrus: segunda onda pode tombar PIB brasileiro em 9%, diz OCDE\t\t<\/a>\n\t<\/div>\n\n\n<h2>2021<\/h2>\n<ul>\n<li><strong>PIB:<\/strong> a proje\u00e7\u00e3o do crescimento da economia permaneceu em 3,50%.<\/li>\n<li><strong>IPCA: <\/strong>a proje\u00e7\u00e3o ficou em 3%.<\/li>\n<li><strong>Taxa Selic:<\/strong> a estimativa permaneceu em 3%.<\/li>\n<li><strong>D\u00f3lar:<\/strong> os especialistas manteve-se a proje\u00e7\u00e3o para R$ 5,00.<\/li>\n<li><strong>Balan\u00e7a Comercial:<\/strong> a expectativa para o super\u00e1vit caiu para US$ 53,31 bilh\u00f5es.<\/li>\n<li><strong>Investimento Estrangeiro Direto: <\/strong>a previs\u00e3o caiu para R$ 65,96 bilh\u00f5es.<\/li>\n<li><strong>D\u00e9ficit Prim\u00e1rio do PIB: <\/strong>a previs\u00e3o caiu para -2,84%.<\/li>\n<li><strong>Resultado Nominal do PIB:\u00a0<\/strong>a expectativa do <a href=\"https:\/\/www.suno.com.br\/artigos\/deficit-publico\/\">d\u00e9ficit<\/a> manteve em -6,50%.<\/li>\n<\/ul>\n<p>O <strong>Boletim Focus<\/strong> \u00e9 elaborado semanalmente pela autoridade monet\u00e1ria central do Pa\u00eds na base das previs\u00f5es dos analistas das 100 principais institui\u00e7\u00f5es financeiras.<\/p>\n\t<p>\n\t\t<a href=\"https:\/\/lp.suno.com.br\/planilha-de-controle-de-investimentos\/\" target=\"_blank\" data-element=\"shortcode-suno-banner\" title=\"Banner SUNO, clique e saiba mais\">\n\t\t\t<picture>\n\t\t\t\t<source media=\"(max-width: 500px)\" srcset=\"https:\/\/files.sunoresearch.com.br\/n\/uploads\/2023\/03\/400x300-Controle-de-Investimentos.png\">\n\t\t\t\t<img class=\"newsContent__article__imgCapa newsContent__article__imgCapa--banner\"\n\t\t\t\t\tsrc=\"https:\/\/files.sunoresearch.com.br\/n\/uploads\/2023\/03\/1420x240-Controle-de-Investimentos.png\"\n\t\t\t\t\tdata-promo-id=\"75934\"\t\t\t\t\t\t\t\t\t\twidth='1420' height='240'\t\t\t\t\talt=\"https:\/\/files.sunoresearch.com.br\/n\/uploads\/2023\/03\/1420x240-Controle-de-Investimentos.png\"\n\t\t\t\t>\n\t\t\t<\/picture>\n\t\t<\/a>\n\t<\/p>\n\n\n","protected":false},"excerpt":{"rendered":"<p>Os respons\u00e1veis pela elabora\u00e7\u00e3o do Boletim Focus diminu\u00edram, mais uma vez, suas proje\u00e7\u00f5es para a queda do Produto Interno Bruto (PIB) de 2020. A estimativa divulgada nesta segunda-feira (03) \u00e9 de uma contra\u00e7\u00e3o de 5,66% na economia brasileira, ante 5,77% na \u00faltima segunda-feira (27). Boletim Focus aumenta previs\u00e3o da Selic em 2021 de 4% para [&hellip;]<\/p>\n","protected":false},"author":15,"featured_media":10532,"comment_status":"closed","ping_status":"closed","sticky":false,"template":"","format":"standard","meta":[],"categories":[62],"tags":[834,966,807,1752,290],"suno_strategy":[],"class_list":["post-75953","post","type-post","status-publish","format-standard","has-post-thumbnail","hentry","category-economia","tag-boletim-focus","tag-ipca","tag-produto-interno-bruto-pib","tag-taxa-de-juros","tag-taxa-selic"],"yoast_head":"<!-- This site is optimized with the Yoast SEO plugin v24.4 - https:\/\/yoast.com\/wordpress\/plugins\/seo\/ -->\n<title>Boletim Focus reduz previs\u00e3o de queda do PIB em 2020<\/title>\n<meta name=\"description\" content=\"Os respons\u00e1veis pela elabora\u00e7\u00e3o do Boletim Focus diminu\u00edram suas proje\u00e7\u00f5es para a queda do PIB de 2020.Clique aqui e saiba mais\" \/>\n<meta name=\"robots\" content=\"index, follow, max-snippet:-1, max-image-preview:large, max-video-preview:-1\" \/>\n<link rel=\"canonical\" href=\"https:\/\/www.suno.com.br\/noticias\/boletim-focus-reduz-previsao-de-queda-do-pib-para-contracao-de-566-em-2020-03082020\/\" \/>\n<meta property=\"og:locale\" content=\"pt_BR\" \/>\n<meta property=\"og:type\" content=\"article\" \/>\n<meta property=\"og:title\" content=\"Boletim Focus reduz previs\u00e3o de queda do PIB em 2020\" \/>\n<meta property=\"og:description\" content=\"Os respons\u00e1veis pela elabora\u00e7\u00e3o do Boletim Focus diminu\u00edram suas proje\u00e7\u00f5es para a queda do PIB de 2020.Clique aqui e saiba mais\" \/>\n<meta property=\"og:url\" content=\"https:\/\/www.suno.com.br\/noticias\/boletim-focus-reduz-previsao-de-queda-do-pib-para-contracao-de-566-em-2020-03082020\/\" \/>\n<meta property=\"og:site_name\" content=\"Suno Not\u00edcias\" \/>\n<meta property=\"article:publisher\" content=\"https:\/\/facebook.com\/sunoresearch\" \/>\n<meta property=\"og:image\" content=\"https:\/\/files.sunoresearch.com.br\/n\/uploads\/2019\/01\/cd7fb683-boletim-focus.jpg\" \/>\n\t<meta property=\"og:image:width\" content=\"960\" \/>\n\t<meta property=\"og:image:height\" content=\"640\" \/>\n\t<meta property=\"og:image:type\" content=\"image\/jpeg\" \/>\n<meta name=\"author\" content=\"Poliana Santos\" \/>\n<meta name=\"twitter:card\" content=\"summary_large_image\" \/>\n<meta name=\"twitter:creator\" content=\"@sunoresearch\" \/>\n<meta name=\"twitter:site\" content=\"@sunoresearch\" \/>\n<meta name=\"twitter:label1\" content=\"Escrito por\" \/>\n\t<meta name=\"twitter:data1\" content=\"Poliana Santos\" \/>\n\t<meta name=\"twitter:label2\" content=\"Est. tempo de leitura\" \/>\n\t<meta name=\"twitter:data2\" content=\"3 minutos\" \/>\n<script type=\"application\/ld+json\" class=\"yoast-schema-graph\">{\"@context\":\"https:\/\/schema.org\",\"@graph\":[{\"@type\":\"NewsArticle\",\"@id\":\"https:\/\/www.suno.com.br\/noticias\/boletim-focus-reduz-previsao-de-queda-do-pib-para-contracao-de-566-em-2020-03082020\/#article\",\"isPartOf\":{\"@id\":\"https:\/\/www.suno.com.br\/noticias\/boletim-focus-reduz-previsao-de-queda-do-pib-para-contracao-de-566-em-2020-03082020\/\"},\"author\":{\"name\":\"Poliana Santos\",\"@id\":\"https:\/\/www.suno.com.br\/noticias\/#\/schema\/person\/02ec1f752758247878a2bf4abee1aeda\"},\"headline\":\"Boletim Focus reduz previs\u00e3o de queda do PIB para 5,66% em 2020\",\"datePublished\":\"2020-08-03T11:55:37+00:00\",\"dateModified\":\"2021-02-18T20:23:31+00:00\",\"mainEntityOfPage\":{\"@id\":\"https:\/\/www.suno.com.br\/noticias\/boletim-focus-reduz-previsao-de-queda-do-pib-para-contracao-de-566-em-2020-03082020\/\"},\"wordCount\":630,\"publisher\":{\"@id\":\"https:\/\/www.suno.com.br\/noticias\/#organization\"},\"image\":{\"@id\":\"https:\/\/www.suno.com.br\/noticias\/boletim-focus-reduz-previsao-de-queda-do-pib-para-contracao-de-566-em-2020-03082020\/#primaryimage\"},\"thumbnailUrl\":\"https:\/\/files.sunoresearch.com.br\/n\/uploads\/2019\/01\/cd7fb683-boletim-focus-jpg.webp\",\"keywords\":[\"Boletim Focus\",\"IPCA\",\"Produto Interno Bruto (PIB)\",\"taxa de juros\",\"Taxa Selic\"],\"articleSection\":[\"Economia\"],\"inLanguage\":\"pt-BR\"},{\"@type\":\"WebPage\",\"@id\":\"https:\/\/www.suno.com.br\/noticias\/boletim-focus-reduz-previsao-de-queda-do-pib-para-contracao-de-566-em-2020-03082020\/\",\"url\":\"https:\/\/www.suno.com.br\/noticias\/boletim-focus-reduz-previsao-de-queda-do-pib-para-contracao-de-566-em-2020-03082020\/\",\"name\":\"Boletim Focus reduz previs\u00e3o de queda do PIB em 2020\",\"isPartOf\":{\"@id\":\"https:\/\/www.suno.com.br\/noticias\/#website\"},\"primaryImageOfPage\":{\"@id\":\"https:\/\/www.suno.com.br\/noticias\/boletim-focus-reduz-previsao-de-queda-do-pib-para-contracao-de-566-em-2020-03082020\/#primaryimage\"},\"image\":{\"@id\":\"https:\/\/www.suno.com.br\/noticias\/boletim-focus-reduz-previsao-de-queda-do-pib-para-contracao-de-566-em-2020-03082020\/#primaryimage\"},\"thumbnailUrl\":\"https:\/\/files.sunoresearch.com.br\/n\/uploads\/2019\/01\/cd7fb683-boletim-focus-jpg.webp\",\"datePublished\":\"2020-08-03T11:55:37+00:00\",\"dateModified\":\"2021-02-18T20:23:31+00:00\",\"description\":\"Os respons\u00e1veis pela elabora\u00e7\u00e3o do Boletim Focus diminu\u00edram suas proje\u00e7\u00f5es para a queda do PIB de 2020.Clique aqui e saiba mais\",\"breadcrumb\":{\"@id\":\"https:\/\/www.suno.com.br\/noticias\/boletim-focus-reduz-previsao-de-queda-do-pib-para-contracao-de-566-em-2020-03082020\/#breadcrumb\"},\"inLanguage\":\"pt-BR\",\"potentialAction\":[{\"@type\":\"ReadAction\",\"target\":[\"https:\/\/www.suno.com.br\/noticias\/boletim-focus-reduz-previsao-de-queda-do-pib-para-contracao-de-566-em-2020-03082020\/\"]}]},{\"@type\":\"ImageObject\",\"inLanguage\":\"pt-BR\",\"@id\":\"https:\/\/www.suno.com.br\/noticias\/boletim-focus-reduz-previsao-de-queda-do-pib-para-contracao-de-566-em-2020-03082020\/#primaryimage\",\"url\":\"https:\/\/files.sunoresearch.com.br\/n\/uploads\/2019\/01\/cd7fb683-boletim-focus-jpg.webp\",\"contentUrl\":\"https:\/\/files.sunoresearch.com.br\/n\/uploads\/2019\/01\/cd7fb683-boletim-focus-jpg.webp\",\"width\":960,\"height\":640,\"caption\":\"Boletim Focus aumenta previs\u00e3o da Selic em 2021 de 4% para 4,5%\"},{\"@type\":\"BreadcrumbList\",\"@id\":\"https:\/\/www.suno.com.br\/noticias\/boletim-focus-reduz-previsao-de-queda-do-pib-para-contracao-de-566-em-2020-03082020\/#breadcrumb\",\"itemListElement\":[{\"@type\":\"ListItem\",\"position\":1,\"name\":\"Not\u00edcias\",\"item\":\"https:\/\/www.suno.com.br\/noticias\/\"},{\"@type\":\"ListItem\",\"position\":2,\"name\":\"Economia\",\"item\":\"https:\/\/www.suno.com.br\/noticias\/economia\/\"},{\"@type\":\"ListItem\",\"position\":3,\"name\":\"Boletim Focus reduz previs\u00e3o de queda do PIB para 5,66% em 2020\"}]},{\"@type\":\"WebSite\",\"@id\":\"https:\/\/www.suno.com.br\/noticias\/#website\",\"url\":\"https:\/\/www.suno.com.br\/noticias\/\",\"name\":\"Suno Not\u00edcias\",\"description\":\"Seu portal de informa\u00e7\u00e3o sobre o mundo dos investimentos\",\"publisher\":{\"@id\":\"https:\/\/www.suno.com.br\/noticias\/#organization\"},\"potentialAction\":[{\"@type\":\"SearchAction\",\"target\":{\"@type\":\"EntryPoint\",\"urlTemplate\":\"https:\/\/www.suno.com.br\/noticias\/?s={search_term_string}\"},\"query-input\":{\"@type\":\"PropertyValueSpecification\",\"valueRequired\":true,\"valueName\":\"search_term_string\"}}],\"inLanguage\":\"pt-BR\"},{\"@type\":\"Organization\",\"@id\":\"https:\/\/www.suno.com.br\/noticias\/#organization\",\"name\":\"Suno Not\u00edcias\",\"url\":\"https:\/\/www.suno.com.br\/noticias\/\",\"logo\":{\"@type\":\"ImageObject\",\"inLanguage\":\"pt-BR\",\"@id\":\"https:\/\/www.suno.com.br\/noticias\/#\/schema\/logo\/image\/\",\"url\":\"https:\/\/files.sunoresearch.com.br\/n\/uploads\/2021\/09\/suno-logo.png\",\"contentUrl\":\"https:\/\/files.sunoresearch.com.br\/n\/uploads\/2021\/09\/suno-logo.png\",\"width\":180,\"height\":180,\"caption\":\"Suno Not\u00edcias\"},\"image\":{\"@id\":\"https:\/\/www.suno.com.br\/noticias\/#\/schema\/logo\/image\/\"},\"sameAs\":[\"https:\/\/facebook.com\/sunoresearch\",\"https:\/\/x.com\/sunoresearch\",\"https:\/\/www.instagram.com\/suno\",\"https:\/\/www.linkedin.com\/company\/suno-research\/\",\"https:\/\/www.youtube.com\/c\/sunoresearch\"]},{\"@type\":\"Person\",\"@id\":\"https:\/\/www.suno.com.br\/noticias\/#\/schema\/person\/02ec1f752758247878a2bf4abee1aeda\",\"name\":\"Poliana Santos\",\"image\":{\"@type\":\"ImageObject\",\"inLanguage\":\"pt-BR\",\"@id\":\"https:\/\/www.suno.com.br\/noticias\/#\/schema\/person\/image\/\",\"url\":\"https:\/\/secure.gravatar.com\/avatar\/0645bd32f23d87b2130f2b2dff1d3f8d?s=96&r=g\",\"contentUrl\":\"https:\/\/secure.gravatar.com\/avatar\/0645bd32f23d87b2130f2b2dff1d3f8d?s=96&r=g\",\"caption\":\"Poliana Santos\"},\"description\":\"Rep\u00f3rter no Suno Not\u00edcias, com cobertura em mercado financeiro, economia, finan\u00e7as pessoais, renda fixa e varejo. Jornalista formada pela Faculdade C\u00e1sper L\u00edbero e possui passagem na R\u00e1dio Gazeta AM com a produ\u00e7\u00e3o de conte\u00fado sobre economia, pol\u00edtica, sa\u00fade, moda e m\u00fasica. Possui certificado de conclus\u00e3o do curso de An\u00e1lise de Balan\u00e7os pela Funda\u00e7\u00e3o Bradesco, Agenda Brasil pela FAAP, Educa\u00e7\u00e3o Pol\u00edtica por Alexandre Garcia e do Tesouro Direto e Mercado de A\u00e7\u00f5es pela B3.\",\"url\":\"https:\/\/www.suno.com.br\/noticias\/author\/poliana-santos\/\"}]}<\/script>\n<!-- \/ Yoast SEO plugin. -->","yoast_head_json":{"title":"Boletim Focus reduz previs\u00e3o de queda do PIB em 2020","description":"Os respons\u00e1veis pela elabora\u00e7\u00e3o do Boletim Focus diminu\u00edram suas proje\u00e7\u00f5es para a queda do PIB de 2020.Clique aqui e saiba mais","robots":{"index":"index","follow":"follow","max-snippet":"max-snippet:-1","max-image-preview":"max-image-preview:large","max-video-preview":"max-video-preview:-1"},"canonical":"https:\/\/www.suno.com.br\/noticias\/boletim-focus-reduz-previsao-de-queda-do-pib-para-contracao-de-566-em-2020-03082020\/","og_locale":"pt_BR","og_type":"article","og_title":"Boletim Focus reduz previs\u00e3o de queda do PIB em 2020","og_description":"Os respons\u00e1veis pela elabora\u00e7\u00e3o do Boletim Focus diminu\u00edram suas proje\u00e7\u00f5es para a queda do PIB de 2020.Clique aqui e saiba mais","og_url":"https:\/\/www.suno.com.br\/noticias\/boletim-focus-reduz-previsao-de-queda-do-pib-para-contracao-de-566-em-2020-03082020\/","og_site_name":"Suno Not\u00edcias","article_publisher":"https:\/\/facebook.com\/sunoresearch","og_image":[{"width":960,"height":640,"url":"https:\/\/files.sunoresearch.com.br\/n\/uploads\/2019\/01\/cd7fb683-boletim-focus.jpg","type":"image\/jpeg"}],"author":"Poliana Santos","twitter_card":"summary_large_image","twitter_creator":"@sunoresearch","twitter_site":"@sunoresearch","twitter_misc":{"Escrito por":"Poliana Santos","Est. tempo de leitura":"3 minutos"},"schema":{"@context":"https:\/\/schema.org","@graph":[{"@type":"NewsArticle","@id":"https:\/\/www.suno.com.br\/noticias\/boletim-focus-reduz-previsao-de-queda-do-pib-para-contracao-de-566-em-2020-03082020\/#article","isPartOf":{"@id":"https:\/\/www.suno.com.br\/noticias\/boletim-focus-reduz-previsao-de-queda-do-pib-para-contracao-de-566-em-2020-03082020\/"},"author":{"name":"Poliana Santos","@id":"https:\/\/www.suno.com.br\/noticias\/#\/schema\/person\/02ec1f752758247878a2bf4abee1aeda"},"headline":"Boletim Focus reduz previs\u00e3o de queda do PIB para 5,66% em 2020","datePublished":"2020-08-03T11:55:37+00:00","dateModified":"2021-02-18T20:23:31+00:00","mainEntityOfPage":{"@id":"https:\/\/www.suno.com.br\/noticias\/boletim-focus-reduz-previsao-de-queda-do-pib-para-contracao-de-566-em-2020-03082020\/"},"wordCount":630,"publisher":{"@id":"https:\/\/www.suno.com.br\/noticias\/#organization"},"image":{"@id":"https:\/\/www.suno.com.br\/noticias\/boletim-focus-reduz-previsao-de-queda-do-pib-para-contracao-de-566-em-2020-03082020\/#primaryimage"},"thumbnailUrl":"https:\/\/files.sunoresearch.com.br\/n\/uploads\/2019\/01\/cd7fb683-boletim-focus-jpg.webp","keywords":["Boletim Focus","IPCA","Produto Interno Bruto (PIB)","taxa de juros","Taxa Selic"],"articleSection":["Economia"],"inLanguage":"pt-BR"},{"@type":"WebPage","@id":"https:\/\/www.suno.com.br\/noticias\/boletim-focus-reduz-previsao-de-queda-do-pib-para-contracao-de-566-em-2020-03082020\/","url":"https:\/\/www.suno.com.br\/noticias\/boletim-focus-reduz-previsao-de-queda-do-pib-para-contracao-de-566-em-2020-03082020\/","name":"Boletim Focus reduz previs\u00e3o de queda do PIB em 2020","isPartOf":{"@id":"https:\/\/www.suno.com.br\/noticias\/#website"},"primaryImageOfPage":{"@id":"https:\/\/www.suno.com.br\/noticias\/boletim-focus-reduz-previsao-de-queda-do-pib-para-contracao-de-566-em-2020-03082020\/#primaryimage"},"image":{"@id":"https:\/\/www.suno.com.br\/noticias\/boletim-focus-reduz-previsao-de-queda-do-pib-para-contracao-de-566-em-2020-03082020\/#primaryimage"},"thumbnailUrl":"https:\/\/files.sunoresearch.com.br\/n\/uploads\/2019\/01\/cd7fb683-boletim-focus-jpg.webp","datePublished":"2020-08-03T11:55:37+00:00","dateModified":"2021-02-18T20:23:31+00:00","description":"Os respons\u00e1veis pela elabora\u00e7\u00e3o do Boletim Focus diminu\u00edram suas proje\u00e7\u00f5es para a queda do PIB de 2020.Clique aqui e saiba mais","breadcrumb":{"@id":"https:\/\/www.suno.com.br\/noticias\/boletim-focus-reduz-previsao-de-queda-do-pib-para-contracao-de-566-em-2020-03082020\/#breadcrumb"},"inLanguage":"pt-BR","potentialAction":[{"@type":"ReadAction","target":["https:\/\/www.suno.com.br\/noticias\/boletim-focus-reduz-previsao-de-queda-do-pib-para-contracao-de-566-em-2020-03082020\/"]}]},{"@type":"ImageObject","inLanguage":"pt-BR","@id":"https:\/\/www.suno.com.br\/noticias\/boletim-focus-reduz-previsao-de-queda-do-pib-para-contracao-de-566-em-2020-03082020\/#primaryimage","url":"https:\/\/files.sunoresearch.com.br\/n\/uploads\/2019\/01\/cd7fb683-boletim-focus-jpg.webp","contentUrl":"https:\/\/files.sunoresearch.com.br\/n\/uploads\/2019\/01\/cd7fb683-boletim-focus-jpg.webp","width":960,"height":640,"caption":"Boletim Focus aumenta previs\u00e3o da Selic em 2021 de 4% para 4,5%"},{"@type":"BreadcrumbList","@id":"https:\/\/www.suno.com.br\/noticias\/boletim-focus-reduz-previsao-de-queda-do-pib-para-contracao-de-566-em-2020-03082020\/#breadcrumb","itemListElement":[{"@type":"ListItem","position":1,"name":"Not\u00edcias","item":"https:\/\/www.suno.com.br\/noticias\/"},{"@type":"ListItem","position":2,"name":"Economia","item":"https:\/\/www.suno.com.br\/noticias\/economia\/"},{"@type":"ListItem","position":3,"name":"Boletim Focus reduz previs\u00e3o de queda do PIB para 5,66% em 2020"}]},{"@type":"WebSite","@id":"https:\/\/www.suno.com.br\/noticias\/#website","url":"https:\/\/www.suno.com.br\/noticias\/","name":"Suno Not\u00edcias","description":"Seu portal de informa\u00e7\u00e3o sobre o mundo dos investimentos","publisher":{"@id":"https:\/\/www.suno.com.br\/noticias\/#organization"},"potentialAction":[{"@type":"SearchAction","target":{"@type":"EntryPoint","urlTemplate":"https:\/\/www.suno.com.br\/noticias\/?s={search_term_string}"},"query-input":{"@type":"PropertyValueSpecification","valueRequired":true,"valueName":"search_term_string"}}],"inLanguage":"pt-BR"},{"@type":"Organization","@id":"https:\/\/www.suno.com.br\/noticias\/#organization","name":"Suno Not\u00edcias","url":"https:\/\/www.suno.com.br\/noticias\/","logo":{"@type":"ImageObject","inLanguage":"pt-BR","@id":"https:\/\/www.suno.com.br\/noticias\/#\/schema\/logo\/image\/","url":"https:\/\/files.sunoresearch.com.br\/n\/uploads\/2021\/09\/suno-logo.png","contentUrl":"https:\/\/files.sunoresearch.com.br\/n\/uploads\/2021\/09\/suno-logo.png","width":180,"height":180,"caption":"Suno Not\u00edcias"},"image":{"@id":"https:\/\/www.suno.com.br\/noticias\/#\/schema\/logo\/image\/"},"sameAs":["https:\/\/facebook.com\/sunoresearch","https:\/\/x.com\/sunoresearch","https:\/\/www.instagram.com\/suno","https:\/\/www.linkedin.com\/company\/suno-research\/","https:\/\/www.youtube.com\/c\/sunoresearch"]},{"@type":"Person","@id":"https:\/\/www.suno.com.br\/noticias\/#\/schema\/person\/02ec1f752758247878a2bf4abee1aeda","name":"Poliana Santos","image":{"@type":"ImageObject","inLanguage":"pt-BR","@id":"https:\/\/www.suno.com.br\/noticias\/#\/schema\/person\/image\/","url":"https:\/\/secure.gravatar.com\/avatar\/0645bd32f23d87b2130f2b2dff1d3f8d?s=96&r=g","contentUrl":"https:\/\/secure.gravatar.com\/avatar\/0645bd32f23d87b2130f2b2dff1d3f8d?s=96&r=g","caption":"Poliana Santos"},"description":"Rep\u00f3rter no Suno Not\u00edcias, com cobertura em mercado financeiro, economia, finan\u00e7as pessoais, renda fixa e varejo. Jornalista formada pela Faculdade C\u00e1sper L\u00edbero e possui passagem na R\u00e1dio Gazeta AM com a produ\u00e7\u00e3o de conte\u00fado sobre economia, pol\u00edtica, sa\u00fade, moda e m\u00fasica. Possui certificado de conclus\u00e3o do curso de An\u00e1lise de Balan\u00e7os pela Funda\u00e7\u00e3o Bradesco, Agenda Brasil pela FAAP, Educa\u00e7\u00e3o Pol\u00edtica por Alexandre Garcia e do Tesouro Direto e Mercado de A\u00e7\u00f5es pela B3.","url":"https:\/\/www.suno.com.br\/noticias\/author\/poliana-santos\/"}]}},"default_loop_html":"<div class=\"cardsPage__listCard__boxs\"><div class=\"cardsPage__listCard__boxs__img\"><a href=\"https:\/\/www.suno.com.br\/noticias\/boletim-focus-reduz-previsao-de-queda-do-pib-para-contracao-de-566-em-2020-03082020\/\"><img class=\"mask\" src=\"https:\/\/www.suno.com.br\/noticias\/wp-content\/themes\/suno\/resources\/images\/spotlight\/spotlight1img\/bg-mask.png\" alt=\"Image Mask\"\/><img src=\"https:\/\/files.sunoresearch.com.br\/n\/uploads\/2019\/01\/cd7fb683-boletim-focus-400x200.webp\" alt=\"Boletim Focus reduz previs\u00e3o de queda do PIB para 5,66% em 2020\"\/><\/a><span class=\"spotlightCategory\"><a href=\"https:\/\/www.suno.com.br\/noticias\/economia\/\">Economia<\/a><\/span><\/div><div class=\"cardsPage__listCard__boxs__content\"><a href=\"https:\/\/www.suno.com.br\/noticias\/boletim-focus-reduz-previsao-de-queda-do-pib-para-contracao-de-566-em-2020-03082020\/\"><h2 class=\"content__title\">Boletim Focus reduz previs\u00e3o de queda do PIB para 5,66% em 2020<\/h2><\/a><div class=\"newsContent__article__meta\"><div class=\"newsContent__article__meta__authorBox\"><a href=\"https:\/\/www.suno.com.br\/noticias\/author\/poliana-santos\/\" class=\"authorBox__avatar noMobi\"><img src=\"https:\/\/files.sunoresearch.com.br\/n\/uploads\/2020\/08\/7ef34026-whatsapp-image-2020-08-03-at-12.37.57-150x150.webp\" alt=\"Poliana Santos\"><\/a><div class=\"authorBox__name\"><span>por\n\t\t\t<a href=\"https:\/\/www.suno.com.br\/noticias\/author\/poliana-santos\/\"><span itemprop=\"author\">Poliana Santos<\/span><\/a><\/span><time datetime=\"2020-08-03T08:55:37-03:00\" itemprop=\"datePublished\">03\/08\/2020 08:55<\/time><\/div><\/div><\/div><\/div><\/div>","single_layout":"posts","amp_enabled":true,"_links":{"self":[{"href":"https:\/\/www.suno.com.br\/noticias\/wp-json\/wp\/v2\/posts\/75953"}],"collection":[{"href":"https:\/\/www.suno.com.br\/noticias\/wp-json\/wp\/v2\/posts"}],"about":[{"href":"https:\/\/www.suno.com.br\/noticias\/wp-json\/wp\/v2\/types\/post"}],"author":[{"embeddable":true,"href":"https:\/\/www.suno.com.br\/noticias\/wp-json\/wp\/v2\/users\/15"}],"replies":[{"embeddable":true,"href":"https:\/\/www.suno.com.br\/noticias\/wp-json\/wp\/v2\/comments?post=75953"}],"version-history":[{"count":0,"href":"https:\/\/www.suno.com.br\/noticias\/wp-json\/wp\/v2\/posts\/75953\/revisions"}],"wp:featuredmedia":[{"embeddable":true,"href":"https:\/\/www.suno.com.br\/noticias\/wp-json\/wp\/v2\/media\/10532"}],"wp:attachment":[{"href":"https:\/\/www.suno.com.br\/noticias\/wp-json\/wp\/v2\/media?parent=75953"}],"wp:term":[{"taxonomy":"category","embeddable":true,"href":"https:\/\/www.suno.com.br\/noticias\/wp-json\/wp\/v2\/categories?post=75953"},{"taxonomy":"post_tag","embeddable":true,"href":"https:\/\/www.suno.com.br\/noticias\/wp-json\/wp\/v2\/tags?post=75953"},{"taxonomy":"suno_strategy","embeddable":true,"href":"https:\/\/www.suno.com.br\/noticias\/wp-json\/wp\/v2\/suno_strategy?post=75953"}],"curies":[{"name":"wp","href":"https:\/\/api.w.org\/{rel}","templated":true}]}}