{"id":75945,"date":"2020-08-03T08:26:25","date_gmt":"2020-08-03T11:26:25","guid":{"rendered":"https:\/\/www.suno.com.br\/noticias\/?p=75945"},"modified":"2021-02-18T17:28:19","modified_gmt":"2021-02-18T20:28:19","slug":"agenda-balancos-2t20-03082020","status":"publish","type":"post","link":"https:\/\/www.suno.com.br\/noticias\/agenda-balancos-2t20-03082020\/","title":{"rendered":"Confira a agenda de balan\u00e7os trimestrais desta semana"},"content":{"rendered":"<p>Em meio \u00e0s incertezas causadas pelo <a href=\"https:\/\/www.suno.com.br\/noticias\/?s=coronavirus\">coronav\u00edrus<\/a>, os investidores mostram-se atentos aos <b>balan\u00e7os <\/b>corporativos do segundo trimestre deste ano. \u00c9 esperado que os impactos da pandemia tenham se intensificado no fim de mar\u00e7o, pouco contabilizando para o primeiro trimestre.<\/p>\t<div class=\"wrapper-featured-image\">\n\t\t<figure class=\"spotlightImg\">\n\n\t\t\t<picture>\n\t\t\t\t<source media=\"(max-width: 768px)\" srcset=\"https:\/\/files.sunoresearch.com.br\/n\/uploads\/2020\/06\/8b3c2ea1-ibovespa-400x200.webp\">\n\t\t\t\t<img loading=\"lazy\" decoding=\"async\" class=\"newsContent__article__imgCapa lazyloadDisabled newsContent__article__imgCapa--noCaption\" src=\"https:\/\/files.sunoresearch.com.br\/n\/uploads\/2020\/06\/8b3c2ea1-ibovespa-800x450.webp\" width=\"800\" height=\"450\" alt=\"Confira a agenda de balan\u00e7os trimestrais desta semana\" fetchpriority=high \/>\n\t\t\t<\/picture>\n\n\t\t\t<figcaption class=\"wp-caption-text wp-caption-text--hide\">O Ibovespa fechou em queda<\/figcaption>\n\t\t<\/figure>\n\t<\/div>\n\n\n<div class=\"hubspot-form-wrapper\">\n\t<div id=\"single-form-target\"><\/div>\n<\/div>\n\n<p>Com o per\u00edodo de divulga\u00e7\u00f5es iniciado em meados de julho, os balan\u00e7os de abril a junho devem apresentar aos acionistas os impactos gerados pela crise de forma mais ampla, a depender do modelo de neg\u00f3cios e sua exposi\u00e7\u00e3o \u00e0 economia dom\u00e9stica e global.<\/p>\n<p>As empresas listadas na <a href=\"https:\/\/www.suno.com.br\/artigos\/b3\/\">Bolsa de Valores de S\u00e3o Paulo (<strong>B3<\/strong>)<\/a> t\u00eam at\u00e9 o fim de agosto para divulgarem seus n\u00fameros resultantes do segundo trimestre. Veja quais empresas apresentar\u00e3o seus resultados nesta semana:<\/p>\n<table width=\"647\">\n<tbody>\n<tr>\n<td width=\"256\"><strong>Empresa<\/strong><\/td>\n<td width=\"178\"><strong>Ticker<\/strong><\/td>\n<td width=\"213\"><strong>Data<\/strong><\/td>\n<\/tr>\n<tr>\n<td>PetroRio<\/td>\n<td><a href=\"https:\/\/www.suno.com.br\/acoes\/prio3\/\">PRIO3<\/a><\/td>\n<td>3\/8<\/td>\n<\/tr>\n<tr>\n<td>BB Seguridade<\/td>\n<td><a href=\"https:\/\/www.suno.com.br\/acoes\/bbse3\/\">BBSE3<\/a><\/td>\n<td>3\/8<\/td>\n<\/tr>\n<tr>\n<td>Marcopolo<\/td>\n<td><a href=\"https:\/\/www.suno.com.br\/acoes\/pomo3\/\">POMO3<\/a><\/td>\n<td>3\/8<\/td>\n<\/tr>\n<tr>\n<td>Ita\u00fa Unibanco<\/td>\n<td><a href=\"https:\/\/www.suno.com.br\/acoes\/itub4\/\">ITUB4<\/a><\/td>\n<td>3\/8<\/td>\n<\/tr>\n<tr>\n<td>Porto Seguro<\/td>\n<td><a href=\"https:\/\/www.suno.com.br\/acoes\/pssa3\/\">PSSA3<\/a><\/td>\n<td>3\/8<\/td>\n<\/tr>\n<tr>\n<td>Banco Pan<\/td>\n<td><a href=\"https:\/\/www.suno.com.br\/acoes\/bpan4\/\">BPAN4<\/a><\/td>\n<td>4\/8<\/td>\n<\/tr>\n<tr>\n<td>Alpargatas<\/td>\n<td><a href=\"https:\/\/www.suno.com.br\/acoes\/alpa4\/\">ALPA4<\/a><\/td>\n<td>4\/8<\/td>\n<\/tr>\n<tr>\n<td>Iguatemi<\/td>\n<td><a href=\"https:\/\/www.suno.com.br\/acoes\/igta3\/\">IGTA3<\/a><\/td>\n<td>4\/8<\/td>\n<\/tr>\n<tr>\n<td>Enauta<\/td>\n<td><a href=\"https:\/\/www.suno.com.br\/acoes\/enat3\/\">ENAT3<\/a><\/td>\n<td>5\/8<\/td>\n<\/tr>\n<tr>\n<td>Gerdau Metal\u00fargica<\/td>\n<td><a href=\"https:\/\/www.suno.com.br\/acoes\/goau4\/\">GOAU4<\/a><\/td>\n<td>5\/8<\/td>\n<\/tr>\n<tr>\n<td>Gerdau<\/td>\n<td><a href=\"https:\/\/www.suno.com.br\/acoes\/ggbr4\/\">GGBR4<\/a><\/td>\n<td>5\/8<\/td>\n<\/tr>\n<tr>\n<td>Embraer<\/td>\n<td><a href=\"https:\/\/www.suno.com.br\/acoes\/embr3\/\">EMBR3<\/a><\/td>\n<td>5\/8<\/td>\n<\/tr>\n<tr>\n<td><\/td>\n<td><\/td>\n<td><\/td>\n<\/tr>\n<tr>\n<td>Totvs<\/td>\n<td><a href=\"https:\/\/www.suno.com.br\/acoes\/tots3\/\">TOTS3<\/a><\/td>\n<td>5\/8<\/td>\n<\/tr>\n<tr>\n<td>BR Properties<\/td>\n<td><a href=\"https:\/\/www.suno.com.br\/acoes\/brpr3\/\">BRPR3<\/a><\/td>\n<td>5\/8<\/td>\n<\/tr>\n<tr>\n<td>Braskem<\/td>\n<td><a href=\"https:\/\/www.suno.com.br\/acoes\/brkm6\/\">BRKM6<\/a><\/td>\n<td>5\/8<\/td>\n<\/tr>\n<tr>\n<td><\/td>\n<td><\/td>\n<td><\/td>\n<\/tr>\n<tr>\n<td><\/td>\n<td><\/td>\n<td><\/td>\n<\/tr>\n<tr>\n<td>Klabin<\/td>\n<td><a href=\"https:\/\/www.suno.com.br\/acoes\/klbn11\/\">KLBN11<\/a><\/td>\n<td>5\/8<\/td>\n<\/tr>\n<tr>\n<td>SulAm\u00e9rica<\/td>\n<td><a href=\"https:\/\/www.suno.com.br\/acoes\/sula11\/\">SULA11<\/a><\/td>\n<td>5\/8<\/td>\n<\/tr>\n<tr>\n<td>Tegma<\/td>\n<td><a href=\"https:\/\/www.suno.com.br\/acoes\/tgma3\/\">TGMA3<\/a><\/td>\n<td>5\/8<\/td>\n<\/tr>\n<tr>\n<td>AES Tiet\u00ea<\/td>\n<td><a href=\"https:\/\/www.suno.com.br\/acoes\/tiet11\/\">TIET11<\/a><\/td>\n<td>5\/8<\/td>\n<\/tr>\n<tr>\n<td><\/td>\n<td><\/td>\n<td><\/td>\n<\/tr>\n<tr>\n<td><\/td>\n<td><\/td>\n<td><\/td>\n<\/tr>\n<tr>\n<td>Burger King Brasil<\/td>\n<td><a href=\"https:\/\/www.suno.com.br\/acoes\/bkbr3\/\">BKBR3<\/a><\/td>\n<td>6\/8<\/td>\n<\/tr>\n<tr>\n<td><\/td>\n<td><\/td>\n<td><\/td>\n<\/tr>\n<tr>\n<td><\/td>\n<td><\/td>\n<td><\/td>\n<\/tr>\n<tr>\n<td>Tenda<\/td>\n<td><a href=\"https:\/\/www.suno.com.br\/acoes\/tend3\/\">TEND3<\/a><\/td>\n<td>6\/8<\/td>\n<\/tr>\n<tr>\n<td>Triunfo<\/td>\n<td><a href=\"https:\/\/www.suno.com.br\/acoes\/tpis3\/\">TPIS3<\/a><\/td>\n<td>6\/8<\/td>\n<\/tr>\n<tr>\n<td>Unicasa<\/td>\n<td><a href=\"https:\/\/www.suno.com.br\/acoes\/ucas3\/\">UCAS3<\/a><\/td>\n<td>6\/8<\/td>\n<\/tr>\n<tr>\n<td>Ouro Fino<\/td>\n<td><a href=\"https:\/\/www.suno.com.br\/acoes\/ofsa3\/\">OFSA3<\/a><\/td>\n<td>6\/8<\/td>\n<\/tr>\n<tr>\n<td>Banco ABC Brasil<\/td>\n<td><a href=\"https:\/\/www.suno.com.br\/acoes\/abcb4\/\">ABCB4<\/a><\/td>\n<td>6\/8<\/td>\n<\/tr>\n<tr>\n<td><\/td>\n<td><\/td>\n<td><\/td>\n<\/tr>\n<tr>\n<td>Banco do Brasil<\/td>\n<td><a href=\"https:\/\/www.suno.com.br\/acoes\/bbas3\/\">BBAS3<\/a><\/td>\n<td>6\/8<\/td>\n<\/tr>\n<tr>\n<td><\/td>\n<td><\/td>\n<td><\/td>\n<\/tr>\n<tr>\n<td>Banco BMG<\/td>\n<td><a href=\"https:\/\/www.suno.com.br\/acoes\/bmgb4\/\">BMGB4<\/a><\/td>\n<td>6\/8<\/td>\n<\/tr>\n<tr>\n<td>Intermedica<\/td>\n<td><a href=\"https:\/\/www.suno.com.br\/acoes\/gndi3\/\">GNDI3<\/a><\/td>\n<td>6\/8<\/td>\n<\/tr>\n<tr>\n<td><\/td>\n<td><\/td>\n<td><\/td>\n<\/tr>\n<tr>\n<td>Valid<\/td>\n<td><a href=\"https:\/\/www.suno.com.br\/acoes\/vlid3\/\">VLID3<\/a><\/td>\n<td>6\/8<\/td>\n<\/tr>\n<tr>\n<td>M.Dias Branco<\/td>\n<td><a href=\"https:\/\/www.suno.com.br\/acoes\/mdia3\/\">MDIA3<\/a><\/td>\n<td>7\/8<\/td>\n<\/tr>\n<tr>\n<td>Sanepar<\/td>\n<td><a href=\"https:\/\/www.suno.com.br\/acoes\/sapr11\/\">SAPR11<\/a><\/td>\n<td>7\/8<\/td>\n<\/tr>\n<tr>\n<td>BIOMM<\/td>\n<td><a href=\"https:\/\/www.suno.com.br\/acoes\/biom3\/\">BIOM3<\/a><\/td>\n<td>7\/8<\/td>\n<\/tr>\n<tr>\n<td>OSX Brasil<\/td>\n<td><a href=\"https:\/\/www.suno.com.br\/acoes\/osxb3\/\">OSXB3<\/a><\/td>\n<td>7\/8<\/td>\n<\/tr>\n<\/tbody>\n<\/table>\n<p>&nbsp;<\/p>\n<p>A <a href=\"https:\/\/www.suno.com.br\/acoes\/petr4\/?_ga=2.225825950.541289592.1595869253-1574932823.1591033369&amp;_gac=1.213698080.1593201408.EAIaIQobChMIj9rG3KGg6gIVCQuRCh2k9Qx-EAAYASAAEgKnNfD_BwE\"><strong>Petrobras<\/strong> (PETR4)<\/a> informou, na \u00faltima quinta-feira, que teve um <a href=\"https:\/\/www.youtube.com\/watch?v=SFpKkb0-wUc\">preju\u00edzo de R$ 2,713 bilh\u00f5es<\/a> no balan\u00e7o do segundo trimestre de 2020. No primeiro trimestre desse ano, o preju\u00edzo havia sido de R$ 48,5 bilh\u00f5es.<\/p>\n<p>Dessa forma, a estatal reverteu o resultado anotado no segundo trimestre de 2019, quando tinha registrado um <a href=\"https:\/\/www.suno.com.br\/artigos\/lucro-liquido\/\">lucro l\u00edquido<\/a> de R$ 18,866 bilh\u00f5es. Entre abril e junho desse ano, o <a href=\"https:\/\/www.suno.com.br\/artigos\/ebitda-ajustado\/\"><strong>Ebitda<\/strong> (lucro antes de juros, impostos, deprecia\u00e7\u00e3o e amortiza\u00e7\u00e3o) ajustado<\/a> da companhia foi de R$ 24,986 bilh\u00f5es, com uma queda de 23,5% na compara\u00e7\u00e3o anual.<\/p>\n<p>Segundo a companhia, o resultado apresentado no segundo trimestre, \u00e9 relexo, principalmente da &#8220;aus\u00eancia de impairments no trimestre e ao ganho proveniente da exclus\u00e3o do ICMS da base de c\u00e1lculo do PIS\/COFINS ap\u00f3s decis\u00e3o judicial favor\u00e1vel, que teve um efeito de R$ 10,9 bilh\u00f5es no resultado. Excluindo esses fatores, o resultado teria sido pior devido aos impactos da Covid-19 em nossas opera\u00e7\u00f5es, com reflexo nos pre\u00e7os, margens e volumes&#8221;.<\/p>\n<p>A <a href=\"https:\/\/www.suno.com.br\/acoes\/vale3\/\"><strong>Vale<\/strong> (VALE3)<\/a>, por sua vez,\u00a0teve <a href=\"https:\/\/www.suno.com.br\/artigos\/lucro-liquido\/\">lucro l\u00edquido<\/a> de R$ 5,289 bilh\u00f5es no per\u00edodo e, com isso, reverteu o preju\u00edzo apresentado de abril a junho do ano passado, de R$ 384 milh\u00f5es. A <a href=\"https:\/\/www.suno.com.br\/artigos\/o-que-receita-liquida\/\">receita l\u00edquida<\/a> da empresa ficou em R$ 40,4 bilh\u00f5es no segundo trimestre. O valor representa um crescimento de 12,3% frente ao resultado de R$ 36 bilh\u00f5es registrado no mesmo intervalo do ano passado.<\/p>\n\t<div data-element=\"shortcode-read-more\" class=\"knowMore\">\n\t\t\t\t<span class=\"knowMore__title\">Veja tamb\u00e9m<\/span>\n\t\t\t\t<a class=\"knowMore__link\" href=\"https:\/\/www.suno.com.br\/noticias\/vale-vale3-retoma-pagamento-dividendos\/\">\n\t\t\tVale (VALE3) retoma pagamento de dividendos ap\u00f3s 2 anos\t\t<\/a>\n\t<\/div>\n\n\n<p>A companhia informou que seu resultado foi influenciado pela desvaloriza\u00e7\u00e3o do real frente ao d\u00f3lar, al\u00e9m de ter notado um aumento do volume vendido e o maior pre\u00e7o do min\u00e9rio de ferro. Os investimentos da mineradora no segundo trimestre ficaram no valor de US$ 967 milh\u00f5es. Do total, US$ 124 milh\u00f5es foram utilizados para a execu\u00e7\u00e3o de projetos e US$ 843 milh\u00f5es na manuten\u00e7\u00e3o de opera\u00e7\u00f5es.<\/p>\n<p><a href=\"https:\/\/www.suno.com.br\/artigos\/agenda-de-resultados-do-segundo-trimestre-2020-2t20\/\">Saiba mais: Confira a agenda completa de resultados do segundo de trimestre de 2020<\/a><\/p>\n<p><a href=\"https:\/\/www.suno.com.br\/noticias\/pib-do-brasil-pandemia-fmi\/\">Se as proje\u00e7\u00f5es se confirmarem<\/a>, a economia brasileira enfrentar\u00e1 a pior recess\u00e3o do \u00faltimo s\u00e9culo em raz\u00e3o dos efeitos do coronav\u00edrus. A capacidade de resili\u00eancia das empresas dar\u00e1 conduzir\u00e1 os <b>balan\u00e7os <\/b>corporativos ao longo deste ano.<\/p>\n\t<p>\n\t\t<a href=\"https:\/\/lp.suno.com.br\/planilha-de-controle-de-investimentos\/\" target=\"_blank\" data-element=\"shortcode-suno-banner\" title=\"Banner SUNO, clique e saiba mais\">\n\t\t\t<picture>\n\t\t\t\t<source media=\"(max-width: 500px)\" srcset=\"https:\/\/files.sunoresearch.com.br\/n\/uploads\/2023\/03\/400x300-Controle-de-Investimentos.png\">\n\t\t\t\t<img class=\"newsContent__article__imgCapa newsContent__article__imgCapa--banner\"\n\t\t\t\t\tsrc=\"https:\/\/files.sunoresearch.com.br\/n\/uploads\/2023\/03\/1420x240-Controle-de-Investimentos.png\"\n\t\t\t\t\tdata-promo-id=\"75934\"\t\t\t\t\t\t\t\t\t\twidth='1420' height='240'\t\t\t\t\talt=\"https:\/\/files.sunoresearch.com.br\/n\/uploads\/2023\/03\/1420x240-Controle-de-Investimentos.png\"\n\t\t\t\t>\n\t\t\t<\/picture>\n\t\t<\/a>\n\t<\/p>\n\n\n","protected":false},"excerpt":{"rendered":"<p>Em meio \u00e0s incertezas causadas pelo coronav\u00edrus, os investidores mostram-se atentos aos balan\u00e7os corporativos do segundo trimestre deste ano. \u00c9 esperado que os impactos da pandemia tenham se intensificado no fim de mar\u00e7o, pouco contabilizando para o primeiro trimestre. O Ibovespa fechou em queda Com o per\u00edodo de divulga\u00e7\u00f5es iniciado em meados de julho, os [&hellip;]<\/p>\n","protected":false},"author":24,"featured_media":70486,"comment_status":"closed","ping_status":"closed","sticky":false,"template":"","format":"standard","meta":[],"categories":[60],"tags":[1029,370,378,2487,597],"suno_strategy":[],"class_list":["post-75945","post","type-post","status-publish","format-standard","has-post-thumbnail","hentry","category-mercado","tag-balancos-trimestrais","tag-banco-pan-bpan4","tag-bb-seguridade-bbse3","tag-coronavirus","tag-petrorio-prio3"],"yoast_head":"<!-- This site is optimized with the Yoast SEO plugin v24.4 - https:\/\/yoast.com\/wordpress\/plugins\/seo\/ -->\n<title>Balan\u00e7os: confira a agenda de divulga\u00e7\u00f5es desta semana<\/title>\n<meta name=\"description\" content=\"Em meio \u00e0s incertezas causadas pela Covid-19, os investidores mostram-se atentos aos balan\u00e7os do segundo trimestre de 2020. Saiba mais.\" \/>\n<meta name=\"robots\" content=\"index, follow, max-snippet:-1, max-image-preview:large, max-video-preview:-1\" \/>\n<link rel=\"canonical\" href=\"https:\/\/www.suno.com.br\/noticias\/agenda-balancos-2t20-03082020\/\" \/>\n<meta property=\"og:locale\" content=\"pt_BR\" \/>\n<meta property=\"og:type\" content=\"article\" \/>\n<meta property=\"og:title\" content=\"Balan\u00e7os: confira a agenda de divulga\u00e7\u00f5es desta semana\" \/>\n<meta property=\"og:description\" content=\"Em meio \u00e0s incertezas causadas pela Covid-19, os investidores mostram-se atentos aos balan\u00e7os do segundo trimestre de 2020. Saiba mais.\" \/>\n<meta property=\"og:url\" content=\"https:\/\/www.suno.com.br\/noticias\/agenda-balancos-2t20-03082020\/\" \/>\n<meta property=\"og:site_name\" content=\"Suno Not\u00edcias\" \/>\n<meta property=\"article:publisher\" content=\"https:\/\/facebook.com\/sunoresearch\" \/>\n<meta property=\"og:image\" content=\"https:\/\/files.sunoresearch.com.br\/n\/uploads\/2020\/06\/8b3c2ea1-ibovespa.jpg\" \/>\n\t<meta property=\"og:image:width\" content=\"1500\" \/>\n\t<meta property=\"og:image:height\" content=\"1000\" \/>\n\t<meta property=\"og:image:type\" content=\"image\/jpeg\" \/>\n<meta name=\"author\" content=\"Jader Lazarini\" \/>\n<meta name=\"twitter:card\" content=\"summary_large_image\" \/>\n<meta name=\"twitter:creator\" content=\"@sunoresearch\" \/>\n<meta name=\"twitter:site\" content=\"@sunoresearch\" \/>\n<meta name=\"twitter:label1\" content=\"Escrito por\" \/>\n\t<meta name=\"twitter:data1\" content=\"Jader Lazarini\" \/>\n\t<meta name=\"twitter:label2\" content=\"Est. tempo de leitura\" \/>\n\t<meta name=\"twitter:data2\" content=\"3 minutos\" \/>\n<script type=\"application\/ld+json\" class=\"yoast-schema-graph\">{\"@context\":\"https:\/\/schema.org\",\"@graph\":[{\"@type\":\"NewsArticle\",\"@id\":\"https:\/\/www.suno.com.br\/noticias\/agenda-balancos-2t20-03082020\/#article\",\"isPartOf\":{\"@id\":\"https:\/\/www.suno.com.br\/noticias\/agenda-balancos-2t20-03082020\/\"},\"author\":{\"name\":\"Jader Lazarini\",\"@id\":\"https:\/\/www.suno.com.br\/noticias\/#\/schema\/person\/918d79de1f0281f01599b93f9ea6e23f\"},\"headline\":\"Confira a agenda de balan\u00e7os trimestrais desta semana\",\"datePublished\":\"2020-08-03T11:26:25+00:00\",\"dateModified\":\"2021-02-18T20:28:19+00:00\",\"mainEntityOfPage\":{\"@id\":\"https:\/\/www.suno.com.br\/noticias\/agenda-balancos-2t20-03082020\/\"},\"wordCount\":620,\"publisher\":{\"@id\":\"https:\/\/www.suno.com.br\/noticias\/#organization\"},\"image\":{\"@id\":\"https:\/\/www.suno.com.br\/noticias\/agenda-balancos-2t20-03082020\/#primaryimage\"},\"thumbnailUrl\":\"https:\/\/files.sunoresearch.com.br\/n\/uploads\/2020\/06\/8b3c2ea1-ibovespa-jpg.webp\",\"keywords\":[\"balan\u00e7os trimestrais\",\"Banco Pan (BPAN4)\",\"BB Seguridade (BBSE3)\",\"coronav\u00edrus\",\"PetroRio (PRIO3)\"],\"articleSection\":[\"Mercado\"],\"inLanguage\":\"pt-BR\"},{\"@type\":\"WebPage\",\"@id\":\"https:\/\/www.suno.com.br\/noticias\/agenda-balancos-2t20-03082020\/\",\"url\":\"https:\/\/www.suno.com.br\/noticias\/agenda-balancos-2t20-03082020\/\",\"name\":\"Balan\u00e7os: confira a agenda de divulga\u00e7\u00f5es desta semana\",\"isPartOf\":{\"@id\":\"https:\/\/www.suno.com.br\/noticias\/#website\"},\"primaryImageOfPage\":{\"@id\":\"https:\/\/www.suno.com.br\/noticias\/agenda-balancos-2t20-03082020\/#primaryimage\"},\"image\":{\"@id\":\"https:\/\/www.suno.com.br\/noticias\/agenda-balancos-2t20-03082020\/#primaryimage\"},\"thumbnailUrl\":\"https:\/\/files.sunoresearch.com.br\/n\/uploads\/2020\/06\/8b3c2ea1-ibovespa-jpg.webp\",\"datePublished\":\"2020-08-03T11:26:25+00:00\",\"dateModified\":\"2021-02-18T20:28:19+00:00\",\"description\":\"Em meio \u00e0s incertezas causadas pela Covid-19, os investidores mostram-se atentos aos balan\u00e7os do segundo trimestre de 2020. Saiba mais.\",\"breadcrumb\":{\"@id\":\"https:\/\/www.suno.com.br\/noticias\/agenda-balancos-2t20-03082020\/#breadcrumb\"},\"inLanguage\":\"pt-BR\",\"potentialAction\":[{\"@type\":\"ReadAction\",\"target\":[\"https:\/\/www.suno.com.br\/noticias\/agenda-balancos-2t20-03082020\/\"]}]},{\"@type\":\"ImageObject\",\"inLanguage\":\"pt-BR\",\"@id\":\"https:\/\/www.suno.com.br\/noticias\/agenda-balancos-2t20-03082020\/#primaryimage\",\"url\":\"https:\/\/files.sunoresearch.com.br\/n\/uploads\/2020\/06\/8b3c2ea1-ibovespa-jpg.webp\",\"contentUrl\":\"https:\/\/files.sunoresearch.com.br\/n\/uploads\/2020\/06\/8b3c2ea1-ibovespa-jpg.webp\",\"width\":1500,\"height\":1000,\"caption\":\"O Ibovespa fechou em queda\"},{\"@type\":\"BreadcrumbList\",\"@id\":\"https:\/\/www.suno.com.br\/noticias\/agenda-balancos-2t20-03082020\/#breadcrumb\",\"itemListElement\":[{\"@type\":\"ListItem\",\"position\":1,\"name\":\"Not\u00edcias\",\"item\":\"https:\/\/www.suno.com.br\/noticias\/\"},{\"@type\":\"ListItem\",\"position\":2,\"name\":\"Mercado\",\"item\":\"https:\/\/www.suno.com.br\/noticias\/mercado\/\"},{\"@type\":\"ListItem\",\"position\":3,\"name\":\"Confira a agenda de balan\u00e7os trimestrais desta semana\"}]},{\"@type\":\"WebSite\",\"@id\":\"https:\/\/www.suno.com.br\/noticias\/#website\",\"url\":\"https:\/\/www.suno.com.br\/noticias\/\",\"name\":\"Suno Not\u00edcias\",\"description\":\"Seu portal de informa\u00e7\u00e3o sobre o mundo dos investimentos\",\"publisher\":{\"@id\":\"https:\/\/www.suno.com.br\/noticias\/#organization\"},\"potentialAction\":[{\"@type\":\"SearchAction\",\"target\":{\"@type\":\"EntryPoint\",\"urlTemplate\":\"https:\/\/www.suno.com.br\/noticias\/?s={search_term_string}\"},\"query-input\":{\"@type\":\"PropertyValueSpecification\",\"valueRequired\":true,\"valueName\":\"search_term_string\"}}],\"inLanguage\":\"pt-BR\"},{\"@type\":\"Organization\",\"@id\":\"https:\/\/www.suno.com.br\/noticias\/#organization\",\"name\":\"Suno Not\u00edcias\",\"url\":\"https:\/\/www.suno.com.br\/noticias\/\",\"logo\":{\"@type\":\"ImageObject\",\"inLanguage\":\"pt-BR\",\"@id\":\"https:\/\/www.suno.com.br\/noticias\/#\/schema\/logo\/image\/\",\"url\":\"https:\/\/files.sunoresearch.com.br\/n\/uploads\/2021\/09\/suno-logo.png\",\"contentUrl\":\"https:\/\/files.sunoresearch.com.br\/n\/uploads\/2021\/09\/suno-logo.png\",\"width\":180,\"height\":180,\"caption\":\"Suno Not\u00edcias\"},\"image\":{\"@id\":\"https:\/\/www.suno.com.br\/noticias\/#\/schema\/logo\/image\/\"},\"sameAs\":[\"https:\/\/facebook.com\/sunoresearch\",\"https:\/\/x.com\/sunoresearch\",\"https:\/\/www.instagram.com\/suno\",\"https:\/\/www.linkedin.com\/company\/suno-research\/\",\"https:\/\/www.youtube.com\/c\/sunoresearch\"]},{\"@type\":\"Person\",\"@id\":\"https:\/\/www.suno.com.br\/noticias\/#\/schema\/person\/918d79de1f0281f01599b93f9ea6e23f\",\"name\":\"Jader Lazarini\",\"image\":{\"@type\":\"ImageObject\",\"inLanguage\":\"pt-BR\",\"@id\":\"https:\/\/www.suno.com.br\/noticias\/#\/schema\/person\/image\/\",\"url\":\"https:\/\/secure.gravatar.com\/avatar\/3c1ad8caa51589841baeb923fcddea97?s=96&r=g\",\"contentUrl\":\"https:\/\/secure.gravatar.com\/avatar\/3c1ad8caa51589841baeb923fcddea97?s=96&r=g\",\"caption\":\"Jader Lazarini\"},\"description\":\"Jader Lazarini escreve sobre investimentos, finan\u00e7as, economia e neg\u00f3cios. \u00c9 bacharel em Rela\u00e7\u00f5es Internacionais e analista CNPI (2619).\",\"url\":\"https:\/\/www.suno.com.br\/noticias\/author\/jader-lazarini\/\"}]}<\/script>\n<!-- \/ Yoast SEO plugin. -->","yoast_head_json":{"title":"Balan\u00e7os: confira a agenda de divulga\u00e7\u00f5es desta semana","description":"Em meio \u00e0s incertezas causadas pela Covid-19, os investidores mostram-se atentos aos balan\u00e7os do segundo trimestre de 2020. Saiba mais.","robots":{"index":"index","follow":"follow","max-snippet":"max-snippet:-1","max-image-preview":"max-image-preview:large","max-video-preview":"max-video-preview:-1"},"canonical":"https:\/\/www.suno.com.br\/noticias\/agenda-balancos-2t20-03082020\/","og_locale":"pt_BR","og_type":"article","og_title":"Balan\u00e7os: confira a agenda de divulga\u00e7\u00f5es desta semana","og_description":"Em meio \u00e0s incertezas causadas pela Covid-19, os investidores mostram-se atentos aos balan\u00e7os do segundo trimestre de 2020. Saiba mais.","og_url":"https:\/\/www.suno.com.br\/noticias\/agenda-balancos-2t20-03082020\/","og_site_name":"Suno Not\u00edcias","article_publisher":"https:\/\/facebook.com\/sunoresearch","og_image":[{"width":1500,"height":1000,"url":"https:\/\/files.sunoresearch.com.br\/n\/uploads\/2020\/06\/8b3c2ea1-ibovespa.jpg","type":"image\/jpeg"}],"author":"Jader Lazarini","twitter_card":"summary_large_image","twitter_creator":"@sunoresearch","twitter_site":"@sunoresearch","twitter_misc":{"Escrito por":"Jader Lazarini","Est. tempo de leitura":"3 minutos"},"schema":{"@context":"https:\/\/schema.org","@graph":[{"@type":"NewsArticle","@id":"https:\/\/www.suno.com.br\/noticias\/agenda-balancos-2t20-03082020\/#article","isPartOf":{"@id":"https:\/\/www.suno.com.br\/noticias\/agenda-balancos-2t20-03082020\/"},"author":{"name":"Jader Lazarini","@id":"https:\/\/www.suno.com.br\/noticias\/#\/schema\/person\/918d79de1f0281f01599b93f9ea6e23f"},"headline":"Confira a agenda de balan\u00e7os trimestrais desta semana","datePublished":"2020-08-03T11:26:25+00:00","dateModified":"2021-02-18T20:28:19+00:00","mainEntityOfPage":{"@id":"https:\/\/www.suno.com.br\/noticias\/agenda-balancos-2t20-03082020\/"},"wordCount":620,"publisher":{"@id":"https:\/\/www.suno.com.br\/noticias\/#organization"},"image":{"@id":"https:\/\/www.suno.com.br\/noticias\/agenda-balancos-2t20-03082020\/#primaryimage"},"thumbnailUrl":"https:\/\/files.sunoresearch.com.br\/n\/uploads\/2020\/06\/8b3c2ea1-ibovespa-jpg.webp","keywords":["balan\u00e7os trimestrais","Banco Pan (BPAN4)","BB Seguridade (BBSE3)","coronav\u00edrus","PetroRio (PRIO3)"],"articleSection":["Mercado"],"inLanguage":"pt-BR"},{"@type":"WebPage","@id":"https:\/\/www.suno.com.br\/noticias\/agenda-balancos-2t20-03082020\/","url":"https:\/\/www.suno.com.br\/noticias\/agenda-balancos-2t20-03082020\/","name":"Balan\u00e7os: confira a agenda de divulga\u00e7\u00f5es desta semana","isPartOf":{"@id":"https:\/\/www.suno.com.br\/noticias\/#website"},"primaryImageOfPage":{"@id":"https:\/\/www.suno.com.br\/noticias\/agenda-balancos-2t20-03082020\/#primaryimage"},"image":{"@id":"https:\/\/www.suno.com.br\/noticias\/agenda-balancos-2t20-03082020\/#primaryimage"},"thumbnailUrl":"https:\/\/files.sunoresearch.com.br\/n\/uploads\/2020\/06\/8b3c2ea1-ibovespa-jpg.webp","datePublished":"2020-08-03T11:26:25+00:00","dateModified":"2021-02-18T20:28:19+00:00","description":"Em meio \u00e0s incertezas causadas pela Covid-19, os investidores mostram-se atentos aos balan\u00e7os do segundo trimestre de 2020. Saiba mais.","breadcrumb":{"@id":"https:\/\/www.suno.com.br\/noticias\/agenda-balancos-2t20-03082020\/#breadcrumb"},"inLanguage":"pt-BR","potentialAction":[{"@type":"ReadAction","target":["https:\/\/www.suno.com.br\/noticias\/agenda-balancos-2t20-03082020\/"]}]},{"@type":"ImageObject","inLanguage":"pt-BR","@id":"https:\/\/www.suno.com.br\/noticias\/agenda-balancos-2t20-03082020\/#primaryimage","url":"https:\/\/files.sunoresearch.com.br\/n\/uploads\/2020\/06\/8b3c2ea1-ibovespa-jpg.webp","contentUrl":"https:\/\/files.sunoresearch.com.br\/n\/uploads\/2020\/06\/8b3c2ea1-ibovespa-jpg.webp","width":1500,"height":1000,"caption":"O Ibovespa fechou em queda"},{"@type":"BreadcrumbList","@id":"https:\/\/www.suno.com.br\/noticias\/agenda-balancos-2t20-03082020\/#breadcrumb","itemListElement":[{"@type":"ListItem","position":1,"name":"Not\u00edcias","item":"https:\/\/www.suno.com.br\/noticias\/"},{"@type":"ListItem","position":2,"name":"Mercado","item":"https:\/\/www.suno.com.br\/noticias\/mercado\/"},{"@type":"ListItem","position":3,"name":"Confira a agenda de balan\u00e7os trimestrais desta semana"}]},{"@type":"WebSite","@id":"https:\/\/www.suno.com.br\/noticias\/#website","url":"https:\/\/www.suno.com.br\/noticias\/","name":"Suno Not\u00edcias","description":"Seu portal de informa\u00e7\u00e3o sobre o mundo dos investimentos","publisher":{"@id":"https:\/\/www.suno.com.br\/noticias\/#organization"},"potentialAction":[{"@type":"SearchAction","target":{"@type":"EntryPoint","urlTemplate":"https:\/\/www.suno.com.br\/noticias\/?s={search_term_string}"},"query-input":{"@type":"PropertyValueSpecification","valueRequired":true,"valueName":"search_term_string"}}],"inLanguage":"pt-BR"},{"@type":"Organization","@id":"https:\/\/www.suno.com.br\/noticias\/#organization","name":"Suno Not\u00edcias","url":"https:\/\/www.suno.com.br\/noticias\/","logo":{"@type":"ImageObject","inLanguage":"pt-BR","@id":"https:\/\/www.suno.com.br\/noticias\/#\/schema\/logo\/image\/","url":"https:\/\/files.sunoresearch.com.br\/n\/uploads\/2021\/09\/suno-logo.png","contentUrl":"https:\/\/files.sunoresearch.com.br\/n\/uploads\/2021\/09\/suno-logo.png","width":180,"height":180,"caption":"Suno Not\u00edcias"},"image":{"@id":"https:\/\/www.suno.com.br\/noticias\/#\/schema\/logo\/image\/"},"sameAs":["https:\/\/facebook.com\/sunoresearch","https:\/\/x.com\/sunoresearch","https:\/\/www.instagram.com\/suno","https:\/\/www.linkedin.com\/company\/suno-research\/","https:\/\/www.youtube.com\/c\/sunoresearch"]},{"@type":"Person","@id":"https:\/\/www.suno.com.br\/noticias\/#\/schema\/person\/918d79de1f0281f01599b93f9ea6e23f","name":"Jader Lazarini","image":{"@type":"ImageObject","inLanguage":"pt-BR","@id":"https:\/\/www.suno.com.br\/noticias\/#\/schema\/person\/image\/","url":"https:\/\/secure.gravatar.com\/avatar\/3c1ad8caa51589841baeb923fcddea97?s=96&r=g","contentUrl":"https:\/\/secure.gravatar.com\/avatar\/3c1ad8caa51589841baeb923fcddea97?s=96&r=g","caption":"Jader Lazarini"},"description":"Jader Lazarini escreve sobre investimentos, finan\u00e7as, economia e neg\u00f3cios. \u00c9 bacharel em Rela\u00e7\u00f5es Internacionais e analista CNPI (2619).","url":"https:\/\/www.suno.com.br\/noticias\/author\/jader-lazarini\/"}]}},"default_loop_html":"<div class=\"cardsPage__listCard__boxs\"><div class=\"cardsPage__listCard__boxs__img\"><a href=\"https:\/\/www.suno.com.br\/noticias\/agenda-balancos-2t20-03082020\/\"><img class=\"mask\" src=\"https:\/\/www.suno.com.br\/noticias\/wp-content\/themes\/suno\/resources\/images\/spotlight\/spotlight1img\/bg-mask.png\" alt=\"Image Mask\"\/><img src=\"https:\/\/files.sunoresearch.com.br\/n\/uploads\/2020\/06\/8b3c2ea1-ibovespa-400x200.webp\" alt=\"Confira a agenda de balan\u00e7os trimestrais desta semana\"\/><\/a><span class=\"spotlightCategory\"><a href=\"https:\/\/www.suno.com.br\/noticias\/mercado\/\">Mercado<\/a><\/span><\/div><div class=\"cardsPage__listCard__boxs__content\"><a href=\"https:\/\/www.suno.com.br\/noticias\/agenda-balancos-2t20-03082020\/\"><h2 class=\"content__title\">Confira a agenda de balan\u00e7os trimestrais desta semana<\/h2><\/a><div class=\"newsContent__article__meta\"><div class=\"newsContent__article__meta__authorBox\"><a href=\"https:\/\/www.suno.com.br\/noticias\/author\/jader-lazarini\/\" class=\"authorBox__avatar noMobi\"><img src=\"https:\/\/files.sunoresearch.com.br\/n\/uploads\/2021\/01\/178e6598-foto-perfil-2-150x150.jpg\" alt=\"Jader Lazarini\"><\/a><div class=\"authorBox__name\"><span>por\n\t\t\t<a href=\"https:\/\/www.suno.com.br\/noticias\/author\/jader-lazarini\/\"><span itemprop=\"author\">Jader Lazarini<\/span><\/a><\/span><time datetime=\"2020-08-03T08:26:25-03:00\" itemprop=\"datePublished\">03\/08\/2020 08:26<\/time><\/div><\/div><\/div><\/div><\/div>","single_layout":"posts","amp_enabled":true,"_links":{"self":[{"href":"https:\/\/www.suno.com.br\/noticias\/wp-json\/wp\/v2\/posts\/75945"}],"collection":[{"href":"https:\/\/www.suno.com.br\/noticias\/wp-json\/wp\/v2\/posts"}],"about":[{"href":"https:\/\/www.suno.com.br\/noticias\/wp-json\/wp\/v2\/types\/post"}],"author":[{"embeddable":true,"href":"https:\/\/www.suno.com.br\/noticias\/wp-json\/wp\/v2\/users\/24"}],"replies":[{"embeddable":true,"href":"https:\/\/www.suno.com.br\/noticias\/wp-json\/wp\/v2\/comments?post=75945"}],"version-history":[{"count":0,"href":"https:\/\/www.suno.com.br\/noticias\/wp-json\/wp\/v2\/posts\/75945\/revisions"}],"wp:featuredmedia":[{"embeddable":true,"href":"https:\/\/www.suno.com.br\/noticias\/wp-json\/wp\/v2\/media\/70486"}],"wp:attachment":[{"href":"https:\/\/www.suno.com.br\/noticias\/wp-json\/wp\/v2\/media?parent=75945"}],"wp:term":[{"taxonomy":"category","embeddable":true,"href":"https:\/\/www.suno.com.br\/noticias\/wp-json\/wp\/v2\/categories?post=75945"},{"taxonomy":"post_tag","embeddable":true,"href":"https:\/\/www.suno.com.br\/noticias\/wp-json\/wp\/v2\/tags?post=75945"},{"taxonomy":"suno_strategy","embeddable":true,"href":"https:\/\/www.suno.com.br\/noticias\/wp-json\/wp\/v2\/suno_strategy?post=75945"}],"curies":[{"name":"wp","href":"https:\/\/api.w.org\/{rel}","templated":true}]}}