{"id":75897,"date":"2020-08-02T17:27:11","date_gmt":"2020-08-02T20:27:11","guid":{"rendered":"https:\/\/www.suno.com.br\/noticias\/?p=75897"},"modified":"2020-08-02T17:27:11","modified_gmt":"2020-08-02T20:27:11","slug":"spacex-capsula-volta-a-terra-dois-meses","status":"publish","type":"post","link":"https:\/\/www.suno.com.br\/noticias\/spacex-capsula-volta-a-terra-dois-meses\/","title":{"rendered":"SpaceX: c\u00e1psula volta \u00e0 Terra ap\u00f3s dois meses na Esta\u00e7\u00e3o Espacial Internacional"},"content":{"rendered":"<p>A c\u00e1psula Crew Dragon, da <strong>SpaceX<\/strong>, voltou \u00e0 Terra, neste domingo (2), ap\u00f3s dois meses na Esta\u00e7\u00e3o Espacial Internacional (ISS, na sigla em ingl\u00eas). Os astronautas da Nasa, Robert Behnken e Douglas Hurley, compuseram a primeira miss\u00e3o tripulada dos Estados Unidos em nove anos.<\/p>\t<div class=\"wrapper-featured-image\">\n\t\t<figure class=\"spotlightImg\">\n\n\t\t\t<picture>\n\t\t\t\t<source media=\"(max-width: 768px)\" srcset=\"https:\/\/files.sunoresearch.com.br\/n\/uploads\/2020\/08\/8a1b0896-spacex-400x200.webp\">\n\t\t\t\t<img loading=\"lazy\" decoding=\"async\" class=\"newsContent__article__imgCapa lazyloadDisabled newsContent__article__imgCapa--noCaption\" src=\"https:\/\/files.sunoresearch.com.br\/n\/uploads\/2020\/08\/8a1b0896-spacex-800x450.webp\" width=\"800\" height=\"450\" alt=\"SpaceX: c\u00e1psula volta \u00e0 Terra ap\u00f3s dois meses na Esta\u00e7\u00e3o Espacial Internacional\" fetchpriority=high \/>\n\t\t\t<\/picture>\n\n\t\t\t<figcaption class=\"wp-caption-text wp-caption-text--hide\">SpaceX<\/figcaption>\n\t\t<\/figure>\n\t<\/div>\n\n\n\n<p>A nave da SpaceX pousou \u00e0s 15h48 (hor\u00e1rio de Bras\u00edlia) em Pensacola, no estado da Fl\u00f3rida. Os tripulantes pousaram de paraquedas no Golfo do M\u00e9xico e foram resgatados pelo navio Go Navigator.<\/p>\n<p>Os astronautas chegaram \u00e0 <strong>ISS<\/strong> em 31 de maio deste ano e realizaram testes no sistema de controle ambiental espa\u00e7onave, nas telas, controles e propulsores de manobra. A estadia de Behnken e Hurley tamb\u00e9m contou com quatro <em>spacewalks<\/em> &#8212; caminhadas espaciais por fora da Esta\u00e7\u00e3o, para realizar reparos em equipamentos e sistemas.<\/p>\n<p><a href=\"https:\/\/lp.suno.com.br\/suno-one\/\">No Suno One voc\u00ea aprende a fazer seu dinheiro para trabalhar para voc\u00ea. Cadastre-se gratuitamente agora!<\/a><\/p>\n<p>No entanto, o real objetivo da miss\u00e3o, nomeada Demo-2, \u00e9 certificar a capacidade e seguran\u00e7a da c\u00e1psula <strong>Crew Dragon<\/strong> em transportar equipes com seguran\u00e7a entre a Terra e o espa\u00e7o.<\/p>\n<p>Ap\u00f3s a conclus\u00e3o das an\u00e1lises, se a miss\u00e3o for considerada bem sucedida, a empresa do <a href=\"https:\/\/www.suno.com.br\/tudo-sobre\/elon-musk\/\">bilion\u00e1rio <strong>Elon Musk<\/strong><\/a> dar\u00e1 continuidade \u00e0s seis miss\u00f5es &#8220;operacionais&#8221; at\u00e9 a ISS que comp\u00f5em o contrato de US$ 2,6 bilh\u00f5es (cerca de R$ 13,58 bilh\u00f5es) com a Nasa. De acordo com a institui\u00e7\u00e3o norte-americana, o processo da conclus\u00e3o dos estudos durar\u00e1 seis semanas.<\/p>\n<p>A Boeing tamb\u00e9m possui um contrato parecido, avaliado em US$ 4,2 bilh\u00f5es (aproximadamente R$ 22 bilh\u00f5es) para conduziu tripulantes \u00e0 esta\u00e7\u00e3o espacial usando seu ve\u00edculo CST-100 Starliner.<\/p>\n<p>A at\u00e9 ent\u00e3o bem sucedida miss\u00e3o da nave da SpaceX pode dar espa\u00e7o para futuras viagens da companhia, inclusive de cunho tur\u00edstico. Em algumas oportunidades, Musk, que criou a empresa em 2002, j\u00e1 disse que quer transformar a humanidade em uma esp\u00e9cie multi-planet\u00e1ria. O empres\u00e1rio quer possibilitar a coloniza\u00e7\u00e3o de Marte at\u00e9 2050.<\/p>\n<p class=\"twitter-tweet\">\n<p dir=\"ltr\" lang=\"en\">Good splashdown of Dragon confirmed! Welcome back to Earth, <a href=\"https:\/\/twitter.com\/AstroBehnken?ref_src=twsrc%5Etfw\">@AstroBehnken<\/a> and <a href=\"https:\/\/twitter.com\/Astro_Doug?ref_src=twsrc%5Etfw\">@Astro_Doug<\/a>! <a href=\"https:\/\/t.co\/0vAS3CcK9P\">pic.twitter.com\/0vAS3CcK9P<\/a><\/p>\n<p>\u2014 SpaceX (@SpaceX) <a href=\"https:\/\/twitter.com\/SpaceX\/status\/1289996815824117760?ref_src=twsrc%5Etfw\">August 2, 2020<\/a><\/p>\n<p><script async src=\"https:\/\/platform.twitter.com\/widgets.js\" charset=\"utf-8\"><\/script><\/p>\n<p>O projeto da empresa privada junto \u00e0 <strong>Nasa<\/strong> teve in\u00edcio sob do governo do ex-presidente estadunidense Barack Obama, concedendo o diretos a companhias n\u00e3o estatais para fabricar foguetes para transportar astronautas.<\/p>\n<p><a href=\"https:\/\/www.suno.com.br\/noticias\/spacex-planeja-arrecadar-ate-us-1-bi-valuation-us-44-bi\/\">Saiba mais: SpaceX planeja arrecadar at\u00e9 US$ 1 bi, com valuation de US$ 44 bi<\/a><\/p>\n<p>A <strong>SpaceX<\/strong> estima realizar uma viagem tripulada \u00e0 Lua em 2023. O bilion\u00e1rio japon\u00eas Yusaku Maezawa, que vendeu a gigante do varejo asi\u00e1tico Zozotown ao Yahoo!, foi anunciado em 2018 como o primeiro passageiro da futura miss\u00e3o.<\/p>\n\n","protected":false},"excerpt":{"rendered":"<p>A c\u00e1psula Crew Dragon, da SpaceX, voltou \u00e0 Terra, neste domingo (2), ap\u00f3s dois meses na Esta\u00e7\u00e3o Espacial Internacional (ISS, na sigla em ingl\u00eas). Os astronautas da Nasa, Robert Behnken e Douglas Hurley, compuseram a primeira miss\u00e3o tripulada dos Estados Unidos em nove anos. SpaceX A nave da SpaceX pousou \u00e0s 15h48 (hor\u00e1rio de Bras\u00edlia) [&hellip;]<\/p>\n","protected":false},"author":24,"featured_media":75898,"comment_status":"closed","ping_status":"closed","sticky":false,"template":"","format":"standard","meta":[],"categories":[63],"tags":[726,41159,970],"suno_strategy":[],"class_list":["post-75897","post","type-post","status-publish","format-standard","has-post-thumbnail","hentry","category-internacional","tag-elon-musk","tag-nasa","tag-spacex"],"yoast_head":"<!-- This site is optimized with the Yoast SEO plugin v24.4 - https:\/\/yoast.com\/wordpress\/plugins\/seo\/ -->\n<title>SpaceX: c\u00e1psula volta \u00e0 Terra ap\u00f3s dois meses na Esta\u00e7\u00e3o Espacial<\/title>\n<meta name=\"description\" content=\"A c\u00e1psula Crew Dragon, da SpaceX, voltou \u00e0 Terra, neste domingo (2), ap\u00f3s dois meses na Esta\u00e7\u00e3o Espacial Internacional. Saiba mais.\" \/>\n<meta name=\"robots\" content=\"index, follow, max-snippet:-1, max-image-preview:large, max-video-preview:-1\" \/>\n<link rel=\"canonical\" href=\"https:\/\/www.suno.com.br\/noticias\/spacex-capsula-volta-a-terra-dois-meses\/\" \/>\n<meta property=\"og:locale\" content=\"pt_BR\" \/>\n<meta property=\"og:type\" content=\"article\" \/>\n<meta property=\"og:title\" content=\"SpaceX: c\u00e1psula volta \u00e0 Terra ap\u00f3s dois meses na Esta\u00e7\u00e3o Espacial\" \/>\n<meta property=\"og:description\" content=\"A c\u00e1psula Crew Dragon, da SpaceX, voltou \u00e0 Terra, neste domingo (2), ap\u00f3s dois meses na Esta\u00e7\u00e3o Espacial Internacional. Saiba mais.\" \/>\n<meta property=\"og:url\" content=\"https:\/\/www.suno.com.br\/noticias\/spacex-capsula-volta-a-terra-dois-meses\/\" \/>\n<meta property=\"og:site_name\" content=\"Suno Not\u00edcias\" \/>\n<meta property=\"article:publisher\" content=\"https:\/\/facebook.com\/sunoresearch\" \/>\n<meta property=\"og:image\" content=\"https:\/\/files.sunoresearch.com.br\/n\/uploads\/2020\/08\/8a1b0896-spacex.jpg\" \/>\n\t<meta property=\"og:image:width\" content=\"1980\" \/>\n\t<meta property=\"og:image:height\" content=\"898\" \/>\n\t<meta property=\"og:image:type\" content=\"image\/jpeg\" \/>\n<meta name=\"author\" content=\"Jader Lazarini\" \/>\n<meta name=\"twitter:card\" content=\"summary_large_image\" \/>\n<meta name=\"twitter:creator\" content=\"@sunoresearch\" \/>\n<meta name=\"twitter:site\" content=\"@sunoresearch\" \/>\n<meta name=\"twitter:label1\" content=\"Escrito por\" \/>\n\t<meta name=\"twitter:data1\" content=\"Jader Lazarini\" \/>\n\t<meta name=\"twitter:label2\" content=\"Est. tempo de leitura\" \/>\n\t<meta name=\"twitter:data2\" content=\"2 minutos\" \/>\n<script type=\"application\/ld+json\" class=\"yoast-schema-graph\">{\"@context\":\"https:\/\/schema.org\",\"@graph\":[{\"@type\":\"NewsArticle\",\"@id\":\"https:\/\/www.suno.com.br\/noticias\/spacex-capsula-volta-a-terra-dois-meses\/#article\",\"isPartOf\":{\"@id\":\"https:\/\/www.suno.com.br\/noticias\/spacex-capsula-volta-a-terra-dois-meses\/\"},\"author\":{\"name\":\"Jader Lazarini\",\"@id\":\"https:\/\/www.suno.com.br\/noticias\/#\/schema\/person\/918d79de1f0281f01599b93f9ea6e23f\"},\"headline\":\"SpaceX: c\u00e1psula volta \u00e0 Terra ap\u00f3s dois meses na Esta\u00e7\u00e3o Espacial Internacional\",\"datePublished\":\"2020-08-02T20:27:11+00:00\",\"mainEntityOfPage\":{\"@id\":\"https:\/\/www.suno.com.br\/noticias\/spacex-capsula-volta-a-terra-dois-meses\/\"},\"wordCount\":468,\"publisher\":{\"@id\":\"https:\/\/www.suno.com.br\/noticias\/#organization\"},\"image\":{\"@id\":\"https:\/\/www.suno.com.br\/noticias\/spacex-capsula-volta-a-terra-dois-meses\/#primaryimage\"},\"thumbnailUrl\":\"https:\/\/files.sunoresearch.com.br\/n\/uploads\/2020\/08\/8a1b0896-spacex-jpg.webp\",\"keywords\":[\"Elon Musk\",\"NASA\",\"SpaceX\"],\"articleSection\":[\"Internacional\"],\"inLanguage\":\"pt-BR\"},{\"@type\":\"WebPage\",\"@id\":\"https:\/\/www.suno.com.br\/noticias\/spacex-capsula-volta-a-terra-dois-meses\/\",\"url\":\"https:\/\/www.suno.com.br\/noticias\/spacex-capsula-volta-a-terra-dois-meses\/\",\"name\":\"SpaceX: c\u00e1psula volta \u00e0 Terra ap\u00f3s dois meses na Esta\u00e7\u00e3o Espacial\",\"isPartOf\":{\"@id\":\"https:\/\/www.suno.com.br\/noticias\/#website\"},\"primaryImageOfPage\":{\"@id\":\"https:\/\/www.suno.com.br\/noticias\/spacex-capsula-volta-a-terra-dois-meses\/#primaryimage\"},\"image\":{\"@id\":\"https:\/\/www.suno.com.br\/noticias\/spacex-capsula-volta-a-terra-dois-meses\/#primaryimage\"},\"thumbnailUrl\":\"https:\/\/files.sunoresearch.com.br\/n\/uploads\/2020\/08\/8a1b0896-spacex-jpg.webp\",\"datePublished\":\"2020-08-02T20:27:11+00:00\",\"description\":\"A c\u00e1psula Crew Dragon, da SpaceX, voltou \u00e0 Terra, neste domingo (2), ap\u00f3s dois meses na Esta\u00e7\u00e3o Espacial Internacional. Saiba mais.\",\"breadcrumb\":{\"@id\":\"https:\/\/www.suno.com.br\/noticias\/spacex-capsula-volta-a-terra-dois-meses\/#breadcrumb\"},\"inLanguage\":\"pt-BR\",\"potentialAction\":[{\"@type\":\"ReadAction\",\"target\":[\"https:\/\/www.suno.com.br\/noticias\/spacex-capsula-volta-a-terra-dois-meses\/\"]}]},{\"@type\":\"ImageObject\",\"inLanguage\":\"pt-BR\",\"@id\":\"https:\/\/www.suno.com.br\/noticias\/spacex-capsula-volta-a-terra-dois-meses\/#primaryimage\",\"url\":\"https:\/\/files.sunoresearch.com.br\/n\/uploads\/2020\/08\/8a1b0896-spacex-jpg.webp\",\"contentUrl\":\"https:\/\/files.sunoresearch.com.br\/n\/uploads\/2020\/08\/8a1b0896-spacex-jpg.webp\",\"width\":1980,\"height\":898,\"caption\":\"SpaceX\"},{\"@type\":\"BreadcrumbList\",\"@id\":\"https:\/\/www.suno.com.br\/noticias\/spacex-capsula-volta-a-terra-dois-meses\/#breadcrumb\",\"itemListElement\":[{\"@type\":\"ListItem\",\"position\":1,\"name\":\"Not\u00edcias\",\"item\":\"https:\/\/www.suno.com.br\/noticias\/\"},{\"@type\":\"ListItem\",\"position\":2,\"name\":\"Internacional\",\"item\":\"https:\/\/www.suno.com.br\/noticias\/internacional\/\"},{\"@type\":\"ListItem\",\"position\":3,\"name\":\"SpaceX: c\u00e1psula volta \u00e0 Terra ap\u00f3s dois meses na Esta\u00e7\u00e3o Espacial Internacional\"}]},{\"@type\":\"WebSite\",\"@id\":\"https:\/\/www.suno.com.br\/noticias\/#website\",\"url\":\"https:\/\/www.suno.com.br\/noticias\/\",\"name\":\"Suno Not\u00edcias\",\"description\":\"Seu portal de informa\u00e7\u00e3o sobre o mundo dos investimentos\",\"publisher\":{\"@id\":\"https:\/\/www.suno.com.br\/noticias\/#organization\"},\"potentialAction\":[{\"@type\":\"SearchAction\",\"target\":{\"@type\":\"EntryPoint\",\"urlTemplate\":\"https:\/\/www.suno.com.br\/noticias\/?s={search_term_string}\"},\"query-input\":{\"@type\":\"PropertyValueSpecification\",\"valueRequired\":true,\"valueName\":\"search_term_string\"}}],\"inLanguage\":\"pt-BR\"},{\"@type\":\"Organization\",\"@id\":\"https:\/\/www.suno.com.br\/noticias\/#organization\",\"name\":\"Suno Not\u00edcias\",\"url\":\"https:\/\/www.suno.com.br\/noticias\/\",\"logo\":{\"@type\":\"ImageObject\",\"inLanguage\":\"pt-BR\",\"@id\":\"https:\/\/www.suno.com.br\/noticias\/#\/schema\/logo\/image\/\",\"url\":\"https:\/\/files.sunoresearch.com.br\/n\/uploads\/2021\/09\/suno-logo.png\",\"contentUrl\":\"https:\/\/files.sunoresearch.com.br\/n\/uploads\/2021\/09\/suno-logo.png\",\"width\":180,\"height\":180,\"caption\":\"Suno Not\u00edcias\"},\"image\":{\"@id\":\"https:\/\/www.suno.com.br\/noticias\/#\/schema\/logo\/image\/\"},\"sameAs\":[\"https:\/\/facebook.com\/sunoresearch\",\"https:\/\/x.com\/sunoresearch\",\"https:\/\/www.instagram.com\/suno\",\"https:\/\/www.linkedin.com\/company\/suno-research\/\",\"https:\/\/www.youtube.com\/c\/sunoresearch\"]},{\"@type\":\"Person\",\"@id\":\"https:\/\/www.suno.com.br\/noticias\/#\/schema\/person\/918d79de1f0281f01599b93f9ea6e23f\",\"name\":\"Jader Lazarini\",\"image\":{\"@type\":\"ImageObject\",\"inLanguage\":\"pt-BR\",\"@id\":\"https:\/\/www.suno.com.br\/noticias\/#\/schema\/person\/image\/\",\"url\":\"https:\/\/secure.gravatar.com\/avatar\/3c1ad8caa51589841baeb923fcddea97?s=96&r=g\",\"contentUrl\":\"https:\/\/secure.gravatar.com\/avatar\/3c1ad8caa51589841baeb923fcddea97?s=96&r=g\",\"caption\":\"Jader Lazarini\"},\"description\":\"Jader Lazarini escreve sobre investimentos, finan\u00e7as, economia e neg\u00f3cios. \u00c9 bacharel em Rela\u00e7\u00f5es Internacionais e analista CNPI (2619).\",\"url\":\"https:\/\/www.suno.com.br\/noticias\/author\/jader-lazarini\/\"}]}<\/script>\n<!-- \/ Yoast SEO plugin. -->","yoast_head_json":{"title":"SpaceX: c\u00e1psula volta \u00e0 Terra ap\u00f3s dois meses na Esta\u00e7\u00e3o Espacial","description":"A c\u00e1psula Crew Dragon, da SpaceX, voltou \u00e0 Terra, neste domingo (2), ap\u00f3s dois meses na Esta\u00e7\u00e3o Espacial Internacional. Saiba mais.","robots":{"index":"index","follow":"follow","max-snippet":"max-snippet:-1","max-image-preview":"max-image-preview:large","max-video-preview":"max-video-preview:-1"},"canonical":"https:\/\/www.suno.com.br\/noticias\/spacex-capsula-volta-a-terra-dois-meses\/","og_locale":"pt_BR","og_type":"article","og_title":"SpaceX: c\u00e1psula volta \u00e0 Terra ap\u00f3s dois meses na Esta\u00e7\u00e3o Espacial","og_description":"A c\u00e1psula Crew Dragon, da SpaceX, voltou \u00e0 Terra, neste domingo (2), ap\u00f3s dois meses na Esta\u00e7\u00e3o Espacial Internacional. Saiba mais.","og_url":"https:\/\/www.suno.com.br\/noticias\/spacex-capsula-volta-a-terra-dois-meses\/","og_site_name":"Suno Not\u00edcias","article_publisher":"https:\/\/facebook.com\/sunoresearch","og_image":[{"width":1980,"height":898,"url":"https:\/\/files.sunoresearch.com.br\/n\/uploads\/2020\/08\/8a1b0896-spacex.jpg","type":"image\/jpeg"}],"author":"Jader Lazarini","twitter_card":"summary_large_image","twitter_creator":"@sunoresearch","twitter_site":"@sunoresearch","twitter_misc":{"Escrito por":"Jader Lazarini","Est. tempo de leitura":"2 minutos"},"schema":{"@context":"https:\/\/schema.org","@graph":[{"@type":"NewsArticle","@id":"https:\/\/www.suno.com.br\/noticias\/spacex-capsula-volta-a-terra-dois-meses\/#article","isPartOf":{"@id":"https:\/\/www.suno.com.br\/noticias\/spacex-capsula-volta-a-terra-dois-meses\/"},"author":{"name":"Jader Lazarini","@id":"https:\/\/www.suno.com.br\/noticias\/#\/schema\/person\/918d79de1f0281f01599b93f9ea6e23f"},"headline":"SpaceX: c\u00e1psula volta \u00e0 Terra ap\u00f3s dois meses na Esta\u00e7\u00e3o Espacial Internacional","datePublished":"2020-08-02T20:27:11+00:00","mainEntityOfPage":{"@id":"https:\/\/www.suno.com.br\/noticias\/spacex-capsula-volta-a-terra-dois-meses\/"},"wordCount":468,"publisher":{"@id":"https:\/\/www.suno.com.br\/noticias\/#organization"},"image":{"@id":"https:\/\/www.suno.com.br\/noticias\/spacex-capsula-volta-a-terra-dois-meses\/#primaryimage"},"thumbnailUrl":"https:\/\/files.sunoresearch.com.br\/n\/uploads\/2020\/08\/8a1b0896-spacex-jpg.webp","keywords":["Elon Musk","NASA","SpaceX"],"articleSection":["Internacional"],"inLanguage":"pt-BR"},{"@type":"WebPage","@id":"https:\/\/www.suno.com.br\/noticias\/spacex-capsula-volta-a-terra-dois-meses\/","url":"https:\/\/www.suno.com.br\/noticias\/spacex-capsula-volta-a-terra-dois-meses\/","name":"SpaceX: c\u00e1psula volta \u00e0 Terra ap\u00f3s dois meses na Esta\u00e7\u00e3o Espacial","isPartOf":{"@id":"https:\/\/www.suno.com.br\/noticias\/#website"},"primaryImageOfPage":{"@id":"https:\/\/www.suno.com.br\/noticias\/spacex-capsula-volta-a-terra-dois-meses\/#primaryimage"},"image":{"@id":"https:\/\/www.suno.com.br\/noticias\/spacex-capsula-volta-a-terra-dois-meses\/#primaryimage"},"thumbnailUrl":"https:\/\/files.sunoresearch.com.br\/n\/uploads\/2020\/08\/8a1b0896-spacex-jpg.webp","datePublished":"2020-08-02T20:27:11+00:00","description":"A c\u00e1psula Crew Dragon, da SpaceX, voltou \u00e0 Terra, neste domingo (2), ap\u00f3s dois meses na Esta\u00e7\u00e3o Espacial Internacional. Saiba mais.","breadcrumb":{"@id":"https:\/\/www.suno.com.br\/noticias\/spacex-capsula-volta-a-terra-dois-meses\/#breadcrumb"},"inLanguage":"pt-BR","potentialAction":[{"@type":"ReadAction","target":["https:\/\/www.suno.com.br\/noticias\/spacex-capsula-volta-a-terra-dois-meses\/"]}]},{"@type":"ImageObject","inLanguage":"pt-BR","@id":"https:\/\/www.suno.com.br\/noticias\/spacex-capsula-volta-a-terra-dois-meses\/#primaryimage","url":"https:\/\/files.sunoresearch.com.br\/n\/uploads\/2020\/08\/8a1b0896-spacex-jpg.webp","contentUrl":"https:\/\/files.sunoresearch.com.br\/n\/uploads\/2020\/08\/8a1b0896-spacex-jpg.webp","width":1980,"height":898,"caption":"SpaceX"},{"@type":"BreadcrumbList","@id":"https:\/\/www.suno.com.br\/noticias\/spacex-capsula-volta-a-terra-dois-meses\/#breadcrumb","itemListElement":[{"@type":"ListItem","position":1,"name":"Not\u00edcias","item":"https:\/\/www.suno.com.br\/noticias\/"},{"@type":"ListItem","position":2,"name":"Internacional","item":"https:\/\/www.suno.com.br\/noticias\/internacional\/"},{"@type":"ListItem","position":3,"name":"SpaceX: c\u00e1psula volta \u00e0 Terra ap\u00f3s dois meses na Esta\u00e7\u00e3o Espacial Internacional"}]},{"@type":"WebSite","@id":"https:\/\/www.suno.com.br\/noticias\/#website","url":"https:\/\/www.suno.com.br\/noticias\/","name":"Suno Not\u00edcias","description":"Seu portal de informa\u00e7\u00e3o sobre o mundo dos investimentos","publisher":{"@id":"https:\/\/www.suno.com.br\/noticias\/#organization"},"potentialAction":[{"@type":"SearchAction","target":{"@type":"EntryPoint","urlTemplate":"https:\/\/www.suno.com.br\/noticias\/?s={search_term_string}"},"query-input":{"@type":"PropertyValueSpecification","valueRequired":true,"valueName":"search_term_string"}}],"inLanguage":"pt-BR"},{"@type":"Organization","@id":"https:\/\/www.suno.com.br\/noticias\/#organization","name":"Suno Not\u00edcias","url":"https:\/\/www.suno.com.br\/noticias\/","logo":{"@type":"ImageObject","inLanguage":"pt-BR","@id":"https:\/\/www.suno.com.br\/noticias\/#\/schema\/logo\/image\/","url":"https:\/\/files.sunoresearch.com.br\/n\/uploads\/2021\/09\/suno-logo.png","contentUrl":"https:\/\/files.sunoresearch.com.br\/n\/uploads\/2021\/09\/suno-logo.png","width":180,"height":180,"caption":"Suno Not\u00edcias"},"image":{"@id":"https:\/\/www.suno.com.br\/noticias\/#\/schema\/logo\/image\/"},"sameAs":["https:\/\/facebook.com\/sunoresearch","https:\/\/x.com\/sunoresearch","https:\/\/www.instagram.com\/suno","https:\/\/www.linkedin.com\/company\/suno-research\/","https:\/\/www.youtube.com\/c\/sunoresearch"]},{"@type":"Person","@id":"https:\/\/www.suno.com.br\/noticias\/#\/schema\/person\/918d79de1f0281f01599b93f9ea6e23f","name":"Jader Lazarini","image":{"@type":"ImageObject","inLanguage":"pt-BR","@id":"https:\/\/www.suno.com.br\/noticias\/#\/schema\/person\/image\/","url":"https:\/\/secure.gravatar.com\/avatar\/3c1ad8caa51589841baeb923fcddea97?s=96&r=g","contentUrl":"https:\/\/secure.gravatar.com\/avatar\/3c1ad8caa51589841baeb923fcddea97?s=96&r=g","caption":"Jader Lazarini"},"description":"Jader Lazarini escreve sobre investimentos, finan\u00e7as, economia e neg\u00f3cios. \u00c9 bacharel em Rela\u00e7\u00f5es Internacionais e analista CNPI (2619).","url":"https:\/\/www.suno.com.br\/noticias\/author\/jader-lazarini\/"}]}},"default_loop_html":"<div class=\"cardsPage__listCard__boxs\"><div class=\"cardsPage__listCard__boxs__img\"><a href=\"https:\/\/www.suno.com.br\/noticias\/spacex-capsula-volta-a-terra-dois-meses\/\"><img class=\"mask\" src=\"https:\/\/www.suno.com.br\/noticias\/wp-content\/themes\/suno\/resources\/images\/spotlight\/spotlight1img\/bg-mask.png\" alt=\"Image Mask\"\/><img src=\"https:\/\/files.sunoresearch.com.br\/n\/uploads\/2020\/08\/8a1b0896-spacex-400x200.webp\" alt=\"SpaceX: c\u00e1psula volta \u00e0 Terra ap\u00f3s dois meses na Esta\u00e7\u00e3o Espacial Internacional\"\/><\/a><span class=\"spotlightCategory\"><a href=\"https:\/\/www.suno.com.br\/noticias\/internacional\/\">Internacional<\/a><\/span><\/div><div class=\"cardsPage__listCard__boxs__content\"><a href=\"https:\/\/www.suno.com.br\/noticias\/spacex-capsula-volta-a-terra-dois-meses\/\"><h2 class=\"content__title\">SpaceX: c\u00e1psula volta \u00e0 Terra ap\u00f3s dois meses na Esta\u00e7\u00e3o Espacial Internacional<\/h2><\/a><div class=\"newsContent__article__meta\"><div class=\"newsContent__article__meta__authorBox\"><a href=\"https:\/\/www.suno.com.br\/noticias\/author\/jader-lazarini\/\" class=\"authorBox__avatar noMobi\"><img src=\"https:\/\/files.sunoresearch.com.br\/n\/uploads\/2021\/01\/178e6598-foto-perfil-2-150x150.jpg\" alt=\"Jader Lazarini\"><\/a><div class=\"authorBox__name\"><span>por\n\t\t\t<a href=\"https:\/\/www.suno.com.br\/noticias\/author\/jader-lazarini\/\"><span itemprop=\"author\">Jader Lazarini<\/span><\/a><\/span><time datetime=\"2020-08-02T17:27:11-03:00\" itemprop=\"datePublished\">02\/08\/2020 17:27<\/time><\/div><\/div><\/div><\/div><\/div>","single_layout":"posts","amp_enabled":true,"_links":{"self":[{"href":"https:\/\/www.suno.com.br\/noticias\/wp-json\/wp\/v2\/posts\/75897"}],"collection":[{"href":"https:\/\/www.suno.com.br\/noticias\/wp-json\/wp\/v2\/posts"}],"about":[{"href":"https:\/\/www.suno.com.br\/noticias\/wp-json\/wp\/v2\/types\/post"}],"author":[{"embeddable":true,"href":"https:\/\/www.suno.com.br\/noticias\/wp-json\/wp\/v2\/users\/24"}],"replies":[{"embeddable":true,"href":"https:\/\/www.suno.com.br\/noticias\/wp-json\/wp\/v2\/comments?post=75897"}],"version-history":[{"count":0,"href":"https:\/\/www.suno.com.br\/noticias\/wp-json\/wp\/v2\/posts\/75897\/revisions"}],"wp:featuredmedia":[{"embeddable":true,"href":"https:\/\/www.suno.com.br\/noticias\/wp-json\/wp\/v2\/media\/75898"}],"wp:attachment":[{"href":"https:\/\/www.suno.com.br\/noticias\/wp-json\/wp\/v2\/media?parent=75897"}],"wp:term":[{"taxonomy":"category","embeddable":true,"href":"https:\/\/www.suno.com.br\/noticias\/wp-json\/wp\/v2\/categories?post=75897"},{"taxonomy":"post_tag","embeddable":true,"href":"https:\/\/www.suno.com.br\/noticias\/wp-json\/wp\/v2\/tags?post=75897"},{"taxonomy":"suno_strategy","embeddable":true,"href":"https:\/\/www.suno.com.br\/noticias\/wp-json\/wp\/v2\/suno_strategy?post=75897"}],"curies":[{"name":"wp","href":"https:\/\/api.w.org\/{rel}","templated":true}]}}