{"id":75885,"date":"2020-08-02T13:01:12","date_gmt":"2020-08-02T16:01:12","guid":{"rendered":"https:\/\/www.suno.com.br\/noticias\/?p=75885"},"modified":"2021-06-13T23:35:53","modified_gmt":"2021-06-14T02:35:53","slug":"elon-musk-elogia-china","status":"publish","type":"post","link":"https:\/\/www.suno.com.br\/noticias\/elon-musk-elogia-china\/","title":{"rendered":"Elon Musk critica car\u00e1ter &#8216;privilegiado&#8217; dos EUA e elogia China"},"content":{"rendered":"<p><a href=\"https:\/\/www.suno.com.br\/tudo-sobre\/elon-musk\/\"><strong>Elon Musk<\/strong><\/a>, bilion\u00e1rio e fundador da Tesla (<a href=\"https:\/\/www.suno.com.br\/artigos\/nasdaq\/\">NASDAQ<\/a>: TSLA) e da SpaceX, criticou o car\u00e1ter &#8220;privilegiado&#8221; e &#8220;complacente&#8221; dos Estados Unidos. Al\u00e9m disso, elogiou as caracter\u00edsticas &#8220;inteligentes&#8221; e &#8220;trabalhadoras&#8221; da China. A declara\u00e7\u00e3o foi dada em um <em>podcast<\/em> do jornal Automotive News, na \u00faltima sexta-feira (31).<\/p>\t<div class=\"wrapper-featured-image\">\n\t\t<figure class=\"spotlightImg\">\n\n\t\t\t<picture>\n\t\t\t\t<source media=\"(max-width: 768px)\" srcset=\"https:\/\/files.sunoresearch.com.br\/n\/uploads\/2020\/08\/b5a6666f-musk-400x200.webp\">\n\t\t\t\t<img loading=\"lazy\" decoding=\"async\" class=\"newsContent__article__imgCapa lazyloadDisabled newsContent__article__imgCapa--noCaption\" src=\"https:\/\/files.sunoresearch.com.br\/n\/uploads\/2020\/08\/b5a6666f-musk-800x450.webp\" width=\"800\" height=\"450\" alt=\"Elon Musk critica car\u00e1ter &#8216;privilegiado&#8217; dos EUA e elogia China\" fetchpriority=high \/>\n\t\t\t<\/picture>\n\n\t\t\t<figcaption class=\"wp-caption-text wp-caption-text--hide\">Elon Musk critica car\u00e1ter &#039;privilegiado&#039; dos EUA e elogia China<\/figcaption>\n\t\t<\/figure>\n\t<\/div>\n\n\n\n<p>\u201cA China arrasa na minha opini\u00e3o. A energia na <strong>China<\/strong> \u00e9 \u00f3tima. Existem pessoas l\u00e1 muitas inteligentes e trabalhadoras. E elas realmente s\u00e3o, pois n\u00e3o se sentem merecedoras de privil\u00e9gios e n\u00e3o s\u00e3o complacentes, enquanto eu vejo nos <strong>Estados Unidos<\/strong> cada vez mais complac\u00eancia e esse sentimento de que as pessoas merecem um tratamento especial, sobretudo, em lugares como na regi\u00e3o de S\u00e3o Francisco, Los Angeles e Nova York\u201d, afirmou Elon Musk.<\/p>\n<p>O bilion\u00e1rio criticou nominalmente os estados de Calif\u00f3rnia e Nova York, os quais apoiam a Tesla com incentivos fiscais e cr\u00e9ditos regulat\u00f3rios, tamb\u00e9m em fun\u00e7\u00e3o de sua tecnologia menos poluente, para a instala\u00e7\u00e3o de f\u00e1bricas da empresa.<\/p>\n<p><a href=\"https:\/\/lp.suno.com.br\/suno-one\/\">No Suno One voc\u00ea aprende a fazer seu dinheiro para trabalhar para voc\u00ea. Cadastre-se gratuitamente agora!<\/a><\/p>\n<p>\u201cQuando voc\u00ea est\u00e1 ganhando h\u00e1 muito tempo, meio que d\u00e1 como garantido que vai continuar assim. Nos Estados Unidos, e especialmente na Calif\u00f3rnia e em Nova York, voc\u00ea ganha h\u00e1 muito tempo. Assim, como qualquer equipe profissional de esportes, eles vencem um campeonato por v\u00e1rias vezes seguidas, ficam complacentes e come\u00e7am a perder\u201d, disse o empres\u00e1rio.<\/p>\n<p>Os coment\u00e1rios do bilion\u00e1rio, que est\u00e1 entre os 10 homens mais ricos do mundo, foram realizados em meio \u00e0 pol\u00eamica do presidente <a href=\"https:\/\/www.suno.com.br\/tudo-sobre\/donald-trump\/\">Donald Trump<\/a>, que decidiu banir o <strong>TikTok<\/strong> do territ\u00f3rio norte-americano. A decis\u00e3o foi tomada ap\u00f3s autoridades estadunidenses indicarem a <a href=\"https:\/\/www.suno.com.br\/noticias\/tiktok-proibido-eua-anuncia-trump\/\">possibilidade da plataforma ser usada pela intelig\u00eancia chinesa como ferramenta da <\/a><a href=\"https:\/\/www.suno.com.br\/noticias\/tiktok-proibido-eua-anuncia-trump\/\">espionagem.<\/a><\/p>\n<h2>Elon Musk e Tesla em rela\u00e7\u00e3o \u00e0 China<\/h2>\n<p>Principal ativo de Musk, a <strong>Tesla<\/strong> tem expandido seus neg\u00f3cios na China. Funcion\u00e1rios do governo chin\u00eas colaboraram para que a empresa conseguisse empr\u00e9stimos no valor de US$ 1,6 bilh\u00e3o (cerca de R$ 8,36 bilh\u00f5es) para construir e montar ve\u00edculos na f\u00e1brica de Xangai da companhia, inaugurada em outubro de 2019.<\/p>\n<p>O governo local tamb\u00e9m ajudou a montadora a retomar as atividades normais rapidamente em meio \u00e0 pandemia do <a href=\"https:\/\/www.suno.com.br\/noticias\/?s=coronavirus\">novo coronav\u00edrus (Covid-19)<\/a>, onde as opera\u00e7\u00f5es da f\u00e1brica foram interrompidas temporariamente.<\/p>\n<p><a href=\"https:\/\/www.suno.com.br\/noticias\/elon-musk-ultrapassa-warren-buffett-lista-bilionarios\/\">Veja tamb\u00e9m: Elon Musk ultrapassa Warren Buffett na lista de bilion\u00e1rios do mundo<\/a><\/p>\n<p><strong>Elon Musk<\/strong>, no entanto, disse que a Tesla n\u00e3o recebeu tratamento preferencial do governo chin\u00eas. \u201cEles apoiaram. Mas seria estranho se eles ajudassem mais uma empresa n\u00e3o chinesa\u201d, disse ele.<\/p>\n\n","protected":false},"excerpt":{"rendered":"<p>Elon Musk, bilion\u00e1rio e fundador da Tesla (NASDAQ: TSLA) e da SpaceX, criticou o car\u00e1ter &#8220;privilegiado&#8221; e &#8220;complacente&#8221; dos Estados Unidos. Al\u00e9m disso, elogiou as caracter\u00edsticas &#8220;inteligentes&#8221; e &#8220;trabalhadoras&#8221; da China. A declara\u00e7\u00e3o foi dada em um podcast do jornal Automotive News, na \u00faltima sexta-feira (31). Elon Musk critica car\u00e1ter &#039;privilegiado&#039; dos EUA e elogia [&hellip;]<\/p>\n","protected":false},"author":24,"featured_media":75886,"comment_status":"closed","ping_status":"closed","sticky":false,"template":"","format":"standard","meta":[],"categories":[63],"tags":[711,726,793,2070],"suno_strategy":[],"class_list":["post-75885","post","type-post","status-publish","format-standard","has-post-thumbnail","hentry","category-internacional","tag-china","tag-elon-musk","tag-estados-unidos-eua","tag-tiktok"],"yoast_head":"<!-- This site is optimized with the Yoast SEO plugin v24.4 - https:\/\/yoast.com\/wordpress\/plugins\/seo\/ -->\n<title>Elon Musk critica car\u00e1ter &#039;privilegiado&#039; dos EUA e elogia China<\/title>\n<meta name=\"description\" content=\"Elon Musk, bilion\u00e1rio e fundador da Tesla e da SpaceX, criticou o car\u00e1ter &quot;privilegiado&quot; e &quot;complacente&quot; dos Estados Unidos. Saiba mais.\" \/>\n<meta name=\"robots\" content=\"index, follow, max-snippet:-1, max-image-preview:large, max-video-preview:-1\" \/>\n<link rel=\"canonical\" href=\"https:\/\/www.suno.com.br\/noticias\/elon-musk-elogia-china\/\" \/>\n<meta property=\"og:locale\" content=\"pt_BR\" \/>\n<meta property=\"og:type\" content=\"article\" \/>\n<meta property=\"og:title\" content=\"Elon Musk critica car\u00e1ter &#039;privilegiado&#039; dos EUA e elogia China\" \/>\n<meta property=\"og:description\" content=\"Elon Musk, bilion\u00e1rio e fundador da Tesla e da SpaceX, criticou o car\u00e1ter &quot;privilegiado&quot; e &quot;complacente&quot; dos Estados Unidos. Saiba mais.\" \/>\n<meta property=\"og:url\" content=\"https:\/\/www.suno.com.br\/noticias\/elon-musk-elogia-china\/\" \/>\n<meta property=\"og:site_name\" content=\"Suno Not\u00edcias\" \/>\n<meta property=\"article:publisher\" content=\"https:\/\/facebook.com\/sunoresearch\" \/>\n<meta property=\"og:image\" content=\"https:\/\/files.sunoresearch.com.br\/n\/uploads\/2020\/08\/b5a6666f-musk.jpg\" \/>\n\t<meta property=\"og:image:width\" content=\"1200\" \/>\n\t<meta property=\"og:image:height\" content=\"795\" \/>\n\t<meta property=\"og:image:type\" content=\"image\/jpeg\" \/>\n<meta name=\"author\" content=\"Jader Lazarini\" \/>\n<meta name=\"twitter:card\" content=\"summary_large_image\" \/>\n<meta name=\"twitter:creator\" content=\"@sunoresearch\" \/>\n<meta name=\"twitter:site\" content=\"@sunoresearch\" \/>\n<meta name=\"twitter:label1\" content=\"Escrito por\" \/>\n\t<meta name=\"twitter:data1\" content=\"Jader Lazarini\" \/>\n\t<meta name=\"twitter:label2\" content=\"Est. tempo de leitura\" \/>\n\t<meta name=\"twitter:data2\" content=\"2 minutos\" \/>\n<script type=\"application\/ld+json\" class=\"yoast-schema-graph\">{\"@context\":\"https:\/\/schema.org\",\"@graph\":[{\"@type\":\"NewsArticle\",\"@id\":\"https:\/\/www.suno.com.br\/noticias\/elon-musk-elogia-china\/#article\",\"isPartOf\":{\"@id\":\"https:\/\/www.suno.com.br\/noticias\/elon-musk-elogia-china\/\"},\"author\":{\"name\":\"Jader Lazarini\",\"@id\":\"https:\/\/www.suno.com.br\/noticias\/#\/schema\/person\/918d79de1f0281f01599b93f9ea6e23f\"},\"headline\":\"Elon Musk critica car\u00e1ter &#8216;privilegiado&#8217; dos EUA e elogia China\",\"datePublished\":\"2020-08-02T16:01:12+00:00\",\"dateModified\":\"2021-06-14T02:35:53+00:00\",\"mainEntityOfPage\":{\"@id\":\"https:\/\/www.suno.com.br\/noticias\/elon-musk-elogia-china\/\"},\"wordCount\":471,\"publisher\":{\"@id\":\"https:\/\/www.suno.com.br\/noticias\/#organization\"},\"image\":{\"@id\":\"https:\/\/www.suno.com.br\/noticias\/elon-musk-elogia-china\/#primaryimage\"},\"thumbnailUrl\":\"https:\/\/files.sunoresearch.com.br\/n\/uploads\/2020\/08\/b5a6666f-musk-jpg.webp\",\"keywords\":[\"China\",\"Elon Musk\",\"Estados Unidos (EUA)\",\"TikTok\"],\"articleSection\":[\"Internacional\"],\"inLanguage\":\"pt-BR\"},{\"@type\":\"WebPage\",\"@id\":\"https:\/\/www.suno.com.br\/noticias\/elon-musk-elogia-china\/\",\"url\":\"https:\/\/www.suno.com.br\/noticias\/elon-musk-elogia-china\/\",\"name\":\"Elon Musk critica car\u00e1ter 'privilegiado' dos EUA e elogia China\",\"isPartOf\":{\"@id\":\"https:\/\/www.suno.com.br\/noticias\/#website\"},\"primaryImageOfPage\":{\"@id\":\"https:\/\/www.suno.com.br\/noticias\/elon-musk-elogia-china\/#primaryimage\"},\"image\":{\"@id\":\"https:\/\/www.suno.com.br\/noticias\/elon-musk-elogia-china\/#primaryimage\"},\"thumbnailUrl\":\"https:\/\/files.sunoresearch.com.br\/n\/uploads\/2020\/08\/b5a6666f-musk-jpg.webp\",\"datePublished\":\"2020-08-02T16:01:12+00:00\",\"dateModified\":\"2021-06-14T02:35:53+00:00\",\"description\":\"Elon Musk, bilion\u00e1rio e fundador da Tesla e da SpaceX, criticou o car\u00e1ter \\\"privilegiado\\\" e \\\"complacente\\\" dos Estados Unidos. Saiba mais.\",\"breadcrumb\":{\"@id\":\"https:\/\/www.suno.com.br\/noticias\/elon-musk-elogia-china\/#breadcrumb\"},\"inLanguage\":\"pt-BR\",\"potentialAction\":[{\"@type\":\"ReadAction\",\"target\":[\"https:\/\/www.suno.com.br\/noticias\/elon-musk-elogia-china\/\"]}]},{\"@type\":\"ImageObject\",\"inLanguage\":\"pt-BR\",\"@id\":\"https:\/\/www.suno.com.br\/noticias\/elon-musk-elogia-china\/#primaryimage\",\"url\":\"https:\/\/files.sunoresearch.com.br\/n\/uploads\/2020\/08\/b5a6666f-musk-jpg.webp\",\"contentUrl\":\"https:\/\/files.sunoresearch.com.br\/n\/uploads\/2020\/08\/b5a6666f-musk-jpg.webp\",\"width\":1200,\"height\":795,\"caption\":\"Elon Musk critica car\u00e1ter 'privilegiado' dos EUA e elogia China\"},{\"@type\":\"BreadcrumbList\",\"@id\":\"https:\/\/www.suno.com.br\/noticias\/elon-musk-elogia-china\/#breadcrumb\",\"itemListElement\":[{\"@type\":\"ListItem\",\"position\":1,\"name\":\"Not\u00edcias\",\"item\":\"https:\/\/www.suno.com.br\/noticias\/\"},{\"@type\":\"ListItem\",\"position\":2,\"name\":\"Internacional\",\"item\":\"https:\/\/www.suno.com.br\/noticias\/internacional\/\"},{\"@type\":\"ListItem\",\"position\":3,\"name\":\"Elon Musk critica car\u00e1ter &#8216;privilegiado&#8217; dos EUA e elogia China\"}]},{\"@type\":\"WebSite\",\"@id\":\"https:\/\/www.suno.com.br\/noticias\/#website\",\"url\":\"https:\/\/www.suno.com.br\/noticias\/\",\"name\":\"Suno Not\u00edcias\",\"description\":\"Seu portal de informa\u00e7\u00e3o sobre o mundo dos investimentos\",\"publisher\":{\"@id\":\"https:\/\/www.suno.com.br\/noticias\/#organization\"},\"potentialAction\":[{\"@type\":\"SearchAction\",\"target\":{\"@type\":\"EntryPoint\",\"urlTemplate\":\"https:\/\/www.suno.com.br\/noticias\/?s={search_term_string}\"},\"query-input\":{\"@type\":\"PropertyValueSpecification\",\"valueRequired\":true,\"valueName\":\"search_term_string\"}}],\"inLanguage\":\"pt-BR\"},{\"@type\":\"Organization\",\"@id\":\"https:\/\/www.suno.com.br\/noticias\/#organization\",\"name\":\"Suno Not\u00edcias\",\"url\":\"https:\/\/www.suno.com.br\/noticias\/\",\"logo\":{\"@type\":\"ImageObject\",\"inLanguage\":\"pt-BR\",\"@id\":\"https:\/\/www.suno.com.br\/noticias\/#\/schema\/logo\/image\/\",\"url\":\"https:\/\/files.sunoresearch.com.br\/n\/uploads\/2021\/09\/suno-logo.png\",\"contentUrl\":\"https:\/\/files.sunoresearch.com.br\/n\/uploads\/2021\/09\/suno-logo.png\",\"width\":180,\"height\":180,\"caption\":\"Suno Not\u00edcias\"},\"image\":{\"@id\":\"https:\/\/www.suno.com.br\/noticias\/#\/schema\/logo\/image\/\"},\"sameAs\":[\"https:\/\/facebook.com\/sunoresearch\",\"https:\/\/x.com\/sunoresearch\",\"https:\/\/www.instagram.com\/suno\",\"https:\/\/www.linkedin.com\/company\/suno-research\/\",\"https:\/\/www.youtube.com\/c\/sunoresearch\"]},{\"@type\":\"Person\",\"@id\":\"https:\/\/www.suno.com.br\/noticias\/#\/schema\/person\/918d79de1f0281f01599b93f9ea6e23f\",\"name\":\"Jader Lazarini\",\"image\":{\"@type\":\"ImageObject\",\"inLanguage\":\"pt-BR\",\"@id\":\"https:\/\/www.suno.com.br\/noticias\/#\/schema\/person\/image\/\",\"url\":\"https:\/\/secure.gravatar.com\/avatar\/3c1ad8caa51589841baeb923fcddea97?s=96&r=g\",\"contentUrl\":\"https:\/\/secure.gravatar.com\/avatar\/3c1ad8caa51589841baeb923fcddea97?s=96&r=g\",\"caption\":\"Jader Lazarini\"},\"description\":\"Jader Lazarini escreve sobre investimentos, finan\u00e7as, economia e neg\u00f3cios. \u00c9 bacharel em Rela\u00e7\u00f5es Internacionais e analista CNPI (2619).\",\"url\":\"https:\/\/www.suno.com.br\/noticias\/author\/jader-lazarini\/\"}]}<\/script>\n<!-- \/ Yoast SEO plugin. -->","yoast_head_json":{"title":"Elon Musk critica car\u00e1ter 'privilegiado' dos EUA e elogia China","description":"Elon Musk, bilion\u00e1rio e fundador da Tesla e da SpaceX, criticou o car\u00e1ter \"privilegiado\" e \"complacente\" dos Estados Unidos. Saiba mais.","robots":{"index":"index","follow":"follow","max-snippet":"max-snippet:-1","max-image-preview":"max-image-preview:large","max-video-preview":"max-video-preview:-1"},"canonical":"https:\/\/www.suno.com.br\/noticias\/elon-musk-elogia-china\/","og_locale":"pt_BR","og_type":"article","og_title":"Elon Musk critica car\u00e1ter 'privilegiado' dos EUA e elogia China","og_description":"Elon Musk, bilion\u00e1rio e fundador da Tesla e da SpaceX, criticou o car\u00e1ter \"privilegiado\" e \"complacente\" dos Estados Unidos. Saiba mais.","og_url":"https:\/\/www.suno.com.br\/noticias\/elon-musk-elogia-china\/","og_site_name":"Suno Not\u00edcias","article_publisher":"https:\/\/facebook.com\/sunoresearch","og_image":[{"width":1200,"height":795,"url":"https:\/\/files.sunoresearch.com.br\/n\/uploads\/2020\/08\/b5a6666f-musk.jpg","type":"image\/jpeg"}],"author":"Jader Lazarini","twitter_card":"summary_large_image","twitter_creator":"@sunoresearch","twitter_site":"@sunoresearch","twitter_misc":{"Escrito por":"Jader Lazarini","Est. tempo de leitura":"2 minutos"},"schema":{"@context":"https:\/\/schema.org","@graph":[{"@type":"NewsArticle","@id":"https:\/\/www.suno.com.br\/noticias\/elon-musk-elogia-china\/#article","isPartOf":{"@id":"https:\/\/www.suno.com.br\/noticias\/elon-musk-elogia-china\/"},"author":{"name":"Jader Lazarini","@id":"https:\/\/www.suno.com.br\/noticias\/#\/schema\/person\/918d79de1f0281f01599b93f9ea6e23f"},"headline":"Elon Musk critica car\u00e1ter &#8216;privilegiado&#8217; dos EUA e elogia China","datePublished":"2020-08-02T16:01:12+00:00","dateModified":"2021-06-14T02:35:53+00:00","mainEntityOfPage":{"@id":"https:\/\/www.suno.com.br\/noticias\/elon-musk-elogia-china\/"},"wordCount":471,"publisher":{"@id":"https:\/\/www.suno.com.br\/noticias\/#organization"},"image":{"@id":"https:\/\/www.suno.com.br\/noticias\/elon-musk-elogia-china\/#primaryimage"},"thumbnailUrl":"https:\/\/files.sunoresearch.com.br\/n\/uploads\/2020\/08\/b5a6666f-musk-jpg.webp","keywords":["China","Elon Musk","Estados Unidos (EUA)","TikTok"],"articleSection":["Internacional"],"inLanguage":"pt-BR"},{"@type":"WebPage","@id":"https:\/\/www.suno.com.br\/noticias\/elon-musk-elogia-china\/","url":"https:\/\/www.suno.com.br\/noticias\/elon-musk-elogia-china\/","name":"Elon Musk critica car\u00e1ter 'privilegiado' dos EUA e elogia China","isPartOf":{"@id":"https:\/\/www.suno.com.br\/noticias\/#website"},"primaryImageOfPage":{"@id":"https:\/\/www.suno.com.br\/noticias\/elon-musk-elogia-china\/#primaryimage"},"image":{"@id":"https:\/\/www.suno.com.br\/noticias\/elon-musk-elogia-china\/#primaryimage"},"thumbnailUrl":"https:\/\/files.sunoresearch.com.br\/n\/uploads\/2020\/08\/b5a6666f-musk-jpg.webp","datePublished":"2020-08-02T16:01:12+00:00","dateModified":"2021-06-14T02:35:53+00:00","description":"Elon Musk, bilion\u00e1rio e fundador da Tesla e da SpaceX, criticou o car\u00e1ter \"privilegiado\" e \"complacente\" dos Estados Unidos. Saiba mais.","breadcrumb":{"@id":"https:\/\/www.suno.com.br\/noticias\/elon-musk-elogia-china\/#breadcrumb"},"inLanguage":"pt-BR","potentialAction":[{"@type":"ReadAction","target":["https:\/\/www.suno.com.br\/noticias\/elon-musk-elogia-china\/"]}]},{"@type":"ImageObject","inLanguage":"pt-BR","@id":"https:\/\/www.suno.com.br\/noticias\/elon-musk-elogia-china\/#primaryimage","url":"https:\/\/files.sunoresearch.com.br\/n\/uploads\/2020\/08\/b5a6666f-musk-jpg.webp","contentUrl":"https:\/\/files.sunoresearch.com.br\/n\/uploads\/2020\/08\/b5a6666f-musk-jpg.webp","width":1200,"height":795,"caption":"Elon Musk critica car\u00e1ter 'privilegiado' dos EUA e elogia China"},{"@type":"BreadcrumbList","@id":"https:\/\/www.suno.com.br\/noticias\/elon-musk-elogia-china\/#breadcrumb","itemListElement":[{"@type":"ListItem","position":1,"name":"Not\u00edcias","item":"https:\/\/www.suno.com.br\/noticias\/"},{"@type":"ListItem","position":2,"name":"Internacional","item":"https:\/\/www.suno.com.br\/noticias\/internacional\/"},{"@type":"ListItem","position":3,"name":"Elon Musk critica car\u00e1ter &#8216;privilegiado&#8217; dos EUA e elogia China"}]},{"@type":"WebSite","@id":"https:\/\/www.suno.com.br\/noticias\/#website","url":"https:\/\/www.suno.com.br\/noticias\/","name":"Suno Not\u00edcias","description":"Seu portal de informa\u00e7\u00e3o sobre o mundo dos investimentos","publisher":{"@id":"https:\/\/www.suno.com.br\/noticias\/#organization"},"potentialAction":[{"@type":"SearchAction","target":{"@type":"EntryPoint","urlTemplate":"https:\/\/www.suno.com.br\/noticias\/?s={search_term_string}"},"query-input":{"@type":"PropertyValueSpecification","valueRequired":true,"valueName":"search_term_string"}}],"inLanguage":"pt-BR"},{"@type":"Organization","@id":"https:\/\/www.suno.com.br\/noticias\/#organization","name":"Suno Not\u00edcias","url":"https:\/\/www.suno.com.br\/noticias\/","logo":{"@type":"ImageObject","inLanguage":"pt-BR","@id":"https:\/\/www.suno.com.br\/noticias\/#\/schema\/logo\/image\/","url":"https:\/\/files.sunoresearch.com.br\/n\/uploads\/2021\/09\/suno-logo.png","contentUrl":"https:\/\/files.sunoresearch.com.br\/n\/uploads\/2021\/09\/suno-logo.png","width":180,"height":180,"caption":"Suno Not\u00edcias"},"image":{"@id":"https:\/\/www.suno.com.br\/noticias\/#\/schema\/logo\/image\/"},"sameAs":["https:\/\/facebook.com\/sunoresearch","https:\/\/x.com\/sunoresearch","https:\/\/www.instagram.com\/suno","https:\/\/www.linkedin.com\/company\/suno-research\/","https:\/\/www.youtube.com\/c\/sunoresearch"]},{"@type":"Person","@id":"https:\/\/www.suno.com.br\/noticias\/#\/schema\/person\/918d79de1f0281f01599b93f9ea6e23f","name":"Jader Lazarini","image":{"@type":"ImageObject","inLanguage":"pt-BR","@id":"https:\/\/www.suno.com.br\/noticias\/#\/schema\/person\/image\/","url":"https:\/\/secure.gravatar.com\/avatar\/3c1ad8caa51589841baeb923fcddea97?s=96&r=g","contentUrl":"https:\/\/secure.gravatar.com\/avatar\/3c1ad8caa51589841baeb923fcddea97?s=96&r=g","caption":"Jader Lazarini"},"description":"Jader Lazarini escreve sobre investimentos, finan\u00e7as, economia e neg\u00f3cios. \u00c9 bacharel em Rela\u00e7\u00f5es Internacionais e analista CNPI (2619).","url":"https:\/\/www.suno.com.br\/noticias\/author\/jader-lazarini\/"}]}},"default_loop_html":"<div class=\"cardsPage__listCard__boxs\"><div class=\"cardsPage__listCard__boxs__img\"><a href=\"https:\/\/www.suno.com.br\/noticias\/elon-musk-elogia-china\/\"><img class=\"mask\" src=\"https:\/\/www.suno.com.br\/noticias\/wp-content\/themes\/suno\/resources\/images\/spotlight\/spotlight1img\/bg-mask.png\" alt=\"Image Mask\"\/><img src=\"https:\/\/files.sunoresearch.com.br\/n\/uploads\/2020\/08\/b5a6666f-musk-400x200.webp\" alt=\"Elon Musk critica car\u00e1ter &#8216;privilegiado&#8217; dos EUA e elogia China\"\/><\/a><span class=\"spotlightCategory\"><a href=\"https:\/\/www.suno.com.br\/noticias\/internacional\/\">Internacional<\/a><\/span><\/div><div class=\"cardsPage__listCard__boxs__content\"><a href=\"https:\/\/www.suno.com.br\/noticias\/elon-musk-elogia-china\/\"><h2 class=\"content__title\">Elon Musk critica car\u00e1ter &#8216;privilegiado&#8217; dos EUA e elogia China<\/h2><\/a><div class=\"newsContent__article__meta\"><div class=\"newsContent__article__meta__authorBox\"><a href=\"https:\/\/www.suno.com.br\/noticias\/author\/jader-lazarini\/\" class=\"authorBox__avatar noMobi\"><img src=\"https:\/\/files.sunoresearch.com.br\/n\/uploads\/2021\/01\/178e6598-foto-perfil-2-150x150.jpg\" alt=\"Jader Lazarini\"><\/a><div class=\"authorBox__name\"><span>por\n\t\t\t<a href=\"https:\/\/www.suno.com.br\/noticias\/author\/jader-lazarini\/\"><span itemprop=\"author\">Jader Lazarini<\/span><\/a><\/span><time datetime=\"2020-08-02T13:01:12-03:00\" itemprop=\"datePublished\">02\/08\/2020 13:01<\/time><\/div><\/div><\/div><\/div><\/div>","single_layout":"posts","amp_enabled":true,"_links":{"self":[{"href":"https:\/\/www.suno.com.br\/noticias\/wp-json\/wp\/v2\/posts\/75885"}],"collection":[{"href":"https:\/\/www.suno.com.br\/noticias\/wp-json\/wp\/v2\/posts"}],"about":[{"href":"https:\/\/www.suno.com.br\/noticias\/wp-json\/wp\/v2\/types\/post"}],"author":[{"embeddable":true,"href":"https:\/\/www.suno.com.br\/noticias\/wp-json\/wp\/v2\/users\/24"}],"replies":[{"embeddable":true,"href":"https:\/\/www.suno.com.br\/noticias\/wp-json\/wp\/v2\/comments?post=75885"}],"version-history":[{"count":1,"href":"https:\/\/www.suno.com.br\/noticias\/wp-json\/wp\/v2\/posts\/75885\/revisions"}],"predecessor-version":[{"id":146669,"href":"https:\/\/www.suno.com.br\/noticias\/wp-json\/wp\/v2\/posts\/75885\/revisions\/146669"}],"wp:featuredmedia":[{"embeddable":true,"href":"https:\/\/www.suno.com.br\/noticias\/wp-json\/wp\/v2\/media\/75886"}],"wp:attachment":[{"href":"https:\/\/www.suno.com.br\/noticias\/wp-json\/wp\/v2\/media?parent=75885"}],"wp:term":[{"taxonomy":"category","embeddable":true,"href":"https:\/\/www.suno.com.br\/noticias\/wp-json\/wp\/v2\/categories?post=75885"},{"taxonomy":"post_tag","embeddable":true,"href":"https:\/\/www.suno.com.br\/noticias\/wp-json\/wp\/v2\/tags?post=75885"},{"taxonomy":"suno_strategy","embeddable":true,"href":"https:\/\/www.suno.com.br\/noticias\/wp-json\/wp\/v2\/suno_strategy?post=75885"}],"curies":[{"name":"wp","href":"https:\/\/api.w.org\/{rel}","templated":true}]}}