{"id":75873,"date":"2020-08-02T11:15:04","date_gmt":"2020-08-02T14:15:04","guid":{"rendered":"https:\/\/www.suno.com.br\/noticias\/?p=75873"},"modified":"2020-08-02T11:15:04","modified_gmt":"2020-08-02T14:15:04","slug":"british-airways-cortara-salarios-para-conter-demissoes-em-meio-a-crise","status":"publish","type":"post","link":"https:\/\/www.suno.com.br\/noticias\/british-airways-cortara-salarios-para-conter-demissoes-em-meio-a-crise\/","title":{"rendered":"British Airways cortar\u00e1 sal\u00e1rios para conter demiss\u00f5es em meio \u00e0 crise"},"content":{"rendered":"<p>A proposta da <strong>British Airways<\/strong> em estabelecer cortes salariais tempor\u00e1rios de 20% foi aceita pelos colaboradores da companhia na noite da \u00faltima sexta-feira (31). Al\u00e9m disso, ser\u00e1 colocado em pr\u00e1tica um plano de desligamento de 270 funcion\u00e1rios, em meio \u00e0 crise gerada pela pandemia do <a href=\"https:\/\/www.suno.com.br\/noticias\/?s=coronavirus\">novo coronav\u00edrus (Covid-19)<\/a>.<\/p>\t<div class=\"wrapper-featured-image\">\n\t\t<figure class=\"spotlightImg\">\n\n\t\t\t<picture>\n\t\t\t\t<source media=\"(max-width: 768px)\" srcset=\"https:\/\/files.sunoresearch.com.br\/n\/uploads\/2020\/08\/18a49d0f-british-400x200.webp\">\n\t\t\t\t<img loading=\"lazy\" decoding=\"async\" class=\"newsContent__article__imgCapa lazyloadDisabled newsContent__article__imgCapa--noCaption\" src=\"https:\/\/files.sunoresearch.com.br\/n\/uploads\/2020\/08\/18a49d0f-british-800x450.webp\" width=\"800\" height=\"450\" alt=\"British Airways cortar\u00e1 sal\u00e1rios para conter demiss\u00f5es em meio \u00e0 crise\" fetchpriority=high \/>\n\t\t\t<\/picture>\n\n\t\t\t<figcaption class=\"wp-caption-text wp-caption-text--hide\">British Airways cortar\u00e1 sal\u00e1rios para conter demiss\u00f5es em meio \u00e0 crise<\/figcaption>\n\t\t<\/figure>\n\t<\/div>\n\n\n\n<p>De acordo com o sindicato British Airline Pilots Association (<strong>Balpa<\/strong>), 80% dos funcion\u00e1rios da British Airways foram favor\u00e1veis ao plano. A proposta prev\u00ea a queda da redu\u00e7\u00e3o dos sal\u00e1rios para 8% em dois anos, voltando ao patamar normal no longo prazo.<\/p>\n<p>\u201cNossos membros tomaram uma decis\u00e3o pragm\u00e1tica dadas as circunst\u00e2ncias, mas o fato de que tenhamos fracassado em persuadir a British Airways a evitar <strong>demiss\u00f5es<\/strong> for\u00e7adas representa uma amarga decep\u00e7\u00e3o\u201d, declarou o secret\u00e1rio-geral da Balpa, Brian Strutton.<\/p>\n<p><a href=\"https:\/\/lp.suno.com.br\/suno-one\/\">No Suno One voc\u00ea aprende a fazer seu dinheiro para trabalhar para voc\u00ea. Cadastre-se gratuitamente agora!<\/a><\/p>\n<p>A empresa a\u00e9rea, que possui 4,3 mil pilotos, inicialmente pretendia demitir 1.255 pilotos, voltando a realizar novas contrata\u00e7\u00f5es com condi\u00e7\u00f5es menos favor\u00e1veis posteriormente. A filial do grupo <strong>IAG<\/strong>, constitu\u00edda pelas espanholas Iberia e Vueling, entre outras, estimou no final de abril a demiss\u00e3o de um total de 12 mil funcion\u00e1rios, ou seja, 25% do total da for\u00e7a de trabalho da empresa.<\/p>\n<p>O setor a\u00e9reo \u00e9 um dos mais impactados pela pandemia e suas medidas de isolamento social com o objetivo de conten\u00e7\u00e3o da dissemina\u00e7\u00e3o do v\u00edrus.<\/p>\n<p>A <strong>Avianca<\/strong> Brasil, por exemplo, teve sua fal\u00eancia decretada no dia 14 de julho. Em <a href=\"https:\/\/www.suno.com.br\/artigos\/recuperacao-judicial\/\">recupera\u00e7\u00e3o judicial<\/a> desde dezembro de 2018 e sem operar desde maio de 2019, a situa\u00e7\u00e3o da empresa foi agravada pelas condi\u00e7\u00f5es do mercado em que atua. A medida foi tomada ap\u00f3s o pedido da pr\u00f3pria empresa, que possu\u00eda d\u00edvidas na casa dos R$ 2,7 bilh\u00f5es.<\/p>\n<p>A <strong>Latam<\/strong>, uma das companhias que mais sentiu o impacto da crise, informou, na \u00faltima sexta-feira (31), que ir\u00e1 iniciar um processo de demiss\u00e3o em massa, de, no m\u00ednimo, 2,7 mil pilotos e comiss\u00e1rios, volume equivalente a 38% do total de tripulantes.<\/p>\n<p>A a\u00e9rea, que tamb\u00e9m est\u00e1 em recupera\u00e7\u00e3o judicial, emprega cerca de 2 mil pilotos e 5 mil comiss\u00e1rios. Segundo a companhia, ser\u00e3o realizados cortes tempor\u00e1rios nos sal\u00e1rios dos colaboradores, com o intuito de equilibrar seus custos com os das concorrentes e, com isso, se antecipar a uma maior disputa no mercado.<\/p>\n<p><a href=\"https:\/\/www.suno.com.br\/noticias\/coronavirus-causara-queda-pib-turismo\/\">Veja tamb\u00e9m: Coronav\u00edrus causar\u00e1 queda 39% no PIB do turismo, segundo FGV<\/a><\/p>\n<p>Embora os impactos da crise permane\u00e7am pairando sobre a <strong>British Airways<\/strong>, a companhia voltou a voar para o Brasil neste domingo (2). Os voos que ligam S\u00e3o Paulo (Guarulhos) e Londres (Heathrow) ser\u00e3o realizados, inicialmente, tr\u00eas vezes por semana.<\/p>\n\n","protected":false},"excerpt":{"rendered":"<p>A proposta da British Airways em estabelecer cortes salariais tempor\u00e1rios de 20% foi aceita pelos colaboradores da companhia na noite da \u00faltima sexta-feira (31). Al\u00e9m disso, ser\u00e1 colocado em pr\u00e1tica um plano de desligamento de 270 funcion\u00e1rios, em meio \u00e0 crise gerada pela pandemia do novo coronav\u00edrus (Covid-19). British Airways cortar\u00e1 sal\u00e1rios para conter demiss\u00f5es [&hellip;]<\/p>\n","protected":false},"author":24,"featured_media":75874,"comment_status":"closed","ping_status":"closed","sticky":false,"template":"","format":"standard","meta":[],"categories":[64],"tags":[1557,2487],"suno_strategy":[],"class_list":["post-75873","post","type-post","status-publish","format-standard","has-post-thumbnail","hentry","category-negocios","tag-british-airways","tag-coronavirus"],"yoast_head":"<!-- This site is optimized with the Yoast SEO plugin v24.4 - https:\/\/yoast.com\/wordpress\/plugins\/seo\/ -->\n<title>British Airways cortar\u00e1 sal\u00e1rios para conter demiss\u00f5es em meio \u00e0 crise<\/title>\n<meta name=\"description\" content=\"A proposta da British Airways em estabelecer cortes salariais tempor\u00e1rios de 20% foi aceita pelos colaboradores da companhia. Saiba mais.\" \/>\n<meta name=\"robots\" content=\"index, follow, max-snippet:-1, max-image-preview:large, max-video-preview:-1\" \/>\n<link rel=\"canonical\" href=\"https:\/\/www.suno.com.br\/noticias\/british-airways-cortara-salarios-para-conter-demissoes-em-meio-a-crise\/\" \/>\n<meta property=\"og:locale\" content=\"pt_BR\" \/>\n<meta property=\"og:type\" content=\"article\" \/>\n<meta property=\"og:title\" content=\"British Airways cortar\u00e1 sal\u00e1rios para conter demiss\u00f5es em meio \u00e0 crise\" \/>\n<meta property=\"og:description\" content=\"A proposta da British Airways em estabelecer cortes salariais tempor\u00e1rios de 20% foi aceita pelos colaboradores da companhia. Saiba mais.\" \/>\n<meta property=\"og:url\" content=\"https:\/\/www.suno.com.br\/noticias\/british-airways-cortara-salarios-para-conter-demissoes-em-meio-a-crise\/\" \/>\n<meta property=\"og:site_name\" content=\"Suno Not\u00edcias\" \/>\n<meta property=\"article:publisher\" content=\"https:\/\/facebook.com\/sunoresearch\" \/>\n<meta property=\"og:image\" content=\"https:\/\/files.sunoresearch.com.br\/n\/uploads\/2020\/08\/18a49d0f-british.jpg\" \/>\n\t<meta property=\"og:image:width\" content=\"1280\" \/>\n\t<meta property=\"og:image:height\" content=\"960\" \/>\n\t<meta property=\"og:image:type\" content=\"image\/jpeg\" \/>\n<meta name=\"author\" content=\"Jader Lazarini\" \/>\n<meta name=\"twitter:card\" content=\"summary_large_image\" \/>\n<meta name=\"twitter:creator\" content=\"@sunoresearch\" \/>\n<meta name=\"twitter:site\" content=\"@sunoresearch\" \/>\n<meta name=\"twitter:label1\" content=\"Escrito por\" \/>\n\t<meta name=\"twitter:data1\" content=\"Jader Lazarini\" \/>\n\t<meta name=\"twitter:label2\" content=\"Est. tempo de leitura\" \/>\n\t<meta name=\"twitter:data2\" content=\"2 minutos\" \/>\n<script type=\"application\/ld+json\" class=\"yoast-schema-graph\">{\"@context\":\"https:\/\/schema.org\",\"@graph\":[{\"@type\":\"NewsArticle\",\"@id\":\"https:\/\/www.suno.com.br\/noticias\/british-airways-cortara-salarios-para-conter-demissoes-em-meio-a-crise\/#article\",\"isPartOf\":{\"@id\":\"https:\/\/www.suno.com.br\/noticias\/british-airways-cortara-salarios-para-conter-demissoes-em-meio-a-crise\/\"},\"author\":{\"name\":\"Jader Lazarini\",\"@id\":\"https:\/\/www.suno.com.br\/noticias\/#\/schema\/person\/918d79de1f0281f01599b93f9ea6e23f\"},\"headline\":\"British Airways cortar\u00e1 sal\u00e1rios para conter demiss\u00f5es em meio \u00e0 crise\",\"datePublished\":\"2020-08-02T14:15:04+00:00\",\"mainEntityOfPage\":{\"@id\":\"https:\/\/www.suno.com.br\/noticias\/british-airways-cortara-salarios-para-conter-demissoes-em-meio-a-crise\/\"},\"wordCount\":482,\"publisher\":{\"@id\":\"https:\/\/www.suno.com.br\/noticias\/#organization\"},\"image\":{\"@id\":\"https:\/\/www.suno.com.br\/noticias\/british-airways-cortara-salarios-para-conter-demissoes-em-meio-a-crise\/#primaryimage\"},\"thumbnailUrl\":\"https:\/\/files.sunoresearch.com.br\/n\/uploads\/2020\/08\/18a49d0f-british-jpg.webp\",\"keywords\":[\"British Airways\",\"coronav\u00edrus\"],\"articleSection\":[\"Neg\u00f3cios\"],\"inLanguage\":\"pt-BR\"},{\"@type\":\"WebPage\",\"@id\":\"https:\/\/www.suno.com.br\/noticias\/british-airways-cortara-salarios-para-conter-demissoes-em-meio-a-crise\/\",\"url\":\"https:\/\/www.suno.com.br\/noticias\/british-airways-cortara-salarios-para-conter-demissoes-em-meio-a-crise\/\",\"name\":\"British Airways cortar\u00e1 sal\u00e1rios para conter demiss\u00f5es em meio \u00e0 crise\",\"isPartOf\":{\"@id\":\"https:\/\/www.suno.com.br\/noticias\/#website\"},\"primaryImageOfPage\":{\"@id\":\"https:\/\/www.suno.com.br\/noticias\/british-airways-cortara-salarios-para-conter-demissoes-em-meio-a-crise\/#primaryimage\"},\"image\":{\"@id\":\"https:\/\/www.suno.com.br\/noticias\/british-airways-cortara-salarios-para-conter-demissoes-em-meio-a-crise\/#primaryimage\"},\"thumbnailUrl\":\"https:\/\/files.sunoresearch.com.br\/n\/uploads\/2020\/08\/18a49d0f-british-jpg.webp\",\"datePublished\":\"2020-08-02T14:15:04+00:00\",\"description\":\"A proposta da British Airways em estabelecer cortes salariais tempor\u00e1rios de 20% foi aceita pelos colaboradores da companhia. Saiba mais.\",\"breadcrumb\":{\"@id\":\"https:\/\/www.suno.com.br\/noticias\/british-airways-cortara-salarios-para-conter-demissoes-em-meio-a-crise\/#breadcrumb\"},\"inLanguage\":\"pt-BR\",\"potentialAction\":[{\"@type\":\"ReadAction\",\"target\":[\"https:\/\/www.suno.com.br\/noticias\/british-airways-cortara-salarios-para-conter-demissoes-em-meio-a-crise\/\"]}]},{\"@type\":\"ImageObject\",\"inLanguage\":\"pt-BR\",\"@id\":\"https:\/\/www.suno.com.br\/noticias\/british-airways-cortara-salarios-para-conter-demissoes-em-meio-a-crise\/#primaryimage\",\"url\":\"https:\/\/files.sunoresearch.com.br\/n\/uploads\/2020\/08\/18a49d0f-british-jpg.webp\",\"contentUrl\":\"https:\/\/files.sunoresearch.com.br\/n\/uploads\/2020\/08\/18a49d0f-british-jpg.webp\",\"width\":1280,\"height\":960,\"caption\":\"British Airways cortar\u00e1 sal\u00e1rios para conter demiss\u00f5es em meio \u00e0 crise\"},{\"@type\":\"BreadcrumbList\",\"@id\":\"https:\/\/www.suno.com.br\/noticias\/british-airways-cortara-salarios-para-conter-demissoes-em-meio-a-crise\/#breadcrumb\",\"itemListElement\":[{\"@type\":\"ListItem\",\"position\":1,\"name\":\"Not\u00edcias\",\"item\":\"https:\/\/www.suno.com.br\/noticias\/\"},{\"@type\":\"ListItem\",\"position\":2,\"name\":\"Neg\u00f3cios\",\"item\":\"https:\/\/www.suno.com.br\/noticias\/negocios\/\"},{\"@type\":\"ListItem\",\"position\":3,\"name\":\"British Airways cortar\u00e1 sal\u00e1rios para conter demiss\u00f5es em meio \u00e0 crise\"}]},{\"@type\":\"WebSite\",\"@id\":\"https:\/\/www.suno.com.br\/noticias\/#website\",\"url\":\"https:\/\/www.suno.com.br\/noticias\/\",\"name\":\"Suno Not\u00edcias\",\"description\":\"Seu portal de informa\u00e7\u00e3o sobre o mundo dos investimentos\",\"publisher\":{\"@id\":\"https:\/\/www.suno.com.br\/noticias\/#organization\"},\"potentialAction\":[{\"@type\":\"SearchAction\",\"target\":{\"@type\":\"EntryPoint\",\"urlTemplate\":\"https:\/\/www.suno.com.br\/noticias\/?s={search_term_string}\"},\"query-input\":{\"@type\":\"PropertyValueSpecification\",\"valueRequired\":true,\"valueName\":\"search_term_string\"}}],\"inLanguage\":\"pt-BR\"},{\"@type\":\"Organization\",\"@id\":\"https:\/\/www.suno.com.br\/noticias\/#organization\",\"name\":\"Suno Not\u00edcias\",\"url\":\"https:\/\/www.suno.com.br\/noticias\/\",\"logo\":{\"@type\":\"ImageObject\",\"inLanguage\":\"pt-BR\",\"@id\":\"https:\/\/www.suno.com.br\/noticias\/#\/schema\/logo\/image\/\",\"url\":\"https:\/\/files.sunoresearch.com.br\/n\/uploads\/2021\/09\/suno-logo.png\",\"contentUrl\":\"https:\/\/files.sunoresearch.com.br\/n\/uploads\/2021\/09\/suno-logo.png\",\"width\":180,\"height\":180,\"caption\":\"Suno Not\u00edcias\"},\"image\":{\"@id\":\"https:\/\/www.suno.com.br\/noticias\/#\/schema\/logo\/image\/\"},\"sameAs\":[\"https:\/\/facebook.com\/sunoresearch\",\"https:\/\/x.com\/sunoresearch\",\"https:\/\/www.instagram.com\/suno\",\"https:\/\/www.linkedin.com\/company\/suno-research\/\",\"https:\/\/www.youtube.com\/c\/sunoresearch\"]},{\"@type\":\"Person\",\"@id\":\"https:\/\/www.suno.com.br\/noticias\/#\/schema\/person\/918d79de1f0281f01599b93f9ea6e23f\",\"name\":\"Jader Lazarini\",\"image\":{\"@type\":\"ImageObject\",\"inLanguage\":\"pt-BR\",\"@id\":\"https:\/\/www.suno.com.br\/noticias\/#\/schema\/person\/image\/\",\"url\":\"https:\/\/secure.gravatar.com\/avatar\/3c1ad8caa51589841baeb923fcddea97?s=96&r=g\",\"contentUrl\":\"https:\/\/secure.gravatar.com\/avatar\/3c1ad8caa51589841baeb923fcddea97?s=96&r=g\",\"caption\":\"Jader Lazarini\"},\"description\":\"Jader Lazarini escreve sobre investimentos, finan\u00e7as, economia e neg\u00f3cios. \u00c9 bacharel em Rela\u00e7\u00f5es Internacionais e analista CNPI (2619).\",\"url\":\"https:\/\/www.suno.com.br\/noticias\/author\/jader-lazarini\/\"}]}<\/script>\n<!-- \/ Yoast SEO plugin. -->","yoast_head_json":{"title":"British Airways cortar\u00e1 sal\u00e1rios para conter demiss\u00f5es em meio \u00e0 crise","description":"A proposta da British Airways em estabelecer cortes salariais tempor\u00e1rios de 20% foi aceita pelos colaboradores da companhia. Saiba mais.","robots":{"index":"index","follow":"follow","max-snippet":"max-snippet:-1","max-image-preview":"max-image-preview:large","max-video-preview":"max-video-preview:-1"},"canonical":"https:\/\/www.suno.com.br\/noticias\/british-airways-cortara-salarios-para-conter-demissoes-em-meio-a-crise\/","og_locale":"pt_BR","og_type":"article","og_title":"British Airways cortar\u00e1 sal\u00e1rios para conter demiss\u00f5es em meio \u00e0 crise","og_description":"A proposta da British Airways em estabelecer cortes salariais tempor\u00e1rios de 20% foi aceita pelos colaboradores da companhia. Saiba mais.","og_url":"https:\/\/www.suno.com.br\/noticias\/british-airways-cortara-salarios-para-conter-demissoes-em-meio-a-crise\/","og_site_name":"Suno Not\u00edcias","article_publisher":"https:\/\/facebook.com\/sunoresearch","og_image":[{"width":1280,"height":960,"url":"https:\/\/files.sunoresearch.com.br\/n\/uploads\/2020\/08\/18a49d0f-british.jpg","type":"image\/jpeg"}],"author":"Jader Lazarini","twitter_card":"summary_large_image","twitter_creator":"@sunoresearch","twitter_site":"@sunoresearch","twitter_misc":{"Escrito por":"Jader Lazarini","Est. tempo de leitura":"2 minutos"},"schema":{"@context":"https:\/\/schema.org","@graph":[{"@type":"NewsArticle","@id":"https:\/\/www.suno.com.br\/noticias\/british-airways-cortara-salarios-para-conter-demissoes-em-meio-a-crise\/#article","isPartOf":{"@id":"https:\/\/www.suno.com.br\/noticias\/british-airways-cortara-salarios-para-conter-demissoes-em-meio-a-crise\/"},"author":{"name":"Jader Lazarini","@id":"https:\/\/www.suno.com.br\/noticias\/#\/schema\/person\/918d79de1f0281f01599b93f9ea6e23f"},"headline":"British Airways cortar\u00e1 sal\u00e1rios para conter demiss\u00f5es em meio \u00e0 crise","datePublished":"2020-08-02T14:15:04+00:00","mainEntityOfPage":{"@id":"https:\/\/www.suno.com.br\/noticias\/british-airways-cortara-salarios-para-conter-demissoes-em-meio-a-crise\/"},"wordCount":482,"publisher":{"@id":"https:\/\/www.suno.com.br\/noticias\/#organization"},"image":{"@id":"https:\/\/www.suno.com.br\/noticias\/british-airways-cortara-salarios-para-conter-demissoes-em-meio-a-crise\/#primaryimage"},"thumbnailUrl":"https:\/\/files.sunoresearch.com.br\/n\/uploads\/2020\/08\/18a49d0f-british-jpg.webp","keywords":["British Airways","coronav\u00edrus"],"articleSection":["Neg\u00f3cios"],"inLanguage":"pt-BR"},{"@type":"WebPage","@id":"https:\/\/www.suno.com.br\/noticias\/british-airways-cortara-salarios-para-conter-demissoes-em-meio-a-crise\/","url":"https:\/\/www.suno.com.br\/noticias\/british-airways-cortara-salarios-para-conter-demissoes-em-meio-a-crise\/","name":"British Airways cortar\u00e1 sal\u00e1rios para conter demiss\u00f5es em meio \u00e0 crise","isPartOf":{"@id":"https:\/\/www.suno.com.br\/noticias\/#website"},"primaryImageOfPage":{"@id":"https:\/\/www.suno.com.br\/noticias\/british-airways-cortara-salarios-para-conter-demissoes-em-meio-a-crise\/#primaryimage"},"image":{"@id":"https:\/\/www.suno.com.br\/noticias\/british-airways-cortara-salarios-para-conter-demissoes-em-meio-a-crise\/#primaryimage"},"thumbnailUrl":"https:\/\/files.sunoresearch.com.br\/n\/uploads\/2020\/08\/18a49d0f-british-jpg.webp","datePublished":"2020-08-02T14:15:04+00:00","description":"A proposta da British Airways em estabelecer cortes salariais tempor\u00e1rios de 20% foi aceita pelos colaboradores da companhia. Saiba mais.","breadcrumb":{"@id":"https:\/\/www.suno.com.br\/noticias\/british-airways-cortara-salarios-para-conter-demissoes-em-meio-a-crise\/#breadcrumb"},"inLanguage":"pt-BR","potentialAction":[{"@type":"ReadAction","target":["https:\/\/www.suno.com.br\/noticias\/british-airways-cortara-salarios-para-conter-demissoes-em-meio-a-crise\/"]}]},{"@type":"ImageObject","inLanguage":"pt-BR","@id":"https:\/\/www.suno.com.br\/noticias\/british-airways-cortara-salarios-para-conter-demissoes-em-meio-a-crise\/#primaryimage","url":"https:\/\/files.sunoresearch.com.br\/n\/uploads\/2020\/08\/18a49d0f-british-jpg.webp","contentUrl":"https:\/\/files.sunoresearch.com.br\/n\/uploads\/2020\/08\/18a49d0f-british-jpg.webp","width":1280,"height":960,"caption":"British Airways cortar\u00e1 sal\u00e1rios para conter demiss\u00f5es em meio \u00e0 crise"},{"@type":"BreadcrumbList","@id":"https:\/\/www.suno.com.br\/noticias\/british-airways-cortara-salarios-para-conter-demissoes-em-meio-a-crise\/#breadcrumb","itemListElement":[{"@type":"ListItem","position":1,"name":"Not\u00edcias","item":"https:\/\/www.suno.com.br\/noticias\/"},{"@type":"ListItem","position":2,"name":"Neg\u00f3cios","item":"https:\/\/www.suno.com.br\/noticias\/negocios\/"},{"@type":"ListItem","position":3,"name":"British Airways cortar\u00e1 sal\u00e1rios para conter demiss\u00f5es em meio \u00e0 crise"}]},{"@type":"WebSite","@id":"https:\/\/www.suno.com.br\/noticias\/#website","url":"https:\/\/www.suno.com.br\/noticias\/","name":"Suno Not\u00edcias","description":"Seu portal de informa\u00e7\u00e3o sobre o mundo dos investimentos","publisher":{"@id":"https:\/\/www.suno.com.br\/noticias\/#organization"},"potentialAction":[{"@type":"SearchAction","target":{"@type":"EntryPoint","urlTemplate":"https:\/\/www.suno.com.br\/noticias\/?s={search_term_string}"},"query-input":{"@type":"PropertyValueSpecification","valueRequired":true,"valueName":"search_term_string"}}],"inLanguage":"pt-BR"},{"@type":"Organization","@id":"https:\/\/www.suno.com.br\/noticias\/#organization","name":"Suno Not\u00edcias","url":"https:\/\/www.suno.com.br\/noticias\/","logo":{"@type":"ImageObject","inLanguage":"pt-BR","@id":"https:\/\/www.suno.com.br\/noticias\/#\/schema\/logo\/image\/","url":"https:\/\/files.sunoresearch.com.br\/n\/uploads\/2021\/09\/suno-logo.png","contentUrl":"https:\/\/files.sunoresearch.com.br\/n\/uploads\/2021\/09\/suno-logo.png","width":180,"height":180,"caption":"Suno Not\u00edcias"},"image":{"@id":"https:\/\/www.suno.com.br\/noticias\/#\/schema\/logo\/image\/"},"sameAs":["https:\/\/facebook.com\/sunoresearch","https:\/\/x.com\/sunoresearch","https:\/\/www.instagram.com\/suno","https:\/\/www.linkedin.com\/company\/suno-research\/","https:\/\/www.youtube.com\/c\/sunoresearch"]},{"@type":"Person","@id":"https:\/\/www.suno.com.br\/noticias\/#\/schema\/person\/918d79de1f0281f01599b93f9ea6e23f","name":"Jader Lazarini","image":{"@type":"ImageObject","inLanguage":"pt-BR","@id":"https:\/\/www.suno.com.br\/noticias\/#\/schema\/person\/image\/","url":"https:\/\/secure.gravatar.com\/avatar\/3c1ad8caa51589841baeb923fcddea97?s=96&r=g","contentUrl":"https:\/\/secure.gravatar.com\/avatar\/3c1ad8caa51589841baeb923fcddea97?s=96&r=g","caption":"Jader Lazarini"},"description":"Jader Lazarini escreve sobre investimentos, finan\u00e7as, economia e neg\u00f3cios. \u00c9 bacharel em Rela\u00e7\u00f5es Internacionais e analista CNPI (2619).","url":"https:\/\/www.suno.com.br\/noticias\/author\/jader-lazarini\/"}]}},"default_loop_html":"<div class=\"cardsPage__listCard__boxs\"><div class=\"cardsPage__listCard__boxs__img\"><a href=\"https:\/\/www.suno.com.br\/noticias\/british-airways-cortara-salarios-para-conter-demissoes-em-meio-a-crise\/\"><img class=\"mask\" src=\"https:\/\/www.suno.com.br\/noticias\/wp-content\/themes\/suno\/resources\/images\/spotlight\/spotlight1img\/bg-mask.png\" alt=\"Image Mask\"\/><img src=\"https:\/\/files.sunoresearch.com.br\/n\/uploads\/2020\/08\/18a49d0f-british-400x200.webp\" alt=\"British Airways cortar\u00e1 sal\u00e1rios para conter demiss\u00f5es em meio \u00e0 crise\"\/><\/a><span class=\"spotlightCategory\"><a href=\"https:\/\/www.suno.com.br\/noticias\/negocios\/\">Neg\u00f3cios<\/a><\/span><\/div><div class=\"cardsPage__listCard__boxs__content\"><a href=\"https:\/\/www.suno.com.br\/noticias\/british-airways-cortara-salarios-para-conter-demissoes-em-meio-a-crise\/\"><h2 class=\"content__title\">British Airways cortar\u00e1 sal\u00e1rios para conter demiss\u00f5es em meio \u00e0 crise<\/h2><\/a><div class=\"newsContent__article__meta\"><div class=\"newsContent__article__meta__authorBox\"><a href=\"https:\/\/www.suno.com.br\/noticias\/author\/jader-lazarini\/\" class=\"authorBox__avatar noMobi\"><img src=\"https:\/\/files.sunoresearch.com.br\/n\/uploads\/2021\/01\/178e6598-foto-perfil-2-150x150.jpg\" alt=\"Jader Lazarini\"><\/a><div class=\"authorBox__name\"><span>por\n\t\t\t<a href=\"https:\/\/www.suno.com.br\/noticias\/author\/jader-lazarini\/\"><span itemprop=\"author\">Jader Lazarini<\/span><\/a><\/span><time datetime=\"2020-08-02T11:15:04-03:00\" itemprop=\"datePublished\">02\/08\/2020 11:15<\/time><\/div><\/div><\/div><\/div><\/div>","single_layout":"posts","amp_enabled":true,"_links":{"self":[{"href":"https:\/\/www.suno.com.br\/noticias\/wp-json\/wp\/v2\/posts\/75873"}],"collection":[{"href":"https:\/\/www.suno.com.br\/noticias\/wp-json\/wp\/v2\/posts"}],"about":[{"href":"https:\/\/www.suno.com.br\/noticias\/wp-json\/wp\/v2\/types\/post"}],"author":[{"embeddable":true,"href":"https:\/\/www.suno.com.br\/noticias\/wp-json\/wp\/v2\/users\/24"}],"replies":[{"embeddable":true,"href":"https:\/\/www.suno.com.br\/noticias\/wp-json\/wp\/v2\/comments?post=75873"}],"version-history":[{"count":0,"href":"https:\/\/www.suno.com.br\/noticias\/wp-json\/wp\/v2\/posts\/75873\/revisions"}],"wp:featuredmedia":[{"embeddable":true,"href":"https:\/\/www.suno.com.br\/noticias\/wp-json\/wp\/v2\/media\/75874"}],"wp:attachment":[{"href":"https:\/\/www.suno.com.br\/noticias\/wp-json\/wp\/v2\/media?parent=75873"}],"wp:term":[{"taxonomy":"category","embeddable":true,"href":"https:\/\/www.suno.com.br\/noticias\/wp-json\/wp\/v2\/categories?post=75873"},{"taxonomy":"post_tag","embeddable":true,"href":"https:\/\/www.suno.com.br\/noticias\/wp-json\/wp\/v2\/tags?post=75873"},{"taxonomy":"suno_strategy","embeddable":true,"href":"https:\/\/www.suno.com.br\/noticias\/wp-json\/wp\/v2\/suno_strategy?post=75873"}],"curies":[{"name":"wp","href":"https:\/\/api.w.org\/{rel}","templated":true}]}}