{"id":75864,"date":"2020-08-02T08:58:07","date_gmt":"2020-08-02T11:58:07","guid":{"rendered":"https:\/\/www.suno.com.br\/noticias\/?p=75864"},"modified":"2021-05-30T23:19:57","modified_gmt":"2021-05-31T02:19:57","slug":"oi-oibr3-tim-vivo-claro-podem-voltar-liderar-disputa","status":"publish","type":"post","link":"https:\/\/www.suno.com.br\/noticias\/oi-oibr3-tim-vivo-claro-podem-voltar-liderar-disputa\/","title":{"rendered":"Oi (OIBR3): TIM, Vivo e Claro podem voltar a liderar disputa por \u00e1rea m\u00f3vel, diz jornal"},"content":{"rendered":"<p>O cons\u00f3rcio formado por <a href=\"https:\/\/www.suno.com.br\/acoes\/timp3\/\">TIM (TIMP3)<\/a>, <a href=\"https:\/\/www.suno.com.br\/acoes\/vivt4\/\">Vivo (VIVT4)<\/a> e Claro pode retomar a lideran\u00e7a da disputa pelos ativos da opera\u00e7\u00e3o m\u00f3vel da <a href=\"https:\/\/www.suno.com.br\/acoes\/oibr3\/\"><strong>Oi<\/strong> (OIBR3)<\/a>. Segundo o jornal &#8220;O Estado de S.Paulo&#8221;, isso aconteceria caso o direito de exclusividade nas negocia\u00e7\u00f5es dado pela Oi \u00e0 Highline, que expira na pr\u00f3xima segunda-feira (3), n\u00e3o for renovado.<\/p>\t<div class=\"wrapper-featured-image\">\n\t\t<figure class=\"spotlightImg\">\n\n\t\t\t<picture>\n\t\t\t\t<source media=\"(max-width: 768px)\" srcset=\"https:\/\/files.sunoresearch.com.br\/n\/uploads\/2019\/08\/391f8501-oi-400x200.webp\">\n\t\t\t\t<img loading=\"lazy\" decoding=\"async\" class=\"newsContent__article__imgCapa lazyloadDisabled newsContent__article__imgCapa--noCaption\" src=\"https:\/\/files.sunoresearch.com.br\/n\/uploads\/2019\/08\/391f8501-oi-800x450.webp\" width=\"800\" height=\"450\" alt=\"Oi (OIBR3): TIM, Vivo e Claro podem voltar a liderar disputa por \u00e1rea m\u00f3vel, diz jornal\" fetchpriority=high \/>\n\t\t\t<\/picture>\n\n\t\t\t<figcaption class=\"wp-caption-text wp-caption-text--hide\">Enel faz proposta de R$ 11,5 bilh\u00f5es por rede de fibra da Oi<\/figcaption>\n\t\t<\/figure>\n\t<\/div>\n\n\n\n<p>Na \u00faltima sexta-feira (31), o jornal &#8220;O Globo&#8221; informou que a <a href=\"https:\/\/www.suno.com.br\/noticias\/oi-oibr3-highline-deve-desistir-de-negociacao-por-area-movel-diz-jornal\/\"><strong>Highline<\/strong> desistiria das negocia\u00e7\u00f5es e n\u00e3o cobriria a contra-oferta do cons\u00f3rcio pelos ativos da Oi<\/a>, de R$ 16,5 bilh\u00f5es.<\/p>\n<p>Em recupera\u00e7\u00e3o judicial desde junho de 2016, a Oi avalia suas redes de telefonia e internet m\u00f3veis, que contemplam 33,9 milh\u00f5es de clientes, em cerca de R$ 15 bilh\u00f5es. A primeira oferta de <strong>TIM<\/strong>, <strong>Vivo<\/strong> e <strong>Claro<\/strong>, em meados de julho, ultrapassou esse valor, atingindo R$ 15,1 bilh\u00f5es.<\/p>\n<p><a href=\"https:\/\/lp.suno.com.br\/suno-one\/\">Suno One: acesse gratuitamente eBooks, Minicursos, Artigos e Video Aulas sobre investimentos com um \u00fanico cadastro. Clique para saber mais!<\/a><\/p>\n<p>Posteriormente, a Highline, controlada pela estadunidense <strong>Digital Colony<\/strong> &#8212; que atua no ramo de telecomunica\u00e7\u00f5es e infraestrutura &#8211;, cobriu a oferta com um valor n\u00e3o divulgado. Essa foi a \u00faltima oferta da Highline antes da <a href=\"https:\/\/www.suno.com.br\/noticias\/oi-oibr3-nova-proposta-tim-vivo-claro-r-16-5-bi\/\">proposta de R$ 16,5 bilh\u00f5es<\/a> do cons\u00f3rcio, a qual a Oi considera com &#8220;condi\u00e7\u00f5es financeiras mais vantajosas&#8221;, segundo um comunicado oficial.<\/p>\n<p>No entanto, segundo &#8220;O Estado de S.Paulo&#8221;, nos bastidores n\u00e3o \u00e9 descartada nenhuma outra movimenta\u00e7\u00e3o nas negocia\u00e7\u00f5es, embora haja a percep\u00e7\u00e3o de que o lance da Highline \u00e9 &#8220;bom o bastante&#8221; para ser aceito. A norte-americana poderia ser escolhida mesmo com uma oferta menor, j\u00e1 que a aceita\u00e7\u00e3o da proposta n\u00e3o levar\u00e1 em considera\u00e7\u00e3o apenas o valor colocado na mesa.<\/p>\n<p>De acordo com a Oi, a dire\u00e7\u00e3o da companhia pode aceitar a segunda melhor proposta, desde que o pre\u00e7o ofertado seja at\u00e9 5% inferior em compara\u00e7\u00e3o \u00e0 maior oferta. Teria de ser apresentada uma &#8220;justificativa fundamentada&#8221; para tal.<\/p>\n<p>Em teoria, caso a norte-americana fosse a escolhida, o <a href=\"https:\/\/www.suno.com.br\/artigos\/cade\/\">Conselho Administrativo de Defesa Econ\u00f4mica (<strong>Cade<\/strong>)<\/a> poderia aprovar o neg\u00f3cio sem demasiadas restri\u00e7\u00f5es, uma vez que toda a opera\u00e7\u00e3o m\u00f3vel da Oi n\u00e3o ficaria concentrada em apenas tr\u00eas agentes que j\u00e1 atuam no Brasil.<\/p>\n<p><a href=\"https:\/\/www.suno.com.br\/noticias\/oi-oibr3-credores-preocupam-oferta-highline\/\">Saiba mais: Oi: Credores da tele se preocupam com oferta da Highline<\/a><\/p>\n<p>No entanto, a Highline ainda n\u00e3o opera no mercado brasileiro, portanto n\u00e3o possui experi\u00eancia no neg\u00f3cio de telefonia e internet m\u00f3vel do Pa\u00eds para o consumidor final. Al\u00e9m disso, contaria com uma infraestrutura apenas embrion\u00e1ria dos ativos da <strong>Oi<\/strong>.<\/p>\n\n","protected":false},"excerpt":{"rendered":"<p>O cons\u00f3rcio formado por TIM (TIMP3), Vivo (VIVT4) e Claro pode retomar a lideran\u00e7a da disputa pelos ativos da opera\u00e7\u00e3o m\u00f3vel da Oi (OIBR3). Segundo o jornal &#8220;O Estado de S.Paulo&#8221;, isso aconteceria caso o direito de exclusividade nas negocia\u00e7\u00f5es dado pela Oi \u00e0 Highline, que expira na pr\u00f3xima segunda-feira (3), n\u00e3o for renovado. Enel [&hellip;]<\/p>\n","protected":false},"author":24,"featured_media":35803,"comment_status":"closed","ping_status":"closed","sticky":false,"template":"","format":"standard","meta":[],"categories":[64],"tags":[584,659,663,1141],"suno_strategy":[],"class_list":["post-75864","post","type-post","status-publish","format-standard","has-post-thumbnail","hentry","category-negocios","tag-oi-oibr3-oibr4","tag-telefonica-vivt3","tag-tim-tims3","tag-vivo"],"yoast_head":"<!-- This site is optimized with the Yoast SEO plugin v24.4 - https:\/\/yoast.com\/wordpress\/plugins\/seo\/ -->\n<title>Oi (OIBR3): TIM, Vivo e Claro podem voltar a liderar disputa, diz jornal<\/title>\n<meta name=\"description\" content=\"O cons\u00f3rcio formado por TIM, Vivo e Claro pode retomar a lideran\u00e7a da disputa pelos ativos da opera\u00e7\u00e3o m\u00f3vel da Oi. Saiba mais.\" \/>\n<meta name=\"robots\" content=\"index, follow, max-snippet:-1, max-image-preview:large, max-video-preview:-1\" \/>\n<link rel=\"canonical\" href=\"https:\/\/www.suno.com.br\/noticias\/oi-oibr3-tim-vivo-claro-podem-voltar-liderar-disputa\/\" \/>\n<meta property=\"og:locale\" content=\"pt_BR\" \/>\n<meta property=\"og:type\" content=\"article\" \/>\n<meta property=\"og:title\" content=\"Oi (OIBR3): TIM, Vivo e Claro podem voltar a liderar disputa, diz jornal\" \/>\n<meta property=\"og:description\" content=\"O cons\u00f3rcio formado por TIM, Vivo e Claro pode retomar a lideran\u00e7a da disputa pelos ativos da opera\u00e7\u00e3o m\u00f3vel da Oi. Saiba mais.\" \/>\n<meta property=\"og:url\" content=\"https:\/\/www.suno.com.br\/noticias\/oi-oibr3-tim-vivo-claro-podem-voltar-liderar-disputa\/\" \/>\n<meta property=\"og:site_name\" content=\"Suno Not\u00edcias\" \/>\n<meta property=\"article:publisher\" content=\"https:\/\/facebook.com\/sunoresearch\" \/>\n<meta property=\"og:image\" content=\"https:\/\/files.sunoresearch.com.br\/n\/uploads\/2019\/08\/391f8501-oi.jpg\" \/>\n\t<meta property=\"og:image:width\" content=\"3342\" \/>\n\t<meta property=\"og:image:height\" content=\"2231\" \/>\n\t<meta property=\"og:image:type\" content=\"image\/jpeg\" \/>\n<meta name=\"author\" content=\"Jader Lazarini\" \/>\n<meta name=\"twitter:card\" content=\"summary_large_image\" \/>\n<meta name=\"twitter:creator\" content=\"@sunoresearch\" \/>\n<meta name=\"twitter:site\" content=\"@sunoresearch\" \/>\n<meta name=\"twitter:label1\" content=\"Escrito por\" \/>\n\t<meta name=\"twitter:data1\" content=\"Jader Lazarini\" \/>\n\t<meta name=\"twitter:label2\" content=\"Est. tempo de leitura\" \/>\n\t<meta name=\"twitter:data2\" content=\"2 minutos\" \/>\n<script type=\"application\/ld+json\" class=\"yoast-schema-graph\">{\"@context\":\"https:\/\/schema.org\",\"@graph\":[{\"@type\":\"NewsArticle\",\"@id\":\"https:\/\/www.suno.com.br\/noticias\/oi-oibr3-tim-vivo-claro-podem-voltar-liderar-disputa\/#article\",\"isPartOf\":{\"@id\":\"https:\/\/www.suno.com.br\/noticias\/oi-oibr3-tim-vivo-claro-podem-voltar-liderar-disputa\/\"},\"author\":{\"name\":\"Jader Lazarini\",\"@id\":\"https:\/\/www.suno.com.br\/noticias\/#\/schema\/person\/918d79de1f0281f01599b93f9ea6e23f\"},\"headline\":\"Oi (OIBR3): TIM, Vivo e Claro podem voltar a liderar disputa por \u00e1rea m\u00f3vel, diz jornal\",\"datePublished\":\"2020-08-02T11:58:07+00:00\",\"dateModified\":\"2021-05-31T02:19:57+00:00\",\"mainEntityOfPage\":{\"@id\":\"https:\/\/www.suno.com.br\/noticias\/oi-oibr3-tim-vivo-claro-podem-voltar-liderar-disputa\/\"},\"wordCount\":460,\"publisher\":{\"@id\":\"https:\/\/www.suno.com.br\/noticias\/#organization\"},\"image\":{\"@id\":\"https:\/\/www.suno.com.br\/noticias\/oi-oibr3-tim-vivo-claro-podem-voltar-liderar-disputa\/#primaryimage\"},\"thumbnailUrl\":\"https:\/\/files.sunoresearch.com.br\/n\/uploads\/2019\/08\/391f8501-oi-scaled.webp\",\"keywords\":[\"Oi (OIBR3\/OIBR4)\",\"Telef\u00f4nica (VIVT3)\",\"TIM (TIMS3)\",\"Vivo\"],\"articleSection\":[\"Neg\u00f3cios\"],\"inLanguage\":\"pt-BR\"},{\"@type\":\"WebPage\",\"@id\":\"https:\/\/www.suno.com.br\/noticias\/oi-oibr3-tim-vivo-claro-podem-voltar-liderar-disputa\/\",\"url\":\"https:\/\/www.suno.com.br\/noticias\/oi-oibr3-tim-vivo-claro-podem-voltar-liderar-disputa\/\",\"name\":\"Oi (OIBR3): TIM, Vivo e Claro podem voltar a liderar disputa, diz jornal\",\"isPartOf\":{\"@id\":\"https:\/\/www.suno.com.br\/noticias\/#website\"},\"primaryImageOfPage\":{\"@id\":\"https:\/\/www.suno.com.br\/noticias\/oi-oibr3-tim-vivo-claro-podem-voltar-liderar-disputa\/#primaryimage\"},\"image\":{\"@id\":\"https:\/\/www.suno.com.br\/noticias\/oi-oibr3-tim-vivo-claro-podem-voltar-liderar-disputa\/#primaryimage\"},\"thumbnailUrl\":\"https:\/\/files.sunoresearch.com.br\/n\/uploads\/2019\/08\/391f8501-oi-scaled.webp\",\"datePublished\":\"2020-08-02T11:58:07+00:00\",\"dateModified\":\"2021-05-31T02:19:57+00:00\",\"description\":\"O cons\u00f3rcio formado por TIM, Vivo e Claro pode retomar a lideran\u00e7a da disputa pelos ativos da opera\u00e7\u00e3o m\u00f3vel da Oi. Saiba mais.\",\"breadcrumb\":{\"@id\":\"https:\/\/www.suno.com.br\/noticias\/oi-oibr3-tim-vivo-claro-podem-voltar-liderar-disputa\/#breadcrumb\"},\"inLanguage\":\"pt-BR\",\"potentialAction\":[{\"@type\":\"ReadAction\",\"target\":[\"https:\/\/www.suno.com.br\/noticias\/oi-oibr3-tim-vivo-claro-podem-voltar-liderar-disputa\/\"]}]},{\"@type\":\"ImageObject\",\"inLanguage\":\"pt-BR\",\"@id\":\"https:\/\/www.suno.com.br\/noticias\/oi-oibr3-tim-vivo-claro-podem-voltar-liderar-disputa\/#primaryimage\",\"url\":\"https:\/\/files.sunoresearch.com.br\/n\/uploads\/2019\/08\/391f8501-oi-scaled.webp\",\"contentUrl\":\"https:\/\/files.sunoresearch.com.br\/n\/uploads\/2019\/08\/391f8501-oi-scaled.webp\",\"width\":2560,\"height\":1709,\"caption\":\"Enel faz proposta de R$ 11,5 bilh\u00f5es por rede de fibra da Oi\"},{\"@type\":\"BreadcrumbList\",\"@id\":\"https:\/\/www.suno.com.br\/noticias\/oi-oibr3-tim-vivo-claro-podem-voltar-liderar-disputa\/#breadcrumb\",\"itemListElement\":[{\"@type\":\"ListItem\",\"position\":1,\"name\":\"Not\u00edcias\",\"item\":\"https:\/\/www.suno.com.br\/noticias\/\"},{\"@type\":\"ListItem\",\"position\":2,\"name\":\"Neg\u00f3cios\",\"item\":\"https:\/\/www.suno.com.br\/noticias\/negocios\/\"},{\"@type\":\"ListItem\",\"position\":3,\"name\":\"Oi (OIBR3): TIM, Vivo e Claro podem voltar a liderar disputa por \u00e1rea m\u00f3vel, diz jornal\"}]},{\"@type\":\"WebSite\",\"@id\":\"https:\/\/www.suno.com.br\/noticias\/#website\",\"url\":\"https:\/\/www.suno.com.br\/noticias\/\",\"name\":\"Suno Not\u00edcias\",\"description\":\"Seu portal de informa\u00e7\u00e3o sobre o mundo dos investimentos\",\"publisher\":{\"@id\":\"https:\/\/www.suno.com.br\/noticias\/#organization\"},\"potentialAction\":[{\"@type\":\"SearchAction\",\"target\":{\"@type\":\"EntryPoint\",\"urlTemplate\":\"https:\/\/www.suno.com.br\/noticias\/?s={search_term_string}\"},\"query-input\":{\"@type\":\"PropertyValueSpecification\",\"valueRequired\":true,\"valueName\":\"search_term_string\"}}],\"inLanguage\":\"pt-BR\"},{\"@type\":\"Organization\",\"@id\":\"https:\/\/www.suno.com.br\/noticias\/#organization\",\"name\":\"Suno Not\u00edcias\",\"url\":\"https:\/\/www.suno.com.br\/noticias\/\",\"logo\":{\"@type\":\"ImageObject\",\"inLanguage\":\"pt-BR\",\"@id\":\"https:\/\/www.suno.com.br\/noticias\/#\/schema\/logo\/image\/\",\"url\":\"https:\/\/files.sunoresearch.com.br\/n\/uploads\/2021\/09\/suno-logo.png\",\"contentUrl\":\"https:\/\/files.sunoresearch.com.br\/n\/uploads\/2021\/09\/suno-logo.png\",\"width\":180,\"height\":180,\"caption\":\"Suno Not\u00edcias\"},\"image\":{\"@id\":\"https:\/\/www.suno.com.br\/noticias\/#\/schema\/logo\/image\/\"},\"sameAs\":[\"https:\/\/facebook.com\/sunoresearch\",\"https:\/\/x.com\/sunoresearch\",\"https:\/\/www.instagram.com\/suno\",\"https:\/\/www.linkedin.com\/company\/suno-research\/\",\"https:\/\/www.youtube.com\/c\/sunoresearch\"]},{\"@type\":\"Person\",\"@id\":\"https:\/\/www.suno.com.br\/noticias\/#\/schema\/person\/918d79de1f0281f01599b93f9ea6e23f\",\"name\":\"Jader Lazarini\",\"image\":{\"@type\":\"ImageObject\",\"inLanguage\":\"pt-BR\",\"@id\":\"https:\/\/www.suno.com.br\/noticias\/#\/schema\/person\/image\/\",\"url\":\"https:\/\/secure.gravatar.com\/avatar\/3c1ad8caa51589841baeb923fcddea97?s=96&r=g\",\"contentUrl\":\"https:\/\/secure.gravatar.com\/avatar\/3c1ad8caa51589841baeb923fcddea97?s=96&r=g\",\"caption\":\"Jader Lazarini\"},\"description\":\"Jader Lazarini escreve sobre investimentos, finan\u00e7as, economia e neg\u00f3cios. \u00c9 bacharel em Rela\u00e7\u00f5es Internacionais e analista CNPI (2619).\",\"url\":\"https:\/\/www.suno.com.br\/noticias\/author\/jader-lazarini\/\"}]}<\/script>\n<!-- \/ Yoast SEO plugin. -->","yoast_head_json":{"title":"Oi (OIBR3): TIM, Vivo e Claro podem voltar a liderar disputa, diz jornal","description":"O cons\u00f3rcio formado por TIM, Vivo e Claro pode retomar a lideran\u00e7a da disputa pelos ativos da opera\u00e7\u00e3o m\u00f3vel da Oi. Saiba mais.","robots":{"index":"index","follow":"follow","max-snippet":"max-snippet:-1","max-image-preview":"max-image-preview:large","max-video-preview":"max-video-preview:-1"},"canonical":"https:\/\/www.suno.com.br\/noticias\/oi-oibr3-tim-vivo-claro-podem-voltar-liderar-disputa\/","og_locale":"pt_BR","og_type":"article","og_title":"Oi (OIBR3): TIM, Vivo e Claro podem voltar a liderar disputa, diz jornal","og_description":"O cons\u00f3rcio formado por TIM, Vivo e Claro pode retomar a lideran\u00e7a da disputa pelos ativos da opera\u00e7\u00e3o m\u00f3vel da Oi. Saiba mais.","og_url":"https:\/\/www.suno.com.br\/noticias\/oi-oibr3-tim-vivo-claro-podem-voltar-liderar-disputa\/","og_site_name":"Suno Not\u00edcias","article_publisher":"https:\/\/facebook.com\/sunoresearch","og_image":[{"width":3342,"height":2231,"url":"https:\/\/files.sunoresearch.com.br\/n\/uploads\/2019\/08\/391f8501-oi.jpg","type":"image\/jpeg"}],"author":"Jader Lazarini","twitter_card":"summary_large_image","twitter_creator":"@sunoresearch","twitter_site":"@sunoresearch","twitter_misc":{"Escrito por":"Jader Lazarini","Est. tempo de leitura":"2 minutos"},"schema":{"@context":"https:\/\/schema.org","@graph":[{"@type":"NewsArticle","@id":"https:\/\/www.suno.com.br\/noticias\/oi-oibr3-tim-vivo-claro-podem-voltar-liderar-disputa\/#article","isPartOf":{"@id":"https:\/\/www.suno.com.br\/noticias\/oi-oibr3-tim-vivo-claro-podem-voltar-liderar-disputa\/"},"author":{"name":"Jader Lazarini","@id":"https:\/\/www.suno.com.br\/noticias\/#\/schema\/person\/918d79de1f0281f01599b93f9ea6e23f"},"headline":"Oi (OIBR3): TIM, Vivo e Claro podem voltar a liderar disputa por \u00e1rea m\u00f3vel, diz jornal","datePublished":"2020-08-02T11:58:07+00:00","dateModified":"2021-05-31T02:19:57+00:00","mainEntityOfPage":{"@id":"https:\/\/www.suno.com.br\/noticias\/oi-oibr3-tim-vivo-claro-podem-voltar-liderar-disputa\/"},"wordCount":460,"publisher":{"@id":"https:\/\/www.suno.com.br\/noticias\/#organization"},"image":{"@id":"https:\/\/www.suno.com.br\/noticias\/oi-oibr3-tim-vivo-claro-podem-voltar-liderar-disputa\/#primaryimage"},"thumbnailUrl":"https:\/\/files.sunoresearch.com.br\/n\/uploads\/2019\/08\/391f8501-oi-scaled.webp","keywords":["Oi (OIBR3\/OIBR4)","Telef\u00f4nica (VIVT3)","TIM (TIMS3)","Vivo"],"articleSection":["Neg\u00f3cios"],"inLanguage":"pt-BR"},{"@type":"WebPage","@id":"https:\/\/www.suno.com.br\/noticias\/oi-oibr3-tim-vivo-claro-podem-voltar-liderar-disputa\/","url":"https:\/\/www.suno.com.br\/noticias\/oi-oibr3-tim-vivo-claro-podem-voltar-liderar-disputa\/","name":"Oi (OIBR3): TIM, Vivo e Claro podem voltar a liderar disputa, diz jornal","isPartOf":{"@id":"https:\/\/www.suno.com.br\/noticias\/#website"},"primaryImageOfPage":{"@id":"https:\/\/www.suno.com.br\/noticias\/oi-oibr3-tim-vivo-claro-podem-voltar-liderar-disputa\/#primaryimage"},"image":{"@id":"https:\/\/www.suno.com.br\/noticias\/oi-oibr3-tim-vivo-claro-podem-voltar-liderar-disputa\/#primaryimage"},"thumbnailUrl":"https:\/\/files.sunoresearch.com.br\/n\/uploads\/2019\/08\/391f8501-oi-scaled.webp","datePublished":"2020-08-02T11:58:07+00:00","dateModified":"2021-05-31T02:19:57+00:00","description":"O cons\u00f3rcio formado por TIM, Vivo e Claro pode retomar a lideran\u00e7a da disputa pelos ativos da opera\u00e7\u00e3o m\u00f3vel da Oi. Saiba mais.","breadcrumb":{"@id":"https:\/\/www.suno.com.br\/noticias\/oi-oibr3-tim-vivo-claro-podem-voltar-liderar-disputa\/#breadcrumb"},"inLanguage":"pt-BR","potentialAction":[{"@type":"ReadAction","target":["https:\/\/www.suno.com.br\/noticias\/oi-oibr3-tim-vivo-claro-podem-voltar-liderar-disputa\/"]}]},{"@type":"ImageObject","inLanguage":"pt-BR","@id":"https:\/\/www.suno.com.br\/noticias\/oi-oibr3-tim-vivo-claro-podem-voltar-liderar-disputa\/#primaryimage","url":"https:\/\/files.sunoresearch.com.br\/n\/uploads\/2019\/08\/391f8501-oi-scaled.webp","contentUrl":"https:\/\/files.sunoresearch.com.br\/n\/uploads\/2019\/08\/391f8501-oi-scaled.webp","width":2560,"height":1709,"caption":"Enel faz proposta de R$ 11,5 bilh\u00f5es por rede de fibra da Oi"},{"@type":"BreadcrumbList","@id":"https:\/\/www.suno.com.br\/noticias\/oi-oibr3-tim-vivo-claro-podem-voltar-liderar-disputa\/#breadcrumb","itemListElement":[{"@type":"ListItem","position":1,"name":"Not\u00edcias","item":"https:\/\/www.suno.com.br\/noticias\/"},{"@type":"ListItem","position":2,"name":"Neg\u00f3cios","item":"https:\/\/www.suno.com.br\/noticias\/negocios\/"},{"@type":"ListItem","position":3,"name":"Oi (OIBR3): TIM, Vivo e Claro podem voltar a liderar disputa por \u00e1rea m\u00f3vel, diz jornal"}]},{"@type":"WebSite","@id":"https:\/\/www.suno.com.br\/noticias\/#website","url":"https:\/\/www.suno.com.br\/noticias\/","name":"Suno Not\u00edcias","description":"Seu portal de informa\u00e7\u00e3o sobre o mundo dos investimentos","publisher":{"@id":"https:\/\/www.suno.com.br\/noticias\/#organization"},"potentialAction":[{"@type":"SearchAction","target":{"@type":"EntryPoint","urlTemplate":"https:\/\/www.suno.com.br\/noticias\/?s={search_term_string}"},"query-input":{"@type":"PropertyValueSpecification","valueRequired":true,"valueName":"search_term_string"}}],"inLanguage":"pt-BR"},{"@type":"Organization","@id":"https:\/\/www.suno.com.br\/noticias\/#organization","name":"Suno Not\u00edcias","url":"https:\/\/www.suno.com.br\/noticias\/","logo":{"@type":"ImageObject","inLanguage":"pt-BR","@id":"https:\/\/www.suno.com.br\/noticias\/#\/schema\/logo\/image\/","url":"https:\/\/files.sunoresearch.com.br\/n\/uploads\/2021\/09\/suno-logo.png","contentUrl":"https:\/\/files.sunoresearch.com.br\/n\/uploads\/2021\/09\/suno-logo.png","width":180,"height":180,"caption":"Suno Not\u00edcias"},"image":{"@id":"https:\/\/www.suno.com.br\/noticias\/#\/schema\/logo\/image\/"},"sameAs":["https:\/\/facebook.com\/sunoresearch","https:\/\/x.com\/sunoresearch","https:\/\/www.instagram.com\/suno","https:\/\/www.linkedin.com\/company\/suno-research\/","https:\/\/www.youtube.com\/c\/sunoresearch"]},{"@type":"Person","@id":"https:\/\/www.suno.com.br\/noticias\/#\/schema\/person\/918d79de1f0281f01599b93f9ea6e23f","name":"Jader Lazarini","image":{"@type":"ImageObject","inLanguage":"pt-BR","@id":"https:\/\/www.suno.com.br\/noticias\/#\/schema\/person\/image\/","url":"https:\/\/secure.gravatar.com\/avatar\/3c1ad8caa51589841baeb923fcddea97?s=96&r=g","contentUrl":"https:\/\/secure.gravatar.com\/avatar\/3c1ad8caa51589841baeb923fcddea97?s=96&r=g","caption":"Jader Lazarini"},"description":"Jader Lazarini escreve sobre investimentos, finan\u00e7as, economia e neg\u00f3cios. \u00c9 bacharel em Rela\u00e7\u00f5es Internacionais e analista CNPI (2619).","url":"https:\/\/www.suno.com.br\/noticias\/author\/jader-lazarini\/"}]}},"default_loop_html":"<div class=\"cardsPage__listCard__boxs\"><div class=\"cardsPage__listCard__boxs__img\"><a href=\"https:\/\/www.suno.com.br\/noticias\/oi-oibr3-tim-vivo-claro-podem-voltar-liderar-disputa\/\"><img class=\"mask\" src=\"https:\/\/www.suno.com.br\/noticias\/wp-content\/themes\/suno\/resources\/images\/spotlight\/spotlight1img\/bg-mask.png\" alt=\"Image Mask\"\/><img src=\"https:\/\/files.sunoresearch.com.br\/n\/uploads\/2019\/08\/391f8501-oi-400x200.webp\" alt=\"Oi (OIBR3): TIM, Vivo e Claro podem voltar a liderar disputa por \u00e1rea m\u00f3vel, diz jornal\"\/><\/a><span class=\"spotlightCategory\"><a href=\"https:\/\/www.suno.com.br\/noticias\/negocios\/\">Neg\u00f3cios<\/a><\/span><\/div><div class=\"cardsPage__listCard__boxs__content\"><a href=\"https:\/\/www.suno.com.br\/noticias\/oi-oibr3-tim-vivo-claro-podem-voltar-liderar-disputa\/\"><h2 class=\"content__title\">Oi (OIBR3): TIM, Vivo e Claro podem voltar a liderar disputa por \u00e1rea m\u00f3vel, diz jornal<\/h2><\/a><div class=\"newsContent__article__meta\"><div class=\"newsContent__article__meta__authorBox\"><a href=\"https:\/\/www.suno.com.br\/noticias\/author\/jader-lazarini\/\" class=\"authorBox__avatar noMobi\"><img src=\"https:\/\/files.sunoresearch.com.br\/n\/uploads\/2021\/01\/178e6598-foto-perfil-2-150x150.jpg\" alt=\"Jader Lazarini\"><\/a><div class=\"authorBox__name\"><span>por\n\t\t\t<a href=\"https:\/\/www.suno.com.br\/noticias\/author\/jader-lazarini\/\"><span itemprop=\"author\">Jader Lazarini<\/span><\/a><\/span><time datetime=\"2020-08-02T08:58:07-03:00\" itemprop=\"datePublished\">02\/08\/2020 08:58<\/time><\/div><\/div><\/div><\/div><\/div>","single_layout":"posts","amp_enabled":true,"_links":{"self":[{"href":"https:\/\/www.suno.com.br\/noticias\/wp-json\/wp\/v2\/posts\/75864"}],"collection":[{"href":"https:\/\/www.suno.com.br\/noticias\/wp-json\/wp\/v2\/posts"}],"about":[{"href":"https:\/\/www.suno.com.br\/noticias\/wp-json\/wp\/v2\/types\/post"}],"author":[{"embeddable":true,"href":"https:\/\/www.suno.com.br\/noticias\/wp-json\/wp\/v2\/users\/24"}],"replies":[{"embeddable":true,"href":"https:\/\/www.suno.com.br\/noticias\/wp-json\/wp\/v2\/comments?post=75864"}],"version-history":[{"count":1,"href":"https:\/\/www.suno.com.br\/noticias\/wp-json\/wp\/v2\/posts\/75864\/revisions"}],"predecessor-version":[{"id":152687,"href":"https:\/\/www.suno.com.br\/noticias\/wp-json\/wp\/v2\/posts\/75864\/revisions\/152687"}],"wp:featuredmedia":[{"embeddable":true,"href":"https:\/\/www.suno.com.br\/noticias\/wp-json\/wp\/v2\/media\/35803"}],"wp:attachment":[{"href":"https:\/\/www.suno.com.br\/noticias\/wp-json\/wp\/v2\/media?parent=75864"}],"wp:term":[{"taxonomy":"category","embeddable":true,"href":"https:\/\/www.suno.com.br\/noticias\/wp-json\/wp\/v2\/categories?post=75864"},{"taxonomy":"post_tag","embeddable":true,"href":"https:\/\/www.suno.com.br\/noticias\/wp-json\/wp\/v2\/tags?post=75864"},{"taxonomy":"suno_strategy","embeddable":true,"href":"https:\/\/www.suno.com.br\/noticias\/wp-json\/wp\/v2\/suno_strategy?post=75864"}],"curies":[{"name":"wp","href":"https:\/\/api.w.org\/{rel}","templated":true}]}}