{"id":75772,"date":"2020-07-31T17:44:04","date_gmt":"2020-07-31T20:44:04","guid":{"rendered":"https:\/\/www.suno.com.br\/noticias\/?p=75772"},"modified":"2021-05-29T20:32:37","modified_gmt":"2021-05-29T23:32:37","slug":"ibovespa-fecha-em-queda-de-2-a-102-91224-pontos-31072020","status":"publish","type":"post","link":"https:\/\/www.suno.com.br\/noticias\/ibovespa-fecha-em-queda-de-2-a-102-91224-pontos-31072020\/","title":{"rendered":"Ibovespa fecha em queda de 2%, a 102.912,24 pontos"},"content":{"rendered":"<p>O\u00a0<span style=\"font-weight: 700 !important;\"><a href=\"https:\/\/www.suno.com.br\/artigos\/ibovespa\/\">Ibovespa<\/a>\u00a0<\/span>encerrou o preg\u00e3o desta sexta-feira (31) em queda de 2%, a 102.912,24 pontos.<\/p>\t<div class=\"wrapper-featured-image\">\n\t\t<figure class=\"spotlightImg\">\n\n\t\t\t<picture>\n\t\t\t\t<source media=\"(max-width: 768px)\" srcset=\"https:\/\/files.sunoresearch.com.br\/n\/uploads\/2020\/03\/c11c411e-ff39017b-ibovespa-queda-400x200.webp\">\n\t\t\t\t<img loading=\"lazy\" decoding=\"async\" class=\"newsContent__article__imgCapa lazyloadDisabled newsContent__article__imgCapa--noCaption\" src=\"https:\/\/files.sunoresearch.com.br\/n\/uploads\/2020\/03\/c11c411e-ff39017b-ibovespa-queda-800x450.webp\" width=\"800\" height=\"450\" alt=\"Ibovespa fecha em queda de 2%, a 102.912,24 pontos\" fetchpriority=high \/>\n\t\t\t<\/picture>\n\n\t\t\t<figcaption class=\"wp-caption-text wp-caption-text--hide\">Ibovespa fecha em queda de 2%, a 102.912,24 pontos<\/figcaption>\n\t\t<\/figure>\n\t<\/div>\n\n\n\n<p>O <strong>Ibovespa hoje<\/strong> abriu em alta, enquanto no acumulado da semana o \u00edndice registra uma alta de 0,47%. J\u00e1 no acumulado de julho, acumulou uma alta de 7,08%.<\/p>\n<p>Al\u00e9m disso, os investidores ficaram atentos ao preju\u00edzo de de R$ 1,996 bilh\u00e3o que a Gol apresentou no segundo trimestre.<\/p>\n<p><a href=\"https:\/\/lp.suno.com.br\/suno-one\/\">Suno One: o primeiro passo para alcan\u00e7ar a sua independ\u00eancia financeira. Acesse agora, \u00e9 gratuito!<\/a><\/p>\n<p>Confira as principais not\u00edcias que movimentaram o mercado nessa sexta-feira:<\/p>\n<ul>\n<li><strong>Petrobras<\/strong> (PETR4) n\u00e3o conseguir\u00e1 atingir meta de d\u00edvida bruta em 2021<\/li>\n<li>Ministro do STF suspende a\u00e7\u00f5es trabalhistas contra a Petrobras<\/li>\n<li><strong>Gol<\/strong> (GOLL4) registra preju\u00edzo no 2T20 e encaminhar\u00e1 proposta de financiamento do <strong>BNDES<\/strong> de R$ 6 bi ao CDA<\/li>\n<li><strong>Cogna<\/strong> (COGN3): Diretor estatut\u00e1rio da companhia renuncia ao cargo<\/li>\n<li><strong>Vasta<\/strong>, subsidi\u00e1ria da Cogna, capta US$ 405,8 milh\u00f5es em IPO<\/li>\n<li>Bolsas no exterior<\/li>\n<li>\u00daltima cota\u00e7\u00e3o do Ibovespa<\/li>\n<\/ul>\n<h2>Petrobras (PETR4)<\/h2>\n<p>A <a href=\"https:\/\/www.suno.com.br\/acoes\/petr3\/\"><strong>Petrobras<\/strong> (PETR3<\/a>; <a href=\"https:\/\/www.suno.com.br\/acoes\/petr4\/\">PETR4<\/a>)\u00a0n\u00e3o conseguir\u00e1 atingir a meta de redu\u00e7\u00e3o da <a href=\"https:\/\/www.suno.com.br\/artigos\/divida-bruta\/#:~:text=A%20d%C3%ADvida%20bruta%20representa%20nada,longo%20prazo%20(per%C3%ADodo%20para%20quita%C3%A7%C3%A3o\">d\u00edvida bruta<\/a> para menos de US$ 60 bilh\u00f5es (cerca de R$ 311,79 bilh\u00f5es) em 2021. A informa\u00e7\u00e3o foi confirmada pela diretora financeira da companhia, Andrea Marques, nesta sexta-feira.<\/p>\n<p><a href=\"https:\/\/www.suno.com.br\/noticias\/petrobras-petr4-meta-divida-bruta-2021\/\">Saiba mais: Petrobras (PETR4) n\u00e3o conseguir\u00e1 atingir meta de d\u00edvida bruta em 2021<\/a><\/p>\n<p>De acordo com a executiva, a companhia conseguir\u00e1 atingir tal feito em 2022. A meta de 2020, segundo Marques, \u00e9 diminuir o <strong>endividamento<\/strong> bruto para US$ 87 bilh\u00f5es (cerca de R$ 452,25 bilh\u00f5es), &#8220;ou algo melhor&#8221;. A diretora ressaltou que a redu\u00e7\u00e3o est\u00e1 condicionada aos <a href=\"https:\/\/www.suno.com.br\/artigos\/cotacao-do-petroleo\/\">pre\u00e7os do petr\u00f3leo<\/a>.<\/p>\n<p>Al\u00e9m disso, o ministro do Supremo Tribunal Federal (STF), <strong>Alexandre de Moraes<\/strong>, assinou na \u00faltima quinta-feira (30) a decis\u00e3o de suspender o progresso de 9,1 mil a\u00e7\u00f5es trabalhistas, associadas a terceiriza\u00e7\u00e3o, contra a estatal.<\/p>\n<p><a href=\"https:\/\/www.suno.com.br\/noticias\/stf-suspende-acoes-trabalhistas-petrobras-petr4-terceirizacao\/\">Saiba mais: Ministro do STF suspende a\u00e7\u00f5es trabalhistas contra a Petrobras (PETR4)<\/a><\/p>\n<p>O andamento dos processos ficar\u00e1 suspenso at\u00e9 que o Supremo avalie o requerimento da Petrobras em desacordo com a condena\u00e7\u00e3o.<\/p>\n<h2>Gol (GOLL4)<\/h2>\n<p>A <a href=\"https:\/\/www.suno.com.br\/acoes\/goll4\/\"><strong>Gol<\/strong>\u00a0(GOLL4<\/a>) registrou<a href=\"https:\/\/www.suno.com.br\/artigos\/prejuizos-acumulados\/\"> preju\u00edzo l\u00edquido<\/a> de R$ 1,996 bilh\u00e3o no segundo trimestre deste ano. No mesmo per\u00edodo em 2019, a companhia a\u00e9rea havia registrado preju\u00edzo de R$ 194,6 milh\u00f5es.<\/p>\n<p>A Gol tamb\u00e9m divulgou que, se descontados efeitos extraordin\u00e1rios como receitas e despesas n\u00e3o recorrentes e varia\u00e7\u00e3o cambial, o preju\u00edzo seria de R$ 771,8 milh\u00f5es, ante preju\u00edzo de R$ 2,1 milh\u00f5es no mesmo per\u00edodo de 2019.<\/p>\n<p><a href=\"https:\/\/www.suno.com.br\/noticias\/gol-goll4-registra-prejuizo-de-r-7718-milhoes-no-2t20\/\">Saiba mais: Gol (GOLL4) registra preju\u00edzo de R$ 1,9 bilh\u00e3o no 2T20<\/a><\/p>\n<p>A <a href=\"https:\/\/www.suno.com.br\/artigos\/receita-liquida\/\">receita l\u00edquida<\/a> da companhia a\u00e9rea totalizou R$ 357,8 milh\u00f5es, em compara\u00e7\u00e3o com o mesmo per\u00edodo no ano passado, esse valor representa queda de 88,6%.<\/p>\n<p>Al\u00e9m disso, a companhia informou nessa sexta-feira,\u00a0atrav\u00e9s de um v\u00eddeo em seu site, que recebeu os termos aprovados do acordo de financiamento de R$ 6 bilh\u00f5es do<a href=\"https:\/\/www.suno.com.br\/artigos\/bndespar\/\"> Banco Nacional de Desenvolvimento Econ\u00f4mico e Social (BNDES).<\/a> A companhia est\u00e1 avaliando as condi\u00e7\u00f5es da proposta para encaminhar ao seu <a href=\"https:\/\/www.suno.com.br\/artigos\/conselho-administracao\/\">Conselho de Administra\u00e7\u00e3o (CDA)<\/a>.<\/p>\n<p><a href=\"https:\/\/www.suno.com.br\/noticias\/gol-goll4-avalia-proposta-financiamento-bndes-r-6-bilhoes\/\">Saiba mais: Gol (GOLL4) encaminhar\u00e1 proposta de financiamento do BNDES de R$ 6 bi ao CDA<\/a><\/p>\n<p>O presidente da Gol, Paulo Kakinoff, afirmou, durante o v\u00eddeo publicado, que a a\u00e9rea est\u00e1 terminando a avalia\u00e7\u00e3o dos termos propostos pelo BNDES. De acordo com o executivo, a proposta dever\u00e1 ser enviada para aprova\u00e7\u00e3o pelo conselho nas pr\u00f3ximas semanas.<\/p>\n<h2>Cogna (COGN3)<\/h2>\n<p>A <a href=\"https:\/\/www.suno.com.br\/acoes\/cogn3\/\"><strong>Cogna Educa\u00e7\u00e3o (COGN3)<\/strong><\/a> comunicou nesta sexta-feira que o diretor estatut\u00e1rio da empresa, Mario Ghio Junior, renunciou ao cargo. O executivo passar\u00e1 a atuar apenas como presidente e membro do <a href=\"https:\/\/www.suno.com.br\/artigos\/conselho-administracao\/\">conselho de administra\u00e7\u00e3o<\/a> da Vasta, controlada da empresa.<\/p>\n<p>Tamb\u00e9m nesta sexta, a Cogna informou que sua subsidi\u00e1ria Vasta captou US$ 405,8 milh\u00f5es (cerca de R$ 2 bilh\u00f5es) em sua <a href=\"https:\/\/www.suno.com.br\/artigos\/ipo\/\">oferta p\u00fablica inicial de a\u00e7\u00f5es (IPO)<\/a> na bolsa norte-americana Nasdaq.<\/p>\n<p><a href=\"https:\/\/www.suno.com.br\/noticias\/cogna-cogn3-diretor-estatutario-companhia-renuncia-cargo\/\">Saiba mais: Cogna (COGN3): Diretor estatut\u00e1rio da companhia renuncia ao cargo<\/a><\/p>\n<p>Com isso, a Vasta passou a ser avaliada em R$ 8,4 bilh\u00f5es em valor de mercado. A companhia, que \u00e9 uma das principais empresas de educa\u00e7\u00e3o b\u00e1sica do Brasil, &#8220;movida por tecnologia&#8221;, atua tanto gerando conte\u00fado pedag\u00f3gico quanto de gest\u00e3o administrativa para outras institui\u00e7\u00f5es de ensino.<\/p>\n<h2>Bolsas no exterior<\/h2>\n<p>Al\u00e9m do Ibovespa, confira o desempenho dos principais \u00edndices acion\u00e1rios no exterior:<\/p>\n<ul>\n<li>Londres (<a href=\"https:\/\/www.suno.com.br\/artigos\/ftse-100\/\">FTSE 100<\/a>): &#8211; 1,54%<\/li>\n<li>Frankfurt (<a href=\"https:\/\/www.suno.com.br\/artigos\/dax-30\/\">DAX 30)<\/a>: &#8211; 0,54%<\/li>\n<li>Paris (<a href=\"https:\/\/www.suno.com.br\/artigos\/cac-40\/\">CAC 40<\/a>): &#8211; 1,43%<\/li>\n<li>Mil\u00e3o (FTSE\/MIB): &#8211; 0,71%<\/li>\n<li>Nova York (<a href=\"https:\/\/www.suno.com.br\/artigos\/sp-500\/\">S&amp;P 500<\/a>):\u00a0 + 0,77%<\/li>\n<\/ul>\n<h2>\u00daltima cota\u00e7\u00e3o<\/h2>\n<p>Na sess\u00e3o da \u00faltima quinta-feira, o <strong>Ibovespa<\/strong> fechou em queda de 0,56%, a 105.008,703 pontos.<\/p>\n\n","protected":false},"excerpt":{"rendered":"<p>O\u00a0Ibovespa\u00a0encerrou o preg\u00e3o desta sexta-feira (31) em queda de 2%, a 102.912,24 pontos. Ibovespa fecha em queda de 2%, a 102.912,24 pontos O Ibovespa hoje abriu em alta, enquanto no acumulado da semana o \u00edndice registra uma alta de 0,47%. J\u00e1 no acumulado de julho, acumulou uma alta de 7,08%. Al\u00e9m disso, os investidores ficaram [&hellip;]<\/p>\n","protected":false},"author":39,"featured_media":57376,"comment_status":"closed","ping_status":"closed","sticky":false,"template":"","format":"standard","meta":[],"categories":[60],"tags":[1029,757,2257,489,721,2426,595,785,66355],"suno_strategy":[],"class_list":["post-75772","post","type-post","status-publish","format-standard","has-post-thumbnail","hentry","category-mercado","tag-balancos-trimestrais","tag-bndes","tag-cogna-cogn3","tag-gol-linhas-aereas-goll11-goll4","tag-ibovespa","tag-petr3","tag-petrobras-petr4","tag-supremo-tribunal-federal-stf","tag-vasta"],"yoast_head":"<!-- This site is optimized with the Yoast SEO plugin v24.4 - https:\/\/yoast.com\/wordpress\/plugins\/seo\/ -->\n<title>Ibovespa fecha em queda de 2%, a 102.912,24 pontos<\/title>\n<meta name=\"description\" content=\"O\u00a0Ibovespa\u00a0encerrou o preg\u00e3o desta sexta-feira (31) em queda de 2%, a 102.912,24 pontos. Clique aqui para saber mais.\" \/>\n<meta name=\"robots\" content=\"index, follow, max-snippet:-1, max-image-preview:large, max-video-preview:-1\" \/>\n<link rel=\"canonical\" href=\"https:\/\/www.suno.com.br\/noticias\/ibovespa-fecha-em-queda-de-2-a-102-91224-pontos-31072020\/\" \/>\n<meta property=\"og:locale\" content=\"pt_BR\" \/>\n<meta property=\"og:type\" content=\"article\" \/>\n<meta property=\"og:title\" content=\"Ibovespa fecha em queda de 2%, a 102.912,24 pontos\" \/>\n<meta property=\"og:description\" content=\"O\u00a0Ibovespa\u00a0encerrou o preg\u00e3o desta sexta-feira (31) em queda de 2%, a 102.912,24 pontos. Clique aqui para saber mais.\" \/>\n<meta property=\"og:url\" content=\"https:\/\/www.suno.com.br\/noticias\/ibovespa-fecha-em-queda-de-2-a-102-91224-pontos-31072020\/\" \/>\n<meta property=\"og:site_name\" content=\"Suno Not\u00edcias\" \/>\n<meta property=\"article:publisher\" content=\"https:\/\/facebook.com\/sunoresearch\" \/>\n<meta property=\"og:image\" content=\"https:\/\/files.sunoresearch.com.br\/n\/uploads\/2020\/03\/c11c411e-ff39017b-ibovespa-queda.jpg\" \/>\n\t<meta property=\"og:image:width\" content=\"900\" \/>\n\t<meta property=\"og:image:height\" content=\"572\" \/>\n\t<meta property=\"og:image:type\" content=\"image\/jpeg\" \/>\n<meta name=\"author\" content=\"Laura Moutinho\" \/>\n<meta name=\"twitter:card\" content=\"summary_large_image\" \/>\n<meta name=\"twitter:creator\" content=\"@sunoresearch\" \/>\n<meta name=\"twitter:site\" content=\"@sunoresearch\" \/>\n<meta name=\"twitter:label1\" content=\"Escrito por\" \/>\n\t<meta name=\"twitter:data1\" content=\"Laura Moutinho\" \/>\n\t<meta name=\"twitter:label2\" content=\"Est. tempo de leitura\" \/>\n\t<meta name=\"twitter:data2\" content=\"4 minutos\" \/>\n<script type=\"application\/ld+json\" class=\"yoast-schema-graph\">{\"@context\":\"https:\/\/schema.org\",\"@graph\":[{\"@type\":\"NewsArticle\",\"@id\":\"https:\/\/www.suno.com.br\/noticias\/ibovespa-fecha-em-queda-de-2-a-102-91224-pontos-31072020\/#article\",\"isPartOf\":{\"@id\":\"https:\/\/www.suno.com.br\/noticias\/ibovespa-fecha-em-queda-de-2-a-102-91224-pontos-31072020\/\"},\"author\":{\"name\":\"Laura Moutinho\",\"@id\":\"https:\/\/www.suno.com.br\/noticias\/#\/schema\/person\/3df0d2808748b74496efe5dbeaef2c72\"},\"headline\":\"Ibovespa fecha em queda de 2%, a 102.912,24 pontos\",\"datePublished\":\"2020-07-31T20:44:04+00:00\",\"dateModified\":\"2021-05-29T23:32:37+00:00\",\"mainEntityOfPage\":{\"@id\":\"https:\/\/www.suno.com.br\/noticias\/ibovespa-fecha-em-queda-de-2-a-102-91224-pontos-31072020\/\"},\"wordCount\":781,\"publisher\":{\"@id\":\"https:\/\/www.suno.com.br\/noticias\/#organization\"},\"image\":{\"@id\":\"https:\/\/www.suno.com.br\/noticias\/ibovespa-fecha-em-queda-de-2-a-102-91224-pontos-31072020\/#primaryimage\"},\"thumbnailUrl\":\"https:\/\/files.sunoresearch.com.br\/n\/uploads\/2020\/03\/c11c411e-ff39017b-ibovespa-queda-jpg.webp\",\"keywords\":[\"balan\u00e7os trimestrais\",\"BNDES\",\"Cogna (COGN3)\",\"Gol Linhas A\u00e9reas (GOLL11\/GOLL4)\",\"Ibovespa\",\"PETR3\",\"Petrobras (PETR4)\",\"Supremo Tribunal Federal (STF)\",\"Vasta\"],\"articleSection\":[\"Mercado\"],\"inLanguage\":\"pt-BR\"},{\"@type\":\"WebPage\",\"@id\":\"https:\/\/www.suno.com.br\/noticias\/ibovespa-fecha-em-queda-de-2-a-102-91224-pontos-31072020\/\",\"url\":\"https:\/\/www.suno.com.br\/noticias\/ibovespa-fecha-em-queda-de-2-a-102-91224-pontos-31072020\/\",\"name\":\"Ibovespa fecha em queda de 2%, a 102.912,24 pontos\",\"isPartOf\":{\"@id\":\"https:\/\/www.suno.com.br\/noticias\/#website\"},\"primaryImageOfPage\":{\"@id\":\"https:\/\/www.suno.com.br\/noticias\/ibovespa-fecha-em-queda-de-2-a-102-91224-pontos-31072020\/#primaryimage\"},\"image\":{\"@id\":\"https:\/\/www.suno.com.br\/noticias\/ibovespa-fecha-em-queda-de-2-a-102-91224-pontos-31072020\/#primaryimage\"},\"thumbnailUrl\":\"https:\/\/files.sunoresearch.com.br\/n\/uploads\/2020\/03\/c11c411e-ff39017b-ibovespa-queda-jpg.webp\",\"datePublished\":\"2020-07-31T20:44:04+00:00\",\"dateModified\":\"2021-05-29T23:32:37+00:00\",\"description\":\"O\u00a0Ibovespa\u00a0encerrou o preg\u00e3o desta sexta-feira (31) em queda de 2%, a 102.912,24 pontos. Clique aqui para saber mais.\",\"breadcrumb\":{\"@id\":\"https:\/\/www.suno.com.br\/noticias\/ibovespa-fecha-em-queda-de-2-a-102-91224-pontos-31072020\/#breadcrumb\"},\"inLanguage\":\"pt-BR\",\"potentialAction\":[{\"@type\":\"ReadAction\",\"target\":[\"https:\/\/www.suno.com.br\/noticias\/ibovespa-fecha-em-queda-de-2-a-102-91224-pontos-31072020\/\"]}]},{\"@type\":\"ImageObject\",\"inLanguage\":\"pt-BR\",\"@id\":\"https:\/\/www.suno.com.br\/noticias\/ibovespa-fecha-em-queda-de-2-a-102-91224-pontos-31072020\/#primaryimage\",\"url\":\"https:\/\/files.sunoresearch.com.br\/n\/uploads\/2020\/03\/c11c411e-ff39017b-ibovespa-queda-jpg.webp\",\"contentUrl\":\"https:\/\/files.sunoresearch.com.br\/n\/uploads\/2020\/03\/c11c411e-ff39017b-ibovespa-queda-jpg.webp\",\"width\":900,\"height\":572,\"caption\":\"Ibovespa fecha em queda de 2%, a 102.912,24 pontos\"},{\"@type\":\"BreadcrumbList\",\"@id\":\"https:\/\/www.suno.com.br\/noticias\/ibovespa-fecha-em-queda-de-2-a-102-91224-pontos-31072020\/#breadcrumb\",\"itemListElement\":[{\"@type\":\"ListItem\",\"position\":1,\"name\":\"Not\u00edcias\",\"item\":\"https:\/\/www.suno.com.br\/noticias\/\"},{\"@type\":\"ListItem\",\"position\":2,\"name\":\"Mercado\",\"item\":\"https:\/\/www.suno.com.br\/noticias\/mercado\/\"},{\"@type\":\"ListItem\",\"position\":3,\"name\":\"Ibovespa fecha em queda de 2%, a 102.912,24 pontos\"}]},{\"@type\":\"WebSite\",\"@id\":\"https:\/\/www.suno.com.br\/noticias\/#website\",\"url\":\"https:\/\/www.suno.com.br\/noticias\/\",\"name\":\"Suno Not\u00edcias\",\"description\":\"Seu portal de informa\u00e7\u00e3o sobre o mundo dos investimentos\",\"publisher\":{\"@id\":\"https:\/\/www.suno.com.br\/noticias\/#organization\"},\"potentialAction\":[{\"@type\":\"SearchAction\",\"target\":{\"@type\":\"EntryPoint\",\"urlTemplate\":\"https:\/\/www.suno.com.br\/noticias\/?s={search_term_string}\"},\"query-input\":{\"@type\":\"PropertyValueSpecification\",\"valueRequired\":true,\"valueName\":\"search_term_string\"}}],\"inLanguage\":\"pt-BR\"},{\"@type\":\"Organization\",\"@id\":\"https:\/\/www.suno.com.br\/noticias\/#organization\",\"name\":\"Suno Not\u00edcias\",\"url\":\"https:\/\/www.suno.com.br\/noticias\/\",\"logo\":{\"@type\":\"ImageObject\",\"inLanguage\":\"pt-BR\",\"@id\":\"https:\/\/www.suno.com.br\/noticias\/#\/schema\/logo\/image\/\",\"url\":\"https:\/\/files.sunoresearch.com.br\/n\/uploads\/2021\/09\/suno-logo.png\",\"contentUrl\":\"https:\/\/files.sunoresearch.com.br\/n\/uploads\/2021\/09\/suno-logo.png\",\"width\":180,\"height\":180,\"caption\":\"Suno Not\u00edcias\"},\"image\":{\"@id\":\"https:\/\/www.suno.com.br\/noticias\/#\/schema\/logo\/image\/\"},\"sameAs\":[\"https:\/\/facebook.com\/sunoresearch\",\"https:\/\/x.com\/sunoresearch\",\"https:\/\/www.instagram.com\/suno\",\"https:\/\/www.linkedin.com\/company\/suno-research\/\",\"https:\/\/www.youtube.com\/c\/sunoresearch\"]},{\"@type\":\"Person\",\"@id\":\"https:\/\/www.suno.com.br\/noticias\/#\/schema\/person\/3df0d2808748b74496efe5dbeaef2c72\",\"name\":\"Laura Moutinho\",\"image\":{\"@type\":\"ImageObject\",\"inLanguage\":\"pt-BR\",\"@id\":\"https:\/\/www.suno.com.br\/noticias\/#\/schema\/person\/image\/\",\"url\":\"https:\/\/secure.gravatar.com\/avatar\/7571c7c8ca3a6fca5e41384ece5557ff?s=96&r=g\",\"contentUrl\":\"https:\/\/secure.gravatar.com\/avatar\/7571c7c8ca3a6fca5e41384ece5557ff?s=96&r=g\",\"caption\":\"Laura Moutinho\"},\"description\":\"Estagi\u00e1ria na Suno Not\u00edcias, escreve not\u00edcias que afetam o mercado financeiro. Estuda administra\u00e7\u00e3o na Universidade Presbiteriana Mackenzie.\",\"url\":\"https:\/\/www.suno.com.br\/noticias\/author\/laura-moutinho\/\"}]}<\/script>\n<!-- \/ Yoast SEO plugin. -->","yoast_head_json":{"title":"Ibovespa fecha em queda de 2%, a 102.912,24 pontos","description":"O\u00a0Ibovespa\u00a0encerrou o preg\u00e3o desta sexta-feira (31) em queda de 2%, a 102.912,24 pontos. Clique aqui para saber mais.","robots":{"index":"index","follow":"follow","max-snippet":"max-snippet:-1","max-image-preview":"max-image-preview:large","max-video-preview":"max-video-preview:-1"},"canonical":"https:\/\/www.suno.com.br\/noticias\/ibovespa-fecha-em-queda-de-2-a-102-91224-pontos-31072020\/","og_locale":"pt_BR","og_type":"article","og_title":"Ibovespa fecha em queda de 2%, a 102.912,24 pontos","og_description":"O\u00a0Ibovespa\u00a0encerrou o preg\u00e3o desta sexta-feira (31) em queda de 2%, a 102.912,24 pontos. Clique aqui para saber mais.","og_url":"https:\/\/www.suno.com.br\/noticias\/ibovespa-fecha-em-queda-de-2-a-102-91224-pontos-31072020\/","og_site_name":"Suno Not\u00edcias","article_publisher":"https:\/\/facebook.com\/sunoresearch","og_image":[{"width":900,"height":572,"url":"https:\/\/files.sunoresearch.com.br\/n\/uploads\/2020\/03\/c11c411e-ff39017b-ibovespa-queda.jpg","type":"image\/jpeg"}],"author":"Laura Moutinho","twitter_card":"summary_large_image","twitter_creator":"@sunoresearch","twitter_site":"@sunoresearch","twitter_misc":{"Escrito por":"Laura Moutinho","Est. tempo de leitura":"4 minutos"},"schema":{"@context":"https:\/\/schema.org","@graph":[{"@type":"NewsArticle","@id":"https:\/\/www.suno.com.br\/noticias\/ibovespa-fecha-em-queda-de-2-a-102-91224-pontos-31072020\/#article","isPartOf":{"@id":"https:\/\/www.suno.com.br\/noticias\/ibovespa-fecha-em-queda-de-2-a-102-91224-pontos-31072020\/"},"author":{"name":"Laura Moutinho","@id":"https:\/\/www.suno.com.br\/noticias\/#\/schema\/person\/3df0d2808748b74496efe5dbeaef2c72"},"headline":"Ibovespa fecha em queda de 2%, a 102.912,24 pontos","datePublished":"2020-07-31T20:44:04+00:00","dateModified":"2021-05-29T23:32:37+00:00","mainEntityOfPage":{"@id":"https:\/\/www.suno.com.br\/noticias\/ibovespa-fecha-em-queda-de-2-a-102-91224-pontos-31072020\/"},"wordCount":781,"publisher":{"@id":"https:\/\/www.suno.com.br\/noticias\/#organization"},"image":{"@id":"https:\/\/www.suno.com.br\/noticias\/ibovespa-fecha-em-queda-de-2-a-102-91224-pontos-31072020\/#primaryimage"},"thumbnailUrl":"https:\/\/files.sunoresearch.com.br\/n\/uploads\/2020\/03\/c11c411e-ff39017b-ibovespa-queda-jpg.webp","keywords":["balan\u00e7os trimestrais","BNDES","Cogna (COGN3)","Gol Linhas A\u00e9reas (GOLL11\/GOLL4)","Ibovespa","PETR3","Petrobras (PETR4)","Supremo Tribunal Federal (STF)","Vasta"],"articleSection":["Mercado"],"inLanguage":"pt-BR"},{"@type":"WebPage","@id":"https:\/\/www.suno.com.br\/noticias\/ibovespa-fecha-em-queda-de-2-a-102-91224-pontos-31072020\/","url":"https:\/\/www.suno.com.br\/noticias\/ibovespa-fecha-em-queda-de-2-a-102-91224-pontos-31072020\/","name":"Ibovespa fecha em queda de 2%, a 102.912,24 pontos","isPartOf":{"@id":"https:\/\/www.suno.com.br\/noticias\/#website"},"primaryImageOfPage":{"@id":"https:\/\/www.suno.com.br\/noticias\/ibovespa-fecha-em-queda-de-2-a-102-91224-pontos-31072020\/#primaryimage"},"image":{"@id":"https:\/\/www.suno.com.br\/noticias\/ibovespa-fecha-em-queda-de-2-a-102-91224-pontos-31072020\/#primaryimage"},"thumbnailUrl":"https:\/\/files.sunoresearch.com.br\/n\/uploads\/2020\/03\/c11c411e-ff39017b-ibovespa-queda-jpg.webp","datePublished":"2020-07-31T20:44:04+00:00","dateModified":"2021-05-29T23:32:37+00:00","description":"O\u00a0Ibovespa\u00a0encerrou o preg\u00e3o desta sexta-feira (31) em queda de 2%, a 102.912,24 pontos. Clique aqui para saber mais.","breadcrumb":{"@id":"https:\/\/www.suno.com.br\/noticias\/ibovespa-fecha-em-queda-de-2-a-102-91224-pontos-31072020\/#breadcrumb"},"inLanguage":"pt-BR","potentialAction":[{"@type":"ReadAction","target":["https:\/\/www.suno.com.br\/noticias\/ibovespa-fecha-em-queda-de-2-a-102-91224-pontos-31072020\/"]}]},{"@type":"ImageObject","inLanguage":"pt-BR","@id":"https:\/\/www.suno.com.br\/noticias\/ibovespa-fecha-em-queda-de-2-a-102-91224-pontos-31072020\/#primaryimage","url":"https:\/\/files.sunoresearch.com.br\/n\/uploads\/2020\/03\/c11c411e-ff39017b-ibovespa-queda-jpg.webp","contentUrl":"https:\/\/files.sunoresearch.com.br\/n\/uploads\/2020\/03\/c11c411e-ff39017b-ibovespa-queda-jpg.webp","width":900,"height":572,"caption":"Ibovespa fecha em queda de 2%, a 102.912,24 pontos"},{"@type":"BreadcrumbList","@id":"https:\/\/www.suno.com.br\/noticias\/ibovespa-fecha-em-queda-de-2-a-102-91224-pontos-31072020\/#breadcrumb","itemListElement":[{"@type":"ListItem","position":1,"name":"Not\u00edcias","item":"https:\/\/www.suno.com.br\/noticias\/"},{"@type":"ListItem","position":2,"name":"Mercado","item":"https:\/\/www.suno.com.br\/noticias\/mercado\/"},{"@type":"ListItem","position":3,"name":"Ibovespa fecha em queda de 2%, a 102.912,24 pontos"}]},{"@type":"WebSite","@id":"https:\/\/www.suno.com.br\/noticias\/#website","url":"https:\/\/www.suno.com.br\/noticias\/","name":"Suno Not\u00edcias","description":"Seu portal de informa\u00e7\u00e3o sobre o mundo dos investimentos","publisher":{"@id":"https:\/\/www.suno.com.br\/noticias\/#organization"},"potentialAction":[{"@type":"SearchAction","target":{"@type":"EntryPoint","urlTemplate":"https:\/\/www.suno.com.br\/noticias\/?s={search_term_string}"},"query-input":{"@type":"PropertyValueSpecification","valueRequired":true,"valueName":"search_term_string"}}],"inLanguage":"pt-BR"},{"@type":"Organization","@id":"https:\/\/www.suno.com.br\/noticias\/#organization","name":"Suno Not\u00edcias","url":"https:\/\/www.suno.com.br\/noticias\/","logo":{"@type":"ImageObject","inLanguage":"pt-BR","@id":"https:\/\/www.suno.com.br\/noticias\/#\/schema\/logo\/image\/","url":"https:\/\/files.sunoresearch.com.br\/n\/uploads\/2021\/09\/suno-logo.png","contentUrl":"https:\/\/files.sunoresearch.com.br\/n\/uploads\/2021\/09\/suno-logo.png","width":180,"height":180,"caption":"Suno Not\u00edcias"},"image":{"@id":"https:\/\/www.suno.com.br\/noticias\/#\/schema\/logo\/image\/"},"sameAs":["https:\/\/facebook.com\/sunoresearch","https:\/\/x.com\/sunoresearch","https:\/\/www.instagram.com\/suno","https:\/\/www.linkedin.com\/company\/suno-research\/","https:\/\/www.youtube.com\/c\/sunoresearch"]},{"@type":"Person","@id":"https:\/\/www.suno.com.br\/noticias\/#\/schema\/person\/3df0d2808748b74496efe5dbeaef2c72","name":"Laura Moutinho","image":{"@type":"ImageObject","inLanguage":"pt-BR","@id":"https:\/\/www.suno.com.br\/noticias\/#\/schema\/person\/image\/","url":"https:\/\/secure.gravatar.com\/avatar\/7571c7c8ca3a6fca5e41384ece5557ff?s=96&r=g","contentUrl":"https:\/\/secure.gravatar.com\/avatar\/7571c7c8ca3a6fca5e41384ece5557ff?s=96&r=g","caption":"Laura Moutinho"},"description":"Estagi\u00e1ria na Suno Not\u00edcias, escreve not\u00edcias que afetam o mercado financeiro. Estuda administra\u00e7\u00e3o na Universidade Presbiteriana Mackenzie.","url":"https:\/\/www.suno.com.br\/noticias\/author\/laura-moutinho\/"}]}},"default_loop_html":"<div class=\"cardsPage__listCard__boxs\"><div class=\"cardsPage__listCard__boxs__img\"><a href=\"https:\/\/www.suno.com.br\/noticias\/ibovespa-fecha-em-queda-de-2-a-102-91224-pontos-31072020\/\"><img class=\"mask\" src=\"https:\/\/www.suno.com.br\/noticias\/wp-content\/themes\/suno\/resources\/images\/spotlight\/spotlight1img\/bg-mask.png\" alt=\"Image Mask\"\/><img src=\"https:\/\/files.sunoresearch.com.br\/n\/uploads\/2020\/03\/c11c411e-ff39017b-ibovespa-queda-400x200.webp\" alt=\"Ibovespa fecha em queda de 2%, a 102.912,24 pontos\"\/><\/a><span class=\"spotlightCategory\"><a href=\"https:\/\/www.suno.com.br\/noticias\/mercado\/\">Mercado<\/a><\/span><\/div><div class=\"cardsPage__listCard__boxs__content\"><a href=\"https:\/\/www.suno.com.br\/noticias\/ibovespa-fecha-em-queda-de-2-a-102-91224-pontos-31072020\/\"><h2 class=\"content__title\">Ibovespa fecha em queda de 2%, a 102.912,24 pontos<\/h2><\/a><div class=\"newsContent__article__meta\"><div class=\"newsContent__article__meta__authorBox\"><a href=\"https:\/\/www.suno.com.br\/noticias\/author\/laura-moutinho\/\" class=\"authorBox__avatar noMobi\"><img src=\"https:\/\/files.sunoresearch.com.br\/n\/uploads\/2020\/08\/531ff69d-whatsapp-image-2020-08-03-at-14.54.38-150x150.webp\" alt=\"Laura Moutinho\"><\/a><div class=\"authorBox__name\"><span>por\n\t\t\t<a href=\"https:\/\/www.suno.com.br\/noticias\/author\/laura-moutinho\/\"><span itemprop=\"author\">Laura Moutinho<\/span><\/a><\/span><time datetime=\"2020-07-31T17:44:04-03:00\" itemprop=\"datePublished\">31\/07\/2020 17:44<\/time><\/div><\/div><\/div><\/div><\/div>","single_layout":"posts","amp_enabled":true,"_links":{"self":[{"href":"https:\/\/www.suno.com.br\/noticias\/wp-json\/wp\/v2\/posts\/75772"}],"collection":[{"href":"https:\/\/www.suno.com.br\/noticias\/wp-json\/wp\/v2\/posts"}],"about":[{"href":"https:\/\/www.suno.com.br\/noticias\/wp-json\/wp\/v2\/types\/post"}],"author":[{"embeddable":true,"href":"https:\/\/www.suno.com.br\/noticias\/wp-json\/wp\/v2\/users\/39"}],"replies":[{"embeddable":true,"href":"https:\/\/www.suno.com.br\/noticias\/wp-json\/wp\/v2\/comments?post=75772"}],"version-history":[{"count":1,"href":"https:\/\/www.suno.com.br\/noticias\/wp-json\/wp\/v2\/posts\/75772\/revisions"}],"predecessor-version":[{"id":152064,"href":"https:\/\/www.suno.com.br\/noticias\/wp-json\/wp\/v2\/posts\/75772\/revisions\/152064"}],"wp:featuredmedia":[{"embeddable":true,"href":"https:\/\/www.suno.com.br\/noticias\/wp-json\/wp\/v2\/media\/57376"}],"wp:attachment":[{"href":"https:\/\/www.suno.com.br\/noticias\/wp-json\/wp\/v2\/media?parent=75772"}],"wp:term":[{"taxonomy":"category","embeddable":true,"href":"https:\/\/www.suno.com.br\/noticias\/wp-json\/wp\/v2\/categories?post=75772"},{"taxonomy":"post_tag","embeddable":true,"href":"https:\/\/www.suno.com.br\/noticias\/wp-json\/wp\/v2\/tags?post=75772"},{"taxonomy":"suno_strategy","embeddable":true,"href":"https:\/\/www.suno.com.br\/noticias\/wp-json\/wp\/v2\/suno_strategy?post=75772"}],"curies":[{"name":"wp","href":"https:\/\/api.w.org\/{rel}","templated":true}]}}