{"id":75741,"date":"2020-07-31T16:11:43","date_gmt":"2020-07-31T19:11:43","guid":{"rendered":"https:\/\/www.suno.com.br\/noticias\/?p=75741"},"modified":"2020-07-31T16:11:43","modified_gmt":"2020-07-31T19:11:43","slug":"stf-suspende-acoes-trabalhistas-petrobras-petr4-terceirizacao","status":"publish","type":"post","link":"https:\/\/www.suno.com.br\/noticias\/stf-suspende-acoes-trabalhistas-petrobras-petr4-terceirizacao\/","title":{"rendered":"Ministro do STF suspende a\u00e7\u00f5es trabalhistas contra a Petrobras (PETR4)"},"content":{"rendered":"<p>O ministro do Supremo Tribunal Federal (STF), Alexandre de Moraes, assinou na \u00faltima quinta-feira (30) a decis\u00e3o de suspender o progresso de 9,1 mil a\u00e7\u00f5es trabalhistas contra a <a href=\"https:\/\/www.suno.com.br\/acoes\/petr3\/\"><strong>Petrobras<\/strong> (PETR3<\/a>; <a href=\"https:\/\/www.suno.com.br\/acoes\/petr4\/\">PETR4<\/a>) associadas a terceiriza\u00e7\u00e3o.<\/p>\t<div class=\"wrapper-featured-image\">\n\t\t<figure class=\"spotlightImg\">\n\n\t\t\t<picture>\n\t\t\t\t<source media=\"(max-width: 768px)\" srcset=\"https:\/\/files.sunoresearch.com.br\/n\/uploads\/2018\/09\/5ab467ad-petrobras-argentina-400x200.webp\">\n\t\t\t\t<img loading=\"lazy\" decoding=\"async\" class=\"newsContent__article__imgCapa lazyloadDisabled newsContent__article__imgCapa--noCaption\" src=\"https:\/\/files.sunoresearch.com.br\/n\/uploads\/2018\/09\/5ab467ad-petrobras-argentina-800x450.webp\" width=\"800\" height=\"450\" alt=\"Ministro do STF suspende a\u00e7\u00f5es trabalhistas contra a Petrobras (PETR4)\" fetchpriority=high \/>\n\t\t\t<\/picture>\n\n\t\t\t<figcaption class=\"wp-caption-text wp-caption-text--hide\">De acordo com a Petrobras, os t\u00edtulos registrados ter\u00e3o termos e condi\u00e7\u00f5es similares aos t\u00edtulos n\u00e3o registrados<\/figcaption>\n\t\t<\/figure>\n\t<\/div>\n\n\n\n<p>A decis\u00e3o de <strong>Moraes<\/strong> posterga as despesas de, aproximadamente, R$ 1,5 bilh\u00e3o da Petrobras. Al\u00e9m disso, o andamento dos processos ficar\u00e1 suspenso at\u00e9 que o Supremo avalie o requerimento da <a href=\"https:\/\/www.suno.com.br\/noticias\/vale-investir-estatais-confira-opiniao-especialista\/\">estatal<\/a> petrol\u00edfera em desacordo com a condena\u00e7\u00e3o.<\/p>\n<p>A condena\u00e7\u00e3o da companhia, imposta pela Sexta Turma do Tribunal Superior do Trabalho (<strong>TST<\/strong>), aponta que a estatal deveria vistoriar o cumprimento das obriga\u00e7\u00f5es da companhia terceirizada, e assim, devia ser <a href=\"https:\/\/www.suno.com.br\/artigos\/responsabilidade-subsidiaria\/\">responsabilizada de forma secund\u00e1ria<\/a> na ocasi\u00e3o em que a terceirizada n\u00e3o honra seus compromissos com os trabalhadores<\/p>\n<p><a href=\"https:\/\/lp.suno.com.br\/suno-one\/\">Conhe\u00e7a o Suno One, a central gratuita de informa\u00e7\u00f5es da Suno para quem quer aprender a investir. Acesse clicando aqui.<\/a><\/p>\n<p>No outro lado, a Petrobras salienta que n\u00e3o tem como citar a atribui\u00e7\u00e3o da responsabilidade, se a sua culpa sobre a companhia terceirizada n\u00e3o ter cumprido com as obriga\u00e7\u00f5es n\u00e3o for comprovada.<\/p>\n<p>Por sua vez, os advogados da estatal afirmam que &#8220;A imediata e irrestrita implanta\u00e7\u00e3o da tese nitidamente divergente ao posicionamento adotado pelo STF, sem aguardar o tr\u00e2nsito em julgado, comprometer\u00e1 significativamente a seguran\u00e7a jur\u00eddica do tema&#8221;.<\/p>\n<h2>Petrobras dever\u00e1 ter 5 mil colaboradores desligados at\u00e9 o fim do ano<\/h2>\n<p>O presidente da Petrobras, <a href=\"https:\/\/www.suno.com.br\/tudo-sobre\/roberto-castello-branco\/\">Roberto Castello Branco<\/a>, afirmou, nesta sexta-feira (31), que a estatal petroleira dever\u00e1 ter aproximadamente 5 mil empregados desligados at\u00e9 o final deste ano. Al\u00e9m disso, segundo ele, mais de 2,4 mil colaboradores dever\u00e3o sair da companhia em 2021.<\/p>\n<p>De acordo com <strong>Castello<\/strong> <strong>Branco<\/strong>, os desligamentos dos funcion\u00e1rios far\u00e3o com que a empresa reduza seus custos em aproximadamente US$ 800 milh\u00f5es por ano.<\/p>\n<p><a href=\"https:\/\/www.suno.com.br\/noticias\/petrobras-petr4-prejuizo-2t20\/\">Veja tamb\u00e9m: Petrobras (PETR4) tem preju\u00edzo de 2,713 bi no 2T20<\/a><\/p>\n<p>Todas as falas do presidente da <strong>Petrobras<\/strong> foram ditas em teleconfer\u00eancia sobre os resultados da empresa, com analistas, nesta sexta.<\/p>\n\n","protected":false},"excerpt":{"rendered":"<p>O ministro do Supremo Tribunal Federal (STF), Alexandre de Moraes, assinou na \u00faltima quinta-feira (30) a decis\u00e3o de suspender o progresso de 9,1 mil a\u00e7\u00f5es trabalhistas contra a Petrobras (PETR3; PETR4) associadas a terceiriza\u00e7\u00e3o. De acordo com a Petrobras, os t\u00edtulos registrados ter\u00e3o termos e condi\u00e7\u00f5es similares aos t\u00edtulos n\u00e3o registrados A decis\u00e3o de Moraes [&hellip;]<\/p>\n","protected":false},"author":39,"featured_media":3877,"comment_status":"closed","ping_status":"closed","sticky":false,"template":"","format":"standard","meta":[],"categories":[64],"tags":[2426,595,785],"suno_strategy":[],"class_list":["post-75741","post","type-post","status-publish","format-standard","has-post-thumbnail","hentry","category-negocios","tag-petr3","tag-petrobras-petr4","tag-supremo-tribunal-federal-stf"],"yoast_head":"<!-- This site is optimized with the Yoast SEO plugin v24.4 - https:\/\/yoast.com\/wordpress\/plugins\/seo\/ -->\n<title>Ministro do STF suspende a\u00e7\u00f5es trabalhistas contra a Petrobras (PETR4)<\/title>\n<meta name=\"description\" content=\"Alexandre de Moraes decidiu suspender o progresso de 9,1 mil a\u00e7\u00f5es trabalhistas contra a Petrobras ( PETR4). Clique aqui para saber mais.\" \/>\n<meta name=\"robots\" content=\"index, follow, max-snippet:-1, max-image-preview:large, max-video-preview:-1\" \/>\n<link rel=\"canonical\" href=\"https:\/\/www.suno.com.br\/noticias\/stf-suspende-acoes-trabalhistas-petrobras-petr4-terceirizacao\/\" \/>\n<meta property=\"og:locale\" content=\"pt_BR\" \/>\n<meta property=\"og:type\" content=\"article\" \/>\n<meta property=\"og:title\" content=\"Ministro do STF suspende a\u00e7\u00f5es trabalhistas contra a Petrobras (PETR4)\" \/>\n<meta property=\"og:description\" content=\"Alexandre de Moraes decidiu suspender o progresso de 9,1 mil a\u00e7\u00f5es trabalhistas contra a Petrobras ( PETR4). Clique aqui para saber mais.\" \/>\n<meta property=\"og:url\" content=\"https:\/\/www.suno.com.br\/noticias\/stf-suspende-acoes-trabalhistas-petrobras-petr4-terceirizacao\/\" \/>\n<meta property=\"og:site_name\" content=\"Suno Not\u00edcias\" \/>\n<meta property=\"article:publisher\" content=\"https:\/\/facebook.com\/sunoresearch\" \/>\n<meta property=\"og:image\" content=\"https:\/\/files.sunoresearch.com.br\/n\/uploads\/2018\/09\/5ab467ad-petrobras-argentina.jpg\" \/>\n\t<meta property=\"og:image:width\" content=\"2560\" \/>\n\t<meta property=\"og:image:height\" content=\"1388\" \/>\n\t<meta property=\"og:image:type\" content=\"image\/jpeg\" \/>\n<meta name=\"author\" content=\"Laura Moutinho\" \/>\n<meta name=\"twitter:card\" content=\"summary_large_image\" \/>\n<meta name=\"twitter:creator\" content=\"@sunoresearch\" \/>\n<meta name=\"twitter:site\" content=\"@sunoresearch\" \/>\n<meta name=\"twitter:label1\" content=\"Escrito por\" \/>\n\t<meta name=\"twitter:data1\" content=\"Laura Moutinho\" \/>\n\t<meta name=\"twitter:label2\" content=\"Est. tempo de leitura\" \/>\n\t<meta name=\"twitter:data2\" content=\"2 minutos\" \/>\n<script type=\"application\/ld+json\" class=\"yoast-schema-graph\">{\"@context\":\"https:\/\/schema.org\",\"@graph\":[{\"@type\":\"NewsArticle\",\"@id\":\"https:\/\/www.suno.com.br\/noticias\/stf-suspende-acoes-trabalhistas-petrobras-petr4-terceirizacao\/#article\",\"isPartOf\":{\"@id\":\"https:\/\/www.suno.com.br\/noticias\/stf-suspende-acoes-trabalhistas-petrobras-petr4-terceirizacao\/\"},\"author\":{\"name\":\"Laura Moutinho\",\"@id\":\"https:\/\/www.suno.com.br\/noticias\/#\/schema\/person\/3df0d2808748b74496efe5dbeaef2c72\"},\"headline\":\"Ministro do STF suspende a\u00e7\u00f5es trabalhistas contra a Petrobras (PETR4)\",\"datePublished\":\"2020-07-31T19:11:43+00:00\",\"mainEntityOfPage\":{\"@id\":\"https:\/\/www.suno.com.br\/noticias\/stf-suspende-acoes-trabalhistas-petrobras-petr4-terceirizacao\/\"},\"wordCount\":357,\"publisher\":{\"@id\":\"https:\/\/www.suno.com.br\/noticias\/#organization\"},\"image\":{\"@id\":\"https:\/\/www.suno.com.br\/noticias\/stf-suspende-acoes-trabalhistas-petrobras-petr4-terceirizacao\/#primaryimage\"},\"thumbnailUrl\":\"https:\/\/files.sunoresearch.com.br\/n\/uploads\/2018\/09\/5ab467ad-petrobras-argentina-jpg.webp\",\"keywords\":[\"PETR3\",\"Petrobras (PETR4)\",\"Supremo Tribunal Federal (STF)\"],\"articleSection\":[\"Neg\u00f3cios\"],\"inLanguage\":\"pt-BR\"},{\"@type\":\"WebPage\",\"@id\":\"https:\/\/www.suno.com.br\/noticias\/stf-suspende-acoes-trabalhistas-petrobras-petr4-terceirizacao\/\",\"url\":\"https:\/\/www.suno.com.br\/noticias\/stf-suspende-acoes-trabalhistas-petrobras-petr4-terceirizacao\/\",\"name\":\"Ministro do STF suspende a\u00e7\u00f5es trabalhistas contra a Petrobras (PETR4)\",\"isPartOf\":{\"@id\":\"https:\/\/www.suno.com.br\/noticias\/#website\"},\"primaryImageOfPage\":{\"@id\":\"https:\/\/www.suno.com.br\/noticias\/stf-suspende-acoes-trabalhistas-petrobras-petr4-terceirizacao\/#primaryimage\"},\"image\":{\"@id\":\"https:\/\/www.suno.com.br\/noticias\/stf-suspende-acoes-trabalhistas-petrobras-petr4-terceirizacao\/#primaryimage\"},\"thumbnailUrl\":\"https:\/\/files.sunoresearch.com.br\/n\/uploads\/2018\/09\/5ab467ad-petrobras-argentina-jpg.webp\",\"datePublished\":\"2020-07-31T19:11:43+00:00\",\"description\":\"Alexandre de Moraes decidiu suspender o progresso de 9,1 mil a\u00e7\u00f5es trabalhistas contra a Petrobras ( PETR4). Clique aqui para saber mais.\",\"breadcrumb\":{\"@id\":\"https:\/\/www.suno.com.br\/noticias\/stf-suspende-acoes-trabalhistas-petrobras-petr4-terceirizacao\/#breadcrumb\"},\"inLanguage\":\"pt-BR\",\"potentialAction\":[{\"@type\":\"ReadAction\",\"target\":[\"https:\/\/www.suno.com.br\/noticias\/stf-suspende-acoes-trabalhistas-petrobras-petr4-terceirizacao\/\"]}]},{\"@type\":\"ImageObject\",\"inLanguage\":\"pt-BR\",\"@id\":\"https:\/\/www.suno.com.br\/noticias\/stf-suspende-acoes-trabalhistas-petrobras-petr4-terceirizacao\/#primaryimage\",\"url\":\"https:\/\/files.sunoresearch.com.br\/n\/uploads\/2018\/09\/5ab467ad-petrobras-argentina-jpg.webp\",\"contentUrl\":\"https:\/\/files.sunoresearch.com.br\/n\/uploads\/2018\/09\/5ab467ad-petrobras-argentina-jpg.webp\",\"width\":2560,\"height\":1388,\"caption\":\"De acordo com a Petrobras, os t\u00edtulos registrados ter\u00e3o termos e condi\u00e7\u00f5es similares aos t\u00edtulos n\u00e3o registrados\"},{\"@type\":\"BreadcrumbList\",\"@id\":\"https:\/\/www.suno.com.br\/noticias\/stf-suspende-acoes-trabalhistas-petrobras-petr4-terceirizacao\/#breadcrumb\",\"itemListElement\":[{\"@type\":\"ListItem\",\"position\":1,\"name\":\"Not\u00edcias\",\"item\":\"https:\/\/www.suno.com.br\/noticias\/\"},{\"@type\":\"ListItem\",\"position\":2,\"name\":\"Neg\u00f3cios\",\"item\":\"https:\/\/www.suno.com.br\/noticias\/negocios\/\"},{\"@type\":\"ListItem\",\"position\":3,\"name\":\"Ministro do STF suspende a\u00e7\u00f5es trabalhistas contra a Petrobras (PETR4)\"}]},{\"@type\":\"WebSite\",\"@id\":\"https:\/\/www.suno.com.br\/noticias\/#website\",\"url\":\"https:\/\/www.suno.com.br\/noticias\/\",\"name\":\"Suno Not\u00edcias\",\"description\":\"Seu portal de informa\u00e7\u00e3o sobre o mundo dos investimentos\",\"publisher\":{\"@id\":\"https:\/\/www.suno.com.br\/noticias\/#organization\"},\"potentialAction\":[{\"@type\":\"SearchAction\",\"target\":{\"@type\":\"EntryPoint\",\"urlTemplate\":\"https:\/\/www.suno.com.br\/noticias\/?s={search_term_string}\"},\"query-input\":{\"@type\":\"PropertyValueSpecification\",\"valueRequired\":true,\"valueName\":\"search_term_string\"}}],\"inLanguage\":\"pt-BR\"},{\"@type\":\"Organization\",\"@id\":\"https:\/\/www.suno.com.br\/noticias\/#organization\",\"name\":\"Suno Not\u00edcias\",\"url\":\"https:\/\/www.suno.com.br\/noticias\/\",\"logo\":{\"@type\":\"ImageObject\",\"inLanguage\":\"pt-BR\",\"@id\":\"https:\/\/www.suno.com.br\/noticias\/#\/schema\/logo\/image\/\",\"url\":\"https:\/\/files.sunoresearch.com.br\/n\/uploads\/2021\/09\/suno-logo.png\",\"contentUrl\":\"https:\/\/files.sunoresearch.com.br\/n\/uploads\/2021\/09\/suno-logo.png\",\"width\":180,\"height\":180,\"caption\":\"Suno Not\u00edcias\"},\"image\":{\"@id\":\"https:\/\/www.suno.com.br\/noticias\/#\/schema\/logo\/image\/\"},\"sameAs\":[\"https:\/\/facebook.com\/sunoresearch\",\"https:\/\/x.com\/sunoresearch\",\"https:\/\/www.instagram.com\/suno\",\"https:\/\/www.linkedin.com\/company\/suno-research\/\",\"https:\/\/www.youtube.com\/c\/sunoresearch\"]},{\"@type\":\"Person\",\"@id\":\"https:\/\/www.suno.com.br\/noticias\/#\/schema\/person\/3df0d2808748b74496efe5dbeaef2c72\",\"name\":\"Laura Moutinho\",\"image\":{\"@type\":\"ImageObject\",\"inLanguage\":\"pt-BR\",\"@id\":\"https:\/\/www.suno.com.br\/noticias\/#\/schema\/person\/image\/\",\"url\":\"https:\/\/secure.gravatar.com\/avatar\/7571c7c8ca3a6fca5e41384ece5557ff?s=96&r=g\",\"contentUrl\":\"https:\/\/secure.gravatar.com\/avatar\/7571c7c8ca3a6fca5e41384ece5557ff?s=96&r=g\",\"caption\":\"Laura Moutinho\"},\"description\":\"Estagi\u00e1ria na Suno Not\u00edcias, escreve not\u00edcias que afetam o mercado financeiro. Estuda administra\u00e7\u00e3o na Universidade Presbiteriana Mackenzie.\",\"url\":\"https:\/\/www.suno.com.br\/noticias\/author\/laura-moutinho\/\"}]}<\/script>\n<!-- \/ Yoast SEO plugin. -->","yoast_head_json":{"title":"Ministro do STF suspende a\u00e7\u00f5es trabalhistas contra a Petrobras (PETR4)","description":"Alexandre de Moraes decidiu suspender o progresso de 9,1 mil a\u00e7\u00f5es trabalhistas contra a Petrobras ( PETR4). Clique aqui para saber mais.","robots":{"index":"index","follow":"follow","max-snippet":"max-snippet:-1","max-image-preview":"max-image-preview:large","max-video-preview":"max-video-preview:-1"},"canonical":"https:\/\/www.suno.com.br\/noticias\/stf-suspende-acoes-trabalhistas-petrobras-petr4-terceirizacao\/","og_locale":"pt_BR","og_type":"article","og_title":"Ministro do STF suspende a\u00e7\u00f5es trabalhistas contra a Petrobras (PETR4)","og_description":"Alexandre de Moraes decidiu suspender o progresso de 9,1 mil a\u00e7\u00f5es trabalhistas contra a Petrobras ( PETR4). Clique aqui para saber mais.","og_url":"https:\/\/www.suno.com.br\/noticias\/stf-suspende-acoes-trabalhistas-petrobras-petr4-terceirizacao\/","og_site_name":"Suno Not\u00edcias","article_publisher":"https:\/\/facebook.com\/sunoresearch","og_image":[{"width":2560,"height":1388,"url":"https:\/\/files.sunoresearch.com.br\/n\/uploads\/2018\/09\/5ab467ad-petrobras-argentina.jpg","type":"image\/jpeg"}],"author":"Laura Moutinho","twitter_card":"summary_large_image","twitter_creator":"@sunoresearch","twitter_site":"@sunoresearch","twitter_misc":{"Escrito por":"Laura Moutinho","Est. tempo de leitura":"2 minutos"},"schema":{"@context":"https:\/\/schema.org","@graph":[{"@type":"NewsArticle","@id":"https:\/\/www.suno.com.br\/noticias\/stf-suspende-acoes-trabalhistas-petrobras-petr4-terceirizacao\/#article","isPartOf":{"@id":"https:\/\/www.suno.com.br\/noticias\/stf-suspende-acoes-trabalhistas-petrobras-petr4-terceirizacao\/"},"author":{"name":"Laura Moutinho","@id":"https:\/\/www.suno.com.br\/noticias\/#\/schema\/person\/3df0d2808748b74496efe5dbeaef2c72"},"headline":"Ministro do STF suspende a\u00e7\u00f5es trabalhistas contra a Petrobras (PETR4)","datePublished":"2020-07-31T19:11:43+00:00","mainEntityOfPage":{"@id":"https:\/\/www.suno.com.br\/noticias\/stf-suspende-acoes-trabalhistas-petrobras-petr4-terceirizacao\/"},"wordCount":357,"publisher":{"@id":"https:\/\/www.suno.com.br\/noticias\/#organization"},"image":{"@id":"https:\/\/www.suno.com.br\/noticias\/stf-suspende-acoes-trabalhistas-petrobras-petr4-terceirizacao\/#primaryimage"},"thumbnailUrl":"https:\/\/files.sunoresearch.com.br\/n\/uploads\/2018\/09\/5ab467ad-petrobras-argentina-jpg.webp","keywords":["PETR3","Petrobras (PETR4)","Supremo Tribunal Federal (STF)"],"articleSection":["Neg\u00f3cios"],"inLanguage":"pt-BR"},{"@type":"WebPage","@id":"https:\/\/www.suno.com.br\/noticias\/stf-suspende-acoes-trabalhistas-petrobras-petr4-terceirizacao\/","url":"https:\/\/www.suno.com.br\/noticias\/stf-suspende-acoes-trabalhistas-petrobras-petr4-terceirizacao\/","name":"Ministro do STF suspende a\u00e7\u00f5es trabalhistas contra a Petrobras (PETR4)","isPartOf":{"@id":"https:\/\/www.suno.com.br\/noticias\/#website"},"primaryImageOfPage":{"@id":"https:\/\/www.suno.com.br\/noticias\/stf-suspende-acoes-trabalhistas-petrobras-petr4-terceirizacao\/#primaryimage"},"image":{"@id":"https:\/\/www.suno.com.br\/noticias\/stf-suspende-acoes-trabalhistas-petrobras-petr4-terceirizacao\/#primaryimage"},"thumbnailUrl":"https:\/\/files.sunoresearch.com.br\/n\/uploads\/2018\/09\/5ab467ad-petrobras-argentina-jpg.webp","datePublished":"2020-07-31T19:11:43+00:00","description":"Alexandre de Moraes decidiu suspender o progresso de 9,1 mil a\u00e7\u00f5es trabalhistas contra a Petrobras ( PETR4). Clique aqui para saber mais.","breadcrumb":{"@id":"https:\/\/www.suno.com.br\/noticias\/stf-suspende-acoes-trabalhistas-petrobras-petr4-terceirizacao\/#breadcrumb"},"inLanguage":"pt-BR","potentialAction":[{"@type":"ReadAction","target":["https:\/\/www.suno.com.br\/noticias\/stf-suspende-acoes-trabalhistas-petrobras-petr4-terceirizacao\/"]}]},{"@type":"ImageObject","inLanguage":"pt-BR","@id":"https:\/\/www.suno.com.br\/noticias\/stf-suspende-acoes-trabalhistas-petrobras-petr4-terceirizacao\/#primaryimage","url":"https:\/\/files.sunoresearch.com.br\/n\/uploads\/2018\/09\/5ab467ad-petrobras-argentina-jpg.webp","contentUrl":"https:\/\/files.sunoresearch.com.br\/n\/uploads\/2018\/09\/5ab467ad-petrobras-argentina-jpg.webp","width":2560,"height":1388,"caption":"De acordo com a Petrobras, os t\u00edtulos registrados ter\u00e3o termos e condi\u00e7\u00f5es similares aos t\u00edtulos n\u00e3o registrados"},{"@type":"BreadcrumbList","@id":"https:\/\/www.suno.com.br\/noticias\/stf-suspende-acoes-trabalhistas-petrobras-petr4-terceirizacao\/#breadcrumb","itemListElement":[{"@type":"ListItem","position":1,"name":"Not\u00edcias","item":"https:\/\/www.suno.com.br\/noticias\/"},{"@type":"ListItem","position":2,"name":"Neg\u00f3cios","item":"https:\/\/www.suno.com.br\/noticias\/negocios\/"},{"@type":"ListItem","position":3,"name":"Ministro do STF suspende a\u00e7\u00f5es trabalhistas contra a Petrobras (PETR4)"}]},{"@type":"WebSite","@id":"https:\/\/www.suno.com.br\/noticias\/#website","url":"https:\/\/www.suno.com.br\/noticias\/","name":"Suno Not\u00edcias","description":"Seu portal de informa\u00e7\u00e3o sobre o mundo dos investimentos","publisher":{"@id":"https:\/\/www.suno.com.br\/noticias\/#organization"},"potentialAction":[{"@type":"SearchAction","target":{"@type":"EntryPoint","urlTemplate":"https:\/\/www.suno.com.br\/noticias\/?s={search_term_string}"},"query-input":{"@type":"PropertyValueSpecification","valueRequired":true,"valueName":"search_term_string"}}],"inLanguage":"pt-BR"},{"@type":"Organization","@id":"https:\/\/www.suno.com.br\/noticias\/#organization","name":"Suno Not\u00edcias","url":"https:\/\/www.suno.com.br\/noticias\/","logo":{"@type":"ImageObject","inLanguage":"pt-BR","@id":"https:\/\/www.suno.com.br\/noticias\/#\/schema\/logo\/image\/","url":"https:\/\/files.sunoresearch.com.br\/n\/uploads\/2021\/09\/suno-logo.png","contentUrl":"https:\/\/files.sunoresearch.com.br\/n\/uploads\/2021\/09\/suno-logo.png","width":180,"height":180,"caption":"Suno Not\u00edcias"},"image":{"@id":"https:\/\/www.suno.com.br\/noticias\/#\/schema\/logo\/image\/"},"sameAs":["https:\/\/facebook.com\/sunoresearch","https:\/\/x.com\/sunoresearch","https:\/\/www.instagram.com\/suno","https:\/\/www.linkedin.com\/company\/suno-research\/","https:\/\/www.youtube.com\/c\/sunoresearch"]},{"@type":"Person","@id":"https:\/\/www.suno.com.br\/noticias\/#\/schema\/person\/3df0d2808748b74496efe5dbeaef2c72","name":"Laura Moutinho","image":{"@type":"ImageObject","inLanguage":"pt-BR","@id":"https:\/\/www.suno.com.br\/noticias\/#\/schema\/person\/image\/","url":"https:\/\/secure.gravatar.com\/avatar\/7571c7c8ca3a6fca5e41384ece5557ff?s=96&r=g","contentUrl":"https:\/\/secure.gravatar.com\/avatar\/7571c7c8ca3a6fca5e41384ece5557ff?s=96&r=g","caption":"Laura Moutinho"},"description":"Estagi\u00e1ria na Suno Not\u00edcias, escreve not\u00edcias que afetam o mercado financeiro. Estuda administra\u00e7\u00e3o na Universidade Presbiteriana Mackenzie.","url":"https:\/\/www.suno.com.br\/noticias\/author\/laura-moutinho\/"}]}},"default_loop_html":"<div class=\"cardsPage__listCard__boxs\"><div class=\"cardsPage__listCard__boxs__img\"><a href=\"https:\/\/www.suno.com.br\/noticias\/stf-suspende-acoes-trabalhistas-petrobras-petr4-terceirizacao\/\"><img class=\"mask\" src=\"https:\/\/www.suno.com.br\/noticias\/wp-content\/themes\/suno\/resources\/images\/spotlight\/spotlight1img\/bg-mask.png\" alt=\"Image Mask\"\/><img src=\"https:\/\/files.sunoresearch.com.br\/n\/uploads\/2018\/09\/5ab467ad-petrobras-argentina-400x200.webp\" alt=\"Ministro do STF suspende a\u00e7\u00f5es trabalhistas contra a Petrobras (PETR4)\"\/><\/a><span class=\"spotlightCategory\"><a href=\"https:\/\/www.suno.com.br\/noticias\/negocios\/\">Neg\u00f3cios<\/a><\/span><\/div><div class=\"cardsPage__listCard__boxs__content\"><a href=\"https:\/\/www.suno.com.br\/noticias\/stf-suspende-acoes-trabalhistas-petrobras-petr4-terceirizacao\/\"><h2 class=\"content__title\">Ministro do STF suspende a\u00e7\u00f5es trabalhistas contra a Petrobras (PETR4)<\/h2><\/a><div class=\"newsContent__article__meta\"><div class=\"newsContent__article__meta__authorBox\"><a href=\"https:\/\/www.suno.com.br\/noticias\/author\/laura-moutinho\/\" class=\"authorBox__avatar noMobi\"><img src=\"https:\/\/files.sunoresearch.com.br\/n\/uploads\/2020\/08\/531ff69d-whatsapp-image-2020-08-03-at-14.54.38-150x150.webp\" alt=\"Laura Moutinho\"><\/a><div class=\"authorBox__name\"><span>por\n\t\t\t<a href=\"https:\/\/www.suno.com.br\/noticias\/author\/laura-moutinho\/\"><span itemprop=\"author\">Laura Moutinho<\/span><\/a><\/span><time datetime=\"2020-07-31T16:11:43-03:00\" itemprop=\"datePublished\">31\/07\/2020 16:11<\/time><\/div><\/div><\/div><\/div><\/div>","single_layout":"posts","amp_enabled":true,"_links":{"self":[{"href":"https:\/\/www.suno.com.br\/noticias\/wp-json\/wp\/v2\/posts\/75741"}],"collection":[{"href":"https:\/\/www.suno.com.br\/noticias\/wp-json\/wp\/v2\/posts"}],"about":[{"href":"https:\/\/www.suno.com.br\/noticias\/wp-json\/wp\/v2\/types\/post"}],"author":[{"embeddable":true,"href":"https:\/\/www.suno.com.br\/noticias\/wp-json\/wp\/v2\/users\/39"}],"replies":[{"embeddable":true,"href":"https:\/\/www.suno.com.br\/noticias\/wp-json\/wp\/v2\/comments?post=75741"}],"version-history":[{"count":0,"href":"https:\/\/www.suno.com.br\/noticias\/wp-json\/wp\/v2\/posts\/75741\/revisions"}],"wp:featuredmedia":[{"embeddable":true,"href":"https:\/\/www.suno.com.br\/noticias\/wp-json\/wp\/v2\/media\/3877"}],"wp:attachment":[{"href":"https:\/\/www.suno.com.br\/noticias\/wp-json\/wp\/v2\/media?parent=75741"}],"wp:term":[{"taxonomy":"category","embeddable":true,"href":"https:\/\/www.suno.com.br\/noticias\/wp-json\/wp\/v2\/categories?post=75741"},{"taxonomy":"post_tag","embeddable":true,"href":"https:\/\/www.suno.com.br\/noticias\/wp-json\/wp\/v2\/tags?post=75741"},{"taxonomy":"suno_strategy","embeddable":true,"href":"https:\/\/www.suno.com.br\/noticias\/wp-json\/wp\/v2\/suno_strategy?post=75741"}],"curies":[{"name":"wp","href":"https:\/\/api.w.org\/{rel}","templated":true}]}}