{"id":75679,"date":"2020-07-31T10:12:34","date_gmt":"2020-07-31T13:12:34","guid":{"rendered":"https:\/\/www.suno.com.br\/noticias\/?p=75679"},"modified":"2020-07-31T10:12:34","modified_gmt":"2020-07-31T13:12:34","slug":"cogna-cogn3-diretor-estatutario-companhia-renuncia-cargo","status":"publish","type":"post","link":"https:\/\/www.suno.com.br\/noticias\/cogna-cogn3-diretor-estatutario-companhia-renuncia-cargo\/","title":{"rendered":"Cogna (COGN3): Diretor estatut\u00e1rio da companhia renuncia ao cargo"},"content":{"rendered":"<p>A <a href=\"https:\/\/www.suno.com.br\/acoes\/cogn3\/\"><strong>Cogna Educa\u00e7\u00e3o (COGN3)<\/strong><\/a> comunicou nesta sexta-feira (31) que o diretor estatut\u00e1rio da empresa, Mario Ghio Junior, renunciou ao cargo. O executivo passar\u00e1 a atuar apenas como presidente e membro do <a href=\"https:\/\/www.suno.com.br\/artigos\/conselho-administracao\/\">conselho de administra\u00e7\u00e3o<\/a> da Vasta, controlada da empresa.<\/p>\t<div class=\"wrapper-featured-image\">\n\t\t<figure class=\"spotlightImg\">\n\n\t\t\t<picture>\n\t\t\t\t<source media=\"(max-width: 768px)\" srcset=\"https:\/\/files.sunoresearch.com.br\/n\/uploads\/2019\/11\/3f99f22e-cogna-400x200.webp\">\n\t\t\t\t<img loading=\"lazy\" decoding=\"async\" class=\"newsContent__article__imgCapa lazyloadDisabled newsContent__article__imgCapa--noCaption\" src=\"https:\/\/files.sunoresearch.com.br\/n\/uploads\/2019\/11\/3f99f22e-cogna-800x450.webp\" width=\"800\" height=\"450\" alt=\"Cogna (COGN3): Diretor estatut\u00e1rio da companhia renuncia ao cargo\" fetchpriority=high \/>\n\t\t\t<\/picture>\n\n\t\t\t<figcaption class=\"wp-caption-text wp-caption-text--hide\">Cogna (COGN3). Foto: divulga\u00e7\u00e3o<\/figcaption>\n\t\t<\/figure>\n\t<\/div>\n\n\n\n<p>Tamb\u00e9m nesta sexta, a Cogna informou que a Vasta captou US$ 405,8 milh\u00f5es (cerca de R$ 2 bilh\u00f5es) em sua <a href=\"https:\/\/www.suno.com.br\/artigos\/ipo\/\">oferta p\u00fablica inicial de a\u00e7\u00f5es (IPO)<\/a> na bolsa norte-americana Nasdaq.<\/p>\n<p>Com isso, a Vasta passou a ser avaliada em R$ 8,4 bilh\u00f5es em valor de mercado. A companhia, que \u00e9 uma das principais empresas de educa\u00e7\u00e3o b\u00e1sica do Brasil, &#8220;movida por tecnologia&#8221;, atua tanto gerando conte\u00fado pedag\u00f3gico quanto de gest\u00e3o administrativa para outras institui\u00e7\u00f5es de ensino.<\/p>\n<p><a href=\"https:\/\/lp.suno.com.br\/suno-one\/\">Suno One: acesse gratuitamente eBooks, Minicursos, Artigos e Video Aulas sobre investimentos com um \u00fanico cadastro. Clique para saber mais!<\/a><\/p>\n<p>&#8220;Nossa Plataforma de Conte\u00fado &amp; EdTech combina um portf\u00f3lio multimarcas baseado em tecnologia e de alta qualidade de solu\u00e7\u00f5es de conte\u00fado educacional core e complementar, com conte\u00fado digital e impresso por meio de contratos de longo prazo com escolas parceiras, atrav\u00e9s da Somos Educa\u00e7\u00e3o&#8221;, informa a Vasta em seu site. A empresa diz que sua plataforma integrada foi desenvolvida para atender &#8220;todas as necessidades e prefer\u00eancias das escolas, por meio de um portf\u00f3lio completo de produtos&#8221;.<\/p>\n<h2>IPO da Vasta, subsidi\u00e1ria da Cogna<\/h2>\n<p>A subsidi\u00e1ria da Cogna\u00a0levantou US$ 405,8 milh\u00f5es em sua oferta p\u00fablica inicial de a\u00e7\u00f5es (IPO) na Nasdaq. As a\u00e7\u00f5es da companhia foram precificadas em US$ 19, acima da faixa indicativa, que ia de US$ 15,50 a US$ 17, devido a uma demanda 15 vezes superior \u00e0 oferta. A informa\u00e7\u00e3o foi confirmada pela Cogna nesta sexta.<\/p>\n<p>A opera\u00e7\u00e3o ainda contou com a aloca\u00e7\u00e3o de um lote suplementar equivalente a 13% do total de pap\u00e9is. Com a venda de 25% da empresa, a Vasta passou a ser avaliada em US$ 1,6 bilh\u00e3o (cerca de R$ 8,2 bilh\u00f5es).<\/p>\n<p>A<strong> Cogna<\/strong> registrou a Vasta na <a href=\"https:\/\/www.suno.com.br\/artigos\/nasdaq\/\">Bolsa de Valores de Nova York<\/a> em mar\u00e7o deste ano. O IPO da Cogna, entretanto, n\u00e3o aconteceu no primeiro semestre do ano por causa da volatilidade dos mercados em decorr\u00eancia da pandemia do novo coronav\u00edrus (Covid-19).<\/p>\n\n","protected":false},"excerpt":{"rendered":"<p>A Cogna Educa\u00e7\u00e3o (COGN3) comunicou nesta sexta-feira (31) que o diretor estatut\u00e1rio da empresa, Mario Ghio Junior, renunciou ao cargo. O executivo passar\u00e1 a atuar apenas como presidente e membro do conselho de administra\u00e7\u00e3o da Vasta, controlada da empresa. Cogna (COGN3). Foto: divulga\u00e7\u00e3o Tamb\u00e9m nesta sexta, a Cogna informou que a Vasta captou US$ 405,8 [&hellip;]<\/p>\n","protected":false},"author":19,"featured_media":45451,"comment_status":"closed","ping_status":"closed","sticky":false,"template":"","format":"standard","meta":[],"categories":[64],"tags":[2257,66355],"suno_strategy":[],"class_list":["post-75679","post","type-post","status-publish","format-standard","has-post-thumbnail","hentry","category-negocios","tag-cogna-cogn3","tag-vasta"],"yoast_head":"<!-- This site is optimized with the Yoast SEO plugin v24.4 - https:\/\/yoast.com\/wordpress\/plugins\/seo\/ -->\n<title>Cogna (COGN3): Diretor estatut\u00e1rio da companhia renuncia ao cargo<\/title>\n<meta name=\"description\" content=\"A Cogna Educa\u00e7\u00e3o (COGN3) comunicou nesta sexta-feira (31) que o diretor estatut\u00e1rio da empresa, Mario Ghio Junior, renunciou ao cargo.\" \/>\n<meta name=\"robots\" content=\"index, follow, max-snippet:-1, max-image-preview:large, max-video-preview:-1\" \/>\n<link rel=\"canonical\" href=\"https:\/\/www.suno.com.br\/noticias\/cogna-cogn3-diretor-estatutario-companhia-renuncia-cargo\/\" \/>\n<meta property=\"og:locale\" content=\"pt_BR\" \/>\n<meta property=\"og:type\" content=\"article\" \/>\n<meta property=\"og:title\" content=\"Cogna (COGN3): Diretor estatut\u00e1rio da companhia renuncia ao cargo\" \/>\n<meta property=\"og:description\" content=\"A Cogna Educa\u00e7\u00e3o (COGN3) comunicou nesta sexta-feira (31) que o diretor estatut\u00e1rio da empresa, Mario Ghio Junior, renunciou ao cargo.\" \/>\n<meta property=\"og:url\" content=\"https:\/\/www.suno.com.br\/noticias\/cogna-cogn3-diretor-estatutario-companhia-renuncia-cargo\/\" \/>\n<meta property=\"og:site_name\" content=\"Suno Not\u00edcias\" \/>\n<meta property=\"article:publisher\" content=\"https:\/\/facebook.com\/sunoresearch\" \/>\n<meta property=\"og:image\" content=\"https:\/\/files.sunoresearch.com.br\/n\/uploads\/2019\/11\/3f99f22e-cogna.jpg\" \/>\n\t<meta property=\"og:image:width\" content=\"4032\" \/>\n\t<meta property=\"og:image:height\" content=\"3024\" \/>\n\t<meta property=\"og:image:type\" content=\"image\/jpeg\" \/>\n<meta name=\"author\" content=\"Juliano Passaro\" \/>\n<meta name=\"twitter:card\" content=\"summary_large_image\" \/>\n<meta name=\"twitter:creator\" content=\"@sunoresearch\" \/>\n<meta name=\"twitter:site\" content=\"@sunoresearch\" \/>\n<meta name=\"twitter:label1\" content=\"Escrito por\" \/>\n\t<meta name=\"twitter:data1\" content=\"Juliano Passaro\" \/>\n\t<meta name=\"twitter:label2\" content=\"Est. tempo de leitura\" \/>\n\t<meta name=\"twitter:data2\" content=\"2 minutos\" \/>\n<script type=\"application\/ld+json\" class=\"yoast-schema-graph\">{\"@context\":\"https:\/\/schema.org\",\"@graph\":[{\"@type\":\"NewsArticle\",\"@id\":\"https:\/\/www.suno.com.br\/noticias\/cogna-cogn3-diretor-estatutario-companhia-renuncia-cargo\/#article\",\"isPartOf\":{\"@id\":\"https:\/\/www.suno.com.br\/noticias\/cogna-cogn3-diretor-estatutario-companhia-renuncia-cargo\/\"},\"author\":{\"name\":\"Juliano Passaro\",\"@id\":\"https:\/\/www.suno.com.br\/noticias\/#\/schema\/person\/1db762f78ffd8919a648a63e425953e3\"},\"headline\":\"Cogna (COGN3): Diretor estatut\u00e1rio da companhia renuncia ao cargo\",\"datePublished\":\"2020-07-31T13:12:34+00:00\",\"mainEntityOfPage\":{\"@id\":\"https:\/\/www.suno.com.br\/noticias\/cogna-cogn3-diretor-estatutario-companhia-renuncia-cargo\/\"},\"wordCount\":398,\"publisher\":{\"@id\":\"https:\/\/www.suno.com.br\/noticias\/#organization\"},\"image\":{\"@id\":\"https:\/\/www.suno.com.br\/noticias\/cogna-cogn3-diretor-estatutario-companhia-renuncia-cargo\/#primaryimage\"},\"thumbnailUrl\":\"https:\/\/files.sunoresearch.com.br\/n\/uploads\/2019\/11\/3f99f22e-cogna-scaled.webp\",\"keywords\":[\"Cogna (COGN3)\",\"Vasta\"],\"articleSection\":[\"Neg\u00f3cios\"],\"inLanguage\":\"pt-BR\"},{\"@type\":\"WebPage\",\"@id\":\"https:\/\/www.suno.com.br\/noticias\/cogna-cogn3-diretor-estatutario-companhia-renuncia-cargo\/\",\"url\":\"https:\/\/www.suno.com.br\/noticias\/cogna-cogn3-diretor-estatutario-companhia-renuncia-cargo\/\",\"name\":\"Cogna (COGN3): Diretor estatut\u00e1rio da companhia renuncia ao cargo\",\"isPartOf\":{\"@id\":\"https:\/\/www.suno.com.br\/noticias\/#website\"},\"primaryImageOfPage\":{\"@id\":\"https:\/\/www.suno.com.br\/noticias\/cogna-cogn3-diretor-estatutario-companhia-renuncia-cargo\/#primaryimage\"},\"image\":{\"@id\":\"https:\/\/www.suno.com.br\/noticias\/cogna-cogn3-diretor-estatutario-companhia-renuncia-cargo\/#primaryimage\"},\"thumbnailUrl\":\"https:\/\/files.sunoresearch.com.br\/n\/uploads\/2019\/11\/3f99f22e-cogna-scaled.webp\",\"datePublished\":\"2020-07-31T13:12:34+00:00\",\"description\":\"A Cogna Educa\u00e7\u00e3o (COGN3) comunicou nesta sexta-feira (31) que o diretor estatut\u00e1rio da empresa, Mario Ghio Junior, renunciou ao cargo.\",\"breadcrumb\":{\"@id\":\"https:\/\/www.suno.com.br\/noticias\/cogna-cogn3-diretor-estatutario-companhia-renuncia-cargo\/#breadcrumb\"},\"inLanguage\":\"pt-BR\",\"potentialAction\":[{\"@type\":\"ReadAction\",\"target\":[\"https:\/\/www.suno.com.br\/noticias\/cogna-cogn3-diretor-estatutario-companhia-renuncia-cargo\/\"]}]},{\"@type\":\"ImageObject\",\"inLanguage\":\"pt-BR\",\"@id\":\"https:\/\/www.suno.com.br\/noticias\/cogna-cogn3-diretor-estatutario-companhia-renuncia-cargo\/#primaryimage\",\"url\":\"https:\/\/files.sunoresearch.com.br\/n\/uploads\/2019\/11\/3f99f22e-cogna-scaled.webp\",\"contentUrl\":\"https:\/\/files.sunoresearch.com.br\/n\/uploads\/2019\/11\/3f99f22e-cogna-scaled.webp\",\"width\":2560,\"height\":1920,\"caption\":\"Cogna (COGN3). Foto: divulga\u00e7\u00e3o\"},{\"@type\":\"BreadcrumbList\",\"@id\":\"https:\/\/www.suno.com.br\/noticias\/cogna-cogn3-diretor-estatutario-companhia-renuncia-cargo\/#breadcrumb\",\"itemListElement\":[{\"@type\":\"ListItem\",\"position\":1,\"name\":\"Not\u00edcias\",\"item\":\"https:\/\/www.suno.com.br\/noticias\/\"},{\"@type\":\"ListItem\",\"position\":2,\"name\":\"Neg\u00f3cios\",\"item\":\"https:\/\/www.suno.com.br\/noticias\/negocios\/\"},{\"@type\":\"ListItem\",\"position\":3,\"name\":\"Cogna (COGN3): Diretor estatut\u00e1rio da companhia renuncia ao cargo\"}]},{\"@type\":\"WebSite\",\"@id\":\"https:\/\/www.suno.com.br\/noticias\/#website\",\"url\":\"https:\/\/www.suno.com.br\/noticias\/\",\"name\":\"Suno Not\u00edcias\",\"description\":\"Seu portal de informa\u00e7\u00e3o sobre o mundo dos investimentos\",\"publisher\":{\"@id\":\"https:\/\/www.suno.com.br\/noticias\/#organization\"},\"potentialAction\":[{\"@type\":\"SearchAction\",\"target\":{\"@type\":\"EntryPoint\",\"urlTemplate\":\"https:\/\/www.suno.com.br\/noticias\/?s={search_term_string}\"},\"query-input\":{\"@type\":\"PropertyValueSpecification\",\"valueRequired\":true,\"valueName\":\"search_term_string\"}}],\"inLanguage\":\"pt-BR\"},{\"@type\":\"Organization\",\"@id\":\"https:\/\/www.suno.com.br\/noticias\/#organization\",\"name\":\"Suno Not\u00edcias\",\"url\":\"https:\/\/www.suno.com.br\/noticias\/\",\"logo\":{\"@type\":\"ImageObject\",\"inLanguage\":\"pt-BR\",\"@id\":\"https:\/\/www.suno.com.br\/noticias\/#\/schema\/logo\/image\/\",\"url\":\"https:\/\/files.sunoresearch.com.br\/n\/uploads\/2021\/09\/suno-logo.png\",\"contentUrl\":\"https:\/\/files.sunoresearch.com.br\/n\/uploads\/2021\/09\/suno-logo.png\",\"width\":180,\"height\":180,\"caption\":\"Suno Not\u00edcias\"},\"image\":{\"@id\":\"https:\/\/www.suno.com.br\/noticias\/#\/schema\/logo\/image\/\"},\"sameAs\":[\"https:\/\/facebook.com\/sunoresearch\",\"https:\/\/x.com\/sunoresearch\",\"https:\/\/www.instagram.com\/suno\",\"https:\/\/www.linkedin.com\/company\/suno-research\/\",\"https:\/\/www.youtube.com\/c\/sunoresearch\"]},{\"@type\":\"Person\",\"@id\":\"https:\/\/www.suno.com.br\/noticias\/#\/schema\/person\/1db762f78ffd8919a648a63e425953e3\",\"name\":\"Juliano Passaro\",\"image\":{\"@type\":\"ImageObject\",\"inLanguage\":\"pt-BR\",\"@id\":\"https:\/\/www.suno.com.br\/noticias\/#\/schema\/person\/image\/\",\"url\":\"https:\/\/secure.gravatar.com\/avatar\/743d4df28eebf6dcc46b4ad03c319e92?s=96&r=g\",\"contentUrl\":\"https:\/\/secure.gravatar.com\/avatar\/743d4df28eebf6dcc46b4ad03c319e92?s=96&r=g\",\"caption\":\"Juliano Passaro\"},\"description\":\"Juliano Passaro escreve sobre pol\u00edtica, economia e neg\u00f3cios para o portal da Suno Research. Antes da Suno, trabalhou no Portal da Band. \u00c9 formado em jornalismo pela Universidade Presbiteriana Mackenzie.\",\"url\":\"https:\/\/www.suno.com.br\/noticias\/author\/juliano\/\"}]}<\/script>\n<!-- \/ Yoast SEO plugin. -->","yoast_head_json":{"title":"Cogna (COGN3): Diretor estatut\u00e1rio da companhia renuncia ao cargo","description":"A Cogna Educa\u00e7\u00e3o (COGN3) comunicou nesta sexta-feira (31) que o diretor estatut\u00e1rio da empresa, Mario Ghio Junior, renunciou ao cargo.","robots":{"index":"index","follow":"follow","max-snippet":"max-snippet:-1","max-image-preview":"max-image-preview:large","max-video-preview":"max-video-preview:-1"},"canonical":"https:\/\/www.suno.com.br\/noticias\/cogna-cogn3-diretor-estatutario-companhia-renuncia-cargo\/","og_locale":"pt_BR","og_type":"article","og_title":"Cogna (COGN3): Diretor estatut\u00e1rio da companhia renuncia ao cargo","og_description":"A Cogna Educa\u00e7\u00e3o (COGN3) comunicou nesta sexta-feira (31) que o diretor estatut\u00e1rio da empresa, Mario Ghio Junior, renunciou ao cargo.","og_url":"https:\/\/www.suno.com.br\/noticias\/cogna-cogn3-diretor-estatutario-companhia-renuncia-cargo\/","og_site_name":"Suno Not\u00edcias","article_publisher":"https:\/\/facebook.com\/sunoresearch","og_image":[{"width":4032,"height":3024,"url":"https:\/\/files.sunoresearch.com.br\/n\/uploads\/2019\/11\/3f99f22e-cogna.jpg","type":"image\/jpeg"}],"author":"Juliano Passaro","twitter_card":"summary_large_image","twitter_creator":"@sunoresearch","twitter_site":"@sunoresearch","twitter_misc":{"Escrito por":"Juliano Passaro","Est. tempo de leitura":"2 minutos"},"schema":{"@context":"https:\/\/schema.org","@graph":[{"@type":"NewsArticle","@id":"https:\/\/www.suno.com.br\/noticias\/cogna-cogn3-diretor-estatutario-companhia-renuncia-cargo\/#article","isPartOf":{"@id":"https:\/\/www.suno.com.br\/noticias\/cogna-cogn3-diretor-estatutario-companhia-renuncia-cargo\/"},"author":{"name":"Juliano Passaro","@id":"https:\/\/www.suno.com.br\/noticias\/#\/schema\/person\/1db762f78ffd8919a648a63e425953e3"},"headline":"Cogna (COGN3): Diretor estatut\u00e1rio da companhia renuncia ao cargo","datePublished":"2020-07-31T13:12:34+00:00","mainEntityOfPage":{"@id":"https:\/\/www.suno.com.br\/noticias\/cogna-cogn3-diretor-estatutario-companhia-renuncia-cargo\/"},"wordCount":398,"publisher":{"@id":"https:\/\/www.suno.com.br\/noticias\/#organization"},"image":{"@id":"https:\/\/www.suno.com.br\/noticias\/cogna-cogn3-diretor-estatutario-companhia-renuncia-cargo\/#primaryimage"},"thumbnailUrl":"https:\/\/files.sunoresearch.com.br\/n\/uploads\/2019\/11\/3f99f22e-cogna-scaled.webp","keywords":["Cogna (COGN3)","Vasta"],"articleSection":["Neg\u00f3cios"],"inLanguage":"pt-BR"},{"@type":"WebPage","@id":"https:\/\/www.suno.com.br\/noticias\/cogna-cogn3-diretor-estatutario-companhia-renuncia-cargo\/","url":"https:\/\/www.suno.com.br\/noticias\/cogna-cogn3-diretor-estatutario-companhia-renuncia-cargo\/","name":"Cogna (COGN3): Diretor estatut\u00e1rio da companhia renuncia ao cargo","isPartOf":{"@id":"https:\/\/www.suno.com.br\/noticias\/#website"},"primaryImageOfPage":{"@id":"https:\/\/www.suno.com.br\/noticias\/cogna-cogn3-diretor-estatutario-companhia-renuncia-cargo\/#primaryimage"},"image":{"@id":"https:\/\/www.suno.com.br\/noticias\/cogna-cogn3-diretor-estatutario-companhia-renuncia-cargo\/#primaryimage"},"thumbnailUrl":"https:\/\/files.sunoresearch.com.br\/n\/uploads\/2019\/11\/3f99f22e-cogna-scaled.webp","datePublished":"2020-07-31T13:12:34+00:00","description":"A Cogna Educa\u00e7\u00e3o (COGN3) comunicou nesta sexta-feira (31) que o diretor estatut\u00e1rio da empresa, Mario Ghio Junior, renunciou ao cargo.","breadcrumb":{"@id":"https:\/\/www.suno.com.br\/noticias\/cogna-cogn3-diretor-estatutario-companhia-renuncia-cargo\/#breadcrumb"},"inLanguage":"pt-BR","potentialAction":[{"@type":"ReadAction","target":["https:\/\/www.suno.com.br\/noticias\/cogna-cogn3-diretor-estatutario-companhia-renuncia-cargo\/"]}]},{"@type":"ImageObject","inLanguage":"pt-BR","@id":"https:\/\/www.suno.com.br\/noticias\/cogna-cogn3-diretor-estatutario-companhia-renuncia-cargo\/#primaryimage","url":"https:\/\/files.sunoresearch.com.br\/n\/uploads\/2019\/11\/3f99f22e-cogna-scaled.webp","contentUrl":"https:\/\/files.sunoresearch.com.br\/n\/uploads\/2019\/11\/3f99f22e-cogna-scaled.webp","width":2560,"height":1920,"caption":"Cogna (COGN3). Foto: divulga\u00e7\u00e3o"},{"@type":"BreadcrumbList","@id":"https:\/\/www.suno.com.br\/noticias\/cogna-cogn3-diretor-estatutario-companhia-renuncia-cargo\/#breadcrumb","itemListElement":[{"@type":"ListItem","position":1,"name":"Not\u00edcias","item":"https:\/\/www.suno.com.br\/noticias\/"},{"@type":"ListItem","position":2,"name":"Neg\u00f3cios","item":"https:\/\/www.suno.com.br\/noticias\/negocios\/"},{"@type":"ListItem","position":3,"name":"Cogna (COGN3): Diretor estatut\u00e1rio da companhia renuncia ao cargo"}]},{"@type":"WebSite","@id":"https:\/\/www.suno.com.br\/noticias\/#website","url":"https:\/\/www.suno.com.br\/noticias\/","name":"Suno Not\u00edcias","description":"Seu portal de informa\u00e7\u00e3o sobre o mundo dos investimentos","publisher":{"@id":"https:\/\/www.suno.com.br\/noticias\/#organization"},"potentialAction":[{"@type":"SearchAction","target":{"@type":"EntryPoint","urlTemplate":"https:\/\/www.suno.com.br\/noticias\/?s={search_term_string}"},"query-input":{"@type":"PropertyValueSpecification","valueRequired":true,"valueName":"search_term_string"}}],"inLanguage":"pt-BR"},{"@type":"Organization","@id":"https:\/\/www.suno.com.br\/noticias\/#organization","name":"Suno Not\u00edcias","url":"https:\/\/www.suno.com.br\/noticias\/","logo":{"@type":"ImageObject","inLanguage":"pt-BR","@id":"https:\/\/www.suno.com.br\/noticias\/#\/schema\/logo\/image\/","url":"https:\/\/files.sunoresearch.com.br\/n\/uploads\/2021\/09\/suno-logo.png","contentUrl":"https:\/\/files.sunoresearch.com.br\/n\/uploads\/2021\/09\/suno-logo.png","width":180,"height":180,"caption":"Suno Not\u00edcias"},"image":{"@id":"https:\/\/www.suno.com.br\/noticias\/#\/schema\/logo\/image\/"},"sameAs":["https:\/\/facebook.com\/sunoresearch","https:\/\/x.com\/sunoresearch","https:\/\/www.instagram.com\/suno","https:\/\/www.linkedin.com\/company\/suno-research\/","https:\/\/www.youtube.com\/c\/sunoresearch"]},{"@type":"Person","@id":"https:\/\/www.suno.com.br\/noticias\/#\/schema\/person\/1db762f78ffd8919a648a63e425953e3","name":"Juliano Passaro","image":{"@type":"ImageObject","inLanguage":"pt-BR","@id":"https:\/\/www.suno.com.br\/noticias\/#\/schema\/person\/image\/","url":"https:\/\/secure.gravatar.com\/avatar\/743d4df28eebf6dcc46b4ad03c319e92?s=96&r=g","contentUrl":"https:\/\/secure.gravatar.com\/avatar\/743d4df28eebf6dcc46b4ad03c319e92?s=96&r=g","caption":"Juliano Passaro"},"description":"Juliano Passaro escreve sobre pol\u00edtica, economia e neg\u00f3cios para o portal da Suno Research. Antes da Suno, trabalhou no Portal da Band. \u00c9 formado em jornalismo pela Universidade Presbiteriana Mackenzie.","url":"https:\/\/www.suno.com.br\/noticias\/author\/juliano\/"}]}},"default_loop_html":"<div class=\"cardsPage__listCard__boxs\"><div class=\"cardsPage__listCard__boxs__img\"><a href=\"https:\/\/www.suno.com.br\/noticias\/cogna-cogn3-diretor-estatutario-companhia-renuncia-cargo\/\"><img class=\"mask\" src=\"https:\/\/www.suno.com.br\/noticias\/wp-content\/themes\/suno\/resources\/images\/spotlight\/spotlight1img\/bg-mask.png\" alt=\"Image Mask\"\/><img src=\"https:\/\/files.sunoresearch.com.br\/n\/uploads\/2019\/11\/3f99f22e-cogna-400x200.webp\" alt=\"Cogna (COGN3): Diretor estatut\u00e1rio da companhia renuncia ao cargo\"\/><\/a><span class=\"spotlightCategory\"><a href=\"https:\/\/www.suno.com.br\/noticias\/negocios\/\">Neg\u00f3cios<\/a><\/span><\/div><div class=\"cardsPage__listCard__boxs__content\"><a href=\"https:\/\/www.suno.com.br\/noticias\/cogna-cogn3-diretor-estatutario-companhia-renuncia-cargo\/\"><h2 class=\"content__title\">Cogna (COGN3): Diretor estatut\u00e1rio da companhia renuncia ao cargo<\/h2><\/a><div class=\"newsContent__article__meta\"><div class=\"newsContent__article__meta__authorBox\"><a href=\"https:\/\/www.suno.com.br\/noticias\/author\/juliano\/\" class=\"authorBox__avatar noMobi\"><img src=\"https:\/\/files.sunoresearch.com.br\/n\/uploads\/2019\/06\/7cc3efea-whatsapp-image-2019-07-18-at-21.59.33-e1563499821209-150x150.webp\" alt=\"Juliano Passaro\"><\/a><div class=\"authorBox__name\"><span>por\n\t\t\t<a href=\"https:\/\/www.suno.com.br\/noticias\/author\/juliano\/\"><span itemprop=\"author\">Juliano Passaro<\/span><\/a><\/span><time datetime=\"2020-07-31T10:12:34-03:00\" itemprop=\"datePublished\">31\/07\/2020 10:12<\/time><\/div><\/div><\/div><\/div><\/div>","single_layout":"posts","amp_enabled":true,"_links":{"self":[{"href":"https:\/\/www.suno.com.br\/noticias\/wp-json\/wp\/v2\/posts\/75679"}],"collection":[{"href":"https:\/\/www.suno.com.br\/noticias\/wp-json\/wp\/v2\/posts"}],"about":[{"href":"https:\/\/www.suno.com.br\/noticias\/wp-json\/wp\/v2\/types\/post"}],"author":[{"embeddable":true,"href":"https:\/\/www.suno.com.br\/noticias\/wp-json\/wp\/v2\/users\/19"}],"replies":[{"embeddable":true,"href":"https:\/\/www.suno.com.br\/noticias\/wp-json\/wp\/v2\/comments?post=75679"}],"version-history":[{"count":0,"href":"https:\/\/www.suno.com.br\/noticias\/wp-json\/wp\/v2\/posts\/75679\/revisions"}],"wp:featuredmedia":[{"embeddable":true,"href":"https:\/\/www.suno.com.br\/noticias\/wp-json\/wp\/v2\/media\/45451"}],"wp:attachment":[{"href":"https:\/\/www.suno.com.br\/noticias\/wp-json\/wp\/v2\/media?parent=75679"}],"wp:term":[{"taxonomy":"category","embeddable":true,"href":"https:\/\/www.suno.com.br\/noticias\/wp-json\/wp\/v2\/categories?post=75679"},{"taxonomy":"post_tag","embeddable":true,"href":"https:\/\/www.suno.com.br\/noticias\/wp-json\/wp\/v2\/tags?post=75679"},{"taxonomy":"suno_strategy","embeddable":true,"href":"https:\/\/www.suno.com.br\/noticias\/wp-json\/wp\/v2\/suno_strategy?post=75679"}],"curies":[{"name":"wp","href":"https:\/\/api.w.org\/{rel}","templated":true}]}}