{"id":75595,"date":"2020-07-30T20:05:29","date_gmt":"2020-07-30T23:05:29","guid":{"rendered":"https:\/\/www.suno.com.br\/noticias\/?p=75595"},"modified":"2020-07-30T20:05:29","modified_gmt":"2020-07-30T23:05:29","slug":"maia-camara-flexibilizacao-teto-de-gastos","status":"publish","type":"post","link":"https:\/\/www.suno.com.br\/noticias\/maia-camara-flexibilizacao-teto-de-gastos\/","title":{"rendered":"Maia diz que C\u00e2mara n\u00e3o votar\u00e1 nenhuma flexibiliza\u00e7\u00e3o do teto de gastos"},"content":{"rendered":"<p>O presidente da C\u00e2mara dos Deputados, Rodrigo <strong>Maia<\/strong> (DEM-RJ) anunciou que a C\u00e2mara n\u00e3o votar\u00e1 nenhuma proposta relacionada a flexibiliza\u00e7\u00e3o do testo de gastos. A declara\u00e7\u00e3o foi dada nessa quinta-feira (30), quando o pol\u00edtico participou do debate &#8220;O impacto do custo Brasil na competitividade da ind\u00fastria e do Pa\u00eds&#8221;, realizado Confedera\u00e7\u00e3o Nacional da Ind\u00fastria junto com a Folha de S. Paulo.<\/p>\t<div class=\"wrapper-featured-image\">\n\t\t<figure class=\"spotlightImg\">\n\n\t\t\t<picture>\n\t\t\t\t<source media=\"(max-width: 768px)\" srcset=\"https:\/\/files.sunoresearch.com.br\/n\/uploads\/2019\/05\/74b27181-rodrigo-maia-400x200.webp\">\n\t\t\t\t<img loading=\"lazy\" decoding=\"async\" class=\"newsContent__article__imgCapa lazyloadDisabled newsContent__article__imgCapa--noCaption\" src=\"https:\/\/files.sunoresearch.com.br\/n\/uploads\/2019\/05\/74b27181-rodrigo-maia-800x450.webp\" width=\"800\" height=\"450\" alt=\"Maia diz que C\u00e2mara n\u00e3o votar\u00e1 nenhuma flexibiliza\u00e7\u00e3o do teto de gastos\" fetchpriority=high \/>\n\t\t\t<\/picture>\n\n\t\t\t<figcaption class=\"wp-caption-text wp-caption-text--hide\">Maia diz que C\u00e2mara n\u00e3o votar\u00e1 nenhuma flexibiliza\u00e7\u00e3o do teto de gastos<\/figcaption>\n\t\t<\/figure>\n\t<\/div>\n\n\n\n<p>Maia afirmou que &#8220;nossa situa\u00e7\u00e3o \u00e9 muito complexa para aumentar receita e aumentar despesas. A C\u00e2mara n\u00e3o votar\u00e1 nenhuma flexibiliza\u00e7\u00e3o do <strong>teto de gastos<\/strong> at\u00e9 1\u00ba de fevereiro&#8221;. Vale destacar que seu mandato como presidente da C\u00e2mara acaba no dia 1 de fevereiro.<\/p>\n<p>O pol\u00edtico ainda destacou que existe uma enorme press\u00e3o, principalmente durante a <a href=\"https:\/\/www.suno.com.br\/artigos\/crise-economica-oportunidade-ou-ameaca\/\">crise<\/a> causada pela <a href=\"https:\/\/www.suno.com.br\/noticias\/tags\/coronavirus\/\">pandemia do novo <strong>coronav\u00edrus<\/strong> (Covid-19)<\/a>, para a flexibiliza\u00e7\u00e3o do<strong> teto de gastos.<\/strong><\/p>\n<p><a href=\"https:\/\/lp.suno.com.br\/suno-one\/\">Suno One: o primeiro passo para alcan\u00e7ar a sua independ\u00eancia financeira. Acesse agora, \u00e9 gratuito!<\/a><\/p>\n<p>Ele tamb\u00e9m refor\u00e7ou que o Brasil ir\u00e1 precisar de investimentos privados ap\u00f3s a pandemia passar, bem como uma renda b\u00e1sica, e debates dobre desonera\u00e7\u00f5es.<\/p>\n<p>&#8220;Abandonamos a discuss\u00e3o sobre controle de gastos, sobre vincula\u00e7\u00e3o do Or\u00e7amento (por exemplo), mas temos muita coisa para fazer, e \u00e9 onde dever\u00edamos estar mais preocupados. N\u00e3o vamos resolver o problema do p\u00f3s-pandemia pelo aumento da arrecada\u00e7\u00e3o a partir do aumento da carga tribut\u00e1ria&#8221;, explicou ele.<\/p>\n<h2>Maia defende um sistema tribut\u00e1rio mais simples<\/h2>\n<p>Al\u00e9m disso, o presidente da C\u00e2mara comentou sobre os impostos, e destacou a import\u00e2ncia da unifica\u00e7\u00e3o dos tributos estaduais, municipais e federais. Ele considera que para recuperar o avan\u00e7o do Brasil, \u00e9 necess\u00e1rio organizar o setor de bens e servi\u00e7os.<\/p>\n<p>&#8220;Precisamos garantir um sistema tribut\u00e1rio mais simples, com seguran\u00e7a jur\u00eddica e efici\u00eancia na tributa\u00e7\u00e3o, agora vamos dar mais um jeitinho criando mais imposto e vamos taxar mais sociedade?&#8221;, apontou o presidente da C\u00e2mara.<\/p>\n<p>Al\u00e9m disso, declarou que &#8220;a sociedade n\u00e3o quer mais impostos. Se voc\u00ea pegar o documento do<strong> Banco Interamericano de Desenvolvimento<\/strong> (<strong>BID<\/strong>) sobre gasto p\u00fablico na Am\u00e9rica Latina, ver\u00e1 que todos os pa\u00edses cometeram o mesmo erro. Temos que cuidar da moderniza\u00e7\u00e3o, n\u00e3o \u00e9 s\u00f3 cortar despesas, melhorando a efici\u00eancia do setor p\u00fablico e aumentando a arrecada\u00e7\u00e3o pelo crescimento econ\u00f4mico&#8221;.<\/p>\n<p><a href=\"https:\/\/www.suno.com.br\/noticias\/maia-brasil-investimento-privado\/\">Veja tamb\u00e9m: Maia: Brasil precisar\u00e1 muito de investimento privado no p\u00f3s-pandemia<\/a><\/p>\n<p>Em rela\u00e7\u00e3o as mudan\u00e7as no sistema tribut\u00e1rio, <strong>Maia<\/strong> destacou que &#8220;esses debates precisam ser constru\u00eddos para levar a sociedade o verdadeiro debate, n\u00e3o \u00e9 simples, porque tem distor\u00e7\u00f5es. Se n\u00e3o resolver o ICMS, n\u00e3o vai resolver o principal problema que gera distor\u00e7\u00f5es, acho que d\u00e1 para avan\u00e7ar na C\u00e2mara no prazo de 60, 90 dias, mas n\u00e3o d\u00e1 para definir um prazo. Essa constru\u00e7\u00e3o da maioria n\u00e3o \u00e9 t\u00e3o simples assim&#8221;.<\/p>\n\n","protected":false},"excerpt":{"rendered":"<p>O presidente da C\u00e2mara dos Deputados, Rodrigo Maia (DEM-RJ) anunciou que a C\u00e2mara n\u00e3o votar\u00e1 nenhuma proposta relacionada a flexibiliza\u00e7\u00e3o do testo de gastos. A declara\u00e7\u00e3o foi dada nessa quinta-feira (30), quando o pol\u00edtico participou do debate &#8220;O impacto do custo Brasil na competitividade da ind\u00fastria e do Pa\u00eds&#8221;, realizado Confedera\u00e7\u00e3o Nacional da Ind\u00fastria junto [&hellip;]<\/p>\n","protected":false},"author":39,"featured_media":23718,"comment_status":"closed","ping_status":"closed","sticky":false,"template":"","format":"standard","meta":[],"categories":[62],"tags":[704,892,83329],"suno_strategy":[],"class_list":["post-75595","post","type-post","status-publish","format-standard","has-post-thumbnail","hentry","category-economia","tag-impostos","tag-rodrigo-maia","tag-teto-de-gastos"],"yoast_head":"<!-- This site is optimized with the Yoast SEO plugin v24.4 - https:\/\/yoast.com\/wordpress\/plugins\/seo\/ -->\n<title>Maia diz que C\u00e2mara n\u00e3o votar\u00e1 nenhuma flexibiliza\u00e7\u00e3o do teto de gastos<\/title>\n<meta name=\"description\" content=\"Rodrigo Maia afirmou que a C\u00e2mara n\u00e3o votar\u00e1 nenhuma flexibiliza\u00e7\u00e3o do teto de gastos at\u00e9 1\u00b0 de fevereiro. Clique aqui para saber mais.\" \/>\n<meta name=\"robots\" content=\"index, follow, max-snippet:-1, max-image-preview:large, max-video-preview:-1\" \/>\n<link rel=\"canonical\" href=\"https:\/\/www.suno.com.br\/noticias\/maia-camara-flexibilizacao-teto-de-gastos\/\" \/>\n<meta property=\"og:locale\" content=\"pt_BR\" \/>\n<meta property=\"og:type\" content=\"article\" \/>\n<meta property=\"og:title\" content=\"Maia diz que C\u00e2mara n\u00e3o votar\u00e1 nenhuma flexibiliza\u00e7\u00e3o do teto de gastos\" \/>\n<meta property=\"og:description\" content=\"Rodrigo Maia afirmou que a C\u00e2mara n\u00e3o votar\u00e1 nenhuma flexibiliza\u00e7\u00e3o do teto de gastos at\u00e9 1\u00b0 de fevereiro. Clique aqui para saber mais.\" \/>\n<meta property=\"og:url\" content=\"https:\/\/www.suno.com.br\/noticias\/maia-camara-flexibilizacao-teto-de-gastos\/\" \/>\n<meta property=\"og:site_name\" content=\"Suno Not\u00edcias\" \/>\n<meta property=\"article:publisher\" content=\"https:\/\/facebook.com\/sunoresearch\" \/>\n<meta property=\"og:image\" content=\"https:\/\/files.sunoresearch.com.br\/n\/uploads\/2019\/05\/74b27181-rodrigo-maia.jpg\" \/>\n\t<meta property=\"og:image:width\" content=\"1200\" \/>\n\t<meta property=\"og:image:height\" content=\"798\" \/>\n\t<meta property=\"og:image:type\" content=\"image\/jpeg\" \/>\n<meta name=\"author\" content=\"Laura Moutinho\" \/>\n<meta name=\"twitter:card\" content=\"summary_large_image\" \/>\n<meta name=\"twitter:creator\" content=\"@sunoresearch\" \/>\n<meta name=\"twitter:site\" content=\"@sunoresearch\" \/>\n<meta name=\"twitter:label1\" content=\"Escrito por\" \/>\n\t<meta name=\"twitter:data1\" content=\"Laura Moutinho\" \/>\n\t<meta name=\"twitter:label2\" content=\"Est. tempo de leitura\" \/>\n\t<meta name=\"twitter:data2\" content=\"3 minutos\" \/>\n<script type=\"application\/ld+json\" class=\"yoast-schema-graph\">{\"@context\":\"https:\/\/schema.org\",\"@graph\":[{\"@type\":\"NewsArticle\",\"@id\":\"https:\/\/www.suno.com.br\/noticias\/maia-camara-flexibilizacao-teto-de-gastos\/#article\",\"isPartOf\":{\"@id\":\"https:\/\/www.suno.com.br\/noticias\/maia-camara-flexibilizacao-teto-de-gastos\/\"},\"author\":{\"name\":\"Laura Moutinho\",\"@id\":\"https:\/\/www.suno.com.br\/noticias\/#\/schema\/person\/3df0d2808748b74496efe5dbeaef2c72\"},\"headline\":\"Maia diz que C\u00e2mara n\u00e3o votar\u00e1 nenhuma flexibiliza\u00e7\u00e3o do teto de gastos\",\"datePublished\":\"2020-07-30T23:05:29+00:00\",\"mainEntityOfPage\":{\"@id\":\"https:\/\/www.suno.com.br\/noticias\/maia-camara-flexibilizacao-teto-de-gastos\/\"},\"wordCount\":524,\"publisher\":{\"@id\":\"https:\/\/www.suno.com.br\/noticias\/#organization\"},\"image\":{\"@id\":\"https:\/\/www.suno.com.br\/noticias\/maia-camara-flexibilizacao-teto-de-gastos\/#primaryimage\"},\"thumbnailUrl\":\"https:\/\/files.sunoresearch.com.br\/n\/uploads\/2019\/05\/74b27181-rodrigo-maia-jpg.webp\",\"keywords\":[\"impostos\",\"Rodrigo Maia\",\"teto de gastos\"],\"articleSection\":[\"Economia\"],\"inLanguage\":\"pt-BR\"},{\"@type\":\"WebPage\",\"@id\":\"https:\/\/www.suno.com.br\/noticias\/maia-camara-flexibilizacao-teto-de-gastos\/\",\"url\":\"https:\/\/www.suno.com.br\/noticias\/maia-camara-flexibilizacao-teto-de-gastos\/\",\"name\":\"Maia diz que C\u00e2mara n\u00e3o votar\u00e1 nenhuma flexibiliza\u00e7\u00e3o do teto de gastos\",\"isPartOf\":{\"@id\":\"https:\/\/www.suno.com.br\/noticias\/#website\"},\"primaryImageOfPage\":{\"@id\":\"https:\/\/www.suno.com.br\/noticias\/maia-camara-flexibilizacao-teto-de-gastos\/#primaryimage\"},\"image\":{\"@id\":\"https:\/\/www.suno.com.br\/noticias\/maia-camara-flexibilizacao-teto-de-gastos\/#primaryimage\"},\"thumbnailUrl\":\"https:\/\/files.sunoresearch.com.br\/n\/uploads\/2019\/05\/74b27181-rodrigo-maia-jpg.webp\",\"datePublished\":\"2020-07-30T23:05:29+00:00\",\"description\":\"Rodrigo Maia afirmou que a C\u00e2mara n\u00e3o votar\u00e1 nenhuma flexibiliza\u00e7\u00e3o do teto de gastos at\u00e9 1\u00b0 de fevereiro. Clique aqui para saber mais.\",\"breadcrumb\":{\"@id\":\"https:\/\/www.suno.com.br\/noticias\/maia-camara-flexibilizacao-teto-de-gastos\/#breadcrumb\"},\"inLanguage\":\"pt-BR\",\"potentialAction\":[{\"@type\":\"ReadAction\",\"target\":[\"https:\/\/www.suno.com.br\/noticias\/maia-camara-flexibilizacao-teto-de-gastos\/\"]}]},{\"@type\":\"ImageObject\",\"inLanguage\":\"pt-BR\",\"@id\":\"https:\/\/www.suno.com.br\/noticias\/maia-camara-flexibilizacao-teto-de-gastos\/#primaryimage\",\"url\":\"https:\/\/files.sunoresearch.com.br\/n\/uploads\/2019\/05\/74b27181-rodrigo-maia-jpg.webp\",\"contentUrl\":\"https:\/\/files.sunoresearch.com.br\/n\/uploads\/2019\/05\/74b27181-rodrigo-maia-jpg.webp\",\"width\":1200,\"height\":798,\"caption\":\"Maia diz que C\u00e2mara n\u00e3o votar\u00e1 nenhuma flexibiliza\u00e7\u00e3o do teto de gastos\"},{\"@type\":\"BreadcrumbList\",\"@id\":\"https:\/\/www.suno.com.br\/noticias\/maia-camara-flexibilizacao-teto-de-gastos\/#breadcrumb\",\"itemListElement\":[{\"@type\":\"ListItem\",\"position\":1,\"name\":\"Not\u00edcias\",\"item\":\"https:\/\/www.suno.com.br\/noticias\/\"},{\"@type\":\"ListItem\",\"position\":2,\"name\":\"Economia\",\"item\":\"https:\/\/www.suno.com.br\/noticias\/economia\/\"},{\"@type\":\"ListItem\",\"position\":3,\"name\":\"Maia diz que C\u00e2mara n\u00e3o votar\u00e1 nenhuma flexibiliza\u00e7\u00e3o do teto de gastos\"}]},{\"@type\":\"WebSite\",\"@id\":\"https:\/\/www.suno.com.br\/noticias\/#website\",\"url\":\"https:\/\/www.suno.com.br\/noticias\/\",\"name\":\"Suno Not\u00edcias\",\"description\":\"Seu portal de informa\u00e7\u00e3o sobre o mundo dos investimentos\",\"publisher\":{\"@id\":\"https:\/\/www.suno.com.br\/noticias\/#organization\"},\"potentialAction\":[{\"@type\":\"SearchAction\",\"target\":{\"@type\":\"EntryPoint\",\"urlTemplate\":\"https:\/\/www.suno.com.br\/noticias\/?s={search_term_string}\"},\"query-input\":{\"@type\":\"PropertyValueSpecification\",\"valueRequired\":true,\"valueName\":\"search_term_string\"}}],\"inLanguage\":\"pt-BR\"},{\"@type\":\"Organization\",\"@id\":\"https:\/\/www.suno.com.br\/noticias\/#organization\",\"name\":\"Suno Not\u00edcias\",\"url\":\"https:\/\/www.suno.com.br\/noticias\/\",\"logo\":{\"@type\":\"ImageObject\",\"inLanguage\":\"pt-BR\",\"@id\":\"https:\/\/www.suno.com.br\/noticias\/#\/schema\/logo\/image\/\",\"url\":\"https:\/\/files.sunoresearch.com.br\/n\/uploads\/2021\/09\/suno-logo.png\",\"contentUrl\":\"https:\/\/files.sunoresearch.com.br\/n\/uploads\/2021\/09\/suno-logo.png\",\"width\":180,\"height\":180,\"caption\":\"Suno Not\u00edcias\"},\"image\":{\"@id\":\"https:\/\/www.suno.com.br\/noticias\/#\/schema\/logo\/image\/\"},\"sameAs\":[\"https:\/\/facebook.com\/sunoresearch\",\"https:\/\/x.com\/sunoresearch\",\"https:\/\/www.instagram.com\/suno\",\"https:\/\/www.linkedin.com\/company\/suno-research\/\",\"https:\/\/www.youtube.com\/c\/sunoresearch\"]},{\"@type\":\"Person\",\"@id\":\"https:\/\/www.suno.com.br\/noticias\/#\/schema\/person\/3df0d2808748b74496efe5dbeaef2c72\",\"name\":\"Laura Moutinho\",\"image\":{\"@type\":\"ImageObject\",\"inLanguage\":\"pt-BR\",\"@id\":\"https:\/\/www.suno.com.br\/noticias\/#\/schema\/person\/image\/\",\"url\":\"https:\/\/secure.gravatar.com\/avatar\/7571c7c8ca3a6fca5e41384ece5557ff?s=96&r=g\",\"contentUrl\":\"https:\/\/secure.gravatar.com\/avatar\/7571c7c8ca3a6fca5e41384ece5557ff?s=96&r=g\",\"caption\":\"Laura Moutinho\"},\"description\":\"Estagi\u00e1ria na Suno Not\u00edcias, escreve not\u00edcias que afetam o mercado financeiro. Estuda administra\u00e7\u00e3o na Universidade Presbiteriana Mackenzie.\",\"url\":\"https:\/\/www.suno.com.br\/noticias\/author\/laura-moutinho\/\"}]}<\/script>\n<!-- \/ Yoast SEO plugin. -->","yoast_head_json":{"title":"Maia diz que C\u00e2mara n\u00e3o votar\u00e1 nenhuma flexibiliza\u00e7\u00e3o do teto de gastos","description":"Rodrigo Maia afirmou que a C\u00e2mara n\u00e3o votar\u00e1 nenhuma flexibiliza\u00e7\u00e3o do teto de gastos at\u00e9 1\u00b0 de fevereiro. Clique aqui para saber mais.","robots":{"index":"index","follow":"follow","max-snippet":"max-snippet:-1","max-image-preview":"max-image-preview:large","max-video-preview":"max-video-preview:-1"},"canonical":"https:\/\/www.suno.com.br\/noticias\/maia-camara-flexibilizacao-teto-de-gastos\/","og_locale":"pt_BR","og_type":"article","og_title":"Maia diz que C\u00e2mara n\u00e3o votar\u00e1 nenhuma flexibiliza\u00e7\u00e3o do teto de gastos","og_description":"Rodrigo Maia afirmou que a C\u00e2mara n\u00e3o votar\u00e1 nenhuma flexibiliza\u00e7\u00e3o do teto de gastos at\u00e9 1\u00b0 de fevereiro. Clique aqui para saber mais.","og_url":"https:\/\/www.suno.com.br\/noticias\/maia-camara-flexibilizacao-teto-de-gastos\/","og_site_name":"Suno Not\u00edcias","article_publisher":"https:\/\/facebook.com\/sunoresearch","og_image":[{"width":1200,"height":798,"url":"https:\/\/files.sunoresearch.com.br\/n\/uploads\/2019\/05\/74b27181-rodrigo-maia.jpg","type":"image\/jpeg"}],"author":"Laura Moutinho","twitter_card":"summary_large_image","twitter_creator":"@sunoresearch","twitter_site":"@sunoresearch","twitter_misc":{"Escrito por":"Laura Moutinho","Est. tempo de leitura":"3 minutos"},"schema":{"@context":"https:\/\/schema.org","@graph":[{"@type":"NewsArticle","@id":"https:\/\/www.suno.com.br\/noticias\/maia-camara-flexibilizacao-teto-de-gastos\/#article","isPartOf":{"@id":"https:\/\/www.suno.com.br\/noticias\/maia-camara-flexibilizacao-teto-de-gastos\/"},"author":{"name":"Laura Moutinho","@id":"https:\/\/www.suno.com.br\/noticias\/#\/schema\/person\/3df0d2808748b74496efe5dbeaef2c72"},"headline":"Maia diz que C\u00e2mara n\u00e3o votar\u00e1 nenhuma flexibiliza\u00e7\u00e3o do teto de gastos","datePublished":"2020-07-30T23:05:29+00:00","mainEntityOfPage":{"@id":"https:\/\/www.suno.com.br\/noticias\/maia-camara-flexibilizacao-teto-de-gastos\/"},"wordCount":524,"publisher":{"@id":"https:\/\/www.suno.com.br\/noticias\/#organization"},"image":{"@id":"https:\/\/www.suno.com.br\/noticias\/maia-camara-flexibilizacao-teto-de-gastos\/#primaryimage"},"thumbnailUrl":"https:\/\/files.sunoresearch.com.br\/n\/uploads\/2019\/05\/74b27181-rodrigo-maia-jpg.webp","keywords":["impostos","Rodrigo Maia","teto de gastos"],"articleSection":["Economia"],"inLanguage":"pt-BR"},{"@type":"WebPage","@id":"https:\/\/www.suno.com.br\/noticias\/maia-camara-flexibilizacao-teto-de-gastos\/","url":"https:\/\/www.suno.com.br\/noticias\/maia-camara-flexibilizacao-teto-de-gastos\/","name":"Maia diz que C\u00e2mara n\u00e3o votar\u00e1 nenhuma flexibiliza\u00e7\u00e3o do teto de gastos","isPartOf":{"@id":"https:\/\/www.suno.com.br\/noticias\/#website"},"primaryImageOfPage":{"@id":"https:\/\/www.suno.com.br\/noticias\/maia-camara-flexibilizacao-teto-de-gastos\/#primaryimage"},"image":{"@id":"https:\/\/www.suno.com.br\/noticias\/maia-camara-flexibilizacao-teto-de-gastos\/#primaryimage"},"thumbnailUrl":"https:\/\/files.sunoresearch.com.br\/n\/uploads\/2019\/05\/74b27181-rodrigo-maia-jpg.webp","datePublished":"2020-07-30T23:05:29+00:00","description":"Rodrigo Maia afirmou que a C\u00e2mara n\u00e3o votar\u00e1 nenhuma flexibiliza\u00e7\u00e3o do teto de gastos at\u00e9 1\u00b0 de fevereiro. Clique aqui para saber mais.","breadcrumb":{"@id":"https:\/\/www.suno.com.br\/noticias\/maia-camara-flexibilizacao-teto-de-gastos\/#breadcrumb"},"inLanguage":"pt-BR","potentialAction":[{"@type":"ReadAction","target":["https:\/\/www.suno.com.br\/noticias\/maia-camara-flexibilizacao-teto-de-gastos\/"]}]},{"@type":"ImageObject","inLanguage":"pt-BR","@id":"https:\/\/www.suno.com.br\/noticias\/maia-camara-flexibilizacao-teto-de-gastos\/#primaryimage","url":"https:\/\/files.sunoresearch.com.br\/n\/uploads\/2019\/05\/74b27181-rodrigo-maia-jpg.webp","contentUrl":"https:\/\/files.sunoresearch.com.br\/n\/uploads\/2019\/05\/74b27181-rodrigo-maia-jpg.webp","width":1200,"height":798,"caption":"Maia diz que C\u00e2mara n\u00e3o votar\u00e1 nenhuma flexibiliza\u00e7\u00e3o do teto de gastos"},{"@type":"BreadcrumbList","@id":"https:\/\/www.suno.com.br\/noticias\/maia-camara-flexibilizacao-teto-de-gastos\/#breadcrumb","itemListElement":[{"@type":"ListItem","position":1,"name":"Not\u00edcias","item":"https:\/\/www.suno.com.br\/noticias\/"},{"@type":"ListItem","position":2,"name":"Economia","item":"https:\/\/www.suno.com.br\/noticias\/economia\/"},{"@type":"ListItem","position":3,"name":"Maia diz que C\u00e2mara n\u00e3o votar\u00e1 nenhuma flexibiliza\u00e7\u00e3o do teto de gastos"}]},{"@type":"WebSite","@id":"https:\/\/www.suno.com.br\/noticias\/#website","url":"https:\/\/www.suno.com.br\/noticias\/","name":"Suno Not\u00edcias","description":"Seu portal de informa\u00e7\u00e3o sobre o mundo dos investimentos","publisher":{"@id":"https:\/\/www.suno.com.br\/noticias\/#organization"},"potentialAction":[{"@type":"SearchAction","target":{"@type":"EntryPoint","urlTemplate":"https:\/\/www.suno.com.br\/noticias\/?s={search_term_string}"},"query-input":{"@type":"PropertyValueSpecification","valueRequired":true,"valueName":"search_term_string"}}],"inLanguage":"pt-BR"},{"@type":"Organization","@id":"https:\/\/www.suno.com.br\/noticias\/#organization","name":"Suno Not\u00edcias","url":"https:\/\/www.suno.com.br\/noticias\/","logo":{"@type":"ImageObject","inLanguage":"pt-BR","@id":"https:\/\/www.suno.com.br\/noticias\/#\/schema\/logo\/image\/","url":"https:\/\/files.sunoresearch.com.br\/n\/uploads\/2021\/09\/suno-logo.png","contentUrl":"https:\/\/files.sunoresearch.com.br\/n\/uploads\/2021\/09\/suno-logo.png","width":180,"height":180,"caption":"Suno Not\u00edcias"},"image":{"@id":"https:\/\/www.suno.com.br\/noticias\/#\/schema\/logo\/image\/"},"sameAs":["https:\/\/facebook.com\/sunoresearch","https:\/\/x.com\/sunoresearch","https:\/\/www.instagram.com\/suno","https:\/\/www.linkedin.com\/company\/suno-research\/","https:\/\/www.youtube.com\/c\/sunoresearch"]},{"@type":"Person","@id":"https:\/\/www.suno.com.br\/noticias\/#\/schema\/person\/3df0d2808748b74496efe5dbeaef2c72","name":"Laura Moutinho","image":{"@type":"ImageObject","inLanguage":"pt-BR","@id":"https:\/\/www.suno.com.br\/noticias\/#\/schema\/person\/image\/","url":"https:\/\/secure.gravatar.com\/avatar\/7571c7c8ca3a6fca5e41384ece5557ff?s=96&r=g","contentUrl":"https:\/\/secure.gravatar.com\/avatar\/7571c7c8ca3a6fca5e41384ece5557ff?s=96&r=g","caption":"Laura Moutinho"},"description":"Estagi\u00e1ria na Suno Not\u00edcias, escreve not\u00edcias que afetam o mercado financeiro. Estuda administra\u00e7\u00e3o na Universidade Presbiteriana Mackenzie.","url":"https:\/\/www.suno.com.br\/noticias\/author\/laura-moutinho\/"}]}},"default_loop_html":"<div class=\"cardsPage__listCard__boxs\"><div class=\"cardsPage__listCard__boxs__img\"><a href=\"https:\/\/www.suno.com.br\/noticias\/maia-camara-flexibilizacao-teto-de-gastos\/\"><img class=\"mask\" src=\"https:\/\/www.suno.com.br\/noticias\/wp-content\/themes\/suno\/resources\/images\/spotlight\/spotlight1img\/bg-mask.png\" alt=\"Image Mask\"\/><img src=\"https:\/\/files.sunoresearch.com.br\/n\/uploads\/2019\/05\/74b27181-rodrigo-maia-400x200.webp\" alt=\"Maia diz que C\u00e2mara n\u00e3o votar\u00e1 nenhuma flexibiliza\u00e7\u00e3o do teto de gastos\"\/><\/a><span class=\"spotlightCategory\"><a href=\"https:\/\/www.suno.com.br\/noticias\/economia\/\">Economia<\/a><\/span><\/div><div class=\"cardsPage__listCard__boxs__content\"><a href=\"https:\/\/www.suno.com.br\/noticias\/maia-camara-flexibilizacao-teto-de-gastos\/\"><h2 class=\"content__title\">Maia diz que C\u00e2mara n\u00e3o votar\u00e1 nenhuma flexibiliza\u00e7\u00e3o do teto de gastos<\/h2><\/a><div class=\"newsContent__article__meta\"><div class=\"newsContent__article__meta__authorBox\"><a href=\"https:\/\/www.suno.com.br\/noticias\/author\/laura-moutinho\/\" class=\"authorBox__avatar noMobi\"><img src=\"https:\/\/files.sunoresearch.com.br\/n\/uploads\/2020\/08\/531ff69d-whatsapp-image-2020-08-03-at-14.54.38-150x150.webp\" alt=\"Laura Moutinho\"><\/a><div class=\"authorBox__name\"><span>por\n\t\t\t<a href=\"https:\/\/www.suno.com.br\/noticias\/author\/laura-moutinho\/\"><span itemprop=\"author\">Laura Moutinho<\/span><\/a><\/span><time datetime=\"2020-07-30T20:05:29-03:00\" itemprop=\"datePublished\">30\/07\/2020 20:05<\/time><\/div><\/div><\/div><\/div><\/div>","single_layout":"posts","amp_enabled":true,"_links":{"self":[{"href":"https:\/\/www.suno.com.br\/noticias\/wp-json\/wp\/v2\/posts\/75595"}],"collection":[{"href":"https:\/\/www.suno.com.br\/noticias\/wp-json\/wp\/v2\/posts"}],"about":[{"href":"https:\/\/www.suno.com.br\/noticias\/wp-json\/wp\/v2\/types\/post"}],"author":[{"embeddable":true,"href":"https:\/\/www.suno.com.br\/noticias\/wp-json\/wp\/v2\/users\/39"}],"replies":[{"embeddable":true,"href":"https:\/\/www.suno.com.br\/noticias\/wp-json\/wp\/v2\/comments?post=75595"}],"version-history":[{"count":0,"href":"https:\/\/www.suno.com.br\/noticias\/wp-json\/wp\/v2\/posts\/75595\/revisions"}],"wp:featuredmedia":[{"embeddable":true,"href":"https:\/\/www.suno.com.br\/noticias\/wp-json\/wp\/v2\/media\/23718"}],"wp:attachment":[{"href":"https:\/\/www.suno.com.br\/noticias\/wp-json\/wp\/v2\/media?parent=75595"}],"wp:term":[{"taxonomy":"category","embeddable":true,"href":"https:\/\/www.suno.com.br\/noticias\/wp-json\/wp\/v2\/categories?post=75595"},{"taxonomy":"post_tag","embeddable":true,"href":"https:\/\/www.suno.com.br\/noticias\/wp-json\/wp\/v2\/tags?post=75595"},{"taxonomy":"suno_strategy","embeddable":true,"href":"https:\/\/www.suno.com.br\/noticias\/wp-json\/wp\/v2\/suno_strategy?post=75595"}],"curies":[{"name":"wp","href":"https:\/\/api.w.org\/{rel}","templated":true}]}}