{"id":75565,"date":"2020-07-30T16:48:00","date_gmt":"2020-07-30T19:48:00","guid":{"rendered":"https:\/\/www.suno.com.br\/noticias\/?p=75565"},"modified":"2020-07-30T16:48:00","modified_gmt":"2020-07-30T19:48:00","slug":"pg-lucra-com-a-mudanca-de-habitos-do-consumidor-durante-pandemia","status":"publish","type":"post","link":"https:\/\/www.suno.com.br\/noticias\/pg-lucra-com-a-mudanca-de-habitos-do-consumidor-durante-pandemia\/","title":{"rendered":"P&#038;G lucra com a mudan\u00e7a de h\u00e1bitos do consumidor durante pandemia"},"content":{"rendered":"<p>A Procter &amp; Gamble (<strong>P&amp;G<\/strong>) divulgou nesta quinta-feira (30) o seu balan\u00e7o de resultados referente ao segundo trimestre do ano. As vendas org\u00e2nicas da empresa aumentaram 6% no ano fiscal encerrado em 30 de junho. Entre abril e junho, as vendas org\u00e2nicas tamb\u00e9m cresceram 6%.<\/p>\t<div class=\"wrapper-featured-image\">\n\t\t<figure class=\"spotlightImg\">\n\n\t\t\t<picture>\n\t\t\t\t<source media=\"(max-width: 768px)\" srcset=\"https:\/\/files.sunoresearch.com.br\/n\/uploads\/2019\/04\/1c5d8edf-pg-400x200.webp\">\n\t\t\t\t<img loading=\"lazy\" decoding=\"async\" class=\"newsContent__article__imgCapa lazyloadDisabled newsContent__article__imgCapa--noCaption\" src=\"https:\/\/files.sunoresearch.com.br\/n\/uploads\/2019\/04\/1c5d8edf-pg-800x450.webp\" width=\"800\" height=\"450\" alt=\"P&#038;G lucra com a mudan\u00e7a de h\u00e1bitos do consumidor durante pandemia\" fetchpriority=high \/>\n\t\t\t<\/picture>\n\n\t\t\t<figcaption class=\"wp-caption-text wp-caption-text--hide\">P&amp;G<\/figcaption>\n\t\t<\/figure>\n\t<\/div>\n\n\n\n<p>De acordo com a P&amp;G,\u00a0<span style=\"font-size: 19.4286px;\">a crise econ\u00f4mica causada pela pandemia do <strong>coronav\u00edrus (covid-19)<\/strong> n\u00e3o foi capaz de atingir drasticamente a demanda global por seus produtos dom\u00e9sticos &#8220;premium&#8221;, j\u00e1 que os consumidores presos em casa compram mais toalhas de papel, len\u00e7os de papel e comprimidos para lava-lou\u00e7a.<\/span><\/p>\n<p>A fabricante de produtos dom\u00e9sticos, como o detergente <strong>Tide<\/strong> e o papel higi\u00eanico <strong>Charmin<\/strong>, registrou seu maior ganho anual de vendas desde 2006, quando a pandemia manteve os consumidores do mundo em casa e atentos \u00e0\u00a0 limpeza.<\/p>\n<p><a href=\"https:\/\/lp.suno.com.br\/suno-one\/\">Suno One: acesse gratuitamente eBooks, Minicursos, Artigos e Video Aulas sobre investimentos com um \u00fanico cadastro. Clique para saber mais!<\/a><\/p>\n<p>A P&amp;G prev\u00ea um crescimento mais modesto para o pr\u00f3ximo ano fiscal, de 2% a 4%, citando alta incerteza em torno da economia global, especialmente nos pa\u00edses em desenvolvimento, e as consequ\u00eancias do novo coronav\u00edrus.<\/p>\n<p>&#8220;Em geral, quanto \u00e0 sa\u00fade, higiene e limpeza, as necessidades dos consumidores mudaram para sempre&#8221;, disse o diretor financeiro <strong>Jon Moeller<\/strong>. &#8220;Talvez n\u00e3o na medida em que aconteceu recentemente. Mas \u00e9 dif\u00edcil imaginar que voltaremos ao velho mundo&#8221;.<\/p>\n<p>A subida nos pre\u00e7os dos produtos contribu\u00edram para o aumento das vendas no trimestre mais recente. Antes da pandemia, os consumidores estavam dispostos a comprar sem descontos os produtos mais caros que a empresa oferece. Esse aumento de pre\u00e7os continuou no \u00faltimo trimestre e ajudou a compensar as perdas devido \u00e0 volatilidade da <strong>taxa de c\u00e2mbio<\/strong>.<\/p>\n<p><a href=\"https:\/\/www.suno.com.br\/noticias\/unilever-registra-queda-de-38-no-lucro-liquido-em-2019\/\">Veja tamb\u00e9m: Unilever registra queda de 38% no lucro l\u00edquido em 2019<\/a><\/p>\n<p>Em geral, a <strong>P&amp;G<\/strong> registrou um <a href=\"https:\/\/www.suno.com.br\/artigos\/lucro-liquido\/\">lucro l\u00edquido<\/a> de U$ 2,8 bilh\u00f5es (cerca de R$ 14,42 bilh\u00f5es) nos tr\u00eas meses at\u00e9 30 de junho. As vendas foram de US$ 17,7 bilh\u00f5es, ultrapassando as expectativas do mercado, de US$ 17 bilh\u00f5es.<\/p>\n<p><span style=\"font-size: 1.21429rem;\"><\/span><\/p>\n","protected":false},"excerpt":{"rendered":"<p>A Procter &amp; Gamble (P&amp;G) divulgou nesta quinta-feira (30) o seu balan\u00e7o de resultados referente ao segundo trimestre do ano. As vendas org\u00e2nicas da empresa aumentaram 6% no ano fiscal encerrado em 30 de junho. Entre abril e junho, as vendas org\u00e2nicas tamb\u00e9m cresceram 6%. P&amp;G De acordo com a P&amp;G,\u00a0a crise econ\u00f4mica causada pela [&hellip;]<\/p>\n","protected":false},"author":44,"featured_media":22011,"comment_status":"closed","ping_status":"closed","sticky":false,"template":"","format":"standard","meta":[],"categories":[64],"tags":[2487,82951,1607],"suno_strategy":[],"class_list":["post-75565","post","type-post","status-publish","format-standard","has-post-thumbnail","hentry","category-negocios","tag-coronavirus","tag-pg-pgco34","tag-resultado-das-empresas"],"yoast_head":"<!-- This site is optimized with the Yoast SEO plugin v24.4 - https:\/\/yoast.com\/wordpress\/plugins\/seo\/ -->\n<title>P&amp;G lucra com a mudan\u00e7a de h\u00e1bitos do consumidor durante pandemia<\/title>\n<meta name=\"description\" content=\"A P&amp;G divulgou nesta quinta-feira (30) o seu balan\u00e7o de resultados referente ao segundo trimestre do ano. Clique para ver mais.\" \/>\n<meta name=\"robots\" content=\"index, follow, max-snippet:-1, max-image-preview:large, max-video-preview:-1\" \/>\n<link rel=\"canonical\" href=\"https:\/\/www.suno.com.br\/noticias\/pg-lucra-com-a-mudanca-de-habitos-do-consumidor-durante-pandemia\/\" \/>\n<meta property=\"og:locale\" content=\"pt_BR\" \/>\n<meta property=\"og:type\" content=\"article\" \/>\n<meta property=\"og:title\" content=\"P&amp;G lucra com a mudan\u00e7a de h\u00e1bitos do consumidor durante pandemia\" \/>\n<meta property=\"og:description\" content=\"A P&amp;G divulgou nesta quinta-feira (30) o seu balan\u00e7o de resultados referente ao segundo trimestre do ano. Clique para ver mais.\" \/>\n<meta property=\"og:url\" content=\"https:\/\/www.suno.com.br\/noticias\/pg-lucra-com-a-mudanca-de-habitos-do-consumidor-durante-pandemia\/\" \/>\n<meta property=\"og:site_name\" content=\"Suno Not\u00edcias\" \/>\n<meta property=\"article:publisher\" content=\"https:\/\/facebook.com\/sunoresearch\" \/>\n<meta property=\"og:image\" content=\"https:\/\/files.sunoresearch.com.br\/n\/uploads\/2019\/04\/1c5d8edf-pg.jpg\" \/>\n\t<meta property=\"og:image:width\" content=\"1910\" \/>\n\t<meta property=\"og:image:height\" content=\"1000\" \/>\n\t<meta property=\"og:image:type\" content=\"image\/jpeg\" \/>\n<meta name=\"author\" content=\"Daniel Guimar\u00e3es\" \/>\n<meta name=\"twitter:card\" content=\"summary_large_image\" \/>\n<meta name=\"twitter:creator\" content=\"@sunoresearch\" \/>\n<meta name=\"twitter:site\" content=\"@sunoresearch\" \/>\n<meta name=\"twitter:label1\" content=\"Escrito por\" \/>\n\t<meta name=\"twitter:data1\" content=\"Daniel Guimar\u00e3es\" \/>\n\t<meta name=\"twitter:label2\" content=\"Est. tempo de leitura\" \/>\n\t<meta name=\"twitter:data2\" content=\"2 minutos\" \/>\n<script type=\"application\/ld+json\" class=\"yoast-schema-graph\">{\"@context\":\"https:\/\/schema.org\",\"@graph\":[{\"@type\":\"NewsArticle\",\"@id\":\"https:\/\/www.suno.com.br\/noticias\/pg-lucra-com-a-mudanca-de-habitos-do-consumidor-durante-pandemia\/#article\",\"isPartOf\":{\"@id\":\"https:\/\/www.suno.com.br\/noticias\/pg-lucra-com-a-mudanca-de-habitos-do-consumidor-durante-pandemia\/\"},\"author\":{\"name\":\"Daniel Guimar\u00e3es\",\"@id\":\"https:\/\/www.suno.com.br\/noticias\/#\/schema\/person\/a7796c19fcf6bafd03b9a2fa1fd9ae20\"},\"headline\":\"P&#038;G lucra com a mudan\u00e7a de h\u00e1bitos do consumidor durante pandemia\",\"datePublished\":\"2020-07-30T19:48:00+00:00\",\"mainEntityOfPage\":{\"@id\":\"https:\/\/www.suno.com.br\/noticias\/pg-lucra-com-a-mudanca-de-habitos-do-consumidor-durante-pandemia\/\"},\"wordCount\":373,\"publisher\":{\"@id\":\"https:\/\/www.suno.com.br\/noticias\/#organization\"},\"image\":{\"@id\":\"https:\/\/www.suno.com.br\/noticias\/pg-lucra-com-a-mudanca-de-habitos-do-consumidor-durante-pandemia\/#primaryimage\"},\"thumbnailUrl\":\"https:\/\/files.sunoresearch.com.br\/n\/uploads\/2019\/04\/1c5d8edf-pg-jpg.webp\",\"keywords\":[\"coronav\u00edrus\",\"P&amp;G (PGCO34)\",\"Resultado das empresas\"],\"articleSection\":[\"Neg\u00f3cios\"],\"inLanguage\":\"pt-BR\"},{\"@type\":\"WebPage\",\"@id\":\"https:\/\/www.suno.com.br\/noticias\/pg-lucra-com-a-mudanca-de-habitos-do-consumidor-durante-pandemia\/\",\"url\":\"https:\/\/www.suno.com.br\/noticias\/pg-lucra-com-a-mudanca-de-habitos-do-consumidor-durante-pandemia\/\",\"name\":\"P&G lucra com a mudan\u00e7a de h\u00e1bitos do consumidor durante pandemia\",\"isPartOf\":{\"@id\":\"https:\/\/www.suno.com.br\/noticias\/#website\"},\"primaryImageOfPage\":{\"@id\":\"https:\/\/www.suno.com.br\/noticias\/pg-lucra-com-a-mudanca-de-habitos-do-consumidor-durante-pandemia\/#primaryimage\"},\"image\":{\"@id\":\"https:\/\/www.suno.com.br\/noticias\/pg-lucra-com-a-mudanca-de-habitos-do-consumidor-durante-pandemia\/#primaryimage\"},\"thumbnailUrl\":\"https:\/\/files.sunoresearch.com.br\/n\/uploads\/2019\/04\/1c5d8edf-pg-jpg.webp\",\"datePublished\":\"2020-07-30T19:48:00+00:00\",\"description\":\"A P&G divulgou nesta quinta-feira (30) o seu balan\u00e7o de resultados referente ao segundo trimestre do ano. Clique para ver mais.\",\"breadcrumb\":{\"@id\":\"https:\/\/www.suno.com.br\/noticias\/pg-lucra-com-a-mudanca-de-habitos-do-consumidor-durante-pandemia\/#breadcrumb\"},\"inLanguage\":\"pt-BR\",\"potentialAction\":[{\"@type\":\"ReadAction\",\"target\":[\"https:\/\/www.suno.com.br\/noticias\/pg-lucra-com-a-mudanca-de-habitos-do-consumidor-durante-pandemia\/\"]}]},{\"@type\":\"ImageObject\",\"inLanguage\":\"pt-BR\",\"@id\":\"https:\/\/www.suno.com.br\/noticias\/pg-lucra-com-a-mudanca-de-habitos-do-consumidor-durante-pandemia\/#primaryimage\",\"url\":\"https:\/\/files.sunoresearch.com.br\/n\/uploads\/2019\/04\/1c5d8edf-pg-jpg.webp\",\"contentUrl\":\"https:\/\/files.sunoresearch.com.br\/n\/uploads\/2019\/04\/1c5d8edf-pg-jpg.webp\",\"width\":1910,\"height\":1000,\"caption\":\"P&G\"},{\"@type\":\"BreadcrumbList\",\"@id\":\"https:\/\/www.suno.com.br\/noticias\/pg-lucra-com-a-mudanca-de-habitos-do-consumidor-durante-pandemia\/#breadcrumb\",\"itemListElement\":[{\"@type\":\"ListItem\",\"position\":1,\"name\":\"Not\u00edcias\",\"item\":\"https:\/\/www.suno.com.br\/noticias\/\"},{\"@type\":\"ListItem\",\"position\":2,\"name\":\"Neg\u00f3cios\",\"item\":\"https:\/\/www.suno.com.br\/noticias\/negocios\/\"},{\"@type\":\"ListItem\",\"position\":3,\"name\":\"P&#038;G lucra com a mudan\u00e7a de h\u00e1bitos do consumidor durante pandemia\"}]},{\"@type\":\"WebSite\",\"@id\":\"https:\/\/www.suno.com.br\/noticias\/#website\",\"url\":\"https:\/\/www.suno.com.br\/noticias\/\",\"name\":\"Suno Not\u00edcias\",\"description\":\"Seu portal de informa\u00e7\u00e3o sobre o mundo dos investimentos\",\"publisher\":{\"@id\":\"https:\/\/www.suno.com.br\/noticias\/#organization\"},\"potentialAction\":[{\"@type\":\"SearchAction\",\"target\":{\"@type\":\"EntryPoint\",\"urlTemplate\":\"https:\/\/www.suno.com.br\/noticias\/?s={search_term_string}\"},\"query-input\":{\"@type\":\"PropertyValueSpecification\",\"valueRequired\":true,\"valueName\":\"search_term_string\"}}],\"inLanguage\":\"pt-BR\"},{\"@type\":\"Organization\",\"@id\":\"https:\/\/www.suno.com.br\/noticias\/#organization\",\"name\":\"Suno Not\u00edcias\",\"url\":\"https:\/\/www.suno.com.br\/noticias\/\",\"logo\":{\"@type\":\"ImageObject\",\"inLanguage\":\"pt-BR\",\"@id\":\"https:\/\/www.suno.com.br\/noticias\/#\/schema\/logo\/image\/\",\"url\":\"https:\/\/files.sunoresearch.com.br\/n\/uploads\/2021\/09\/suno-logo.png\",\"contentUrl\":\"https:\/\/files.sunoresearch.com.br\/n\/uploads\/2021\/09\/suno-logo.png\",\"width\":180,\"height\":180,\"caption\":\"Suno Not\u00edcias\"},\"image\":{\"@id\":\"https:\/\/www.suno.com.br\/noticias\/#\/schema\/logo\/image\/\"},\"sameAs\":[\"https:\/\/facebook.com\/sunoresearch\",\"https:\/\/x.com\/sunoresearch\",\"https:\/\/www.instagram.com\/suno\",\"https:\/\/www.linkedin.com\/company\/suno-research\/\",\"https:\/\/www.youtube.com\/c\/sunoresearch\"]},{\"@type\":\"Person\",\"@id\":\"https:\/\/www.suno.com.br\/noticias\/#\/schema\/person\/a7796c19fcf6bafd03b9a2fa1fd9ae20\",\"name\":\"Daniel Guimar\u00e3es\",\"image\":{\"@type\":\"ImageObject\",\"inLanguage\":\"pt-BR\",\"@id\":\"https:\/\/www.suno.com.br\/noticias\/#\/schema\/person\/image\/\",\"url\":\"https:\/\/secure.gravatar.com\/avatar\/fb8260757609f58f0c0ac079d1b32eff?s=96&r=g\",\"contentUrl\":\"https:\/\/secure.gravatar.com\/avatar\/fb8260757609f58f0c0ac079d1b32eff?s=96&r=g\",\"caption\":\"Daniel Guimar\u00e3es\"},\"description\":\"Estagi\u00e1rio na Suno Not\u00edcias, Daniel escreve not\u00edcias que afetam o mercado financeiro brasileiro e internacional. Estuda economia na Rutgers University, em New Jersey.\",\"sameAs\":[\"suno.research\"],\"url\":\"https:\/\/www.suno.com.br\/noticias\/author\/daniel\/\"}]}<\/script>\n<!-- \/ Yoast SEO plugin. -->","yoast_head_json":{"title":"P&G lucra com a mudan\u00e7a de h\u00e1bitos do consumidor durante pandemia","description":"A P&G divulgou nesta quinta-feira (30) o seu balan\u00e7o de resultados referente ao segundo trimestre do ano. Clique para ver mais.","robots":{"index":"index","follow":"follow","max-snippet":"max-snippet:-1","max-image-preview":"max-image-preview:large","max-video-preview":"max-video-preview:-1"},"canonical":"https:\/\/www.suno.com.br\/noticias\/pg-lucra-com-a-mudanca-de-habitos-do-consumidor-durante-pandemia\/","og_locale":"pt_BR","og_type":"article","og_title":"P&G lucra com a mudan\u00e7a de h\u00e1bitos do consumidor durante pandemia","og_description":"A P&G divulgou nesta quinta-feira (30) o seu balan\u00e7o de resultados referente ao segundo trimestre do ano. Clique para ver mais.","og_url":"https:\/\/www.suno.com.br\/noticias\/pg-lucra-com-a-mudanca-de-habitos-do-consumidor-durante-pandemia\/","og_site_name":"Suno Not\u00edcias","article_publisher":"https:\/\/facebook.com\/sunoresearch","og_image":[{"width":1910,"height":1000,"url":"https:\/\/files.sunoresearch.com.br\/n\/uploads\/2019\/04\/1c5d8edf-pg.jpg","type":"image\/jpeg"}],"author":"Daniel Guimar\u00e3es","twitter_card":"summary_large_image","twitter_creator":"@sunoresearch","twitter_site":"@sunoresearch","twitter_misc":{"Escrito por":"Daniel Guimar\u00e3es","Est. tempo de leitura":"2 minutos"},"schema":{"@context":"https:\/\/schema.org","@graph":[{"@type":"NewsArticle","@id":"https:\/\/www.suno.com.br\/noticias\/pg-lucra-com-a-mudanca-de-habitos-do-consumidor-durante-pandemia\/#article","isPartOf":{"@id":"https:\/\/www.suno.com.br\/noticias\/pg-lucra-com-a-mudanca-de-habitos-do-consumidor-durante-pandemia\/"},"author":{"name":"Daniel Guimar\u00e3es","@id":"https:\/\/www.suno.com.br\/noticias\/#\/schema\/person\/a7796c19fcf6bafd03b9a2fa1fd9ae20"},"headline":"P&#038;G lucra com a mudan\u00e7a de h\u00e1bitos do consumidor durante pandemia","datePublished":"2020-07-30T19:48:00+00:00","mainEntityOfPage":{"@id":"https:\/\/www.suno.com.br\/noticias\/pg-lucra-com-a-mudanca-de-habitos-do-consumidor-durante-pandemia\/"},"wordCount":373,"publisher":{"@id":"https:\/\/www.suno.com.br\/noticias\/#organization"},"image":{"@id":"https:\/\/www.suno.com.br\/noticias\/pg-lucra-com-a-mudanca-de-habitos-do-consumidor-durante-pandemia\/#primaryimage"},"thumbnailUrl":"https:\/\/files.sunoresearch.com.br\/n\/uploads\/2019\/04\/1c5d8edf-pg-jpg.webp","keywords":["coronav\u00edrus","P&amp;G (PGCO34)","Resultado das empresas"],"articleSection":["Neg\u00f3cios"],"inLanguage":"pt-BR"},{"@type":"WebPage","@id":"https:\/\/www.suno.com.br\/noticias\/pg-lucra-com-a-mudanca-de-habitos-do-consumidor-durante-pandemia\/","url":"https:\/\/www.suno.com.br\/noticias\/pg-lucra-com-a-mudanca-de-habitos-do-consumidor-durante-pandemia\/","name":"P&G lucra com a mudan\u00e7a de h\u00e1bitos do consumidor durante pandemia","isPartOf":{"@id":"https:\/\/www.suno.com.br\/noticias\/#website"},"primaryImageOfPage":{"@id":"https:\/\/www.suno.com.br\/noticias\/pg-lucra-com-a-mudanca-de-habitos-do-consumidor-durante-pandemia\/#primaryimage"},"image":{"@id":"https:\/\/www.suno.com.br\/noticias\/pg-lucra-com-a-mudanca-de-habitos-do-consumidor-durante-pandemia\/#primaryimage"},"thumbnailUrl":"https:\/\/files.sunoresearch.com.br\/n\/uploads\/2019\/04\/1c5d8edf-pg-jpg.webp","datePublished":"2020-07-30T19:48:00+00:00","description":"A P&G divulgou nesta quinta-feira (30) o seu balan\u00e7o de resultados referente ao segundo trimestre do ano. Clique para ver mais.","breadcrumb":{"@id":"https:\/\/www.suno.com.br\/noticias\/pg-lucra-com-a-mudanca-de-habitos-do-consumidor-durante-pandemia\/#breadcrumb"},"inLanguage":"pt-BR","potentialAction":[{"@type":"ReadAction","target":["https:\/\/www.suno.com.br\/noticias\/pg-lucra-com-a-mudanca-de-habitos-do-consumidor-durante-pandemia\/"]}]},{"@type":"ImageObject","inLanguage":"pt-BR","@id":"https:\/\/www.suno.com.br\/noticias\/pg-lucra-com-a-mudanca-de-habitos-do-consumidor-durante-pandemia\/#primaryimage","url":"https:\/\/files.sunoresearch.com.br\/n\/uploads\/2019\/04\/1c5d8edf-pg-jpg.webp","contentUrl":"https:\/\/files.sunoresearch.com.br\/n\/uploads\/2019\/04\/1c5d8edf-pg-jpg.webp","width":1910,"height":1000,"caption":"P&G"},{"@type":"BreadcrumbList","@id":"https:\/\/www.suno.com.br\/noticias\/pg-lucra-com-a-mudanca-de-habitos-do-consumidor-durante-pandemia\/#breadcrumb","itemListElement":[{"@type":"ListItem","position":1,"name":"Not\u00edcias","item":"https:\/\/www.suno.com.br\/noticias\/"},{"@type":"ListItem","position":2,"name":"Neg\u00f3cios","item":"https:\/\/www.suno.com.br\/noticias\/negocios\/"},{"@type":"ListItem","position":3,"name":"P&#038;G lucra com a mudan\u00e7a de h\u00e1bitos do consumidor durante pandemia"}]},{"@type":"WebSite","@id":"https:\/\/www.suno.com.br\/noticias\/#website","url":"https:\/\/www.suno.com.br\/noticias\/","name":"Suno Not\u00edcias","description":"Seu portal de informa\u00e7\u00e3o sobre o mundo dos investimentos","publisher":{"@id":"https:\/\/www.suno.com.br\/noticias\/#organization"},"potentialAction":[{"@type":"SearchAction","target":{"@type":"EntryPoint","urlTemplate":"https:\/\/www.suno.com.br\/noticias\/?s={search_term_string}"},"query-input":{"@type":"PropertyValueSpecification","valueRequired":true,"valueName":"search_term_string"}}],"inLanguage":"pt-BR"},{"@type":"Organization","@id":"https:\/\/www.suno.com.br\/noticias\/#organization","name":"Suno Not\u00edcias","url":"https:\/\/www.suno.com.br\/noticias\/","logo":{"@type":"ImageObject","inLanguage":"pt-BR","@id":"https:\/\/www.suno.com.br\/noticias\/#\/schema\/logo\/image\/","url":"https:\/\/files.sunoresearch.com.br\/n\/uploads\/2021\/09\/suno-logo.png","contentUrl":"https:\/\/files.sunoresearch.com.br\/n\/uploads\/2021\/09\/suno-logo.png","width":180,"height":180,"caption":"Suno Not\u00edcias"},"image":{"@id":"https:\/\/www.suno.com.br\/noticias\/#\/schema\/logo\/image\/"},"sameAs":["https:\/\/facebook.com\/sunoresearch","https:\/\/x.com\/sunoresearch","https:\/\/www.instagram.com\/suno","https:\/\/www.linkedin.com\/company\/suno-research\/","https:\/\/www.youtube.com\/c\/sunoresearch"]},{"@type":"Person","@id":"https:\/\/www.suno.com.br\/noticias\/#\/schema\/person\/a7796c19fcf6bafd03b9a2fa1fd9ae20","name":"Daniel Guimar\u00e3es","image":{"@type":"ImageObject","inLanguage":"pt-BR","@id":"https:\/\/www.suno.com.br\/noticias\/#\/schema\/person\/image\/","url":"https:\/\/secure.gravatar.com\/avatar\/fb8260757609f58f0c0ac079d1b32eff?s=96&r=g","contentUrl":"https:\/\/secure.gravatar.com\/avatar\/fb8260757609f58f0c0ac079d1b32eff?s=96&r=g","caption":"Daniel Guimar\u00e3es"},"description":"Estagi\u00e1rio na Suno Not\u00edcias, Daniel escreve not\u00edcias que afetam o mercado financeiro brasileiro e internacional. Estuda economia na Rutgers University, em New Jersey.","sameAs":["suno.research"],"url":"https:\/\/www.suno.com.br\/noticias\/author\/daniel\/"}]}},"default_loop_html":"<div class=\"cardsPage__listCard__boxs\"><div class=\"cardsPage__listCard__boxs__img\"><a href=\"https:\/\/www.suno.com.br\/noticias\/pg-lucra-com-a-mudanca-de-habitos-do-consumidor-durante-pandemia\/\"><img class=\"mask\" src=\"https:\/\/www.suno.com.br\/noticias\/wp-content\/themes\/suno\/resources\/images\/spotlight\/spotlight1img\/bg-mask.png\" alt=\"Image Mask\"\/><img src=\"https:\/\/files.sunoresearch.com.br\/n\/uploads\/2019\/04\/1c5d8edf-pg-400x200.webp\" alt=\"P&#038;G lucra com a mudan\u00e7a de h\u00e1bitos do consumidor durante pandemia\"\/><\/a><span class=\"spotlightCategory\"><a href=\"https:\/\/www.suno.com.br\/noticias\/negocios\/\">Neg\u00f3cios<\/a><\/span><\/div><div class=\"cardsPage__listCard__boxs__content\"><a href=\"https:\/\/www.suno.com.br\/noticias\/pg-lucra-com-a-mudanca-de-habitos-do-consumidor-durante-pandemia\/\"><h2 class=\"content__title\">P&#038;G lucra com a mudan\u00e7a de h\u00e1bitos do consumidor durante pandemia<\/h2><\/a><div class=\"newsContent__article__meta\"><div class=\"newsContent__article__meta__authorBox\"><a href=\"https:\/\/www.suno.com.br\/noticias\/author\/daniel\/\" class=\"authorBox__avatar noMobi\"><img src=\"https:\/\/files.sunoresearch.com.br\/n\/uploads\/2020\/08\/e51aadd2-whatsapp-image-2020-08-03-at-14.03.48-150x150.webp\" alt=\"Daniel Guimar\u00e3es\"><\/a><div class=\"authorBox__name\"><span>por\n\t\t\t<a href=\"https:\/\/www.suno.com.br\/noticias\/author\/daniel\/\"><span itemprop=\"author\">Daniel Guimar\u00e3es<\/span><\/a><\/span><time datetime=\"2020-07-30T16:48:00-03:00\" itemprop=\"datePublished\">30\/07\/2020 16:48<\/time><\/div><\/div><\/div><\/div><\/div>","single_layout":"posts","amp_enabled":true,"_links":{"self":[{"href":"https:\/\/www.suno.com.br\/noticias\/wp-json\/wp\/v2\/posts\/75565"}],"collection":[{"href":"https:\/\/www.suno.com.br\/noticias\/wp-json\/wp\/v2\/posts"}],"about":[{"href":"https:\/\/www.suno.com.br\/noticias\/wp-json\/wp\/v2\/types\/post"}],"author":[{"embeddable":true,"href":"https:\/\/www.suno.com.br\/noticias\/wp-json\/wp\/v2\/users\/44"}],"replies":[{"embeddable":true,"href":"https:\/\/www.suno.com.br\/noticias\/wp-json\/wp\/v2\/comments?post=75565"}],"version-history":[{"count":0,"href":"https:\/\/www.suno.com.br\/noticias\/wp-json\/wp\/v2\/posts\/75565\/revisions"}],"wp:featuredmedia":[{"embeddable":true,"href":"https:\/\/www.suno.com.br\/noticias\/wp-json\/wp\/v2\/media\/22011"}],"wp:attachment":[{"href":"https:\/\/www.suno.com.br\/noticias\/wp-json\/wp\/v2\/media?parent=75565"}],"wp:term":[{"taxonomy":"category","embeddable":true,"href":"https:\/\/www.suno.com.br\/noticias\/wp-json\/wp\/v2\/categories?post=75565"},{"taxonomy":"post_tag","embeddable":true,"href":"https:\/\/www.suno.com.br\/noticias\/wp-json\/wp\/v2\/tags?post=75565"},{"taxonomy":"suno_strategy","embeddable":true,"href":"https:\/\/www.suno.com.br\/noticias\/wp-json\/wp\/v2\/suno_strategy?post=75565"}],"curies":[{"name":"wp","href":"https:\/\/api.w.org\/{rel}","templated":true}]}}