{"id":7554,"date":"2018-11-30T09:15:39","date_gmt":"2018-11-30T11:15:39","guid":{"rendered":"https:\/\/www.suno.com.br\/noticias\/?p=7554"},"modified":"2018-11-30T09:44:14","modified_gmt":"2018-11-30T11:44:14","slug":"ministerio-de-minas-e-energia-bolsonaro","status":"publish","type":"post","link":"https:\/\/www.suno.com.br\/noticias\/ministerio-de-minas-e-energia-bolsonaro\/","title":{"rendered":"Minist\u00e9rio de Minas e Energia \u00e9 anunciado por Jair Bolsonaro"},"content":{"rendered":"<p>O presidente eleito, Jair Bolsonaro, anunciou,\u00a0na manh\u00e3 desta sexta-feira (30), em sua conta pessoal de Twitter, o almirante de esquadra Bento Costa Lima para chefiar o Minist\u00e9rio de Minas e Energia.<\/p>\t<div class=\"wrapper-featured-image\">\n\t\t<figure class=\"spotlightImg\">\n\n\t\t\t<picture>\n\t\t\t\t<source media=\"(max-width: 768px)\" srcset=\"https:\/\/files.sunoresearch.com.br\/n\/uploads\/2018\/11\/1860ba97-ministerio-de-minas-e-energia-400x200.webp\">\n\t\t\t\t<img loading=\"lazy\" decoding=\"async\" class=\"newsContent__article__imgCapa lazyloadDisabled newsContent__article__imgCapa--noCaption\" src=\"https:\/\/files.sunoresearch.com.br\/n\/uploads\/2018\/11\/1860ba97-ministerio-de-minas-e-energia-800x450.webp\" width=\"800\" height=\"450\" alt=\"Minist\u00e9rio de Minas e Energia \u00e9 anunciado por Jair Bolsonaro\" fetchpriority=high \/>\n\t\t\t<\/picture>\n\n\t\t\t<figcaption class=\"wp-caption-text wp-caption-text--hide\"><\/figcaption>\n\t\t<\/figure>\n\t<\/div>\n\n\n<p>&#8220;Bom dia! Comunico a indica\u00e7\u00e3o do Diretor Geral de Desenvolvimento Nuclear e Tecnol\u00f3gico da Marinha, Almirante de Esquadra Bento Costa Lima Leite de Albuquerque Junior, para o cargo de Ministro de Minas e Energia&#8221; escreveu Bolsonaro, confirmando o novo nome que ocupar\u00e1 o <strong>Minist\u00e9rio de Minas e Energia<\/strong>.<\/p>\n<p>Com isto, <strong>Jair<\/strong>\u00a0<strong>Bolsonaro<\/strong> j\u00e1 possui 20 minist\u00e9rios ocupados em seu governo.<\/p>\n<p>Anteriormente o capit\u00e3o reformado havia anunciado que seriam 15 minist\u00e9rios em seu governo, todavia est\u00e1 meta foi &#8220;batida&#8221;.<\/p>\n<p><!--more--><a href=\"https:\/\/www.suno.com.br\/noticias\/privatizacoes-nao-estao-radar-bolsonaro\/\">Saiba mais:\u00a0Bolsonaro exclui privatiza\u00e7\u00e3o de Caixa e BB<\/a><\/p>\n<h2>Bento Costa Lima<\/h2>\n<p><strong>Bento Costa Lima <\/strong>tem sua carreira ligada, principalmente, a marinha.<\/p>\n<p>Sendo que est\u00e1 desde a d\u00e9cada de 70 na institui\u00e7\u00e3o.<\/p>\n<p>O almirante tem p\u00f3s-gradua\u00e7\u00e3o em ci\u00eancia pol\u00edtica pela UnB. Al\u00e9m de possu\u00edr um MBA em gest\u00e3o p\u00fablica pela FGV.<\/p>\n<p>O almirante trabalhava atualmente como diretor geral de desenvolvimento nuclear tecnol\u00f3gico da Marinha.<\/p>\n<p>Anteriormente em sua carreira, Costa Lima foi chefe de gabinete do Estado-Maior da Armada e Comandante em Chefe da Esquadra.<\/p>\n<p>O novo ministro de Minas e Energia ainda foi observador das for\u00e7as da paz da ONU em Saraievo.<\/p>\n<h2>Ministros de Bolsonaro<\/h2>\n<p>Junto de Bento Costa Lima, s\u00e3o 19 nomes anunciados pelo capit\u00e3o da reserva para ocupar seu governo.<\/p>\n<p>S\u00e3o eles:<\/p>\n<ul>\n<li>Augusto Heleno (Seguran\u00e7a Institucional)<\/li>\n<li>Paulo Guedes (Economia)<\/li>\n<li>Marcos Pontes (Ci\u00eancia e Tecnologia)<\/li>\n<li>Sergio Moro (Justi\u00e7a e Seguran\u00e7a P\u00fablica)<\/li>\n<li>Tereza Cristina (Agricultura)<\/li>\n<li>Fernando Azevedo e Silva (Seguran\u00e7a)<\/li>\n<li>Ernesto Ara\u00fajo (Rela\u00e7\u00f5es Exteriores)<\/li>\n<li>Luiz Henrique Mandetta (Sa\u00fade)<\/li>\n<li>Wagner Ros\u00e1rio (Transpar\u00eancia)<\/li>\n<li>Andr\u00e9 Luiz de Almeira (AGU)<\/li>\n<li>Gustavo Bebbiano (Secret\u00e1ria Geral da Presid\u00eancia)<\/li>\n<li>Ricardo V\u00e9lez Rodr\u00edguez (Educa\u00e7\u00e3o)<\/li>\n<li>Carlos Alberto Cruz (Secretaria de Governo)<\/li>\n<li>Tarc\u00edsio Gomes (Infraestrutura)<\/li>\n<li>Gustavo Canuto (Desenvolvimento Regional)<\/li>\n<li>Osmar Terra (Cidadania e Trabalho)<\/li>\n<li>Marcelo \u00c1lvaro Ant\u00f4nio (Turismo)<\/li>\n<\/ul>\n<p>Bolsonaro informou que pretende <a href=\"https:\/\/www.suno.com.br\/noticias\/bolsonaro-formacao-governo-final-mes\/\">anunciar todos os ministros de seu governo at\u00e9 o final de novembro.<\/a>\u00a0O <strong>Minist\u00e9rio de Minas e Energia<\/strong> foi o s\u00e9timo nome anunciado esta semana.<\/p>\n","protected":false},"excerpt":{"rendered":"<p>O presidente eleito, Jair Bolsonaro, anunciou,\u00a0na manh\u00e3 desta sexta-feira (30), em sua conta pessoal de Twitter, o almirante de esquadra Bento Costa Lima para chefiar o Minist\u00e9rio de Minas e Energia. &#8220;Bom dia! Comunico a indica\u00e7\u00e3o do Diretor Geral de Desenvolvimento Nuclear e Tecnol\u00f3gico da Marinha, Almirante de Esquadra Bento Costa Lima Leite de Albuquerque [&hellip;]<\/p>\n","protected":false},"author":7,"featured_media":7556,"comment_status":"closed","ping_status":"closed","sticky":false,"template":"","format":"standard","meta":[],"categories":[61],"tags":[719],"suno_strategy":[],"class_list":["post-7554","post","type-post","status-publish","format-standard","has-post-thumbnail","hentry","category-politica","tag-jair-bolsonaro"],"yoast_head":"<!-- This site is optimized with the Yoast SEO plugin v24.4 - https:\/\/yoast.com\/wordpress\/plugins\/seo\/ -->\n<title>Minist\u00e9rio de Minas e Energia \u00e9 anunciado por Jair Bolsonaro<\/title>\n<meta name=\"description\" content=\"Bolsonaro fez o an\u00fancio do novo chefe do Minist\u00e9rio de Minas e Energia, Bento Costa Lima, na manh\u00e3 desta sexta. Clique para saber mais.\" \/>\n<meta name=\"robots\" content=\"index, follow, max-snippet:-1, max-image-preview:large, max-video-preview:-1\" \/>\n<link rel=\"canonical\" href=\"https:\/\/www.suno.com.br\/noticias\/ministerio-de-minas-e-energia-bolsonaro\/\" \/>\n<meta property=\"og:locale\" content=\"pt_BR\" \/>\n<meta property=\"og:type\" content=\"article\" \/>\n<meta property=\"og:title\" content=\"Minist\u00e9rio de Minas e Energia \u00e9 anunciado por Jair Bolsonaro\" \/>\n<meta property=\"og:description\" content=\"Bolsonaro fez o an\u00fancio do novo chefe do Minist\u00e9rio de Minas e Energia, Bento Costa Lima, na manh\u00e3 desta sexta. Clique para saber mais.\" \/>\n<meta property=\"og:url\" content=\"https:\/\/www.suno.com.br\/noticias\/ministerio-de-minas-e-energia-bolsonaro\/\" \/>\n<meta property=\"og:site_name\" content=\"Suno Not\u00edcias\" \/>\n<meta property=\"article:publisher\" content=\"https:\/\/facebook.com\/sunoresearch\" \/>\n<meta property=\"article:author\" content=\"https:\/\/www.linkedin.com\/in\/mateus-vasconcellos-4b3542123\/\" \/>\n<meta property=\"og:image\" content=\"https:\/\/files.sunoresearch.com.br\/n\/uploads\/2018\/11\/1860ba97-ministerio-de-minas-e-energia.jpg\" \/>\n\t<meta property=\"og:image:width\" content=\"1200\" \/>\n\t<meta property=\"og:image:height\" content=\"866\" \/>\n\t<meta property=\"og:image:type\" content=\"image\/jpeg\" \/>\n<meta name=\"author\" content=\"Mateus Vasconcellos\" \/>\n<meta name=\"twitter:card\" content=\"summary_large_image\" \/>\n<meta name=\"twitter:creator\" content=\"@sunoresearch\" \/>\n<meta name=\"twitter:site\" content=\"@sunoresearch\" \/>\n<meta name=\"twitter:label1\" content=\"Escrito por\" \/>\n\t<meta name=\"twitter:data1\" content=\"Mateus Vasconcellos\" \/>\n\t<meta name=\"twitter:label2\" content=\"Est. tempo de leitura\" \/>\n\t<meta name=\"twitter:data2\" content=\"2 minutos\" \/>\n<script type=\"application\/ld+json\" class=\"yoast-schema-graph\">{\"@context\":\"https:\/\/schema.org\",\"@graph\":[{\"@type\":\"NewsArticle\",\"@id\":\"https:\/\/www.suno.com.br\/noticias\/ministerio-de-minas-e-energia-bolsonaro\/#article\",\"isPartOf\":{\"@id\":\"https:\/\/www.suno.com.br\/noticias\/ministerio-de-minas-e-energia-bolsonaro\/\"},\"author\":{\"name\":\"Mateus Vasconcellos\",\"@id\":\"https:\/\/www.suno.com.br\/noticias\/#\/schema\/person\/ff5cc30ec6c0b55b6d3f3cfc4378b74e\"},\"headline\":\"Minist\u00e9rio de Minas e Energia \u00e9 anunciado por Jair Bolsonaro\",\"datePublished\":\"2018-11-30T11:15:39+00:00\",\"dateModified\":\"2018-11-30T11:44:14+00:00\",\"mainEntityOfPage\":{\"@id\":\"https:\/\/www.suno.com.br\/noticias\/ministerio-de-minas-e-energia-bolsonaro\/\"},\"wordCount\":385,\"publisher\":{\"@id\":\"https:\/\/www.suno.com.br\/noticias\/#organization\"},\"image\":{\"@id\":\"https:\/\/www.suno.com.br\/noticias\/ministerio-de-minas-e-energia-bolsonaro\/#primaryimage\"},\"thumbnailUrl\":\"https:\/\/files.sunoresearch.com.br\/n\/uploads\/2018\/11\/1860ba97-ministerio-de-minas-e-energia-jpg.webp\",\"keywords\":[\"Jair Bolsonaro\"],\"articleSection\":[\"Pol\u00edtica\"],\"inLanguage\":\"pt-BR\"},{\"@type\":\"WebPage\",\"@id\":\"https:\/\/www.suno.com.br\/noticias\/ministerio-de-minas-e-energia-bolsonaro\/\",\"url\":\"https:\/\/www.suno.com.br\/noticias\/ministerio-de-minas-e-energia-bolsonaro\/\",\"name\":\"Minist\u00e9rio de Minas e Energia \u00e9 anunciado por Jair Bolsonaro\",\"isPartOf\":{\"@id\":\"https:\/\/www.suno.com.br\/noticias\/#website\"},\"primaryImageOfPage\":{\"@id\":\"https:\/\/www.suno.com.br\/noticias\/ministerio-de-minas-e-energia-bolsonaro\/#primaryimage\"},\"image\":{\"@id\":\"https:\/\/www.suno.com.br\/noticias\/ministerio-de-minas-e-energia-bolsonaro\/#primaryimage\"},\"thumbnailUrl\":\"https:\/\/files.sunoresearch.com.br\/n\/uploads\/2018\/11\/1860ba97-ministerio-de-minas-e-energia-jpg.webp\",\"datePublished\":\"2018-11-30T11:15:39+00:00\",\"dateModified\":\"2018-11-30T11:44:14+00:00\",\"description\":\"Bolsonaro fez o an\u00fancio do novo chefe do Minist\u00e9rio de Minas e Energia, Bento Costa Lima, na manh\u00e3 desta sexta. Clique para saber mais.\",\"breadcrumb\":{\"@id\":\"https:\/\/www.suno.com.br\/noticias\/ministerio-de-minas-e-energia-bolsonaro\/#breadcrumb\"},\"inLanguage\":\"pt-BR\",\"potentialAction\":[{\"@type\":\"ReadAction\",\"target\":[\"https:\/\/www.suno.com.br\/noticias\/ministerio-de-minas-e-energia-bolsonaro\/\"]}]},{\"@type\":\"ImageObject\",\"inLanguage\":\"pt-BR\",\"@id\":\"https:\/\/www.suno.com.br\/noticias\/ministerio-de-minas-e-energia-bolsonaro\/#primaryimage\",\"url\":\"https:\/\/files.sunoresearch.com.br\/n\/uploads\/2018\/11\/1860ba97-ministerio-de-minas-e-energia-jpg.webp\",\"contentUrl\":\"https:\/\/files.sunoresearch.com.br\/n\/uploads\/2018\/11\/1860ba97-ministerio-de-minas-e-energia-jpg.webp\",\"width\":1200,\"height\":866,\"caption\":\"Minist\u00e9rio de Minas e Energia\"},{\"@type\":\"BreadcrumbList\",\"@id\":\"https:\/\/www.suno.com.br\/noticias\/ministerio-de-minas-e-energia-bolsonaro\/#breadcrumb\",\"itemListElement\":[{\"@type\":\"ListItem\",\"position\":1,\"name\":\"Not\u00edcias\",\"item\":\"https:\/\/www.suno.com.br\/noticias\/\"},{\"@type\":\"ListItem\",\"position\":2,\"name\":\"Pol\u00edtica\",\"item\":\"https:\/\/www.suno.com.br\/noticias\/politica\/\"},{\"@type\":\"ListItem\",\"position\":3,\"name\":\"Minist\u00e9rio de Minas e Energia \u00e9 anunciado por Jair Bolsonaro\"}]},{\"@type\":\"WebSite\",\"@id\":\"https:\/\/www.suno.com.br\/noticias\/#website\",\"url\":\"https:\/\/www.suno.com.br\/noticias\/\",\"name\":\"Suno Not\u00edcias\",\"description\":\"Seu portal de informa\u00e7\u00e3o sobre o mundo dos investimentos\",\"publisher\":{\"@id\":\"https:\/\/www.suno.com.br\/noticias\/#organization\"},\"potentialAction\":[{\"@type\":\"SearchAction\",\"target\":{\"@type\":\"EntryPoint\",\"urlTemplate\":\"https:\/\/www.suno.com.br\/noticias\/?s={search_term_string}\"},\"query-input\":{\"@type\":\"PropertyValueSpecification\",\"valueRequired\":true,\"valueName\":\"search_term_string\"}}],\"inLanguage\":\"pt-BR\"},{\"@type\":\"Organization\",\"@id\":\"https:\/\/www.suno.com.br\/noticias\/#organization\",\"name\":\"Suno Not\u00edcias\",\"url\":\"https:\/\/www.suno.com.br\/noticias\/\",\"logo\":{\"@type\":\"ImageObject\",\"inLanguage\":\"pt-BR\",\"@id\":\"https:\/\/www.suno.com.br\/noticias\/#\/schema\/logo\/image\/\",\"url\":\"https:\/\/files.sunoresearch.com.br\/n\/uploads\/2021\/09\/suno-logo.png\",\"contentUrl\":\"https:\/\/files.sunoresearch.com.br\/n\/uploads\/2021\/09\/suno-logo.png\",\"width\":180,\"height\":180,\"caption\":\"Suno Not\u00edcias\"},\"image\":{\"@id\":\"https:\/\/www.suno.com.br\/noticias\/#\/schema\/logo\/image\/\"},\"sameAs\":[\"https:\/\/facebook.com\/sunoresearch\",\"https:\/\/x.com\/sunoresearch\",\"https:\/\/www.instagram.com\/suno\",\"https:\/\/www.linkedin.com\/company\/suno-research\/\",\"https:\/\/www.youtube.com\/c\/sunoresearch\"]},{\"@type\":\"Person\",\"@id\":\"https:\/\/www.suno.com.br\/noticias\/#\/schema\/person\/ff5cc30ec6c0b55b6d3f3cfc4378b74e\",\"name\":\"Mateus Vasconcellos\",\"image\":{\"@type\":\"ImageObject\",\"inLanguage\":\"pt-BR\",\"@id\":\"https:\/\/www.suno.com.br\/noticias\/#\/schema\/person\/image\/\",\"url\":\"https:\/\/secure.gravatar.com\/avatar\/8d725238a0ef7530bdf58578a222f948?s=96&r=g\",\"contentUrl\":\"https:\/\/secure.gravatar.com\/avatar\/8d725238a0ef7530bdf58578a222f948?s=96&r=g\",\"caption\":\"Mateus Vasconcellos\"},\"description\":\"Formado em jornalismo pela Universidade Presbiteriana Mackenzie, Mateus Vasconcellos escreve sobre o mercado financeiro para o portal de not\u00edcias da Suno Research. Antes da Suno, teve passagem pelo Observat\u00f3rio do Terceiro Setor e \u00e9 vencedor do 7\u00b0 Pr\u00eamio Jovem Jornalista Fernando Pacheco Jord\u00e3o.\",\"sameAs\":[\"https:\/\/www.suno.com.br\",\"https:\/\/www.linkedin.com\/in\/mateus-vasconcellos-4b3542123\/\"],\"url\":\"https:\/\/www.suno.com.br\/noticias\/author\/mateus-vasconcellos\/\"}]}<\/script>\n<!-- \/ Yoast SEO plugin. -->","yoast_head_json":{"title":"Minist\u00e9rio de Minas e Energia \u00e9 anunciado por Jair Bolsonaro","description":"Bolsonaro fez o an\u00fancio do novo chefe do Minist\u00e9rio de Minas e Energia, Bento Costa Lima, na manh\u00e3 desta sexta. Clique para saber mais.","robots":{"index":"index","follow":"follow","max-snippet":"max-snippet:-1","max-image-preview":"max-image-preview:large","max-video-preview":"max-video-preview:-1"},"canonical":"https:\/\/www.suno.com.br\/noticias\/ministerio-de-minas-e-energia-bolsonaro\/","og_locale":"pt_BR","og_type":"article","og_title":"Minist\u00e9rio de Minas e Energia \u00e9 anunciado por Jair Bolsonaro","og_description":"Bolsonaro fez o an\u00fancio do novo chefe do Minist\u00e9rio de Minas e Energia, Bento Costa Lima, na manh\u00e3 desta sexta. Clique para saber mais.","og_url":"https:\/\/www.suno.com.br\/noticias\/ministerio-de-minas-e-energia-bolsonaro\/","og_site_name":"Suno Not\u00edcias","article_publisher":"https:\/\/facebook.com\/sunoresearch","article_author":"https:\/\/www.linkedin.com\/in\/mateus-vasconcellos-4b3542123\/","og_image":[{"width":1200,"height":866,"url":"https:\/\/files.sunoresearch.com.br\/n\/uploads\/2018\/11\/1860ba97-ministerio-de-minas-e-energia.jpg","type":"image\/jpeg"}],"author":"Mateus Vasconcellos","twitter_card":"summary_large_image","twitter_creator":"@sunoresearch","twitter_site":"@sunoresearch","twitter_misc":{"Escrito por":"Mateus Vasconcellos","Est. tempo de leitura":"2 minutos"},"schema":{"@context":"https:\/\/schema.org","@graph":[{"@type":"NewsArticle","@id":"https:\/\/www.suno.com.br\/noticias\/ministerio-de-minas-e-energia-bolsonaro\/#article","isPartOf":{"@id":"https:\/\/www.suno.com.br\/noticias\/ministerio-de-minas-e-energia-bolsonaro\/"},"author":{"name":"Mateus Vasconcellos","@id":"https:\/\/www.suno.com.br\/noticias\/#\/schema\/person\/ff5cc30ec6c0b55b6d3f3cfc4378b74e"},"headline":"Minist\u00e9rio de Minas e Energia \u00e9 anunciado por Jair Bolsonaro","datePublished":"2018-11-30T11:15:39+00:00","dateModified":"2018-11-30T11:44:14+00:00","mainEntityOfPage":{"@id":"https:\/\/www.suno.com.br\/noticias\/ministerio-de-minas-e-energia-bolsonaro\/"},"wordCount":385,"publisher":{"@id":"https:\/\/www.suno.com.br\/noticias\/#organization"},"image":{"@id":"https:\/\/www.suno.com.br\/noticias\/ministerio-de-minas-e-energia-bolsonaro\/#primaryimage"},"thumbnailUrl":"https:\/\/files.sunoresearch.com.br\/n\/uploads\/2018\/11\/1860ba97-ministerio-de-minas-e-energia-jpg.webp","keywords":["Jair Bolsonaro"],"articleSection":["Pol\u00edtica"],"inLanguage":"pt-BR"},{"@type":"WebPage","@id":"https:\/\/www.suno.com.br\/noticias\/ministerio-de-minas-e-energia-bolsonaro\/","url":"https:\/\/www.suno.com.br\/noticias\/ministerio-de-minas-e-energia-bolsonaro\/","name":"Minist\u00e9rio de Minas e Energia \u00e9 anunciado por Jair Bolsonaro","isPartOf":{"@id":"https:\/\/www.suno.com.br\/noticias\/#website"},"primaryImageOfPage":{"@id":"https:\/\/www.suno.com.br\/noticias\/ministerio-de-minas-e-energia-bolsonaro\/#primaryimage"},"image":{"@id":"https:\/\/www.suno.com.br\/noticias\/ministerio-de-minas-e-energia-bolsonaro\/#primaryimage"},"thumbnailUrl":"https:\/\/files.sunoresearch.com.br\/n\/uploads\/2018\/11\/1860ba97-ministerio-de-minas-e-energia-jpg.webp","datePublished":"2018-11-30T11:15:39+00:00","dateModified":"2018-11-30T11:44:14+00:00","description":"Bolsonaro fez o an\u00fancio do novo chefe do Minist\u00e9rio de Minas e Energia, Bento Costa Lima, na manh\u00e3 desta sexta. Clique para saber mais.","breadcrumb":{"@id":"https:\/\/www.suno.com.br\/noticias\/ministerio-de-minas-e-energia-bolsonaro\/#breadcrumb"},"inLanguage":"pt-BR","potentialAction":[{"@type":"ReadAction","target":["https:\/\/www.suno.com.br\/noticias\/ministerio-de-minas-e-energia-bolsonaro\/"]}]},{"@type":"ImageObject","inLanguage":"pt-BR","@id":"https:\/\/www.suno.com.br\/noticias\/ministerio-de-minas-e-energia-bolsonaro\/#primaryimage","url":"https:\/\/files.sunoresearch.com.br\/n\/uploads\/2018\/11\/1860ba97-ministerio-de-minas-e-energia-jpg.webp","contentUrl":"https:\/\/files.sunoresearch.com.br\/n\/uploads\/2018\/11\/1860ba97-ministerio-de-minas-e-energia-jpg.webp","width":1200,"height":866,"caption":"Minist\u00e9rio de Minas e Energia"},{"@type":"BreadcrumbList","@id":"https:\/\/www.suno.com.br\/noticias\/ministerio-de-minas-e-energia-bolsonaro\/#breadcrumb","itemListElement":[{"@type":"ListItem","position":1,"name":"Not\u00edcias","item":"https:\/\/www.suno.com.br\/noticias\/"},{"@type":"ListItem","position":2,"name":"Pol\u00edtica","item":"https:\/\/www.suno.com.br\/noticias\/politica\/"},{"@type":"ListItem","position":3,"name":"Minist\u00e9rio de Minas e Energia \u00e9 anunciado por Jair Bolsonaro"}]},{"@type":"WebSite","@id":"https:\/\/www.suno.com.br\/noticias\/#website","url":"https:\/\/www.suno.com.br\/noticias\/","name":"Suno Not\u00edcias","description":"Seu portal de informa\u00e7\u00e3o sobre o mundo dos investimentos","publisher":{"@id":"https:\/\/www.suno.com.br\/noticias\/#organization"},"potentialAction":[{"@type":"SearchAction","target":{"@type":"EntryPoint","urlTemplate":"https:\/\/www.suno.com.br\/noticias\/?s={search_term_string}"},"query-input":{"@type":"PropertyValueSpecification","valueRequired":true,"valueName":"search_term_string"}}],"inLanguage":"pt-BR"},{"@type":"Organization","@id":"https:\/\/www.suno.com.br\/noticias\/#organization","name":"Suno Not\u00edcias","url":"https:\/\/www.suno.com.br\/noticias\/","logo":{"@type":"ImageObject","inLanguage":"pt-BR","@id":"https:\/\/www.suno.com.br\/noticias\/#\/schema\/logo\/image\/","url":"https:\/\/files.sunoresearch.com.br\/n\/uploads\/2021\/09\/suno-logo.png","contentUrl":"https:\/\/files.sunoresearch.com.br\/n\/uploads\/2021\/09\/suno-logo.png","width":180,"height":180,"caption":"Suno Not\u00edcias"},"image":{"@id":"https:\/\/www.suno.com.br\/noticias\/#\/schema\/logo\/image\/"},"sameAs":["https:\/\/facebook.com\/sunoresearch","https:\/\/x.com\/sunoresearch","https:\/\/www.instagram.com\/suno","https:\/\/www.linkedin.com\/company\/suno-research\/","https:\/\/www.youtube.com\/c\/sunoresearch"]},{"@type":"Person","@id":"https:\/\/www.suno.com.br\/noticias\/#\/schema\/person\/ff5cc30ec6c0b55b6d3f3cfc4378b74e","name":"Mateus Vasconcellos","image":{"@type":"ImageObject","inLanguage":"pt-BR","@id":"https:\/\/www.suno.com.br\/noticias\/#\/schema\/person\/image\/","url":"https:\/\/secure.gravatar.com\/avatar\/8d725238a0ef7530bdf58578a222f948?s=96&r=g","contentUrl":"https:\/\/secure.gravatar.com\/avatar\/8d725238a0ef7530bdf58578a222f948?s=96&r=g","caption":"Mateus Vasconcellos"},"description":"Formado em jornalismo pela Universidade Presbiteriana Mackenzie, Mateus Vasconcellos escreve sobre o mercado financeiro para o portal de not\u00edcias da Suno Research. Antes da Suno, teve passagem pelo Observat\u00f3rio do Terceiro Setor e \u00e9 vencedor do 7\u00b0 Pr\u00eamio Jovem Jornalista Fernando Pacheco Jord\u00e3o.","sameAs":["https:\/\/www.suno.com.br","https:\/\/www.linkedin.com\/in\/mateus-vasconcellos-4b3542123\/"],"url":"https:\/\/www.suno.com.br\/noticias\/author\/mateus-vasconcellos\/"}]}},"default_loop_html":"<div class=\"cardsPage__listCard__boxs\"><div class=\"cardsPage__listCard__boxs__img\"><a href=\"https:\/\/www.suno.com.br\/noticias\/ministerio-de-minas-e-energia-bolsonaro\/\"><img class=\"mask\" src=\"https:\/\/www.suno.com.br\/noticias\/wp-content\/themes\/suno\/resources\/images\/spotlight\/spotlight1img\/bg-mask.png\" alt=\"Image Mask\"\/><img src=\"https:\/\/files.sunoresearch.com.br\/n\/uploads\/2018\/11\/1860ba97-ministerio-de-minas-e-energia-400x200.webp\" alt=\"Minist\u00e9rio de Minas e Energia \u00e9 anunciado por Jair Bolsonaro\"\/><\/a><span class=\"spotlightCategory\"><a href=\"https:\/\/www.suno.com.br\/noticias\/politica\/\">Pol\u00edtica<\/a><\/span><\/div><div class=\"cardsPage__listCard__boxs__content\"><a href=\"https:\/\/www.suno.com.br\/noticias\/ministerio-de-minas-e-energia-bolsonaro\/\"><h2 class=\"content__title\">Minist\u00e9rio de Minas e Energia \u00e9 anunciado por Jair Bolsonaro<\/h2><\/a><div class=\"newsContent__article__meta\"><div class=\"newsContent__article__meta__authorBox\"><a href=\"https:\/\/www.suno.com.br\/noticias\/author\/mateus-vasconcellos\/\" class=\"authorBox__avatar noMobi\"><img src=\"https:\/\/secure.gravatar.com\/avatar\/8d725238a0ef7530bdf58578a222f948?s=96&#038;r=g\" alt=\"Mateus Vasconcellos\"><\/a><div class=\"authorBox__name\"><span>por\n\t\t\t<a href=\"https:\/\/www.suno.com.br\/noticias\/author\/mateus-vasconcellos\/\"><span itemprop=\"author\">Mateus Vasconcellos<\/span><\/a><\/span><time datetime=\"2018-11-30T09:15:39-02:00\" itemprop=\"datePublished\">30\/11\/2018 09:15<\/time><\/div><\/div><\/div><\/div><\/div>","single_layout":"posts","amp_enabled":true,"_links":{"self":[{"href":"https:\/\/www.suno.com.br\/noticias\/wp-json\/wp\/v2\/posts\/7554"}],"collection":[{"href":"https:\/\/www.suno.com.br\/noticias\/wp-json\/wp\/v2\/posts"}],"about":[{"href":"https:\/\/www.suno.com.br\/noticias\/wp-json\/wp\/v2\/types\/post"}],"author":[{"embeddable":true,"href":"https:\/\/www.suno.com.br\/noticias\/wp-json\/wp\/v2\/users\/7"}],"replies":[{"embeddable":true,"href":"https:\/\/www.suno.com.br\/noticias\/wp-json\/wp\/v2\/comments?post=7554"}],"version-history":[{"count":0,"href":"https:\/\/www.suno.com.br\/noticias\/wp-json\/wp\/v2\/posts\/7554\/revisions"}],"wp:featuredmedia":[{"embeddable":true,"href":"https:\/\/www.suno.com.br\/noticias\/wp-json\/wp\/v2\/media\/7556"}],"wp:attachment":[{"href":"https:\/\/www.suno.com.br\/noticias\/wp-json\/wp\/v2\/media?parent=7554"}],"wp:term":[{"taxonomy":"category","embeddable":true,"href":"https:\/\/www.suno.com.br\/noticias\/wp-json\/wp\/v2\/categories?post=7554"},{"taxonomy":"post_tag","embeddable":true,"href":"https:\/\/www.suno.com.br\/noticias\/wp-json\/wp\/v2\/tags?post=7554"},{"taxonomy":"suno_strategy","embeddable":true,"href":"https:\/\/www.suno.com.br\/noticias\/wp-json\/wp\/v2\/suno_strategy?post=7554"}],"curies":[{"name":"wp","href":"https:\/\/api.w.org\/{rel}","templated":true}]}}