{"id":75534,"date":"2020-07-30T16:43:59","date_gmt":"2020-07-30T19:43:59","guid":{"rendered":"https:\/\/www.suno.com.br\/noticias\/?p=75534"},"modified":"2020-07-30T16:43:59","modified_gmt":"2020-07-30T19:43:59","slug":"guedes-desoneracao-proposta","status":"publish","type":"post","link":"https:\/\/www.suno.com.br\/noticias\/guedes-desoneracao-proposta\/","title":{"rendered":"Bra\u00e7o direito de Guedes criticou desonera\u00e7\u00e3o da folha, mas agora v\u00ea proposta diferente"},"content":{"rendered":"<p>As discuss\u00f5es sobre a possibilidade de o governo introduzir mais impostos em troca da <a href=\"https:\/\/www.suno.com.br\/noticias\/reforma-tributaria-imposto-transacoes-dividendos\/\"><strong>desonera\u00e7\u00e3o da folha de pagamentos<\/strong><\/a> vem causando pol\u00eamica no Brasil e fazendo com que estudiosos e especialistas se posicionem contra ou a favor da medida.<\/p>\t<div class=\"wrapper-featured-image\">\n\t\t<figure class=\"spotlightImg\">\n\n\t\t\t<picture>\n\t\t\t\t<source media=\"(max-width: 768px)\" srcset=\"https:\/\/files.sunoresearch.com.br\/n\/uploads\/2020\/07\/cac8aa90-c6627167cb550f53221a309dabffa2b9-400x200.webp\">\n\t\t\t\t<img loading=\"lazy\" decoding=\"async\" class=\"newsContent__article__imgCapa lazyloadDisabled newsContent__article__imgCapa--noCaption\" src=\"https:\/\/files.sunoresearch.com.br\/n\/uploads\/2020\/07\/cac8aa90-c6627167cb550f53221a309dabffa2b9-jpg.webp\" width=\"800\" height=\"450\" alt=\"Bra\u00e7o direito de Guedes criticou desonera\u00e7\u00e3o da folha, mas agora v\u00ea proposta diferente\" fetchpriority=high \/>\n\t\t\t<\/picture>\n\n\t\t\t<figcaption class=\"wp-caption-text wp-caption-text--hide\">O secret\u00e1rio de Pol\u00edtica Econ\u00f4mica do Minist\u00e9rio da Economia, Adolfo Sachsida, que defende a desonera\u00e7\u00e3o<\/figcaption>\n\t\t<\/figure>\n\t<\/div>\n\n\n\n<p>O secret\u00e1rio de Pol\u00edtica Econ\u00f4mica do Minist\u00e9rio da Economia, Adolfo Sachsida, considerado o bra\u00e7o direito do <a href=\"https:\/\/www.suno.com.br\/tudo-sobre\/paulo-guedes\/\">ministro Paulo Guedes<\/a>, por\u00e9m, passou de cr\u00edtico a apoiador da desonera\u00e7\u00e3o da folha de pagamentos, segundo ele, gra\u00e7as a diferen\u00e7as entre as medidas.<\/p>\n<p>Sachsida criticou a desonera\u00e7\u00e3o realizada pelo governo Dilma em um estudo publicado ao fim de 2018 pelo Instituto de Pesquisa Econ\u00f4mica Aplicada (Ipea) e assinado pelo secret\u00e1rio em conjunto com outros pesquisadores.<\/p>\n<p><a href=\"https:\/\/lp.suno.com.br\/suno-one\/\">No Suno One voc\u00ea aprende a fazer seu dinheiro trabalhar para voc\u00ea. Cadastre-se gratuitamente agora!<\/a><\/p>\n<p>A chamada desonera\u00e7\u00e3o da folha de pagamentos foi uma pol\u00edtica p\u00fablica institu\u00edda a partir de 2011 que previa a elimina\u00e7\u00e3o da contribui\u00e7\u00e3o previdenci\u00e1ria de 20% sobre a folha salarial e a institui\u00e7\u00e3o de uma nova contribui\u00e7\u00e3o sobre a receita bruta das empresas, que variava de 1% a 4,5%.<\/p>\n<p>Na publica\u00e7\u00e3o, os autores afirmam que os resultados obtidos apontam para a aus\u00eancia de efeitos da pol\u00edtica sobre o <a href=\"https:\/\/www.suno.com.br\/artigos\/indice-de-desemprego\/\">volume de empregos<\/a>. &#8220;N\u00e3o h\u00e1 evid\u00eancias robustas de efeitos reais positivos da desonera\u00e7\u00e3o&#8221;, disseram os autores do texto.<\/p>\n<p>&#8220;Em fun\u00e7\u00e3o da magnitude da ren\u00fancia fiscal concedida pela desonera\u00e7\u00e3o,<br \/>\na revis\u00e3o da desonera\u00e7\u00e3o \u00e9 uma proposta para o debate&#8221;, afirmaram, \u00e0 \u00e9poca.<\/p>\n<p>A desonera\u00e7\u00e3o da folha chegou a abranger cerca de 60 setores produtivos da economia brasileira, entre tecnologia da informa\u00e7\u00e3o (TI), call centers, hoteleiro, t\u00eaxtil, automotivo, entre outros. Estudos mostraram, posteriormente, que a Uni\u00e3o abriu m\u00e3o de cerca de R$ 68 bilh\u00f5es entre 2012 e 2016.<\/p>\n<h2>Saschida aponta diferen\u00e7as entre as propostas de desonera\u00e7\u00e3o da folha<\/h2>\n<p>Procurado pelo <strong>SUNO Not\u00edcias<\/strong>, o secret\u00e1rio de Pol\u00edtica Econ\u00f4mica do Minist\u00e9rio da Economia afirmou, por meio da assessoria de imprensa, que n\u00e3o mudou de opini\u00e3o em rela\u00e7\u00e3o a desonera\u00e7\u00e3o da folha de pagamentos.<\/p>\n<p>Segundo Saschida, a maneira com que a pol\u00edtica foi feita no passado era tecnicamente equivocada.<\/p>\n<p><a href=\"https:\/\/www.suno.com.br\/noticias\/tributacao-de-dividendos-deve-reduzir-fluxo-de-caixa-de-acionistas-diz-zeidan\/\">Saiba mais: Tributa\u00e7\u00e3o de dividendos deve reduzir fluxo de caixa de acionistas, diz Zeidan<\/a><\/p>\n<p>&#8220;Era uma desonera\u00e7\u00e3o tempor\u00e1ria e parcial (s\u00f3 se aplicava a determinados setores). Sendo transit\u00f3ria, v\u00e1rias empresas apenas aproveitaram para recompor temporariamente suas margens (e n\u00e3o para contratar mais empregados). Sendo para setor espec\u00edfico, acabou por piorar a aloca\u00e7\u00e3o de fatores na economia&#8221;, disse, em nota.<\/p>\n<p>O secret\u00e1rio de Pol\u00edtica Econ\u00f4mica do Minist\u00e9rio da Economia afirmou ainda que a desonera\u00e7\u00e3o proposta pelo governo Bolsonaro \u00e9 permanente e ser\u00e1 para todos os setores.<\/p>\n<p>&#8220;Sendo assim, os efeitos ser\u00e3o distintos, tendo essa desonera\u00e7\u00e3o o potencial de gerar e formalizar mais empregos&#8221;, concluiu Saschida sobre a nova proposta de <strong>desonera\u00e7\u00e3o<\/strong> <strong>da folha de pagamentos.<\/strong><\/p>\n\n","protected":false},"excerpt":{"rendered":"<p>As discuss\u00f5es sobre a possibilidade de o governo introduzir mais impostos em troca da desonera\u00e7\u00e3o da folha de pagamentos vem causando pol\u00eamica no Brasil e fazendo com que estudiosos e especialistas se posicionem contra ou a favor da medida. O secret\u00e1rio de Pol\u00edtica Econ\u00f4mica do Minist\u00e9rio da Economia, Adolfo Sachsida, que defende a desonera\u00e7\u00e3o O [&hellip;]<\/p>\n","protected":false},"author":27,"featured_media":75542,"comment_status":"closed","ping_status":"closed","sticky":false,"template":"","format":"standard","meta":[],"categories":[62],"tags":[82742,786,796],"suno_strategy":[],"class_list":["post-75534","post","type-post","status-publish","format-standard","has-post-thumbnail","hentry","category-economia","tag-adolfo-sachsida","tag-ipea","tag-paulo-guedes"],"yoast_head":"<!-- This site is optimized with the Yoast SEO plugin v24.4 - https:\/\/yoast.com\/wordpress\/plugins\/seo\/ -->\n<title>Bra\u00e7o direito de Guedes criticou desonera\u00e7\u00e3o, mas v\u00ea proposta diferente<\/title>\n<meta name=\"description\" content=\"O secret\u00e1rio de Pol\u00edtica Econ\u00f4mica, Adolfo Sachsida, j\u00e1 criticou desonera\u00e7\u00e3o da folha, mas agora v\u00ea proposta diferente do governo.\" \/>\n<meta name=\"robots\" content=\"index, follow, max-snippet:-1, max-image-preview:large, max-video-preview:-1\" \/>\n<link rel=\"canonical\" href=\"https:\/\/www.suno.com.br\/noticias\/guedes-desoneracao-proposta\/\" \/>\n<meta property=\"og:locale\" content=\"pt_BR\" \/>\n<meta property=\"og:type\" content=\"article\" \/>\n<meta property=\"og:title\" content=\"Bra\u00e7o direito de Guedes criticou desonera\u00e7\u00e3o, mas v\u00ea proposta diferente\" \/>\n<meta property=\"og:description\" content=\"O secret\u00e1rio de Pol\u00edtica Econ\u00f4mica, Adolfo Sachsida, j\u00e1 criticou desonera\u00e7\u00e3o da folha, mas agora v\u00ea proposta diferente do governo.\" \/>\n<meta property=\"og:url\" content=\"https:\/\/www.suno.com.br\/noticias\/guedes-desoneracao-proposta\/\" \/>\n<meta property=\"og:site_name\" content=\"Suno Not\u00edcias\" \/>\n<meta property=\"article:publisher\" content=\"https:\/\/facebook.com\/sunoresearch\" \/>\n<meta property=\"og:image\" content=\"https:\/\/files.sunoresearch.com.br\/n\/uploads\/2020\/07\/cac8aa90-c6627167cb550f53221a309dabffa2b9.jpg\" \/>\n\t<meta property=\"og:image:width\" content=\"800\" \/>\n\t<meta property=\"og:image:height\" content=\"347\" \/>\n\t<meta property=\"og:image:type\" content=\"image\/jpeg\" \/>\n<meta name=\"author\" content=\"Vinicius Pereira\" \/>\n<meta name=\"twitter:card\" content=\"summary_large_image\" \/>\n<meta name=\"twitter:creator\" content=\"@https:\/\/twitter.com\/viniciuspjornal\" \/>\n<meta name=\"twitter:site\" content=\"@sunoresearch\" \/>\n<meta name=\"twitter:label1\" content=\"Escrito por\" \/>\n\t<meta name=\"twitter:data1\" content=\"Vinicius Pereira\" \/>\n\t<meta name=\"twitter:label2\" content=\"Est. tempo de leitura\" \/>\n\t<meta name=\"twitter:data2\" content=\"3 minutos\" \/>\n<script type=\"application\/ld+json\" class=\"yoast-schema-graph\">{\"@context\":\"https:\/\/schema.org\",\"@graph\":[{\"@type\":\"NewsArticle\",\"@id\":\"https:\/\/www.suno.com.br\/noticias\/guedes-desoneracao-proposta\/#article\",\"isPartOf\":{\"@id\":\"https:\/\/www.suno.com.br\/noticias\/guedes-desoneracao-proposta\/\"},\"author\":{\"name\":\"Vinicius Pereira\",\"@id\":\"https:\/\/www.suno.com.br\/noticias\/#\/schema\/person\/a20761b96e4df7eb57f1f9e41be1dbf3\"},\"headline\":\"Bra\u00e7o direito de Guedes criticou desonera\u00e7\u00e3o da folha, mas agora v\u00ea proposta diferente\",\"datePublished\":\"2020-07-30T19:43:59+00:00\",\"mainEntityOfPage\":{\"@id\":\"https:\/\/www.suno.com.br\/noticias\/guedes-desoneracao-proposta\/\"},\"wordCount\":531,\"publisher\":{\"@id\":\"https:\/\/www.suno.com.br\/noticias\/#organization\"},\"image\":{\"@id\":\"https:\/\/www.suno.com.br\/noticias\/guedes-desoneracao-proposta\/#primaryimage\"},\"thumbnailUrl\":\"https:\/\/files.sunoresearch.com.br\/n\/uploads\/2020\/07\/cac8aa90-c6627167cb550f53221a309dabffa2b9-jpg.webp\",\"keywords\":[\"Adolfo Sachsida\",\"Ipea\",\"Paulo Guedes\"],\"articleSection\":[\"Economia\"],\"inLanguage\":\"pt-BR\"},{\"@type\":\"WebPage\",\"@id\":\"https:\/\/www.suno.com.br\/noticias\/guedes-desoneracao-proposta\/\",\"url\":\"https:\/\/www.suno.com.br\/noticias\/guedes-desoneracao-proposta\/\",\"name\":\"Bra\u00e7o direito de Guedes criticou desonera\u00e7\u00e3o, mas v\u00ea proposta diferente\",\"isPartOf\":{\"@id\":\"https:\/\/www.suno.com.br\/noticias\/#website\"},\"primaryImageOfPage\":{\"@id\":\"https:\/\/www.suno.com.br\/noticias\/guedes-desoneracao-proposta\/#primaryimage\"},\"image\":{\"@id\":\"https:\/\/www.suno.com.br\/noticias\/guedes-desoneracao-proposta\/#primaryimage\"},\"thumbnailUrl\":\"https:\/\/files.sunoresearch.com.br\/n\/uploads\/2020\/07\/cac8aa90-c6627167cb550f53221a309dabffa2b9-jpg.webp\",\"datePublished\":\"2020-07-30T19:43:59+00:00\",\"description\":\"O secret\u00e1rio de Pol\u00edtica Econ\u00f4mica, Adolfo Sachsida, j\u00e1 criticou desonera\u00e7\u00e3o da folha, mas agora v\u00ea proposta diferente do governo.\",\"breadcrumb\":{\"@id\":\"https:\/\/www.suno.com.br\/noticias\/guedes-desoneracao-proposta\/#breadcrumb\"},\"inLanguage\":\"pt-BR\",\"potentialAction\":[{\"@type\":\"ReadAction\",\"target\":[\"https:\/\/www.suno.com.br\/noticias\/guedes-desoneracao-proposta\/\"]}]},{\"@type\":\"ImageObject\",\"inLanguage\":\"pt-BR\",\"@id\":\"https:\/\/www.suno.com.br\/noticias\/guedes-desoneracao-proposta\/#primaryimage\",\"url\":\"https:\/\/files.sunoresearch.com.br\/n\/uploads\/2020\/07\/cac8aa90-c6627167cb550f53221a309dabffa2b9-jpg.webp\",\"contentUrl\":\"https:\/\/files.sunoresearch.com.br\/n\/uploads\/2020\/07\/cac8aa90-c6627167cb550f53221a309dabffa2b9-jpg.webp\",\"width\":800,\"height\":347,\"caption\":\"O secret\u00e1rio de Pol\u00edtica Econ\u00f4mica do Minist\u00e9rio da Economia, Adolfo Sachsida, que defende a desonera\u00e7\u00e3o\"},{\"@type\":\"BreadcrumbList\",\"@id\":\"https:\/\/www.suno.com.br\/noticias\/guedes-desoneracao-proposta\/#breadcrumb\",\"itemListElement\":[{\"@type\":\"ListItem\",\"position\":1,\"name\":\"Not\u00edcias\",\"item\":\"https:\/\/www.suno.com.br\/noticias\/\"},{\"@type\":\"ListItem\",\"position\":2,\"name\":\"Economia\",\"item\":\"https:\/\/www.suno.com.br\/noticias\/economia\/\"},{\"@type\":\"ListItem\",\"position\":3,\"name\":\"Bra\u00e7o direito de Guedes criticou desonera\u00e7\u00e3o da folha, mas agora v\u00ea proposta diferente\"}]},{\"@type\":\"WebSite\",\"@id\":\"https:\/\/www.suno.com.br\/noticias\/#website\",\"url\":\"https:\/\/www.suno.com.br\/noticias\/\",\"name\":\"Suno Not\u00edcias\",\"description\":\"Seu portal de informa\u00e7\u00e3o sobre o mundo dos investimentos\",\"publisher\":{\"@id\":\"https:\/\/www.suno.com.br\/noticias\/#organization\"},\"potentialAction\":[{\"@type\":\"SearchAction\",\"target\":{\"@type\":\"EntryPoint\",\"urlTemplate\":\"https:\/\/www.suno.com.br\/noticias\/?s={search_term_string}\"},\"query-input\":{\"@type\":\"PropertyValueSpecification\",\"valueRequired\":true,\"valueName\":\"search_term_string\"}}],\"inLanguage\":\"pt-BR\"},{\"@type\":\"Organization\",\"@id\":\"https:\/\/www.suno.com.br\/noticias\/#organization\",\"name\":\"Suno Not\u00edcias\",\"url\":\"https:\/\/www.suno.com.br\/noticias\/\",\"logo\":{\"@type\":\"ImageObject\",\"inLanguage\":\"pt-BR\",\"@id\":\"https:\/\/www.suno.com.br\/noticias\/#\/schema\/logo\/image\/\",\"url\":\"https:\/\/files.sunoresearch.com.br\/n\/uploads\/2021\/09\/suno-logo.png\",\"contentUrl\":\"https:\/\/files.sunoresearch.com.br\/n\/uploads\/2021\/09\/suno-logo.png\",\"width\":180,\"height\":180,\"caption\":\"Suno Not\u00edcias\"},\"image\":{\"@id\":\"https:\/\/www.suno.com.br\/noticias\/#\/schema\/logo\/image\/\"},\"sameAs\":[\"https:\/\/facebook.com\/sunoresearch\",\"https:\/\/x.com\/sunoresearch\",\"https:\/\/www.instagram.com\/suno\",\"https:\/\/www.linkedin.com\/company\/suno-research\/\",\"https:\/\/www.youtube.com\/c\/sunoresearch\"]},{\"@type\":\"Person\",\"@id\":\"https:\/\/www.suno.com.br\/noticias\/#\/schema\/person\/a20761b96e4df7eb57f1f9e41be1dbf3\",\"name\":\"Vinicius Pereira\",\"image\":{\"@type\":\"ImageObject\",\"inLanguage\":\"pt-BR\",\"@id\":\"https:\/\/www.suno.com.br\/noticias\/#\/schema\/person\/image\/\",\"url\":\"https:\/\/secure.gravatar.com\/avatar\/783866b933198f5cc4c5d03fcc8b1301?s=96&r=g\",\"contentUrl\":\"https:\/\/secure.gravatar.com\/avatar\/783866b933198f5cc4c5d03fcc8b1301?s=96&r=g\",\"caption\":\"Vinicius Pereira\"},\"description\":\"Vinicius Pereira foi rep\u00f3rter de economia da Folha de S.Paulo, stringer do jornal no Canad\u00e1 e colaborador de VEJA. J\u00e1 escreveu tamb\u00e9m para BBC Brasil, The Intercept Brasil e UOL. Tem MBA em Informa\u00e7\u00f5es Econ\u00f4mico-Financeiras e Mercado de Capitais pela FIA\/B3.\",\"sameAs\":[\"https:\/\/x.com\/https:\/\/twitter.com\/viniciuspjornal\"],\"url\":\"https:\/\/www.suno.com.br\/noticias\/author\/vinicius-pereira\/\"}]}<\/script>\n<!-- \/ Yoast SEO plugin. -->","yoast_head_json":{"title":"Bra\u00e7o direito de Guedes criticou desonera\u00e7\u00e3o, mas v\u00ea proposta diferente","description":"O secret\u00e1rio de Pol\u00edtica Econ\u00f4mica, Adolfo Sachsida, j\u00e1 criticou desonera\u00e7\u00e3o da folha, mas agora v\u00ea proposta diferente do governo.","robots":{"index":"index","follow":"follow","max-snippet":"max-snippet:-1","max-image-preview":"max-image-preview:large","max-video-preview":"max-video-preview:-1"},"canonical":"https:\/\/www.suno.com.br\/noticias\/guedes-desoneracao-proposta\/","og_locale":"pt_BR","og_type":"article","og_title":"Bra\u00e7o direito de Guedes criticou desonera\u00e7\u00e3o, mas v\u00ea proposta diferente","og_description":"O secret\u00e1rio de Pol\u00edtica Econ\u00f4mica, Adolfo Sachsida, j\u00e1 criticou desonera\u00e7\u00e3o da folha, mas agora v\u00ea proposta diferente do governo.","og_url":"https:\/\/www.suno.com.br\/noticias\/guedes-desoneracao-proposta\/","og_site_name":"Suno Not\u00edcias","article_publisher":"https:\/\/facebook.com\/sunoresearch","og_image":[{"width":800,"height":347,"url":"https:\/\/files.sunoresearch.com.br\/n\/uploads\/2020\/07\/cac8aa90-c6627167cb550f53221a309dabffa2b9.jpg","type":"image\/jpeg"}],"author":"Vinicius Pereira","twitter_card":"summary_large_image","twitter_creator":"@https:\/\/twitter.com\/viniciuspjornal","twitter_site":"@sunoresearch","twitter_misc":{"Escrito por":"Vinicius Pereira","Est. tempo de leitura":"3 minutos"},"schema":{"@context":"https:\/\/schema.org","@graph":[{"@type":"NewsArticle","@id":"https:\/\/www.suno.com.br\/noticias\/guedes-desoneracao-proposta\/#article","isPartOf":{"@id":"https:\/\/www.suno.com.br\/noticias\/guedes-desoneracao-proposta\/"},"author":{"name":"Vinicius Pereira","@id":"https:\/\/www.suno.com.br\/noticias\/#\/schema\/person\/a20761b96e4df7eb57f1f9e41be1dbf3"},"headline":"Bra\u00e7o direito de Guedes criticou desonera\u00e7\u00e3o da folha, mas agora v\u00ea proposta diferente","datePublished":"2020-07-30T19:43:59+00:00","mainEntityOfPage":{"@id":"https:\/\/www.suno.com.br\/noticias\/guedes-desoneracao-proposta\/"},"wordCount":531,"publisher":{"@id":"https:\/\/www.suno.com.br\/noticias\/#organization"},"image":{"@id":"https:\/\/www.suno.com.br\/noticias\/guedes-desoneracao-proposta\/#primaryimage"},"thumbnailUrl":"https:\/\/files.sunoresearch.com.br\/n\/uploads\/2020\/07\/cac8aa90-c6627167cb550f53221a309dabffa2b9-jpg.webp","keywords":["Adolfo Sachsida","Ipea","Paulo Guedes"],"articleSection":["Economia"],"inLanguage":"pt-BR"},{"@type":"WebPage","@id":"https:\/\/www.suno.com.br\/noticias\/guedes-desoneracao-proposta\/","url":"https:\/\/www.suno.com.br\/noticias\/guedes-desoneracao-proposta\/","name":"Bra\u00e7o direito de Guedes criticou desonera\u00e7\u00e3o, mas v\u00ea proposta diferente","isPartOf":{"@id":"https:\/\/www.suno.com.br\/noticias\/#website"},"primaryImageOfPage":{"@id":"https:\/\/www.suno.com.br\/noticias\/guedes-desoneracao-proposta\/#primaryimage"},"image":{"@id":"https:\/\/www.suno.com.br\/noticias\/guedes-desoneracao-proposta\/#primaryimage"},"thumbnailUrl":"https:\/\/files.sunoresearch.com.br\/n\/uploads\/2020\/07\/cac8aa90-c6627167cb550f53221a309dabffa2b9-jpg.webp","datePublished":"2020-07-30T19:43:59+00:00","description":"O secret\u00e1rio de Pol\u00edtica Econ\u00f4mica, Adolfo Sachsida, j\u00e1 criticou desonera\u00e7\u00e3o da folha, mas agora v\u00ea proposta diferente do governo.","breadcrumb":{"@id":"https:\/\/www.suno.com.br\/noticias\/guedes-desoneracao-proposta\/#breadcrumb"},"inLanguage":"pt-BR","potentialAction":[{"@type":"ReadAction","target":["https:\/\/www.suno.com.br\/noticias\/guedes-desoneracao-proposta\/"]}]},{"@type":"ImageObject","inLanguage":"pt-BR","@id":"https:\/\/www.suno.com.br\/noticias\/guedes-desoneracao-proposta\/#primaryimage","url":"https:\/\/files.sunoresearch.com.br\/n\/uploads\/2020\/07\/cac8aa90-c6627167cb550f53221a309dabffa2b9-jpg.webp","contentUrl":"https:\/\/files.sunoresearch.com.br\/n\/uploads\/2020\/07\/cac8aa90-c6627167cb550f53221a309dabffa2b9-jpg.webp","width":800,"height":347,"caption":"O secret\u00e1rio de Pol\u00edtica Econ\u00f4mica do Minist\u00e9rio da Economia, Adolfo Sachsida, que defende a desonera\u00e7\u00e3o"},{"@type":"BreadcrumbList","@id":"https:\/\/www.suno.com.br\/noticias\/guedes-desoneracao-proposta\/#breadcrumb","itemListElement":[{"@type":"ListItem","position":1,"name":"Not\u00edcias","item":"https:\/\/www.suno.com.br\/noticias\/"},{"@type":"ListItem","position":2,"name":"Economia","item":"https:\/\/www.suno.com.br\/noticias\/economia\/"},{"@type":"ListItem","position":3,"name":"Bra\u00e7o direito de Guedes criticou desonera\u00e7\u00e3o da folha, mas agora v\u00ea proposta diferente"}]},{"@type":"WebSite","@id":"https:\/\/www.suno.com.br\/noticias\/#website","url":"https:\/\/www.suno.com.br\/noticias\/","name":"Suno Not\u00edcias","description":"Seu portal de informa\u00e7\u00e3o sobre o mundo dos investimentos","publisher":{"@id":"https:\/\/www.suno.com.br\/noticias\/#organization"},"potentialAction":[{"@type":"SearchAction","target":{"@type":"EntryPoint","urlTemplate":"https:\/\/www.suno.com.br\/noticias\/?s={search_term_string}"},"query-input":{"@type":"PropertyValueSpecification","valueRequired":true,"valueName":"search_term_string"}}],"inLanguage":"pt-BR"},{"@type":"Organization","@id":"https:\/\/www.suno.com.br\/noticias\/#organization","name":"Suno Not\u00edcias","url":"https:\/\/www.suno.com.br\/noticias\/","logo":{"@type":"ImageObject","inLanguage":"pt-BR","@id":"https:\/\/www.suno.com.br\/noticias\/#\/schema\/logo\/image\/","url":"https:\/\/files.sunoresearch.com.br\/n\/uploads\/2021\/09\/suno-logo.png","contentUrl":"https:\/\/files.sunoresearch.com.br\/n\/uploads\/2021\/09\/suno-logo.png","width":180,"height":180,"caption":"Suno Not\u00edcias"},"image":{"@id":"https:\/\/www.suno.com.br\/noticias\/#\/schema\/logo\/image\/"},"sameAs":["https:\/\/facebook.com\/sunoresearch","https:\/\/x.com\/sunoresearch","https:\/\/www.instagram.com\/suno","https:\/\/www.linkedin.com\/company\/suno-research\/","https:\/\/www.youtube.com\/c\/sunoresearch"]},{"@type":"Person","@id":"https:\/\/www.suno.com.br\/noticias\/#\/schema\/person\/a20761b96e4df7eb57f1f9e41be1dbf3","name":"Vinicius Pereira","image":{"@type":"ImageObject","inLanguage":"pt-BR","@id":"https:\/\/www.suno.com.br\/noticias\/#\/schema\/person\/image\/","url":"https:\/\/secure.gravatar.com\/avatar\/783866b933198f5cc4c5d03fcc8b1301?s=96&r=g","contentUrl":"https:\/\/secure.gravatar.com\/avatar\/783866b933198f5cc4c5d03fcc8b1301?s=96&r=g","caption":"Vinicius Pereira"},"description":"Vinicius Pereira foi rep\u00f3rter de economia da Folha de S.Paulo, stringer do jornal no Canad\u00e1 e colaborador de VEJA. J\u00e1 escreveu tamb\u00e9m para BBC Brasil, The Intercept Brasil e UOL. Tem MBA em Informa\u00e7\u00f5es Econ\u00f4mico-Financeiras e Mercado de Capitais pela FIA\/B3.","sameAs":["https:\/\/x.com\/https:\/\/twitter.com\/viniciuspjornal"],"url":"https:\/\/www.suno.com.br\/noticias\/author\/vinicius-pereira\/"}]}},"default_loop_html":"<div class=\"cardsPage__listCard__boxs\"><div class=\"cardsPage__listCard__boxs__img\"><a href=\"https:\/\/www.suno.com.br\/noticias\/guedes-desoneracao-proposta\/\"><img class=\"mask\" src=\"https:\/\/www.suno.com.br\/noticias\/wp-content\/themes\/suno\/resources\/images\/spotlight\/spotlight1img\/bg-mask.png\" alt=\"Image Mask\"\/><img src=\"https:\/\/files.sunoresearch.com.br\/n\/uploads\/2020\/07\/cac8aa90-c6627167cb550f53221a309dabffa2b9-400x200.webp\" alt=\"Bra\u00e7o direito de Guedes criticou desonera\u00e7\u00e3o da folha, mas agora v\u00ea proposta diferente\"\/><\/a><span class=\"spotlightCategory\"><a href=\"https:\/\/www.suno.com.br\/noticias\/economia\/\">Economia<\/a><\/span><\/div><div class=\"cardsPage__listCard__boxs__content\"><a href=\"https:\/\/www.suno.com.br\/noticias\/guedes-desoneracao-proposta\/\"><h2 class=\"content__title\">Bra\u00e7o direito de Guedes criticou desonera\u00e7\u00e3o da folha, mas agora v\u00ea proposta diferente<\/h2><\/a><div class=\"newsContent__article__meta\"><div class=\"newsContent__article__meta__authorBox\"><a href=\"https:\/\/www.suno.com.br\/noticias\/author\/vinicius-pereira\/\" class=\"authorBox__avatar noMobi\"><img src=\"https:\/\/files.sunoresearch.com.br\/n\/uploads\/2020\/08\/77510613-whatsapp-image-2020-08-03-at-13.40.40-150x150.webp\" alt=\"Vinicius Pereira\"><\/a><div class=\"authorBox__name\"><span>por\n\t\t\t<a href=\"https:\/\/www.suno.com.br\/noticias\/author\/vinicius-pereira\/\"><span itemprop=\"author\">Vinicius Pereira<\/span><\/a><\/span><time datetime=\"2020-07-30T16:43:59-03:00\" itemprop=\"datePublished\">30\/07\/2020 16:43<\/time><\/div><\/div><\/div><\/div><\/div>","single_layout":"posts","amp_enabled":true,"_links":{"self":[{"href":"https:\/\/www.suno.com.br\/noticias\/wp-json\/wp\/v2\/posts\/75534"}],"collection":[{"href":"https:\/\/www.suno.com.br\/noticias\/wp-json\/wp\/v2\/posts"}],"about":[{"href":"https:\/\/www.suno.com.br\/noticias\/wp-json\/wp\/v2\/types\/post"}],"author":[{"embeddable":true,"href":"https:\/\/www.suno.com.br\/noticias\/wp-json\/wp\/v2\/users\/27"}],"replies":[{"embeddable":true,"href":"https:\/\/www.suno.com.br\/noticias\/wp-json\/wp\/v2\/comments?post=75534"}],"version-history":[{"count":0,"href":"https:\/\/www.suno.com.br\/noticias\/wp-json\/wp\/v2\/posts\/75534\/revisions"}],"wp:featuredmedia":[{"embeddable":true,"href":"https:\/\/www.suno.com.br\/noticias\/wp-json\/wp\/v2\/media\/75542"}],"wp:attachment":[{"href":"https:\/\/www.suno.com.br\/noticias\/wp-json\/wp\/v2\/media?parent=75534"}],"wp:term":[{"taxonomy":"category","embeddable":true,"href":"https:\/\/www.suno.com.br\/noticias\/wp-json\/wp\/v2\/categories?post=75534"},{"taxonomy":"post_tag","embeddable":true,"href":"https:\/\/www.suno.com.br\/noticias\/wp-json\/wp\/v2\/tags?post=75534"},{"taxonomy":"suno_strategy","embeddable":true,"href":"https:\/\/www.suno.com.br\/noticias\/wp-json\/wp\/v2\/suno_strategy?post=75534"}],"curies":[{"name":"wp","href":"https:\/\/api.w.org\/{rel}","templated":true}]}}