{"id":75502,"date":"2020-07-30T12:56:15","date_gmt":"2020-07-30T15:56:15","guid":{"rendered":"https:\/\/www.suno.com.br\/noticias\/?p=75502"},"modified":"2021-05-30T19:16:50","modified_gmt":"2021-05-30T22:16:50","slug":"bradesco-bbdc4-planeja-fechar-mais-de-400-agencias-neste-ano","status":"publish","type":"post","link":"https:\/\/www.suno.com.br\/noticias\/bradesco-bbdc4-planeja-fechar-mais-de-400-agencias-neste-ano\/","title":{"rendered":"Bradesco (BBDC4) planeja fechar mais de 400 ag\u00eancias neste ano"},"content":{"rendered":"<p>O presidente do <a href=\"https:\/\/www.suno.com.br\/acoes\/bbdc4\/\"><strong>Bradesco<\/strong> (BBDC4)<\/a>, Oct\u00e1vio de Lazari, afirmou nesta quinta-feira (30) que a pandemia do novo coronav\u00edrus (covid-19) refor\u00e7ou o processo de digitaliza\u00e7\u00e3o do banco. Com esse cen\u00e1rio, segundo Lazari, o fechamento de ag\u00eancias f\u00edsicas vai se intensificar.<\/p>\t<div class=\"wrapper-featured-image\">\n\t\t<figure class=\"spotlightImg\">\n\n\t\t\t<picture>\n\t\t\t\t<source media=\"(max-width: 768px)\" srcset=\"https:\/\/files.sunoresearch.com.br\/n\/uploads\/2019\/10\/5ca37c42-bradesco-400x200.webp\">\n\t\t\t\t<img loading=\"lazy\" decoding=\"async\" class=\"newsContent__article__imgCapa lazyloadDisabled newsContent__article__imgCapa--noCaption\" src=\"https:\/\/files.sunoresearch.com.br\/n\/uploads\/2019\/10\/5ca37c42-bradesco-800x450.webp\" width=\"800\" height=\"450\" alt=\"Bradesco (BBDC4) planeja fechar mais de 400 ag\u00eancias neste ano\" fetchpriority=high \/>\n\t\t\t<\/picture>\n\n\t\t\t<figcaption class=\"wp-caption-text wp-caption-text--hide\">Bradesco (BBDC4). Foto: divulga\u00e7\u00e3o<\/figcaption>\n\t\t<\/figure>\n\t<\/div>\n\n\n\n<p>A institui\u00e7\u00e3o financeira planeja encerrar a atividade de mais de 400 ag\u00eancias este ano. At\u00e9 o momento, nos \u00faltimos 12 meses, foram 414 locais fechados. &#8220;No processo de redu\u00e7\u00e3o de custos, o fechamento de ag\u00eancias f\u00edsicas \u00e9 um movimento que j\u00e1 vinha acontecendo e vai se intensificar. O gasto com seguran\u00e7a por ag\u00eancia \u00e9 de R$ 10 mil por m\u00eas&#8221;, disse o presidente do Bradesco.<\/p>\n<p>O n\u00famero de funcion\u00e1rios, no per\u00edodo de um ano, tamb\u00e9m encolheu, passou de 99.198 para 96.787, redu\u00e7\u00e3o de 2.411 pessoas. &#8220;Em redu\u00e7\u00e3o de quadro de funcion\u00e1rios, n\u00e3o temos planos. Tem um turnover natural, mas o compromisso de n\u00e3o demitir&#8221;, completou Lazarini.<\/p>\n<p><a href=\"https:\/\/lp.suno.com.br\/suno-one\/\">Suno One: acesse gratuitamente eBooks, Minicursos, Artigos e Video Aulas sobre investimentos com um \u00fanico cadastro. Clique para saber mais!<\/a><\/p>\n<h2>Bradesco: lucro l\u00edquido recorrente atinge R$ 3,8 bi no 2T20, queda de 40%<\/h2>\n<p>O Bradesco apresentou, na manh\u00e3 desta quinta-feira (30), um <a href=\"https:\/\/www.suno.com.br\/artigos\/lucro-liquido\/\">lucro l\u00edquido recorrente<\/a> de R$ 3,873 bilh\u00f5es referente ao segundo trimestre deste ano. Na compara\u00e7\u00e3o anualizada, o resultado \u00e9 equivalente a uma queda de 40,1%, quando, no segundo trimestre de 2019, o lucro foi de R$ 6,462 bilh\u00f5es.<\/p>\n<p>Por sua vez, o lucro l\u00edquido cont\u00e1bil, segundo o Bradesco, atingiu R$ 3,506 bilh\u00f5es, frente a R$ 6,042 bilh\u00f5es registrados no segundo trimestre de 2019 (-41,97%). A <a href=\"https:\/\/www.suno.com.br\/artigos\/indicadores-financeiros\/\">margem financeira<\/a> total, no entanto, cresceu 15,3% na mesma base comparativa, saindo de R$ 14,468 bilh\u00f5es para R$ 16,684 bilh\u00f5es.<\/p>\n<p>&#8220;O desempenho do resultado operacional, cuja evolu\u00e7\u00e3o de 5,7% foi impulsionada pelo maior resultado advindo das opera\u00e7\u00f5es de seguros, previd\u00eancia e capitaliza\u00e7\u00e3o, do excelente desempenho dos custos, com redu\u00e7\u00e3o de 2,5% frente ao trimestre anterior e do crescimento da margem financeira&#8221;, disse a dire\u00e7\u00e3o do banco no balan\u00e7o de resultados.<\/p>\n<p>O resultado financeiro foi influenciado por uma maior <a href=\"https:\/\/www.suno.com.br\/artigos\/provisao-para-devedores-duvidosos\/\">provis\u00f5es para devedores duvidosos (PDD)<\/a> expandida, que no segundo trimestre deste ano foi de R$ 8,890 bilh\u00f5es, 154,9% maior do que o reportado no mesmo per\u00edodo do ano passado.<\/p>\n<p><a href=\"https:\/\/www.suno.com.br\/noticias\/bradesco-bbdc4-lucro-liquido-2t20\/\">Saiba Mais: Bradesco (BBDC4): lucro l\u00edquido recorrente atinge R$ 3,8 bi no 2T20, queda de 40%<\/a><\/p>\n<p>Nesse sentido, as receitas com recupera\u00e7\u00f5es de cr\u00e9dito do <strong>Bradesco<\/strong> foram de R$ 1,104 bilh\u00e3o, baixa de 31,4% de ano para ano. Ainda foram registrados &#8216;descontos concedidos&#8217;, de R$ 777 milh\u00f5es, e R$ 472 milh\u00f5es em <em>impairment<\/em> de ativos financeiros, ou seja, a deteriora\u00e7\u00e3o dos mesmos no per\u00edodo.<\/p>\n\n","protected":false},"excerpt":{"rendered":"<p>O presidente do Bradesco (BBDC4), Oct\u00e1vio de Lazari, afirmou nesta quinta-feira (30) que a pandemia do novo coronav\u00edrus (covid-19) refor\u00e7ou o processo de digitaliza\u00e7\u00e3o do banco. Com esse cen\u00e1rio, segundo Lazari, o fechamento de ag\u00eancias f\u00edsicas vai se intensificar. Bradesco (BBDC4). Foto: divulga\u00e7\u00e3o A institui\u00e7\u00e3o financeira planeja encerrar a atividade de mais de 400 ag\u00eancias [&hellip;]<\/p>\n","protected":false},"author":15,"featured_media":40082,"comment_status":"closed","ping_status":"closed","sticky":false,"template":"","format":"standard","meta":[],"categories":[64],"tags":[2208,392],"suno_strategy":[],"class_list":["post-75502","post","type-post","status-publish","format-standard","has-post-thumbnail","hentry","category-negocios","tag-agencias-bancarias","tag-bradesco-bbdc3-bbdc4"],"yoast_head":"<!-- This site is optimized with the Yoast SEO plugin v24.4 - https:\/\/yoast.com\/wordpress\/plugins\/seo\/ -->\n<title>Bradesco (BBDC4) planeja fechar mais de 400 ag\u00eancias neste ano<\/title>\n<meta name=\"description\" content=\"O presidente do Bradesco (BBDC4) afirmou que a pandemia do novo coronav\u00edrus refor\u00e7ou o processo de digitaliza\u00e7\u00e3o do banco. Clique aqui\" \/>\n<meta name=\"robots\" content=\"index, follow, max-snippet:-1, max-image-preview:large, max-video-preview:-1\" \/>\n<link rel=\"canonical\" href=\"https:\/\/www.suno.com.br\/noticias\/bradesco-bbdc4-planeja-fechar-mais-de-400-agencias-neste-ano\/\" \/>\n<meta property=\"og:locale\" content=\"pt_BR\" \/>\n<meta property=\"og:type\" content=\"article\" \/>\n<meta property=\"og:title\" content=\"Bradesco (BBDC4) planeja fechar mais de 400 ag\u00eancias neste ano\" \/>\n<meta property=\"og:description\" content=\"O presidente do Bradesco (BBDC4) afirmou que a pandemia do novo coronav\u00edrus refor\u00e7ou o processo de digitaliza\u00e7\u00e3o do banco. Clique aqui\" \/>\n<meta property=\"og:url\" content=\"https:\/\/www.suno.com.br\/noticias\/bradesco-bbdc4-planeja-fechar-mais-de-400-agencias-neste-ano\/\" \/>\n<meta property=\"og:site_name\" content=\"Suno Not\u00edcias\" \/>\n<meta property=\"article:publisher\" content=\"https:\/\/facebook.com\/sunoresearch\" \/>\n<meta property=\"og:image\" content=\"https:\/\/files.sunoresearch.com.br\/n\/uploads\/2019\/10\/5ca37c42-bradesco.jpg\" \/>\n\t<meta property=\"og:image:width\" content=\"1400\" \/>\n\t<meta property=\"og:image:height\" content=\"894\" \/>\n\t<meta property=\"og:image:type\" content=\"image\/jpeg\" \/>\n<meta name=\"author\" content=\"Poliana Santos\" \/>\n<meta name=\"twitter:card\" content=\"summary_large_image\" \/>\n<meta name=\"twitter:creator\" content=\"@sunoresearch\" \/>\n<meta name=\"twitter:site\" content=\"@sunoresearch\" \/>\n<meta name=\"twitter:label1\" content=\"Escrito por\" \/>\n\t<meta name=\"twitter:data1\" content=\"Poliana Santos\" \/>\n\t<meta name=\"twitter:label2\" content=\"Est. tempo de leitura\" \/>\n\t<meta name=\"twitter:data2\" content=\"2 minutos\" \/>\n<script type=\"application\/ld+json\" class=\"yoast-schema-graph\">{\"@context\":\"https:\/\/schema.org\",\"@graph\":[{\"@type\":\"NewsArticle\",\"@id\":\"https:\/\/www.suno.com.br\/noticias\/bradesco-bbdc4-planeja-fechar-mais-de-400-agencias-neste-ano\/#article\",\"isPartOf\":{\"@id\":\"https:\/\/www.suno.com.br\/noticias\/bradesco-bbdc4-planeja-fechar-mais-de-400-agencias-neste-ano\/\"},\"author\":{\"name\":\"Poliana Santos\",\"@id\":\"https:\/\/www.suno.com.br\/noticias\/#\/schema\/person\/02ec1f752758247878a2bf4abee1aeda\"},\"headline\":\"Bradesco (BBDC4) planeja fechar mais de 400 ag\u00eancias neste ano\",\"datePublished\":\"2020-07-30T15:56:15+00:00\",\"dateModified\":\"2021-05-30T22:16:50+00:00\",\"mainEntityOfPage\":{\"@id\":\"https:\/\/www.suno.com.br\/noticias\/bradesco-bbdc4-planeja-fechar-mais-de-400-agencias-neste-ano\/\"},\"wordCount\":460,\"publisher\":{\"@id\":\"https:\/\/www.suno.com.br\/noticias\/#organization\"},\"image\":{\"@id\":\"https:\/\/www.suno.com.br\/noticias\/bradesco-bbdc4-planeja-fechar-mais-de-400-agencias-neste-ano\/#primaryimage\"},\"thumbnailUrl\":\"https:\/\/files.sunoresearch.com.br\/n\/uploads\/2019\/10\/5ca37c42-bradesco-jpg.webp\",\"keywords\":[\"ag\u00eancias banc\u00e1rias\",\"Bradesco (BBDC3\/BBDC4)\"],\"articleSection\":[\"Neg\u00f3cios\"],\"inLanguage\":\"pt-BR\"},{\"@type\":\"WebPage\",\"@id\":\"https:\/\/www.suno.com.br\/noticias\/bradesco-bbdc4-planeja-fechar-mais-de-400-agencias-neste-ano\/\",\"url\":\"https:\/\/www.suno.com.br\/noticias\/bradesco-bbdc4-planeja-fechar-mais-de-400-agencias-neste-ano\/\",\"name\":\"Bradesco (BBDC4) planeja fechar mais de 400 ag\u00eancias neste ano\",\"isPartOf\":{\"@id\":\"https:\/\/www.suno.com.br\/noticias\/#website\"},\"primaryImageOfPage\":{\"@id\":\"https:\/\/www.suno.com.br\/noticias\/bradesco-bbdc4-planeja-fechar-mais-de-400-agencias-neste-ano\/#primaryimage\"},\"image\":{\"@id\":\"https:\/\/www.suno.com.br\/noticias\/bradesco-bbdc4-planeja-fechar-mais-de-400-agencias-neste-ano\/#primaryimage\"},\"thumbnailUrl\":\"https:\/\/files.sunoresearch.com.br\/n\/uploads\/2019\/10\/5ca37c42-bradesco-jpg.webp\",\"datePublished\":\"2020-07-30T15:56:15+00:00\",\"dateModified\":\"2021-05-30T22:16:50+00:00\",\"description\":\"O presidente do Bradesco (BBDC4) afirmou que a pandemia do novo coronav\u00edrus refor\u00e7ou o processo de digitaliza\u00e7\u00e3o do banco. Clique aqui\",\"breadcrumb\":{\"@id\":\"https:\/\/www.suno.com.br\/noticias\/bradesco-bbdc4-planeja-fechar-mais-de-400-agencias-neste-ano\/#breadcrumb\"},\"inLanguage\":\"pt-BR\",\"potentialAction\":[{\"@type\":\"ReadAction\",\"target\":[\"https:\/\/www.suno.com.br\/noticias\/bradesco-bbdc4-planeja-fechar-mais-de-400-agencias-neste-ano\/\"]}]},{\"@type\":\"ImageObject\",\"inLanguage\":\"pt-BR\",\"@id\":\"https:\/\/www.suno.com.br\/noticias\/bradesco-bbdc4-planeja-fechar-mais-de-400-agencias-neste-ano\/#primaryimage\",\"url\":\"https:\/\/files.sunoresearch.com.br\/n\/uploads\/2019\/10\/5ca37c42-bradesco-jpg.webp\",\"contentUrl\":\"https:\/\/files.sunoresearch.com.br\/n\/uploads\/2019\/10\/5ca37c42-bradesco-jpg.webp\",\"width\":1400,\"height\":894,\"caption\":\"Bradesco (BBDC4). Foto: divulga\u00e7\u00e3o\"},{\"@type\":\"BreadcrumbList\",\"@id\":\"https:\/\/www.suno.com.br\/noticias\/bradesco-bbdc4-planeja-fechar-mais-de-400-agencias-neste-ano\/#breadcrumb\",\"itemListElement\":[{\"@type\":\"ListItem\",\"position\":1,\"name\":\"Not\u00edcias\",\"item\":\"https:\/\/www.suno.com.br\/noticias\/\"},{\"@type\":\"ListItem\",\"position\":2,\"name\":\"Neg\u00f3cios\",\"item\":\"https:\/\/www.suno.com.br\/noticias\/negocios\/\"},{\"@type\":\"ListItem\",\"position\":3,\"name\":\"Bradesco (BBDC4) planeja fechar mais de 400 ag\u00eancias neste ano\"}]},{\"@type\":\"WebSite\",\"@id\":\"https:\/\/www.suno.com.br\/noticias\/#website\",\"url\":\"https:\/\/www.suno.com.br\/noticias\/\",\"name\":\"Suno Not\u00edcias\",\"description\":\"Seu portal de informa\u00e7\u00e3o sobre o mundo dos investimentos\",\"publisher\":{\"@id\":\"https:\/\/www.suno.com.br\/noticias\/#organization\"},\"potentialAction\":[{\"@type\":\"SearchAction\",\"target\":{\"@type\":\"EntryPoint\",\"urlTemplate\":\"https:\/\/www.suno.com.br\/noticias\/?s={search_term_string}\"},\"query-input\":{\"@type\":\"PropertyValueSpecification\",\"valueRequired\":true,\"valueName\":\"search_term_string\"}}],\"inLanguage\":\"pt-BR\"},{\"@type\":\"Organization\",\"@id\":\"https:\/\/www.suno.com.br\/noticias\/#organization\",\"name\":\"Suno Not\u00edcias\",\"url\":\"https:\/\/www.suno.com.br\/noticias\/\",\"logo\":{\"@type\":\"ImageObject\",\"inLanguage\":\"pt-BR\",\"@id\":\"https:\/\/www.suno.com.br\/noticias\/#\/schema\/logo\/image\/\",\"url\":\"https:\/\/files.sunoresearch.com.br\/n\/uploads\/2021\/09\/suno-logo.png\",\"contentUrl\":\"https:\/\/files.sunoresearch.com.br\/n\/uploads\/2021\/09\/suno-logo.png\",\"width\":180,\"height\":180,\"caption\":\"Suno Not\u00edcias\"},\"image\":{\"@id\":\"https:\/\/www.suno.com.br\/noticias\/#\/schema\/logo\/image\/\"},\"sameAs\":[\"https:\/\/facebook.com\/sunoresearch\",\"https:\/\/x.com\/sunoresearch\",\"https:\/\/www.instagram.com\/suno\",\"https:\/\/www.linkedin.com\/company\/suno-research\/\",\"https:\/\/www.youtube.com\/c\/sunoresearch\"]},{\"@type\":\"Person\",\"@id\":\"https:\/\/www.suno.com.br\/noticias\/#\/schema\/person\/02ec1f752758247878a2bf4abee1aeda\",\"name\":\"Poliana Santos\",\"image\":{\"@type\":\"ImageObject\",\"inLanguage\":\"pt-BR\",\"@id\":\"https:\/\/www.suno.com.br\/noticias\/#\/schema\/person\/image\/\",\"url\":\"https:\/\/secure.gravatar.com\/avatar\/0645bd32f23d87b2130f2b2dff1d3f8d?s=96&r=g\",\"contentUrl\":\"https:\/\/secure.gravatar.com\/avatar\/0645bd32f23d87b2130f2b2dff1d3f8d?s=96&r=g\",\"caption\":\"Poliana Santos\"},\"description\":\"Rep\u00f3rter no Suno Not\u00edcias, com cobertura em mercado financeiro, economia, finan\u00e7as pessoais, renda fixa e varejo. Jornalista formada pela Faculdade C\u00e1sper L\u00edbero e possui passagem na R\u00e1dio Gazeta AM com a produ\u00e7\u00e3o de conte\u00fado sobre economia, pol\u00edtica, sa\u00fade, moda e m\u00fasica. Possui certificado de conclus\u00e3o do curso de An\u00e1lise de Balan\u00e7os pela Funda\u00e7\u00e3o Bradesco, Agenda Brasil pela FAAP, Educa\u00e7\u00e3o Pol\u00edtica por Alexandre Garcia e do Tesouro Direto e Mercado de A\u00e7\u00f5es pela B3.\",\"url\":\"https:\/\/www.suno.com.br\/noticias\/author\/poliana-santos\/\"}]}<\/script>\n<!-- \/ Yoast SEO plugin. -->","yoast_head_json":{"title":"Bradesco (BBDC4) planeja fechar mais de 400 ag\u00eancias neste ano","description":"O presidente do Bradesco (BBDC4) afirmou que a pandemia do novo coronav\u00edrus refor\u00e7ou o processo de digitaliza\u00e7\u00e3o do banco. Clique aqui","robots":{"index":"index","follow":"follow","max-snippet":"max-snippet:-1","max-image-preview":"max-image-preview:large","max-video-preview":"max-video-preview:-1"},"canonical":"https:\/\/www.suno.com.br\/noticias\/bradesco-bbdc4-planeja-fechar-mais-de-400-agencias-neste-ano\/","og_locale":"pt_BR","og_type":"article","og_title":"Bradesco (BBDC4) planeja fechar mais de 400 ag\u00eancias neste ano","og_description":"O presidente do Bradesco (BBDC4) afirmou que a pandemia do novo coronav\u00edrus refor\u00e7ou o processo de digitaliza\u00e7\u00e3o do banco. Clique aqui","og_url":"https:\/\/www.suno.com.br\/noticias\/bradesco-bbdc4-planeja-fechar-mais-de-400-agencias-neste-ano\/","og_site_name":"Suno Not\u00edcias","article_publisher":"https:\/\/facebook.com\/sunoresearch","og_image":[{"width":1400,"height":894,"url":"https:\/\/files.sunoresearch.com.br\/n\/uploads\/2019\/10\/5ca37c42-bradesco.jpg","type":"image\/jpeg"}],"author":"Poliana Santos","twitter_card":"summary_large_image","twitter_creator":"@sunoresearch","twitter_site":"@sunoresearch","twitter_misc":{"Escrito por":"Poliana Santos","Est. tempo de leitura":"2 minutos"},"schema":{"@context":"https:\/\/schema.org","@graph":[{"@type":"NewsArticle","@id":"https:\/\/www.suno.com.br\/noticias\/bradesco-bbdc4-planeja-fechar-mais-de-400-agencias-neste-ano\/#article","isPartOf":{"@id":"https:\/\/www.suno.com.br\/noticias\/bradesco-bbdc4-planeja-fechar-mais-de-400-agencias-neste-ano\/"},"author":{"name":"Poliana Santos","@id":"https:\/\/www.suno.com.br\/noticias\/#\/schema\/person\/02ec1f752758247878a2bf4abee1aeda"},"headline":"Bradesco (BBDC4) planeja fechar mais de 400 ag\u00eancias neste ano","datePublished":"2020-07-30T15:56:15+00:00","dateModified":"2021-05-30T22:16:50+00:00","mainEntityOfPage":{"@id":"https:\/\/www.suno.com.br\/noticias\/bradesco-bbdc4-planeja-fechar-mais-de-400-agencias-neste-ano\/"},"wordCount":460,"publisher":{"@id":"https:\/\/www.suno.com.br\/noticias\/#organization"},"image":{"@id":"https:\/\/www.suno.com.br\/noticias\/bradesco-bbdc4-planeja-fechar-mais-de-400-agencias-neste-ano\/#primaryimage"},"thumbnailUrl":"https:\/\/files.sunoresearch.com.br\/n\/uploads\/2019\/10\/5ca37c42-bradesco-jpg.webp","keywords":["ag\u00eancias banc\u00e1rias","Bradesco (BBDC3\/BBDC4)"],"articleSection":["Neg\u00f3cios"],"inLanguage":"pt-BR"},{"@type":"WebPage","@id":"https:\/\/www.suno.com.br\/noticias\/bradesco-bbdc4-planeja-fechar-mais-de-400-agencias-neste-ano\/","url":"https:\/\/www.suno.com.br\/noticias\/bradesco-bbdc4-planeja-fechar-mais-de-400-agencias-neste-ano\/","name":"Bradesco (BBDC4) planeja fechar mais de 400 ag\u00eancias neste ano","isPartOf":{"@id":"https:\/\/www.suno.com.br\/noticias\/#website"},"primaryImageOfPage":{"@id":"https:\/\/www.suno.com.br\/noticias\/bradesco-bbdc4-planeja-fechar-mais-de-400-agencias-neste-ano\/#primaryimage"},"image":{"@id":"https:\/\/www.suno.com.br\/noticias\/bradesco-bbdc4-planeja-fechar-mais-de-400-agencias-neste-ano\/#primaryimage"},"thumbnailUrl":"https:\/\/files.sunoresearch.com.br\/n\/uploads\/2019\/10\/5ca37c42-bradesco-jpg.webp","datePublished":"2020-07-30T15:56:15+00:00","dateModified":"2021-05-30T22:16:50+00:00","description":"O presidente do Bradesco (BBDC4) afirmou que a pandemia do novo coronav\u00edrus refor\u00e7ou o processo de digitaliza\u00e7\u00e3o do banco. Clique aqui","breadcrumb":{"@id":"https:\/\/www.suno.com.br\/noticias\/bradesco-bbdc4-planeja-fechar-mais-de-400-agencias-neste-ano\/#breadcrumb"},"inLanguage":"pt-BR","potentialAction":[{"@type":"ReadAction","target":["https:\/\/www.suno.com.br\/noticias\/bradesco-bbdc4-planeja-fechar-mais-de-400-agencias-neste-ano\/"]}]},{"@type":"ImageObject","inLanguage":"pt-BR","@id":"https:\/\/www.suno.com.br\/noticias\/bradesco-bbdc4-planeja-fechar-mais-de-400-agencias-neste-ano\/#primaryimage","url":"https:\/\/files.sunoresearch.com.br\/n\/uploads\/2019\/10\/5ca37c42-bradesco-jpg.webp","contentUrl":"https:\/\/files.sunoresearch.com.br\/n\/uploads\/2019\/10\/5ca37c42-bradesco-jpg.webp","width":1400,"height":894,"caption":"Bradesco (BBDC4). Foto: divulga\u00e7\u00e3o"},{"@type":"BreadcrumbList","@id":"https:\/\/www.suno.com.br\/noticias\/bradesco-bbdc4-planeja-fechar-mais-de-400-agencias-neste-ano\/#breadcrumb","itemListElement":[{"@type":"ListItem","position":1,"name":"Not\u00edcias","item":"https:\/\/www.suno.com.br\/noticias\/"},{"@type":"ListItem","position":2,"name":"Neg\u00f3cios","item":"https:\/\/www.suno.com.br\/noticias\/negocios\/"},{"@type":"ListItem","position":3,"name":"Bradesco (BBDC4) planeja fechar mais de 400 ag\u00eancias neste ano"}]},{"@type":"WebSite","@id":"https:\/\/www.suno.com.br\/noticias\/#website","url":"https:\/\/www.suno.com.br\/noticias\/","name":"Suno Not\u00edcias","description":"Seu portal de informa\u00e7\u00e3o sobre o mundo dos investimentos","publisher":{"@id":"https:\/\/www.suno.com.br\/noticias\/#organization"},"potentialAction":[{"@type":"SearchAction","target":{"@type":"EntryPoint","urlTemplate":"https:\/\/www.suno.com.br\/noticias\/?s={search_term_string}"},"query-input":{"@type":"PropertyValueSpecification","valueRequired":true,"valueName":"search_term_string"}}],"inLanguage":"pt-BR"},{"@type":"Organization","@id":"https:\/\/www.suno.com.br\/noticias\/#organization","name":"Suno Not\u00edcias","url":"https:\/\/www.suno.com.br\/noticias\/","logo":{"@type":"ImageObject","inLanguage":"pt-BR","@id":"https:\/\/www.suno.com.br\/noticias\/#\/schema\/logo\/image\/","url":"https:\/\/files.sunoresearch.com.br\/n\/uploads\/2021\/09\/suno-logo.png","contentUrl":"https:\/\/files.sunoresearch.com.br\/n\/uploads\/2021\/09\/suno-logo.png","width":180,"height":180,"caption":"Suno Not\u00edcias"},"image":{"@id":"https:\/\/www.suno.com.br\/noticias\/#\/schema\/logo\/image\/"},"sameAs":["https:\/\/facebook.com\/sunoresearch","https:\/\/x.com\/sunoresearch","https:\/\/www.instagram.com\/suno","https:\/\/www.linkedin.com\/company\/suno-research\/","https:\/\/www.youtube.com\/c\/sunoresearch"]},{"@type":"Person","@id":"https:\/\/www.suno.com.br\/noticias\/#\/schema\/person\/02ec1f752758247878a2bf4abee1aeda","name":"Poliana Santos","image":{"@type":"ImageObject","inLanguage":"pt-BR","@id":"https:\/\/www.suno.com.br\/noticias\/#\/schema\/person\/image\/","url":"https:\/\/secure.gravatar.com\/avatar\/0645bd32f23d87b2130f2b2dff1d3f8d?s=96&r=g","contentUrl":"https:\/\/secure.gravatar.com\/avatar\/0645bd32f23d87b2130f2b2dff1d3f8d?s=96&r=g","caption":"Poliana Santos"},"description":"Rep\u00f3rter no Suno Not\u00edcias, com cobertura em mercado financeiro, economia, finan\u00e7as pessoais, renda fixa e varejo. Jornalista formada pela Faculdade C\u00e1sper L\u00edbero e possui passagem na R\u00e1dio Gazeta AM com a produ\u00e7\u00e3o de conte\u00fado sobre economia, pol\u00edtica, sa\u00fade, moda e m\u00fasica. Possui certificado de conclus\u00e3o do curso de An\u00e1lise de Balan\u00e7os pela Funda\u00e7\u00e3o Bradesco, Agenda Brasil pela FAAP, Educa\u00e7\u00e3o Pol\u00edtica por Alexandre Garcia e do Tesouro Direto e Mercado de A\u00e7\u00f5es pela B3.","url":"https:\/\/www.suno.com.br\/noticias\/author\/poliana-santos\/"}]}},"default_loop_html":"<div class=\"cardsPage__listCard__boxs\"><div class=\"cardsPage__listCard__boxs__img\"><a href=\"https:\/\/www.suno.com.br\/noticias\/bradesco-bbdc4-planeja-fechar-mais-de-400-agencias-neste-ano\/\"><img class=\"mask\" src=\"https:\/\/www.suno.com.br\/noticias\/wp-content\/themes\/suno\/resources\/images\/spotlight\/spotlight1img\/bg-mask.png\" alt=\"Image Mask\"\/><img src=\"https:\/\/files.sunoresearch.com.br\/n\/uploads\/2019\/10\/5ca37c42-bradesco-400x200.webp\" alt=\"Bradesco (BBDC4) planeja fechar mais de 400 ag\u00eancias neste ano\"\/><\/a><span class=\"spotlightCategory\"><a href=\"https:\/\/www.suno.com.br\/noticias\/negocios\/\">Neg\u00f3cios<\/a><\/span><\/div><div class=\"cardsPage__listCard__boxs__content\"><a href=\"https:\/\/www.suno.com.br\/noticias\/bradesco-bbdc4-planeja-fechar-mais-de-400-agencias-neste-ano\/\"><h2 class=\"content__title\">Bradesco (BBDC4) planeja fechar mais de 400 ag\u00eancias neste ano<\/h2><\/a><div class=\"newsContent__article__meta\"><div class=\"newsContent__article__meta__authorBox\"><a href=\"https:\/\/www.suno.com.br\/noticias\/author\/poliana-santos\/\" class=\"authorBox__avatar noMobi\"><img src=\"https:\/\/files.sunoresearch.com.br\/n\/uploads\/2020\/08\/7ef34026-whatsapp-image-2020-08-03-at-12.37.57-150x150.webp\" alt=\"Poliana Santos\"><\/a><div class=\"authorBox__name\"><span>por\n\t\t\t<a href=\"https:\/\/www.suno.com.br\/noticias\/author\/poliana-santos\/\"><span itemprop=\"author\">Poliana Santos<\/span><\/a><\/span><time datetime=\"2020-07-30T12:56:15-03:00\" itemprop=\"datePublished\">30\/07\/2020 12:56<\/time><\/div><\/div><\/div><\/div><\/div>","single_layout":"posts","amp_enabled":true,"_links":{"self":[{"href":"https:\/\/www.suno.com.br\/noticias\/wp-json\/wp\/v2\/posts\/75502"}],"collection":[{"href":"https:\/\/www.suno.com.br\/noticias\/wp-json\/wp\/v2\/posts"}],"about":[{"href":"https:\/\/www.suno.com.br\/noticias\/wp-json\/wp\/v2\/types\/post"}],"author":[{"embeddable":true,"href":"https:\/\/www.suno.com.br\/noticias\/wp-json\/wp\/v2\/users\/15"}],"replies":[{"embeddable":true,"href":"https:\/\/www.suno.com.br\/noticias\/wp-json\/wp\/v2\/comments?post=75502"}],"version-history":[{"count":1,"href":"https:\/\/www.suno.com.br\/noticias\/wp-json\/wp\/v2\/posts\/75502\/revisions"}],"predecessor-version":[{"id":152496,"href":"https:\/\/www.suno.com.br\/noticias\/wp-json\/wp\/v2\/posts\/75502\/revisions\/152496"}],"wp:featuredmedia":[{"embeddable":true,"href":"https:\/\/www.suno.com.br\/noticias\/wp-json\/wp\/v2\/media\/40082"}],"wp:attachment":[{"href":"https:\/\/www.suno.com.br\/noticias\/wp-json\/wp\/v2\/media?parent=75502"}],"wp:term":[{"taxonomy":"category","embeddable":true,"href":"https:\/\/www.suno.com.br\/noticias\/wp-json\/wp\/v2\/categories?post=75502"},{"taxonomy":"post_tag","embeddable":true,"href":"https:\/\/www.suno.com.br\/noticias\/wp-json\/wp\/v2\/tags?post=75502"},{"taxonomy":"suno_strategy","embeddable":true,"href":"https:\/\/www.suno.com.br\/noticias\/wp-json\/wp\/v2\/suno_strategy?post=75502"}],"curies":[{"name":"wp","href":"https:\/\/api.w.org\/{rel}","templated":true}]}}