{"id":75350,"date":"2020-07-29T19:20:06","date_gmt":"2020-07-29T22:20:06","guid":{"rendered":"https:\/\/www.suno.com.br\/noticias\/?p=75350"},"modified":"2021-06-01T20:25:45","modified_gmt":"2021-06-01T23:25:45","slug":"ceos-big-techs-depoem-congresso-eua","status":"publish","type":"post","link":"https:\/\/www.suno.com.br\/noticias\/ceos-big-techs-depoem-congresso-eua\/","title":{"rendered":"CEOs das &#8216;Big Techs&#8217; dep\u00f5em no Congresso dos EUA"},"content":{"rendered":"<p>Os CEOs das quatro principais empresas de tecnologia norte-americanas, Apple, Amazon, Facebook e Google, depuseram nesta quarta-feira (29) diante do Subcomit\u00ea Antitruste da C\u00e2mara dos Deputados dos Estados Unidos em raz\u00e3o das acusa\u00e7\u00f5es que as <strong>Big Techs<\/strong> vem sofrendo.<\/p>\t<div class=\"wrapper-featured-image\">\n\t\t<figure class=\"spotlightImg\">\n\n\t\t\t<picture>\n\t\t\t\t<source media=\"(max-width: 768px)\" srcset=\"https:\/\/files.sunoresearch.com.br\/n\/uploads\/2019\/07\/e09bc010-facebook-400x200.webp\">\n\t\t\t\t<img loading=\"lazy\" decoding=\"async\" class=\"newsContent__article__imgCapa lazyloadDisabled newsContent__article__imgCapa--noCaption\" src=\"https:\/\/files.sunoresearch.com.br\/n\/uploads\/2019\/07\/e09bc010-facebook-800x450.webp\" width=\"800\" height=\"450\" alt=\"CEOs das &#8216;Big Techs&#8217; dep\u00f5em no Congresso dos EUA\" fetchpriority=high \/>\n\t\t\t<\/picture>\n\n\t\t\t<figcaption class=\"wp-caption-text wp-caption-text--hide\">CEOs das &#039;Big Techs&#039; dep\u00f5em no Congresso dos EUA<\/figcaption>\n\t\t<\/figure>\n\t<\/div>\n\n\n\n<p>Na abertura da audi\u00eancia, o presidente do Comit\u00ea de Justi\u00e7a da C\u00e2mara, o democrata Jerrold Nadler, questionou o dom\u00ednio das companhias sobre o mercado. Apesar disso, o parlamentar afirmou n\u00e3o ver a necessidade de o Congresso aprovar leis para regular a influ\u00eancia das Big Techs. Em pronunciamentos iniciais, todos os executivos exaltaram as contribui\u00e7\u00f5es de suas empresas ao pa\u00eds.<\/p>\n<h2>Veja o que disseram os CEOs das Big Techs<\/h2>\n<p>O diretor executivo da <strong>Amazon<\/strong>, <a href=\"https:\/\/www.suno.com.br\/tudo-sobre\/jeff-bezos\/\">Jeff Bezos<\/a>, citou a obsess\u00e3o de sua administra\u00e7\u00e3o em satisfazer os consumidores. O CEO ainda ressaltou o apoio concedido a parceiros que utilizam sua plataforma para vender os produtos, o que corresponde a 60% das vendas atualmente.<\/p>\n<p>O homem mais rico do mundo disse que esse n\u00famero representa um sucesso para as pequenas empresas, embora tamb\u00e9m gere grandes receitas para a Amazon. O executivo ainda destacou os investimentos da varejista para a gera\u00e7\u00e3o de empregos nos Estados Unidos.<\/p>\n<p><a href=\"https:\/\/www.suno.com.br\/tudo-sobre\/sundar-pichai\/\">Sundar Pichai<\/a>, o CEO da <strong>Alphabet<\/strong>, holding dona do Google, argumentou que a discuss\u00e3o sobre concorr\u00eancia no Congresso norte-americano se trata, na realidade, de um debate sobre oportunidade. Como imigrante vindo da \u00cdndia, o executivo salientou que sem a longa tradi\u00e7\u00e3o americana de inova\u00e7\u00e3o, o trabalho de sua empresa n\u00e3o seria poss\u00edvel.<\/p>\n<p>O Google possui cerca de 75 mil funcion\u00e1rios nos Estados Unidos e investiu quase US$ 20 bilh\u00f5es (equivalente a R$ 103,4 bilh\u00f5es) no pa\u00eds no ano de 2018, ressaltou Pichai. O CEO ainda informou que a sua companhia esteve no top 5 de investimentos nos \u00faltimos tr\u00eas anos.<\/p>\n<p>O deputado democrata David Cicilline, presidente do subcomit\u00ea, questionou o monop\u00f3lio do Google como ferramenta de buscas na internet. \u201cQuando o Google tornou-se a porta de entrada da internet, come\u00e7ou a abusar de seu poder\u201d, afirmou. O executivo, por sua vez, se limitou a a responder que est\u00e1 realmente focado em oferecer aos usu\u00e1rios &#8220;o que eles querem\u201d.<\/p>\n<p>O CEO do Facebook, <a href=\"https:\/\/www.suno.com.br\/tudo-sobre\/mark-zuckerberg\/\">Mark Zuckerberg<\/a>, alegou que o que seria bom para a sua companhia seria bom para os Estados Unidos. A empresa consegue investir em modera\u00e7\u00e3o de conte\u00fado, em ferramentas que ajudam a reduzir as dificuldades provocadas pela pandemia.<\/p>\n<p>J\u00e1 o diretor executivo da Apple, <a href=\"https:\/\/www.suno.com.br\/tudo-sobre\/tim-cook\/\">Tim Cook<\/a>, defendeu a sua plataforma de venda de aplicativos para os dispositivos m\u00f3veis App Store. O CEO ainda se antecipou a uma poss\u00edvel quest\u00e3o sobre o dom\u00ednio da <strong>Big Tech<\/strong> no setor e afirmou que n\u00e3o possui uma fatia majorit\u00e1ria de nenhum mercado em que concorre.<\/p>\n\n","protected":false},"excerpt":{"rendered":"<p>Os CEOs das quatro principais empresas de tecnologia norte-americanas, Apple, Amazon, Facebook e Google, depuseram nesta quarta-feira (29) diante do Subcomit\u00ea Antitruste da C\u00e2mara dos Deputados dos Estados Unidos em raz\u00e3o das acusa\u00e7\u00f5es que as Big Techs vem sofrendo. CEOs das &#039;Big Techs&#039; dep\u00f5em no Congresso dos EUA Na abertura da audi\u00eancia, o presidente do [&hellip;]<\/p>\n","protected":false},"author":35,"featured_media":30687,"comment_status":"closed","ping_status":"closed","sticky":false,"template":"","format":"standard","meta":[],"categories":[63],"tags":[1372,694,794,733,701,695,1239,2293,1424],"suno_strategy":[],"class_list":["post-75350","post","type-post","status-publish","format-standard","has-post-thumbnail","hentry","category-internacional","tag-alphabet-gogl34-gogl35","tag-amazon-amzo34","tag-apple-aapl34","tag-facebook-fbok34","tag-google","tag-jeff-bezos","tag-mark-zuckerberg","tag-sundar-pichai","tag-tim-cook"],"yoast_head":"<!-- This site is optimized with the Yoast SEO plugin v24.4 - https:\/\/yoast.com\/wordpress\/plugins\/seo\/ -->\n<title>CEOs das &#039;Big Techs&#039; dep\u00f5em no Congresso dos EUA<\/title>\n<meta name=\"description\" content=\"Os executivos da Big Techs -- Amazon, Apple, Google e Facebook -- respodenram de acusa\u00e7\u00f5es no Congresso dos EUA. Clique para saber mais\" \/>\n<meta name=\"robots\" content=\"index, follow, max-snippet:-1, max-image-preview:large, max-video-preview:-1\" \/>\n<link rel=\"canonical\" href=\"https:\/\/www.suno.com.br\/noticias\/ceos-big-techs-depoem-congresso-eua\/\" \/>\n<meta property=\"og:locale\" content=\"pt_BR\" \/>\n<meta property=\"og:type\" content=\"article\" \/>\n<meta property=\"og:title\" content=\"CEOs das &#039;Big Techs&#039; dep\u00f5em no Congresso dos EUA\" \/>\n<meta property=\"og:description\" content=\"Os executivos da Big Techs -- Amazon, Apple, Google e Facebook -- respodenram de acusa\u00e7\u00f5es no Congresso dos EUA. Clique para saber mais\" \/>\n<meta property=\"og:url\" content=\"https:\/\/www.suno.com.br\/noticias\/ceos-big-techs-depoem-congresso-eua\/\" \/>\n<meta property=\"og:site_name\" content=\"Suno Not\u00edcias\" \/>\n<meta property=\"article:publisher\" content=\"https:\/\/facebook.com\/sunoresearch\" \/>\n<meta property=\"og:image\" content=\"https:\/\/files.sunoresearch.com.br\/n\/uploads\/2019\/07\/e09bc010-facebook.jpeg\" \/>\n\t<meta property=\"og:image:width\" content=\"1280\" \/>\n\t<meta property=\"og:image:height\" content=\"1280\" \/>\n\t<meta property=\"og:image:type\" content=\"image\/jpeg\" \/>\n<meta name=\"author\" content=\"Arthur Guimar\u00e3es\" \/>\n<meta name=\"twitter:card\" content=\"summary_large_image\" \/>\n<meta name=\"twitter:creator\" content=\"@sunoresearch\" \/>\n<meta name=\"twitter:site\" content=\"@sunoresearch\" \/>\n<meta name=\"twitter:label1\" content=\"Escrito por\" \/>\n\t<meta name=\"twitter:data1\" content=\"Arthur Guimar\u00e3es\" \/>\n\t<meta name=\"twitter:label2\" content=\"Est. tempo de leitura\" \/>\n\t<meta name=\"twitter:data2\" content=\"2 minutos\" \/>\n<script type=\"application\/ld+json\" class=\"yoast-schema-graph\">{\"@context\":\"https:\/\/schema.org\",\"@graph\":[{\"@type\":\"NewsArticle\",\"@id\":\"https:\/\/www.suno.com.br\/noticias\/ceos-big-techs-depoem-congresso-eua\/#article\",\"isPartOf\":{\"@id\":\"https:\/\/www.suno.com.br\/noticias\/ceos-big-techs-depoem-congresso-eua\/\"},\"author\":{\"name\":\"Arthur Guimar\u00e3es\",\"@id\":\"https:\/\/www.suno.com.br\/noticias\/#\/schema\/person\/053a750a709a263919a20f976caae91c\"},\"headline\":\"CEOs das &#8216;Big Techs&#8217; dep\u00f5em no Congresso dos EUA\",\"datePublished\":\"2020-07-29T22:20:06+00:00\",\"dateModified\":\"2021-06-01T23:25:45+00:00\",\"mainEntityOfPage\":{\"@id\":\"https:\/\/www.suno.com.br\/noticias\/ceos-big-techs-depoem-congresso-eua\/\"},\"wordCount\":491,\"publisher\":{\"@id\":\"https:\/\/www.suno.com.br\/noticias\/#organization\"},\"image\":{\"@id\":\"https:\/\/www.suno.com.br\/noticias\/ceos-big-techs-depoem-congresso-eua\/#primaryimage\"},\"thumbnailUrl\":\"https:\/\/files.sunoresearch.com.br\/n\/uploads\/2019\/07\/e09bc010-facebook-jpeg.webp\",\"keywords\":[\"Alphabet (GOGL34\/GOGL35)\",\"Amazon (AMZO34)\",\"Apple (AAPL34)\",\"Facebook (FBOK34)\",\"Google\",\"Jeff Bezos\",\"Mark Zuckerberg\",\"Sundar Pichai\",\"Tim Cook\"],\"articleSection\":[\"Internacional\"],\"inLanguage\":\"pt-BR\"},{\"@type\":\"WebPage\",\"@id\":\"https:\/\/www.suno.com.br\/noticias\/ceos-big-techs-depoem-congresso-eua\/\",\"url\":\"https:\/\/www.suno.com.br\/noticias\/ceos-big-techs-depoem-congresso-eua\/\",\"name\":\"CEOs das 'Big Techs' dep\u00f5em no Congresso dos EUA\",\"isPartOf\":{\"@id\":\"https:\/\/www.suno.com.br\/noticias\/#website\"},\"primaryImageOfPage\":{\"@id\":\"https:\/\/www.suno.com.br\/noticias\/ceos-big-techs-depoem-congresso-eua\/#primaryimage\"},\"image\":{\"@id\":\"https:\/\/www.suno.com.br\/noticias\/ceos-big-techs-depoem-congresso-eua\/#primaryimage\"},\"thumbnailUrl\":\"https:\/\/files.sunoresearch.com.br\/n\/uploads\/2019\/07\/e09bc010-facebook-jpeg.webp\",\"datePublished\":\"2020-07-29T22:20:06+00:00\",\"dateModified\":\"2021-06-01T23:25:45+00:00\",\"description\":\"Os executivos da Big Techs -- Amazon, Apple, Google e Facebook -- respodenram de acusa\u00e7\u00f5es no Congresso dos EUA. Clique para saber mais\",\"breadcrumb\":{\"@id\":\"https:\/\/www.suno.com.br\/noticias\/ceos-big-techs-depoem-congresso-eua\/#breadcrumb\"},\"inLanguage\":\"pt-BR\",\"potentialAction\":[{\"@type\":\"ReadAction\",\"target\":[\"https:\/\/www.suno.com.br\/noticias\/ceos-big-techs-depoem-congresso-eua\/\"]}]},{\"@type\":\"ImageObject\",\"inLanguage\":\"pt-BR\",\"@id\":\"https:\/\/www.suno.com.br\/noticias\/ceos-big-techs-depoem-congresso-eua\/#primaryimage\",\"url\":\"https:\/\/files.sunoresearch.com.br\/n\/uploads\/2019\/07\/e09bc010-facebook-jpeg.webp\",\"contentUrl\":\"https:\/\/files.sunoresearch.com.br\/n\/uploads\/2019\/07\/e09bc010-facebook-jpeg.webp\",\"width\":1280,\"height\":1280,\"caption\":\"CEOs das 'Big Techs' dep\u00f5em no Congresso dos EUA\"},{\"@type\":\"BreadcrumbList\",\"@id\":\"https:\/\/www.suno.com.br\/noticias\/ceos-big-techs-depoem-congresso-eua\/#breadcrumb\",\"itemListElement\":[{\"@type\":\"ListItem\",\"position\":1,\"name\":\"Not\u00edcias\",\"item\":\"https:\/\/www.suno.com.br\/noticias\/\"},{\"@type\":\"ListItem\",\"position\":2,\"name\":\"Internacional\",\"item\":\"https:\/\/www.suno.com.br\/noticias\/internacional\/\"},{\"@type\":\"ListItem\",\"position\":3,\"name\":\"CEOs das &#8216;Big Techs&#8217; dep\u00f5em no Congresso dos EUA\"}]},{\"@type\":\"WebSite\",\"@id\":\"https:\/\/www.suno.com.br\/noticias\/#website\",\"url\":\"https:\/\/www.suno.com.br\/noticias\/\",\"name\":\"Suno Not\u00edcias\",\"description\":\"Seu portal de informa\u00e7\u00e3o sobre o mundo dos investimentos\",\"publisher\":{\"@id\":\"https:\/\/www.suno.com.br\/noticias\/#organization\"},\"potentialAction\":[{\"@type\":\"SearchAction\",\"target\":{\"@type\":\"EntryPoint\",\"urlTemplate\":\"https:\/\/www.suno.com.br\/noticias\/?s={search_term_string}\"},\"query-input\":{\"@type\":\"PropertyValueSpecification\",\"valueRequired\":true,\"valueName\":\"search_term_string\"}}],\"inLanguage\":\"pt-BR\"},{\"@type\":\"Organization\",\"@id\":\"https:\/\/www.suno.com.br\/noticias\/#organization\",\"name\":\"Suno Not\u00edcias\",\"url\":\"https:\/\/www.suno.com.br\/noticias\/\",\"logo\":{\"@type\":\"ImageObject\",\"inLanguage\":\"pt-BR\",\"@id\":\"https:\/\/www.suno.com.br\/noticias\/#\/schema\/logo\/image\/\",\"url\":\"https:\/\/files.sunoresearch.com.br\/n\/uploads\/2021\/09\/suno-logo.png\",\"contentUrl\":\"https:\/\/files.sunoresearch.com.br\/n\/uploads\/2021\/09\/suno-logo.png\",\"width\":180,\"height\":180,\"caption\":\"Suno Not\u00edcias\"},\"image\":{\"@id\":\"https:\/\/www.suno.com.br\/noticias\/#\/schema\/logo\/image\/\"},\"sameAs\":[\"https:\/\/facebook.com\/sunoresearch\",\"https:\/\/x.com\/sunoresearch\",\"https:\/\/www.instagram.com\/suno\",\"https:\/\/www.linkedin.com\/company\/suno-research\/\",\"https:\/\/www.youtube.com\/c\/sunoresearch\"]},{\"@type\":\"Person\",\"@id\":\"https:\/\/www.suno.com.br\/noticias\/#\/schema\/person\/053a750a709a263919a20f976caae91c\",\"name\":\"Arthur Guimar\u00e3es\",\"image\":{\"@type\":\"ImageObject\",\"inLanguage\":\"pt-BR\",\"@id\":\"https:\/\/www.suno.com.br\/noticias\/#\/schema\/person\/image\/\",\"url\":\"https:\/\/secure.gravatar.com\/avatar\/1affd86a11209ae09eb6dd3bcad3e96c?s=96&r=g\",\"contentUrl\":\"https:\/\/secure.gravatar.com\/avatar\/1affd86a11209ae09eb6dd3bcad3e96c?s=96&r=g\",\"caption\":\"Arthur Guimar\u00e3es\"},\"description\":\"Arthur Guimar\u00e3es escreve sobre pol\u00edtica, economia e neg\u00f3cios para o portal de not\u00edcias da Suno Research. Atualmente, \u00e9 estudante de jornalismo pela Faculdade C\u00e1sper L\u00edbero.\",\"url\":\"https:\/\/www.suno.com.br\/noticias\/author\/arthur-guimaraes\/\"}]}<\/script>\n<!-- \/ Yoast SEO plugin. -->","yoast_head_json":{"title":"CEOs das 'Big Techs' dep\u00f5em no Congresso dos EUA","description":"Os executivos da Big Techs -- Amazon, Apple, Google e Facebook -- respodenram de acusa\u00e7\u00f5es no Congresso dos EUA. Clique para saber mais","robots":{"index":"index","follow":"follow","max-snippet":"max-snippet:-1","max-image-preview":"max-image-preview:large","max-video-preview":"max-video-preview:-1"},"canonical":"https:\/\/www.suno.com.br\/noticias\/ceos-big-techs-depoem-congresso-eua\/","og_locale":"pt_BR","og_type":"article","og_title":"CEOs das 'Big Techs' dep\u00f5em no Congresso dos EUA","og_description":"Os executivos da Big Techs -- Amazon, Apple, Google e Facebook -- respodenram de acusa\u00e7\u00f5es no Congresso dos EUA. Clique para saber mais","og_url":"https:\/\/www.suno.com.br\/noticias\/ceos-big-techs-depoem-congresso-eua\/","og_site_name":"Suno Not\u00edcias","article_publisher":"https:\/\/facebook.com\/sunoresearch","og_image":[{"width":1280,"height":1280,"url":"https:\/\/files.sunoresearch.com.br\/n\/uploads\/2019\/07\/e09bc010-facebook.jpeg","type":"image\/jpeg"}],"author":"Arthur Guimar\u00e3es","twitter_card":"summary_large_image","twitter_creator":"@sunoresearch","twitter_site":"@sunoresearch","twitter_misc":{"Escrito por":"Arthur Guimar\u00e3es","Est. tempo de leitura":"2 minutos"},"schema":{"@context":"https:\/\/schema.org","@graph":[{"@type":"NewsArticle","@id":"https:\/\/www.suno.com.br\/noticias\/ceos-big-techs-depoem-congresso-eua\/#article","isPartOf":{"@id":"https:\/\/www.suno.com.br\/noticias\/ceos-big-techs-depoem-congresso-eua\/"},"author":{"name":"Arthur Guimar\u00e3es","@id":"https:\/\/www.suno.com.br\/noticias\/#\/schema\/person\/053a750a709a263919a20f976caae91c"},"headline":"CEOs das &#8216;Big Techs&#8217; dep\u00f5em no Congresso dos EUA","datePublished":"2020-07-29T22:20:06+00:00","dateModified":"2021-06-01T23:25:45+00:00","mainEntityOfPage":{"@id":"https:\/\/www.suno.com.br\/noticias\/ceos-big-techs-depoem-congresso-eua\/"},"wordCount":491,"publisher":{"@id":"https:\/\/www.suno.com.br\/noticias\/#organization"},"image":{"@id":"https:\/\/www.suno.com.br\/noticias\/ceos-big-techs-depoem-congresso-eua\/#primaryimage"},"thumbnailUrl":"https:\/\/files.sunoresearch.com.br\/n\/uploads\/2019\/07\/e09bc010-facebook-jpeg.webp","keywords":["Alphabet (GOGL34\/GOGL35)","Amazon (AMZO34)","Apple (AAPL34)","Facebook (FBOK34)","Google","Jeff Bezos","Mark Zuckerberg","Sundar Pichai","Tim Cook"],"articleSection":["Internacional"],"inLanguage":"pt-BR"},{"@type":"WebPage","@id":"https:\/\/www.suno.com.br\/noticias\/ceos-big-techs-depoem-congresso-eua\/","url":"https:\/\/www.suno.com.br\/noticias\/ceos-big-techs-depoem-congresso-eua\/","name":"CEOs das 'Big Techs' dep\u00f5em no Congresso dos EUA","isPartOf":{"@id":"https:\/\/www.suno.com.br\/noticias\/#website"},"primaryImageOfPage":{"@id":"https:\/\/www.suno.com.br\/noticias\/ceos-big-techs-depoem-congresso-eua\/#primaryimage"},"image":{"@id":"https:\/\/www.suno.com.br\/noticias\/ceos-big-techs-depoem-congresso-eua\/#primaryimage"},"thumbnailUrl":"https:\/\/files.sunoresearch.com.br\/n\/uploads\/2019\/07\/e09bc010-facebook-jpeg.webp","datePublished":"2020-07-29T22:20:06+00:00","dateModified":"2021-06-01T23:25:45+00:00","description":"Os executivos da Big Techs -- Amazon, Apple, Google e Facebook -- respodenram de acusa\u00e7\u00f5es no Congresso dos EUA. Clique para saber mais","breadcrumb":{"@id":"https:\/\/www.suno.com.br\/noticias\/ceos-big-techs-depoem-congresso-eua\/#breadcrumb"},"inLanguage":"pt-BR","potentialAction":[{"@type":"ReadAction","target":["https:\/\/www.suno.com.br\/noticias\/ceos-big-techs-depoem-congresso-eua\/"]}]},{"@type":"ImageObject","inLanguage":"pt-BR","@id":"https:\/\/www.suno.com.br\/noticias\/ceos-big-techs-depoem-congresso-eua\/#primaryimage","url":"https:\/\/files.sunoresearch.com.br\/n\/uploads\/2019\/07\/e09bc010-facebook-jpeg.webp","contentUrl":"https:\/\/files.sunoresearch.com.br\/n\/uploads\/2019\/07\/e09bc010-facebook-jpeg.webp","width":1280,"height":1280,"caption":"CEOs das 'Big Techs' dep\u00f5em no Congresso dos EUA"},{"@type":"BreadcrumbList","@id":"https:\/\/www.suno.com.br\/noticias\/ceos-big-techs-depoem-congresso-eua\/#breadcrumb","itemListElement":[{"@type":"ListItem","position":1,"name":"Not\u00edcias","item":"https:\/\/www.suno.com.br\/noticias\/"},{"@type":"ListItem","position":2,"name":"Internacional","item":"https:\/\/www.suno.com.br\/noticias\/internacional\/"},{"@type":"ListItem","position":3,"name":"CEOs das &#8216;Big Techs&#8217; dep\u00f5em no Congresso dos EUA"}]},{"@type":"WebSite","@id":"https:\/\/www.suno.com.br\/noticias\/#website","url":"https:\/\/www.suno.com.br\/noticias\/","name":"Suno Not\u00edcias","description":"Seu portal de informa\u00e7\u00e3o sobre o mundo dos investimentos","publisher":{"@id":"https:\/\/www.suno.com.br\/noticias\/#organization"},"potentialAction":[{"@type":"SearchAction","target":{"@type":"EntryPoint","urlTemplate":"https:\/\/www.suno.com.br\/noticias\/?s={search_term_string}"},"query-input":{"@type":"PropertyValueSpecification","valueRequired":true,"valueName":"search_term_string"}}],"inLanguage":"pt-BR"},{"@type":"Organization","@id":"https:\/\/www.suno.com.br\/noticias\/#organization","name":"Suno Not\u00edcias","url":"https:\/\/www.suno.com.br\/noticias\/","logo":{"@type":"ImageObject","inLanguage":"pt-BR","@id":"https:\/\/www.suno.com.br\/noticias\/#\/schema\/logo\/image\/","url":"https:\/\/files.sunoresearch.com.br\/n\/uploads\/2021\/09\/suno-logo.png","contentUrl":"https:\/\/files.sunoresearch.com.br\/n\/uploads\/2021\/09\/suno-logo.png","width":180,"height":180,"caption":"Suno Not\u00edcias"},"image":{"@id":"https:\/\/www.suno.com.br\/noticias\/#\/schema\/logo\/image\/"},"sameAs":["https:\/\/facebook.com\/sunoresearch","https:\/\/x.com\/sunoresearch","https:\/\/www.instagram.com\/suno","https:\/\/www.linkedin.com\/company\/suno-research\/","https:\/\/www.youtube.com\/c\/sunoresearch"]},{"@type":"Person","@id":"https:\/\/www.suno.com.br\/noticias\/#\/schema\/person\/053a750a709a263919a20f976caae91c","name":"Arthur Guimar\u00e3es","image":{"@type":"ImageObject","inLanguage":"pt-BR","@id":"https:\/\/www.suno.com.br\/noticias\/#\/schema\/person\/image\/","url":"https:\/\/secure.gravatar.com\/avatar\/1affd86a11209ae09eb6dd3bcad3e96c?s=96&r=g","contentUrl":"https:\/\/secure.gravatar.com\/avatar\/1affd86a11209ae09eb6dd3bcad3e96c?s=96&r=g","caption":"Arthur Guimar\u00e3es"},"description":"Arthur Guimar\u00e3es escreve sobre pol\u00edtica, economia e neg\u00f3cios para o portal de not\u00edcias da Suno Research. Atualmente, \u00e9 estudante de jornalismo pela Faculdade C\u00e1sper L\u00edbero.","url":"https:\/\/www.suno.com.br\/noticias\/author\/arthur-guimaraes\/"}]}},"default_loop_html":"<div class=\"cardsPage__listCard__boxs\"><div class=\"cardsPage__listCard__boxs__img\"><a href=\"https:\/\/www.suno.com.br\/noticias\/ceos-big-techs-depoem-congresso-eua\/\"><img class=\"mask\" src=\"https:\/\/www.suno.com.br\/noticias\/wp-content\/themes\/suno\/resources\/images\/spotlight\/spotlight1img\/bg-mask.png\" alt=\"Image Mask\"\/><img src=\"https:\/\/files.sunoresearch.com.br\/n\/uploads\/2019\/07\/e09bc010-facebook-400x200.webp\" alt=\"CEOs das &#8216;Big Techs&#8217; dep\u00f5em no Congresso dos EUA\"\/><\/a><span class=\"spotlightCategory\"><a href=\"https:\/\/www.suno.com.br\/noticias\/internacional\/\">Internacional<\/a><\/span><\/div><div class=\"cardsPage__listCard__boxs__content\"><a href=\"https:\/\/www.suno.com.br\/noticias\/ceos-big-techs-depoem-congresso-eua\/\"><h2 class=\"content__title\">CEOs das &#8216;Big Techs&#8217; dep\u00f5em no Congresso dos EUA<\/h2><\/a><div class=\"newsContent__article__meta\"><div class=\"newsContent__article__meta__authorBox\"><a href=\"https:\/\/www.suno.com.br\/noticias\/author\/arthur-guimaraes\/\" class=\"authorBox__avatar noMobi\"><img src=\"https:\/\/files.sunoresearch.com.br\/n\/uploads\/2020\/02\/dfb40897-eu-150x150.webp\" alt=\"Arthur Guimar\u00e3es\"><\/a><div class=\"authorBox__name\"><span>por\n\t\t\t<a href=\"https:\/\/www.suno.com.br\/noticias\/author\/arthur-guimaraes\/\"><span itemprop=\"author\">Arthur Guimar\u00e3es<\/span><\/a><\/span><time datetime=\"2020-07-29T19:20:06-03:00\" itemprop=\"datePublished\">29\/07\/2020 19:20<\/time><\/div><\/div><\/div><\/div><\/div>","single_layout":"posts","amp_enabled":true,"_links":{"self":[{"href":"https:\/\/www.suno.com.br\/noticias\/wp-json\/wp\/v2\/posts\/75350"}],"collection":[{"href":"https:\/\/www.suno.com.br\/noticias\/wp-json\/wp\/v2\/posts"}],"about":[{"href":"https:\/\/www.suno.com.br\/noticias\/wp-json\/wp\/v2\/types\/post"}],"author":[{"embeddable":true,"href":"https:\/\/www.suno.com.br\/noticias\/wp-json\/wp\/v2\/users\/35"}],"replies":[{"embeddable":true,"href":"https:\/\/www.suno.com.br\/noticias\/wp-json\/wp\/v2\/comments?post=75350"}],"version-history":[{"count":1,"href":"https:\/\/www.suno.com.br\/noticias\/wp-json\/wp\/v2\/posts\/75350\/revisions"}],"predecessor-version":[{"id":153725,"href":"https:\/\/www.suno.com.br\/noticias\/wp-json\/wp\/v2\/posts\/75350\/revisions\/153725"}],"wp:featuredmedia":[{"embeddable":true,"href":"https:\/\/www.suno.com.br\/noticias\/wp-json\/wp\/v2\/media\/30687"}],"wp:attachment":[{"href":"https:\/\/www.suno.com.br\/noticias\/wp-json\/wp\/v2\/media?parent=75350"}],"wp:term":[{"taxonomy":"category","embeddable":true,"href":"https:\/\/www.suno.com.br\/noticias\/wp-json\/wp\/v2\/categories?post=75350"},{"taxonomy":"post_tag","embeddable":true,"href":"https:\/\/www.suno.com.br\/noticias\/wp-json\/wp\/v2\/tags?post=75350"},{"taxonomy":"suno_strategy","embeddable":true,"href":"https:\/\/www.suno.com.br\/noticias\/wp-json\/wp\/v2\/suno_strategy?post=75350"}],"curies":[{"name":"wp","href":"https:\/\/api.w.org\/{rel}","templated":true}]}}