{"id":75320,"date":"2020-07-29T17:13:26","date_gmt":"2020-07-29T20:13:26","guid":{"rendered":"https:\/\/www.suno.com.br\/noticias\/?p=75320"},"modified":"2020-07-29T18:15:38","modified_gmt":"2020-07-29T21:15:38","slug":"divida-publica-federal-subiu-junho-tesouro-nacional","status":"publish","type":"post","link":"https:\/\/www.suno.com.br\/noticias\/divida-publica-federal-subiu-junho-tesouro-nacional\/","title":{"rendered":"D\u00edvida P\u00fablica Federal subiu 3,27% em junho, somando R$ 4,390 tri"},"content":{"rendered":"<p>O <a href=\"https:\/\/www.suno.com.br\/artigos\/tesouro-nacional\/\">Tesouro Nacional<\/a> informou nessa quarta-feira (29) que a <a href=\"https:\/\/www.suno.com.br\/artigos\/divida-publica\/\"><strong>D<\/strong><strong>\u00edvida P\u00fablica Federal<\/strong> <\/a>(DPF) brasileira ficou em R$ 4,390 trilh\u00f5es em junho desse ano, o que representa um aumento de 3,27% ante maio.<\/p>\t<div class=\"wrapper-featured-image\">\n\t\t<figure class=\"spotlightImg\">\n\n\t\t\t<picture>\n\t\t\t\t<source media=\"(max-width: 768px)\" srcset=\"https:\/\/files.sunoresearch.com.br\/n\/uploads\/2019\/09\/9d6a3bbc-dinheiro-400x200.webp\">\n\t\t\t\t<img loading=\"lazy\" decoding=\"async\" class=\"newsContent__article__imgCapa lazyloadDisabled newsContent__article__imgCapa--noCaption\" src=\"https:\/\/files.sunoresearch.com.br\/n\/uploads\/2019\/09\/9d6a3bbc-dinheiro-800x450.webp\" width=\"800\" height=\"450\" alt=\"D\u00edvida P\u00fablica Federal subiu 3,27% em junho, somando R$ 4,390 tri\" fetchpriority=high \/>\n\t\t\t<\/picture>\n\n\t\t\t<figcaption class=\"wp-caption-text wp-caption-text--hide\">Tesouro Direto: vendas superam saques em janeiro<\/figcaption>\n\t\t<\/figure>\n\t<\/div>\n\n\n\n<p>Entretanto, a oscila\u00e7\u00e3o fugiu da meta do<strong> Plano Anual de Financiamento<\/strong> (PAF), que prev\u00ea uma varia\u00e7\u00e3o entre R$ 4,5 trilh\u00f5es e R$ 4,75 trilh\u00f5es para o fim do ano. No m\u00eas passado as emiss\u00f5es da d\u00edvida p\u00fablica federal foram de R$ 118,78 bilh\u00f5es e os resgates de R$ 4,03 bilh\u00f5es.<\/p>\n<p>Por sua vez, a <strong>d\u00edvida p\u00fablica mobili\u00e1ria federal interna<\/strong> (DPMFi) cresceu 2,93% no m\u00eas passado, alcan\u00e7ando R$ 4,151 trilh\u00f5es. J\u00e1 a <a href=\"https:\/\/www.suno.com.br\/artigos\/divida-externa-do-brasil\/\">d\u00edvida federal externa<\/a> cresceu 9,65% na compara\u00e7\u00e3o mensal, somando R$ 239,03 bilh\u00f5es.<\/p>\n<p><a href=\"https:\/\/lp.suno.com.br\/suno-one\/\">Suno One: o primeiro passo para alcan\u00e7ar a sua independ\u00eancia financeira. Acesse agora, \u00e9 gratuito!<\/a><\/p>\n<p>Al\u00e9m disso, o percentual vincendo da d\u00edvida em 12 meses alcan\u00e7ou 23,30% da D\u00edvida P\u00fablica Federal, enquanto em maio ficou em 23,25%. J\u00e1 o prazo m\u00e9dio da <strong>DPF<\/strong> encerrou junho em 3,87 anos, contra 3,96 anos em maio.<\/p>\n<p>Quando o m\u00e9todo &#8216;<strong><a href=\"https:\/\/www.suno.com.br\/artigos\/yield-to-maturity\/\">Avarage Term to Maturity&#8217;<\/a><\/strong>\u00a0\u00e9 aplicado, a m\u00e9dia da DPF aumenta para 5,29 anos em junho, contra 5,41 anos no m\u00eas anterior.<\/p>\n<p>Vale destacar que o custo m\u00e9dio acumulado durante os \u00faltimos 12 meses do estoque da D\u00edvida P\u00fablica Federal encerrou o m\u00eas passado em 9,04% ao ano, enquanto em maio, registrava 8,98% ao ano. Em rela\u00e7\u00e3o ao custo m\u00e9dio da <strong>DPMFi<\/strong>, o Tesouro informou que fechou junho em 7,52%, contra 7,62% em maio.<\/p>\n<p>Frente a isso, o custo m\u00e9dio das <strong><a href=\"https:\/\/www.suno.com.br\/artigos\/ltn-letras-tesouro-nacional\/#:~:text=A%20LTN%2C%20ou%20Letra%20do,a%20rentabilidade%20que%20ir%C3%A1%20receber.\">Letras do Tesouro Nacional<\/a> <\/strong>(LTN) foi de 5,70% em junho, ao passo que em maio foi 6,04%. O custo para coloca\u00e7\u00e3o de Notas do Tesouro Nacional S\u00e9rie F (NTN-F) encerrou junho em 7,01% enquanto em maio alcan\u00e7ou 7,08%.<\/p>\n<p>Por sua vez, as NTN-B custaram 5,06% ao ano no m\u00eas passado e 5,28% no m\u00eas anterior. As LFTs custaram 4,62% em junho, contra 4,89% em maio.<\/p>\n<p><a href=\"https:\/\/www.suno.com.br\/noticias\/divida-publica-federal-subiu-217-maio-totalizando-r-4250-tri\/\">Veja tamb\u00e9m: D\u00edvida P\u00fablica Federal subiu 2,17% em maio, totalizando R$ 4,250 tri<\/a><\/p>\n<p>A participa\u00e7\u00e3o de <a href=\"https:\/\/www.suno.com.br\/artigos\/investidor-estrangeiro\/\">investidores estrangeiros<\/a> na d\u00edvida p\u00fablica tamb\u00e9m caiu de 9,11, para\u00a0 9,09% em junho. Essa \u00e9 a nova m\u00ednima percentual em mais de dez anos. O resultado \u00e9 reflexo da redu\u00e7\u00e3o da<a href=\"https:\/\/www.suno.com.br\/artigos\/taxa-de-juros-em-2020\/\"> taxa b\u00e1sica de juros (Selic)<\/a>.<\/p>\n<p>Vale lembrar que na mesma \u00e9poca em 2010, a <strong>Selic<\/strong> estava a 10,25% ao ano, enquanto em 2015 estava em 13,75% ao ano. J\u00e1 nesse ano o <a href=\"https:\/\/www.suno.com.br\/artigos\/copom\/\">Comit\u00ea de Pol\u00edtica Monet\u00e1ria (Copom)<\/a> do <a href=\"https:\/\/www.suno.com.br\/artigos\/bacen\/\">Banco Central (BC)<\/a> decidiu cortar a\u00a0 taxa para 2,25% ao ano, uma nova m\u00ednima hist\u00f3rica.<\/p>\n<p>A redu\u00e7\u00e3o da taxa b\u00e1sica de juros no Brasil foi mais acentuada do que no exterior, deixando menos atrativas as opera\u00e7\u00f5es de <a href=\"https:\/\/www.suno.com.br\/artigos\/carry-trade\/\">carry trade<\/a>.<\/p>\n<p>Ademais, variaram em rela\u00e7\u00e3o a maio:<\/p>\n<ul>\n<li>Os <a href=\"https:\/\/www.suno.com.br\/artigos\/c\/fundos-de-investimento\/\">fundos de investimento<\/a> que tem participa\u00e7\u00e3o de, 25,79% em junho, e apresentaram 25,85% em maio;<\/li>\n<li>As institui\u00e7\u00f5es de previd\u00eancia representando 24,47%, enquanto 24,88% em maio;<\/li>\n<li>As institui\u00e7\u00f5es financeiras fecharam junho em 27,47% da DPMFi, e 26,77% em maio.<\/li>\n<li>O governo variou de 3,97% para 3,89% em junho;<\/li>\n<li>As seguradoras ficaram com 3,89% no m\u00eas passado, ante a 3,91% em maio.<\/li>\n<\/ul>\n<p>Para o esse m\u00eas, o Tesouro apontou que o cen\u00e1rio continua a se mostrar positivo para uma recupera\u00e7\u00e3o econ\u00f4mica, e destacou a divulga\u00e7\u00e3o de um pacote de ajuda bilion\u00e1rio pelos pa\u00edses que integram a Uni\u00e3o Europeia (UE), &#8220;que ajudou a refor\u00e7ar as perspectivas com rela\u00e7\u00e3o \u00e0 recupera\u00e7\u00e3o da atividade econ\u00f4mica. Internamente, a \u00eanfase dada pelo governo \u00e0 retomada da agenda de reformas e a diminui\u00e7\u00e3o da volatilidade cambial ajudaram a melhorar o ambiente de neg\u00f3cios&#8221;.<\/p>\n<h2>D\u00edvida P\u00fablica Federal subiu 2,17% em maio<\/h2>\n<p>Segundo dados da Secretaria do Tesouro Nacional, a <strong>D\u00edvida P\u00fablica Federal<\/strong> apresentou um aumento de 2,17%, em termos nominais, de abril para maio. Foi registrado um estoque de R$ 4,250 trilh\u00f5es no m\u00eas em quest\u00e3o.<\/p>\n\n","protected":false},"excerpt":{"rendered":"<p>O Tesouro Nacional informou nessa quarta-feira (29) que a D\u00edvida P\u00fablica Federal (DPF) brasileira ficou em R$ 4,390 trilh\u00f5es em junho desse ano, o que representa um aumento de 3,27% ante maio. Tesouro Direto: vendas superam saques em janeiro Entretanto, a oscila\u00e7\u00e3o fugiu da meta do Plano Anual de Financiamento (PAF), que prev\u00ea uma varia\u00e7\u00e3o [&hellip;]<\/p>\n","protected":false},"author":39,"featured_media":36888,"comment_status":"closed","ping_status":"closed","sticky":false,"template":"","format":"standard","meta":[],"categories":[62],"tags":[1265,1044],"suno_strategy":[],"class_list":["post-75320","post","type-post","status-publish","format-standard","has-post-thumbnail","hentry","category-economia","tag-divida-publica-federal","tag-tesouro-nacional"],"yoast_head":"<!-- This site is optimized with the Yoast SEO plugin v24.4 - https:\/\/yoast.com\/wordpress\/plugins\/seo\/ -->\n<title>D\u00edvida P\u00fablica Federal subiu 3,27% em junho, somando R$ 4,390 tri<\/title>\n<meta name=\"description\" content=\"O Tesouro Nacional informou que a D\u00edvida P\u00fablica Federal brasileira ficou em R$ 4,390 tri em junho desse ano. Clique aqui para saber mais.\" \/>\n<meta name=\"robots\" content=\"index, follow, max-snippet:-1, max-image-preview:large, max-video-preview:-1\" \/>\n<link rel=\"canonical\" href=\"https:\/\/www.suno.com.br\/noticias\/divida-publica-federal-subiu-junho-tesouro-nacional\/\" \/>\n<meta property=\"og:locale\" content=\"pt_BR\" \/>\n<meta property=\"og:type\" content=\"article\" \/>\n<meta property=\"og:title\" content=\"D\u00edvida P\u00fablica Federal subiu 3,27% em junho, somando R$ 4,390 tri\" \/>\n<meta property=\"og:description\" content=\"O Tesouro Nacional informou que a D\u00edvida P\u00fablica Federal brasileira ficou em R$ 4,390 tri em junho desse ano. Clique aqui para saber mais.\" \/>\n<meta property=\"og:url\" content=\"https:\/\/www.suno.com.br\/noticias\/divida-publica-federal-subiu-junho-tesouro-nacional\/\" \/>\n<meta property=\"og:site_name\" content=\"Suno Not\u00edcias\" \/>\n<meta property=\"article:publisher\" content=\"https:\/\/facebook.com\/sunoresearch\" \/>\n<meta property=\"og:image\" content=\"https:\/\/files.sunoresearch.com.br\/n\/uploads\/2019\/09\/9d6a3bbc-dinheiro.jpg\" \/>\n\t<meta property=\"og:image:width\" content=\"1600\" \/>\n\t<meta property=\"og:image:height\" content=\"1200\" \/>\n\t<meta property=\"og:image:type\" content=\"image\/jpeg\" \/>\n<meta name=\"author\" content=\"Laura Moutinho\" \/>\n<meta name=\"twitter:card\" content=\"summary_large_image\" \/>\n<meta name=\"twitter:creator\" content=\"@sunoresearch\" \/>\n<meta name=\"twitter:site\" content=\"@sunoresearch\" \/>\n<meta name=\"twitter:label1\" content=\"Escrito por\" \/>\n\t<meta name=\"twitter:data1\" content=\"Laura Moutinho\" \/>\n\t<meta name=\"twitter:label2\" content=\"Est. tempo de leitura\" \/>\n\t<meta name=\"twitter:data2\" content=\"3 minutos\" \/>\n<script type=\"application\/ld+json\" class=\"yoast-schema-graph\">{\"@context\":\"https:\/\/schema.org\",\"@graph\":[{\"@type\":\"NewsArticle\",\"@id\":\"https:\/\/www.suno.com.br\/noticias\/divida-publica-federal-subiu-junho-tesouro-nacional\/#article\",\"isPartOf\":{\"@id\":\"https:\/\/www.suno.com.br\/noticias\/divida-publica-federal-subiu-junho-tesouro-nacional\/\"},\"author\":{\"name\":\"Laura Moutinho\",\"@id\":\"https:\/\/www.suno.com.br\/noticias\/#\/schema\/person\/3df0d2808748b74496efe5dbeaef2c72\"},\"headline\":\"D\u00edvida P\u00fablica Federal subiu 3,27% em junho, somando R$ 4,390 tri\",\"datePublished\":\"2020-07-29T20:13:26+00:00\",\"dateModified\":\"2020-07-29T21:15:38+00:00\",\"mainEntityOfPage\":{\"@id\":\"https:\/\/www.suno.com.br\/noticias\/divida-publica-federal-subiu-junho-tesouro-nacional\/\"},\"wordCount\":674,\"publisher\":{\"@id\":\"https:\/\/www.suno.com.br\/noticias\/#organization\"},\"image\":{\"@id\":\"https:\/\/www.suno.com.br\/noticias\/divida-publica-federal-subiu-junho-tesouro-nacional\/#primaryimage\"},\"thumbnailUrl\":\"https:\/\/files.sunoresearch.com.br\/n\/uploads\/2019\/09\/9d6a3bbc-dinheiro.jpg\",\"keywords\":[\"D\u00edvida P\u00fablica Federal\",\"Tesouro Nacional\"],\"articleSection\":[\"Economia\"],\"inLanguage\":\"pt-BR\"},{\"@type\":\"WebPage\",\"@id\":\"https:\/\/www.suno.com.br\/noticias\/divida-publica-federal-subiu-junho-tesouro-nacional\/\",\"url\":\"https:\/\/www.suno.com.br\/noticias\/divida-publica-federal-subiu-junho-tesouro-nacional\/\",\"name\":\"D\u00edvida P\u00fablica Federal subiu 3,27% em junho, somando R$ 4,390 tri\",\"isPartOf\":{\"@id\":\"https:\/\/www.suno.com.br\/noticias\/#website\"},\"primaryImageOfPage\":{\"@id\":\"https:\/\/www.suno.com.br\/noticias\/divida-publica-federal-subiu-junho-tesouro-nacional\/#primaryimage\"},\"image\":{\"@id\":\"https:\/\/www.suno.com.br\/noticias\/divida-publica-federal-subiu-junho-tesouro-nacional\/#primaryimage\"},\"thumbnailUrl\":\"https:\/\/files.sunoresearch.com.br\/n\/uploads\/2019\/09\/9d6a3bbc-dinheiro.jpg\",\"datePublished\":\"2020-07-29T20:13:26+00:00\",\"dateModified\":\"2020-07-29T21:15:38+00:00\",\"description\":\"O Tesouro Nacional informou que a D\u00edvida P\u00fablica Federal brasileira ficou em R$ 4,390 tri em junho desse ano. Clique aqui para saber mais.\",\"breadcrumb\":{\"@id\":\"https:\/\/www.suno.com.br\/noticias\/divida-publica-federal-subiu-junho-tesouro-nacional\/#breadcrumb\"},\"inLanguage\":\"pt-BR\",\"potentialAction\":[{\"@type\":\"ReadAction\",\"target\":[\"https:\/\/www.suno.com.br\/noticias\/divida-publica-federal-subiu-junho-tesouro-nacional\/\"]}]},{\"@type\":\"ImageObject\",\"inLanguage\":\"pt-BR\",\"@id\":\"https:\/\/www.suno.com.br\/noticias\/divida-publica-federal-subiu-junho-tesouro-nacional\/#primaryimage\",\"url\":\"https:\/\/files.sunoresearch.com.br\/n\/uploads\/2019\/09\/9d6a3bbc-dinheiro.jpg\",\"contentUrl\":\"https:\/\/files.sunoresearch.com.br\/n\/uploads\/2019\/09\/9d6a3bbc-dinheiro.jpg\",\"width\":1600,\"height\":1200,\"caption\":\"Tesouro Direto: vendas superam saques em janeiro\"},{\"@type\":\"BreadcrumbList\",\"@id\":\"https:\/\/www.suno.com.br\/noticias\/divida-publica-federal-subiu-junho-tesouro-nacional\/#breadcrumb\",\"itemListElement\":[{\"@type\":\"ListItem\",\"position\":1,\"name\":\"Not\u00edcias\",\"item\":\"https:\/\/www.suno.com.br\/noticias\/\"},{\"@type\":\"ListItem\",\"position\":2,\"name\":\"Economia\",\"item\":\"https:\/\/www.suno.com.br\/noticias\/economia\/\"},{\"@type\":\"ListItem\",\"position\":3,\"name\":\"D\u00edvida P\u00fablica Federal subiu 3,27% em junho, somando R$ 4,390 tri\"}]},{\"@type\":\"WebSite\",\"@id\":\"https:\/\/www.suno.com.br\/noticias\/#website\",\"url\":\"https:\/\/www.suno.com.br\/noticias\/\",\"name\":\"Suno Not\u00edcias\",\"description\":\"Seu portal de informa\u00e7\u00e3o sobre o mundo dos investimentos\",\"publisher\":{\"@id\":\"https:\/\/www.suno.com.br\/noticias\/#organization\"},\"potentialAction\":[{\"@type\":\"SearchAction\",\"target\":{\"@type\":\"EntryPoint\",\"urlTemplate\":\"https:\/\/www.suno.com.br\/noticias\/?s={search_term_string}\"},\"query-input\":{\"@type\":\"PropertyValueSpecification\",\"valueRequired\":true,\"valueName\":\"search_term_string\"}}],\"inLanguage\":\"pt-BR\"},{\"@type\":\"Organization\",\"@id\":\"https:\/\/www.suno.com.br\/noticias\/#organization\",\"name\":\"Suno Not\u00edcias\",\"url\":\"https:\/\/www.suno.com.br\/noticias\/\",\"logo\":{\"@type\":\"ImageObject\",\"inLanguage\":\"pt-BR\",\"@id\":\"https:\/\/www.suno.com.br\/noticias\/#\/schema\/logo\/image\/\",\"url\":\"https:\/\/files.sunoresearch.com.br\/n\/uploads\/2021\/09\/suno-logo.png\",\"contentUrl\":\"https:\/\/files.sunoresearch.com.br\/n\/uploads\/2021\/09\/suno-logo.png\",\"width\":180,\"height\":180,\"caption\":\"Suno Not\u00edcias\"},\"image\":{\"@id\":\"https:\/\/www.suno.com.br\/noticias\/#\/schema\/logo\/image\/\"},\"sameAs\":[\"https:\/\/facebook.com\/sunoresearch\",\"https:\/\/x.com\/sunoresearch\",\"https:\/\/www.instagram.com\/suno\",\"https:\/\/www.linkedin.com\/company\/suno-research\/\",\"https:\/\/www.youtube.com\/c\/sunoresearch\"]},{\"@type\":\"Person\",\"@id\":\"https:\/\/www.suno.com.br\/noticias\/#\/schema\/person\/3df0d2808748b74496efe5dbeaef2c72\",\"name\":\"Laura Moutinho\",\"image\":{\"@type\":\"ImageObject\",\"inLanguage\":\"pt-BR\",\"@id\":\"https:\/\/www.suno.com.br\/noticias\/#\/schema\/person\/image\/\",\"url\":\"https:\/\/secure.gravatar.com\/avatar\/7571c7c8ca3a6fca5e41384ece5557ff?s=96&r=g\",\"contentUrl\":\"https:\/\/secure.gravatar.com\/avatar\/7571c7c8ca3a6fca5e41384ece5557ff?s=96&r=g\",\"caption\":\"Laura Moutinho\"},\"description\":\"Estagi\u00e1ria na Suno Not\u00edcias, escreve not\u00edcias que afetam o mercado financeiro. Estuda administra\u00e7\u00e3o na Universidade Presbiteriana Mackenzie.\",\"url\":\"https:\/\/www.suno.com.br\/noticias\/author\/laura-moutinho\/\"}]}<\/script>\n<!-- \/ Yoast SEO plugin. -->","yoast_head_json":{"title":"D\u00edvida P\u00fablica Federal subiu 3,27% em junho, somando R$ 4,390 tri","description":"O Tesouro Nacional informou que a D\u00edvida P\u00fablica Federal brasileira ficou em R$ 4,390 tri em junho desse ano. Clique aqui para saber mais.","robots":{"index":"index","follow":"follow","max-snippet":"max-snippet:-1","max-image-preview":"max-image-preview:large","max-video-preview":"max-video-preview:-1"},"canonical":"https:\/\/www.suno.com.br\/noticias\/divida-publica-federal-subiu-junho-tesouro-nacional\/","og_locale":"pt_BR","og_type":"article","og_title":"D\u00edvida P\u00fablica Federal subiu 3,27% em junho, somando R$ 4,390 tri","og_description":"O Tesouro Nacional informou que a D\u00edvida P\u00fablica Federal brasileira ficou em R$ 4,390 tri em junho desse ano. Clique aqui para saber mais.","og_url":"https:\/\/www.suno.com.br\/noticias\/divida-publica-federal-subiu-junho-tesouro-nacional\/","og_site_name":"Suno Not\u00edcias","article_publisher":"https:\/\/facebook.com\/sunoresearch","og_image":[{"width":1600,"height":1200,"url":"https:\/\/files.sunoresearch.com.br\/n\/uploads\/2019\/09\/9d6a3bbc-dinheiro.jpg","type":"image\/jpeg"}],"author":"Laura Moutinho","twitter_card":"summary_large_image","twitter_creator":"@sunoresearch","twitter_site":"@sunoresearch","twitter_misc":{"Escrito por":"Laura Moutinho","Est. tempo de leitura":"3 minutos"},"schema":{"@context":"https:\/\/schema.org","@graph":[{"@type":"NewsArticle","@id":"https:\/\/www.suno.com.br\/noticias\/divida-publica-federal-subiu-junho-tesouro-nacional\/#article","isPartOf":{"@id":"https:\/\/www.suno.com.br\/noticias\/divida-publica-federal-subiu-junho-tesouro-nacional\/"},"author":{"name":"Laura Moutinho","@id":"https:\/\/www.suno.com.br\/noticias\/#\/schema\/person\/3df0d2808748b74496efe5dbeaef2c72"},"headline":"D\u00edvida P\u00fablica Federal subiu 3,27% em junho, somando R$ 4,390 tri","datePublished":"2020-07-29T20:13:26+00:00","dateModified":"2020-07-29T21:15:38+00:00","mainEntityOfPage":{"@id":"https:\/\/www.suno.com.br\/noticias\/divida-publica-federal-subiu-junho-tesouro-nacional\/"},"wordCount":674,"publisher":{"@id":"https:\/\/www.suno.com.br\/noticias\/#organization"},"image":{"@id":"https:\/\/www.suno.com.br\/noticias\/divida-publica-federal-subiu-junho-tesouro-nacional\/#primaryimage"},"thumbnailUrl":"https:\/\/files.sunoresearch.com.br\/n\/uploads\/2019\/09\/9d6a3bbc-dinheiro.jpg","keywords":["D\u00edvida P\u00fablica Federal","Tesouro Nacional"],"articleSection":["Economia"],"inLanguage":"pt-BR"},{"@type":"WebPage","@id":"https:\/\/www.suno.com.br\/noticias\/divida-publica-federal-subiu-junho-tesouro-nacional\/","url":"https:\/\/www.suno.com.br\/noticias\/divida-publica-federal-subiu-junho-tesouro-nacional\/","name":"D\u00edvida P\u00fablica Federal subiu 3,27% em junho, somando R$ 4,390 tri","isPartOf":{"@id":"https:\/\/www.suno.com.br\/noticias\/#website"},"primaryImageOfPage":{"@id":"https:\/\/www.suno.com.br\/noticias\/divida-publica-federal-subiu-junho-tesouro-nacional\/#primaryimage"},"image":{"@id":"https:\/\/www.suno.com.br\/noticias\/divida-publica-federal-subiu-junho-tesouro-nacional\/#primaryimage"},"thumbnailUrl":"https:\/\/files.sunoresearch.com.br\/n\/uploads\/2019\/09\/9d6a3bbc-dinheiro.jpg","datePublished":"2020-07-29T20:13:26+00:00","dateModified":"2020-07-29T21:15:38+00:00","description":"O Tesouro Nacional informou que a D\u00edvida P\u00fablica Federal brasileira ficou em R$ 4,390 tri em junho desse ano. Clique aqui para saber mais.","breadcrumb":{"@id":"https:\/\/www.suno.com.br\/noticias\/divida-publica-federal-subiu-junho-tesouro-nacional\/#breadcrumb"},"inLanguage":"pt-BR","potentialAction":[{"@type":"ReadAction","target":["https:\/\/www.suno.com.br\/noticias\/divida-publica-federal-subiu-junho-tesouro-nacional\/"]}]},{"@type":"ImageObject","inLanguage":"pt-BR","@id":"https:\/\/www.suno.com.br\/noticias\/divida-publica-federal-subiu-junho-tesouro-nacional\/#primaryimage","url":"https:\/\/files.sunoresearch.com.br\/n\/uploads\/2019\/09\/9d6a3bbc-dinheiro.jpg","contentUrl":"https:\/\/files.sunoresearch.com.br\/n\/uploads\/2019\/09\/9d6a3bbc-dinheiro.jpg","width":1600,"height":1200,"caption":"Tesouro Direto: vendas superam saques em janeiro"},{"@type":"BreadcrumbList","@id":"https:\/\/www.suno.com.br\/noticias\/divida-publica-federal-subiu-junho-tesouro-nacional\/#breadcrumb","itemListElement":[{"@type":"ListItem","position":1,"name":"Not\u00edcias","item":"https:\/\/www.suno.com.br\/noticias\/"},{"@type":"ListItem","position":2,"name":"Economia","item":"https:\/\/www.suno.com.br\/noticias\/economia\/"},{"@type":"ListItem","position":3,"name":"D\u00edvida P\u00fablica Federal subiu 3,27% em junho, somando R$ 4,390 tri"}]},{"@type":"WebSite","@id":"https:\/\/www.suno.com.br\/noticias\/#website","url":"https:\/\/www.suno.com.br\/noticias\/","name":"Suno Not\u00edcias","description":"Seu portal de informa\u00e7\u00e3o sobre o mundo dos investimentos","publisher":{"@id":"https:\/\/www.suno.com.br\/noticias\/#organization"},"potentialAction":[{"@type":"SearchAction","target":{"@type":"EntryPoint","urlTemplate":"https:\/\/www.suno.com.br\/noticias\/?s={search_term_string}"},"query-input":{"@type":"PropertyValueSpecification","valueRequired":true,"valueName":"search_term_string"}}],"inLanguage":"pt-BR"},{"@type":"Organization","@id":"https:\/\/www.suno.com.br\/noticias\/#organization","name":"Suno Not\u00edcias","url":"https:\/\/www.suno.com.br\/noticias\/","logo":{"@type":"ImageObject","inLanguage":"pt-BR","@id":"https:\/\/www.suno.com.br\/noticias\/#\/schema\/logo\/image\/","url":"https:\/\/files.sunoresearch.com.br\/n\/uploads\/2021\/09\/suno-logo.png","contentUrl":"https:\/\/files.sunoresearch.com.br\/n\/uploads\/2021\/09\/suno-logo.png","width":180,"height":180,"caption":"Suno Not\u00edcias"},"image":{"@id":"https:\/\/www.suno.com.br\/noticias\/#\/schema\/logo\/image\/"},"sameAs":["https:\/\/facebook.com\/sunoresearch","https:\/\/x.com\/sunoresearch","https:\/\/www.instagram.com\/suno","https:\/\/www.linkedin.com\/company\/suno-research\/","https:\/\/www.youtube.com\/c\/sunoresearch"]},{"@type":"Person","@id":"https:\/\/www.suno.com.br\/noticias\/#\/schema\/person\/3df0d2808748b74496efe5dbeaef2c72","name":"Laura Moutinho","image":{"@type":"ImageObject","inLanguage":"pt-BR","@id":"https:\/\/www.suno.com.br\/noticias\/#\/schema\/person\/image\/","url":"https:\/\/secure.gravatar.com\/avatar\/7571c7c8ca3a6fca5e41384ece5557ff?s=96&r=g","contentUrl":"https:\/\/secure.gravatar.com\/avatar\/7571c7c8ca3a6fca5e41384ece5557ff?s=96&r=g","caption":"Laura Moutinho"},"description":"Estagi\u00e1ria na Suno Not\u00edcias, escreve not\u00edcias que afetam o mercado financeiro. Estuda administra\u00e7\u00e3o na Universidade Presbiteriana Mackenzie.","url":"https:\/\/www.suno.com.br\/noticias\/author\/laura-moutinho\/"}]}},"default_loop_html":"<div class=\"cardsPage__listCard__boxs\"><div class=\"cardsPage__listCard__boxs__img\"><a href=\"https:\/\/www.suno.com.br\/noticias\/divida-publica-federal-subiu-junho-tesouro-nacional\/\"><img class=\"mask\" src=\"https:\/\/www.suno.com.br\/noticias\/wp-content\/themes\/suno\/resources\/images\/spotlight\/spotlight1img\/bg-mask.png\" alt=\"Image Mask\"\/><img src=\"https:\/\/files.sunoresearch.com.br\/n\/uploads\/2019\/09\/9d6a3bbc-dinheiro-400x200.webp\" alt=\"D\u00edvida P\u00fablica Federal subiu 3,27% em junho, somando R$ 4,390 tri\"\/><\/a><span class=\"spotlightCategory\"><a href=\"https:\/\/www.suno.com.br\/noticias\/economia\/\">Economia<\/a><\/span><\/div><div class=\"cardsPage__listCard__boxs__content\"><a href=\"https:\/\/www.suno.com.br\/noticias\/divida-publica-federal-subiu-junho-tesouro-nacional\/\"><h2 class=\"content__title\">D\u00edvida P\u00fablica Federal subiu 3,27% em junho, somando R$ 4,390 tri<\/h2><\/a><div class=\"newsContent__article__meta\"><div class=\"newsContent__article__meta__authorBox\"><a href=\"https:\/\/www.suno.com.br\/noticias\/author\/laura-moutinho\/\" class=\"authorBox__avatar noMobi\"><img src=\"https:\/\/files.sunoresearch.com.br\/n\/uploads\/2020\/08\/531ff69d-whatsapp-image-2020-08-03-at-14.54.38-150x150.webp\" alt=\"Laura Moutinho\"><\/a><div class=\"authorBox__name\"><span>por\n\t\t\t<a href=\"https:\/\/www.suno.com.br\/noticias\/author\/laura-moutinho\/\"><span itemprop=\"author\">Laura Moutinho<\/span><\/a><\/span><time datetime=\"2020-07-29T17:13:26-03:00\" itemprop=\"datePublished\">29\/07\/2020 17:13<\/time><\/div><\/div><\/div><\/div><\/div>","single_layout":"posts","amp_enabled":true,"_links":{"self":[{"href":"https:\/\/www.suno.com.br\/noticias\/wp-json\/wp\/v2\/posts\/75320"}],"collection":[{"href":"https:\/\/www.suno.com.br\/noticias\/wp-json\/wp\/v2\/posts"}],"about":[{"href":"https:\/\/www.suno.com.br\/noticias\/wp-json\/wp\/v2\/types\/post"}],"author":[{"embeddable":true,"href":"https:\/\/www.suno.com.br\/noticias\/wp-json\/wp\/v2\/users\/39"}],"replies":[{"embeddable":true,"href":"https:\/\/www.suno.com.br\/noticias\/wp-json\/wp\/v2\/comments?post=75320"}],"version-history":[{"count":0,"href":"https:\/\/www.suno.com.br\/noticias\/wp-json\/wp\/v2\/posts\/75320\/revisions"}],"wp:featuredmedia":[{"embeddable":true,"href":"https:\/\/www.suno.com.br\/noticias\/wp-json\/wp\/v2\/media\/36888"}],"wp:attachment":[{"href":"https:\/\/www.suno.com.br\/noticias\/wp-json\/wp\/v2\/media?parent=75320"}],"wp:term":[{"taxonomy":"category","embeddable":true,"href":"https:\/\/www.suno.com.br\/noticias\/wp-json\/wp\/v2\/categories?post=75320"},{"taxonomy":"post_tag","embeddable":true,"href":"https:\/\/www.suno.com.br\/noticias\/wp-json\/wp\/v2\/tags?post=75320"},{"taxonomy":"suno_strategy","embeddable":true,"href":"https:\/\/www.suno.com.br\/noticias\/wp-json\/wp\/v2\/suno_strategy?post=75320"}],"curies":[{"name":"wp","href":"https:\/\/api.w.org\/{rel}","templated":true}]}}