{"id":75279,"date":"2020-07-29T12:41:43","date_gmt":"2020-07-29T15:41:43","guid":{"rendered":"https:\/\/www.suno.com.br\/noticias\/?p=75279"},"modified":"2020-07-29T12:41:43","modified_gmt":"2020-07-29T15:41:43","slug":"confianca-da-industria-avanca-122-pontos-em-julho-aponta-fgv","status":"publish","type":"post","link":"https:\/\/www.suno.com.br\/noticias\/confianca-da-industria-avanca-122-pontos-em-julho-aponta-fgv\/","title":{"rendered":"Confian\u00e7a da ind\u00fastria avan\u00e7a 12,2 pontos em julho, aponta FGV"},"content":{"rendered":"<p>O \u00cdndice de <strong>Confian\u00e7a da Ind\u00fastria<\/strong> (ICI) registrou avan\u00e7o de 12,2 pontos em julho, alcan\u00e7ando 89,8 pontos. De acordo com a Funda\u00e7\u00e3o Getulio Vargas (FGV), esse resultado corresponde a segunda maior varia\u00e7\u00e3o positiva da s\u00e9rie hist\u00f3rica. Ap\u00f3s quatro meses em queda, o indicador voltou a apresentar crescimento em m\u00e9dias m\u00f3veis trimestrais, de 65,7 pontos para 76,3 pontos.<\/p>\t<div class=\"wrapper-featured-image\">\n\t\t<figure class=\"spotlightImg\">\n\n\t\t\t<picture>\n\t\t\t\t<source media=\"(max-width: 768px)\" srcset=\"https:\/\/files.sunoresearch.com.br\/n\/uploads\/2020\/06\/9ddad38f-5aea13cc-produ\u00e7\u00e3o-industrial-400x200.webp\">\n\t\t\t\t<img loading=\"lazy\" decoding=\"async\" class=\"newsContent__article__imgCapa lazyloadDisabled newsContent__article__imgCapa--noCaption\" src=\"https:\/\/files.sunoresearch.com.br\/n\/uploads\/2020\/06\/9ddad38f-5aea13cc-produ\u00e7\u00e3o-industrial-800x450.webp\" width=\"800\" height=\"450\" alt=\"Confian\u00e7a da ind\u00fastria avan\u00e7a 12,2 pontos em julho, aponta FGV\" fetchpriority=high \/>\n\t\t\t<\/picture>\n\n\t\t\t<figcaption class=\"wp-caption-text wp-caption-text--hide\">Segundo a CNI, as multinacionais brasileiras concentraram, em 2019, 24% de todas as exporta\u00e7\u00f5es do Pa\u00eds.<\/figcaption>\n\t\t<\/figure>\n\t<\/div>\n\n\n\n<p>Neste m\u00eas, 18 dos 19 segmentos industriais pesquisados apontaram aumento na confian\u00e7a da ind\u00fastria. &#8220;O resultado decorre de melhor avalia\u00e7\u00e3o dos empres\u00e1rios em rela\u00e7\u00e3o ao momento presente e, principalmente, diminui\u00e7\u00e3o do pessimismo para os pr\u00f3ximos tr\u00eas e seis meses&#8221;.<\/p>\n<p>O \u00cdndice de Expectativas (IE) subiu 14,3 pontos, para 90,5 pontos enquanto o \u00cdndice de Situa\u00e7\u00e3o Atual (ISA) cresceu 9,9 pontos, para 89,1 pontos, ambos ainda se mant\u00eam em n\u00edvel abaixo de mar\u00e7o. Nos \u00faltimos tr\u00eas meses, o IE recuperou aproximadamente 78% das perdas observadas em mar\u00e7o e abril, enquanto o ISA apenas 65%.<\/p>\n<p><a href=\"https:\/\/lp.suno.com.br\/suno-one\/\">Suno One: acesse gratuitamente eBooks, Minicursos, Artigos e Video Aulas sobre investimentos com um \u00fanico cadastro. Clique para saber mais!<\/a><\/p>\n<p>Entre os indicadores que comp\u00f5em o IE, produ\u00e7\u00e3o prevista e emprego previsto variaram 16,1 pontos e 16,5 pontos respectivamente, para 99,0 pontos e 93,0 pontos, recuperando grande parte da perda observada em mar\u00e7o e abril, 99% e 81% respectivamente.<\/p>\n<p>Em compensa\u00e7\u00e3o, o indicador que mede o otimismo dos empres\u00e1rios com a evolu\u00e7\u00e3o do ambiente de neg\u00f3cios nos seis meses seguintes avan\u00e7ou 9,6 pontos, para 80,1 pontos, e recuperou apenas 46% das perdas no mesmo per\u00edodo.<\/p>\n<p>A melhora da percep\u00e7\u00e3o sobre a demanda foi o principal fator a contribuir para a evolu\u00e7\u00e3o do ISA. A parcela de empresas que avaliam o n\u00edvel de demanda como forte aumentou de 14,2% para 15,0% do total, enquanto a parcela das que a consideram fraca caiu de 49,4% para 33,0% do total, levando a uma alta de 11,8 pontos do indicador, para 91,0 pontos.<\/p>\n<p>O n\u00edvel dos estoques subiu 8,8 pontos, de 81,4 pontos para 90,2 pontos, e o de situa\u00e7\u00e3o atual dos neg\u00f3cios cresceu 8,0 pontos, de 79,0 pontos para 87,0 pontos.<\/p>\n<p><a href=\"https:\/\/www.suno.com.br\/noticias\/confianca-industria-recuperacao-junho-aponta-fgv\/\">Veja Tamb\u00e9m: Confian\u00e7a da ind\u00fastria deve ter boa recupera\u00e7\u00e3o em junho, aponta FGV<\/a><\/p>\n<p>O N\u00edvel de Utiliza\u00e7\u00e3o da Capacidade Instalada (NUCI) teve acr\u00e9scimo de 5,7 pontos percentuais, de 66,6% para 72,3%. Com esse resultado, o NUCI encontra-se apenas 3,9 p.p. menor do que fevereiro (76,2%), mas ainda 7,5 p.p. abaixo da m\u00e9dia de janeiro\/2001 a mar\u00e7o\/2020 (79,8%).<\/p>\n<p>\u201cEm julho, a <strong>confian\u00e7a da ind\u00fastria<\/strong> de transforma\u00e7\u00e3o segue avan\u00e7ando impulsionada pela diminui\u00e7\u00e3o do pessimismo para os pr\u00f3ximos tr\u00eas meses. Por\u00e9m, os indicadores que medem a situa\u00e7\u00e3o atual mostram que o grau de insatisfa\u00e7\u00e3o com o momento presente permanece elevado. Nesse m\u00eas, chama a aten\u00e7\u00e3o a recupera\u00e7\u00e3o dos indicadores de produ\u00e7\u00e3o prevista e emprego previsto sugerindo novamente que, na opini\u00e3o dos empres\u00e1rios, o terceiro trimestre tende a ser melhor do que o anterior. Contudo, o baixo patamar do indicador de tend\u00eancia dos neg\u00f3cios reflete cautela em rela\u00e7\u00e3o \u00e0 velocidade e consist\u00eancia da recupera\u00e7\u00e3o dada incerteza ainda muito elevada\u201d, disse a economista da FGV, Renata de Mello Franco.<\/p>\n\n","protected":false},"excerpt":{"rendered":"<p>O \u00cdndice de Confian\u00e7a da Ind\u00fastria (ICI) registrou avan\u00e7o de 12,2 pontos em julho, alcan\u00e7ando 89,8 pontos. De acordo com a Funda\u00e7\u00e3o Getulio Vargas (FGV), esse resultado corresponde a segunda maior varia\u00e7\u00e3o positiva da s\u00e9rie hist\u00f3rica. Ap\u00f3s quatro meses em queda, o indicador voltou a apresentar crescimento em m\u00e9dias m\u00f3veis trimestrais, de 65,7 pontos para [&hellip;]<\/p>\n","protected":false},"author":15,"featured_media":67327,"comment_status":"closed","ping_status":"closed","sticky":false,"template":"","format":"standard","meta":[],"categories":[62],"tags":[2501,797],"suno_strategy":[],"class_list":["post-75279","post","type-post","status-publish","format-standard","has-post-thumbnail","hentry","category-economia","tag-confianca-da-industria","tag-fgv"],"yoast_head":"<!-- This site is optimized with the Yoast SEO plugin v24.4 - https:\/\/yoast.com\/wordpress\/plugins\/seo\/ -->\n<title>Confian\u00e7a da ind\u00fastria avan\u00e7a 12,2 pontos em julho, aponta FGV<\/title>\n<meta name=\"description\" content=\"O \u00cdndice de Confian\u00e7a da Ind\u00fastria (ICI) registrou avan\u00e7o de 12,2 pontos em julho, alcan\u00e7ando 89,8 pontos. Clique aqui e saiba mais\" \/>\n<meta name=\"robots\" content=\"index, follow, max-snippet:-1, max-image-preview:large, max-video-preview:-1\" \/>\n<link rel=\"canonical\" href=\"https:\/\/www.suno.com.br\/noticias\/confianca-da-industria-avanca-122-pontos-em-julho-aponta-fgv\/\" \/>\n<meta property=\"og:locale\" content=\"pt_BR\" \/>\n<meta property=\"og:type\" content=\"article\" \/>\n<meta property=\"og:title\" content=\"Confian\u00e7a da ind\u00fastria avan\u00e7a 12,2 pontos em julho, aponta FGV\" \/>\n<meta property=\"og:description\" content=\"O \u00cdndice de Confian\u00e7a da Ind\u00fastria (ICI) registrou avan\u00e7o de 12,2 pontos em julho, alcan\u00e7ando 89,8 pontos. Clique aqui e saiba mais\" \/>\n<meta property=\"og:url\" content=\"https:\/\/www.suno.com.br\/noticias\/confianca-da-industria-avanca-122-pontos-em-julho-aponta-fgv\/\" \/>\n<meta property=\"og:site_name\" content=\"Suno Not\u00edcias\" \/>\n<meta property=\"article:publisher\" content=\"https:\/\/facebook.com\/sunoresearch\" \/>\n<meta property=\"og:image\" content=\"https:\/\/files.sunoresearch.com.br\/n\/uploads\/2020\/06\/9ddad38f-5aea13cc-produ\u00e7\u00e3o-industrial.jpg\" \/>\n\t<meta property=\"og:image:width\" content=\"1889\" \/>\n\t<meta property=\"og:image:height\" content=\"1261\" \/>\n\t<meta property=\"og:image:type\" content=\"image\/jpeg\" \/>\n<meta name=\"author\" content=\"Poliana Santos\" \/>\n<meta name=\"twitter:card\" content=\"summary_large_image\" \/>\n<meta name=\"twitter:creator\" content=\"@sunoresearch\" \/>\n<meta name=\"twitter:site\" content=\"@sunoresearch\" \/>\n<meta name=\"twitter:label1\" content=\"Escrito por\" \/>\n\t<meta name=\"twitter:data1\" content=\"Poliana Santos\" \/>\n\t<meta name=\"twitter:label2\" content=\"Est. tempo de leitura\" \/>\n\t<meta name=\"twitter:data2\" content=\"3 minutos\" \/>\n<script type=\"application\/ld+json\" class=\"yoast-schema-graph\">{\"@context\":\"https:\/\/schema.org\",\"@graph\":[{\"@type\":\"NewsArticle\",\"@id\":\"https:\/\/www.suno.com.br\/noticias\/confianca-da-industria-avanca-122-pontos-em-julho-aponta-fgv\/#article\",\"isPartOf\":{\"@id\":\"https:\/\/www.suno.com.br\/noticias\/confianca-da-industria-avanca-122-pontos-em-julho-aponta-fgv\/\"},\"author\":{\"name\":\"Poliana Santos\",\"@id\":\"https:\/\/www.suno.com.br\/noticias\/#\/schema\/person\/02ec1f752758247878a2bf4abee1aeda\"},\"headline\":\"Confian\u00e7a da ind\u00fastria avan\u00e7a 12,2 pontos em julho, aponta FGV\",\"datePublished\":\"2020-07-29T15:41:43+00:00\",\"mainEntityOfPage\":{\"@id\":\"https:\/\/www.suno.com.br\/noticias\/confianca-da-industria-avanca-122-pontos-em-julho-aponta-fgv\/\"},\"wordCount\":554,\"publisher\":{\"@id\":\"https:\/\/www.suno.com.br\/noticias\/#organization\"},\"image\":{\"@id\":\"https:\/\/www.suno.com.br\/noticias\/confianca-da-industria-avanca-122-pontos-em-julho-aponta-fgv\/#primaryimage\"},\"thumbnailUrl\":\"https:\/\/files.sunoresearch.com.br\/n\/uploads\/2020\/06\/9ddad38f-5aea13cc-produ\u00e7\u00e3o-industrial-jpg.webp\",\"keywords\":[\"Confian\u00e7a da ind\u00fastria\",\"FGV\"],\"articleSection\":[\"Economia\"],\"inLanguage\":\"pt-BR\"},{\"@type\":\"WebPage\",\"@id\":\"https:\/\/www.suno.com.br\/noticias\/confianca-da-industria-avanca-122-pontos-em-julho-aponta-fgv\/\",\"url\":\"https:\/\/www.suno.com.br\/noticias\/confianca-da-industria-avanca-122-pontos-em-julho-aponta-fgv\/\",\"name\":\"Confian\u00e7a da ind\u00fastria avan\u00e7a 12,2 pontos em julho, aponta FGV\",\"isPartOf\":{\"@id\":\"https:\/\/www.suno.com.br\/noticias\/#website\"},\"primaryImageOfPage\":{\"@id\":\"https:\/\/www.suno.com.br\/noticias\/confianca-da-industria-avanca-122-pontos-em-julho-aponta-fgv\/#primaryimage\"},\"image\":{\"@id\":\"https:\/\/www.suno.com.br\/noticias\/confianca-da-industria-avanca-122-pontos-em-julho-aponta-fgv\/#primaryimage\"},\"thumbnailUrl\":\"https:\/\/files.sunoresearch.com.br\/n\/uploads\/2020\/06\/9ddad38f-5aea13cc-produ\u00e7\u00e3o-industrial-jpg.webp\",\"datePublished\":\"2020-07-29T15:41:43+00:00\",\"description\":\"O \u00cdndice de Confian\u00e7a da Ind\u00fastria (ICI) registrou avan\u00e7o de 12,2 pontos em julho, alcan\u00e7ando 89,8 pontos. Clique aqui e saiba mais\",\"breadcrumb\":{\"@id\":\"https:\/\/www.suno.com.br\/noticias\/confianca-da-industria-avanca-122-pontos-em-julho-aponta-fgv\/#breadcrumb\"},\"inLanguage\":\"pt-BR\",\"potentialAction\":[{\"@type\":\"ReadAction\",\"target\":[\"https:\/\/www.suno.com.br\/noticias\/confianca-da-industria-avanca-122-pontos-em-julho-aponta-fgv\/\"]}]},{\"@type\":\"ImageObject\",\"inLanguage\":\"pt-BR\",\"@id\":\"https:\/\/www.suno.com.br\/noticias\/confianca-da-industria-avanca-122-pontos-em-julho-aponta-fgv\/#primaryimage\",\"url\":\"https:\/\/files.sunoresearch.com.br\/n\/uploads\/2020\/06\/9ddad38f-5aea13cc-produ\u00e7\u00e3o-industrial-jpg.webp\",\"contentUrl\":\"https:\/\/files.sunoresearch.com.br\/n\/uploads\/2020\/06\/9ddad38f-5aea13cc-produ\u00e7\u00e3o-industrial-jpg.webp\",\"width\":1889,\"height\":1261,\"caption\":\"Segundo a CNI, as multinacionais brasileiras concentraram, em 2019, 24% de todas as exporta\u00e7\u00f5es do Pa\u00eds.\"},{\"@type\":\"BreadcrumbList\",\"@id\":\"https:\/\/www.suno.com.br\/noticias\/confianca-da-industria-avanca-122-pontos-em-julho-aponta-fgv\/#breadcrumb\",\"itemListElement\":[{\"@type\":\"ListItem\",\"position\":1,\"name\":\"Not\u00edcias\",\"item\":\"https:\/\/www.suno.com.br\/noticias\/\"},{\"@type\":\"ListItem\",\"position\":2,\"name\":\"Economia\",\"item\":\"https:\/\/www.suno.com.br\/noticias\/economia\/\"},{\"@type\":\"ListItem\",\"position\":3,\"name\":\"Confian\u00e7a da ind\u00fastria avan\u00e7a 12,2 pontos em julho, aponta FGV\"}]},{\"@type\":\"WebSite\",\"@id\":\"https:\/\/www.suno.com.br\/noticias\/#website\",\"url\":\"https:\/\/www.suno.com.br\/noticias\/\",\"name\":\"Suno Not\u00edcias\",\"description\":\"Seu portal de informa\u00e7\u00e3o sobre o mundo dos investimentos\",\"publisher\":{\"@id\":\"https:\/\/www.suno.com.br\/noticias\/#organization\"},\"potentialAction\":[{\"@type\":\"SearchAction\",\"target\":{\"@type\":\"EntryPoint\",\"urlTemplate\":\"https:\/\/www.suno.com.br\/noticias\/?s={search_term_string}\"},\"query-input\":{\"@type\":\"PropertyValueSpecification\",\"valueRequired\":true,\"valueName\":\"search_term_string\"}}],\"inLanguage\":\"pt-BR\"},{\"@type\":\"Organization\",\"@id\":\"https:\/\/www.suno.com.br\/noticias\/#organization\",\"name\":\"Suno Not\u00edcias\",\"url\":\"https:\/\/www.suno.com.br\/noticias\/\",\"logo\":{\"@type\":\"ImageObject\",\"inLanguage\":\"pt-BR\",\"@id\":\"https:\/\/www.suno.com.br\/noticias\/#\/schema\/logo\/image\/\",\"url\":\"https:\/\/files.sunoresearch.com.br\/n\/uploads\/2021\/09\/suno-logo.png\",\"contentUrl\":\"https:\/\/files.sunoresearch.com.br\/n\/uploads\/2021\/09\/suno-logo.png\",\"width\":180,\"height\":180,\"caption\":\"Suno Not\u00edcias\"},\"image\":{\"@id\":\"https:\/\/www.suno.com.br\/noticias\/#\/schema\/logo\/image\/\"},\"sameAs\":[\"https:\/\/facebook.com\/sunoresearch\",\"https:\/\/x.com\/sunoresearch\",\"https:\/\/www.instagram.com\/suno\",\"https:\/\/www.linkedin.com\/company\/suno-research\/\",\"https:\/\/www.youtube.com\/c\/sunoresearch\"]},{\"@type\":\"Person\",\"@id\":\"https:\/\/www.suno.com.br\/noticias\/#\/schema\/person\/02ec1f752758247878a2bf4abee1aeda\",\"name\":\"Poliana Santos\",\"image\":{\"@type\":\"ImageObject\",\"inLanguage\":\"pt-BR\",\"@id\":\"https:\/\/www.suno.com.br\/noticias\/#\/schema\/person\/image\/\",\"url\":\"https:\/\/secure.gravatar.com\/avatar\/0645bd32f23d87b2130f2b2dff1d3f8d?s=96&r=g\",\"contentUrl\":\"https:\/\/secure.gravatar.com\/avatar\/0645bd32f23d87b2130f2b2dff1d3f8d?s=96&r=g\",\"caption\":\"Poliana Santos\"},\"description\":\"Rep\u00f3rter no Suno Not\u00edcias, com cobertura em mercado financeiro, economia, finan\u00e7as pessoais, renda fixa e varejo. Jornalista formada pela Faculdade C\u00e1sper L\u00edbero e possui passagem na R\u00e1dio Gazeta AM com a produ\u00e7\u00e3o de conte\u00fado sobre economia, pol\u00edtica, sa\u00fade, moda e m\u00fasica. Possui certificado de conclus\u00e3o do curso de An\u00e1lise de Balan\u00e7os pela Funda\u00e7\u00e3o Bradesco, Agenda Brasil pela FAAP, Educa\u00e7\u00e3o Pol\u00edtica por Alexandre Garcia e do Tesouro Direto e Mercado de A\u00e7\u00f5es pela B3.\",\"url\":\"https:\/\/www.suno.com.br\/noticias\/author\/poliana-santos\/\"}]}<\/script>\n<!-- \/ Yoast SEO plugin. -->","yoast_head_json":{"title":"Confian\u00e7a da ind\u00fastria avan\u00e7a 12,2 pontos em julho, aponta FGV","description":"O \u00cdndice de Confian\u00e7a da Ind\u00fastria (ICI) registrou avan\u00e7o de 12,2 pontos em julho, alcan\u00e7ando 89,8 pontos. Clique aqui e saiba mais","robots":{"index":"index","follow":"follow","max-snippet":"max-snippet:-1","max-image-preview":"max-image-preview:large","max-video-preview":"max-video-preview:-1"},"canonical":"https:\/\/www.suno.com.br\/noticias\/confianca-da-industria-avanca-122-pontos-em-julho-aponta-fgv\/","og_locale":"pt_BR","og_type":"article","og_title":"Confian\u00e7a da ind\u00fastria avan\u00e7a 12,2 pontos em julho, aponta FGV","og_description":"O \u00cdndice de Confian\u00e7a da Ind\u00fastria (ICI) registrou avan\u00e7o de 12,2 pontos em julho, alcan\u00e7ando 89,8 pontos. Clique aqui e saiba mais","og_url":"https:\/\/www.suno.com.br\/noticias\/confianca-da-industria-avanca-122-pontos-em-julho-aponta-fgv\/","og_site_name":"Suno Not\u00edcias","article_publisher":"https:\/\/facebook.com\/sunoresearch","og_image":[{"width":1889,"height":1261,"url":"https:\/\/files.sunoresearch.com.br\/n\/uploads\/2020\/06\/9ddad38f-5aea13cc-produ\u00e7\u00e3o-industrial.jpg","type":"image\/jpeg"}],"author":"Poliana Santos","twitter_card":"summary_large_image","twitter_creator":"@sunoresearch","twitter_site":"@sunoresearch","twitter_misc":{"Escrito por":"Poliana Santos","Est. tempo de leitura":"3 minutos"},"schema":{"@context":"https:\/\/schema.org","@graph":[{"@type":"NewsArticle","@id":"https:\/\/www.suno.com.br\/noticias\/confianca-da-industria-avanca-122-pontos-em-julho-aponta-fgv\/#article","isPartOf":{"@id":"https:\/\/www.suno.com.br\/noticias\/confianca-da-industria-avanca-122-pontos-em-julho-aponta-fgv\/"},"author":{"name":"Poliana Santos","@id":"https:\/\/www.suno.com.br\/noticias\/#\/schema\/person\/02ec1f752758247878a2bf4abee1aeda"},"headline":"Confian\u00e7a da ind\u00fastria avan\u00e7a 12,2 pontos em julho, aponta FGV","datePublished":"2020-07-29T15:41:43+00:00","mainEntityOfPage":{"@id":"https:\/\/www.suno.com.br\/noticias\/confianca-da-industria-avanca-122-pontos-em-julho-aponta-fgv\/"},"wordCount":554,"publisher":{"@id":"https:\/\/www.suno.com.br\/noticias\/#organization"},"image":{"@id":"https:\/\/www.suno.com.br\/noticias\/confianca-da-industria-avanca-122-pontos-em-julho-aponta-fgv\/#primaryimage"},"thumbnailUrl":"https:\/\/files.sunoresearch.com.br\/n\/uploads\/2020\/06\/9ddad38f-5aea13cc-produ\u00e7\u00e3o-industrial-jpg.webp","keywords":["Confian\u00e7a da ind\u00fastria","FGV"],"articleSection":["Economia"],"inLanguage":"pt-BR"},{"@type":"WebPage","@id":"https:\/\/www.suno.com.br\/noticias\/confianca-da-industria-avanca-122-pontos-em-julho-aponta-fgv\/","url":"https:\/\/www.suno.com.br\/noticias\/confianca-da-industria-avanca-122-pontos-em-julho-aponta-fgv\/","name":"Confian\u00e7a da ind\u00fastria avan\u00e7a 12,2 pontos em julho, aponta FGV","isPartOf":{"@id":"https:\/\/www.suno.com.br\/noticias\/#website"},"primaryImageOfPage":{"@id":"https:\/\/www.suno.com.br\/noticias\/confianca-da-industria-avanca-122-pontos-em-julho-aponta-fgv\/#primaryimage"},"image":{"@id":"https:\/\/www.suno.com.br\/noticias\/confianca-da-industria-avanca-122-pontos-em-julho-aponta-fgv\/#primaryimage"},"thumbnailUrl":"https:\/\/files.sunoresearch.com.br\/n\/uploads\/2020\/06\/9ddad38f-5aea13cc-produ\u00e7\u00e3o-industrial-jpg.webp","datePublished":"2020-07-29T15:41:43+00:00","description":"O \u00cdndice de Confian\u00e7a da Ind\u00fastria (ICI) registrou avan\u00e7o de 12,2 pontos em julho, alcan\u00e7ando 89,8 pontos. Clique aqui e saiba mais","breadcrumb":{"@id":"https:\/\/www.suno.com.br\/noticias\/confianca-da-industria-avanca-122-pontos-em-julho-aponta-fgv\/#breadcrumb"},"inLanguage":"pt-BR","potentialAction":[{"@type":"ReadAction","target":["https:\/\/www.suno.com.br\/noticias\/confianca-da-industria-avanca-122-pontos-em-julho-aponta-fgv\/"]}]},{"@type":"ImageObject","inLanguage":"pt-BR","@id":"https:\/\/www.suno.com.br\/noticias\/confianca-da-industria-avanca-122-pontos-em-julho-aponta-fgv\/#primaryimage","url":"https:\/\/files.sunoresearch.com.br\/n\/uploads\/2020\/06\/9ddad38f-5aea13cc-produ\u00e7\u00e3o-industrial-jpg.webp","contentUrl":"https:\/\/files.sunoresearch.com.br\/n\/uploads\/2020\/06\/9ddad38f-5aea13cc-produ\u00e7\u00e3o-industrial-jpg.webp","width":1889,"height":1261,"caption":"Segundo a CNI, as multinacionais brasileiras concentraram, em 2019, 24% de todas as exporta\u00e7\u00f5es do Pa\u00eds."},{"@type":"BreadcrumbList","@id":"https:\/\/www.suno.com.br\/noticias\/confianca-da-industria-avanca-122-pontos-em-julho-aponta-fgv\/#breadcrumb","itemListElement":[{"@type":"ListItem","position":1,"name":"Not\u00edcias","item":"https:\/\/www.suno.com.br\/noticias\/"},{"@type":"ListItem","position":2,"name":"Economia","item":"https:\/\/www.suno.com.br\/noticias\/economia\/"},{"@type":"ListItem","position":3,"name":"Confian\u00e7a da ind\u00fastria avan\u00e7a 12,2 pontos em julho, aponta FGV"}]},{"@type":"WebSite","@id":"https:\/\/www.suno.com.br\/noticias\/#website","url":"https:\/\/www.suno.com.br\/noticias\/","name":"Suno Not\u00edcias","description":"Seu portal de informa\u00e7\u00e3o sobre o mundo dos investimentos","publisher":{"@id":"https:\/\/www.suno.com.br\/noticias\/#organization"},"potentialAction":[{"@type":"SearchAction","target":{"@type":"EntryPoint","urlTemplate":"https:\/\/www.suno.com.br\/noticias\/?s={search_term_string}"},"query-input":{"@type":"PropertyValueSpecification","valueRequired":true,"valueName":"search_term_string"}}],"inLanguage":"pt-BR"},{"@type":"Organization","@id":"https:\/\/www.suno.com.br\/noticias\/#organization","name":"Suno Not\u00edcias","url":"https:\/\/www.suno.com.br\/noticias\/","logo":{"@type":"ImageObject","inLanguage":"pt-BR","@id":"https:\/\/www.suno.com.br\/noticias\/#\/schema\/logo\/image\/","url":"https:\/\/files.sunoresearch.com.br\/n\/uploads\/2021\/09\/suno-logo.png","contentUrl":"https:\/\/files.sunoresearch.com.br\/n\/uploads\/2021\/09\/suno-logo.png","width":180,"height":180,"caption":"Suno Not\u00edcias"},"image":{"@id":"https:\/\/www.suno.com.br\/noticias\/#\/schema\/logo\/image\/"},"sameAs":["https:\/\/facebook.com\/sunoresearch","https:\/\/x.com\/sunoresearch","https:\/\/www.instagram.com\/suno","https:\/\/www.linkedin.com\/company\/suno-research\/","https:\/\/www.youtube.com\/c\/sunoresearch"]},{"@type":"Person","@id":"https:\/\/www.suno.com.br\/noticias\/#\/schema\/person\/02ec1f752758247878a2bf4abee1aeda","name":"Poliana Santos","image":{"@type":"ImageObject","inLanguage":"pt-BR","@id":"https:\/\/www.suno.com.br\/noticias\/#\/schema\/person\/image\/","url":"https:\/\/secure.gravatar.com\/avatar\/0645bd32f23d87b2130f2b2dff1d3f8d?s=96&r=g","contentUrl":"https:\/\/secure.gravatar.com\/avatar\/0645bd32f23d87b2130f2b2dff1d3f8d?s=96&r=g","caption":"Poliana Santos"},"description":"Rep\u00f3rter no Suno Not\u00edcias, com cobertura em mercado financeiro, economia, finan\u00e7as pessoais, renda fixa e varejo. Jornalista formada pela Faculdade C\u00e1sper L\u00edbero e possui passagem na R\u00e1dio Gazeta AM com a produ\u00e7\u00e3o de conte\u00fado sobre economia, pol\u00edtica, sa\u00fade, moda e m\u00fasica. Possui certificado de conclus\u00e3o do curso de An\u00e1lise de Balan\u00e7os pela Funda\u00e7\u00e3o Bradesco, Agenda Brasil pela FAAP, Educa\u00e7\u00e3o Pol\u00edtica por Alexandre Garcia e do Tesouro Direto e Mercado de A\u00e7\u00f5es pela B3.","url":"https:\/\/www.suno.com.br\/noticias\/author\/poliana-santos\/"}]}},"default_loop_html":"<div class=\"cardsPage__listCard__boxs\"><div class=\"cardsPage__listCard__boxs__img\"><a href=\"https:\/\/www.suno.com.br\/noticias\/confianca-da-industria-avanca-122-pontos-em-julho-aponta-fgv\/\"><img class=\"mask\" src=\"https:\/\/www.suno.com.br\/noticias\/wp-content\/themes\/suno\/resources\/images\/spotlight\/spotlight1img\/bg-mask.png\" alt=\"Image Mask\"\/><img src=\"https:\/\/files.sunoresearch.com.br\/n\/uploads\/2020\/06\/9ddad38f-5aea13cc-produ\u00e7\u00e3o-industrial-400x200.webp\" alt=\"Confian\u00e7a da ind\u00fastria avan\u00e7a 12,2 pontos em julho, aponta FGV\"\/><\/a><span class=\"spotlightCategory\"><a href=\"https:\/\/www.suno.com.br\/noticias\/economia\/\">Economia<\/a><\/span><\/div><div class=\"cardsPage__listCard__boxs__content\"><a href=\"https:\/\/www.suno.com.br\/noticias\/confianca-da-industria-avanca-122-pontos-em-julho-aponta-fgv\/\"><h2 class=\"content__title\">Confian\u00e7a da ind\u00fastria avan\u00e7a 12,2 pontos em julho, aponta FGV<\/h2><\/a><div class=\"newsContent__article__meta\"><div class=\"newsContent__article__meta__authorBox\"><a href=\"https:\/\/www.suno.com.br\/noticias\/author\/poliana-santos\/\" class=\"authorBox__avatar noMobi\"><img src=\"https:\/\/files.sunoresearch.com.br\/n\/uploads\/2020\/08\/7ef34026-whatsapp-image-2020-08-03-at-12.37.57-150x150.webp\" alt=\"Poliana Santos\"><\/a><div class=\"authorBox__name\"><span>por\n\t\t\t<a href=\"https:\/\/www.suno.com.br\/noticias\/author\/poliana-santos\/\"><span itemprop=\"author\">Poliana Santos<\/span><\/a><\/span><time datetime=\"2020-07-29T12:41:43-03:00\" itemprop=\"datePublished\">29\/07\/2020 12:41<\/time><\/div><\/div><\/div><\/div><\/div>","single_layout":"posts","amp_enabled":true,"_links":{"self":[{"href":"https:\/\/www.suno.com.br\/noticias\/wp-json\/wp\/v2\/posts\/75279"}],"collection":[{"href":"https:\/\/www.suno.com.br\/noticias\/wp-json\/wp\/v2\/posts"}],"about":[{"href":"https:\/\/www.suno.com.br\/noticias\/wp-json\/wp\/v2\/types\/post"}],"author":[{"embeddable":true,"href":"https:\/\/www.suno.com.br\/noticias\/wp-json\/wp\/v2\/users\/15"}],"replies":[{"embeddable":true,"href":"https:\/\/www.suno.com.br\/noticias\/wp-json\/wp\/v2\/comments?post=75279"}],"version-history":[{"count":0,"href":"https:\/\/www.suno.com.br\/noticias\/wp-json\/wp\/v2\/posts\/75279\/revisions"}],"wp:featuredmedia":[{"embeddable":true,"href":"https:\/\/www.suno.com.br\/noticias\/wp-json\/wp\/v2\/media\/67327"}],"wp:attachment":[{"href":"https:\/\/www.suno.com.br\/noticias\/wp-json\/wp\/v2\/media?parent=75279"}],"wp:term":[{"taxonomy":"category","embeddable":true,"href":"https:\/\/www.suno.com.br\/noticias\/wp-json\/wp\/v2\/categories?post=75279"},{"taxonomy":"post_tag","embeddable":true,"href":"https:\/\/www.suno.com.br\/noticias\/wp-json\/wp\/v2\/tags?post=75279"},{"taxonomy":"suno_strategy","embeddable":true,"href":"https:\/\/www.suno.com.br\/noticias\/wp-json\/wp\/v2\/suno_strategy?post=75279"}],"curies":[{"name":"wp","href":"https:\/\/api.w.org\/{rel}","templated":true}]}}