{"id":7525,"date":"2018-11-29T19:05:38","date_gmt":"2018-11-29T21:05:38","guid":{"rendered":"https:\/\/www.suno.com.br\/noticias\/?p=7525"},"modified":"2021-02-17T23:07:07","modified_gmt":"2021-02-18T02:07:07","slug":"g20-acordo-ue-mercosul-bolsonaro-macron","status":"publish","type":"post","link":"https:\/\/www.suno.com.br\/noticias\/g20-acordo-ue-mercosul-bolsonaro-macron\/","title":{"rendered":"Macron: Acordo de UE e Mercosul depende de Bolsonaro"},"content":{"rendered":"<p>Acordo entre Uni\u00e3o Europeia (UE) e Mercosul depende da posi\u00e7\u00e3o de Bolsonaro, segundo o presidente da Fran\u00e7a Emmanuel Macron.<\/p>\t<div class=\"wrapper-featured-image\">\n\t\t<figure class=\"spotlightImg\">\n\n\t\t\t<picture>\n\t\t\t\t<source media=\"(max-width: 768px)\" srcset=\"https:\/\/files.sunoresearch.com.br\/n\/uploads\/2018\/11\/e0177d63-macron-400x200.webp\">\n\t\t\t\t<img loading=\"lazy\" decoding=\"async\" class=\"newsContent__article__imgCapa lazyloadDisabled newsContent__article__imgCapa--noCaption\" src=\"https:\/\/files.sunoresearch.com.br\/n\/uploads\/2018\/11\/e0177d63-macron-800x450.webp\" width=\"800\" height=\"450\" alt=\"Macron: Acordo de UE e Mercosul depende de Bolsonaro\" fetchpriority=high \/>\n\t\t\t<\/picture>\n\n\t\t\t<figcaption class=\"wp-caption-text wp-caption-text--hide\">L\u00edderes europeus, como Macron, apoiam Joe Biden<\/figcaption>\n\t\t<\/figure>\n\t<\/div>\n\n\n<p>A declara\u00e7\u00e3o, foi dada nesta quinta-feira (29), pouco antes das reuni\u00f5es da c\u00fapula do <strong>G20<\/strong>.<\/p>\n<p>Mercosul (Brasil, Argentina, Paraguai e Uruguai) e Uni\u00e3o Europeia, fazem negocia\u00e7\u00e3o com tr\u00eas bases:<\/p>\n<ol>\n<li>Di\u00e1logo pol\u00edtico;<\/li>\n<li>Coopera\u00e7\u00e3o;<\/li>\n<li>Livre-com\u00e9rcio.<\/li>\n<\/ol>\n<p>Mas ap\u00f3s declara\u00e7\u00e3o dada em entrevista coletiva, o presidente da Fran\u00e7a <strong>Emmanuel Macron<\/strong>, mostrou que seu apoio ao acordo depende da opini\u00e3o de <strong>Bolsonaro<\/strong> em rela\u00e7\u00e3o ao <strong>Acordo Clim\u00e1tico de Paris<\/strong>.<\/p>\n<p>Ao lado do presidente da Argentina, <strong>Maur\u00edcio Macri<\/strong>, o presidente da Fran\u00e7a deu a seguinte declara\u00e7\u00e3o:<\/p>\n<p>\u201cN\u00e3o podemos pedir aos agricultores e trabalhadores franceses que mudem seus h\u00e1bitos de produ\u00e7\u00e3o para liderar a transi\u00e7\u00e3o ecol\u00f3gica e assinar acordos comerciais com pa\u00edses que n\u00e3o fazem o mesmo. Queremos acordos equilibrados\u201d<\/p>\n<p>Mas em nenhum momento fez cita\u00e7\u00f5es as declara\u00e7\u00f5es de Bolsonaro, que eram contr\u00e1rias ao Acordo de Paris.<\/p>\n<p><a href=\"https:\/\/www.suno.com.br\/noticias\/merkel-trump-putin-macrin-g20\/\">Saiba mais:\u00a0Merkel far\u00e1 encontros com Putin, Trump e Macri, no G20<\/a><\/p>\n<p>Macron disse tamb\u00e9m que pretende avan\u00e7ar nas negocia\u00e7\u00f5es com a Argentina. Por outro lado, ele diz ter d\u00favidas sobre o governo de Bolsonaro.<\/p>\n<p>O presidente franc\u00eas ainda falou sobre a cria\u00e7\u00e3o de um f\u00f3rum econ\u00f4mico bilateral entre Fran\u00e7a e Argentina. Desta forma, as empresas de m\u00e9dio porte teriam maior possibilidade de cruzar investimentos nas \u00e1reas de inova\u00e7\u00e3o e turismo.<\/p>\n<p>Al\u00e9m disso, ele ressaltou o apoio franc\u00eas em rela\u00e7\u00e3o ao empr\u00e9stimo pedido pelo governo argentino, ap\u00f3s grave crise. O empr\u00e9stimo pedido foi de\u00a0US$ 57 bilh\u00f5es ao<a href=\"https:\/\/www.suno.com.br\/artigos\/fmi\/\"><strong> Fundo Monet\u00e1rio Internacional (FMI)<\/strong><\/a>.<\/p>\n<div class=\"ad-content\">\n<div id=\"abrAD_dyn_rectangle1\" class=\"appear\" data-appear-top-offset=\"300\">\n<div id=\"google_ads_iframe_\/9287\/exame\/economia_7__container__\">\n<h2>G20<\/h2>\n<\/div>\n<\/div>\n<div><span style=\"font-size: 1.21429rem;\">Em rela\u00e7\u00e3o ao G20, Macron diz ter boa rela\u00e7\u00e3o com o presidente dos <strong>EUA<\/strong>, <strong>Donald Trump<\/strong>. Segundo ele, se assemelham em temas como seguran\u00e7a e luta contra o terrorismo. Em contrapartida, o presidente da Fran\u00e7a apontou diferen\u00e7as nas \u00e1reas de clima e com\u00e9rcio.<\/span><\/div>\n<\/div>\n<div><\/div>\n<div>Junto com <strong>Macron<\/strong>, j\u00e1 est\u00e3o na capital Argentina para reuni\u00e3o da C\u00fapula do <strong>G20<\/strong>:<\/div>\n<ul>\n<li>Pr\u00edncipe herdeiro da Ar\u00e1bia Saudita, Mohammed bin Salman;<\/li>\n<li>Primeiro-ministro de Singapura, Lee Hsien Loong.<\/li>\n<\/ul>\n","protected":false},"excerpt":{"rendered":"<p>Acordo entre Uni\u00e3o Europeia (UE) e Mercosul depende da posi\u00e7\u00e3o de Bolsonaro, segundo o presidente da Fran\u00e7a Emmanuel Macron. L\u00edderes europeus, como Macron, apoiam Joe Biden A declara\u00e7\u00e3o, foi dada nesta quinta-feira (29), pouco antes das reuni\u00f5es da c\u00fapula do G20. Mercosul (Brasil, Argentina, Paraguai e Uruguai) e Uni\u00e3o Europeia, fazem negocia\u00e7\u00e3o com tr\u00eas bases: [&hellip;]<\/p>\n","protected":false},"author":11,"featured_media":7531,"comment_status":"closed","ping_status":"closed","sticky":false,"template":"","format":"standard","meta":[],"categories":[63],"tags":[724,801,719],"suno_strategy":[],"class_list":["post-7525","post","type-post","status-publish","format-standard","has-post-thumbnail","hentry","category-internacional","tag-donald-trump","tag-g20","tag-jair-bolsonaro"],"yoast_head":"<!-- This site is optimized with the Yoast SEO plugin v24.4 - https:\/\/yoast.com\/wordpress\/plugins\/seo\/ -->\n<title>Macron: Acordo de UE e Mercosul depende de Bolsonaro<\/title>\n<meta name=\"description\" content=\"Emmanuel Macron, presidente da Fran\u00e7a, diz que acordo est\u00e1 nas m\u00e3o de Bolsonaro; presidente franc\u00eas fala sobre Acordo de Paris. Clique para saber mais.\" \/>\n<meta name=\"robots\" content=\"index, follow, max-snippet:-1, max-image-preview:large, max-video-preview:-1\" \/>\n<link rel=\"canonical\" href=\"https:\/\/www.suno.com.br\/noticias\/g20-acordo-ue-mercosul-bolsonaro-macron\/\" \/>\n<meta property=\"og:locale\" content=\"pt_BR\" \/>\n<meta property=\"og:type\" content=\"article\" \/>\n<meta property=\"og:title\" content=\"Macron: Acordo de UE e Mercosul depende de Bolsonaro\" \/>\n<meta property=\"og:description\" content=\"Emmanuel Macron, presidente da Fran\u00e7a, diz que acordo est\u00e1 nas m\u00e3o de Bolsonaro; presidente franc\u00eas fala sobre Acordo de Paris. Clique para saber mais.\" \/>\n<meta property=\"og:url\" content=\"https:\/\/www.suno.com.br\/noticias\/g20-acordo-ue-mercosul-bolsonaro-macron\/\" \/>\n<meta property=\"og:site_name\" content=\"Suno Not\u00edcias\" \/>\n<meta property=\"article:publisher\" content=\"https:\/\/facebook.com\/sunoresearch\" \/>\n<meta property=\"og:image\" content=\"https:\/\/files.sunoresearch.com.br\/n\/uploads\/2018\/11\/e0177d63-macron.jpg\" \/>\n\t<meta property=\"og:image:width\" content=\"1140\" \/>\n\t<meta property=\"og:image:height\" content=\"760\" \/>\n\t<meta property=\"og:image:type\" content=\"image\/jpeg\" \/>\n<meta name=\"author\" content=\"Renan Bandeira\" \/>\n<meta name=\"twitter:card\" content=\"summary_large_image\" \/>\n<meta name=\"twitter:creator\" content=\"@sunoresearch\" \/>\n<meta name=\"twitter:site\" content=\"@sunoresearch\" \/>\n<meta name=\"twitter:label1\" content=\"Escrito por\" \/>\n\t<meta name=\"twitter:data1\" content=\"Renan Bandeira\" \/>\n\t<meta name=\"twitter:label2\" content=\"Est. tempo de leitura\" \/>\n\t<meta name=\"twitter:data2\" content=\"2 minutos\" \/>\n<script type=\"application\/ld+json\" class=\"yoast-schema-graph\">{\"@context\":\"https:\/\/schema.org\",\"@graph\":[{\"@type\":\"NewsArticle\",\"@id\":\"https:\/\/www.suno.com.br\/noticias\/g20-acordo-ue-mercosul-bolsonaro-macron\/#article\",\"isPartOf\":{\"@id\":\"https:\/\/www.suno.com.br\/noticias\/g20-acordo-ue-mercosul-bolsonaro-macron\/\"},\"author\":{\"name\":\"Renan Bandeira\",\"@id\":\"https:\/\/www.suno.com.br\/noticias\/#\/schema\/person\/fc144a1c6108bd1dcd43784e88a3c138\"},\"headline\":\"Macron: Acordo de UE e Mercosul depende de Bolsonaro\",\"datePublished\":\"2018-11-29T21:05:38+00:00\",\"dateModified\":\"2021-02-18T02:07:07+00:00\",\"mainEntityOfPage\":{\"@id\":\"https:\/\/www.suno.com.br\/noticias\/g20-acordo-ue-mercosul-bolsonaro-macron\/\"},\"wordCount\":392,\"publisher\":{\"@id\":\"https:\/\/www.suno.com.br\/noticias\/#organization\"},\"image\":{\"@id\":\"https:\/\/www.suno.com.br\/noticias\/g20-acordo-ue-mercosul-bolsonaro-macron\/#primaryimage\"},\"thumbnailUrl\":\"https:\/\/files.sunoresearch.com.br\/n\/uploads\/2018\/11\/e0177d63-macron-jpg.webp\",\"keywords\":[\"Donald Trump\",\"G20\",\"Jair Bolsonaro\"],\"articleSection\":[\"Internacional\"],\"inLanguage\":\"pt-BR\"},{\"@type\":\"WebPage\",\"@id\":\"https:\/\/www.suno.com.br\/noticias\/g20-acordo-ue-mercosul-bolsonaro-macron\/\",\"url\":\"https:\/\/www.suno.com.br\/noticias\/g20-acordo-ue-mercosul-bolsonaro-macron\/\",\"name\":\"Macron: Acordo de UE e Mercosul depende de Bolsonaro\",\"isPartOf\":{\"@id\":\"https:\/\/www.suno.com.br\/noticias\/#website\"},\"primaryImageOfPage\":{\"@id\":\"https:\/\/www.suno.com.br\/noticias\/g20-acordo-ue-mercosul-bolsonaro-macron\/#primaryimage\"},\"image\":{\"@id\":\"https:\/\/www.suno.com.br\/noticias\/g20-acordo-ue-mercosul-bolsonaro-macron\/#primaryimage\"},\"thumbnailUrl\":\"https:\/\/files.sunoresearch.com.br\/n\/uploads\/2018\/11\/e0177d63-macron-jpg.webp\",\"datePublished\":\"2018-11-29T21:05:38+00:00\",\"dateModified\":\"2021-02-18T02:07:07+00:00\",\"description\":\"Emmanuel Macron, presidente da Fran\u00e7a, diz que acordo est\u00e1 nas m\u00e3o de Bolsonaro; presidente franc\u00eas fala sobre Acordo de Paris. Clique para saber mais.\",\"breadcrumb\":{\"@id\":\"https:\/\/www.suno.com.br\/noticias\/g20-acordo-ue-mercosul-bolsonaro-macron\/#breadcrumb\"},\"inLanguage\":\"pt-BR\",\"potentialAction\":[{\"@type\":\"ReadAction\",\"target\":[\"https:\/\/www.suno.com.br\/noticias\/g20-acordo-ue-mercosul-bolsonaro-macron\/\"]}]},{\"@type\":\"ImageObject\",\"inLanguage\":\"pt-BR\",\"@id\":\"https:\/\/www.suno.com.br\/noticias\/g20-acordo-ue-mercosul-bolsonaro-macron\/#primaryimage\",\"url\":\"https:\/\/files.sunoresearch.com.br\/n\/uploads\/2018\/11\/e0177d63-macron-jpg.webp\",\"contentUrl\":\"https:\/\/files.sunoresearch.com.br\/n\/uploads\/2018\/11\/e0177d63-macron-jpg.webp\",\"width\":1140,\"height\":760,\"caption\":\"L\u00edderes europeus, como Macron, apoiam Joe Biden\"},{\"@type\":\"BreadcrumbList\",\"@id\":\"https:\/\/www.suno.com.br\/noticias\/g20-acordo-ue-mercosul-bolsonaro-macron\/#breadcrumb\",\"itemListElement\":[{\"@type\":\"ListItem\",\"position\":1,\"name\":\"Not\u00edcias\",\"item\":\"https:\/\/www.suno.com.br\/noticias\/\"},{\"@type\":\"ListItem\",\"position\":2,\"name\":\"Internacional\",\"item\":\"https:\/\/www.suno.com.br\/noticias\/internacional\/\"},{\"@type\":\"ListItem\",\"position\":3,\"name\":\"Macron: Acordo de UE e Mercosul depende de Bolsonaro\"}]},{\"@type\":\"WebSite\",\"@id\":\"https:\/\/www.suno.com.br\/noticias\/#website\",\"url\":\"https:\/\/www.suno.com.br\/noticias\/\",\"name\":\"Suno Not\u00edcias\",\"description\":\"Seu portal de informa\u00e7\u00e3o sobre o mundo dos investimentos\",\"publisher\":{\"@id\":\"https:\/\/www.suno.com.br\/noticias\/#organization\"},\"potentialAction\":[{\"@type\":\"SearchAction\",\"target\":{\"@type\":\"EntryPoint\",\"urlTemplate\":\"https:\/\/www.suno.com.br\/noticias\/?s={search_term_string}\"},\"query-input\":{\"@type\":\"PropertyValueSpecification\",\"valueRequired\":true,\"valueName\":\"search_term_string\"}}],\"inLanguage\":\"pt-BR\"},{\"@type\":\"Organization\",\"@id\":\"https:\/\/www.suno.com.br\/noticias\/#organization\",\"name\":\"Suno Not\u00edcias\",\"url\":\"https:\/\/www.suno.com.br\/noticias\/\",\"logo\":{\"@type\":\"ImageObject\",\"inLanguage\":\"pt-BR\",\"@id\":\"https:\/\/www.suno.com.br\/noticias\/#\/schema\/logo\/image\/\",\"url\":\"https:\/\/files.sunoresearch.com.br\/n\/uploads\/2021\/09\/suno-logo.png\",\"contentUrl\":\"https:\/\/files.sunoresearch.com.br\/n\/uploads\/2021\/09\/suno-logo.png\",\"width\":180,\"height\":180,\"caption\":\"Suno Not\u00edcias\"},\"image\":{\"@id\":\"https:\/\/www.suno.com.br\/noticias\/#\/schema\/logo\/image\/\"},\"sameAs\":[\"https:\/\/facebook.com\/sunoresearch\",\"https:\/\/x.com\/sunoresearch\",\"https:\/\/www.instagram.com\/suno\",\"https:\/\/www.linkedin.com\/company\/suno-research\/\",\"https:\/\/www.youtube.com\/c\/sunoresearch\"]},{\"@type\":\"Person\",\"@id\":\"https:\/\/www.suno.com.br\/noticias\/#\/schema\/person\/fc144a1c6108bd1dcd43784e88a3c138\",\"name\":\"Renan Bandeira\",\"image\":{\"@type\":\"ImageObject\",\"inLanguage\":\"pt-BR\",\"@id\":\"https:\/\/www.suno.com.br\/noticias\/#\/schema\/person\/image\/\",\"url\":\"https:\/\/secure.gravatar.com\/avatar\/68359cdb608f14f11bbefcb78f3fc747?s=96&r=g\",\"contentUrl\":\"https:\/\/secure.gravatar.com\/avatar\/68359cdb608f14f11bbefcb78f3fc747?s=96&r=g\",\"caption\":\"Renan Bandeira\"},\"description\":\"Renan Bandeira escreve sobre pol\u00edtica e economia para o portal da Suno Research. Antes da Suno, trabalhou em uma rede de televis\u00e3o, onde fazia reportagens sobre os mesmos temas. Estuda na Universidade Metodista de S\u00e3o Paulo.\",\"url\":\"https:\/\/www.suno.com.br\/noticias\/author\/renan-bandeira\/\"}]}<\/script>\n<!-- \/ Yoast SEO plugin. -->","yoast_head_json":{"title":"Macron: Acordo de UE e Mercosul depende de Bolsonaro","description":"Emmanuel Macron, presidente da Fran\u00e7a, diz que acordo est\u00e1 nas m\u00e3o de Bolsonaro; presidente franc\u00eas fala sobre Acordo de Paris. Clique para saber mais.","robots":{"index":"index","follow":"follow","max-snippet":"max-snippet:-1","max-image-preview":"max-image-preview:large","max-video-preview":"max-video-preview:-1"},"canonical":"https:\/\/www.suno.com.br\/noticias\/g20-acordo-ue-mercosul-bolsonaro-macron\/","og_locale":"pt_BR","og_type":"article","og_title":"Macron: Acordo de UE e Mercosul depende de Bolsonaro","og_description":"Emmanuel Macron, presidente da Fran\u00e7a, diz que acordo est\u00e1 nas m\u00e3o de Bolsonaro; presidente franc\u00eas fala sobre Acordo de Paris. Clique para saber mais.","og_url":"https:\/\/www.suno.com.br\/noticias\/g20-acordo-ue-mercosul-bolsonaro-macron\/","og_site_name":"Suno Not\u00edcias","article_publisher":"https:\/\/facebook.com\/sunoresearch","og_image":[{"width":1140,"height":760,"url":"https:\/\/files.sunoresearch.com.br\/n\/uploads\/2018\/11\/e0177d63-macron.jpg","type":"image\/jpeg"}],"author":"Renan Bandeira","twitter_card":"summary_large_image","twitter_creator":"@sunoresearch","twitter_site":"@sunoresearch","twitter_misc":{"Escrito por":"Renan Bandeira","Est. tempo de leitura":"2 minutos"},"schema":{"@context":"https:\/\/schema.org","@graph":[{"@type":"NewsArticle","@id":"https:\/\/www.suno.com.br\/noticias\/g20-acordo-ue-mercosul-bolsonaro-macron\/#article","isPartOf":{"@id":"https:\/\/www.suno.com.br\/noticias\/g20-acordo-ue-mercosul-bolsonaro-macron\/"},"author":{"name":"Renan Bandeira","@id":"https:\/\/www.suno.com.br\/noticias\/#\/schema\/person\/fc144a1c6108bd1dcd43784e88a3c138"},"headline":"Macron: Acordo de UE e Mercosul depende de Bolsonaro","datePublished":"2018-11-29T21:05:38+00:00","dateModified":"2021-02-18T02:07:07+00:00","mainEntityOfPage":{"@id":"https:\/\/www.suno.com.br\/noticias\/g20-acordo-ue-mercosul-bolsonaro-macron\/"},"wordCount":392,"publisher":{"@id":"https:\/\/www.suno.com.br\/noticias\/#organization"},"image":{"@id":"https:\/\/www.suno.com.br\/noticias\/g20-acordo-ue-mercosul-bolsonaro-macron\/#primaryimage"},"thumbnailUrl":"https:\/\/files.sunoresearch.com.br\/n\/uploads\/2018\/11\/e0177d63-macron-jpg.webp","keywords":["Donald Trump","G20","Jair Bolsonaro"],"articleSection":["Internacional"],"inLanguage":"pt-BR"},{"@type":"WebPage","@id":"https:\/\/www.suno.com.br\/noticias\/g20-acordo-ue-mercosul-bolsonaro-macron\/","url":"https:\/\/www.suno.com.br\/noticias\/g20-acordo-ue-mercosul-bolsonaro-macron\/","name":"Macron: Acordo de UE e Mercosul depende de Bolsonaro","isPartOf":{"@id":"https:\/\/www.suno.com.br\/noticias\/#website"},"primaryImageOfPage":{"@id":"https:\/\/www.suno.com.br\/noticias\/g20-acordo-ue-mercosul-bolsonaro-macron\/#primaryimage"},"image":{"@id":"https:\/\/www.suno.com.br\/noticias\/g20-acordo-ue-mercosul-bolsonaro-macron\/#primaryimage"},"thumbnailUrl":"https:\/\/files.sunoresearch.com.br\/n\/uploads\/2018\/11\/e0177d63-macron-jpg.webp","datePublished":"2018-11-29T21:05:38+00:00","dateModified":"2021-02-18T02:07:07+00:00","description":"Emmanuel Macron, presidente da Fran\u00e7a, diz que acordo est\u00e1 nas m\u00e3o de Bolsonaro; presidente franc\u00eas fala sobre Acordo de Paris. Clique para saber mais.","breadcrumb":{"@id":"https:\/\/www.suno.com.br\/noticias\/g20-acordo-ue-mercosul-bolsonaro-macron\/#breadcrumb"},"inLanguage":"pt-BR","potentialAction":[{"@type":"ReadAction","target":["https:\/\/www.suno.com.br\/noticias\/g20-acordo-ue-mercosul-bolsonaro-macron\/"]}]},{"@type":"ImageObject","inLanguage":"pt-BR","@id":"https:\/\/www.suno.com.br\/noticias\/g20-acordo-ue-mercosul-bolsonaro-macron\/#primaryimage","url":"https:\/\/files.sunoresearch.com.br\/n\/uploads\/2018\/11\/e0177d63-macron-jpg.webp","contentUrl":"https:\/\/files.sunoresearch.com.br\/n\/uploads\/2018\/11\/e0177d63-macron-jpg.webp","width":1140,"height":760,"caption":"L\u00edderes europeus, como Macron, apoiam Joe Biden"},{"@type":"BreadcrumbList","@id":"https:\/\/www.suno.com.br\/noticias\/g20-acordo-ue-mercosul-bolsonaro-macron\/#breadcrumb","itemListElement":[{"@type":"ListItem","position":1,"name":"Not\u00edcias","item":"https:\/\/www.suno.com.br\/noticias\/"},{"@type":"ListItem","position":2,"name":"Internacional","item":"https:\/\/www.suno.com.br\/noticias\/internacional\/"},{"@type":"ListItem","position":3,"name":"Macron: Acordo de UE e Mercosul depende de Bolsonaro"}]},{"@type":"WebSite","@id":"https:\/\/www.suno.com.br\/noticias\/#website","url":"https:\/\/www.suno.com.br\/noticias\/","name":"Suno Not\u00edcias","description":"Seu portal de informa\u00e7\u00e3o sobre o mundo dos investimentos","publisher":{"@id":"https:\/\/www.suno.com.br\/noticias\/#organization"},"potentialAction":[{"@type":"SearchAction","target":{"@type":"EntryPoint","urlTemplate":"https:\/\/www.suno.com.br\/noticias\/?s={search_term_string}"},"query-input":{"@type":"PropertyValueSpecification","valueRequired":true,"valueName":"search_term_string"}}],"inLanguage":"pt-BR"},{"@type":"Organization","@id":"https:\/\/www.suno.com.br\/noticias\/#organization","name":"Suno Not\u00edcias","url":"https:\/\/www.suno.com.br\/noticias\/","logo":{"@type":"ImageObject","inLanguage":"pt-BR","@id":"https:\/\/www.suno.com.br\/noticias\/#\/schema\/logo\/image\/","url":"https:\/\/files.sunoresearch.com.br\/n\/uploads\/2021\/09\/suno-logo.png","contentUrl":"https:\/\/files.sunoresearch.com.br\/n\/uploads\/2021\/09\/suno-logo.png","width":180,"height":180,"caption":"Suno Not\u00edcias"},"image":{"@id":"https:\/\/www.suno.com.br\/noticias\/#\/schema\/logo\/image\/"},"sameAs":["https:\/\/facebook.com\/sunoresearch","https:\/\/x.com\/sunoresearch","https:\/\/www.instagram.com\/suno","https:\/\/www.linkedin.com\/company\/suno-research\/","https:\/\/www.youtube.com\/c\/sunoresearch"]},{"@type":"Person","@id":"https:\/\/www.suno.com.br\/noticias\/#\/schema\/person\/fc144a1c6108bd1dcd43784e88a3c138","name":"Renan Bandeira","image":{"@type":"ImageObject","inLanguage":"pt-BR","@id":"https:\/\/www.suno.com.br\/noticias\/#\/schema\/person\/image\/","url":"https:\/\/secure.gravatar.com\/avatar\/68359cdb608f14f11bbefcb78f3fc747?s=96&r=g","contentUrl":"https:\/\/secure.gravatar.com\/avatar\/68359cdb608f14f11bbefcb78f3fc747?s=96&r=g","caption":"Renan Bandeira"},"description":"Renan Bandeira escreve sobre pol\u00edtica e economia para o portal da Suno Research. Antes da Suno, trabalhou em uma rede de televis\u00e3o, onde fazia reportagens sobre os mesmos temas. Estuda na Universidade Metodista de S\u00e3o Paulo.","url":"https:\/\/www.suno.com.br\/noticias\/author\/renan-bandeira\/"}]}},"default_loop_html":"<div class=\"cardsPage__listCard__boxs\"><div class=\"cardsPage__listCard__boxs__img\"><a href=\"https:\/\/www.suno.com.br\/noticias\/g20-acordo-ue-mercosul-bolsonaro-macron\/\"><img class=\"mask\" src=\"https:\/\/www.suno.com.br\/noticias\/wp-content\/themes\/suno\/resources\/images\/spotlight\/spotlight1img\/bg-mask.png\" alt=\"Image Mask\"\/><img src=\"https:\/\/files.sunoresearch.com.br\/n\/uploads\/2018\/11\/e0177d63-macron-400x200.webp\" alt=\"Macron: Acordo de UE e Mercosul depende de Bolsonaro\"\/><\/a><span class=\"spotlightCategory\"><a href=\"https:\/\/www.suno.com.br\/noticias\/internacional\/\">Internacional<\/a><\/span><\/div><div class=\"cardsPage__listCard__boxs__content\"><a href=\"https:\/\/www.suno.com.br\/noticias\/g20-acordo-ue-mercosul-bolsonaro-macron\/\"><h2 class=\"content__title\">Macron: Acordo de UE e Mercosul depende de Bolsonaro<\/h2><\/a><div class=\"newsContent__article__meta\"><div class=\"newsContent__article__meta__authorBox\"><a href=\"https:\/\/www.suno.com.br\/noticias\/author\/renan-bandeira\/\" class=\"authorBox__avatar noMobi\"><img src=\"https:\/\/secure.gravatar.com\/avatar\/68359cdb608f14f11bbefcb78f3fc747?s=96&#038;r=g\" alt=\"Renan Bandeira\"><\/a><div class=\"authorBox__name\"><span>por\n\t\t\t<a href=\"https:\/\/www.suno.com.br\/noticias\/author\/renan-bandeira\/\"><span itemprop=\"author\">Renan Bandeira<\/span><\/a><\/span><time datetime=\"2018-11-29T19:05:38-02:00\" itemprop=\"datePublished\">29\/11\/2018 19:05<\/time><\/div><\/div><\/div><\/div><\/div>","single_layout":"posts","amp_enabled":true,"_links":{"self":[{"href":"https:\/\/www.suno.com.br\/noticias\/wp-json\/wp\/v2\/posts\/7525"}],"collection":[{"href":"https:\/\/www.suno.com.br\/noticias\/wp-json\/wp\/v2\/posts"}],"about":[{"href":"https:\/\/www.suno.com.br\/noticias\/wp-json\/wp\/v2\/types\/post"}],"author":[{"embeddable":true,"href":"https:\/\/www.suno.com.br\/noticias\/wp-json\/wp\/v2\/users\/11"}],"replies":[{"embeddable":true,"href":"https:\/\/www.suno.com.br\/noticias\/wp-json\/wp\/v2\/comments?post=7525"}],"version-history":[{"count":0,"href":"https:\/\/www.suno.com.br\/noticias\/wp-json\/wp\/v2\/posts\/7525\/revisions"}],"wp:featuredmedia":[{"embeddable":true,"href":"https:\/\/www.suno.com.br\/noticias\/wp-json\/wp\/v2\/media\/7531"}],"wp:attachment":[{"href":"https:\/\/www.suno.com.br\/noticias\/wp-json\/wp\/v2\/media?parent=7525"}],"wp:term":[{"taxonomy":"category","embeddable":true,"href":"https:\/\/www.suno.com.br\/noticias\/wp-json\/wp\/v2\/categories?post=7525"},{"taxonomy":"post_tag","embeddable":true,"href":"https:\/\/www.suno.com.br\/noticias\/wp-json\/wp\/v2\/tags?post=7525"},{"taxonomy":"suno_strategy","embeddable":true,"href":"https:\/\/www.suno.com.br\/noticias\/wp-json\/wp\/v2\/suno_strategy?post=7525"}],"curies":[{"name":"wp","href":"https:\/\/api.w.org\/{rel}","templated":true}]}}