{"id":75148,"date":"2020-07-28T17:33:47","date_gmt":"2020-07-28T20:33:47","guid":{"rendered":"https:\/\/www.suno.com.br\/noticias\/?p=75148"},"modified":"2021-02-17T22:54:31","modified_gmt":"2021-02-18T01:54:31","slug":"dolar-encerra-proximo-estabilidade-fed","status":"publish","type":"post","link":"https:\/\/www.suno.com.br\/noticias\/dolar-encerra-proximo-estabilidade-fed\/","title":{"rendered":"D\u00f3lar fecha pr\u00f3ximo da estabilidade a R$ 5,16 \u00e0 espera de Fed"},"content":{"rendered":"<p>O <a href=\"https:\/\/www.suno.com.br\/artigos\/dolar\/\"><strong>d\u00f3lar\u00a0<\/strong>estadunidense<\/a> encerrou a sess\u00e3o desta ter\u00e7a-feira (28) em uma leve queda de 0,016%, negociado a R$ 5,1575 na venda, com as expectativa do mercado sobre a decis\u00e3o de <a href=\"https:\/\/www.suno.com.br\/artigos\/politica-monetaria\/\">pol\u00edtica monet\u00e1ria<\/a> do <a href=\"https:\/\/www.suno.com.br\/artigos\/fed\/\">Federal Reserve (Fed)<\/a>.<\/p>\t<div class=\"wrapper-featured-image\">\n\t\t<figure class=\"spotlightImg\">\n\n\t\t\t<picture>\n\t\t\t\t<source media=\"(max-width: 768px)\" srcset=\"https:\/\/files.sunoresearch.com.br\/n\/uploads\/2020\/06\/1b1ec530-d\u00f3lar-400x200.webp\">\n\t\t\t\t<img loading=\"lazy\" decoding=\"async\" class=\"newsContent__article__imgCapa lazyloadDisabled newsContent__article__imgCapa--noCaption\" src=\"https:\/\/files.sunoresearch.com.br\/n\/uploads\/2020\/06\/1b1ec530-d\u00f3lar-800x450.webp\" width=\"800\" height=\"450\" alt=\"D\u00f3lar fecha pr\u00f3ximo da estabilidade a R$ 5,16 \u00e0 espera de Fed\" fetchpriority=high \/>\n\t\t\t<\/picture>\n\n\t\t\t<figcaption class=\"wp-caption-text wp-caption-text--hide\">Por volta das 10h25, o d\u00f3lar hoje operava em alta de 0,70%, negociado a R$ 5,5641. <\/figcaption>\n\t\t<\/figure>\n\t<\/div>\n\n\n\n<p>A moeda americana fechou o dia praticamente est\u00e1vel, com os investidores atentos aos dados melhores da economia brasileira. O resultado do d\u00f3lar tamb\u00e9m refletiu as apostas sobre pol\u00edtica monet\u00e1ria do banco central norte-americano.<\/p>\n<p>O Fed planeja anunciar nesta quarta-feira (29) sua decis\u00e3o sobre a taxa de juros para a maior economia do mundo. As expectativas tamb\u00e9m est\u00e3o voltadas para a aprova\u00e7\u00e3o de um novo pacote de est\u00edmulo fiscal de US$ 1 trilh\u00e3o (cerca de R$ 5,16 trilh\u00f5es) pelo Congresso norte-americano.<\/p>\n<p><a href=\"https:\/\/lp.suno.com.br\/suno-one\/\">Conhe\u00e7a o Suno One, a central gratuita de informa\u00e7\u00f5es da Suno para quem quer aprender a investir. Acesse clicando aqui.<\/a><\/p>\n<p>Al\u00e9m disso, o <a href=\"https:\/\/www.suno.com.br\/artigos\/bacen\/\">Banco Central (BC)<\/a> realizou um leil\u00e3o para rolagem de at\u00e9 US$ 2 bilh\u00f5es em linhas de moeda estrangeira com compromisso de recompra.<\/p>\n<p>Com isso, confira as not\u00edcias que movimentaram o mercado de c\u00e2mbio nesta ter\u00e7a-feira:<\/p>\n<ul>\n<li>Fed estende programas de aux\u00edlio at\u00e9 final do ano<\/li>\n<li>Goldman Sachs alerta para risco do d\u00f3lar deixar posi\u00e7\u00e3o de reserva global<\/li>\n<li>Brasil tem 10.984 vagas de trabalho fechadas em junho<\/li>\n<\/ul>\n<h2>Fed estende programas at\u00e9 fim do ano<\/h2>\n<p>O Fed estendeu os programas de empr\u00e9stimos emergenciais nos Estados Unidos at\u00e9 31 de dezembro de 2020. O banco central norte-americano lan\u00e7ou essas medidas para combater os efeitos nocivos da pandemia do coronav\u00edrus.<\/p>\n<p><a href=\"https:\/\/www.suno.com.br\/noticias\/fed-estende-programas-auxilio-emergencial-eua-ate-final-ano\/\">Saiba mais: Fed estende programas de aux\u00edlio emergencial nos EUA at\u00e9 o final do ano<\/a><\/p>\n<p>Fed informou, em comunicado, que a extens\u00e3o dos programas, at\u00e9 o final do ano, &#8220;facilitar\u00e1 o planejamento dos participantes potenciais e garantir\u00e3o que os empr\u00e9stimos continuem dispon\u00edveis para ajudar a economia a se recuperar&#8221;.<\/p>\n<h2>Goldman alerta para risco do d\u00f3lar perder posi\u00e7\u00e3o<\/h2>\n<p>O Goldman Sachs alertou nesta sobre a possibilidade do d\u00f3lar perder seu status de reserva global. A institui\u00e7\u00e3o financeira destacou que a principal raz\u00e3o seria a crescente preocupa\u00e7\u00e3o com a <a href=\"https:\/\/www.suno.com.br\/artigos\/inflacao\/\">infla\u00e7\u00e3o<\/a> nos EUA.<\/p>\n<p><a href=\"https:\/\/www.suno.com.br\/noticias\/goldman-sachs-alerta-risco-dolar-deixar-posicao-reserva-global\/\">Saiba mais: Goldman Sachs alerta para risco do d\u00f3lar deixar posi\u00e7\u00e3o de reserva global<\/a><\/p>\n<p>Os estrategistas do grupo avaliam que a <a href=\"https:\/\/www.suno.com.br\/artigos\/politica-fiscal\/\">pol\u00edtica fiscal<\/a> e <a href=\"https:\/\/www.suno.com.br\/artigos\/politica-monetaria\/\">monet\u00e1ria<\/a> dos Estados Unidos est\u00e1 aumentando as preocupa\u00e7\u00f5es do mercado quanto \u00e0 possibilidade de desvaloriza\u00e7\u00e3o da moeda. Isso poderia acabar com o reinado do d\u00f3lar como for\u00e7a dominante nos <a href=\"https:\/\/www.suno.com.br\/artigos\/mercado-de-cambio\/\">mercados globais de c\u00e2mbio<\/a>.<\/p>\n<p>O mercado mostra preocupa\u00e7\u00e3o quanto \u00e0 atitude do Fed em rela\u00e7\u00e3o \u00e0 impress\u00e3o de d\u00f3lares desencadeie uma brusca infla\u00e7\u00e3o nos pr\u00f3ximos anos. Esse temor faz com que investidores vendam os d\u00f3lares e <a href=\"https:\/\/www.suno.com.br\/artigos\/ouro-investimento\/\">acumulem ouro<\/a>.<\/p>\n<h2>Brasil fecha 10.984 vagas em junho<\/h2>\n<p>O mercado de trabalho formal do Brasil teve fechamento de 10.984 vagas com carteira assinada em junho, segundo dados do <a href=\"https:\/\/www.suno.com.br\/artigos\/caged\/\">Cadastro Geral de Empregados e Desempregados (<strong>Caged<\/strong>)<\/a>.<\/p>\n<p>De acordo com o indicador divulgado pelo Minist\u00e9rio da Economia, foram registradas 895.460 contrata\u00e7\u00f5es per\u00edodo, ao passado que foram reportados 906.444 desligamentos.<\/p>\n<p><a href=\"https:\/\/www.suno.com.br\/noticias\/caged-brasil-tem-10-984-vagas-de-trabalho-fechadas-em-junho\/\">Saiba mais: Caged: Brasil tem 10.984 vagas de trabalho fechadas em junho<\/a><\/p>\n<p>No acumulado do ano, o saldo do emprego formal encerrou o primeiro semestre negativo em 1.198.363, resultado de 6.718.276 admiss\u00f5es e 7.916.639 desligamentos.<\/p>\n<h2>\u00daltima cota\u00e7\u00e3o do d\u00f3lar<\/h2>\n<p>Na sess\u00e3o da \u00faltima segunda-feira, o <strong>d\u00f3lar<\/strong> encerrou o preg\u00e3o em queda de 0,935%, negociado a R$ 5,1583 na venda.<\/p>\n\n","protected":false},"excerpt":{"rendered":"<p>O d\u00f3lar\u00a0estadunidense encerrou a sess\u00e3o desta ter\u00e7a-feira (28) em uma leve queda de 0,016%, negociado a R$ 5,1575 na venda, com as expectativa do mercado sobre a decis\u00e3o de pol\u00edtica monet\u00e1ria do Federal Reserve (Fed). Por volta das 10h25, o d\u00f3lar hoje operava em alta de 0,70%, negociado a R$ 5,5641. A moeda americana fechou [&hellip;]<\/p>\n","protected":false},"author":35,"featured_media":67775,"comment_status":"closed","ping_status":"closed","sticky":false,"template":"","format":"standard","meta":[],"categories":[60],"tags":[1261,326,776,775],"suno_strategy":[],"class_list":["post-75148","post","type-post","status-publish","format-standard","has-post-thumbnail","hentry","category-mercado","tag-caged","tag-dolar","tag-federal-reseve-fed","tag-goldman-sachs-gsgi34"],"yoast_head":"<!-- This site is optimized with the Yoast SEO plugin v24.4 - https:\/\/yoast.com\/wordpress\/plugins\/seo\/ -->\n<title>D\u00f3lar fecha pr\u00f3ximo da estabilidade a R$ 5,16 \u00e0 espera de Fed<\/title>\n<meta name=\"description\" content=\"O d\u00f3lar\u00a0estadunidense encerrou a sess\u00e3o nesta ter\u00e7a-feira em uma leve queda de 0,016%, negociado a R$ 5,1575 na venda. Clique para saber mais\" \/>\n<meta name=\"robots\" content=\"index, follow, max-snippet:-1, max-image-preview:large, max-video-preview:-1\" \/>\n<link rel=\"canonical\" href=\"https:\/\/www.suno.com.br\/noticias\/dolar-encerra-proximo-estabilidade-fed\/\" \/>\n<meta property=\"og:locale\" content=\"pt_BR\" \/>\n<meta property=\"og:type\" content=\"article\" \/>\n<meta property=\"og:title\" content=\"D\u00f3lar fecha pr\u00f3ximo da estabilidade a R$ 5,16 \u00e0 espera de Fed\" \/>\n<meta property=\"og:description\" content=\"O d\u00f3lar\u00a0estadunidense encerrou a sess\u00e3o nesta ter\u00e7a-feira em uma leve queda de 0,016%, negociado a R$ 5,1575 na venda. Clique para saber mais\" \/>\n<meta property=\"og:url\" content=\"https:\/\/www.suno.com.br\/noticias\/dolar-encerra-proximo-estabilidade-fed\/\" \/>\n<meta property=\"og:site_name\" content=\"Suno Not\u00edcias\" \/>\n<meta property=\"article:publisher\" content=\"https:\/\/facebook.com\/sunoresearch\" \/>\n<meta property=\"og:image\" content=\"https:\/\/files.sunoresearch.com.br\/n\/uploads\/2020\/06\/1b1ec530-d\u00f3lar.jpg\" \/>\n\t<meta property=\"og:image:width\" content=\"1200\" \/>\n\t<meta property=\"og:image:height\" content=\"800\" \/>\n\t<meta property=\"og:image:type\" content=\"image\/jpeg\" \/>\n<meta name=\"author\" content=\"Arthur Guimar\u00e3es\" \/>\n<meta name=\"twitter:card\" content=\"summary_large_image\" \/>\n<meta name=\"twitter:creator\" content=\"@sunoresearch\" \/>\n<meta name=\"twitter:site\" content=\"@sunoresearch\" \/>\n<meta name=\"twitter:label1\" content=\"Escrito por\" \/>\n\t<meta name=\"twitter:data1\" content=\"Arthur Guimar\u00e3es\" \/>\n\t<meta name=\"twitter:label2\" content=\"Est. tempo de leitura\" \/>\n\t<meta name=\"twitter:data2\" content=\"3 minutos\" \/>\n<script type=\"application\/ld+json\" class=\"yoast-schema-graph\">{\"@context\":\"https:\/\/schema.org\",\"@graph\":[{\"@type\":\"NewsArticle\",\"@id\":\"https:\/\/www.suno.com.br\/noticias\/dolar-encerra-proximo-estabilidade-fed\/#article\",\"isPartOf\":{\"@id\":\"https:\/\/www.suno.com.br\/noticias\/dolar-encerra-proximo-estabilidade-fed\/\"},\"author\":{\"name\":\"Arthur Guimar\u00e3es\",\"@id\":\"https:\/\/www.suno.com.br\/noticias\/#\/schema\/person\/053a750a709a263919a20f976caae91c\"},\"headline\":\"D\u00f3lar fecha pr\u00f3ximo da estabilidade a R$ 5,16 \u00e0 espera de Fed\",\"datePublished\":\"2020-07-28T20:33:47+00:00\",\"dateModified\":\"2021-02-18T01:54:31+00:00\",\"mainEntityOfPage\":{\"@id\":\"https:\/\/www.suno.com.br\/noticias\/dolar-encerra-proximo-estabilidade-fed\/\"},\"wordCount\":605,\"publisher\":{\"@id\":\"https:\/\/www.suno.com.br\/noticias\/#organization\"},\"image\":{\"@id\":\"https:\/\/www.suno.com.br\/noticias\/dolar-encerra-proximo-estabilidade-fed\/#primaryimage\"},\"thumbnailUrl\":\"https:\/\/files.sunoresearch.com.br\/n\/uploads\/2020\/06\/1b1ec530-d\u00f3lar-jpg.webp\",\"keywords\":[\"Caged\",\"d\u00f3lar\",\"Federal Reserve (FED)\",\"Goldman Sachs (GSGI34)\"],\"articleSection\":[\"Mercado\"],\"inLanguage\":\"pt-BR\"},{\"@type\":\"WebPage\",\"@id\":\"https:\/\/www.suno.com.br\/noticias\/dolar-encerra-proximo-estabilidade-fed\/\",\"url\":\"https:\/\/www.suno.com.br\/noticias\/dolar-encerra-proximo-estabilidade-fed\/\",\"name\":\"D\u00f3lar fecha pr\u00f3ximo da estabilidade a R$ 5,16 \u00e0 espera de Fed\",\"isPartOf\":{\"@id\":\"https:\/\/www.suno.com.br\/noticias\/#website\"},\"primaryImageOfPage\":{\"@id\":\"https:\/\/www.suno.com.br\/noticias\/dolar-encerra-proximo-estabilidade-fed\/#primaryimage\"},\"image\":{\"@id\":\"https:\/\/www.suno.com.br\/noticias\/dolar-encerra-proximo-estabilidade-fed\/#primaryimage\"},\"thumbnailUrl\":\"https:\/\/files.sunoresearch.com.br\/n\/uploads\/2020\/06\/1b1ec530-d\u00f3lar-jpg.webp\",\"datePublished\":\"2020-07-28T20:33:47+00:00\",\"dateModified\":\"2021-02-18T01:54:31+00:00\",\"description\":\"O d\u00f3lar\u00a0estadunidense encerrou a sess\u00e3o nesta ter\u00e7a-feira em uma leve queda de 0,016%, negociado a R$ 5,1575 na venda. Clique para saber mais\",\"breadcrumb\":{\"@id\":\"https:\/\/www.suno.com.br\/noticias\/dolar-encerra-proximo-estabilidade-fed\/#breadcrumb\"},\"inLanguage\":\"pt-BR\",\"potentialAction\":[{\"@type\":\"ReadAction\",\"target\":[\"https:\/\/www.suno.com.br\/noticias\/dolar-encerra-proximo-estabilidade-fed\/\"]}]},{\"@type\":\"ImageObject\",\"inLanguage\":\"pt-BR\",\"@id\":\"https:\/\/www.suno.com.br\/noticias\/dolar-encerra-proximo-estabilidade-fed\/#primaryimage\",\"url\":\"https:\/\/files.sunoresearch.com.br\/n\/uploads\/2020\/06\/1b1ec530-d\u00f3lar-jpg.webp\",\"contentUrl\":\"https:\/\/files.sunoresearch.com.br\/n\/uploads\/2020\/06\/1b1ec530-d\u00f3lar-jpg.webp\",\"width\":1200,\"height\":800,\"caption\":\"Por volta das 10h25, o d\u00f3lar hoje operava em alta de 0,70%, negociado a R$ 5,5641.\"},{\"@type\":\"BreadcrumbList\",\"@id\":\"https:\/\/www.suno.com.br\/noticias\/dolar-encerra-proximo-estabilidade-fed\/#breadcrumb\",\"itemListElement\":[{\"@type\":\"ListItem\",\"position\":1,\"name\":\"Not\u00edcias\",\"item\":\"https:\/\/www.suno.com.br\/noticias\/\"},{\"@type\":\"ListItem\",\"position\":2,\"name\":\"Mercado\",\"item\":\"https:\/\/www.suno.com.br\/noticias\/mercado\/\"},{\"@type\":\"ListItem\",\"position\":3,\"name\":\"D\u00f3lar fecha pr\u00f3ximo da estabilidade a R$ 5,16 \u00e0 espera de Fed\"}]},{\"@type\":\"WebSite\",\"@id\":\"https:\/\/www.suno.com.br\/noticias\/#website\",\"url\":\"https:\/\/www.suno.com.br\/noticias\/\",\"name\":\"Suno Not\u00edcias\",\"description\":\"Seu portal de informa\u00e7\u00e3o sobre o mundo dos investimentos\",\"publisher\":{\"@id\":\"https:\/\/www.suno.com.br\/noticias\/#organization\"},\"potentialAction\":[{\"@type\":\"SearchAction\",\"target\":{\"@type\":\"EntryPoint\",\"urlTemplate\":\"https:\/\/www.suno.com.br\/noticias\/?s={search_term_string}\"},\"query-input\":{\"@type\":\"PropertyValueSpecification\",\"valueRequired\":true,\"valueName\":\"search_term_string\"}}],\"inLanguage\":\"pt-BR\"},{\"@type\":\"Organization\",\"@id\":\"https:\/\/www.suno.com.br\/noticias\/#organization\",\"name\":\"Suno Not\u00edcias\",\"url\":\"https:\/\/www.suno.com.br\/noticias\/\",\"logo\":{\"@type\":\"ImageObject\",\"inLanguage\":\"pt-BR\",\"@id\":\"https:\/\/www.suno.com.br\/noticias\/#\/schema\/logo\/image\/\",\"url\":\"https:\/\/files.sunoresearch.com.br\/n\/uploads\/2021\/09\/suno-logo.png\",\"contentUrl\":\"https:\/\/files.sunoresearch.com.br\/n\/uploads\/2021\/09\/suno-logo.png\",\"width\":180,\"height\":180,\"caption\":\"Suno Not\u00edcias\"},\"image\":{\"@id\":\"https:\/\/www.suno.com.br\/noticias\/#\/schema\/logo\/image\/\"},\"sameAs\":[\"https:\/\/facebook.com\/sunoresearch\",\"https:\/\/x.com\/sunoresearch\",\"https:\/\/www.instagram.com\/suno\",\"https:\/\/www.linkedin.com\/company\/suno-research\/\",\"https:\/\/www.youtube.com\/c\/sunoresearch\"]},{\"@type\":\"Person\",\"@id\":\"https:\/\/www.suno.com.br\/noticias\/#\/schema\/person\/053a750a709a263919a20f976caae91c\",\"name\":\"Arthur Guimar\u00e3es\",\"image\":{\"@type\":\"ImageObject\",\"inLanguage\":\"pt-BR\",\"@id\":\"https:\/\/www.suno.com.br\/noticias\/#\/schema\/person\/image\/\",\"url\":\"https:\/\/secure.gravatar.com\/avatar\/1affd86a11209ae09eb6dd3bcad3e96c?s=96&r=g\",\"contentUrl\":\"https:\/\/secure.gravatar.com\/avatar\/1affd86a11209ae09eb6dd3bcad3e96c?s=96&r=g\",\"caption\":\"Arthur Guimar\u00e3es\"},\"description\":\"Arthur Guimar\u00e3es escreve sobre pol\u00edtica, economia e neg\u00f3cios para o portal de not\u00edcias da Suno Research. Atualmente, \u00e9 estudante de jornalismo pela Faculdade C\u00e1sper L\u00edbero.\",\"url\":\"https:\/\/www.suno.com.br\/noticias\/author\/arthur-guimaraes\/\"}]}<\/script>\n<!-- \/ Yoast SEO plugin. -->","yoast_head_json":{"title":"D\u00f3lar fecha pr\u00f3ximo da estabilidade a R$ 5,16 \u00e0 espera de Fed","description":"O d\u00f3lar\u00a0estadunidense encerrou a sess\u00e3o nesta ter\u00e7a-feira em uma leve queda de 0,016%, negociado a R$ 5,1575 na venda. Clique para saber mais","robots":{"index":"index","follow":"follow","max-snippet":"max-snippet:-1","max-image-preview":"max-image-preview:large","max-video-preview":"max-video-preview:-1"},"canonical":"https:\/\/www.suno.com.br\/noticias\/dolar-encerra-proximo-estabilidade-fed\/","og_locale":"pt_BR","og_type":"article","og_title":"D\u00f3lar fecha pr\u00f3ximo da estabilidade a R$ 5,16 \u00e0 espera de Fed","og_description":"O d\u00f3lar\u00a0estadunidense encerrou a sess\u00e3o nesta ter\u00e7a-feira em uma leve queda de 0,016%, negociado a R$ 5,1575 na venda. Clique para saber mais","og_url":"https:\/\/www.suno.com.br\/noticias\/dolar-encerra-proximo-estabilidade-fed\/","og_site_name":"Suno Not\u00edcias","article_publisher":"https:\/\/facebook.com\/sunoresearch","og_image":[{"width":1200,"height":800,"url":"https:\/\/files.sunoresearch.com.br\/n\/uploads\/2020\/06\/1b1ec530-d\u00f3lar.jpg","type":"image\/jpeg"}],"author":"Arthur Guimar\u00e3es","twitter_card":"summary_large_image","twitter_creator":"@sunoresearch","twitter_site":"@sunoresearch","twitter_misc":{"Escrito por":"Arthur Guimar\u00e3es","Est. tempo de leitura":"3 minutos"},"schema":{"@context":"https:\/\/schema.org","@graph":[{"@type":"NewsArticle","@id":"https:\/\/www.suno.com.br\/noticias\/dolar-encerra-proximo-estabilidade-fed\/#article","isPartOf":{"@id":"https:\/\/www.suno.com.br\/noticias\/dolar-encerra-proximo-estabilidade-fed\/"},"author":{"name":"Arthur Guimar\u00e3es","@id":"https:\/\/www.suno.com.br\/noticias\/#\/schema\/person\/053a750a709a263919a20f976caae91c"},"headline":"D\u00f3lar fecha pr\u00f3ximo da estabilidade a R$ 5,16 \u00e0 espera de Fed","datePublished":"2020-07-28T20:33:47+00:00","dateModified":"2021-02-18T01:54:31+00:00","mainEntityOfPage":{"@id":"https:\/\/www.suno.com.br\/noticias\/dolar-encerra-proximo-estabilidade-fed\/"},"wordCount":605,"publisher":{"@id":"https:\/\/www.suno.com.br\/noticias\/#organization"},"image":{"@id":"https:\/\/www.suno.com.br\/noticias\/dolar-encerra-proximo-estabilidade-fed\/#primaryimage"},"thumbnailUrl":"https:\/\/files.sunoresearch.com.br\/n\/uploads\/2020\/06\/1b1ec530-d\u00f3lar-jpg.webp","keywords":["Caged","d\u00f3lar","Federal Reserve (FED)","Goldman Sachs (GSGI34)"],"articleSection":["Mercado"],"inLanguage":"pt-BR"},{"@type":"WebPage","@id":"https:\/\/www.suno.com.br\/noticias\/dolar-encerra-proximo-estabilidade-fed\/","url":"https:\/\/www.suno.com.br\/noticias\/dolar-encerra-proximo-estabilidade-fed\/","name":"D\u00f3lar fecha pr\u00f3ximo da estabilidade a R$ 5,16 \u00e0 espera de Fed","isPartOf":{"@id":"https:\/\/www.suno.com.br\/noticias\/#website"},"primaryImageOfPage":{"@id":"https:\/\/www.suno.com.br\/noticias\/dolar-encerra-proximo-estabilidade-fed\/#primaryimage"},"image":{"@id":"https:\/\/www.suno.com.br\/noticias\/dolar-encerra-proximo-estabilidade-fed\/#primaryimage"},"thumbnailUrl":"https:\/\/files.sunoresearch.com.br\/n\/uploads\/2020\/06\/1b1ec530-d\u00f3lar-jpg.webp","datePublished":"2020-07-28T20:33:47+00:00","dateModified":"2021-02-18T01:54:31+00:00","description":"O d\u00f3lar\u00a0estadunidense encerrou a sess\u00e3o nesta ter\u00e7a-feira em uma leve queda de 0,016%, negociado a R$ 5,1575 na venda. Clique para saber mais","breadcrumb":{"@id":"https:\/\/www.suno.com.br\/noticias\/dolar-encerra-proximo-estabilidade-fed\/#breadcrumb"},"inLanguage":"pt-BR","potentialAction":[{"@type":"ReadAction","target":["https:\/\/www.suno.com.br\/noticias\/dolar-encerra-proximo-estabilidade-fed\/"]}]},{"@type":"ImageObject","inLanguage":"pt-BR","@id":"https:\/\/www.suno.com.br\/noticias\/dolar-encerra-proximo-estabilidade-fed\/#primaryimage","url":"https:\/\/files.sunoresearch.com.br\/n\/uploads\/2020\/06\/1b1ec530-d\u00f3lar-jpg.webp","contentUrl":"https:\/\/files.sunoresearch.com.br\/n\/uploads\/2020\/06\/1b1ec530-d\u00f3lar-jpg.webp","width":1200,"height":800,"caption":"Por volta das 10h25, o d\u00f3lar hoje operava em alta de 0,70%, negociado a R$ 5,5641."},{"@type":"BreadcrumbList","@id":"https:\/\/www.suno.com.br\/noticias\/dolar-encerra-proximo-estabilidade-fed\/#breadcrumb","itemListElement":[{"@type":"ListItem","position":1,"name":"Not\u00edcias","item":"https:\/\/www.suno.com.br\/noticias\/"},{"@type":"ListItem","position":2,"name":"Mercado","item":"https:\/\/www.suno.com.br\/noticias\/mercado\/"},{"@type":"ListItem","position":3,"name":"D\u00f3lar fecha pr\u00f3ximo da estabilidade a R$ 5,16 \u00e0 espera de Fed"}]},{"@type":"WebSite","@id":"https:\/\/www.suno.com.br\/noticias\/#website","url":"https:\/\/www.suno.com.br\/noticias\/","name":"Suno Not\u00edcias","description":"Seu portal de informa\u00e7\u00e3o sobre o mundo dos investimentos","publisher":{"@id":"https:\/\/www.suno.com.br\/noticias\/#organization"},"potentialAction":[{"@type":"SearchAction","target":{"@type":"EntryPoint","urlTemplate":"https:\/\/www.suno.com.br\/noticias\/?s={search_term_string}"},"query-input":{"@type":"PropertyValueSpecification","valueRequired":true,"valueName":"search_term_string"}}],"inLanguage":"pt-BR"},{"@type":"Organization","@id":"https:\/\/www.suno.com.br\/noticias\/#organization","name":"Suno Not\u00edcias","url":"https:\/\/www.suno.com.br\/noticias\/","logo":{"@type":"ImageObject","inLanguage":"pt-BR","@id":"https:\/\/www.suno.com.br\/noticias\/#\/schema\/logo\/image\/","url":"https:\/\/files.sunoresearch.com.br\/n\/uploads\/2021\/09\/suno-logo.png","contentUrl":"https:\/\/files.sunoresearch.com.br\/n\/uploads\/2021\/09\/suno-logo.png","width":180,"height":180,"caption":"Suno Not\u00edcias"},"image":{"@id":"https:\/\/www.suno.com.br\/noticias\/#\/schema\/logo\/image\/"},"sameAs":["https:\/\/facebook.com\/sunoresearch","https:\/\/x.com\/sunoresearch","https:\/\/www.instagram.com\/suno","https:\/\/www.linkedin.com\/company\/suno-research\/","https:\/\/www.youtube.com\/c\/sunoresearch"]},{"@type":"Person","@id":"https:\/\/www.suno.com.br\/noticias\/#\/schema\/person\/053a750a709a263919a20f976caae91c","name":"Arthur Guimar\u00e3es","image":{"@type":"ImageObject","inLanguage":"pt-BR","@id":"https:\/\/www.suno.com.br\/noticias\/#\/schema\/person\/image\/","url":"https:\/\/secure.gravatar.com\/avatar\/1affd86a11209ae09eb6dd3bcad3e96c?s=96&r=g","contentUrl":"https:\/\/secure.gravatar.com\/avatar\/1affd86a11209ae09eb6dd3bcad3e96c?s=96&r=g","caption":"Arthur Guimar\u00e3es"},"description":"Arthur Guimar\u00e3es escreve sobre pol\u00edtica, economia e neg\u00f3cios para o portal de not\u00edcias da Suno Research. Atualmente, \u00e9 estudante de jornalismo pela Faculdade C\u00e1sper L\u00edbero.","url":"https:\/\/www.suno.com.br\/noticias\/author\/arthur-guimaraes\/"}]}},"default_loop_html":"<div class=\"cardsPage__listCard__boxs\"><div class=\"cardsPage__listCard__boxs__img\"><a href=\"https:\/\/www.suno.com.br\/noticias\/dolar-encerra-proximo-estabilidade-fed\/\"><img class=\"mask\" src=\"https:\/\/www.suno.com.br\/noticias\/wp-content\/themes\/suno\/resources\/images\/spotlight\/spotlight1img\/bg-mask.png\" alt=\"Image Mask\"\/><img src=\"https:\/\/files.sunoresearch.com.br\/n\/uploads\/2020\/06\/1b1ec530-d\u00f3lar-400x200.webp\" alt=\"D\u00f3lar fecha pr\u00f3ximo da estabilidade a R$ 5,16 \u00e0 espera de Fed\"\/><\/a><span class=\"spotlightCategory\"><a href=\"https:\/\/www.suno.com.br\/noticias\/mercado\/\">Mercado<\/a><\/span><\/div><div class=\"cardsPage__listCard__boxs__content\"><a href=\"https:\/\/www.suno.com.br\/noticias\/dolar-encerra-proximo-estabilidade-fed\/\"><h2 class=\"content__title\">D\u00f3lar fecha pr\u00f3ximo da estabilidade a R$ 5,16 \u00e0 espera de Fed<\/h2><\/a><div class=\"newsContent__article__meta\"><div class=\"newsContent__article__meta__authorBox\"><a href=\"https:\/\/www.suno.com.br\/noticias\/author\/arthur-guimaraes\/\" class=\"authorBox__avatar noMobi\"><img src=\"https:\/\/files.sunoresearch.com.br\/n\/uploads\/2020\/02\/dfb40897-eu-150x150.webp\" alt=\"Arthur Guimar\u00e3es\"><\/a><div class=\"authorBox__name\"><span>por\n\t\t\t<a href=\"https:\/\/www.suno.com.br\/noticias\/author\/arthur-guimaraes\/\"><span itemprop=\"author\">Arthur Guimar\u00e3es<\/span><\/a><\/span><time datetime=\"2020-07-28T17:33:47-03:00\" itemprop=\"datePublished\">28\/07\/2020 17:33<\/time><\/div><\/div><\/div><\/div><\/div>","single_layout":"posts","amp_enabled":true,"_links":{"self":[{"href":"https:\/\/www.suno.com.br\/noticias\/wp-json\/wp\/v2\/posts\/75148"}],"collection":[{"href":"https:\/\/www.suno.com.br\/noticias\/wp-json\/wp\/v2\/posts"}],"about":[{"href":"https:\/\/www.suno.com.br\/noticias\/wp-json\/wp\/v2\/types\/post"}],"author":[{"embeddable":true,"href":"https:\/\/www.suno.com.br\/noticias\/wp-json\/wp\/v2\/users\/35"}],"replies":[{"embeddable":true,"href":"https:\/\/www.suno.com.br\/noticias\/wp-json\/wp\/v2\/comments?post=75148"}],"version-history":[{"count":0,"href":"https:\/\/www.suno.com.br\/noticias\/wp-json\/wp\/v2\/posts\/75148\/revisions"}],"wp:featuredmedia":[{"embeddable":true,"href":"https:\/\/www.suno.com.br\/noticias\/wp-json\/wp\/v2\/media\/67775"}],"wp:attachment":[{"href":"https:\/\/www.suno.com.br\/noticias\/wp-json\/wp\/v2\/media?parent=75148"}],"wp:term":[{"taxonomy":"category","embeddable":true,"href":"https:\/\/www.suno.com.br\/noticias\/wp-json\/wp\/v2\/categories?post=75148"},{"taxonomy":"post_tag","embeddable":true,"href":"https:\/\/www.suno.com.br\/noticias\/wp-json\/wp\/v2\/tags?post=75148"},{"taxonomy":"suno_strategy","embeddable":true,"href":"https:\/\/www.suno.com.br\/noticias\/wp-json\/wp\/v2\/suno_strategy?post=75148"}],"curies":[{"name":"wp","href":"https:\/\/api.w.org\/{rel}","templated":true}]}}