{"id":75137,"date":"2020-07-28T19:24:03","date_gmt":"2020-07-28T22:24:03","guid":{"rendered":"https:\/\/www.suno.com.br\/noticias\/?p=75137"},"modified":"2021-02-17T22:56:39","modified_gmt":"2021-02-18T01:56:39","slug":"bndes-pernambuco-privatizacao-rodovias","status":"publish","type":"post","link":"https:\/\/www.suno.com.br\/noticias\/bndes-pernambuco-privatizacao-rodovias\/","title":{"rendered":"BNDES e governo de Pernambuco estudam privatiza\u00e7\u00e3o de rodovias"},"content":{"rendered":"<p>O <a href=\"https:\/\/www.suno.com.br\/artigos\/bancos-de-desenvolvimento\/\">Banco Nacional de Desenvolvimento Econ\u00f4mico e Social (<strong>BNDES<\/strong>)<\/a> comunicou nesta ter\u00e7a-feira (28) a assinatura de contrato junto ao governo de Pernambuco para a realiza\u00e7\u00e3o de de estudos para privatiza\u00e7\u00e3o de trechos rodovi\u00e1rios no estado.<\/p>\t<div class=\"wrapper-featured-image\">\n\t\t<figure class=\"spotlightImg\">\n\n\t\t\t<picture>\n\t\t\t\t<source media=\"(max-width: 768px)\" srcset=\"https:\/\/files.sunoresearch.com.br\/n\/uploads\/2020\/07\/44da69f1-rodovia-400x200.webp\">\n\t\t\t\t<img loading=\"lazy\" decoding=\"async\" class=\"newsContent__article__imgCapa lazyloadDisabled newsContent__article__imgCapa--noCaption\" src=\"https:\/\/files.sunoresearch.com.br\/n\/uploads\/2020\/07\/44da69f1-rodovia-jpg.webp\" width=\"800\" height=\"450\" alt=\"BNDES e governo de Pernambuco estudam privatiza\u00e7\u00e3o de rodovias\" fetchpriority=high \/>\n\t\t\t<\/picture>\n\n\t\t\t<figcaption class=\"wp-caption-text wp-caption-text--hide\">BNDES e governo de Pernambuco estudam privatiza\u00e7\u00e3o de rodovias<\/figcaption>\n\t\t<\/figure>\n\t<\/div>\n\n\n\n<p>O banco de fomento indicou que estudos preliminares governo estadual projetam investimentos de R$ 850 milh\u00f5es, ao longo do prazo de concess\u00e3o nessas rodovias. O <strong>BNDES<\/strong> informou que o acordo contempla quatro rodovias:<\/p>\n<ul>\n<li>PE-045;<\/li>\n<li>PE-050;<\/li>\n<li>PE-060;<\/li>\n<li>PE-090.<\/li>\n<\/ul>\n<p>Dessa forma, essas vias somam ao todo 272 quil\u00f4metros de estrada, que costuram caminhos por 30 munic\u00edpios da regi\u00e3o.<\/p>\n<p><a href=\"https:\/\/lp.suno.com.br\/suno-one\/\">Suno One: o primeiro passo para alcan\u00e7ar a sua independ\u00eancia financeira. Acesse agora, \u00e9 gratuito!<\/a><\/p>\n<p>A expectativa do BNDES \u00e9 de que o processo possa facilitar o escoamento de cargas de importantes polos tecnol\u00f3gicos e industriais na regi\u00e3o metropolitana de Recife e no interior do estado de Pernambuco, como o complexo de Suape e do polo industrial de Vit\u00f3ria de Santo Ant\u00e3o.<\/p>\n<p>O banco ainda espera que a desestatiza\u00e7\u00e3o fortale\u00e7a o turismo no litoral sul, de maneira a gerar emprego e renda, e estimular o desenvolvimento de munic\u00edpios do agreste pernambucano, que t\u00eam ganhado destaque na produ\u00e7\u00e3o de roupas, como Toritama.<\/p>\n<h2>BNDES ainda ir\u00e1 definir escopo dos estudos<\/h2>\n<p>O banco de desenvolvimento informou que definir\u00e1 o escopo dos estudos e contratar\u00e1 consultores para dar suporte para a concretiza\u00e7\u00e3o do trabalho, al\u00e9m de coordenar, e fiscalizar, o trabalho desenvolvido.<\/p>\n<p><a href=\"https:\/\/www.suno.com.br\/noticias\/bndes-vende-aes-tiete-aes-corp-r-1-27-bi\/\">Saiba mais: BNDES vende parte da AES Tiet\u00ea para a AES Corp. por R$ 1,27 bi<\/a><\/p>\n<p>A institui\u00e7\u00e3o lembrou que a sua contrata\u00e7\u00e3o se deu a partir de acordo de coopera\u00e7\u00e3o t\u00e9cnica, fechado em 2017, no intuito de planejar projetos de desestatiza\u00e7\u00e3o de interesse de Pernambuco.<\/p>\n<p>Al\u00e9m disso, o <strong>BNDES<\/strong> ainda detalhou que ir\u00e1 fazer roadshows com os potenciais interessados na concess\u00f5es. O banco de fomento tamb\u00e9m dar\u00e1 o apoio para a realiza\u00e7\u00e3o do procedimento licitat\u00f3rio para transfer\u00eancia dos empreendimentos \u00e0 iniciativa privada.<\/p>\n\n","protected":false},"excerpt":{"rendered":"<p>O Banco Nacional de Desenvolvimento Econ\u00f4mico e Social (BNDES) comunicou nesta ter\u00e7a-feira (28) a assinatura de contrato junto ao governo de Pernambuco para a realiza\u00e7\u00e3o de de estudos para privatiza\u00e7\u00e3o de trechos rodovi\u00e1rios no estado. BNDES e governo de Pernambuco estudam privatiza\u00e7\u00e3o de rodovias O banco de fomento indicou que estudos preliminares governo estadual projetam [&hellip;]<\/p>\n","protected":false},"author":35,"featured_media":75146,"comment_status":"closed","ping_status":"closed","sticky":false,"template":"","format":"standard","meta":[],"categories":[62],"tags":[757,945],"suno_strategy":[],"class_list":["post-75137","post","type-post","status-publish","format-standard","has-post-thumbnail","hentry","category-economia","tag-bndes","tag-privatizacoes"],"yoast_head":"<!-- This site is optimized with the Yoast SEO plugin v24.4 - https:\/\/yoast.com\/wordpress\/plugins\/seo\/ -->\n<title>BNDES e governo de Pernambuco estudam privatiza\u00e7\u00e3o de rodovias<\/title>\n<meta name=\"description\" content=\"O BNDES comunicou que estuda junto ao governo de Pernambuco a privatiza\u00e7\u00e3o de trechos rodovi\u00e1rios no estado. Clique para saber mais\" \/>\n<meta name=\"robots\" content=\"index, follow, max-snippet:-1, max-image-preview:large, max-video-preview:-1\" \/>\n<link rel=\"canonical\" href=\"https:\/\/www.suno.com.br\/noticias\/bndes-pernambuco-privatizacao-rodovias\/\" \/>\n<meta property=\"og:locale\" content=\"pt_BR\" \/>\n<meta property=\"og:type\" content=\"article\" \/>\n<meta property=\"og:title\" content=\"BNDES e governo de Pernambuco estudam privatiza\u00e7\u00e3o de rodovias\" \/>\n<meta property=\"og:description\" content=\"O BNDES comunicou que estuda junto ao governo de Pernambuco a privatiza\u00e7\u00e3o de trechos rodovi\u00e1rios no estado. Clique para saber mais\" \/>\n<meta property=\"og:url\" content=\"https:\/\/www.suno.com.br\/noticias\/bndes-pernambuco-privatizacao-rodovias\/\" \/>\n<meta property=\"og:site_name\" content=\"Suno Not\u00edcias\" \/>\n<meta property=\"article:publisher\" content=\"https:\/\/facebook.com\/sunoresearch\" \/>\n<meta property=\"og:image\" content=\"https:\/\/files.sunoresearch.com.br\/n\/uploads\/2020\/07\/44da69f1-rodovia.jpg\" \/>\n\t<meta property=\"og:image:width\" content=\"640\" \/>\n\t<meta property=\"og:image:height\" content=\"480\" \/>\n\t<meta property=\"og:image:type\" content=\"image\/jpeg\" \/>\n<meta name=\"author\" content=\"Arthur Guimar\u00e3es\" \/>\n<meta name=\"twitter:card\" content=\"summary_large_image\" \/>\n<meta name=\"twitter:creator\" content=\"@sunoresearch\" \/>\n<meta name=\"twitter:site\" content=\"@sunoresearch\" \/>\n<meta name=\"twitter:label1\" content=\"Escrito por\" \/>\n\t<meta name=\"twitter:data1\" content=\"Arthur Guimar\u00e3es\" \/>\n\t<meta name=\"twitter:label2\" content=\"Est. tempo de leitura\" \/>\n\t<meta name=\"twitter:data2\" content=\"2 minutos\" \/>\n<script type=\"application\/ld+json\" class=\"yoast-schema-graph\">{\"@context\":\"https:\/\/schema.org\",\"@graph\":[{\"@type\":\"NewsArticle\",\"@id\":\"https:\/\/www.suno.com.br\/noticias\/bndes-pernambuco-privatizacao-rodovias\/#article\",\"isPartOf\":{\"@id\":\"https:\/\/www.suno.com.br\/noticias\/bndes-pernambuco-privatizacao-rodovias\/\"},\"author\":{\"name\":\"Arthur Guimar\u00e3es\",\"@id\":\"https:\/\/www.suno.com.br\/noticias\/#\/schema\/person\/053a750a709a263919a20f976caae91c\"},\"headline\":\"BNDES e governo de Pernambuco estudam privatiza\u00e7\u00e3o de rodovias\",\"datePublished\":\"2020-07-28T22:24:03+00:00\",\"dateModified\":\"2021-02-18T01:56:39+00:00\",\"mainEntityOfPage\":{\"@id\":\"https:\/\/www.suno.com.br\/noticias\/bndes-pernambuco-privatizacao-rodovias\/\"},\"wordCount\":355,\"publisher\":{\"@id\":\"https:\/\/www.suno.com.br\/noticias\/#organization\"},\"image\":{\"@id\":\"https:\/\/www.suno.com.br\/noticias\/bndes-pernambuco-privatizacao-rodovias\/#primaryimage\"},\"thumbnailUrl\":\"https:\/\/files.sunoresearch.com.br\/n\/uploads\/2020\/07\/44da69f1-rodovia-jpg.webp\",\"keywords\":[\"BNDES\",\"privatiza\u00e7\u00f5es\"],\"articleSection\":[\"Economia\"],\"inLanguage\":\"pt-BR\"},{\"@type\":\"WebPage\",\"@id\":\"https:\/\/www.suno.com.br\/noticias\/bndes-pernambuco-privatizacao-rodovias\/\",\"url\":\"https:\/\/www.suno.com.br\/noticias\/bndes-pernambuco-privatizacao-rodovias\/\",\"name\":\"BNDES e governo de Pernambuco estudam privatiza\u00e7\u00e3o de rodovias\",\"isPartOf\":{\"@id\":\"https:\/\/www.suno.com.br\/noticias\/#website\"},\"primaryImageOfPage\":{\"@id\":\"https:\/\/www.suno.com.br\/noticias\/bndes-pernambuco-privatizacao-rodovias\/#primaryimage\"},\"image\":{\"@id\":\"https:\/\/www.suno.com.br\/noticias\/bndes-pernambuco-privatizacao-rodovias\/#primaryimage\"},\"thumbnailUrl\":\"https:\/\/files.sunoresearch.com.br\/n\/uploads\/2020\/07\/44da69f1-rodovia-jpg.webp\",\"datePublished\":\"2020-07-28T22:24:03+00:00\",\"dateModified\":\"2021-02-18T01:56:39+00:00\",\"description\":\"O BNDES comunicou que estuda junto ao governo de Pernambuco a privatiza\u00e7\u00e3o de trechos rodovi\u00e1rios no estado. Clique para saber mais\",\"breadcrumb\":{\"@id\":\"https:\/\/www.suno.com.br\/noticias\/bndes-pernambuco-privatizacao-rodovias\/#breadcrumb\"},\"inLanguage\":\"pt-BR\",\"potentialAction\":[{\"@type\":\"ReadAction\",\"target\":[\"https:\/\/www.suno.com.br\/noticias\/bndes-pernambuco-privatizacao-rodovias\/\"]}]},{\"@type\":\"ImageObject\",\"inLanguage\":\"pt-BR\",\"@id\":\"https:\/\/www.suno.com.br\/noticias\/bndes-pernambuco-privatizacao-rodovias\/#primaryimage\",\"url\":\"https:\/\/files.sunoresearch.com.br\/n\/uploads\/2020\/07\/44da69f1-rodovia-jpg.webp\",\"contentUrl\":\"https:\/\/files.sunoresearch.com.br\/n\/uploads\/2020\/07\/44da69f1-rodovia-jpg.webp\",\"width\":640,\"height\":480,\"caption\":\"BNDES e governo de Pernambuco estudam privatiza\u00e7\u00e3o de rodovias\"},{\"@type\":\"BreadcrumbList\",\"@id\":\"https:\/\/www.suno.com.br\/noticias\/bndes-pernambuco-privatizacao-rodovias\/#breadcrumb\",\"itemListElement\":[{\"@type\":\"ListItem\",\"position\":1,\"name\":\"Not\u00edcias\",\"item\":\"https:\/\/www.suno.com.br\/noticias\/\"},{\"@type\":\"ListItem\",\"position\":2,\"name\":\"Economia\",\"item\":\"https:\/\/www.suno.com.br\/noticias\/economia\/\"},{\"@type\":\"ListItem\",\"position\":3,\"name\":\"BNDES e governo de Pernambuco estudam privatiza\u00e7\u00e3o de rodovias\"}]},{\"@type\":\"WebSite\",\"@id\":\"https:\/\/www.suno.com.br\/noticias\/#website\",\"url\":\"https:\/\/www.suno.com.br\/noticias\/\",\"name\":\"Suno Not\u00edcias\",\"description\":\"Seu portal de informa\u00e7\u00e3o sobre o mundo dos investimentos\",\"publisher\":{\"@id\":\"https:\/\/www.suno.com.br\/noticias\/#organization\"},\"potentialAction\":[{\"@type\":\"SearchAction\",\"target\":{\"@type\":\"EntryPoint\",\"urlTemplate\":\"https:\/\/www.suno.com.br\/noticias\/?s={search_term_string}\"},\"query-input\":{\"@type\":\"PropertyValueSpecification\",\"valueRequired\":true,\"valueName\":\"search_term_string\"}}],\"inLanguage\":\"pt-BR\"},{\"@type\":\"Organization\",\"@id\":\"https:\/\/www.suno.com.br\/noticias\/#organization\",\"name\":\"Suno Not\u00edcias\",\"url\":\"https:\/\/www.suno.com.br\/noticias\/\",\"logo\":{\"@type\":\"ImageObject\",\"inLanguage\":\"pt-BR\",\"@id\":\"https:\/\/www.suno.com.br\/noticias\/#\/schema\/logo\/image\/\",\"url\":\"https:\/\/files.sunoresearch.com.br\/n\/uploads\/2021\/09\/suno-logo.png\",\"contentUrl\":\"https:\/\/files.sunoresearch.com.br\/n\/uploads\/2021\/09\/suno-logo.png\",\"width\":180,\"height\":180,\"caption\":\"Suno Not\u00edcias\"},\"image\":{\"@id\":\"https:\/\/www.suno.com.br\/noticias\/#\/schema\/logo\/image\/\"},\"sameAs\":[\"https:\/\/facebook.com\/sunoresearch\",\"https:\/\/x.com\/sunoresearch\",\"https:\/\/www.instagram.com\/suno\",\"https:\/\/www.linkedin.com\/company\/suno-research\/\",\"https:\/\/www.youtube.com\/c\/sunoresearch\"]},{\"@type\":\"Person\",\"@id\":\"https:\/\/www.suno.com.br\/noticias\/#\/schema\/person\/053a750a709a263919a20f976caae91c\",\"name\":\"Arthur Guimar\u00e3es\",\"image\":{\"@type\":\"ImageObject\",\"inLanguage\":\"pt-BR\",\"@id\":\"https:\/\/www.suno.com.br\/noticias\/#\/schema\/person\/image\/\",\"url\":\"https:\/\/secure.gravatar.com\/avatar\/1affd86a11209ae09eb6dd3bcad3e96c?s=96&r=g\",\"contentUrl\":\"https:\/\/secure.gravatar.com\/avatar\/1affd86a11209ae09eb6dd3bcad3e96c?s=96&r=g\",\"caption\":\"Arthur Guimar\u00e3es\"},\"description\":\"Arthur Guimar\u00e3es escreve sobre pol\u00edtica, economia e neg\u00f3cios para o portal de not\u00edcias da Suno Research. Atualmente, \u00e9 estudante de jornalismo pela Faculdade C\u00e1sper L\u00edbero.\",\"url\":\"https:\/\/www.suno.com.br\/noticias\/author\/arthur-guimaraes\/\"}]}<\/script>\n<!-- \/ Yoast SEO plugin. -->","yoast_head_json":{"title":"BNDES e governo de Pernambuco estudam privatiza\u00e7\u00e3o de rodovias","description":"O BNDES comunicou que estuda junto ao governo de Pernambuco a privatiza\u00e7\u00e3o de trechos rodovi\u00e1rios no estado. Clique para saber mais","robots":{"index":"index","follow":"follow","max-snippet":"max-snippet:-1","max-image-preview":"max-image-preview:large","max-video-preview":"max-video-preview:-1"},"canonical":"https:\/\/www.suno.com.br\/noticias\/bndes-pernambuco-privatizacao-rodovias\/","og_locale":"pt_BR","og_type":"article","og_title":"BNDES e governo de Pernambuco estudam privatiza\u00e7\u00e3o de rodovias","og_description":"O BNDES comunicou que estuda junto ao governo de Pernambuco a privatiza\u00e7\u00e3o de trechos rodovi\u00e1rios no estado. Clique para saber mais","og_url":"https:\/\/www.suno.com.br\/noticias\/bndes-pernambuco-privatizacao-rodovias\/","og_site_name":"Suno Not\u00edcias","article_publisher":"https:\/\/facebook.com\/sunoresearch","og_image":[{"width":640,"height":480,"url":"https:\/\/files.sunoresearch.com.br\/n\/uploads\/2020\/07\/44da69f1-rodovia.jpg","type":"image\/jpeg"}],"author":"Arthur Guimar\u00e3es","twitter_card":"summary_large_image","twitter_creator":"@sunoresearch","twitter_site":"@sunoresearch","twitter_misc":{"Escrito por":"Arthur Guimar\u00e3es","Est. tempo de leitura":"2 minutos"},"schema":{"@context":"https:\/\/schema.org","@graph":[{"@type":"NewsArticle","@id":"https:\/\/www.suno.com.br\/noticias\/bndes-pernambuco-privatizacao-rodovias\/#article","isPartOf":{"@id":"https:\/\/www.suno.com.br\/noticias\/bndes-pernambuco-privatizacao-rodovias\/"},"author":{"name":"Arthur Guimar\u00e3es","@id":"https:\/\/www.suno.com.br\/noticias\/#\/schema\/person\/053a750a709a263919a20f976caae91c"},"headline":"BNDES e governo de Pernambuco estudam privatiza\u00e7\u00e3o de rodovias","datePublished":"2020-07-28T22:24:03+00:00","dateModified":"2021-02-18T01:56:39+00:00","mainEntityOfPage":{"@id":"https:\/\/www.suno.com.br\/noticias\/bndes-pernambuco-privatizacao-rodovias\/"},"wordCount":355,"publisher":{"@id":"https:\/\/www.suno.com.br\/noticias\/#organization"},"image":{"@id":"https:\/\/www.suno.com.br\/noticias\/bndes-pernambuco-privatizacao-rodovias\/#primaryimage"},"thumbnailUrl":"https:\/\/files.sunoresearch.com.br\/n\/uploads\/2020\/07\/44da69f1-rodovia-jpg.webp","keywords":["BNDES","privatiza\u00e7\u00f5es"],"articleSection":["Economia"],"inLanguage":"pt-BR"},{"@type":"WebPage","@id":"https:\/\/www.suno.com.br\/noticias\/bndes-pernambuco-privatizacao-rodovias\/","url":"https:\/\/www.suno.com.br\/noticias\/bndes-pernambuco-privatizacao-rodovias\/","name":"BNDES e governo de Pernambuco estudam privatiza\u00e7\u00e3o de rodovias","isPartOf":{"@id":"https:\/\/www.suno.com.br\/noticias\/#website"},"primaryImageOfPage":{"@id":"https:\/\/www.suno.com.br\/noticias\/bndes-pernambuco-privatizacao-rodovias\/#primaryimage"},"image":{"@id":"https:\/\/www.suno.com.br\/noticias\/bndes-pernambuco-privatizacao-rodovias\/#primaryimage"},"thumbnailUrl":"https:\/\/files.sunoresearch.com.br\/n\/uploads\/2020\/07\/44da69f1-rodovia-jpg.webp","datePublished":"2020-07-28T22:24:03+00:00","dateModified":"2021-02-18T01:56:39+00:00","description":"O BNDES comunicou que estuda junto ao governo de Pernambuco a privatiza\u00e7\u00e3o de trechos rodovi\u00e1rios no estado. Clique para saber mais","breadcrumb":{"@id":"https:\/\/www.suno.com.br\/noticias\/bndes-pernambuco-privatizacao-rodovias\/#breadcrumb"},"inLanguage":"pt-BR","potentialAction":[{"@type":"ReadAction","target":["https:\/\/www.suno.com.br\/noticias\/bndes-pernambuco-privatizacao-rodovias\/"]}]},{"@type":"ImageObject","inLanguage":"pt-BR","@id":"https:\/\/www.suno.com.br\/noticias\/bndes-pernambuco-privatizacao-rodovias\/#primaryimage","url":"https:\/\/files.sunoresearch.com.br\/n\/uploads\/2020\/07\/44da69f1-rodovia-jpg.webp","contentUrl":"https:\/\/files.sunoresearch.com.br\/n\/uploads\/2020\/07\/44da69f1-rodovia-jpg.webp","width":640,"height":480,"caption":"BNDES e governo de Pernambuco estudam privatiza\u00e7\u00e3o de rodovias"},{"@type":"BreadcrumbList","@id":"https:\/\/www.suno.com.br\/noticias\/bndes-pernambuco-privatizacao-rodovias\/#breadcrumb","itemListElement":[{"@type":"ListItem","position":1,"name":"Not\u00edcias","item":"https:\/\/www.suno.com.br\/noticias\/"},{"@type":"ListItem","position":2,"name":"Economia","item":"https:\/\/www.suno.com.br\/noticias\/economia\/"},{"@type":"ListItem","position":3,"name":"BNDES e governo de Pernambuco estudam privatiza\u00e7\u00e3o de rodovias"}]},{"@type":"WebSite","@id":"https:\/\/www.suno.com.br\/noticias\/#website","url":"https:\/\/www.suno.com.br\/noticias\/","name":"Suno Not\u00edcias","description":"Seu portal de informa\u00e7\u00e3o sobre o mundo dos investimentos","publisher":{"@id":"https:\/\/www.suno.com.br\/noticias\/#organization"},"potentialAction":[{"@type":"SearchAction","target":{"@type":"EntryPoint","urlTemplate":"https:\/\/www.suno.com.br\/noticias\/?s={search_term_string}"},"query-input":{"@type":"PropertyValueSpecification","valueRequired":true,"valueName":"search_term_string"}}],"inLanguage":"pt-BR"},{"@type":"Organization","@id":"https:\/\/www.suno.com.br\/noticias\/#organization","name":"Suno Not\u00edcias","url":"https:\/\/www.suno.com.br\/noticias\/","logo":{"@type":"ImageObject","inLanguage":"pt-BR","@id":"https:\/\/www.suno.com.br\/noticias\/#\/schema\/logo\/image\/","url":"https:\/\/files.sunoresearch.com.br\/n\/uploads\/2021\/09\/suno-logo.png","contentUrl":"https:\/\/files.sunoresearch.com.br\/n\/uploads\/2021\/09\/suno-logo.png","width":180,"height":180,"caption":"Suno Not\u00edcias"},"image":{"@id":"https:\/\/www.suno.com.br\/noticias\/#\/schema\/logo\/image\/"},"sameAs":["https:\/\/facebook.com\/sunoresearch","https:\/\/x.com\/sunoresearch","https:\/\/www.instagram.com\/suno","https:\/\/www.linkedin.com\/company\/suno-research\/","https:\/\/www.youtube.com\/c\/sunoresearch"]},{"@type":"Person","@id":"https:\/\/www.suno.com.br\/noticias\/#\/schema\/person\/053a750a709a263919a20f976caae91c","name":"Arthur Guimar\u00e3es","image":{"@type":"ImageObject","inLanguage":"pt-BR","@id":"https:\/\/www.suno.com.br\/noticias\/#\/schema\/person\/image\/","url":"https:\/\/secure.gravatar.com\/avatar\/1affd86a11209ae09eb6dd3bcad3e96c?s=96&r=g","contentUrl":"https:\/\/secure.gravatar.com\/avatar\/1affd86a11209ae09eb6dd3bcad3e96c?s=96&r=g","caption":"Arthur Guimar\u00e3es"},"description":"Arthur Guimar\u00e3es escreve sobre pol\u00edtica, economia e neg\u00f3cios para o portal de not\u00edcias da Suno Research. Atualmente, \u00e9 estudante de jornalismo pela Faculdade C\u00e1sper L\u00edbero.","url":"https:\/\/www.suno.com.br\/noticias\/author\/arthur-guimaraes\/"}]}},"default_loop_html":"<div class=\"cardsPage__listCard__boxs\"><div class=\"cardsPage__listCard__boxs__img\"><a href=\"https:\/\/www.suno.com.br\/noticias\/bndes-pernambuco-privatizacao-rodovias\/\"><img class=\"mask\" src=\"https:\/\/www.suno.com.br\/noticias\/wp-content\/themes\/suno\/resources\/images\/spotlight\/spotlight1img\/bg-mask.png\" alt=\"Image Mask\"\/><img src=\"https:\/\/files.sunoresearch.com.br\/n\/uploads\/2020\/07\/44da69f1-rodovia-400x200.webp\" alt=\"BNDES e governo de Pernambuco estudam privatiza\u00e7\u00e3o de rodovias\"\/><\/a><span class=\"spotlightCategory\"><a href=\"https:\/\/www.suno.com.br\/noticias\/economia\/\">Economia<\/a><\/span><\/div><div class=\"cardsPage__listCard__boxs__content\"><a href=\"https:\/\/www.suno.com.br\/noticias\/bndes-pernambuco-privatizacao-rodovias\/\"><h2 class=\"content__title\">BNDES e governo de Pernambuco estudam privatiza\u00e7\u00e3o de rodovias<\/h2><\/a><div class=\"newsContent__article__meta\"><div class=\"newsContent__article__meta__authorBox\"><a href=\"https:\/\/www.suno.com.br\/noticias\/author\/arthur-guimaraes\/\" class=\"authorBox__avatar noMobi\"><img src=\"https:\/\/files.sunoresearch.com.br\/n\/uploads\/2020\/02\/dfb40897-eu-150x150.webp\" alt=\"Arthur Guimar\u00e3es\"><\/a><div class=\"authorBox__name\"><span>por\n\t\t\t<a href=\"https:\/\/www.suno.com.br\/noticias\/author\/arthur-guimaraes\/\"><span itemprop=\"author\">Arthur Guimar\u00e3es<\/span><\/a><\/span><time datetime=\"2020-07-28T19:24:03-03:00\" itemprop=\"datePublished\">28\/07\/2020 19:24<\/time><\/div><\/div><\/div><\/div><\/div>","single_layout":"posts","amp_enabled":true,"_links":{"self":[{"href":"https:\/\/www.suno.com.br\/noticias\/wp-json\/wp\/v2\/posts\/75137"}],"collection":[{"href":"https:\/\/www.suno.com.br\/noticias\/wp-json\/wp\/v2\/posts"}],"about":[{"href":"https:\/\/www.suno.com.br\/noticias\/wp-json\/wp\/v2\/types\/post"}],"author":[{"embeddable":true,"href":"https:\/\/www.suno.com.br\/noticias\/wp-json\/wp\/v2\/users\/35"}],"replies":[{"embeddable":true,"href":"https:\/\/www.suno.com.br\/noticias\/wp-json\/wp\/v2\/comments?post=75137"}],"version-history":[{"count":0,"href":"https:\/\/www.suno.com.br\/noticias\/wp-json\/wp\/v2\/posts\/75137\/revisions"}],"wp:featuredmedia":[{"embeddable":true,"href":"https:\/\/www.suno.com.br\/noticias\/wp-json\/wp\/v2\/media\/75146"}],"wp:attachment":[{"href":"https:\/\/www.suno.com.br\/noticias\/wp-json\/wp\/v2\/media?parent=75137"}],"wp:term":[{"taxonomy":"category","embeddable":true,"href":"https:\/\/www.suno.com.br\/noticias\/wp-json\/wp\/v2\/categories?post=75137"},{"taxonomy":"post_tag","embeddable":true,"href":"https:\/\/www.suno.com.br\/noticias\/wp-json\/wp\/v2\/tags?post=75137"},{"taxonomy":"suno_strategy","embeddable":true,"href":"https:\/\/www.suno.com.br\/noticias\/wp-json\/wp\/v2\/suno_strategy?post=75137"}],"curies":[{"name":"wp","href":"https:\/\/api.w.org\/{rel}","templated":true}]}}