{"id":7513,"date":"2018-11-29T17:47:47","date_gmt":"2018-11-29T19:47:47","guid":{"rendered":"https:\/\/www.suno.com.br\/noticias\/?p=7513"},"modified":"2021-02-18T17:56:08","modified_gmt":"2021-02-18T20:56:08","slug":"merkel-trump-putin-macrin-g20","status":"publish","type":"post","link":"https:\/\/www.suno.com.br\/noticias\/merkel-trump-putin-macrin-g20\/","title":{"rendered":"Merkel se reunir\u00e1 com Putin, Trump e Macri, no G20"},"content":{"rendered":"<p>A chanceler alem\u00e3\u00a0Angela Merkel, se reunir\u00e1 com os presidentes Donald Trump (EUA), Vladimir Putin (R\u00fassia) e Maur\u00edcio Macri (Argentina).<\/p>\t<div class=\"wrapper-featured-image\">\n\t\t<figure class=\"spotlightImg\">\n\n\t\t\t<picture>\n\t\t\t\t<source media=\"(max-width: 768px)\" srcset=\"https:\/\/files.sunoresearch.com.br\/n\/uploads\/2018\/11\/abd0a157-g20-400x200.webp\">\n\t\t\t\t<img loading=\"lazy\" decoding=\"async\" class=\"newsContent__article__imgCapa lazyloadDisabled newsContent__article__imgCapa--noCaption\" src=\"https:\/\/files.sunoresearch.com.br\/n\/uploads\/2018\/11\/abd0a157-g20-800x450.webp\" width=\"800\" height=\"450\" alt=\"Merkel se reunir\u00e1 com Putin, Trump e Macri, no G20\" fetchpriority=high \/>\n\t\t\t<\/picture>\n\n\t\t\t<figcaption class=\"wp-caption-text wp-caption-text--hide\">Merkel pressionou l\u00edderes das prov\u00edncias para medidas restritivas ap\u00f3s pa\u00eds aumentar casos di\u00e1rios drasticamente nas \u00faltimas semanas<\/figcaption>\n\t\t<\/figure>\n\t<\/div>\n\n\n<p>As reuni\u00f5es ser\u00e3o realizadas em paralelo a c\u00fapula do<strong><a href=\"https:\/\/www.suno.com.br\/artigos\/g20\/\">\u00a0G20<\/a>,<\/strong> que ter\u00e1 in\u00edcio sexta-feira (30), em Buenos Aires, Argentina.<\/p>\n<p>De acordo com a agenda da chanceler alem\u00e3, divulgada nesta quinta-feira (29), os encontros acontecer\u00e3o nas pr\u00f3xima sexta (30) e s\u00e1bado (1). Entretanto, as pautas n\u00e3o necessariamente ter\u00e3o rela\u00e7\u00e3o com os temas abordados no G20.<\/p>\n<p>O encontro entre <strong>Merkel<\/strong> e <strong>Putin<\/strong>\u00a0deve abordar a crise entre russos e ucranianos. O caso se refere a deten\u00e7\u00e3o de navios ucranianos por parte da Guarda Costeira russa.<\/p>\n<p><a href=\"https:\/\/www.suno.com.br\/noticias\/trump-cancela-reuniao-putin\/\">Saiba mais:\u00a0Donald Trump cancela reuni\u00e3o com Putin no G-20<\/a><\/p>\n<p>Na\u00a0reuni\u00e3o entre a chanceler e o presidente norte-americano <strong>Donald Trump<\/strong>\u00a0ser\u00e3o debatidas as tens\u00f5es comerciais entre a <strong>Uni\u00e3o Europeia (UE)<\/strong> e os <strong>Estados Unidos<\/strong>.<\/p>\n<p>Al\u00e9m disso, Merkel se encontrar\u00e1 com representantes de outros pa\u00edses, como:<\/p>\n<ul>\n<li>Presidente da <strong>China<\/strong>, Xi Jinping;<\/li>\n<li>Primeiro-ministro da \u00cdndia, Narendra Modi;<\/li>\n<li>Primeiro-ministro da Austr\u00e1lia, Scott Morrison.<\/li>\n<\/ul>\n<p>Angela Merkel n\u00e3o se reunir\u00e1 com o presidente da Fran\u00e7a, Emmanuel Macron por conta dos frequentes encontros entre os dois na Uni\u00e3o Europeia.<\/p>\n<p>De acordo com <strong>Merkel<\/strong>, reuni\u00f5es<span style=\"font-size: 1.21429rem;\">\u00a0como as proporcionadas na c\u00fapula do <\/span><strong style=\"font-size: 1.21429rem;\">G20<\/strong><span style=\"font-size: 1.21429rem;\"> devem ser aproveitados para se aproximar de l\u00edderes que possui menos contato.<\/span><\/p>\n","protected":false},"excerpt":{"rendered":"<p>A chanceler alem\u00e3\u00a0Angela Merkel, se reunir\u00e1 com os presidentes Donald Trump (EUA), Vladimir Putin (R\u00fassia) e Maur\u00edcio Macri (Argentina). Merkel pressionou l\u00edderes das prov\u00edncias para medidas restritivas ap\u00f3s pa\u00eds aumentar casos di\u00e1rios drasticamente nas \u00faltimas semanas As reuni\u00f5es ser\u00e3o realizadas em paralelo a c\u00fapula do\u00a0G20, que ter\u00e1 in\u00edcio sexta-feira (30), em Buenos Aires, Argentina. De [&hellip;]<\/p>\n","protected":false},"author":11,"featured_media":7517,"comment_status":"closed","ping_status":"closed","sticky":false,"template":"","format":"standard","meta":[],"categories":[63],"tags":[800,711,724,793,801,799],"suno_strategy":[],"class_list":["post-7513","post","type-post","status-publish","format-standard","has-post-thumbnail","hentry","category-internacional","tag-angela-merkel","tag-china","tag-donald-trump","tag-estados-unidos-eua","tag-g20","tag-vladimir-putin"],"yoast_head":"<!-- This site is optimized with the Yoast SEO plugin v24.4 - https:\/\/yoast.com\/wordpress\/plugins\/seo\/ -->\n<title>Angela Merkel se reunir\u00e1 com Putin, Trump e Macri, na c\u00fapula do G20<\/title>\n<meta name=\"description\" content=\"A reuni\u00f5es entre Merkel e os outros l\u00edderes n\u00e3o necessariamente ter\u00e3o pautas relacionadas com os temas do G20. Clique aqui para saber mais.\" \/>\n<meta name=\"robots\" content=\"index, follow, max-snippet:-1, max-image-preview:large, max-video-preview:-1\" \/>\n<link rel=\"canonical\" href=\"https:\/\/www.suno.com.br\/noticias\/merkel-trump-putin-macrin-g20\/\" \/>\n<meta property=\"og:locale\" content=\"pt_BR\" \/>\n<meta property=\"og:type\" content=\"article\" \/>\n<meta property=\"og:title\" content=\"Angela Merkel se reunir\u00e1 com Putin, Trump e Macri, na c\u00fapula do G20\" \/>\n<meta property=\"og:description\" content=\"A reuni\u00f5es entre Merkel e os outros l\u00edderes n\u00e3o necessariamente ter\u00e3o pautas relacionadas com os temas do G20. Clique aqui para saber mais.\" \/>\n<meta property=\"og:url\" content=\"https:\/\/www.suno.com.br\/noticias\/merkel-trump-putin-macrin-g20\/\" \/>\n<meta property=\"og:site_name\" content=\"Suno Not\u00edcias\" \/>\n<meta property=\"article:publisher\" content=\"https:\/\/facebook.com\/sunoresearch\" \/>\n<meta property=\"og:image\" content=\"https:\/\/files.sunoresearch.com.br\/n\/uploads\/2018\/11\/abd0a157-g20-scaled.webp\" \/>\n\t<meta property=\"og:image:width\" content=\"2560\" \/>\n\t<meta property=\"og:image:height\" content=\"1704\" \/>\n\t<meta property=\"og:image:type\" content=\"image\/jpeg\" \/>\n<meta name=\"author\" content=\"Renan Bandeira\" \/>\n<meta name=\"twitter:card\" content=\"summary_large_image\" \/>\n<meta name=\"twitter:creator\" content=\"@sunoresearch\" \/>\n<meta name=\"twitter:site\" content=\"@sunoresearch\" \/>\n<meta name=\"twitter:label1\" content=\"Escrito por\" \/>\n\t<meta name=\"twitter:data1\" content=\"Renan Bandeira\" \/>\n\t<meta name=\"twitter:label2\" content=\"Est. tempo de leitura\" \/>\n\t<meta name=\"twitter:data2\" content=\"1 minuto\" \/>\n<script type=\"application\/ld+json\" class=\"yoast-schema-graph\">{\"@context\":\"https:\/\/schema.org\",\"@graph\":[{\"@type\":\"NewsArticle\",\"@id\":\"https:\/\/www.suno.com.br\/noticias\/merkel-trump-putin-macrin-g20\/#article\",\"isPartOf\":{\"@id\":\"https:\/\/www.suno.com.br\/noticias\/merkel-trump-putin-macrin-g20\/\"},\"author\":{\"name\":\"Renan Bandeira\",\"@id\":\"https:\/\/www.suno.com.br\/noticias\/#\/schema\/person\/fc144a1c6108bd1dcd43784e88a3c138\"},\"headline\":\"Merkel se reunir\u00e1 com Putin, Trump e Macri, no G20\",\"datePublished\":\"2018-11-29T19:47:47+00:00\",\"dateModified\":\"2021-02-18T20:56:08+00:00\",\"mainEntityOfPage\":{\"@id\":\"https:\/\/www.suno.com.br\/noticias\/merkel-trump-putin-macrin-g20\/\"},\"wordCount\":244,\"publisher\":{\"@id\":\"https:\/\/www.suno.com.br\/noticias\/#organization\"},\"image\":{\"@id\":\"https:\/\/www.suno.com.br\/noticias\/merkel-trump-putin-macrin-g20\/#primaryimage\"},\"thumbnailUrl\":\"https:\/\/files.sunoresearch.com.br\/n\/uploads\/2018\/11\/abd0a157-g20-scaled.webp\",\"keywords\":[\"Angela Merkel\",\"China\",\"Donald Trump\",\"Estados Unidos (EUA)\",\"G20\",\"Vladimir Putin\"],\"articleSection\":[\"Internacional\"],\"inLanguage\":\"pt-BR\"},{\"@type\":\"WebPage\",\"@id\":\"https:\/\/www.suno.com.br\/noticias\/merkel-trump-putin-macrin-g20\/\",\"url\":\"https:\/\/www.suno.com.br\/noticias\/merkel-trump-putin-macrin-g20\/\",\"name\":\"Angela Merkel se reunir\u00e1 com Putin, Trump e Macri, na c\u00fapula do G20\",\"isPartOf\":{\"@id\":\"https:\/\/www.suno.com.br\/noticias\/#website\"},\"primaryImageOfPage\":{\"@id\":\"https:\/\/www.suno.com.br\/noticias\/merkel-trump-putin-macrin-g20\/#primaryimage\"},\"image\":{\"@id\":\"https:\/\/www.suno.com.br\/noticias\/merkel-trump-putin-macrin-g20\/#primaryimage\"},\"thumbnailUrl\":\"https:\/\/files.sunoresearch.com.br\/n\/uploads\/2018\/11\/abd0a157-g20-scaled.webp\",\"datePublished\":\"2018-11-29T19:47:47+00:00\",\"dateModified\":\"2021-02-18T20:56:08+00:00\",\"description\":\"A reuni\u00f5es entre Merkel e os outros l\u00edderes n\u00e3o necessariamente ter\u00e3o pautas relacionadas com os temas do G20. Clique aqui para saber mais.\",\"breadcrumb\":{\"@id\":\"https:\/\/www.suno.com.br\/noticias\/merkel-trump-putin-macrin-g20\/#breadcrumb\"},\"inLanguage\":\"pt-BR\",\"potentialAction\":[{\"@type\":\"ReadAction\",\"target\":[\"https:\/\/www.suno.com.br\/noticias\/merkel-trump-putin-macrin-g20\/\"]}]},{\"@type\":\"ImageObject\",\"inLanguage\":\"pt-BR\",\"@id\":\"https:\/\/www.suno.com.br\/noticias\/merkel-trump-putin-macrin-g20\/#primaryimage\",\"url\":\"https:\/\/files.sunoresearch.com.br\/n\/uploads\/2018\/11\/abd0a157-g20-scaled.webp\",\"contentUrl\":\"https:\/\/files.sunoresearch.com.br\/n\/uploads\/2018\/11\/abd0a157-g20-scaled.webp\",\"width\":2560,\"height\":1704,\"caption\":\"Merkel pressionou l\u00edderes das prov\u00edncias para medidas restritivas ap\u00f3s pa\u00eds aumentar casos di\u00e1rios drasticamente nas \u00faltimas semanas\"},{\"@type\":\"BreadcrumbList\",\"@id\":\"https:\/\/www.suno.com.br\/noticias\/merkel-trump-putin-macrin-g20\/#breadcrumb\",\"itemListElement\":[{\"@type\":\"ListItem\",\"position\":1,\"name\":\"Not\u00edcias\",\"item\":\"https:\/\/www.suno.com.br\/noticias\/\"},{\"@type\":\"ListItem\",\"position\":2,\"name\":\"Internacional\",\"item\":\"https:\/\/www.suno.com.br\/noticias\/internacional\/\"},{\"@type\":\"ListItem\",\"position\":3,\"name\":\"Merkel se reunir\u00e1 com Putin, Trump e Macri, no G20\"}]},{\"@type\":\"WebSite\",\"@id\":\"https:\/\/www.suno.com.br\/noticias\/#website\",\"url\":\"https:\/\/www.suno.com.br\/noticias\/\",\"name\":\"Suno Not\u00edcias\",\"description\":\"Seu portal de informa\u00e7\u00e3o sobre o mundo dos investimentos\",\"publisher\":{\"@id\":\"https:\/\/www.suno.com.br\/noticias\/#organization\"},\"potentialAction\":[{\"@type\":\"SearchAction\",\"target\":{\"@type\":\"EntryPoint\",\"urlTemplate\":\"https:\/\/www.suno.com.br\/noticias\/?s={search_term_string}\"},\"query-input\":{\"@type\":\"PropertyValueSpecification\",\"valueRequired\":true,\"valueName\":\"search_term_string\"}}],\"inLanguage\":\"pt-BR\"},{\"@type\":\"Organization\",\"@id\":\"https:\/\/www.suno.com.br\/noticias\/#organization\",\"name\":\"Suno Not\u00edcias\",\"url\":\"https:\/\/www.suno.com.br\/noticias\/\",\"logo\":{\"@type\":\"ImageObject\",\"inLanguage\":\"pt-BR\",\"@id\":\"https:\/\/www.suno.com.br\/noticias\/#\/schema\/logo\/image\/\",\"url\":\"https:\/\/files.sunoresearch.com.br\/n\/uploads\/2021\/09\/suno-logo.png\",\"contentUrl\":\"https:\/\/files.sunoresearch.com.br\/n\/uploads\/2021\/09\/suno-logo.png\",\"width\":180,\"height\":180,\"caption\":\"Suno Not\u00edcias\"},\"image\":{\"@id\":\"https:\/\/www.suno.com.br\/noticias\/#\/schema\/logo\/image\/\"},\"sameAs\":[\"https:\/\/facebook.com\/sunoresearch\",\"https:\/\/x.com\/sunoresearch\",\"https:\/\/www.instagram.com\/suno\",\"https:\/\/www.linkedin.com\/company\/suno-research\/\",\"https:\/\/www.youtube.com\/c\/sunoresearch\"]},{\"@type\":\"Person\",\"@id\":\"https:\/\/www.suno.com.br\/noticias\/#\/schema\/person\/fc144a1c6108bd1dcd43784e88a3c138\",\"name\":\"Renan Bandeira\",\"image\":{\"@type\":\"ImageObject\",\"inLanguage\":\"pt-BR\",\"@id\":\"https:\/\/www.suno.com.br\/noticias\/#\/schema\/person\/image\/\",\"url\":\"https:\/\/secure.gravatar.com\/avatar\/68359cdb608f14f11bbefcb78f3fc747?s=96&r=g\",\"contentUrl\":\"https:\/\/secure.gravatar.com\/avatar\/68359cdb608f14f11bbefcb78f3fc747?s=96&r=g\",\"caption\":\"Renan Bandeira\"},\"description\":\"Renan Bandeira escreve sobre pol\u00edtica e economia para o portal da Suno Research. Antes da Suno, trabalhou em uma rede de televis\u00e3o, onde fazia reportagens sobre os mesmos temas. Estuda na Universidade Metodista de S\u00e3o Paulo.\",\"url\":\"https:\/\/www.suno.com.br\/noticias\/author\/renan-bandeira\/\"}]}<\/script>\n<!-- \/ Yoast SEO plugin. -->","yoast_head_json":{"title":"Angela Merkel se reunir\u00e1 com Putin, Trump e Macri, na c\u00fapula do G20","description":"A reuni\u00f5es entre Merkel e os outros l\u00edderes n\u00e3o necessariamente ter\u00e3o pautas relacionadas com os temas do G20. Clique aqui para saber mais.","robots":{"index":"index","follow":"follow","max-snippet":"max-snippet:-1","max-image-preview":"max-image-preview:large","max-video-preview":"max-video-preview:-1"},"canonical":"https:\/\/www.suno.com.br\/noticias\/merkel-trump-putin-macrin-g20\/","og_locale":"pt_BR","og_type":"article","og_title":"Angela Merkel se reunir\u00e1 com Putin, Trump e Macri, na c\u00fapula do G20","og_description":"A reuni\u00f5es entre Merkel e os outros l\u00edderes n\u00e3o necessariamente ter\u00e3o pautas relacionadas com os temas do G20. Clique aqui para saber mais.","og_url":"https:\/\/www.suno.com.br\/noticias\/merkel-trump-putin-macrin-g20\/","og_site_name":"Suno Not\u00edcias","article_publisher":"https:\/\/facebook.com\/sunoresearch","og_image":[{"width":2560,"height":1704,"url":"https:\/\/files.sunoresearch.com.br\/n\/uploads\/2018\/11\/abd0a157-g20-scaled.webp","type":"image\/jpeg"}],"author":"Renan Bandeira","twitter_card":"summary_large_image","twitter_creator":"@sunoresearch","twitter_site":"@sunoresearch","twitter_misc":{"Escrito por":"Renan Bandeira","Est. tempo de leitura":"1 minuto"},"schema":{"@context":"https:\/\/schema.org","@graph":[{"@type":"NewsArticle","@id":"https:\/\/www.suno.com.br\/noticias\/merkel-trump-putin-macrin-g20\/#article","isPartOf":{"@id":"https:\/\/www.suno.com.br\/noticias\/merkel-trump-putin-macrin-g20\/"},"author":{"name":"Renan Bandeira","@id":"https:\/\/www.suno.com.br\/noticias\/#\/schema\/person\/fc144a1c6108bd1dcd43784e88a3c138"},"headline":"Merkel se reunir\u00e1 com Putin, Trump e Macri, no G20","datePublished":"2018-11-29T19:47:47+00:00","dateModified":"2021-02-18T20:56:08+00:00","mainEntityOfPage":{"@id":"https:\/\/www.suno.com.br\/noticias\/merkel-trump-putin-macrin-g20\/"},"wordCount":244,"publisher":{"@id":"https:\/\/www.suno.com.br\/noticias\/#organization"},"image":{"@id":"https:\/\/www.suno.com.br\/noticias\/merkel-trump-putin-macrin-g20\/#primaryimage"},"thumbnailUrl":"https:\/\/files.sunoresearch.com.br\/n\/uploads\/2018\/11\/abd0a157-g20-scaled.webp","keywords":["Angela Merkel","China","Donald Trump","Estados Unidos (EUA)","G20","Vladimir Putin"],"articleSection":["Internacional"],"inLanguage":"pt-BR"},{"@type":"WebPage","@id":"https:\/\/www.suno.com.br\/noticias\/merkel-trump-putin-macrin-g20\/","url":"https:\/\/www.suno.com.br\/noticias\/merkel-trump-putin-macrin-g20\/","name":"Angela Merkel se reunir\u00e1 com Putin, Trump e Macri, na c\u00fapula do G20","isPartOf":{"@id":"https:\/\/www.suno.com.br\/noticias\/#website"},"primaryImageOfPage":{"@id":"https:\/\/www.suno.com.br\/noticias\/merkel-trump-putin-macrin-g20\/#primaryimage"},"image":{"@id":"https:\/\/www.suno.com.br\/noticias\/merkel-trump-putin-macrin-g20\/#primaryimage"},"thumbnailUrl":"https:\/\/files.sunoresearch.com.br\/n\/uploads\/2018\/11\/abd0a157-g20-scaled.webp","datePublished":"2018-11-29T19:47:47+00:00","dateModified":"2021-02-18T20:56:08+00:00","description":"A reuni\u00f5es entre Merkel e os outros l\u00edderes n\u00e3o necessariamente ter\u00e3o pautas relacionadas com os temas do G20. Clique aqui para saber mais.","breadcrumb":{"@id":"https:\/\/www.suno.com.br\/noticias\/merkel-trump-putin-macrin-g20\/#breadcrumb"},"inLanguage":"pt-BR","potentialAction":[{"@type":"ReadAction","target":["https:\/\/www.suno.com.br\/noticias\/merkel-trump-putin-macrin-g20\/"]}]},{"@type":"ImageObject","inLanguage":"pt-BR","@id":"https:\/\/www.suno.com.br\/noticias\/merkel-trump-putin-macrin-g20\/#primaryimage","url":"https:\/\/files.sunoresearch.com.br\/n\/uploads\/2018\/11\/abd0a157-g20-scaled.webp","contentUrl":"https:\/\/files.sunoresearch.com.br\/n\/uploads\/2018\/11\/abd0a157-g20-scaled.webp","width":2560,"height":1704,"caption":"Merkel pressionou l\u00edderes das prov\u00edncias para medidas restritivas ap\u00f3s pa\u00eds aumentar casos di\u00e1rios drasticamente nas \u00faltimas semanas"},{"@type":"BreadcrumbList","@id":"https:\/\/www.suno.com.br\/noticias\/merkel-trump-putin-macrin-g20\/#breadcrumb","itemListElement":[{"@type":"ListItem","position":1,"name":"Not\u00edcias","item":"https:\/\/www.suno.com.br\/noticias\/"},{"@type":"ListItem","position":2,"name":"Internacional","item":"https:\/\/www.suno.com.br\/noticias\/internacional\/"},{"@type":"ListItem","position":3,"name":"Merkel se reunir\u00e1 com Putin, Trump e Macri, no G20"}]},{"@type":"WebSite","@id":"https:\/\/www.suno.com.br\/noticias\/#website","url":"https:\/\/www.suno.com.br\/noticias\/","name":"Suno Not\u00edcias","description":"Seu portal de informa\u00e7\u00e3o sobre o mundo dos investimentos","publisher":{"@id":"https:\/\/www.suno.com.br\/noticias\/#organization"},"potentialAction":[{"@type":"SearchAction","target":{"@type":"EntryPoint","urlTemplate":"https:\/\/www.suno.com.br\/noticias\/?s={search_term_string}"},"query-input":{"@type":"PropertyValueSpecification","valueRequired":true,"valueName":"search_term_string"}}],"inLanguage":"pt-BR"},{"@type":"Organization","@id":"https:\/\/www.suno.com.br\/noticias\/#organization","name":"Suno Not\u00edcias","url":"https:\/\/www.suno.com.br\/noticias\/","logo":{"@type":"ImageObject","inLanguage":"pt-BR","@id":"https:\/\/www.suno.com.br\/noticias\/#\/schema\/logo\/image\/","url":"https:\/\/files.sunoresearch.com.br\/n\/uploads\/2021\/09\/suno-logo.png","contentUrl":"https:\/\/files.sunoresearch.com.br\/n\/uploads\/2021\/09\/suno-logo.png","width":180,"height":180,"caption":"Suno Not\u00edcias"},"image":{"@id":"https:\/\/www.suno.com.br\/noticias\/#\/schema\/logo\/image\/"},"sameAs":["https:\/\/facebook.com\/sunoresearch","https:\/\/x.com\/sunoresearch","https:\/\/www.instagram.com\/suno","https:\/\/www.linkedin.com\/company\/suno-research\/","https:\/\/www.youtube.com\/c\/sunoresearch"]},{"@type":"Person","@id":"https:\/\/www.suno.com.br\/noticias\/#\/schema\/person\/fc144a1c6108bd1dcd43784e88a3c138","name":"Renan Bandeira","image":{"@type":"ImageObject","inLanguage":"pt-BR","@id":"https:\/\/www.suno.com.br\/noticias\/#\/schema\/person\/image\/","url":"https:\/\/secure.gravatar.com\/avatar\/68359cdb608f14f11bbefcb78f3fc747?s=96&r=g","contentUrl":"https:\/\/secure.gravatar.com\/avatar\/68359cdb608f14f11bbefcb78f3fc747?s=96&r=g","caption":"Renan Bandeira"},"description":"Renan Bandeira escreve sobre pol\u00edtica e economia para o portal da Suno Research. Antes da Suno, trabalhou em uma rede de televis\u00e3o, onde fazia reportagens sobre os mesmos temas. Estuda na Universidade Metodista de S\u00e3o Paulo.","url":"https:\/\/www.suno.com.br\/noticias\/author\/renan-bandeira\/"}]}},"default_loop_html":"<div class=\"cardsPage__listCard__boxs\"><div class=\"cardsPage__listCard__boxs__img\"><a href=\"https:\/\/www.suno.com.br\/noticias\/merkel-trump-putin-macrin-g20\/\"><img class=\"mask\" src=\"https:\/\/www.suno.com.br\/noticias\/wp-content\/themes\/suno\/resources\/images\/spotlight\/spotlight1img\/bg-mask.png\" alt=\"Image Mask\"\/><img src=\"https:\/\/files.sunoresearch.com.br\/n\/uploads\/2018\/11\/abd0a157-g20-400x200.webp\" alt=\"Merkel se reunir\u00e1 com Putin, Trump e Macri, no G20\"\/><\/a><span class=\"spotlightCategory\"><a href=\"https:\/\/www.suno.com.br\/noticias\/internacional\/\">Internacional<\/a><\/span><\/div><div class=\"cardsPage__listCard__boxs__content\"><a href=\"https:\/\/www.suno.com.br\/noticias\/merkel-trump-putin-macrin-g20\/\"><h2 class=\"content__title\">Merkel se reunir\u00e1 com Putin, Trump e Macri, no G20<\/h2><\/a><div class=\"newsContent__article__meta\"><div class=\"newsContent__article__meta__authorBox\"><a href=\"https:\/\/www.suno.com.br\/noticias\/author\/renan-bandeira\/\" class=\"authorBox__avatar noMobi\"><img src=\"https:\/\/secure.gravatar.com\/avatar\/68359cdb608f14f11bbefcb78f3fc747?s=96&#038;r=g\" alt=\"Renan Bandeira\"><\/a><div class=\"authorBox__name\"><span>por\n\t\t\t<a href=\"https:\/\/www.suno.com.br\/noticias\/author\/renan-bandeira\/\"><span itemprop=\"author\">Renan Bandeira<\/span><\/a><\/span><time datetime=\"2018-11-29T17:47:47-02:00\" itemprop=\"datePublished\">29\/11\/2018 17:47<\/time><\/div><\/div><\/div><\/div><\/div>","single_layout":"posts","amp_enabled":true,"_links":{"self":[{"href":"https:\/\/www.suno.com.br\/noticias\/wp-json\/wp\/v2\/posts\/7513"}],"collection":[{"href":"https:\/\/www.suno.com.br\/noticias\/wp-json\/wp\/v2\/posts"}],"about":[{"href":"https:\/\/www.suno.com.br\/noticias\/wp-json\/wp\/v2\/types\/post"}],"author":[{"embeddable":true,"href":"https:\/\/www.suno.com.br\/noticias\/wp-json\/wp\/v2\/users\/11"}],"replies":[{"embeddable":true,"href":"https:\/\/www.suno.com.br\/noticias\/wp-json\/wp\/v2\/comments?post=7513"}],"version-history":[{"count":0,"href":"https:\/\/www.suno.com.br\/noticias\/wp-json\/wp\/v2\/posts\/7513\/revisions"}],"wp:featuredmedia":[{"embeddable":true,"href":"https:\/\/www.suno.com.br\/noticias\/wp-json\/wp\/v2\/media\/7517"}],"wp:attachment":[{"href":"https:\/\/www.suno.com.br\/noticias\/wp-json\/wp\/v2\/media?parent=7513"}],"wp:term":[{"taxonomy":"category","embeddable":true,"href":"https:\/\/www.suno.com.br\/noticias\/wp-json\/wp\/v2\/categories?post=7513"},{"taxonomy":"post_tag","embeddable":true,"href":"https:\/\/www.suno.com.br\/noticias\/wp-json\/wp\/v2\/tags?post=7513"},{"taxonomy":"suno_strategy","embeddable":true,"href":"https:\/\/www.suno.com.br\/noticias\/wp-json\/wp\/v2\/suno_strategy?post=7513"}],"curies":[{"name":"wp","href":"https:\/\/api.w.org\/{rel}","templated":true}]}}