{"id":7508,"date":"2018-11-29T17:13:16","date_gmt":"2018-11-29T19:13:16","guid":{"rendered":"https:\/\/www.suno.com.br\/noticias\/?p=7508"},"modified":"2018-11-29T19:32:46","modified_gmt":"2018-11-29T21:32:46","slug":"mourao-capital-estrangeiro-brasil","status":"publish","type":"post","link":"https:\/\/www.suno.com.br\/noticias\/mourao-capital-estrangeiro-brasil\/","title":{"rendered":"Mour\u00e3o afirma que capital estrangeiro \u00e9 &#8220;bem-vindo&#8221; se destinado a obras"},"content":{"rendered":"<p>Hamilton Mour\u00e3o, vice-presidente eleito, afirmou nesta quinta-feira (29) que o capital estrangeiro \u00e9 bem-vindo no pa\u00eds, desde que seja &#8220;capital de risco&#8221; destinado para participa\u00e7\u00e3o em obras. Al\u00e9m disto, o pol\u00edtico defendeu a ado\u00e7\u00e3o de garantias cambiais para os empres\u00e1rios, como a ado\u00e7\u00e3o de um &#8220;d\u00f3lar m\u00e9dio&#8221;.<\/p>\t<div class=\"wrapper-featured-image\">\n\t\t<figure class=\"spotlightImg\">\n\n\t\t\t<picture>\n\t\t\t\t<source media=\"(max-width: 768px)\" srcset=\"https:\/\/files.sunoresearch.com.br\/n\/uploads\/2018\/09\/31da342a-hamilton-mourao-400x200.webp\">\n\t\t\t\t<img loading=\"lazy\" decoding=\"async\" class=\"newsContent__article__imgCapa lazyloadDisabled newsContent__article__imgCapa--noCaption\" src=\"https:\/\/files.sunoresearch.com.br\/n\/uploads\/2018\/09\/31da342a-hamilton-mourao-800x450.webp\" width=\"800\" height=\"450\" alt=\"Mour\u00e3o afirma que capital estrangeiro \u00e9 &#8220;bem-vindo&#8221; se destinado a obras\" fetchpriority=high \/>\n\t\t\t<\/picture>\n\n\t\t\t<figcaption class=\"wp-caption-text wp-caption-text--hide\">hamilton mour\u00e3o<\/figcaption>\n\t\t<\/figure>\n\t<\/div>\n\n\n<p>\u201cOs investimentos estrangeiros s\u00e3o muito bem-vindos, mas desde que seja capital de risco. \u00c9 para construir estrada, construir ferrovia e outras coisas. N\u00e3o \u00e9 empr\u00e9stimo, n\u00e3o queremos empr\u00e9stimo puro e simples, porque esse filme a gente j\u00e1 viu e sabe que n\u00e3o d\u00e1 certo\u201d, afirmou <strong>Mour\u00e3o<\/strong>.<\/p>\n<p>O <strong>vice-presidente<\/strong> eleito participava de evento ligado a infraestrutura e transportes.<\/p>\n<p><!--more--><a href=\"https:\/\/www.suno.com.br\/noticias\/bolsonaro-tarcisio-gomes-ministro-infraestrutura\/\">Saiba mais:\u00a0Bolsonaro anuncia Tarc\u00edsio Gomes de Freitas como novo ministro da Infraestrutura<\/a><\/p>\n<p>Em rela\u00e7\u00e3o ao capital estrangeiro, o vice-presidente de\u00a0<strong>Bolsonaro\u00a0<\/strong>fez quest\u00e3o de afirmar que est\u00e3o sendo estudadas pol\u00edticas que favore\u00e7am o investidor.<\/p>\n<p>\u201cTalvez fosse o caso de se estudar um d\u00f3lar m\u00e9dio, vamos colocar assim, estaria atrelado a esse d\u00f3lar m\u00e9dio. Se isso subir, isso tem que ser compensado pelo governo. Se descer, a empresa est\u00e1 com seu lucro mais assegurado ainda. S\u00e3o essas ideias que est\u00e3o norteando o nosso planejamento\u201d, afirmou Hamilton.<\/p>\n<p>Sobre as quest\u00f5es ligadas a infraestrutura, ele disse que o novo governo pretende retomar diversas obras.<\/p>\n<p>Destacando, principalmente, as rodovias. As quais, segundo o pol\u00edtico, ser\u00e3o &#8220;alvo das primeiras privatiza\u00e7\u00f5es&#8221;. Mour\u00e3o ressaltou ainda a cria\u00e7\u00e3o de outros modais de transporte.<\/p>\n<h2>Reformas<\/h2>\n<p>Al\u00e9m de falar sobre infraestrutura, o general da reserva foi indagado sobre as reformas do pr\u00f3ximo governo.<\/p>\n<p>O pol\u00edtico defendeu que s\u00e3o necess\u00e1rias novas pol\u00edticas fiscais e que a reforma da previd\u00eancia passe ainda no primeiro semestre do pr\u00f3ximo ano.<\/p>\n<p>Contudo, o futuro vice-presidente reconheceu a complexidade da tarefa: &#8220;Trabalho n\u00e3o \u00e9 pouco. Vai exigir uma articula\u00e7\u00e3o enorme com o Congresso\u201d.<\/p>\n<p>Todavia,\u00a0<strong>Mour\u00e3o\u00a0<\/strong>fez quest\u00e3o de ressaltar a import\u00e2ncia na sequ\u00eancia das pol\u00edticas para &#8220;desengessar&#8221; o or\u00e7amento do Pa\u00eds.<\/p>\n","protected":false},"excerpt":{"rendered":"<p>Hamilton Mour\u00e3o, vice-presidente eleito, afirmou nesta quinta-feira (29) que o capital estrangeiro \u00e9 bem-vindo no pa\u00eds, desde que seja &#8220;capital de risco&#8221; destinado para participa\u00e7\u00e3o em obras. Al\u00e9m disto, o pol\u00edtico defendeu a ado\u00e7\u00e3o de garantias cambiais para os empres\u00e1rios, como a ado\u00e7\u00e3o de um &#8220;d\u00f3lar m\u00e9dio&#8221;. hamilton mour\u00e3o \u201cOs investimentos estrangeiros s\u00e3o muito bem-vindos, [&hellip;]<\/p>\n","protected":false},"author":7,"featured_media":4573,"comment_status":"closed","ping_status":"closed","sticky":false,"template":"","format":"standard","meta":[],"categories":[61],"tags":[326,719],"suno_strategy":[],"class_list":["post-7508","post","type-post","status-publish","format-standard","has-post-thumbnail","hentry","category-politica","tag-dolar","tag-jair-bolsonaro"],"yoast_head":"<!-- This site is optimized with the Yoast SEO plugin v24.4 - https:\/\/yoast.com\/wordpress\/plugins\/seo\/ -->\n<title>Mour\u00e3o afirma que capital estrangeiro \u00e9 &quot;bem-vindo&quot; se destinado a obras<\/title>\n<meta name=\"description\" content=\"Mour\u00e3o defendeu a ado\u00e7\u00e3o de garantias do governo para os empres\u00e1rios, como a ado\u00e7\u00e3o de um &quot;d\u00f3lar m\u00e9dio&quot;. Clique para saber mais.\" \/>\n<meta name=\"robots\" content=\"index, follow, max-snippet:-1, max-image-preview:large, max-video-preview:-1\" \/>\n<link rel=\"canonical\" href=\"https:\/\/www.suno.com.br\/noticias\/mourao-capital-estrangeiro-brasil\/\" \/>\n<meta property=\"og:locale\" content=\"pt_BR\" \/>\n<meta property=\"og:type\" content=\"article\" \/>\n<meta property=\"og:title\" content=\"Mour\u00e3o afirma que capital estrangeiro \u00e9 &quot;bem-vindo&quot; se destinado a obras\" \/>\n<meta property=\"og:description\" content=\"Mour\u00e3o defendeu a ado\u00e7\u00e3o de garantias do governo para os empres\u00e1rios, como a ado\u00e7\u00e3o de um &quot;d\u00f3lar m\u00e9dio&quot;. Clique para saber mais.\" \/>\n<meta property=\"og:url\" content=\"https:\/\/www.suno.com.br\/noticias\/mourao-capital-estrangeiro-brasil\/\" \/>\n<meta property=\"og:site_name\" content=\"Suno Not\u00edcias\" \/>\n<meta property=\"article:publisher\" content=\"https:\/\/facebook.com\/sunoresearch\" \/>\n<meta property=\"article:author\" content=\"https:\/\/www.linkedin.com\/in\/mateus-vasconcellos-4b3542123\/\" \/>\n<meta property=\"og:image\" content=\"https:\/\/files.sunoresearch.com.br\/n\/uploads\/2018\/09\/31da342a-hamilton-mourao.jpg\" \/>\n\t<meta property=\"og:image:width\" content=\"1366\" \/>\n\t<meta property=\"og:image:height\" content=\"768\" \/>\n\t<meta property=\"og:image:type\" content=\"image\/jpeg\" \/>\n<meta name=\"author\" content=\"Mateus Vasconcellos\" \/>\n<meta name=\"twitter:card\" content=\"summary_large_image\" \/>\n<meta name=\"twitter:creator\" content=\"@sunoresearch\" \/>\n<meta name=\"twitter:site\" content=\"@sunoresearch\" \/>\n<meta name=\"twitter:label1\" content=\"Escrito por\" \/>\n\t<meta name=\"twitter:data1\" content=\"Mateus Vasconcellos\" \/>\n\t<meta name=\"twitter:label2\" content=\"Est. tempo de leitura\" \/>\n\t<meta name=\"twitter:data2\" content=\"2 minutos\" \/>\n<script type=\"application\/ld+json\" class=\"yoast-schema-graph\">{\"@context\":\"https:\/\/schema.org\",\"@graph\":[{\"@type\":\"NewsArticle\",\"@id\":\"https:\/\/www.suno.com.br\/noticias\/mourao-capital-estrangeiro-brasil\/#article\",\"isPartOf\":{\"@id\":\"https:\/\/www.suno.com.br\/noticias\/mourao-capital-estrangeiro-brasil\/\"},\"author\":{\"name\":\"Mateus Vasconcellos\",\"@id\":\"https:\/\/www.suno.com.br\/noticias\/#\/schema\/person\/ff5cc30ec6c0b55b6d3f3cfc4378b74e\"},\"headline\":\"Mour\u00e3o afirma que capital estrangeiro \u00e9 &#8220;bem-vindo&#8221; se destinado a obras\",\"datePublished\":\"2018-11-29T19:13:16+00:00\",\"dateModified\":\"2018-11-29T21:32:46+00:00\",\"mainEntityOfPage\":{\"@id\":\"https:\/\/www.suno.com.br\/noticias\/mourao-capital-estrangeiro-brasil\/\"},\"wordCount\":368,\"publisher\":{\"@id\":\"https:\/\/www.suno.com.br\/noticias\/#organization\"},\"image\":{\"@id\":\"https:\/\/www.suno.com.br\/noticias\/mourao-capital-estrangeiro-brasil\/#primaryimage\"},\"thumbnailUrl\":\"https:\/\/files.sunoresearch.com.br\/n\/uploads\/2018\/09\/31da342a-hamilton-mourao-jpg.webp\",\"keywords\":[\"d\u00f3lar\",\"Jair Bolsonaro\"],\"articleSection\":[\"Pol\u00edtica\"],\"inLanguage\":\"pt-BR\"},{\"@type\":\"WebPage\",\"@id\":\"https:\/\/www.suno.com.br\/noticias\/mourao-capital-estrangeiro-brasil\/\",\"url\":\"https:\/\/www.suno.com.br\/noticias\/mourao-capital-estrangeiro-brasil\/\",\"name\":\"Mour\u00e3o afirma que capital estrangeiro \u00e9 \\\"bem-vindo\\\" se destinado a obras\",\"isPartOf\":{\"@id\":\"https:\/\/www.suno.com.br\/noticias\/#website\"},\"primaryImageOfPage\":{\"@id\":\"https:\/\/www.suno.com.br\/noticias\/mourao-capital-estrangeiro-brasil\/#primaryimage\"},\"image\":{\"@id\":\"https:\/\/www.suno.com.br\/noticias\/mourao-capital-estrangeiro-brasil\/#primaryimage\"},\"thumbnailUrl\":\"https:\/\/files.sunoresearch.com.br\/n\/uploads\/2018\/09\/31da342a-hamilton-mourao-jpg.webp\",\"datePublished\":\"2018-11-29T19:13:16+00:00\",\"dateModified\":\"2018-11-29T21:32:46+00:00\",\"description\":\"Mour\u00e3o defendeu a ado\u00e7\u00e3o de garantias do governo para os empres\u00e1rios, como a ado\u00e7\u00e3o de um \\\"d\u00f3lar m\u00e9dio\\\". Clique para saber mais.\",\"breadcrumb\":{\"@id\":\"https:\/\/www.suno.com.br\/noticias\/mourao-capital-estrangeiro-brasil\/#breadcrumb\"},\"inLanguage\":\"pt-BR\",\"potentialAction\":[{\"@type\":\"ReadAction\",\"target\":[\"https:\/\/www.suno.com.br\/noticias\/mourao-capital-estrangeiro-brasil\/\"]}]},{\"@type\":\"ImageObject\",\"inLanguage\":\"pt-BR\",\"@id\":\"https:\/\/www.suno.com.br\/noticias\/mourao-capital-estrangeiro-brasil\/#primaryimage\",\"url\":\"https:\/\/files.sunoresearch.com.br\/n\/uploads\/2018\/09\/31da342a-hamilton-mourao-jpg.webp\",\"contentUrl\":\"https:\/\/files.sunoresearch.com.br\/n\/uploads\/2018\/09\/31da342a-hamilton-mourao-jpg.webp\",\"width\":1366,\"height\":768,\"caption\":\"hamilton mour\u00e3o\"},{\"@type\":\"BreadcrumbList\",\"@id\":\"https:\/\/www.suno.com.br\/noticias\/mourao-capital-estrangeiro-brasil\/#breadcrumb\",\"itemListElement\":[{\"@type\":\"ListItem\",\"position\":1,\"name\":\"Not\u00edcias\",\"item\":\"https:\/\/www.suno.com.br\/noticias\/\"},{\"@type\":\"ListItem\",\"position\":2,\"name\":\"Pol\u00edtica\",\"item\":\"https:\/\/www.suno.com.br\/noticias\/politica\/\"},{\"@type\":\"ListItem\",\"position\":3,\"name\":\"Mour\u00e3o afirma que capital estrangeiro \u00e9 &#8220;bem-vindo&#8221; se destinado a obras\"}]},{\"@type\":\"WebSite\",\"@id\":\"https:\/\/www.suno.com.br\/noticias\/#website\",\"url\":\"https:\/\/www.suno.com.br\/noticias\/\",\"name\":\"Suno Not\u00edcias\",\"description\":\"Seu portal de informa\u00e7\u00e3o sobre o mundo dos investimentos\",\"publisher\":{\"@id\":\"https:\/\/www.suno.com.br\/noticias\/#organization\"},\"potentialAction\":[{\"@type\":\"SearchAction\",\"target\":{\"@type\":\"EntryPoint\",\"urlTemplate\":\"https:\/\/www.suno.com.br\/noticias\/?s={search_term_string}\"},\"query-input\":{\"@type\":\"PropertyValueSpecification\",\"valueRequired\":true,\"valueName\":\"search_term_string\"}}],\"inLanguage\":\"pt-BR\"},{\"@type\":\"Organization\",\"@id\":\"https:\/\/www.suno.com.br\/noticias\/#organization\",\"name\":\"Suno Not\u00edcias\",\"url\":\"https:\/\/www.suno.com.br\/noticias\/\",\"logo\":{\"@type\":\"ImageObject\",\"inLanguage\":\"pt-BR\",\"@id\":\"https:\/\/www.suno.com.br\/noticias\/#\/schema\/logo\/image\/\",\"url\":\"https:\/\/files.sunoresearch.com.br\/n\/uploads\/2021\/09\/suno-logo.png\",\"contentUrl\":\"https:\/\/files.sunoresearch.com.br\/n\/uploads\/2021\/09\/suno-logo.png\",\"width\":180,\"height\":180,\"caption\":\"Suno Not\u00edcias\"},\"image\":{\"@id\":\"https:\/\/www.suno.com.br\/noticias\/#\/schema\/logo\/image\/\"},\"sameAs\":[\"https:\/\/facebook.com\/sunoresearch\",\"https:\/\/x.com\/sunoresearch\",\"https:\/\/www.instagram.com\/suno\",\"https:\/\/www.linkedin.com\/company\/suno-research\/\",\"https:\/\/www.youtube.com\/c\/sunoresearch\"]},{\"@type\":\"Person\",\"@id\":\"https:\/\/www.suno.com.br\/noticias\/#\/schema\/person\/ff5cc30ec6c0b55b6d3f3cfc4378b74e\",\"name\":\"Mateus Vasconcellos\",\"image\":{\"@type\":\"ImageObject\",\"inLanguage\":\"pt-BR\",\"@id\":\"https:\/\/www.suno.com.br\/noticias\/#\/schema\/person\/image\/\",\"url\":\"https:\/\/secure.gravatar.com\/avatar\/8d725238a0ef7530bdf58578a222f948?s=96&r=g\",\"contentUrl\":\"https:\/\/secure.gravatar.com\/avatar\/8d725238a0ef7530bdf58578a222f948?s=96&r=g\",\"caption\":\"Mateus Vasconcellos\"},\"description\":\"Formado em jornalismo pela Universidade Presbiteriana Mackenzie, Mateus Vasconcellos escreve sobre o mercado financeiro para o portal de not\u00edcias da Suno Research. Antes da Suno, teve passagem pelo Observat\u00f3rio do Terceiro Setor e \u00e9 vencedor do 7\u00b0 Pr\u00eamio Jovem Jornalista Fernando Pacheco Jord\u00e3o.\",\"sameAs\":[\"https:\/\/www.suno.com.br\",\"https:\/\/www.linkedin.com\/in\/mateus-vasconcellos-4b3542123\/\"],\"url\":\"https:\/\/www.suno.com.br\/noticias\/author\/mateus-vasconcellos\/\"}]}<\/script>\n<!-- \/ Yoast SEO plugin. -->","yoast_head_json":{"title":"Mour\u00e3o afirma que capital estrangeiro \u00e9 \"bem-vindo\" se destinado a obras","description":"Mour\u00e3o defendeu a ado\u00e7\u00e3o de garantias do governo para os empres\u00e1rios, como a ado\u00e7\u00e3o de um \"d\u00f3lar m\u00e9dio\". Clique para saber mais.","robots":{"index":"index","follow":"follow","max-snippet":"max-snippet:-1","max-image-preview":"max-image-preview:large","max-video-preview":"max-video-preview:-1"},"canonical":"https:\/\/www.suno.com.br\/noticias\/mourao-capital-estrangeiro-brasil\/","og_locale":"pt_BR","og_type":"article","og_title":"Mour\u00e3o afirma que capital estrangeiro \u00e9 \"bem-vindo\" se destinado a obras","og_description":"Mour\u00e3o defendeu a ado\u00e7\u00e3o de garantias do governo para os empres\u00e1rios, como a ado\u00e7\u00e3o de um \"d\u00f3lar m\u00e9dio\". Clique para saber mais.","og_url":"https:\/\/www.suno.com.br\/noticias\/mourao-capital-estrangeiro-brasil\/","og_site_name":"Suno Not\u00edcias","article_publisher":"https:\/\/facebook.com\/sunoresearch","article_author":"https:\/\/www.linkedin.com\/in\/mateus-vasconcellos-4b3542123\/","og_image":[{"width":1366,"height":768,"url":"https:\/\/files.sunoresearch.com.br\/n\/uploads\/2018\/09\/31da342a-hamilton-mourao.jpg","type":"image\/jpeg"}],"author":"Mateus Vasconcellos","twitter_card":"summary_large_image","twitter_creator":"@sunoresearch","twitter_site":"@sunoresearch","twitter_misc":{"Escrito por":"Mateus Vasconcellos","Est. tempo de leitura":"2 minutos"},"schema":{"@context":"https:\/\/schema.org","@graph":[{"@type":"NewsArticle","@id":"https:\/\/www.suno.com.br\/noticias\/mourao-capital-estrangeiro-brasil\/#article","isPartOf":{"@id":"https:\/\/www.suno.com.br\/noticias\/mourao-capital-estrangeiro-brasil\/"},"author":{"name":"Mateus Vasconcellos","@id":"https:\/\/www.suno.com.br\/noticias\/#\/schema\/person\/ff5cc30ec6c0b55b6d3f3cfc4378b74e"},"headline":"Mour\u00e3o afirma que capital estrangeiro \u00e9 &#8220;bem-vindo&#8221; se destinado a obras","datePublished":"2018-11-29T19:13:16+00:00","dateModified":"2018-11-29T21:32:46+00:00","mainEntityOfPage":{"@id":"https:\/\/www.suno.com.br\/noticias\/mourao-capital-estrangeiro-brasil\/"},"wordCount":368,"publisher":{"@id":"https:\/\/www.suno.com.br\/noticias\/#organization"},"image":{"@id":"https:\/\/www.suno.com.br\/noticias\/mourao-capital-estrangeiro-brasil\/#primaryimage"},"thumbnailUrl":"https:\/\/files.sunoresearch.com.br\/n\/uploads\/2018\/09\/31da342a-hamilton-mourao-jpg.webp","keywords":["d\u00f3lar","Jair Bolsonaro"],"articleSection":["Pol\u00edtica"],"inLanguage":"pt-BR"},{"@type":"WebPage","@id":"https:\/\/www.suno.com.br\/noticias\/mourao-capital-estrangeiro-brasil\/","url":"https:\/\/www.suno.com.br\/noticias\/mourao-capital-estrangeiro-brasil\/","name":"Mour\u00e3o afirma que capital estrangeiro \u00e9 \"bem-vindo\" se destinado a obras","isPartOf":{"@id":"https:\/\/www.suno.com.br\/noticias\/#website"},"primaryImageOfPage":{"@id":"https:\/\/www.suno.com.br\/noticias\/mourao-capital-estrangeiro-brasil\/#primaryimage"},"image":{"@id":"https:\/\/www.suno.com.br\/noticias\/mourao-capital-estrangeiro-brasil\/#primaryimage"},"thumbnailUrl":"https:\/\/files.sunoresearch.com.br\/n\/uploads\/2018\/09\/31da342a-hamilton-mourao-jpg.webp","datePublished":"2018-11-29T19:13:16+00:00","dateModified":"2018-11-29T21:32:46+00:00","description":"Mour\u00e3o defendeu a ado\u00e7\u00e3o de garantias do governo para os empres\u00e1rios, como a ado\u00e7\u00e3o de um \"d\u00f3lar m\u00e9dio\". Clique para saber mais.","breadcrumb":{"@id":"https:\/\/www.suno.com.br\/noticias\/mourao-capital-estrangeiro-brasil\/#breadcrumb"},"inLanguage":"pt-BR","potentialAction":[{"@type":"ReadAction","target":["https:\/\/www.suno.com.br\/noticias\/mourao-capital-estrangeiro-brasil\/"]}]},{"@type":"ImageObject","inLanguage":"pt-BR","@id":"https:\/\/www.suno.com.br\/noticias\/mourao-capital-estrangeiro-brasil\/#primaryimage","url":"https:\/\/files.sunoresearch.com.br\/n\/uploads\/2018\/09\/31da342a-hamilton-mourao-jpg.webp","contentUrl":"https:\/\/files.sunoresearch.com.br\/n\/uploads\/2018\/09\/31da342a-hamilton-mourao-jpg.webp","width":1366,"height":768,"caption":"hamilton mour\u00e3o"},{"@type":"BreadcrumbList","@id":"https:\/\/www.suno.com.br\/noticias\/mourao-capital-estrangeiro-brasil\/#breadcrumb","itemListElement":[{"@type":"ListItem","position":1,"name":"Not\u00edcias","item":"https:\/\/www.suno.com.br\/noticias\/"},{"@type":"ListItem","position":2,"name":"Pol\u00edtica","item":"https:\/\/www.suno.com.br\/noticias\/politica\/"},{"@type":"ListItem","position":3,"name":"Mour\u00e3o afirma que capital estrangeiro \u00e9 &#8220;bem-vindo&#8221; se destinado a obras"}]},{"@type":"WebSite","@id":"https:\/\/www.suno.com.br\/noticias\/#website","url":"https:\/\/www.suno.com.br\/noticias\/","name":"Suno Not\u00edcias","description":"Seu portal de informa\u00e7\u00e3o sobre o mundo dos investimentos","publisher":{"@id":"https:\/\/www.suno.com.br\/noticias\/#organization"},"potentialAction":[{"@type":"SearchAction","target":{"@type":"EntryPoint","urlTemplate":"https:\/\/www.suno.com.br\/noticias\/?s={search_term_string}"},"query-input":{"@type":"PropertyValueSpecification","valueRequired":true,"valueName":"search_term_string"}}],"inLanguage":"pt-BR"},{"@type":"Organization","@id":"https:\/\/www.suno.com.br\/noticias\/#organization","name":"Suno Not\u00edcias","url":"https:\/\/www.suno.com.br\/noticias\/","logo":{"@type":"ImageObject","inLanguage":"pt-BR","@id":"https:\/\/www.suno.com.br\/noticias\/#\/schema\/logo\/image\/","url":"https:\/\/files.sunoresearch.com.br\/n\/uploads\/2021\/09\/suno-logo.png","contentUrl":"https:\/\/files.sunoresearch.com.br\/n\/uploads\/2021\/09\/suno-logo.png","width":180,"height":180,"caption":"Suno Not\u00edcias"},"image":{"@id":"https:\/\/www.suno.com.br\/noticias\/#\/schema\/logo\/image\/"},"sameAs":["https:\/\/facebook.com\/sunoresearch","https:\/\/x.com\/sunoresearch","https:\/\/www.instagram.com\/suno","https:\/\/www.linkedin.com\/company\/suno-research\/","https:\/\/www.youtube.com\/c\/sunoresearch"]},{"@type":"Person","@id":"https:\/\/www.suno.com.br\/noticias\/#\/schema\/person\/ff5cc30ec6c0b55b6d3f3cfc4378b74e","name":"Mateus Vasconcellos","image":{"@type":"ImageObject","inLanguage":"pt-BR","@id":"https:\/\/www.suno.com.br\/noticias\/#\/schema\/person\/image\/","url":"https:\/\/secure.gravatar.com\/avatar\/8d725238a0ef7530bdf58578a222f948?s=96&r=g","contentUrl":"https:\/\/secure.gravatar.com\/avatar\/8d725238a0ef7530bdf58578a222f948?s=96&r=g","caption":"Mateus Vasconcellos"},"description":"Formado em jornalismo pela Universidade Presbiteriana Mackenzie, Mateus Vasconcellos escreve sobre o mercado financeiro para o portal de not\u00edcias da Suno Research. Antes da Suno, teve passagem pelo Observat\u00f3rio do Terceiro Setor e \u00e9 vencedor do 7\u00b0 Pr\u00eamio Jovem Jornalista Fernando Pacheco Jord\u00e3o.","sameAs":["https:\/\/www.suno.com.br","https:\/\/www.linkedin.com\/in\/mateus-vasconcellos-4b3542123\/"],"url":"https:\/\/www.suno.com.br\/noticias\/author\/mateus-vasconcellos\/"}]}},"default_loop_html":"<div class=\"cardsPage__listCard__boxs\"><div class=\"cardsPage__listCard__boxs__img\"><a href=\"https:\/\/www.suno.com.br\/noticias\/mourao-capital-estrangeiro-brasil\/\"><img class=\"mask\" src=\"https:\/\/www.suno.com.br\/noticias\/wp-content\/themes\/suno\/resources\/images\/spotlight\/spotlight1img\/bg-mask.png\" alt=\"Image Mask\"\/><img src=\"https:\/\/files.sunoresearch.com.br\/n\/uploads\/2018\/09\/31da342a-hamilton-mourao-400x200.webp\" alt=\"Mour\u00e3o afirma que capital estrangeiro \u00e9 &#8220;bem-vindo&#8221; se destinado a obras\"\/><\/a><span class=\"spotlightCategory\"><a href=\"https:\/\/www.suno.com.br\/noticias\/politica\/\">Pol\u00edtica<\/a><\/span><\/div><div class=\"cardsPage__listCard__boxs__content\"><a href=\"https:\/\/www.suno.com.br\/noticias\/mourao-capital-estrangeiro-brasil\/\"><h2 class=\"content__title\">Mour\u00e3o afirma que capital estrangeiro \u00e9 &#8220;bem-vindo&#8221; se destinado a obras<\/h2><\/a><div class=\"newsContent__article__meta\"><div class=\"newsContent__article__meta__authorBox\"><a href=\"https:\/\/www.suno.com.br\/noticias\/author\/mateus-vasconcellos\/\" class=\"authorBox__avatar noMobi\"><img src=\"https:\/\/secure.gravatar.com\/avatar\/8d725238a0ef7530bdf58578a222f948?s=96&#038;r=g\" alt=\"Mateus Vasconcellos\"><\/a><div class=\"authorBox__name\"><span>por\n\t\t\t<a href=\"https:\/\/www.suno.com.br\/noticias\/author\/mateus-vasconcellos\/\"><span itemprop=\"author\">Mateus Vasconcellos<\/span><\/a><\/span><time datetime=\"2018-11-29T17:13:16-02:00\" itemprop=\"datePublished\">29\/11\/2018 17:13<\/time><\/div><\/div><\/div><\/div><\/div>","single_layout":"posts","amp_enabled":true,"_links":{"self":[{"href":"https:\/\/www.suno.com.br\/noticias\/wp-json\/wp\/v2\/posts\/7508"}],"collection":[{"href":"https:\/\/www.suno.com.br\/noticias\/wp-json\/wp\/v2\/posts"}],"about":[{"href":"https:\/\/www.suno.com.br\/noticias\/wp-json\/wp\/v2\/types\/post"}],"author":[{"embeddable":true,"href":"https:\/\/www.suno.com.br\/noticias\/wp-json\/wp\/v2\/users\/7"}],"replies":[{"embeddable":true,"href":"https:\/\/www.suno.com.br\/noticias\/wp-json\/wp\/v2\/comments?post=7508"}],"version-history":[{"count":0,"href":"https:\/\/www.suno.com.br\/noticias\/wp-json\/wp\/v2\/posts\/7508\/revisions"}],"wp:featuredmedia":[{"embeddable":true,"href":"https:\/\/www.suno.com.br\/noticias\/wp-json\/wp\/v2\/media\/4573"}],"wp:attachment":[{"href":"https:\/\/www.suno.com.br\/noticias\/wp-json\/wp\/v2\/media?parent=7508"}],"wp:term":[{"taxonomy":"category","embeddable":true,"href":"https:\/\/www.suno.com.br\/noticias\/wp-json\/wp\/v2\/categories?post=7508"},{"taxonomy":"post_tag","embeddable":true,"href":"https:\/\/www.suno.com.br\/noticias\/wp-json\/wp\/v2\/tags?post=7508"},{"taxonomy":"suno_strategy","embeddable":true,"href":"https:\/\/www.suno.com.br\/noticias\/wp-json\/wp\/v2\/suno_strategy?post=7508"}],"curies":[{"name":"wp","href":"https:\/\/api.w.org\/{rel}","templated":true}]}}