{"id":7507,"date":"2018-11-29T17:09:19","date_gmt":"2018-11-29T19:09:19","guid":{"rendered":"https:\/\/www.suno.com.br\/noticias\/?p=7507"},"modified":"2021-02-18T17:56:08","modified_gmt":"2021-02-18T20:56:08","slug":"trump-cancela-reuniao-putin","status":"publish","type":"post","link":"https:\/\/www.suno.com.br\/noticias\/trump-cancela-reuniao-putin\/","title":{"rendered":"Donald Trump cancela reuni\u00e3o com Vladimir Putin no G-20"},"content":{"rendered":"<p>O presidente dos Estados Unidos, Donald Trump, cancelou reuni\u00e3o com presidente da R\u00fassia, Vladimir Putin. O encontro seria na <a href=\"https:\/\/www.suno.com.br\/artigos\/g20\/\">c\u00fapula do G-20<\/a>, que acontecer\u00e1 em Buenos Aires, Argentina, a partir de sexta-feira (30).<\/p>\t<div class=\"wrapper-featured-image\">\n\t\t<figure class=\"spotlightImg\">\n\n\t\t\t<picture>\n\t\t\t\t<source media=\"(max-width: 768px)\" srcset=\"https:\/\/files.sunoresearch.com.br\/n\/uploads\/2018\/10\/8fb5635b-donald-trump-400x200.webp\">\n\t\t\t\t<img loading=\"lazy\" decoding=\"async\" class=\"newsContent__article__imgCapa lazyloadDisabled newsContent__article__imgCapa--noCaption\" src=\"https:\/\/files.sunoresearch.com.br\/n\/uploads\/2018\/10\/8fb5635b-donald-trump-800x450.webp\" width=\"800\" height=\"450\" alt=\"Donald Trump cancela reuni\u00e3o com Vladimir Putin no G-20\" fetchpriority=high \/>\n\t\t\t<\/picture>\n\n\t\t\t<figcaption class=\"wp-caption-text wp-caption-text--hide\">An\u00fancio de Trump eleva juros e mexe com a renda fixa<\/figcaption>\n\t\t<\/figure>\n\t<\/div>\n\n\n<p>Donald Trump escreveu em sua conta no Twitter que o cancelamento com <strong>Vladimir\u00a0Putin<\/strong> acontece em raz\u00e3o do aumento de tens\u00e3o entre a R\u00fassia e a Ucr\u00e2nia.<\/p>\n<p><a href=\"https:\/\/www.suno.com.br\/noticias\/merkel-trump-putin-macrin-g20\/\">Saiba mais:\u00a0Merkel se reunir\u00e1 com Putin, Trump e Macri no G20<\/a><\/p>\n<h2>Entenda o caso<\/h2>\n<p>No \u00faltimo domingo, um incidente entre a Guarda Costeira da R\u00fassia e navios ucranianos aconteceu no Mar Negro. Duas embarca\u00e7\u00f5es que tentavam entrar no estreito de Kerch para chegar ao Mar de Azov foram detidas pelos militares russos, que rebocaram os navios.<\/p>\n<p>Al\u00e9m disso, cerca de 20 marinheiros ucranianos foram capturados e levados a bordo dos navios russos.<\/p>\n<p>A Ucr\u00e2nia julga a atua\u00e7\u00e3o russa como agress\u00e3o, e exige o retorno de seus marinheiros e das embarca\u00e7\u00f5es. Em contrapartida, a R\u00fassia classifica o incidente como uma provoca\u00e7\u00e3o ucraniana.<\/p>\n<p>Al\u00e9m disso, Vladimir Putin afirma que a Guarda Costeira russa apenas cumpriu seu dever.<\/p>\n<p>Desde 2014, quando a Crimeia foi anexada a R\u00fassia, o pa\u00eds reivindica o controle do estreito de Kerch. Essa rota mar\u00edtima \u00e9 crucial para exporta\u00e7\u00f5es de cereais e a\u00e7o no leste ucraniano.<\/p>\n<p>O presidente norte-americano <strong>Donald Trump<\/strong> estaria aguardando o fim das tens\u00f5es para se reunir com o presidente russo, <strong>Vladimir Putin<\/strong>.<\/p>\n","protected":false},"excerpt":{"rendered":"<p>O presidente dos Estados Unidos, Donald Trump, cancelou reuni\u00e3o com presidente da R\u00fassia, Vladimir Putin. O encontro seria na c\u00fapula do G-20, que acontecer\u00e1 em Buenos Aires, Argentina, a partir de sexta-feira (30). An\u00fancio de Trump eleva juros e mexe com a renda fixa Donald Trump escreveu em sua conta no Twitter que o cancelamento [&hellip;]<\/p>\n","protected":false},"author":11,"featured_media":5555,"comment_status":"closed","ping_status":"closed","sticky":false,"template":"","format":"standard","meta":[],"categories":[63],"tags":[724,793,799],"suno_strategy":[],"class_list":["post-7507","post","type-post","status-publish","format-standard","has-post-thumbnail","hentry","category-internacional","tag-donald-trump","tag-estados-unidos-eua","tag-vladimir-putin"],"yoast_head":"<!-- This site is optimized with the Yoast SEO plugin v24.4 - https:\/\/yoast.com\/wordpress\/plugins\/seo\/ -->\n<title>Donald Trump cancela reuni\u00e3o com Vladimir Putin no G-20<\/title>\n<meta name=\"description\" content=\"Donald Trump cancelou a reuni\u00e3o com Vladimir Putin no G-20 em raz\u00e3o do aumento de tens\u00e3o entre a R\u00fassia e a Ucr\u00e2nia. Clique para saber mais.\" \/>\n<meta name=\"robots\" content=\"index, follow, max-snippet:-1, max-image-preview:large, max-video-preview:-1\" \/>\n<link rel=\"canonical\" href=\"https:\/\/www.suno.com.br\/noticias\/trump-cancela-reuniao-putin\/\" \/>\n<meta property=\"og:locale\" content=\"pt_BR\" \/>\n<meta property=\"og:type\" content=\"article\" \/>\n<meta property=\"og:title\" content=\"Donald Trump cancela reuni\u00e3o com Vladimir Putin no G-20\" \/>\n<meta property=\"og:description\" content=\"Donald Trump cancelou a reuni\u00e3o com Vladimir Putin no G-20 em raz\u00e3o do aumento de tens\u00e3o entre a R\u00fassia e a Ucr\u00e2nia. Clique para saber mais.\" \/>\n<meta property=\"og:url\" content=\"https:\/\/www.suno.com.br\/noticias\/trump-cancela-reuniao-putin\/\" \/>\n<meta property=\"og:site_name\" content=\"Suno Not\u00edcias\" \/>\n<meta property=\"article:publisher\" content=\"https:\/\/facebook.com\/sunoresearch\" \/>\n<meta property=\"og:image\" content=\"https:\/\/files.sunoresearch.com.br\/n\/uploads\/2018\/10\/8fb5635b-donald-trump-scaled.webp\" \/>\n\t<meta property=\"og:image:width\" content=\"2560\" \/>\n\t<meta property=\"og:image:height\" content=\"1829\" \/>\n\t<meta property=\"og:image:type\" content=\"image\/jpeg\" \/>\n<meta name=\"author\" content=\"Renan Bandeira\" \/>\n<meta name=\"twitter:card\" content=\"summary_large_image\" \/>\n<meta name=\"twitter:creator\" content=\"@sunoresearch\" \/>\n<meta name=\"twitter:site\" content=\"@sunoresearch\" \/>\n<meta name=\"twitter:label1\" content=\"Escrito por\" \/>\n\t<meta name=\"twitter:data1\" content=\"Renan Bandeira\" \/>\n\t<meta name=\"twitter:label2\" content=\"Est. tempo de leitura\" \/>\n\t<meta name=\"twitter:data2\" content=\"1 minuto\" \/>\n<script type=\"application\/ld+json\" class=\"yoast-schema-graph\">{\"@context\":\"https:\/\/schema.org\",\"@graph\":[{\"@type\":\"NewsArticle\",\"@id\":\"https:\/\/www.suno.com.br\/noticias\/trump-cancela-reuniao-putin\/#article\",\"isPartOf\":{\"@id\":\"https:\/\/www.suno.com.br\/noticias\/trump-cancela-reuniao-putin\/\"},\"author\":{\"name\":\"Renan Bandeira\",\"@id\":\"https:\/\/www.suno.com.br\/noticias\/#\/schema\/person\/fc144a1c6108bd1dcd43784e88a3c138\"},\"headline\":\"Donald Trump cancela reuni\u00e3o com Vladimir Putin no G-20\",\"datePublished\":\"2018-11-29T19:09:19+00:00\",\"dateModified\":\"2021-02-18T20:56:08+00:00\",\"mainEntityOfPage\":{\"@id\":\"https:\/\/www.suno.com.br\/noticias\/trump-cancela-reuniao-putin\/\"},\"wordCount\":257,\"publisher\":{\"@id\":\"https:\/\/www.suno.com.br\/noticias\/#organization\"},\"image\":{\"@id\":\"https:\/\/www.suno.com.br\/noticias\/trump-cancela-reuniao-putin\/#primaryimage\"},\"thumbnailUrl\":\"https:\/\/files.sunoresearch.com.br\/n\/uploads\/2018\/10\/8fb5635b-donald-trump-scaled.webp\",\"keywords\":[\"Donald Trump\",\"Estados Unidos (EUA)\",\"Vladimir Putin\"],\"articleSection\":[\"Internacional\"],\"inLanguage\":\"pt-BR\"},{\"@type\":\"WebPage\",\"@id\":\"https:\/\/www.suno.com.br\/noticias\/trump-cancela-reuniao-putin\/\",\"url\":\"https:\/\/www.suno.com.br\/noticias\/trump-cancela-reuniao-putin\/\",\"name\":\"Donald Trump cancela reuni\u00e3o com Vladimir Putin no G-20\",\"isPartOf\":{\"@id\":\"https:\/\/www.suno.com.br\/noticias\/#website\"},\"primaryImageOfPage\":{\"@id\":\"https:\/\/www.suno.com.br\/noticias\/trump-cancela-reuniao-putin\/#primaryimage\"},\"image\":{\"@id\":\"https:\/\/www.suno.com.br\/noticias\/trump-cancela-reuniao-putin\/#primaryimage\"},\"thumbnailUrl\":\"https:\/\/files.sunoresearch.com.br\/n\/uploads\/2018\/10\/8fb5635b-donald-trump-scaled.webp\",\"datePublished\":\"2018-11-29T19:09:19+00:00\",\"dateModified\":\"2021-02-18T20:56:08+00:00\",\"description\":\"Donald Trump cancelou a reuni\u00e3o com Vladimir Putin no G-20 em raz\u00e3o do aumento de tens\u00e3o entre a R\u00fassia e a Ucr\u00e2nia. Clique para saber mais.\",\"breadcrumb\":{\"@id\":\"https:\/\/www.suno.com.br\/noticias\/trump-cancela-reuniao-putin\/#breadcrumb\"},\"inLanguage\":\"pt-BR\",\"potentialAction\":[{\"@type\":\"ReadAction\",\"target\":[\"https:\/\/www.suno.com.br\/noticias\/trump-cancela-reuniao-putin\/\"]}]},{\"@type\":\"ImageObject\",\"inLanguage\":\"pt-BR\",\"@id\":\"https:\/\/www.suno.com.br\/noticias\/trump-cancela-reuniao-putin\/#primaryimage\",\"url\":\"https:\/\/files.sunoresearch.com.br\/n\/uploads\/2018\/10\/8fb5635b-donald-trump-scaled.webp\",\"contentUrl\":\"https:\/\/files.sunoresearch.com.br\/n\/uploads\/2018\/10\/8fb5635b-donald-trump-scaled.webp\",\"width\":2560,\"height\":1829,\"caption\":\"An\u00fancio de Trump eleva juros e mexe com a renda fixa\"},{\"@type\":\"BreadcrumbList\",\"@id\":\"https:\/\/www.suno.com.br\/noticias\/trump-cancela-reuniao-putin\/#breadcrumb\",\"itemListElement\":[{\"@type\":\"ListItem\",\"position\":1,\"name\":\"Not\u00edcias\",\"item\":\"https:\/\/www.suno.com.br\/noticias\/\"},{\"@type\":\"ListItem\",\"position\":2,\"name\":\"Internacional\",\"item\":\"https:\/\/www.suno.com.br\/noticias\/internacional\/\"},{\"@type\":\"ListItem\",\"position\":3,\"name\":\"Donald Trump cancela reuni\u00e3o com Vladimir Putin no G-20\"}]},{\"@type\":\"WebSite\",\"@id\":\"https:\/\/www.suno.com.br\/noticias\/#website\",\"url\":\"https:\/\/www.suno.com.br\/noticias\/\",\"name\":\"Suno Not\u00edcias\",\"description\":\"Seu portal de informa\u00e7\u00e3o sobre o mundo dos investimentos\",\"publisher\":{\"@id\":\"https:\/\/www.suno.com.br\/noticias\/#organization\"},\"potentialAction\":[{\"@type\":\"SearchAction\",\"target\":{\"@type\":\"EntryPoint\",\"urlTemplate\":\"https:\/\/www.suno.com.br\/noticias\/?s={search_term_string}\"},\"query-input\":{\"@type\":\"PropertyValueSpecification\",\"valueRequired\":true,\"valueName\":\"search_term_string\"}}],\"inLanguage\":\"pt-BR\"},{\"@type\":\"Organization\",\"@id\":\"https:\/\/www.suno.com.br\/noticias\/#organization\",\"name\":\"Suno Not\u00edcias\",\"url\":\"https:\/\/www.suno.com.br\/noticias\/\",\"logo\":{\"@type\":\"ImageObject\",\"inLanguage\":\"pt-BR\",\"@id\":\"https:\/\/www.suno.com.br\/noticias\/#\/schema\/logo\/image\/\",\"url\":\"https:\/\/files.sunoresearch.com.br\/n\/uploads\/2021\/09\/suno-logo.png\",\"contentUrl\":\"https:\/\/files.sunoresearch.com.br\/n\/uploads\/2021\/09\/suno-logo.png\",\"width\":180,\"height\":180,\"caption\":\"Suno Not\u00edcias\"},\"image\":{\"@id\":\"https:\/\/www.suno.com.br\/noticias\/#\/schema\/logo\/image\/\"},\"sameAs\":[\"https:\/\/facebook.com\/sunoresearch\",\"https:\/\/x.com\/sunoresearch\",\"https:\/\/www.instagram.com\/suno\",\"https:\/\/www.linkedin.com\/company\/suno-research\/\",\"https:\/\/www.youtube.com\/c\/sunoresearch\"]},{\"@type\":\"Person\",\"@id\":\"https:\/\/www.suno.com.br\/noticias\/#\/schema\/person\/fc144a1c6108bd1dcd43784e88a3c138\",\"name\":\"Renan Bandeira\",\"image\":{\"@type\":\"ImageObject\",\"inLanguage\":\"pt-BR\",\"@id\":\"https:\/\/www.suno.com.br\/noticias\/#\/schema\/person\/image\/\",\"url\":\"https:\/\/secure.gravatar.com\/avatar\/68359cdb608f14f11bbefcb78f3fc747?s=96&r=g\",\"contentUrl\":\"https:\/\/secure.gravatar.com\/avatar\/68359cdb608f14f11bbefcb78f3fc747?s=96&r=g\",\"caption\":\"Renan Bandeira\"},\"description\":\"Renan Bandeira escreve sobre pol\u00edtica e economia para o portal da Suno Research. Antes da Suno, trabalhou em uma rede de televis\u00e3o, onde fazia reportagens sobre os mesmos temas. Estuda na Universidade Metodista de S\u00e3o Paulo.\",\"url\":\"https:\/\/www.suno.com.br\/noticias\/author\/renan-bandeira\/\"}]}<\/script>\n<!-- \/ Yoast SEO plugin. -->","yoast_head_json":{"title":"Donald Trump cancela reuni\u00e3o com Vladimir Putin no G-20","description":"Donald Trump cancelou a reuni\u00e3o com Vladimir Putin no G-20 em raz\u00e3o do aumento de tens\u00e3o entre a R\u00fassia e a Ucr\u00e2nia. Clique para saber mais.","robots":{"index":"index","follow":"follow","max-snippet":"max-snippet:-1","max-image-preview":"max-image-preview:large","max-video-preview":"max-video-preview:-1"},"canonical":"https:\/\/www.suno.com.br\/noticias\/trump-cancela-reuniao-putin\/","og_locale":"pt_BR","og_type":"article","og_title":"Donald Trump cancela reuni\u00e3o com Vladimir Putin no G-20","og_description":"Donald Trump cancelou a reuni\u00e3o com Vladimir Putin no G-20 em raz\u00e3o do aumento de tens\u00e3o entre a R\u00fassia e a Ucr\u00e2nia. Clique para saber mais.","og_url":"https:\/\/www.suno.com.br\/noticias\/trump-cancela-reuniao-putin\/","og_site_name":"Suno Not\u00edcias","article_publisher":"https:\/\/facebook.com\/sunoresearch","og_image":[{"width":2560,"height":1829,"url":"https:\/\/files.sunoresearch.com.br\/n\/uploads\/2018\/10\/8fb5635b-donald-trump-scaled.webp","type":"image\/jpeg"}],"author":"Renan Bandeira","twitter_card":"summary_large_image","twitter_creator":"@sunoresearch","twitter_site":"@sunoresearch","twitter_misc":{"Escrito por":"Renan Bandeira","Est. tempo de leitura":"1 minuto"},"schema":{"@context":"https:\/\/schema.org","@graph":[{"@type":"NewsArticle","@id":"https:\/\/www.suno.com.br\/noticias\/trump-cancela-reuniao-putin\/#article","isPartOf":{"@id":"https:\/\/www.suno.com.br\/noticias\/trump-cancela-reuniao-putin\/"},"author":{"name":"Renan Bandeira","@id":"https:\/\/www.suno.com.br\/noticias\/#\/schema\/person\/fc144a1c6108bd1dcd43784e88a3c138"},"headline":"Donald Trump cancela reuni\u00e3o com Vladimir Putin no G-20","datePublished":"2018-11-29T19:09:19+00:00","dateModified":"2021-02-18T20:56:08+00:00","mainEntityOfPage":{"@id":"https:\/\/www.suno.com.br\/noticias\/trump-cancela-reuniao-putin\/"},"wordCount":257,"publisher":{"@id":"https:\/\/www.suno.com.br\/noticias\/#organization"},"image":{"@id":"https:\/\/www.suno.com.br\/noticias\/trump-cancela-reuniao-putin\/#primaryimage"},"thumbnailUrl":"https:\/\/files.sunoresearch.com.br\/n\/uploads\/2018\/10\/8fb5635b-donald-trump-scaled.webp","keywords":["Donald Trump","Estados Unidos (EUA)","Vladimir Putin"],"articleSection":["Internacional"],"inLanguage":"pt-BR"},{"@type":"WebPage","@id":"https:\/\/www.suno.com.br\/noticias\/trump-cancela-reuniao-putin\/","url":"https:\/\/www.suno.com.br\/noticias\/trump-cancela-reuniao-putin\/","name":"Donald Trump cancela reuni\u00e3o com Vladimir Putin no G-20","isPartOf":{"@id":"https:\/\/www.suno.com.br\/noticias\/#website"},"primaryImageOfPage":{"@id":"https:\/\/www.suno.com.br\/noticias\/trump-cancela-reuniao-putin\/#primaryimage"},"image":{"@id":"https:\/\/www.suno.com.br\/noticias\/trump-cancela-reuniao-putin\/#primaryimage"},"thumbnailUrl":"https:\/\/files.sunoresearch.com.br\/n\/uploads\/2018\/10\/8fb5635b-donald-trump-scaled.webp","datePublished":"2018-11-29T19:09:19+00:00","dateModified":"2021-02-18T20:56:08+00:00","description":"Donald Trump cancelou a reuni\u00e3o com Vladimir Putin no G-20 em raz\u00e3o do aumento de tens\u00e3o entre a R\u00fassia e a Ucr\u00e2nia. Clique para saber mais.","breadcrumb":{"@id":"https:\/\/www.suno.com.br\/noticias\/trump-cancela-reuniao-putin\/#breadcrumb"},"inLanguage":"pt-BR","potentialAction":[{"@type":"ReadAction","target":["https:\/\/www.suno.com.br\/noticias\/trump-cancela-reuniao-putin\/"]}]},{"@type":"ImageObject","inLanguage":"pt-BR","@id":"https:\/\/www.suno.com.br\/noticias\/trump-cancela-reuniao-putin\/#primaryimage","url":"https:\/\/files.sunoresearch.com.br\/n\/uploads\/2018\/10\/8fb5635b-donald-trump-scaled.webp","contentUrl":"https:\/\/files.sunoresearch.com.br\/n\/uploads\/2018\/10\/8fb5635b-donald-trump-scaled.webp","width":2560,"height":1829,"caption":"An\u00fancio de Trump eleva juros e mexe com a renda fixa"},{"@type":"BreadcrumbList","@id":"https:\/\/www.suno.com.br\/noticias\/trump-cancela-reuniao-putin\/#breadcrumb","itemListElement":[{"@type":"ListItem","position":1,"name":"Not\u00edcias","item":"https:\/\/www.suno.com.br\/noticias\/"},{"@type":"ListItem","position":2,"name":"Internacional","item":"https:\/\/www.suno.com.br\/noticias\/internacional\/"},{"@type":"ListItem","position":3,"name":"Donald Trump cancela reuni\u00e3o com Vladimir Putin no G-20"}]},{"@type":"WebSite","@id":"https:\/\/www.suno.com.br\/noticias\/#website","url":"https:\/\/www.suno.com.br\/noticias\/","name":"Suno Not\u00edcias","description":"Seu portal de informa\u00e7\u00e3o sobre o mundo dos investimentos","publisher":{"@id":"https:\/\/www.suno.com.br\/noticias\/#organization"},"potentialAction":[{"@type":"SearchAction","target":{"@type":"EntryPoint","urlTemplate":"https:\/\/www.suno.com.br\/noticias\/?s={search_term_string}"},"query-input":{"@type":"PropertyValueSpecification","valueRequired":true,"valueName":"search_term_string"}}],"inLanguage":"pt-BR"},{"@type":"Organization","@id":"https:\/\/www.suno.com.br\/noticias\/#organization","name":"Suno Not\u00edcias","url":"https:\/\/www.suno.com.br\/noticias\/","logo":{"@type":"ImageObject","inLanguage":"pt-BR","@id":"https:\/\/www.suno.com.br\/noticias\/#\/schema\/logo\/image\/","url":"https:\/\/files.sunoresearch.com.br\/n\/uploads\/2021\/09\/suno-logo.png","contentUrl":"https:\/\/files.sunoresearch.com.br\/n\/uploads\/2021\/09\/suno-logo.png","width":180,"height":180,"caption":"Suno Not\u00edcias"},"image":{"@id":"https:\/\/www.suno.com.br\/noticias\/#\/schema\/logo\/image\/"},"sameAs":["https:\/\/facebook.com\/sunoresearch","https:\/\/x.com\/sunoresearch","https:\/\/www.instagram.com\/suno","https:\/\/www.linkedin.com\/company\/suno-research\/","https:\/\/www.youtube.com\/c\/sunoresearch"]},{"@type":"Person","@id":"https:\/\/www.suno.com.br\/noticias\/#\/schema\/person\/fc144a1c6108bd1dcd43784e88a3c138","name":"Renan Bandeira","image":{"@type":"ImageObject","inLanguage":"pt-BR","@id":"https:\/\/www.suno.com.br\/noticias\/#\/schema\/person\/image\/","url":"https:\/\/secure.gravatar.com\/avatar\/68359cdb608f14f11bbefcb78f3fc747?s=96&r=g","contentUrl":"https:\/\/secure.gravatar.com\/avatar\/68359cdb608f14f11bbefcb78f3fc747?s=96&r=g","caption":"Renan Bandeira"},"description":"Renan Bandeira escreve sobre pol\u00edtica e economia para o portal da Suno Research. Antes da Suno, trabalhou em uma rede de televis\u00e3o, onde fazia reportagens sobre os mesmos temas. Estuda na Universidade Metodista de S\u00e3o Paulo.","url":"https:\/\/www.suno.com.br\/noticias\/author\/renan-bandeira\/"}]}},"default_loop_html":"<div class=\"cardsPage__listCard__boxs\"><div class=\"cardsPage__listCard__boxs__img\"><a href=\"https:\/\/www.suno.com.br\/noticias\/trump-cancela-reuniao-putin\/\"><img class=\"mask\" src=\"https:\/\/www.suno.com.br\/noticias\/wp-content\/themes\/suno\/resources\/images\/spotlight\/spotlight1img\/bg-mask.png\" alt=\"Image Mask\"\/><img src=\"https:\/\/files.sunoresearch.com.br\/n\/uploads\/2018\/10\/8fb5635b-donald-trump-400x200.webp\" alt=\"Donald Trump cancela reuni\u00e3o com Vladimir Putin no G-20\"\/><\/a><span class=\"spotlightCategory\"><a href=\"https:\/\/www.suno.com.br\/noticias\/internacional\/\">Internacional<\/a><\/span><\/div><div class=\"cardsPage__listCard__boxs__content\"><a href=\"https:\/\/www.suno.com.br\/noticias\/trump-cancela-reuniao-putin\/\"><h2 class=\"content__title\">Donald Trump cancela reuni\u00e3o com Vladimir Putin no G-20<\/h2><\/a><div class=\"newsContent__article__meta\"><div class=\"newsContent__article__meta__authorBox\"><a href=\"https:\/\/www.suno.com.br\/noticias\/author\/renan-bandeira\/\" class=\"authorBox__avatar noMobi\"><img src=\"https:\/\/secure.gravatar.com\/avatar\/68359cdb608f14f11bbefcb78f3fc747?s=96&#038;r=g\" alt=\"Renan Bandeira\"><\/a><div class=\"authorBox__name\"><span>por\n\t\t\t<a href=\"https:\/\/www.suno.com.br\/noticias\/author\/renan-bandeira\/\"><span itemprop=\"author\">Renan Bandeira<\/span><\/a><\/span><time datetime=\"2018-11-29T17:09:19-02:00\" itemprop=\"datePublished\">29\/11\/2018 17:09<\/time><\/div><\/div><\/div><\/div><\/div>","single_layout":"posts","amp_enabled":true,"_links":{"self":[{"href":"https:\/\/www.suno.com.br\/noticias\/wp-json\/wp\/v2\/posts\/7507"}],"collection":[{"href":"https:\/\/www.suno.com.br\/noticias\/wp-json\/wp\/v2\/posts"}],"about":[{"href":"https:\/\/www.suno.com.br\/noticias\/wp-json\/wp\/v2\/types\/post"}],"author":[{"embeddable":true,"href":"https:\/\/www.suno.com.br\/noticias\/wp-json\/wp\/v2\/users\/11"}],"replies":[{"embeddable":true,"href":"https:\/\/www.suno.com.br\/noticias\/wp-json\/wp\/v2\/comments?post=7507"}],"version-history":[{"count":0,"href":"https:\/\/www.suno.com.br\/noticias\/wp-json\/wp\/v2\/posts\/7507\/revisions"}],"wp:featuredmedia":[{"embeddable":true,"href":"https:\/\/www.suno.com.br\/noticias\/wp-json\/wp\/v2\/media\/5555"}],"wp:attachment":[{"href":"https:\/\/www.suno.com.br\/noticias\/wp-json\/wp\/v2\/media?parent=7507"}],"wp:term":[{"taxonomy":"category","embeddable":true,"href":"https:\/\/www.suno.com.br\/noticias\/wp-json\/wp\/v2\/categories?post=7507"},{"taxonomy":"post_tag","embeddable":true,"href":"https:\/\/www.suno.com.br\/noticias\/wp-json\/wp\/v2\/tags?post=7507"},{"taxonomy":"suno_strategy","embeddable":true,"href":"https:\/\/www.suno.com.br\/noticias\/wp-json\/wp\/v2\/suno_strategy?post=7507"}],"curies":[{"name":"wp","href":"https:\/\/api.w.org\/{rel}","templated":true}]}}