{"id":75059,"date":"2020-07-28T10:00:07","date_gmt":"2020-07-28T13:00:07","guid":{"rendered":"https:\/\/www.suno.com.br\/noticias\/?p=75059"},"modified":"2020-07-28T10:00:07","modified_gmt":"2020-07-28T13:00:07","slug":"mcdonalds-registra-queda-de-68-no-lucro-liquido-do-2t20","status":"publish","type":"post","link":"https:\/\/www.suno.com.br\/noticias\/mcdonalds-registra-queda-de-68-no-lucro-liquido-do-2t20\/","title":{"rendered":"McDonald&#8217;s registra queda de 68% no lucro l\u00edquido do 2T20"},"content":{"rendered":"<p>O <strong>McDonald&#8217;s<\/strong> registrou queda de 68% no <a href=\"https:\/\/www.suno.com.br\/artigos\/preco-lucro\/\">lucro l\u00edquido<\/a> no segundo trimestre, em compara\u00e7\u00e3o com o mesmo per\u00edodo no ano passado, para US$ 483,3 milh\u00f5es (cerca de R$ 2,5 bilh\u00f5es).<\/p>\t<div class=\"wrapper-featured-image\">\n\t\t<figure class=\"spotlightImg\">\n\n\t\t\t<picture>\n\t\t\t\t<source media=\"(max-width: 768px)\" srcset=\"https:\/\/files.sunoresearch.com.br\/n\/uploads\/2019\/08\/b5fd534c-mc-donaldss-400x200.webp\">\n\t\t\t\t<img loading=\"lazy\" decoding=\"async\" class=\"newsContent__article__imgCapa lazyloadDisabled newsContent__article__imgCapa--noCaption\" src=\"https:\/\/files.sunoresearch.com.br\/n\/uploads\/2019\/08\/b5fd534c-mc-donaldss-jpg.webp\" width=\"800\" height=\"450\" alt=\"McDonald&#8217;s registra queda de 68% no lucro l\u00edquido do 2T20\" fetchpriority=high \/>\n\t\t\t<\/picture>\n\n\t\t\t<figcaption class=\"wp-caption-text wp-caption-text--hide\">McDonald&#039;s<\/figcaption>\n\t\t<\/figure>\n\t<\/div>\n\n\n\n<p>De acordo com a maior rede de fast food, as opera\u00e7\u00f5es ao redor do mundo foram afetadas fortemente pela <a href=\"https:\/\/www.suno.com.br\/noticias\/tags\/coronavirus\/\">pandemia do novo coronav\u00edrus (covid-19)<\/a>.\u00a0A <a href=\"https:\/\/www.suno.com.br\/artigos\/receita-total\/\">receita<\/a> do McDonald&#8217;s caiu 30%, para US$ 3,76 bilh\u00f5es.<\/p>\n<p>As <a href=\"https:\/\/www.suno.com.br\/artigos\/custos-e-gastos\/\">despesas<\/a> ca\u00edram 11%, para US$ 2,8 bilh\u00f5es. As vendas compar\u00e1veis, que contabiliza as <a href=\"https:\/\/www.suno.com.br\/artigos\/area-de-vendas\/\">vendas dos restaurantes<\/a> com mais de um ano de opera\u00e7\u00e3o, tiveram queda de 24% em todo o mundo.<\/p>\n<p><a href=\"https:\/\/lp.suno.com.br\/suno-one\/\">Suno One: acesse gratuitamente eBooks, Minicursos, Artigos e Video Aulas sobre investimentos com um \u00fanico cadastro. Clique para saber mais!<\/a><\/p>\n<p>Para ajudar a<a href=\"https:\/\/www.suno.com.br\/artigos\/liquidez-corrente\/\"> liquidez<\/a> do franqueado, a rede de fast food destinou US$ 31 milh\u00f5es em pagamentos a centros de distribui\u00e7\u00e3o do estoque. O McDonald&#8217;s informou que houve aumento de previs\u00f5es para pagamentos duvidosos de US$ 45 milh\u00f5es no trimestre.<\/p>\n<h2>McDonald&#8217;s: vendas caem 46,3% no Brasil no 2T20<\/h2>\n<p>A Arcos Dorados, dona do McDonald&#8217;s na Am\u00e9rica Latina, informou atrav\u00e9s de comunicado que as vendas da rede de restaurantes de fast food no Brasil recuaram 46,3% no segundo trimestre do ano em compara\u00e7\u00e3o ao mesmo per\u00edodo de 2019.<\/p>\n<p>De acordo com a Arcos Dorados, as vendas do McDonald&#8217;s no Brasil em abril desse ano ca\u00edram 54,2%, enquanto em maio a queda foi de 45,7%, ambas na compara\u00e7\u00e3o anual. Por sua vez, o \u00faltimo m\u00eas do trimestre, junho, anotou um resumo de 39,1% nas vendas, na mesma compara\u00e7\u00e3o.<\/p>\n<p>A Arcos Dorados ainda destacou que suas vendas recuaram 21% no segundo trimestre desse ano quando considerados todos os pa\u00edses da Am\u00e9rica Latina, menos a Venezuela.<\/p>\n<p><a href=\"https:\/\/www.suno.com.br\/noticias\/mcdonalds-burger-king-mercado-pago-multados-procon-sp\/\">Veja Tamb\u00e9m: McDonald\u2019s, Burger King e Mercado Pago s\u00e3o multados pelo Procon-SP<\/a><\/p>\n<p>Em rela\u00e7\u00e3o a pandemia de coronav\u00edrus, a dona do <strong>McDonald&#8217;s <\/strong>informou que 55% das unidades no Brasil s\u00e3o lojas de rua, assim grande parte est\u00e1 funcionando com sistema de entrega ou retirada no local, ao passo que os shoppings est\u00e3o reabrindo lentamente.<\/p>\n\n","protected":false},"excerpt":{"rendered":"<p>O McDonald&#8217;s registrou queda de 68% no lucro l\u00edquido no segundo trimestre, em compara\u00e7\u00e3o com o mesmo per\u00edodo no ano passado, para US$ 483,3 milh\u00f5es (cerca de R$ 2,5 bilh\u00f5es). McDonald&#039;s De acordo com a maior rede de fast food, as opera\u00e7\u00f5es ao redor do mundo foram afetadas fortemente pela pandemia do novo coronav\u00edrus (covid-19).\u00a0A [&hellip;]<\/p>\n","protected":false},"author":15,"featured_media":34578,"comment_status":"closed","ping_status":"closed","sticky":false,"template":"","format":"standard","meta":[],"categories":[64],"tags":[985,1607],"suno_strategy":[],"class_list":["post-75059","post","type-post","status-publish","format-standard","has-post-thumbnail","hentry","category-negocios","tag-mcdonalds-mcdc34","tag-resultado-das-empresas"],"yoast_head":"<!-- This site is optimized with the Yoast SEO plugin v24.4 - https:\/\/yoast.com\/wordpress\/plugins\/seo\/ -->\n<title>McDonald&#039;s registra queda de 68% no lucro l\u00edquido do 2T20<\/title>\n<meta name=\"description\" content=\"O McDonald&#039;s registrou queda de 68% no lucro l\u00edquido no segundo trimestre, para US$ 483,3 milh\u00f5es (cerca de R$ 2,5 bilh\u00f5es). Clique aqui\u00a0\" \/>\n<meta name=\"robots\" content=\"index, follow, max-snippet:-1, max-image-preview:large, max-video-preview:-1\" \/>\n<link rel=\"canonical\" href=\"https:\/\/www.suno.com.br\/noticias\/mcdonalds-registra-queda-de-68-no-lucro-liquido-do-2t20\/\" \/>\n<meta property=\"og:locale\" content=\"pt_BR\" \/>\n<meta property=\"og:type\" content=\"article\" \/>\n<meta property=\"og:title\" content=\"McDonald&#039;s registra queda de 68% no lucro l\u00edquido do 2T20\" \/>\n<meta property=\"og:description\" content=\"O McDonald&#039;s registrou queda de 68% no lucro l\u00edquido no segundo trimestre, para US$ 483,3 milh\u00f5es (cerca de R$ 2,5 bilh\u00f5es). Clique aqui\u00a0\" \/>\n<meta property=\"og:url\" content=\"https:\/\/www.suno.com.br\/noticias\/mcdonalds-registra-queda-de-68-no-lucro-liquido-do-2t20\/\" \/>\n<meta property=\"og:site_name\" content=\"Suno Not\u00edcias\" \/>\n<meta property=\"article:publisher\" content=\"https:\/\/facebook.com\/sunoresearch\" \/>\n<meta property=\"og:image\" content=\"https:\/\/files.sunoresearch.com.br\/n\/uploads\/2019\/08\/b5fd534c-mc-donaldss.jpg\" \/>\n\t<meta property=\"og:image:width\" content=\"748\" \/>\n\t<meta property=\"og:image:height\" content=\"410\" \/>\n\t<meta property=\"og:image:type\" content=\"image\/jpeg\" \/>\n<meta name=\"author\" content=\"Poliana Santos\" \/>\n<meta name=\"twitter:card\" content=\"summary_large_image\" \/>\n<meta name=\"twitter:creator\" content=\"@sunoresearch\" \/>\n<meta name=\"twitter:site\" content=\"@sunoresearch\" \/>\n<meta name=\"twitter:label1\" content=\"Escrito por\" \/>\n\t<meta name=\"twitter:data1\" content=\"Poliana Santos\" \/>\n\t<meta name=\"twitter:label2\" content=\"Est. tempo de leitura\" \/>\n\t<meta name=\"twitter:data2\" content=\"2 minutos\" \/>\n<script type=\"application\/ld+json\" class=\"yoast-schema-graph\">{\"@context\":\"https:\/\/schema.org\",\"@graph\":[{\"@type\":\"NewsArticle\",\"@id\":\"https:\/\/www.suno.com.br\/noticias\/mcdonalds-registra-queda-de-68-no-lucro-liquido-do-2t20\/#article\",\"isPartOf\":{\"@id\":\"https:\/\/www.suno.com.br\/noticias\/mcdonalds-registra-queda-de-68-no-lucro-liquido-do-2t20\/\"},\"author\":{\"name\":\"Poliana Santos\",\"@id\":\"https:\/\/www.suno.com.br\/noticias\/#\/schema\/person\/02ec1f752758247878a2bf4abee1aeda\"},\"headline\":\"McDonald&#8217;s registra queda de 68% no lucro l\u00edquido do 2T20\",\"datePublished\":\"2020-07-28T13:00:07+00:00\",\"mainEntityOfPage\":{\"@id\":\"https:\/\/www.suno.com.br\/noticias\/mcdonalds-registra-queda-de-68-no-lucro-liquido-do-2t20\/\"},\"wordCount\":373,\"publisher\":{\"@id\":\"https:\/\/www.suno.com.br\/noticias\/#organization\"},\"image\":{\"@id\":\"https:\/\/www.suno.com.br\/noticias\/mcdonalds-registra-queda-de-68-no-lucro-liquido-do-2t20\/#primaryimage\"},\"thumbnailUrl\":\"https:\/\/files.sunoresearch.com.br\/n\/uploads\/2019\/08\/b5fd534c-mc-donaldss-jpg.webp\",\"keywords\":[\"McDonald's (MCDC34)\",\"Resultado das empresas\"],\"articleSection\":[\"Neg\u00f3cios\"],\"inLanguage\":\"pt-BR\"},{\"@type\":\"WebPage\",\"@id\":\"https:\/\/www.suno.com.br\/noticias\/mcdonalds-registra-queda-de-68-no-lucro-liquido-do-2t20\/\",\"url\":\"https:\/\/www.suno.com.br\/noticias\/mcdonalds-registra-queda-de-68-no-lucro-liquido-do-2t20\/\",\"name\":\"McDonald's registra queda de 68% no lucro l\u00edquido do 2T20\",\"isPartOf\":{\"@id\":\"https:\/\/www.suno.com.br\/noticias\/#website\"},\"primaryImageOfPage\":{\"@id\":\"https:\/\/www.suno.com.br\/noticias\/mcdonalds-registra-queda-de-68-no-lucro-liquido-do-2t20\/#primaryimage\"},\"image\":{\"@id\":\"https:\/\/www.suno.com.br\/noticias\/mcdonalds-registra-queda-de-68-no-lucro-liquido-do-2t20\/#primaryimage\"},\"thumbnailUrl\":\"https:\/\/files.sunoresearch.com.br\/n\/uploads\/2019\/08\/b5fd534c-mc-donaldss-jpg.webp\",\"datePublished\":\"2020-07-28T13:00:07+00:00\",\"description\":\"O McDonald's registrou queda de 68% no lucro l\u00edquido no segundo trimestre, para US$ 483,3 milh\u00f5es (cerca de R$ 2,5 bilh\u00f5es). Clique aqui\u00a0\",\"breadcrumb\":{\"@id\":\"https:\/\/www.suno.com.br\/noticias\/mcdonalds-registra-queda-de-68-no-lucro-liquido-do-2t20\/#breadcrumb\"},\"inLanguage\":\"pt-BR\",\"potentialAction\":[{\"@type\":\"ReadAction\",\"target\":[\"https:\/\/www.suno.com.br\/noticias\/mcdonalds-registra-queda-de-68-no-lucro-liquido-do-2t20\/\"]}]},{\"@type\":\"ImageObject\",\"inLanguage\":\"pt-BR\",\"@id\":\"https:\/\/www.suno.com.br\/noticias\/mcdonalds-registra-queda-de-68-no-lucro-liquido-do-2t20\/#primaryimage\",\"url\":\"https:\/\/files.sunoresearch.com.br\/n\/uploads\/2019\/08\/b5fd534c-mc-donaldss-jpg.webp\",\"contentUrl\":\"https:\/\/files.sunoresearch.com.br\/n\/uploads\/2019\/08\/b5fd534c-mc-donaldss-jpg.webp\",\"width\":748,\"height\":410,\"caption\":\"McDonald's\"},{\"@type\":\"BreadcrumbList\",\"@id\":\"https:\/\/www.suno.com.br\/noticias\/mcdonalds-registra-queda-de-68-no-lucro-liquido-do-2t20\/#breadcrumb\",\"itemListElement\":[{\"@type\":\"ListItem\",\"position\":1,\"name\":\"Not\u00edcias\",\"item\":\"https:\/\/www.suno.com.br\/noticias\/\"},{\"@type\":\"ListItem\",\"position\":2,\"name\":\"Neg\u00f3cios\",\"item\":\"https:\/\/www.suno.com.br\/noticias\/negocios\/\"},{\"@type\":\"ListItem\",\"position\":3,\"name\":\"McDonald&#8217;s registra queda de 68% no lucro l\u00edquido do 2T20\"}]},{\"@type\":\"WebSite\",\"@id\":\"https:\/\/www.suno.com.br\/noticias\/#website\",\"url\":\"https:\/\/www.suno.com.br\/noticias\/\",\"name\":\"Suno Not\u00edcias\",\"description\":\"Seu portal de informa\u00e7\u00e3o sobre o mundo dos investimentos\",\"publisher\":{\"@id\":\"https:\/\/www.suno.com.br\/noticias\/#organization\"},\"potentialAction\":[{\"@type\":\"SearchAction\",\"target\":{\"@type\":\"EntryPoint\",\"urlTemplate\":\"https:\/\/www.suno.com.br\/noticias\/?s={search_term_string}\"},\"query-input\":{\"@type\":\"PropertyValueSpecification\",\"valueRequired\":true,\"valueName\":\"search_term_string\"}}],\"inLanguage\":\"pt-BR\"},{\"@type\":\"Organization\",\"@id\":\"https:\/\/www.suno.com.br\/noticias\/#organization\",\"name\":\"Suno Not\u00edcias\",\"url\":\"https:\/\/www.suno.com.br\/noticias\/\",\"logo\":{\"@type\":\"ImageObject\",\"inLanguage\":\"pt-BR\",\"@id\":\"https:\/\/www.suno.com.br\/noticias\/#\/schema\/logo\/image\/\",\"url\":\"https:\/\/files.sunoresearch.com.br\/n\/uploads\/2021\/09\/suno-logo.png\",\"contentUrl\":\"https:\/\/files.sunoresearch.com.br\/n\/uploads\/2021\/09\/suno-logo.png\",\"width\":180,\"height\":180,\"caption\":\"Suno Not\u00edcias\"},\"image\":{\"@id\":\"https:\/\/www.suno.com.br\/noticias\/#\/schema\/logo\/image\/\"},\"sameAs\":[\"https:\/\/facebook.com\/sunoresearch\",\"https:\/\/x.com\/sunoresearch\",\"https:\/\/www.instagram.com\/suno\",\"https:\/\/www.linkedin.com\/company\/suno-research\/\",\"https:\/\/www.youtube.com\/c\/sunoresearch\"]},{\"@type\":\"Person\",\"@id\":\"https:\/\/www.suno.com.br\/noticias\/#\/schema\/person\/02ec1f752758247878a2bf4abee1aeda\",\"name\":\"Poliana Santos\",\"image\":{\"@type\":\"ImageObject\",\"inLanguage\":\"pt-BR\",\"@id\":\"https:\/\/www.suno.com.br\/noticias\/#\/schema\/person\/image\/\",\"url\":\"https:\/\/secure.gravatar.com\/avatar\/0645bd32f23d87b2130f2b2dff1d3f8d?s=96&r=g\",\"contentUrl\":\"https:\/\/secure.gravatar.com\/avatar\/0645bd32f23d87b2130f2b2dff1d3f8d?s=96&r=g\",\"caption\":\"Poliana Santos\"},\"description\":\"Rep\u00f3rter no Suno Not\u00edcias, com cobertura em mercado financeiro, economia, finan\u00e7as pessoais, renda fixa e varejo. Jornalista formada pela Faculdade C\u00e1sper L\u00edbero e possui passagem na R\u00e1dio Gazeta AM com a produ\u00e7\u00e3o de conte\u00fado sobre economia, pol\u00edtica, sa\u00fade, moda e m\u00fasica. Possui certificado de conclus\u00e3o do curso de An\u00e1lise de Balan\u00e7os pela Funda\u00e7\u00e3o Bradesco, Agenda Brasil pela FAAP, Educa\u00e7\u00e3o Pol\u00edtica por Alexandre Garcia e do Tesouro Direto e Mercado de A\u00e7\u00f5es pela B3.\",\"url\":\"https:\/\/www.suno.com.br\/noticias\/author\/poliana-santos\/\"}]}<\/script>\n<!-- \/ Yoast SEO plugin. -->","yoast_head_json":{"title":"McDonald's registra queda de 68% no lucro l\u00edquido do 2T20","description":"O McDonald's registrou queda de 68% no lucro l\u00edquido no segundo trimestre, para US$ 483,3 milh\u00f5es (cerca de R$ 2,5 bilh\u00f5es). Clique aqui\u00a0","robots":{"index":"index","follow":"follow","max-snippet":"max-snippet:-1","max-image-preview":"max-image-preview:large","max-video-preview":"max-video-preview:-1"},"canonical":"https:\/\/www.suno.com.br\/noticias\/mcdonalds-registra-queda-de-68-no-lucro-liquido-do-2t20\/","og_locale":"pt_BR","og_type":"article","og_title":"McDonald's registra queda de 68% no lucro l\u00edquido do 2T20","og_description":"O McDonald's registrou queda de 68% no lucro l\u00edquido no segundo trimestre, para US$ 483,3 milh\u00f5es (cerca de R$ 2,5 bilh\u00f5es). Clique aqui\u00a0","og_url":"https:\/\/www.suno.com.br\/noticias\/mcdonalds-registra-queda-de-68-no-lucro-liquido-do-2t20\/","og_site_name":"Suno Not\u00edcias","article_publisher":"https:\/\/facebook.com\/sunoresearch","og_image":[{"width":748,"height":410,"url":"https:\/\/files.sunoresearch.com.br\/n\/uploads\/2019\/08\/b5fd534c-mc-donaldss.jpg","type":"image\/jpeg"}],"author":"Poliana Santos","twitter_card":"summary_large_image","twitter_creator":"@sunoresearch","twitter_site":"@sunoresearch","twitter_misc":{"Escrito por":"Poliana Santos","Est. tempo de leitura":"2 minutos"},"schema":{"@context":"https:\/\/schema.org","@graph":[{"@type":"NewsArticle","@id":"https:\/\/www.suno.com.br\/noticias\/mcdonalds-registra-queda-de-68-no-lucro-liquido-do-2t20\/#article","isPartOf":{"@id":"https:\/\/www.suno.com.br\/noticias\/mcdonalds-registra-queda-de-68-no-lucro-liquido-do-2t20\/"},"author":{"name":"Poliana Santos","@id":"https:\/\/www.suno.com.br\/noticias\/#\/schema\/person\/02ec1f752758247878a2bf4abee1aeda"},"headline":"McDonald&#8217;s registra queda de 68% no lucro l\u00edquido do 2T20","datePublished":"2020-07-28T13:00:07+00:00","mainEntityOfPage":{"@id":"https:\/\/www.suno.com.br\/noticias\/mcdonalds-registra-queda-de-68-no-lucro-liquido-do-2t20\/"},"wordCount":373,"publisher":{"@id":"https:\/\/www.suno.com.br\/noticias\/#organization"},"image":{"@id":"https:\/\/www.suno.com.br\/noticias\/mcdonalds-registra-queda-de-68-no-lucro-liquido-do-2t20\/#primaryimage"},"thumbnailUrl":"https:\/\/files.sunoresearch.com.br\/n\/uploads\/2019\/08\/b5fd534c-mc-donaldss-jpg.webp","keywords":["McDonald's (MCDC34)","Resultado das empresas"],"articleSection":["Neg\u00f3cios"],"inLanguage":"pt-BR"},{"@type":"WebPage","@id":"https:\/\/www.suno.com.br\/noticias\/mcdonalds-registra-queda-de-68-no-lucro-liquido-do-2t20\/","url":"https:\/\/www.suno.com.br\/noticias\/mcdonalds-registra-queda-de-68-no-lucro-liquido-do-2t20\/","name":"McDonald's registra queda de 68% no lucro l\u00edquido do 2T20","isPartOf":{"@id":"https:\/\/www.suno.com.br\/noticias\/#website"},"primaryImageOfPage":{"@id":"https:\/\/www.suno.com.br\/noticias\/mcdonalds-registra-queda-de-68-no-lucro-liquido-do-2t20\/#primaryimage"},"image":{"@id":"https:\/\/www.suno.com.br\/noticias\/mcdonalds-registra-queda-de-68-no-lucro-liquido-do-2t20\/#primaryimage"},"thumbnailUrl":"https:\/\/files.sunoresearch.com.br\/n\/uploads\/2019\/08\/b5fd534c-mc-donaldss-jpg.webp","datePublished":"2020-07-28T13:00:07+00:00","description":"O McDonald's registrou queda de 68% no lucro l\u00edquido no segundo trimestre, para US$ 483,3 milh\u00f5es (cerca de R$ 2,5 bilh\u00f5es). Clique aqui\u00a0","breadcrumb":{"@id":"https:\/\/www.suno.com.br\/noticias\/mcdonalds-registra-queda-de-68-no-lucro-liquido-do-2t20\/#breadcrumb"},"inLanguage":"pt-BR","potentialAction":[{"@type":"ReadAction","target":["https:\/\/www.suno.com.br\/noticias\/mcdonalds-registra-queda-de-68-no-lucro-liquido-do-2t20\/"]}]},{"@type":"ImageObject","inLanguage":"pt-BR","@id":"https:\/\/www.suno.com.br\/noticias\/mcdonalds-registra-queda-de-68-no-lucro-liquido-do-2t20\/#primaryimage","url":"https:\/\/files.sunoresearch.com.br\/n\/uploads\/2019\/08\/b5fd534c-mc-donaldss-jpg.webp","contentUrl":"https:\/\/files.sunoresearch.com.br\/n\/uploads\/2019\/08\/b5fd534c-mc-donaldss-jpg.webp","width":748,"height":410,"caption":"McDonald's"},{"@type":"BreadcrumbList","@id":"https:\/\/www.suno.com.br\/noticias\/mcdonalds-registra-queda-de-68-no-lucro-liquido-do-2t20\/#breadcrumb","itemListElement":[{"@type":"ListItem","position":1,"name":"Not\u00edcias","item":"https:\/\/www.suno.com.br\/noticias\/"},{"@type":"ListItem","position":2,"name":"Neg\u00f3cios","item":"https:\/\/www.suno.com.br\/noticias\/negocios\/"},{"@type":"ListItem","position":3,"name":"McDonald&#8217;s registra queda de 68% no lucro l\u00edquido do 2T20"}]},{"@type":"WebSite","@id":"https:\/\/www.suno.com.br\/noticias\/#website","url":"https:\/\/www.suno.com.br\/noticias\/","name":"Suno Not\u00edcias","description":"Seu portal de informa\u00e7\u00e3o sobre o mundo dos investimentos","publisher":{"@id":"https:\/\/www.suno.com.br\/noticias\/#organization"},"potentialAction":[{"@type":"SearchAction","target":{"@type":"EntryPoint","urlTemplate":"https:\/\/www.suno.com.br\/noticias\/?s={search_term_string}"},"query-input":{"@type":"PropertyValueSpecification","valueRequired":true,"valueName":"search_term_string"}}],"inLanguage":"pt-BR"},{"@type":"Organization","@id":"https:\/\/www.suno.com.br\/noticias\/#organization","name":"Suno Not\u00edcias","url":"https:\/\/www.suno.com.br\/noticias\/","logo":{"@type":"ImageObject","inLanguage":"pt-BR","@id":"https:\/\/www.suno.com.br\/noticias\/#\/schema\/logo\/image\/","url":"https:\/\/files.sunoresearch.com.br\/n\/uploads\/2021\/09\/suno-logo.png","contentUrl":"https:\/\/files.sunoresearch.com.br\/n\/uploads\/2021\/09\/suno-logo.png","width":180,"height":180,"caption":"Suno Not\u00edcias"},"image":{"@id":"https:\/\/www.suno.com.br\/noticias\/#\/schema\/logo\/image\/"},"sameAs":["https:\/\/facebook.com\/sunoresearch","https:\/\/x.com\/sunoresearch","https:\/\/www.instagram.com\/suno","https:\/\/www.linkedin.com\/company\/suno-research\/","https:\/\/www.youtube.com\/c\/sunoresearch"]},{"@type":"Person","@id":"https:\/\/www.suno.com.br\/noticias\/#\/schema\/person\/02ec1f752758247878a2bf4abee1aeda","name":"Poliana Santos","image":{"@type":"ImageObject","inLanguage":"pt-BR","@id":"https:\/\/www.suno.com.br\/noticias\/#\/schema\/person\/image\/","url":"https:\/\/secure.gravatar.com\/avatar\/0645bd32f23d87b2130f2b2dff1d3f8d?s=96&r=g","contentUrl":"https:\/\/secure.gravatar.com\/avatar\/0645bd32f23d87b2130f2b2dff1d3f8d?s=96&r=g","caption":"Poliana Santos"},"description":"Rep\u00f3rter no Suno Not\u00edcias, com cobertura em mercado financeiro, economia, finan\u00e7as pessoais, renda fixa e varejo. Jornalista formada pela Faculdade C\u00e1sper L\u00edbero e possui passagem na R\u00e1dio Gazeta AM com a produ\u00e7\u00e3o de conte\u00fado sobre economia, pol\u00edtica, sa\u00fade, moda e m\u00fasica. Possui certificado de conclus\u00e3o do curso de An\u00e1lise de Balan\u00e7os pela Funda\u00e7\u00e3o Bradesco, Agenda Brasil pela FAAP, Educa\u00e7\u00e3o Pol\u00edtica por Alexandre Garcia e do Tesouro Direto e Mercado de A\u00e7\u00f5es pela B3.","url":"https:\/\/www.suno.com.br\/noticias\/author\/poliana-santos\/"}]}},"default_loop_html":"<div class=\"cardsPage__listCard__boxs\"><div class=\"cardsPage__listCard__boxs__img\"><a href=\"https:\/\/www.suno.com.br\/noticias\/mcdonalds-registra-queda-de-68-no-lucro-liquido-do-2t20\/\"><img class=\"mask\" src=\"https:\/\/www.suno.com.br\/noticias\/wp-content\/themes\/suno\/resources\/images\/spotlight\/spotlight1img\/bg-mask.png\" alt=\"Image Mask\"\/><img src=\"https:\/\/files.sunoresearch.com.br\/n\/uploads\/2019\/08\/b5fd534c-mc-donaldss-400x200.webp\" alt=\"McDonald&#8217;s registra queda de 68% no lucro l\u00edquido do 2T20\"\/><\/a><span class=\"spotlightCategory\"><a href=\"https:\/\/www.suno.com.br\/noticias\/negocios\/\">Neg\u00f3cios<\/a><\/span><\/div><div class=\"cardsPage__listCard__boxs__content\"><a href=\"https:\/\/www.suno.com.br\/noticias\/mcdonalds-registra-queda-de-68-no-lucro-liquido-do-2t20\/\"><h2 class=\"content__title\">McDonald&#8217;s registra queda de 68% no lucro l\u00edquido do 2T20<\/h2><\/a><div class=\"newsContent__article__meta\"><div class=\"newsContent__article__meta__authorBox\"><a href=\"https:\/\/www.suno.com.br\/noticias\/author\/poliana-santos\/\" class=\"authorBox__avatar noMobi\"><img src=\"https:\/\/files.sunoresearch.com.br\/n\/uploads\/2020\/08\/7ef34026-whatsapp-image-2020-08-03-at-12.37.57-150x150.webp\" alt=\"Poliana Santos\"><\/a><div class=\"authorBox__name\"><span>por\n\t\t\t<a href=\"https:\/\/www.suno.com.br\/noticias\/author\/poliana-santos\/\"><span itemprop=\"author\">Poliana Santos<\/span><\/a><\/span><time datetime=\"2020-07-28T10:00:07-03:00\" itemprop=\"datePublished\">28\/07\/2020 10:00<\/time><\/div><\/div><\/div><\/div><\/div>","single_layout":"posts","amp_enabled":true,"_links":{"self":[{"href":"https:\/\/www.suno.com.br\/noticias\/wp-json\/wp\/v2\/posts\/75059"}],"collection":[{"href":"https:\/\/www.suno.com.br\/noticias\/wp-json\/wp\/v2\/posts"}],"about":[{"href":"https:\/\/www.suno.com.br\/noticias\/wp-json\/wp\/v2\/types\/post"}],"author":[{"embeddable":true,"href":"https:\/\/www.suno.com.br\/noticias\/wp-json\/wp\/v2\/users\/15"}],"replies":[{"embeddable":true,"href":"https:\/\/www.suno.com.br\/noticias\/wp-json\/wp\/v2\/comments?post=75059"}],"version-history":[{"count":0,"href":"https:\/\/www.suno.com.br\/noticias\/wp-json\/wp\/v2\/posts\/75059\/revisions"}],"wp:featuredmedia":[{"embeddable":true,"href":"https:\/\/www.suno.com.br\/noticias\/wp-json\/wp\/v2\/media\/34578"}],"wp:attachment":[{"href":"https:\/\/www.suno.com.br\/noticias\/wp-json\/wp\/v2\/media?parent=75059"}],"wp:term":[{"taxonomy":"category","embeddable":true,"href":"https:\/\/www.suno.com.br\/noticias\/wp-json\/wp\/v2\/categories?post=75059"},{"taxonomy":"post_tag","embeddable":true,"href":"https:\/\/www.suno.com.br\/noticias\/wp-json\/wp\/v2\/tags?post=75059"},{"taxonomy":"suno_strategy","embeddable":true,"href":"https:\/\/www.suno.com.br\/noticias\/wp-json\/wp\/v2\/suno_strategy?post=75059"}],"curies":[{"name":"wp","href":"https:\/\/api.w.org\/{rel}","templated":true}]}}