{"id":74970,"date":"2020-07-27T17:29:54","date_gmt":"2020-07-27T20:29:54","guid":{"rendered":"https:\/\/www.suno.com.br\/noticias\/?p=74970"},"modified":"2021-05-29T20:33:53","modified_gmt":"2021-05-29T23:33:53","slug":"dolar-encerra-em-queda-de-0935-cotado-em-r-51583-27072020","status":"publish","type":"post","link":"https:\/\/www.suno.com.br\/noticias\/dolar-encerra-em-queda-de-0935-cotado-em-r-51583-27072020\/","title":{"rendered":"D\u00f3lar encerra em queda de 0,935%, cotado em R$ 5,1583"},"content":{"rendered":"<p>O <a href=\"https:\/\/www.suno.com.br\/artigos\/dolar\/\"><strong>d\u00f3lar<\/strong> <\/a>encerrou nesta segunda-feira (27) em queda de 0,935%, negociado a R$ 5,1583 na venda.<\/p>\t<div class=\"wrapper-featured-image\">\n\t\t<figure class=\"spotlightImg\">\n\n\t\t\t<picture>\n\t\t\t\t<source media=\"(max-width: 768px)\" srcset=\"https:\/\/files.sunoresearch.com.br\/n\/uploads\/2018\/09\/05c56ec4-dolar-400x200.webp\">\n\t\t\t\t<img loading=\"lazy\" decoding=\"async\" class=\"newsContent__article__imgCapa lazyloadDisabled newsContent__article__imgCapa--noCaption\" src=\"https:\/\/files.sunoresearch.com.br\/n\/uploads\/2018\/09\/05c56ec4-dolar-800x450.webp\" width=\"800\" height=\"450\" alt=\"D\u00f3lar encerra em queda de 0,935%, cotado em R$ 5,1583\" fetchpriority=high \/>\n\t\t\t<\/picture>\n\n\t\t\t<figcaption class=\"wp-caption-text wp-caption-text--hide\">D\u00f3lar encerra em queda de 0,935%, cotado em R$ 5,1583<\/figcaption>\n\t\t<\/figure>\n\t<\/div>\n\n\n\n<p>O <strong>d\u00f3lar hoje<\/strong> abriu em leve queda enquanto o mercado estava atento a escalada de tens\u00e3o entre as duas maiores economias e a segunda onda de cont\u00e1gio do coronav\u00edrus no mundo.<\/p>\n<p>Durante o dia, os investidores ficaram de olho nas proje\u00e7\u00f5es do Boletim Focus sobre a queda do Produto Interno Bruto (PIB) do Brasil.<\/p>\n<p><a href=\"https:\/\/lp.suno.com.br\/suno-one\/\">No Suno One voc\u00ea aprende a fazer seu dinheiro para trabalhar para voc\u00ea. Cadastre-se gratuitamente agora!<\/a><\/p>\n<p>Al\u00e9m disso, confira as principais not\u00edcias que movimentaram o mercado nessa segunda-feira:<\/p>\n<ul>\n<li><strong>Boletim Focus<\/strong> volta a projetar recuo do PIB menos acentuado<\/li>\n<li><strong>Vacina<\/strong> da Moderna contra Covid-19 entra em fase final de testes<\/li>\n<li><strong>Am\u00e9rica Latina<\/strong> sair\u00e1 da crise ainda mais pobre, diz BID<\/li>\n<li><strong>\u00daltima<\/strong> <strong>cota\u00e7\u00e3o<\/strong> do d\u00f3lar<\/li>\n<\/ul>\n<h2>Boletim Focus<\/h2>\n<p>Os respons\u00e1veis pela elabora\u00e7\u00e3o do<strong> <a href=\"https:\/\/www.suno.com.br\/artigos\/relatorio-focus\/\">Boletim Focus<\/a><\/strong> diminu\u00edram, mais uma vez, suas proje\u00e7\u00f5es para a queda do <a href=\"https:\/\/www.suno.com.br\/artigos\/pib-produto-interno-bruto\/\">Produto Interno Bruto (PIB)<\/a> de 2020. A estimativa divulgada nesta segunda-feira \u00e9 de uma contra\u00e7\u00e3o de 5,77% na economia brasileira, ante 5,95% na \u00faltima segunda-feira (20).<\/p>\n<p>H\u00e1 quatro semanas, entretanto, o Boletim Focus estimava uma baixa de 6,54%. Essa \u00e9 a quarta semana consecutiva de melhora nas estimativas. No primeiro trimestre deste ano, a economia do Pa\u00eds caiu 1,5%, de acordo com o <strong>Instituto Brasileiro de Geografia e Estat\u00edstica (IBGE)<\/strong>. O resultado do segundo trimestre ser\u00e1 divulgado em 1\u00ba de setembro.<\/p>\n<p><a href=\"https:\/\/www.suno.com.br\/noticias\/boletim-focus-pib-inflacao-27072020\/\">Saiba mais: Boletim Focus volta a projetar recuo do PIB menos acentuado<\/a><\/p>\n<p>O relat\u00f3rio divulgado pelo <a href=\"https:\/\/www.suno.com.br\/artigos\/bacen\/\"><strong>Banco Central<\/strong> (BC)<\/a> semanalmente, no in\u00edcio do ano, projetava um crescimento de 2,30% da economia do Brasil. Os profissionais do mercado, todavia, n\u00e3o esperavam pelo forte impacto da pandemia do <a href=\"https:\/\/www.suno.com.br\/noticias\/tags\/coronavirus\/\">novo <strong>coronav\u00edrus<\/strong> (Covid-19)<\/a> no Brasil. Para 2021, os economistas permanecem com a estimativa de um crescimento de 3,50% pela nona semana consecutiva.<\/p>\n<h2>Vacina contra Covid-19<\/h2>\n<p>A farmac\u00eautica norte-americana Moderna (<a href=\"https:\/\/www.suno.com.br\/artigos\/nasdaq\/\">NASDAQ<\/a>: MRNA) iniciou, nesta segunda-feira, a fase final de testes de sua <strong>vacina<\/strong> contra o <a href=\"https:\/\/www.suno.com.br\/noticias\/?s=coronav%C3%ADrus\">novo coronav\u00edrus (Covid-19)<\/a>. Essa etapa deve se estender at\u00e9 outubro deste ano.<\/p>\n<p>A vacina da empresa, que foi a primeira a ser testada em humanos, agora ser\u00e1 avaliada em 30 mil volunt\u00e1rios em 87 localidades diferentes dos Estados Unidos.<\/p>\n<p><a href=\"https:\/\/www.suno.com.br\/noticias\/vacina-moderna-covid-19-fase-final\/\">Saiba mais: Vacina da Moderna contra Covid-19 entra em fase final de testes<\/a><\/p>\n<p>O processo, segundo a <strong>Moderna<\/strong>, ser\u00e1 estabelecido em dois grupos. Um receber\u00e1 uma por\u00e7\u00e3o de 100 miligramas da vacina no primeiro dia, e depois outra dose 29 dias depois. O outro grupo, por sua vez, ser\u00e1 testado com placebos. O objetivo \u00e9 levantar provas da seguran\u00e7a e efetividade da medica\u00e7\u00e3o em prevenir a infec\u00e7\u00e3o do coronav\u00edrus, evitando, assim, que indiv\u00edduos passem a estados graves da doen\u00e7a.<\/p>\n<h2>Banco Interamericano de Desenvolvimento<\/h2>\n<p>O presidente do <a href=\"https:\/\/www.suno.com.br\/artigos\/bancos-de-desenvolvimento\/\">Banco Interamericano de Desenvolvimento (BID)<\/a>, Luis Alberto Moreno, afirmou nesta segunda-feira que a <strong>Am\u00e9rica Latina<\/strong> sair\u00e1 da crise com taxas mais elevadas de pobreza, em rela\u00e7\u00e3o ao per\u00edodo pr\u00e9-pandemia.<\/p>\n<p>O executivo declarou que a regi\u00e3o, onde o crescimento econ\u00f4mico j\u00e1 vinha desacelerando nos \u00faltimos anos, dever\u00e1 registrar um queda de 8% a 10% no <a href=\"https:\/\/www.suno.com.br\/artigos\/pib-produto-interno-bruto\/\">Produto Interno Bruto (PIB)<\/a> deste ano. As proje\u00e7\u00f5es refletem o impacto do novo coronav\u00edrus e das medidas de isolamento social, que elevaram o desemprego e o <a href=\"https:\/\/www.suno.com.br\/artigos\/endividamento\/\">endividamento<\/a> dos pa\u00edses da Am\u00e9rica Latina.<\/p>\n<p><a href=\"https:\/\/www.suno.com.br\/noticias\/america-latina-saira-crise-mais-pobre\/\">Saiba mais: Am\u00e9rica Latina sair\u00e1 da crise ainda mais pobre, diz BID<\/a><\/p>\n<p>A pandemia de covid-19 ir\u00e1 &#8220;empobrecer n\u00e3o apenas os latino-americanos, [por\u00e9m tamb\u00e9m] o mundo em geral, mas claramente a Am\u00e9rica Latina ser\u00e1 mais afetada porque somos uma regi\u00e3o [de mercado] emergente\u201d, destacou o presidente do BID.<\/p>\n<h2>\u00daltima cota\u00e7\u00e3o do d\u00f3lar<\/h2>\n<p>Na \u00faltima sess\u00e3o, sexta-feira, o <strong>d\u00f3lar<\/strong> encerrou o preg\u00e3o em queda de 0,123%, negociado a R$ 5,207.<\/p>\n\n","protected":false},"excerpt":{"rendered":"<p>O d\u00f3lar encerrou nesta segunda-feira (27) em queda de 0,935%, negociado a R$ 5,1583 na venda. D\u00f3lar encerra em queda de 0,935%, cotado em R$ 5,1583 O d\u00f3lar hoje abriu em leve queda enquanto o mercado estava atento a escalada de tens\u00e3o entre as duas maiores economias e a segunda onda de cont\u00e1gio do coronav\u00edrus [&hellip;]<\/p>\n","protected":false},"author":39,"featured_media":4517,"comment_status":"closed","ping_status":"closed","sticky":false,"template":"","format":"standard","meta":[],"categories":[60],"tags":[986,80112,834,2487,5255,326,36602,807,25002],"suno_strategy":[],"class_list":["post-74970","post","type-post","status-publish","format-standard","has-post-thumbnail","hentry","category-mercado","tag-america-latina","tag-banco-interamericano-de-desenvolvimento-bid","tag-boletim-focus","tag-coronavirus","tag-covid-19","tag-dolar","tag-moderna","tag-produto-interno-bruto-pib","tag-vacina"],"yoast_head":"<!-- This site is optimized with the Yoast SEO plugin v24.4 - https:\/\/yoast.com\/wordpress\/plugins\/seo\/ -->\n<title>D\u00f3lar encerra em queda de 0,935%, cotado em R$ 5,1583<\/title>\n<meta name=\"description\" content=\"O d\u00f3lar encerrou nesta segunda-feira (27) em queda de 0,935%, negociado a R$ 5,1583 na venda. Clique aqui para saber mais.\" \/>\n<meta name=\"robots\" content=\"index, follow, max-snippet:-1, max-image-preview:large, max-video-preview:-1\" \/>\n<link rel=\"canonical\" href=\"https:\/\/www.suno.com.br\/noticias\/dolar-encerra-em-queda-de-0935-cotado-em-r-51583-27072020\/\" \/>\n<meta property=\"og:locale\" content=\"pt_BR\" \/>\n<meta property=\"og:type\" content=\"article\" \/>\n<meta property=\"og:title\" content=\"D\u00f3lar encerra em queda de 0,935%, cotado em R$ 5,1583\" \/>\n<meta property=\"og:description\" content=\"O d\u00f3lar encerrou nesta segunda-feira (27) em queda de 0,935%, negociado a R$ 5,1583 na venda. Clique aqui para saber mais.\" \/>\n<meta property=\"og:url\" content=\"https:\/\/www.suno.com.br\/noticias\/dolar-encerra-em-queda-de-0935-cotado-em-r-51583-27072020\/\" \/>\n<meta property=\"og:site_name\" content=\"Suno Not\u00edcias\" \/>\n<meta property=\"article:publisher\" content=\"https:\/\/facebook.com\/sunoresearch\" \/>\n<meta property=\"og:image\" content=\"https:\/\/files.sunoresearch.com.br\/n\/uploads\/2018\/09\/05c56ec4-dolar.jpg\" \/>\n\t<meta property=\"og:image:width\" content=\"1920\" \/>\n\t<meta property=\"og:image:height\" content=\"1357\" \/>\n\t<meta property=\"og:image:type\" content=\"image\/jpeg\" \/>\n<meta name=\"author\" content=\"Laura Moutinho\" \/>\n<meta name=\"twitter:card\" content=\"summary_large_image\" \/>\n<meta name=\"twitter:creator\" content=\"@sunoresearch\" \/>\n<meta name=\"twitter:site\" content=\"@sunoresearch\" \/>\n<meta name=\"twitter:label1\" content=\"Escrito por\" \/>\n\t<meta name=\"twitter:data1\" content=\"Laura Moutinho\" \/>\n\t<meta name=\"twitter:label2\" content=\"Est. tempo de leitura\" \/>\n\t<meta name=\"twitter:data2\" content=\"3 minutos\" \/>\n<script type=\"application\/ld+json\" class=\"yoast-schema-graph\">{\"@context\":\"https:\/\/schema.org\",\"@graph\":[{\"@type\":\"NewsArticle\",\"@id\":\"https:\/\/www.suno.com.br\/noticias\/dolar-encerra-em-queda-de-0935-cotado-em-r-51583-27072020\/#article\",\"isPartOf\":{\"@id\":\"https:\/\/www.suno.com.br\/noticias\/dolar-encerra-em-queda-de-0935-cotado-em-r-51583-27072020\/\"},\"author\":{\"name\":\"Laura Moutinho\",\"@id\":\"https:\/\/www.suno.com.br\/noticias\/#\/schema\/person\/3df0d2808748b74496efe5dbeaef2c72\"},\"headline\":\"D\u00f3lar encerra em queda de 0,935%, cotado em R$ 5,1583\",\"datePublished\":\"2020-07-27T20:29:54+00:00\",\"dateModified\":\"2021-05-29T23:33:53+00:00\",\"mainEntityOfPage\":{\"@id\":\"https:\/\/www.suno.com.br\/noticias\/dolar-encerra-em-queda-de-0935-cotado-em-r-51583-27072020\/\"},\"wordCount\":649,\"publisher\":{\"@id\":\"https:\/\/www.suno.com.br\/noticias\/#organization\"},\"image\":{\"@id\":\"https:\/\/www.suno.com.br\/noticias\/dolar-encerra-em-queda-de-0935-cotado-em-r-51583-27072020\/#primaryimage\"},\"thumbnailUrl\":\"https:\/\/files.sunoresearch.com.br\/n\/uploads\/2018\/09\/05c56ec4-dolar-jpg.webp\",\"keywords\":[\"Am\u00e9rica Latina\",\"Banco Interamericano de Desenvolvimento (BID)\",\"Boletim Focus\",\"coronav\u00edrus\",\"covid-19\",\"d\u00f3lar\",\"Moderna\",\"Produto Interno Bruto (PIB)\",\"vacina\"],\"articleSection\":[\"Mercado\"],\"inLanguage\":\"pt-BR\"},{\"@type\":\"WebPage\",\"@id\":\"https:\/\/www.suno.com.br\/noticias\/dolar-encerra-em-queda-de-0935-cotado-em-r-51583-27072020\/\",\"url\":\"https:\/\/www.suno.com.br\/noticias\/dolar-encerra-em-queda-de-0935-cotado-em-r-51583-27072020\/\",\"name\":\"D\u00f3lar encerra em queda de 0,935%, cotado em R$ 5,1583\",\"isPartOf\":{\"@id\":\"https:\/\/www.suno.com.br\/noticias\/#website\"},\"primaryImageOfPage\":{\"@id\":\"https:\/\/www.suno.com.br\/noticias\/dolar-encerra-em-queda-de-0935-cotado-em-r-51583-27072020\/#primaryimage\"},\"image\":{\"@id\":\"https:\/\/www.suno.com.br\/noticias\/dolar-encerra-em-queda-de-0935-cotado-em-r-51583-27072020\/#primaryimage\"},\"thumbnailUrl\":\"https:\/\/files.sunoresearch.com.br\/n\/uploads\/2018\/09\/05c56ec4-dolar-jpg.webp\",\"datePublished\":\"2020-07-27T20:29:54+00:00\",\"dateModified\":\"2021-05-29T23:33:53+00:00\",\"description\":\"O d\u00f3lar encerrou nesta segunda-feira (27) em queda de 0,935%, negociado a R$ 5,1583 na venda. Clique aqui para saber mais.\",\"breadcrumb\":{\"@id\":\"https:\/\/www.suno.com.br\/noticias\/dolar-encerra-em-queda-de-0935-cotado-em-r-51583-27072020\/#breadcrumb\"},\"inLanguage\":\"pt-BR\",\"potentialAction\":[{\"@type\":\"ReadAction\",\"target\":[\"https:\/\/www.suno.com.br\/noticias\/dolar-encerra-em-queda-de-0935-cotado-em-r-51583-27072020\/\"]}]},{\"@type\":\"ImageObject\",\"inLanguage\":\"pt-BR\",\"@id\":\"https:\/\/www.suno.com.br\/noticias\/dolar-encerra-em-queda-de-0935-cotado-em-r-51583-27072020\/#primaryimage\",\"url\":\"https:\/\/files.sunoresearch.com.br\/n\/uploads\/2018\/09\/05c56ec4-dolar-jpg.webp\",\"contentUrl\":\"https:\/\/files.sunoresearch.com.br\/n\/uploads\/2018\/09\/05c56ec4-dolar-jpg.webp\",\"width\":1920,\"height\":1357,\"caption\":\"D\u00f3lar encerra em queda de 0,935%, cotado em R$ 5,1583\"},{\"@type\":\"BreadcrumbList\",\"@id\":\"https:\/\/www.suno.com.br\/noticias\/dolar-encerra-em-queda-de-0935-cotado-em-r-51583-27072020\/#breadcrumb\",\"itemListElement\":[{\"@type\":\"ListItem\",\"position\":1,\"name\":\"Not\u00edcias\",\"item\":\"https:\/\/www.suno.com.br\/noticias\/\"},{\"@type\":\"ListItem\",\"position\":2,\"name\":\"Mercado\",\"item\":\"https:\/\/www.suno.com.br\/noticias\/mercado\/\"},{\"@type\":\"ListItem\",\"position\":3,\"name\":\"D\u00f3lar encerra em queda de 0,935%, cotado em R$ 5,1583\"}]},{\"@type\":\"WebSite\",\"@id\":\"https:\/\/www.suno.com.br\/noticias\/#website\",\"url\":\"https:\/\/www.suno.com.br\/noticias\/\",\"name\":\"Suno Not\u00edcias\",\"description\":\"Seu portal de informa\u00e7\u00e3o sobre o mundo dos investimentos\",\"publisher\":{\"@id\":\"https:\/\/www.suno.com.br\/noticias\/#organization\"},\"potentialAction\":[{\"@type\":\"SearchAction\",\"target\":{\"@type\":\"EntryPoint\",\"urlTemplate\":\"https:\/\/www.suno.com.br\/noticias\/?s={search_term_string}\"},\"query-input\":{\"@type\":\"PropertyValueSpecification\",\"valueRequired\":true,\"valueName\":\"search_term_string\"}}],\"inLanguage\":\"pt-BR\"},{\"@type\":\"Organization\",\"@id\":\"https:\/\/www.suno.com.br\/noticias\/#organization\",\"name\":\"Suno Not\u00edcias\",\"url\":\"https:\/\/www.suno.com.br\/noticias\/\",\"logo\":{\"@type\":\"ImageObject\",\"inLanguage\":\"pt-BR\",\"@id\":\"https:\/\/www.suno.com.br\/noticias\/#\/schema\/logo\/image\/\",\"url\":\"https:\/\/files.sunoresearch.com.br\/n\/uploads\/2021\/09\/suno-logo.png\",\"contentUrl\":\"https:\/\/files.sunoresearch.com.br\/n\/uploads\/2021\/09\/suno-logo.png\",\"width\":180,\"height\":180,\"caption\":\"Suno Not\u00edcias\"},\"image\":{\"@id\":\"https:\/\/www.suno.com.br\/noticias\/#\/schema\/logo\/image\/\"},\"sameAs\":[\"https:\/\/facebook.com\/sunoresearch\",\"https:\/\/x.com\/sunoresearch\",\"https:\/\/www.instagram.com\/suno\",\"https:\/\/www.linkedin.com\/company\/suno-research\/\",\"https:\/\/www.youtube.com\/c\/sunoresearch\"]},{\"@type\":\"Person\",\"@id\":\"https:\/\/www.suno.com.br\/noticias\/#\/schema\/person\/3df0d2808748b74496efe5dbeaef2c72\",\"name\":\"Laura Moutinho\",\"image\":{\"@type\":\"ImageObject\",\"inLanguage\":\"pt-BR\",\"@id\":\"https:\/\/www.suno.com.br\/noticias\/#\/schema\/person\/image\/\",\"url\":\"https:\/\/secure.gravatar.com\/avatar\/7571c7c8ca3a6fca5e41384ece5557ff?s=96&r=g\",\"contentUrl\":\"https:\/\/secure.gravatar.com\/avatar\/7571c7c8ca3a6fca5e41384ece5557ff?s=96&r=g\",\"caption\":\"Laura Moutinho\"},\"description\":\"Estagi\u00e1ria na Suno Not\u00edcias, escreve not\u00edcias que afetam o mercado financeiro. Estuda administra\u00e7\u00e3o na Universidade Presbiteriana Mackenzie.\",\"url\":\"https:\/\/www.suno.com.br\/noticias\/author\/laura-moutinho\/\"}]}<\/script>\n<!-- \/ Yoast SEO plugin. -->","yoast_head_json":{"title":"D\u00f3lar encerra em queda de 0,935%, cotado em R$ 5,1583","description":"O d\u00f3lar encerrou nesta segunda-feira (27) em queda de 0,935%, negociado a R$ 5,1583 na venda. Clique aqui para saber mais.","robots":{"index":"index","follow":"follow","max-snippet":"max-snippet:-1","max-image-preview":"max-image-preview:large","max-video-preview":"max-video-preview:-1"},"canonical":"https:\/\/www.suno.com.br\/noticias\/dolar-encerra-em-queda-de-0935-cotado-em-r-51583-27072020\/","og_locale":"pt_BR","og_type":"article","og_title":"D\u00f3lar encerra em queda de 0,935%, cotado em R$ 5,1583","og_description":"O d\u00f3lar encerrou nesta segunda-feira (27) em queda de 0,935%, negociado a R$ 5,1583 na venda. Clique aqui para saber mais.","og_url":"https:\/\/www.suno.com.br\/noticias\/dolar-encerra-em-queda-de-0935-cotado-em-r-51583-27072020\/","og_site_name":"Suno Not\u00edcias","article_publisher":"https:\/\/facebook.com\/sunoresearch","og_image":[{"width":1920,"height":1357,"url":"https:\/\/files.sunoresearch.com.br\/n\/uploads\/2018\/09\/05c56ec4-dolar.jpg","type":"image\/jpeg"}],"author":"Laura Moutinho","twitter_card":"summary_large_image","twitter_creator":"@sunoresearch","twitter_site":"@sunoresearch","twitter_misc":{"Escrito por":"Laura Moutinho","Est. tempo de leitura":"3 minutos"},"schema":{"@context":"https:\/\/schema.org","@graph":[{"@type":"NewsArticle","@id":"https:\/\/www.suno.com.br\/noticias\/dolar-encerra-em-queda-de-0935-cotado-em-r-51583-27072020\/#article","isPartOf":{"@id":"https:\/\/www.suno.com.br\/noticias\/dolar-encerra-em-queda-de-0935-cotado-em-r-51583-27072020\/"},"author":{"name":"Laura Moutinho","@id":"https:\/\/www.suno.com.br\/noticias\/#\/schema\/person\/3df0d2808748b74496efe5dbeaef2c72"},"headline":"D\u00f3lar encerra em queda de 0,935%, cotado em R$ 5,1583","datePublished":"2020-07-27T20:29:54+00:00","dateModified":"2021-05-29T23:33:53+00:00","mainEntityOfPage":{"@id":"https:\/\/www.suno.com.br\/noticias\/dolar-encerra-em-queda-de-0935-cotado-em-r-51583-27072020\/"},"wordCount":649,"publisher":{"@id":"https:\/\/www.suno.com.br\/noticias\/#organization"},"image":{"@id":"https:\/\/www.suno.com.br\/noticias\/dolar-encerra-em-queda-de-0935-cotado-em-r-51583-27072020\/#primaryimage"},"thumbnailUrl":"https:\/\/files.sunoresearch.com.br\/n\/uploads\/2018\/09\/05c56ec4-dolar-jpg.webp","keywords":["Am\u00e9rica Latina","Banco Interamericano de Desenvolvimento (BID)","Boletim Focus","coronav\u00edrus","covid-19","d\u00f3lar","Moderna","Produto Interno Bruto (PIB)","vacina"],"articleSection":["Mercado"],"inLanguage":"pt-BR"},{"@type":"WebPage","@id":"https:\/\/www.suno.com.br\/noticias\/dolar-encerra-em-queda-de-0935-cotado-em-r-51583-27072020\/","url":"https:\/\/www.suno.com.br\/noticias\/dolar-encerra-em-queda-de-0935-cotado-em-r-51583-27072020\/","name":"D\u00f3lar encerra em queda de 0,935%, cotado em R$ 5,1583","isPartOf":{"@id":"https:\/\/www.suno.com.br\/noticias\/#website"},"primaryImageOfPage":{"@id":"https:\/\/www.suno.com.br\/noticias\/dolar-encerra-em-queda-de-0935-cotado-em-r-51583-27072020\/#primaryimage"},"image":{"@id":"https:\/\/www.suno.com.br\/noticias\/dolar-encerra-em-queda-de-0935-cotado-em-r-51583-27072020\/#primaryimage"},"thumbnailUrl":"https:\/\/files.sunoresearch.com.br\/n\/uploads\/2018\/09\/05c56ec4-dolar-jpg.webp","datePublished":"2020-07-27T20:29:54+00:00","dateModified":"2021-05-29T23:33:53+00:00","description":"O d\u00f3lar encerrou nesta segunda-feira (27) em queda de 0,935%, negociado a R$ 5,1583 na venda. Clique aqui para saber mais.","breadcrumb":{"@id":"https:\/\/www.suno.com.br\/noticias\/dolar-encerra-em-queda-de-0935-cotado-em-r-51583-27072020\/#breadcrumb"},"inLanguage":"pt-BR","potentialAction":[{"@type":"ReadAction","target":["https:\/\/www.suno.com.br\/noticias\/dolar-encerra-em-queda-de-0935-cotado-em-r-51583-27072020\/"]}]},{"@type":"ImageObject","inLanguage":"pt-BR","@id":"https:\/\/www.suno.com.br\/noticias\/dolar-encerra-em-queda-de-0935-cotado-em-r-51583-27072020\/#primaryimage","url":"https:\/\/files.sunoresearch.com.br\/n\/uploads\/2018\/09\/05c56ec4-dolar-jpg.webp","contentUrl":"https:\/\/files.sunoresearch.com.br\/n\/uploads\/2018\/09\/05c56ec4-dolar-jpg.webp","width":1920,"height":1357,"caption":"D\u00f3lar encerra em queda de 0,935%, cotado em R$ 5,1583"},{"@type":"BreadcrumbList","@id":"https:\/\/www.suno.com.br\/noticias\/dolar-encerra-em-queda-de-0935-cotado-em-r-51583-27072020\/#breadcrumb","itemListElement":[{"@type":"ListItem","position":1,"name":"Not\u00edcias","item":"https:\/\/www.suno.com.br\/noticias\/"},{"@type":"ListItem","position":2,"name":"Mercado","item":"https:\/\/www.suno.com.br\/noticias\/mercado\/"},{"@type":"ListItem","position":3,"name":"D\u00f3lar encerra em queda de 0,935%, cotado em R$ 5,1583"}]},{"@type":"WebSite","@id":"https:\/\/www.suno.com.br\/noticias\/#website","url":"https:\/\/www.suno.com.br\/noticias\/","name":"Suno Not\u00edcias","description":"Seu portal de informa\u00e7\u00e3o sobre o mundo dos investimentos","publisher":{"@id":"https:\/\/www.suno.com.br\/noticias\/#organization"},"potentialAction":[{"@type":"SearchAction","target":{"@type":"EntryPoint","urlTemplate":"https:\/\/www.suno.com.br\/noticias\/?s={search_term_string}"},"query-input":{"@type":"PropertyValueSpecification","valueRequired":true,"valueName":"search_term_string"}}],"inLanguage":"pt-BR"},{"@type":"Organization","@id":"https:\/\/www.suno.com.br\/noticias\/#organization","name":"Suno Not\u00edcias","url":"https:\/\/www.suno.com.br\/noticias\/","logo":{"@type":"ImageObject","inLanguage":"pt-BR","@id":"https:\/\/www.suno.com.br\/noticias\/#\/schema\/logo\/image\/","url":"https:\/\/files.sunoresearch.com.br\/n\/uploads\/2021\/09\/suno-logo.png","contentUrl":"https:\/\/files.sunoresearch.com.br\/n\/uploads\/2021\/09\/suno-logo.png","width":180,"height":180,"caption":"Suno Not\u00edcias"},"image":{"@id":"https:\/\/www.suno.com.br\/noticias\/#\/schema\/logo\/image\/"},"sameAs":["https:\/\/facebook.com\/sunoresearch","https:\/\/x.com\/sunoresearch","https:\/\/www.instagram.com\/suno","https:\/\/www.linkedin.com\/company\/suno-research\/","https:\/\/www.youtube.com\/c\/sunoresearch"]},{"@type":"Person","@id":"https:\/\/www.suno.com.br\/noticias\/#\/schema\/person\/3df0d2808748b74496efe5dbeaef2c72","name":"Laura Moutinho","image":{"@type":"ImageObject","inLanguage":"pt-BR","@id":"https:\/\/www.suno.com.br\/noticias\/#\/schema\/person\/image\/","url":"https:\/\/secure.gravatar.com\/avatar\/7571c7c8ca3a6fca5e41384ece5557ff?s=96&r=g","contentUrl":"https:\/\/secure.gravatar.com\/avatar\/7571c7c8ca3a6fca5e41384ece5557ff?s=96&r=g","caption":"Laura Moutinho"},"description":"Estagi\u00e1ria na Suno Not\u00edcias, escreve not\u00edcias que afetam o mercado financeiro. Estuda administra\u00e7\u00e3o na Universidade Presbiteriana Mackenzie.","url":"https:\/\/www.suno.com.br\/noticias\/author\/laura-moutinho\/"}]}},"default_loop_html":"<div class=\"cardsPage__listCard__boxs\"><div class=\"cardsPage__listCard__boxs__img\"><a href=\"https:\/\/www.suno.com.br\/noticias\/dolar-encerra-em-queda-de-0935-cotado-em-r-51583-27072020\/\"><img class=\"mask\" src=\"https:\/\/www.suno.com.br\/noticias\/wp-content\/themes\/suno\/resources\/images\/spotlight\/spotlight1img\/bg-mask.png\" alt=\"Image Mask\"\/><img src=\"https:\/\/files.sunoresearch.com.br\/n\/uploads\/2018\/09\/05c56ec4-dolar-400x200.webp\" alt=\"D\u00f3lar encerra em queda de 0,935%, cotado em R$ 5,1583\"\/><\/a><span class=\"spotlightCategory\"><a href=\"https:\/\/www.suno.com.br\/noticias\/mercado\/\">Mercado<\/a><\/span><\/div><div class=\"cardsPage__listCard__boxs__content\"><a href=\"https:\/\/www.suno.com.br\/noticias\/dolar-encerra-em-queda-de-0935-cotado-em-r-51583-27072020\/\"><h2 class=\"content__title\">D\u00f3lar encerra em queda de 0,935%, cotado em R$ 5,1583<\/h2><\/a><div class=\"newsContent__article__meta\"><div class=\"newsContent__article__meta__authorBox\"><a href=\"https:\/\/www.suno.com.br\/noticias\/author\/laura-moutinho\/\" class=\"authorBox__avatar noMobi\"><img src=\"https:\/\/files.sunoresearch.com.br\/n\/uploads\/2020\/08\/531ff69d-whatsapp-image-2020-08-03-at-14.54.38-150x150.webp\" alt=\"Laura Moutinho\"><\/a><div class=\"authorBox__name\"><span>por\n\t\t\t<a href=\"https:\/\/www.suno.com.br\/noticias\/author\/laura-moutinho\/\"><span itemprop=\"author\">Laura Moutinho<\/span><\/a><\/span><time datetime=\"2020-07-27T17:29:54-03:00\" itemprop=\"datePublished\">27\/07\/2020 17:29<\/time><\/div><\/div><\/div><\/div><\/div>","single_layout":"posts","amp_enabled":true,"_links":{"self":[{"href":"https:\/\/www.suno.com.br\/noticias\/wp-json\/wp\/v2\/posts\/74970"}],"collection":[{"href":"https:\/\/www.suno.com.br\/noticias\/wp-json\/wp\/v2\/posts"}],"about":[{"href":"https:\/\/www.suno.com.br\/noticias\/wp-json\/wp\/v2\/types\/post"}],"author":[{"embeddable":true,"href":"https:\/\/www.suno.com.br\/noticias\/wp-json\/wp\/v2\/users\/39"}],"replies":[{"embeddable":true,"href":"https:\/\/www.suno.com.br\/noticias\/wp-json\/wp\/v2\/comments?post=74970"}],"version-history":[{"count":1,"href":"https:\/\/www.suno.com.br\/noticias\/wp-json\/wp\/v2\/posts\/74970\/revisions"}],"predecessor-version":[{"id":152188,"href":"https:\/\/www.suno.com.br\/noticias\/wp-json\/wp\/v2\/posts\/74970\/revisions\/152188"}],"wp:featuredmedia":[{"embeddable":true,"href":"https:\/\/www.suno.com.br\/noticias\/wp-json\/wp\/v2\/media\/4517"}],"wp:attachment":[{"href":"https:\/\/www.suno.com.br\/noticias\/wp-json\/wp\/v2\/media?parent=74970"}],"wp:term":[{"taxonomy":"category","embeddable":true,"href":"https:\/\/www.suno.com.br\/noticias\/wp-json\/wp\/v2\/categories?post=74970"},{"taxonomy":"post_tag","embeddable":true,"href":"https:\/\/www.suno.com.br\/noticias\/wp-json\/wp\/v2\/tags?post=74970"},{"taxonomy":"suno_strategy","embeddable":true,"href":"https:\/\/www.suno.com.br\/noticias\/wp-json\/wp\/v2\/suno_strategy?post=74970"}],"curies":[{"name":"wp","href":"https:\/\/api.w.org\/{rel}","templated":true}]}}