{"id":74954,"date":"2020-07-27T16:54:17","date_gmt":"2020-07-27T19:54:17","guid":{"rendered":"https:\/\/www.suno.com.br\/noticias\/?p=74954"},"modified":"2020-07-27T16:54:17","modified_gmt":"2020-07-27T19:54:17","slug":"america-latina-saira-crise-mais-pobre","status":"publish","type":"post","link":"https:\/\/www.suno.com.br\/noticias\/america-latina-saira-crise-mais-pobre\/","title":{"rendered":"Am\u00e9rica Latina sair\u00e1 da crise ainda mais pobre, diz BID"},"content":{"rendered":"<p>O presidente do <a href=\"https:\/\/www.suno.com.br\/artigos\/bancos-de-desenvolvimento\/\">Banco Interamericano de Desenvolvimento (BID)<\/a>, Luis Alberto Moreno, afirmou nesta segunda-feira (27) que a <strong>Am\u00e9rica Latina<\/strong> sair\u00e1 da crise com taxas mais elevadas de pobreza, em rela\u00e7\u00e3o ao per\u00edodo pr\u00e9-pandemia.<\/p>\t<div class=\"wrapper-featured-image\">\n\t\t<figure class=\"spotlightImg\">\n\n\t\t\t<picture>\n\t\t\t\t<source media=\"(max-width: 768px)\" srcset=\"https:\/\/files.sunoresearch.com.br\/n\/uploads\/2020\/07\/843aa9be-m\u00e3o-de-oscar-niemeyer-400x200.webp\">\n\t\t\t\t<img loading=\"lazy\" decoding=\"async\" class=\"newsContent__article__imgCapa lazyloadDisabled newsContent__article__imgCapa--noCaption\" src=\"https:\/\/files.sunoresearch.com.br\/n\/uploads\/2020\/07\/843aa9be-m\u00e3o-de-oscar-niemeyer-800x450.webp\" width=\"800\" height=\"450\" alt=\"Am\u00e9rica Latina sair\u00e1 da crise ainda mais pobre, diz BID\" fetchpriority=high \/>\n\t\t\t<\/picture>\n\n\t\t\t<figcaption class=\"wp-caption-text wp-caption-text--hide\">Am\u00e9rica Latina sair\u00e1 da crise ainda mais pobre, diz BID<\/figcaption>\n\t\t<\/figure>\n\t<\/div>\n\n\n\n<p>O executivo declarou que a regi\u00e3o, onde o crescimento econ\u00f4mico j\u00e1 vinha desacelerando nos \u00faltimos anos, dever\u00e1 registrar um queda de 8% a 10% no <a href=\"https:\/\/www.suno.com.br\/artigos\/pib-produto-interno-bruto\/\">Produto Interno Bruto (PIB)<\/a> deste ano. As proje\u00e7\u00f5es refletem o impacto do novo coronav\u00edrus e das medidas de isolamento social, que elevaram o desemprego e o <a href=\"https:\/\/www.suno.com.br\/artigos\/endividamento\/\">endividamento<\/a> dos pa\u00edses da Am\u00e9rica Latina.<\/p>\n<p>A pandemia de covid-19 ir\u00e1 &#8220;empobrecer n\u00e3o apenas os latino-americanos, [por\u00e9m tamb\u00e9m] o mundo em geral, mas claramente a Am\u00e9rica Latina ser\u00e1 mais afetada porque somos uma regi\u00e3o [de mercado] emergente\u201d, destacou o presidente do BID.<\/p>\n<p><a href=\"https:\/\/lp.suno.com.br\/suno-one\/\">Suno One: o primeiro passo para alcan\u00e7ar a sua independ\u00eancia financeira. Acesse agora, \u00e9 gratuito!<\/a><\/p>\n<p>O Banco Interamericano de Desenvolvimento, o maior credor de na\u00e7\u00f5es latino-americanas, aprovar\u00e1 ainda neste cerca de US$ 20 bilh\u00f5es (equivalente a R$ 103,4 bilh\u00f5es na cota\u00e7\u00e3o atual do d\u00f3lar) em empr\u00e9stimos. Al\u00e9m disso, ser\u00e3o destinados quase US$ 15 bilh\u00f5es aos governos para fortalecer os sistemas de sa\u00fade, acrescentou.<\/p>\n<h2>Venezuela registra maior contra\u00e7\u00e3o em toda a Am\u00e9rica Latina<\/h2>\n<p>A Venezuela foi o pa\u00eds que registrou a maior queda em sua atividade econ\u00f4mica entre as na\u00e7\u00f5es da Am\u00e9rica Latina. Apesar disso, o BID n\u00e3o pode financiar o governo do presidente Nicol\u00e1s Maduro, visto que o mesmo se mostra <a href=\"https:\/\/www.suno.com.br\/artigos\/inadimplencia\/\">inadimplente em empr\u00e9stimos<\/a> de cerca de US$ 700 milh\u00f5es, afirmou Moreno.<\/p>\n<p>A Venezuela atravessa uma recess\u00e3o que j\u00e1 dura mais de seis anos e possui uma infla\u00e7\u00e3o anualizada que supera os 3.500%, segundo a Assembleia Nacional, controlada pela oposi\u00e7\u00e3o e que calcula indicadores em fun\u00e7\u00e3o de atrasos e manipula\u00e7\u00e3o na divulga\u00e7\u00e3o de dados oficiais.<\/p>\n<p><a href=\"https:\/\/www.suno.com.br\/noticias\/china-emprestara-a-america-latina-para-acesso-vacina\/\">Saiba mais: China emprestar\u00e1 US$ 1 bilh\u00e3o \u00e0 Am\u00e9rica Latina para acesso \u00e0 vacina<\/a><\/p>\n<p>\u201cN\u00e3o h\u00e1 absolutamente nada que possamos fazer pela Venezuela\u201d, afirmou o presidente do banco de desenvolvimento para a <strong>Am\u00e9rica Latina<\/strong>. \u201cN\u00e3o h\u00e1 pa\u00eds na hist\u00f3ria da humanidade que tenha sofrido uma contra\u00e7\u00e3o t\u00e3o profunda quanto a da Venezuela sem ter sofrido uma guerra ou um desastre natural ou ambos&#8221;.<\/p>\n\n","protected":false},"excerpt":{"rendered":"<p>O presidente do Banco Interamericano de Desenvolvimento (BID), Luis Alberto Moreno, afirmou nesta segunda-feira (27) que a Am\u00e9rica Latina sair\u00e1 da crise com taxas mais elevadas de pobreza, em rela\u00e7\u00e3o ao per\u00edodo pr\u00e9-pandemia. Am\u00e9rica Latina sair\u00e1 da crise ainda mais pobre, diz BID O executivo declarou que a regi\u00e3o, onde o crescimento econ\u00f4mico j\u00e1 vinha [&hellip;]<\/p>\n","protected":false},"author":35,"featured_media":74956,"comment_status":"closed","ping_status":"closed","sticky":false,"template":"","format":"standard","meta":[],"categories":[63],"tags":[986,80112,1867,804],"suno_strategy":[],"class_list":["post-74954","post","type-post","status-publish","format-standard","has-post-thumbnail","hentry","category-internacional","tag-america-latina","tag-banco-interamericano-de-desenvolvimento-bid","tag-emprestimos","tag-venezuela"],"yoast_head":"<!-- This site is optimized with the Yoast SEO plugin v24.4 - https:\/\/yoast.com\/wordpress\/plugins\/seo\/ -->\n<title>Am\u00e9rica Latina sair\u00e1 da crise ainda mais pobre, diz BID<\/title>\n<meta name=\"description\" content=\"O presidente do BID afirmou que a Am\u00e9rica Latina sair\u00e1 da crise com taxas mais elevadas de pobreza. Clique para saber mais\" \/>\n<meta name=\"robots\" content=\"index, follow, max-snippet:-1, max-image-preview:large, max-video-preview:-1\" \/>\n<link rel=\"canonical\" href=\"https:\/\/www.suno.com.br\/noticias\/america-latina-saira-crise-mais-pobre\/\" \/>\n<meta property=\"og:locale\" content=\"pt_BR\" \/>\n<meta property=\"og:type\" content=\"article\" \/>\n<meta property=\"og:title\" content=\"Am\u00e9rica Latina sair\u00e1 da crise ainda mais pobre, diz BID\" \/>\n<meta property=\"og:description\" content=\"O presidente do BID afirmou que a Am\u00e9rica Latina sair\u00e1 da crise com taxas mais elevadas de pobreza. Clique para saber mais\" \/>\n<meta property=\"og:url\" content=\"https:\/\/www.suno.com.br\/noticias\/america-latina-saira-crise-mais-pobre\/\" \/>\n<meta property=\"og:site_name\" content=\"Suno Not\u00edcias\" \/>\n<meta property=\"article:publisher\" content=\"https:\/\/facebook.com\/sunoresearch\" \/>\n<meta property=\"og:image\" content=\"https:\/\/files.sunoresearch.com.br\/n\/uploads\/2020\/07\/843aa9be-m\u00e3o-de-oscar-niemeyer.jpg\" \/>\n\t<meta property=\"og:image:width\" content=\"1280\" \/>\n\t<meta property=\"og:image:height\" content=\"853\" \/>\n\t<meta property=\"og:image:type\" content=\"image\/jpeg\" \/>\n<meta name=\"author\" content=\"Arthur Guimar\u00e3es\" \/>\n<meta name=\"twitter:card\" content=\"summary_large_image\" \/>\n<meta name=\"twitter:creator\" content=\"@sunoresearch\" \/>\n<meta name=\"twitter:site\" content=\"@sunoresearch\" \/>\n<meta name=\"twitter:label1\" content=\"Escrito por\" \/>\n\t<meta name=\"twitter:data1\" content=\"Arthur Guimar\u00e3es\" \/>\n\t<meta name=\"twitter:label2\" content=\"Est. tempo de leitura\" \/>\n\t<meta name=\"twitter:data2\" content=\"2 minutos\" \/>\n<script type=\"application\/ld+json\" class=\"yoast-schema-graph\">{\"@context\":\"https:\/\/schema.org\",\"@graph\":[{\"@type\":\"NewsArticle\",\"@id\":\"https:\/\/www.suno.com.br\/noticias\/america-latina-saira-crise-mais-pobre\/#article\",\"isPartOf\":{\"@id\":\"https:\/\/www.suno.com.br\/noticias\/america-latina-saira-crise-mais-pobre\/\"},\"author\":{\"name\":\"Arthur Guimar\u00e3es\",\"@id\":\"https:\/\/www.suno.com.br\/noticias\/#\/schema\/person\/053a750a709a263919a20f976caae91c\"},\"headline\":\"Am\u00e9rica Latina sair\u00e1 da crise ainda mais pobre, diz BID\",\"datePublished\":\"2020-07-27T19:54:17+00:00\",\"mainEntityOfPage\":{\"@id\":\"https:\/\/www.suno.com.br\/noticias\/america-latina-saira-crise-mais-pobre\/\"},\"wordCount\":413,\"publisher\":{\"@id\":\"https:\/\/www.suno.com.br\/noticias\/#organization\"},\"image\":{\"@id\":\"https:\/\/www.suno.com.br\/noticias\/america-latina-saira-crise-mais-pobre\/#primaryimage\"},\"thumbnailUrl\":\"https:\/\/files.sunoresearch.com.br\/n\/uploads\/2020\/07\/843aa9be-m\u00e3o-de-oscar-niemeyer-jpg.webp\",\"keywords\":[\"Am\u00e9rica Latina\",\"Banco Interamericano de Desenvolvimento (BID)\",\"empr\u00e9stimos\",\"Venezuela\"],\"articleSection\":[\"Internacional\"],\"inLanguage\":\"pt-BR\"},{\"@type\":\"WebPage\",\"@id\":\"https:\/\/www.suno.com.br\/noticias\/america-latina-saira-crise-mais-pobre\/\",\"url\":\"https:\/\/www.suno.com.br\/noticias\/america-latina-saira-crise-mais-pobre\/\",\"name\":\"Am\u00e9rica Latina sair\u00e1 da crise ainda mais pobre, diz BID\",\"isPartOf\":{\"@id\":\"https:\/\/www.suno.com.br\/noticias\/#website\"},\"primaryImageOfPage\":{\"@id\":\"https:\/\/www.suno.com.br\/noticias\/america-latina-saira-crise-mais-pobre\/#primaryimage\"},\"image\":{\"@id\":\"https:\/\/www.suno.com.br\/noticias\/america-latina-saira-crise-mais-pobre\/#primaryimage\"},\"thumbnailUrl\":\"https:\/\/files.sunoresearch.com.br\/n\/uploads\/2020\/07\/843aa9be-m\u00e3o-de-oscar-niemeyer-jpg.webp\",\"datePublished\":\"2020-07-27T19:54:17+00:00\",\"description\":\"O presidente do BID afirmou que a Am\u00e9rica Latina sair\u00e1 da crise com taxas mais elevadas de pobreza. Clique para saber mais\",\"breadcrumb\":{\"@id\":\"https:\/\/www.suno.com.br\/noticias\/america-latina-saira-crise-mais-pobre\/#breadcrumb\"},\"inLanguage\":\"pt-BR\",\"potentialAction\":[{\"@type\":\"ReadAction\",\"target\":[\"https:\/\/www.suno.com.br\/noticias\/america-latina-saira-crise-mais-pobre\/\"]}]},{\"@type\":\"ImageObject\",\"inLanguage\":\"pt-BR\",\"@id\":\"https:\/\/www.suno.com.br\/noticias\/america-latina-saira-crise-mais-pobre\/#primaryimage\",\"url\":\"https:\/\/files.sunoresearch.com.br\/n\/uploads\/2020\/07\/843aa9be-m\u00e3o-de-oscar-niemeyer-jpg.webp\",\"contentUrl\":\"https:\/\/files.sunoresearch.com.br\/n\/uploads\/2020\/07\/843aa9be-m\u00e3o-de-oscar-niemeyer-jpg.webp\",\"width\":1280,\"height\":853,\"caption\":\"Am\u00e9rica Latina sair\u00e1 da crise ainda mais pobre, diz BID\"},{\"@type\":\"BreadcrumbList\",\"@id\":\"https:\/\/www.suno.com.br\/noticias\/america-latina-saira-crise-mais-pobre\/#breadcrumb\",\"itemListElement\":[{\"@type\":\"ListItem\",\"position\":1,\"name\":\"Not\u00edcias\",\"item\":\"https:\/\/www.suno.com.br\/noticias\/\"},{\"@type\":\"ListItem\",\"position\":2,\"name\":\"Internacional\",\"item\":\"https:\/\/www.suno.com.br\/noticias\/internacional\/\"},{\"@type\":\"ListItem\",\"position\":3,\"name\":\"Am\u00e9rica Latina sair\u00e1 da crise ainda mais pobre, diz BID\"}]},{\"@type\":\"WebSite\",\"@id\":\"https:\/\/www.suno.com.br\/noticias\/#website\",\"url\":\"https:\/\/www.suno.com.br\/noticias\/\",\"name\":\"Suno Not\u00edcias\",\"description\":\"Seu portal de informa\u00e7\u00e3o sobre o mundo dos investimentos\",\"publisher\":{\"@id\":\"https:\/\/www.suno.com.br\/noticias\/#organization\"},\"potentialAction\":[{\"@type\":\"SearchAction\",\"target\":{\"@type\":\"EntryPoint\",\"urlTemplate\":\"https:\/\/www.suno.com.br\/noticias\/?s={search_term_string}\"},\"query-input\":{\"@type\":\"PropertyValueSpecification\",\"valueRequired\":true,\"valueName\":\"search_term_string\"}}],\"inLanguage\":\"pt-BR\"},{\"@type\":\"Organization\",\"@id\":\"https:\/\/www.suno.com.br\/noticias\/#organization\",\"name\":\"Suno Not\u00edcias\",\"url\":\"https:\/\/www.suno.com.br\/noticias\/\",\"logo\":{\"@type\":\"ImageObject\",\"inLanguage\":\"pt-BR\",\"@id\":\"https:\/\/www.suno.com.br\/noticias\/#\/schema\/logo\/image\/\",\"url\":\"https:\/\/files.sunoresearch.com.br\/n\/uploads\/2021\/09\/suno-logo.png\",\"contentUrl\":\"https:\/\/files.sunoresearch.com.br\/n\/uploads\/2021\/09\/suno-logo.png\",\"width\":180,\"height\":180,\"caption\":\"Suno Not\u00edcias\"},\"image\":{\"@id\":\"https:\/\/www.suno.com.br\/noticias\/#\/schema\/logo\/image\/\"},\"sameAs\":[\"https:\/\/facebook.com\/sunoresearch\",\"https:\/\/x.com\/sunoresearch\",\"https:\/\/www.instagram.com\/suno\",\"https:\/\/www.linkedin.com\/company\/suno-research\/\",\"https:\/\/www.youtube.com\/c\/sunoresearch\"]},{\"@type\":\"Person\",\"@id\":\"https:\/\/www.suno.com.br\/noticias\/#\/schema\/person\/053a750a709a263919a20f976caae91c\",\"name\":\"Arthur Guimar\u00e3es\",\"image\":{\"@type\":\"ImageObject\",\"inLanguage\":\"pt-BR\",\"@id\":\"https:\/\/www.suno.com.br\/noticias\/#\/schema\/person\/image\/\",\"url\":\"https:\/\/secure.gravatar.com\/avatar\/1affd86a11209ae09eb6dd3bcad3e96c?s=96&r=g\",\"contentUrl\":\"https:\/\/secure.gravatar.com\/avatar\/1affd86a11209ae09eb6dd3bcad3e96c?s=96&r=g\",\"caption\":\"Arthur Guimar\u00e3es\"},\"description\":\"Arthur Guimar\u00e3es escreve sobre pol\u00edtica, economia e neg\u00f3cios para o portal de not\u00edcias da Suno Research. Atualmente, \u00e9 estudante de jornalismo pela Faculdade C\u00e1sper L\u00edbero.\",\"url\":\"https:\/\/www.suno.com.br\/noticias\/author\/arthur-guimaraes\/\"}]}<\/script>\n<!-- \/ Yoast SEO plugin. -->","yoast_head_json":{"title":"Am\u00e9rica Latina sair\u00e1 da crise ainda mais pobre, diz BID","description":"O presidente do BID afirmou que a Am\u00e9rica Latina sair\u00e1 da crise com taxas mais elevadas de pobreza. Clique para saber mais","robots":{"index":"index","follow":"follow","max-snippet":"max-snippet:-1","max-image-preview":"max-image-preview:large","max-video-preview":"max-video-preview:-1"},"canonical":"https:\/\/www.suno.com.br\/noticias\/america-latina-saira-crise-mais-pobre\/","og_locale":"pt_BR","og_type":"article","og_title":"Am\u00e9rica Latina sair\u00e1 da crise ainda mais pobre, diz BID","og_description":"O presidente do BID afirmou que a Am\u00e9rica Latina sair\u00e1 da crise com taxas mais elevadas de pobreza. Clique para saber mais","og_url":"https:\/\/www.suno.com.br\/noticias\/america-latina-saira-crise-mais-pobre\/","og_site_name":"Suno Not\u00edcias","article_publisher":"https:\/\/facebook.com\/sunoresearch","og_image":[{"width":1280,"height":853,"url":"https:\/\/files.sunoresearch.com.br\/n\/uploads\/2020\/07\/843aa9be-m\u00e3o-de-oscar-niemeyer.jpg","type":"image\/jpeg"}],"author":"Arthur Guimar\u00e3es","twitter_card":"summary_large_image","twitter_creator":"@sunoresearch","twitter_site":"@sunoresearch","twitter_misc":{"Escrito por":"Arthur Guimar\u00e3es","Est. tempo de leitura":"2 minutos"},"schema":{"@context":"https:\/\/schema.org","@graph":[{"@type":"NewsArticle","@id":"https:\/\/www.suno.com.br\/noticias\/america-latina-saira-crise-mais-pobre\/#article","isPartOf":{"@id":"https:\/\/www.suno.com.br\/noticias\/america-latina-saira-crise-mais-pobre\/"},"author":{"name":"Arthur Guimar\u00e3es","@id":"https:\/\/www.suno.com.br\/noticias\/#\/schema\/person\/053a750a709a263919a20f976caae91c"},"headline":"Am\u00e9rica Latina sair\u00e1 da crise ainda mais pobre, diz BID","datePublished":"2020-07-27T19:54:17+00:00","mainEntityOfPage":{"@id":"https:\/\/www.suno.com.br\/noticias\/america-latina-saira-crise-mais-pobre\/"},"wordCount":413,"publisher":{"@id":"https:\/\/www.suno.com.br\/noticias\/#organization"},"image":{"@id":"https:\/\/www.suno.com.br\/noticias\/america-latina-saira-crise-mais-pobre\/#primaryimage"},"thumbnailUrl":"https:\/\/files.sunoresearch.com.br\/n\/uploads\/2020\/07\/843aa9be-m\u00e3o-de-oscar-niemeyer-jpg.webp","keywords":["Am\u00e9rica Latina","Banco Interamericano de Desenvolvimento (BID)","empr\u00e9stimos","Venezuela"],"articleSection":["Internacional"],"inLanguage":"pt-BR"},{"@type":"WebPage","@id":"https:\/\/www.suno.com.br\/noticias\/america-latina-saira-crise-mais-pobre\/","url":"https:\/\/www.suno.com.br\/noticias\/america-latina-saira-crise-mais-pobre\/","name":"Am\u00e9rica Latina sair\u00e1 da crise ainda mais pobre, diz BID","isPartOf":{"@id":"https:\/\/www.suno.com.br\/noticias\/#website"},"primaryImageOfPage":{"@id":"https:\/\/www.suno.com.br\/noticias\/america-latina-saira-crise-mais-pobre\/#primaryimage"},"image":{"@id":"https:\/\/www.suno.com.br\/noticias\/america-latina-saira-crise-mais-pobre\/#primaryimage"},"thumbnailUrl":"https:\/\/files.sunoresearch.com.br\/n\/uploads\/2020\/07\/843aa9be-m\u00e3o-de-oscar-niemeyer-jpg.webp","datePublished":"2020-07-27T19:54:17+00:00","description":"O presidente do BID afirmou que a Am\u00e9rica Latina sair\u00e1 da crise com taxas mais elevadas de pobreza. Clique para saber mais","breadcrumb":{"@id":"https:\/\/www.suno.com.br\/noticias\/america-latina-saira-crise-mais-pobre\/#breadcrumb"},"inLanguage":"pt-BR","potentialAction":[{"@type":"ReadAction","target":["https:\/\/www.suno.com.br\/noticias\/america-latina-saira-crise-mais-pobre\/"]}]},{"@type":"ImageObject","inLanguage":"pt-BR","@id":"https:\/\/www.suno.com.br\/noticias\/america-latina-saira-crise-mais-pobre\/#primaryimage","url":"https:\/\/files.sunoresearch.com.br\/n\/uploads\/2020\/07\/843aa9be-m\u00e3o-de-oscar-niemeyer-jpg.webp","contentUrl":"https:\/\/files.sunoresearch.com.br\/n\/uploads\/2020\/07\/843aa9be-m\u00e3o-de-oscar-niemeyer-jpg.webp","width":1280,"height":853,"caption":"Am\u00e9rica Latina sair\u00e1 da crise ainda mais pobre, diz BID"},{"@type":"BreadcrumbList","@id":"https:\/\/www.suno.com.br\/noticias\/america-latina-saira-crise-mais-pobre\/#breadcrumb","itemListElement":[{"@type":"ListItem","position":1,"name":"Not\u00edcias","item":"https:\/\/www.suno.com.br\/noticias\/"},{"@type":"ListItem","position":2,"name":"Internacional","item":"https:\/\/www.suno.com.br\/noticias\/internacional\/"},{"@type":"ListItem","position":3,"name":"Am\u00e9rica Latina sair\u00e1 da crise ainda mais pobre, diz BID"}]},{"@type":"WebSite","@id":"https:\/\/www.suno.com.br\/noticias\/#website","url":"https:\/\/www.suno.com.br\/noticias\/","name":"Suno Not\u00edcias","description":"Seu portal de informa\u00e7\u00e3o sobre o mundo dos investimentos","publisher":{"@id":"https:\/\/www.suno.com.br\/noticias\/#organization"},"potentialAction":[{"@type":"SearchAction","target":{"@type":"EntryPoint","urlTemplate":"https:\/\/www.suno.com.br\/noticias\/?s={search_term_string}"},"query-input":{"@type":"PropertyValueSpecification","valueRequired":true,"valueName":"search_term_string"}}],"inLanguage":"pt-BR"},{"@type":"Organization","@id":"https:\/\/www.suno.com.br\/noticias\/#organization","name":"Suno Not\u00edcias","url":"https:\/\/www.suno.com.br\/noticias\/","logo":{"@type":"ImageObject","inLanguage":"pt-BR","@id":"https:\/\/www.suno.com.br\/noticias\/#\/schema\/logo\/image\/","url":"https:\/\/files.sunoresearch.com.br\/n\/uploads\/2021\/09\/suno-logo.png","contentUrl":"https:\/\/files.sunoresearch.com.br\/n\/uploads\/2021\/09\/suno-logo.png","width":180,"height":180,"caption":"Suno Not\u00edcias"},"image":{"@id":"https:\/\/www.suno.com.br\/noticias\/#\/schema\/logo\/image\/"},"sameAs":["https:\/\/facebook.com\/sunoresearch","https:\/\/x.com\/sunoresearch","https:\/\/www.instagram.com\/suno","https:\/\/www.linkedin.com\/company\/suno-research\/","https:\/\/www.youtube.com\/c\/sunoresearch"]},{"@type":"Person","@id":"https:\/\/www.suno.com.br\/noticias\/#\/schema\/person\/053a750a709a263919a20f976caae91c","name":"Arthur Guimar\u00e3es","image":{"@type":"ImageObject","inLanguage":"pt-BR","@id":"https:\/\/www.suno.com.br\/noticias\/#\/schema\/person\/image\/","url":"https:\/\/secure.gravatar.com\/avatar\/1affd86a11209ae09eb6dd3bcad3e96c?s=96&r=g","contentUrl":"https:\/\/secure.gravatar.com\/avatar\/1affd86a11209ae09eb6dd3bcad3e96c?s=96&r=g","caption":"Arthur Guimar\u00e3es"},"description":"Arthur Guimar\u00e3es escreve sobre pol\u00edtica, economia e neg\u00f3cios para o portal de not\u00edcias da Suno Research. Atualmente, \u00e9 estudante de jornalismo pela Faculdade C\u00e1sper L\u00edbero.","url":"https:\/\/www.suno.com.br\/noticias\/author\/arthur-guimaraes\/"}]}},"default_loop_html":"<div class=\"cardsPage__listCard__boxs\"><div class=\"cardsPage__listCard__boxs__img\"><a href=\"https:\/\/www.suno.com.br\/noticias\/america-latina-saira-crise-mais-pobre\/\"><img class=\"mask\" src=\"https:\/\/www.suno.com.br\/noticias\/wp-content\/themes\/suno\/resources\/images\/spotlight\/spotlight1img\/bg-mask.png\" alt=\"Image Mask\"\/><img src=\"https:\/\/files.sunoresearch.com.br\/n\/uploads\/2020\/07\/843aa9be-m\u00e3o-de-oscar-niemeyer-400x200.webp\" alt=\"Am\u00e9rica Latina sair\u00e1 da crise ainda mais pobre, diz BID\"\/><\/a><span class=\"spotlightCategory\"><a href=\"https:\/\/www.suno.com.br\/noticias\/internacional\/\">Internacional<\/a><\/span><\/div><div class=\"cardsPage__listCard__boxs__content\"><a href=\"https:\/\/www.suno.com.br\/noticias\/america-latina-saira-crise-mais-pobre\/\"><h2 class=\"content__title\">Am\u00e9rica Latina sair\u00e1 da crise ainda mais pobre, diz BID<\/h2><\/a><div class=\"newsContent__article__meta\"><div class=\"newsContent__article__meta__authorBox\"><a href=\"https:\/\/www.suno.com.br\/noticias\/author\/arthur-guimaraes\/\" class=\"authorBox__avatar noMobi\"><img src=\"https:\/\/files.sunoresearch.com.br\/n\/uploads\/2020\/02\/dfb40897-eu-150x150.webp\" alt=\"Arthur Guimar\u00e3es\"><\/a><div class=\"authorBox__name\"><span>por\n\t\t\t<a href=\"https:\/\/www.suno.com.br\/noticias\/author\/arthur-guimaraes\/\"><span itemprop=\"author\">Arthur Guimar\u00e3es<\/span><\/a><\/span><time datetime=\"2020-07-27T16:54:17-03:00\" itemprop=\"datePublished\">27\/07\/2020 16:54<\/time><\/div><\/div><\/div><\/div><\/div>","single_layout":"posts","amp_enabled":true,"_links":{"self":[{"href":"https:\/\/www.suno.com.br\/noticias\/wp-json\/wp\/v2\/posts\/74954"}],"collection":[{"href":"https:\/\/www.suno.com.br\/noticias\/wp-json\/wp\/v2\/posts"}],"about":[{"href":"https:\/\/www.suno.com.br\/noticias\/wp-json\/wp\/v2\/types\/post"}],"author":[{"embeddable":true,"href":"https:\/\/www.suno.com.br\/noticias\/wp-json\/wp\/v2\/users\/35"}],"replies":[{"embeddable":true,"href":"https:\/\/www.suno.com.br\/noticias\/wp-json\/wp\/v2\/comments?post=74954"}],"version-history":[{"count":0,"href":"https:\/\/www.suno.com.br\/noticias\/wp-json\/wp\/v2\/posts\/74954\/revisions"}],"wp:featuredmedia":[{"embeddable":true,"href":"https:\/\/www.suno.com.br\/noticias\/wp-json\/wp\/v2\/media\/74956"}],"wp:attachment":[{"href":"https:\/\/www.suno.com.br\/noticias\/wp-json\/wp\/v2\/media?parent=74954"}],"wp:term":[{"taxonomy":"category","embeddable":true,"href":"https:\/\/www.suno.com.br\/noticias\/wp-json\/wp\/v2\/categories?post=74954"},{"taxonomy":"post_tag","embeddable":true,"href":"https:\/\/www.suno.com.br\/noticias\/wp-json\/wp\/v2\/tags?post=74954"},{"taxonomy":"suno_strategy","embeddable":true,"href":"https:\/\/www.suno.com.br\/noticias\/wp-json\/wp\/v2\/suno_strategy?post=74954"}],"curies":[{"name":"wp","href":"https:\/\/api.w.org\/{rel}","templated":true}]}}