{"id":74895,"date":"2020-07-27T12:29:46","date_gmt":"2020-07-27T15:29:46","guid":{"rendered":"https:\/\/www.suno.com.br\/noticias\/?p=74895"},"modified":"2020-07-27T12:32:41","modified_gmt":"2020-07-27T15:32:41","slug":"vacina-moderna-covid-19-fase-final","status":"publish","type":"post","link":"https:\/\/www.suno.com.br\/noticias\/vacina-moderna-covid-19-fase-final\/","title":{"rendered":"Vacina da Moderna contra Covid-19 entra em fase final de testes"},"content":{"rendered":"<p>A farmac\u00eautica norte-americana Moderna (<a href=\"https:\/\/www.suno.com.br\/artigos\/nasdaq\/\">NASDAQ<\/a>: MRNA) iniciou, nesta segunda-feira (27), a fase final de testes de sua <strong>vacina<\/strong> contra o <a href=\"https:\/\/www.suno.com.br\/noticias\/?s=coronav%C3%ADrus\">novo coronav\u00edrus (Covid-19)<\/a>. Essa etapa deve se estender at\u00e9 outubro deste ano.<\/p>\t<div class=\"wrapper-featured-image\">\n\t\t<figure class=\"spotlightImg\">\n\n\t\t\t<picture>\n\t\t\t\t<source media=\"(max-width: 768px)\" srcset=\"https:\/\/files.sunoresearch.com.br\/n\/uploads\/2020\/07\/8e33c746-coronavirus-400x200.webp\">\n\t\t\t\t<img loading=\"lazy\" decoding=\"async\" class=\"newsContent__article__imgCapa lazyloadDisabled newsContent__article__imgCapa--noCaption\" src=\"https:\/\/files.sunoresearch.com.br\/n\/uploads\/2020\/07\/8e33c746-coronavirus-800x450.webp\" width=\"800\" height=\"450\" alt=\"Vacina da Moderna contra Covid-19 entra em fase final de testes\" fetchpriority=high \/>\n\t\t\t<\/picture>\n\n\t\t\t<figcaption class=\"wp-caption-text wp-caption-text--hide\">O governo editou uma Medida Provis\u00f3ria (MP) que libera R$ 2,5 bilh\u00f5es para que o Brasil possa aderir ao Covax Facility.<\/figcaption>\n\t\t<\/figure>\n\t<\/div>\n\n\n\n<p>A vacina da empresa, que foi a primeira a ser testada em humanos, agora ser\u00e1 avaliada em 30 mil volunt\u00e1rios em 87 localidades diferentes dos Estados Unidos.<\/p>\n<p>O processo, segundo a <strong>Moderna<\/strong>, ser\u00e1 estabelecido em dois grupos. Um receber\u00e1 uma por\u00e7\u00e3o de 100 miligramas da vacina no primeiro dia, e depois outra dose 29 dias depois. O outro grupo, por sua vez, ser\u00e1 testado com placebos. O objetivo \u00e9 levantar provas da seguran\u00e7a e efetividade da medica\u00e7\u00e3o em prevenir a infec\u00e7\u00e3o do coronav\u00edrus, evitando, assim, que indiv\u00edduos passem a estados graves da doen\u00e7a.<\/p>\n<p><a href=\"https:\/\/lp.suno.com.br\/suno-one\/\">No Suno One voc\u00ea aprende a fazer seu dinheiro para trabalhar para voc\u00ea. Cadastre-se gratuitamente agora!<\/a><\/p>\n<p>A vacina da companhia estadunidense \u00e9 realizada com <strong>RNA<\/strong> mensageiro, uma t\u00e9cnica que procura estimular a produ\u00e7\u00e3o de anticorpos para que o organismo humano possa impedir o v\u00edrus de atacar c\u00e9lulas saud\u00e1veis.<\/p>\n<p>Os resultados da fase 2 dos testes da vacina, apresentados no in\u00edcio deste m\u00eas, foram positivos. A medica\u00e7\u00e3o criou respostas imunes nas pessoas participantes.<\/p>\n<p>Para qualquer vacina ser aprovada ou distribu\u00edda, s\u00e3o necess\u00e1rias tr\u00eas fases de testes. A primeira se concentra na tentativa dos laborat\u00f3rios em comprovar a seguran\u00e7a de suas medica\u00e7\u00f5es em seres humanos. A segunda, por sua vez, \u00e9 o per\u00edodo em que h\u00e1 a tentativa de levantamento da informa\u00e7\u00e3o se a vacina ou rem\u00e9dio produz <strong>imunidade<\/strong> \u00e0 doen\u00e7a.<\/p>\n<p>J\u00e1 a \u00faltima fase do estudo procura apresentar a efic\u00e1cia da imuniza\u00e7\u00e3o ao v\u00edrus. Uma vacina pode ser disponibilizada \u00e0 popula\u00e7\u00e3o quando recebe um registro sanit\u00e1ria comprovando sua efic\u00e1cia. A quarta fase se concentra na distribui\u00e7\u00e3o \u00e0 popula\u00e7\u00e3o.<\/p>\n<p>Na \u00faltima semana, outras vacinas em desenvolvimento obtiveram bons resultados. A da <strong>Universidade de Oxford<\/strong>, em parceria com o laborat\u00f3rio AstraZeneca, a da chinesa CanSino e da <a href=\"https:\/\/www.suno.com.br\/noticias\/vacina-eua-sera-produzida-pfizer-biontech\/\"><strong>Pfizer<\/strong>, junto \u00e0 alem\u00e3 <strong>BioNTech<\/strong><\/a>, tamb\u00e9m se mostraram seguras e foram capazes de gerar resultados imunes nos volunt\u00e1rios.<\/p>\n<p><a href=\"https:\/\/www.suno.com.br\/noticias\/china-emprestara-a-america-latina-para-acesso-vacina\/\">Confira: China emprestar\u00e1 US$ 1 bilh\u00e3o \u00e0 Am\u00e9rica Latina para acesso \u00e0 vacina<\/a><\/p>\n<p>Uma vacina russa tamb\u00e9m levantou resultados positivos e, de acordo com o governo local, ser\u00e1 distribu\u00edda j\u00e1 no m\u00eas que vem. Embora muitos dos medicamentos em processo de testes tenham apresentado bons resultados, ainda carecem de aprova\u00e7\u00e3o pelos respectivos \u00f3rg\u00e3os competentes.<\/p>\n<p>No \u00faltimo domingo (26), a <a href=\"https:\/\/www.suno.com.br\/noticias\/moderna-recebe-aporte-us472-vacina\/\">Moderna disse que recebeu o investimento de\u00a0at\u00e9 US$ 472 milh\u00f5es<\/a> (cerca de R$ 2,45 bilh\u00f5es) da Autoridade Biom\u00e9dica de Pesquisa e Desenvolvimento Avan\u00e7ado (Barda, na sigla em ingl\u00eas) para realiza\u00e7\u00e3o dos testes para a <strong>vacina<\/strong> contra a pandemia.<\/p>\n\n","protected":false},"excerpt":{"rendered":"<p>A farmac\u00eautica norte-americana Moderna (NASDAQ: MRNA) iniciou, nesta segunda-feira (27), a fase final de testes de sua vacina contra o novo coronav\u00edrus (Covid-19). Essa etapa deve se estender at\u00e9 outubro deste ano. O governo editou uma Medida Provis\u00f3ria (MP) que libera R$ 2,5 bilh\u00f5es para que o Brasil possa aderir ao Covax Facility. A vacina [&hellip;]<\/p>\n","protected":false},"author":24,"featured_media":74316,"comment_status":"closed","ping_status":"closed","sticky":false,"template":"","format":"standard","meta":[],"categories":[63],"tags":[2487,36602,25002],"suno_strategy":[],"class_list":["post-74895","post","type-post","status-publish","format-standard","has-post-thumbnail","hentry","category-internacional","tag-coronavirus","tag-moderna","tag-vacina"],"yoast_head":"<!-- This site is optimized with the Yoast SEO plugin v24.4 - https:\/\/yoast.com\/wordpress\/plugins\/seo\/ -->\n<title>Vacina da Moderna contra Covid-19 entra em fase final de testes<\/title>\n<meta name=\"description\" content=\"A farmac\u00eautica norte-americana Moderna (NASDAQ: MRNA) iniciou, nesta segunda-feira (27), a fase final de testes de sua vacina. Saiba mais.\" \/>\n<meta name=\"robots\" content=\"index, follow, max-snippet:-1, max-image-preview:large, max-video-preview:-1\" \/>\n<link rel=\"canonical\" href=\"https:\/\/www.suno.com.br\/noticias\/vacina-moderna-covid-19-fase-final\/\" \/>\n<meta property=\"og:locale\" content=\"pt_BR\" \/>\n<meta property=\"og:type\" content=\"article\" \/>\n<meta property=\"og:title\" content=\"Vacina da Moderna contra Covid-19 entra em fase final de testes\" \/>\n<meta property=\"og:description\" content=\"A farmac\u00eautica norte-americana Moderna (NASDAQ: MRNA) iniciou, nesta segunda-feira (27), a fase final de testes de sua vacina. Saiba mais.\" \/>\n<meta property=\"og:url\" content=\"https:\/\/www.suno.com.br\/noticias\/vacina-moderna-covid-19-fase-final\/\" \/>\n<meta property=\"og:site_name\" content=\"Suno Not\u00edcias\" \/>\n<meta property=\"article:publisher\" content=\"https:\/\/facebook.com\/sunoresearch\" \/>\n<meta property=\"og:image\" content=\"https:\/\/files.sunoresearch.com.br\/n\/uploads\/2020\/07\/8e33c746-coronavirus.jpg\" \/>\n\t<meta property=\"og:image:width\" content=\"1500\" \/>\n\t<meta property=\"og:image:height\" content=\"1000\" \/>\n\t<meta property=\"og:image:type\" content=\"image\/jpeg\" \/>\n<meta name=\"author\" content=\"Jader Lazarini\" \/>\n<meta name=\"twitter:card\" content=\"summary_large_image\" \/>\n<meta name=\"twitter:creator\" content=\"@sunoresearch\" \/>\n<meta name=\"twitter:site\" content=\"@sunoresearch\" \/>\n<meta name=\"twitter:label1\" content=\"Escrito por\" \/>\n\t<meta name=\"twitter:data1\" content=\"Jader Lazarini\" \/>\n\t<meta name=\"twitter:label2\" content=\"Est. tempo de leitura\" \/>\n\t<meta name=\"twitter:data2\" content=\"2 minutos\" \/>\n<script type=\"application\/ld+json\" class=\"yoast-schema-graph\">{\"@context\":\"https:\/\/schema.org\",\"@graph\":[{\"@type\":\"NewsArticle\",\"@id\":\"https:\/\/www.suno.com.br\/noticias\/vacina-moderna-covid-19-fase-final\/#article\",\"isPartOf\":{\"@id\":\"https:\/\/www.suno.com.br\/noticias\/vacina-moderna-covid-19-fase-final\/\"},\"author\":{\"name\":\"Jader Lazarini\",\"@id\":\"https:\/\/www.suno.com.br\/noticias\/#\/schema\/person\/918d79de1f0281f01599b93f9ea6e23f\"},\"headline\":\"Vacina da Moderna contra Covid-19 entra em fase final de testes\",\"datePublished\":\"2020-07-27T15:29:46+00:00\",\"dateModified\":\"2020-07-27T15:32:41+00:00\",\"mainEntityOfPage\":{\"@id\":\"https:\/\/www.suno.com.br\/noticias\/vacina-moderna-covid-19-fase-final\/\"},\"wordCount\":488,\"publisher\":{\"@id\":\"https:\/\/www.suno.com.br\/noticias\/#organization\"},\"image\":{\"@id\":\"https:\/\/www.suno.com.br\/noticias\/vacina-moderna-covid-19-fase-final\/#primaryimage\"},\"thumbnailUrl\":\"https:\/\/files.sunoresearch.com.br\/n\/uploads\/2020\/07\/8e33c746-coronavirus-jpg.webp\",\"keywords\":[\"coronav\u00edrus\",\"Moderna\",\"vacina\"],\"articleSection\":[\"Internacional\"],\"inLanguage\":\"pt-BR\"},{\"@type\":\"WebPage\",\"@id\":\"https:\/\/www.suno.com.br\/noticias\/vacina-moderna-covid-19-fase-final\/\",\"url\":\"https:\/\/www.suno.com.br\/noticias\/vacina-moderna-covid-19-fase-final\/\",\"name\":\"Vacina da Moderna contra Covid-19 entra em fase final de testes\",\"isPartOf\":{\"@id\":\"https:\/\/www.suno.com.br\/noticias\/#website\"},\"primaryImageOfPage\":{\"@id\":\"https:\/\/www.suno.com.br\/noticias\/vacina-moderna-covid-19-fase-final\/#primaryimage\"},\"image\":{\"@id\":\"https:\/\/www.suno.com.br\/noticias\/vacina-moderna-covid-19-fase-final\/#primaryimage\"},\"thumbnailUrl\":\"https:\/\/files.sunoresearch.com.br\/n\/uploads\/2020\/07\/8e33c746-coronavirus-jpg.webp\",\"datePublished\":\"2020-07-27T15:29:46+00:00\",\"dateModified\":\"2020-07-27T15:32:41+00:00\",\"description\":\"A farmac\u00eautica norte-americana Moderna (NASDAQ: MRNA) iniciou, nesta segunda-feira (27), a fase final de testes de sua vacina. Saiba mais.\",\"breadcrumb\":{\"@id\":\"https:\/\/www.suno.com.br\/noticias\/vacina-moderna-covid-19-fase-final\/#breadcrumb\"},\"inLanguage\":\"pt-BR\",\"potentialAction\":[{\"@type\":\"ReadAction\",\"target\":[\"https:\/\/www.suno.com.br\/noticias\/vacina-moderna-covid-19-fase-final\/\"]}]},{\"@type\":\"ImageObject\",\"inLanguage\":\"pt-BR\",\"@id\":\"https:\/\/www.suno.com.br\/noticias\/vacina-moderna-covid-19-fase-final\/#primaryimage\",\"url\":\"https:\/\/files.sunoresearch.com.br\/n\/uploads\/2020\/07\/8e33c746-coronavirus-jpg.webp\",\"contentUrl\":\"https:\/\/files.sunoresearch.com.br\/n\/uploads\/2020\/07\/8e33c746-coronavirus-jpg.webp\",\"width\":1500,\"height\":1000,\"caption\":\"O governo editou uma Medida Provis\u00f3ria (MP) que libera R$ 2,5 bilh\u00f5es para que o Brasil possa aderir ao Covax Facility.\"},{\"@type\":\"BreadcrumbList\",\"@id\":\"https:\/\/www.suno.com.br\/noticias\/vacina-moderna-covid-19-fase-final\/#breadcrumb\",\"itemListElement\":[{\"@type\":\"ListItem\",\"position\":1,\"name\":\"Not\u00edcias\",\"item\":\"https:\/\/www.suno.com.br\/noticias\/\"},{\"@type\":\"ListItem\",\"position\":2,\"name\":\"Internacional\",\"item\":\"https:\/\/www.suno.com.br\/noticias\/internacional\/\"},{\"@type\":\"ListItem\",\"position\":3,\"name\":\"Vacina da Moderna contra Covid-19 entra em fase final de testes\"}]},{\"@type\":\"WebSite\",\"@id\":\"https:\/\/www.suno.com.br\/noticias\/#website\",\"url\":\"https:\/\/www.suno.com.br\/noticias\/\",\"name\":\"Suno Not\u00edcias\",\"description\":\"Seu portal de informa\u00e7\u00e3o sobre o mundo dos investimentos\",\"publisher\":{\"@id\":\"https:\/\/www.suno.com.br\/noticias\/#organization\"},\"potentialAction\":[{\"@type\":\"SearchAction\",\"target\":{\"@type\":\"EntryPoint\",\"urlTemplate\":\"https:\/\/www.suno.com.br\/noticias\/?s={search_term_string}\"},\"query-input\":{\"@type\":\"PropertyValueSpecification\",\"valueRequired\":true,\"valueName\":\"search_term_string\"}}],\"inLanguage\":\"pt-BR\"},{\"@type\":\"Organization\",\"@id\":\"https:\/\/www.suno.com.br\/noticias\/#organization\",\"name\":\"Suno Not\u00edcias\",\"url\":\"https:\/\/www.suno.com.br\/noticias\/\",\"logo\":{\"@type\":\"ImageObject\",\"inLanguage\":\"pt-BR\",\"@id\":\"https:\/\/www.suno.com.br\/noticias\/#\/schema\/logo\/image\/\",\"url\":\"https:\/\/files.sunoresearch.com.br\/n\/uploads\/2021\/09\/suno-logo.png\",\"contentUrl\":\"https:\/\/files.sunoresearch.com.br\/n\/uploads\/2021\/09\/suno-logo.png\",\"width\":180,\"height\":180,\"caption\":\"Suno Not\u00edcias\"},\"image\":{\"@id\":\"https:\/\/www.suno.com.br\/noticias\/#\/schema\/logo\/image\/\"},\"sameAs\":[\"https:\/\/facebook.com\/sunoresearch\",\"https:\/\/x.com\/sunoresearch\",\"https:\/\/www.instagram.com\/suno\",\"https:\/\/www.linkedin.com\/company\/suno-research\/\",\"https:\/\/www.youtube.com\/c\/sunoresearch\"]},{\"@type\":\"Person\",\"@id\":\"https:\/\/www.suno.com.br\/noticias\/#\/schema\/person\/918d79de1f0281f01599b93f9ea6e23f\",\"name\":\"Jader Lazarini\",\"image\":{\"@type\":\"ImageObject\",\"inLanguage\":\"pt-BR\",\"@id\":\"https:\/\/www.suno.com.br\/noticias\/#\/schema\/person\/image\/\",\"url\":\"https:\/\/secure.gravatar.com\/avatar\/3c1ad8caa51589841baeb923fcddea97?s=96&r=g\",\"contentUrl\":\"https:\/\/secure.gravatar.com\/avatar\/3c1ad8caa51589841baeb923fcddea97?s=96&r=g\",\"caption\":\"Jader Lazarini\"},\"description\":\"Jader Lazarini escreve sobre investimentos, finan\u00e7as, economia e neg\u00f3cios. \u00c9 bacharel em Rela\u00e7\u00f5es Internacionais e analista CNPI (2619).\",\"url\":\"https:\/\/www.suno.com.br\/noticias\/author\/jader-lazarini\/\"}]}<\/script>\n<!-- \/ Yoast SEO plugin. -->","yoast_head_json":{"title":"Vacina da Moderna contra Covid-19 entra em fase final de testes","description":"A farmac\u00eautica norte-americana Moderna (NASDAQ: MRNA) iniciou, nesta segunda-feira (27), a fase final de testes de sua vacina. Saiba mais.","robots":{"index":"index","follow":"follow","max-snippet":"max-snippet:-1","max-image-preview":"max-image-preview:large","max-video-preview":"max-video-preview:-1"},"canonical":"https:\/\/www.suno.com.br\/noticias\/vacina-moderna-covid-19-fase-final\/","og_locale":"pt_BR","og_type":"article","og_title":"Vacina da Moderna contra Covid-19 entra em fase final de testes","og_description":"A farmac\u00eautica norte-americana Moderna (NASDAQ: MRNA) iniciou, nesta segunda-feira (27), a fase final de testes de sua vacina. Saiba mais.","og_url":"https:\/\/www.suno.com.br\/noticias\/vacina-moderna-covid-19-fase-final\/","og_site_name":"Suno Not\u00edcias","article_publisher":"https:\/\/facebook.com\/sunoresearch","og_image":[{"width":1500,"height":1000,"url":"https:\/\/files.sunoresearch.com.br\/n\/uploads\/2020\/07\/8e33c746-coronavirus.jpg","type":"image\/jpeg"}],"author":"Jader Lazarini","twitter_card":"summary_large_image","twitter_creator":"@sunoresearch","twitter_site":"@sunoresearch","twitter_misc":{"Escrito por":"Jader Lazarini","Est. tempo de leitura":"2 minutos"},"schema":{"@context":"https:\/\/schema.org","@graph":[{"@type":"NewsArticle","@id":"https:\/\/www.suno.com.br\/noticias\/vacina-moderna-covid-19-fase-final\/#article","isPartOf":{"@id":"https:\/\/www.suno.com.br\/noticias\/vacina-moderna-covid-19-fase-final\/"},"author":{"name":"Jader Lazarini","@id":"https:\/\/www.suno.com.br\/noticias\/#\/schema\/person\/918d79de1f0281f01599b93f9ea6e23f"},"headline":"Vacina da Moderna contra Covid-19 entra em fase final de testes","datePublished":"2020-07-27T15:29:46+00:00","dateModified":"2020-07-27T15:32:41+00:00","mainEntityOfPage":{"@id":"https:\/\/www.suno.com.br\/noticias\/vacina-moderna-covid-19-fase-final\/"},"wordCount":488,"publisher":{"@id":"https:\/\/www.suno.com.br\/noticias\/#organization"},"image":{"@id":"https:\/\/www.suno.com.br\/noticias\/vacina-moderna-covid-19-fase-final\/#primaryimage"},"thumbnailUrl":"https:\/\/files.sunoresearch.com.br\/n\/uploads\/2020\/07\/8e33c746-coronavirus-jpg.webp","keywords":["coronav\u00edrus","Moderna","vacina"],"articleSection":["Internacional"],"inLanguage":"pt-BR"},{"@type":"WebPage","@id":"https:\/\/www.suno.com.br\/noticias\/vacina-moderna-covid-19-fase-final\/","url":"https:\/\/www.suno.com.br\/noticias\/vacina-moderna-covid-19-fase-final\/","name":"Vacina da Moderna contra Covid-19 entra em fase final de testes","isPartOf":{"@id":"https:\/\/www.suno.com.br\/noticias\/#website"},"primaryImageOfPage":{"@id":"https:\/\/www.suno.com.br\/noticias\/vacina-moderna-covid-19-fase-final\/#primaryimage"},"image":{"@id":"https:\/\/www.suno.com.br\/noticias\/vacina-moderna-covid-19-fase-final\/#primaryimage"},"thumbnailUrl":"https:\/\/files.sunoresearch.com.br\/n\/uploads\/2020\/07\/8e33c746-coronavirus-jpg.webp","datePublished":"2020-07-27T15:29:46+00:00","dateModified":"2020-07-27T15:32:41+00:00","description":"A farmac\u00eautica norte-americana Moderna (NASDAQ: MRNA) iniciou, nesta segunda-feira (27), a fase final de testes de sua vacina. Saiba mais.","breadcrumb":{"@id":"https:\/\/www.suno.com.br\/noticias\/vacina-moderna-covid-19-fase-final\/#breadcrumb"},"inLanguage":"pt-BR","potentialAction":[{"@type":"ReadAction","target":["https:\/\/www.suno.com.br\/noticias\/vacina-moderna-covid-19-fase-final\/"]}]},{"@type":"ImageObject","inLanguage":"pt-BR","@id":"https:\/\/www.suno.com.br\/noticias\/vacina-moderna-covid-19-fase-final\/#primaryimage","url":"https:\/\/files.sunoresearch.com.br\/n\/uploads\/2020\/07\/8e33c746-coronavirus-jpg.webp","contentUrl":"https:\/\/files.sunoresearch.com.br\/n\/uploads\/2020\/07\/8e33c746-coronavirus-jpg.webp","width":1500,"height":1000,"caption":"O governo editou uma Medida Provis\u00f3ria (MP) que libera R$ 2,5 bilh\u00f5es para que o Brasil possa aderir ao Covax Facility."},{"@type":"BreadcrumbList","@id":"https:\/\/www.suno.com.br\/noticias\/vacina-moderna-covid-19-fase-final\/#breadcrumb","itemListElement":[{"@type":"ListItem","position":1,"name":"Not\u00edcias","item":"https:\/\/www.suno.com.br\/noticias\/"},{"@type":"ListItem","position":2,"name":"Internacional","item":"https:\/\/www.suno.com.br\/noticias\/internacional\/"},{"@type":"ListItem","position":3,"name":"Vacina da Moderna contra Covid-19 entra em fase final de testes"}]},{"@type":"WebSite","@id":"https:\/\/www.suno.com.br\/noticias\/#website","url":"https:\/\/www.suno.com.br\/noticias\/","name":"Suno Not\u00edcias","description":"Seu portal de informa\u00e7\u00e3o sobre o mundo dos investimentos","publisher":{"@id":"https:\/\/www.suno.com.br\/noticias\/#organization"},"potentialAction":[{"@type":"SearchAction","target":{"@type":"EntryPoint","urlTemplate":"https:\/\/www.suno.com.br\/noticias\/?s={search_term_string}"},"query-input":{"@type":"PropertyValueSpecification","valueRequired":true,"valueName":"search_term_string"}}],"inLanguage":"pt-BR"},{"@type":"Organization","@id":"https:\/\/www.suno.com.br\/noticias\/#organization","name":"Suno Not\u00edcias","url":"https:\/\/www.suno.com.br\/noticias\/","logo":{"@type":"ImageObject","inLanguage":"pt-BR","@id":"https:\/\/www.suno.com.br\/noticias\/#\/schema\/logo\/image\/","url":"https:\/\/files.sunoresearch.com.br\/n\/uploads\/2021\/09\/suno-logo.png","contentUrl":"https:\/\/files.sunoresearch.com.br\/n\/uploads\/2021\/09\/suno-logo.png","width":180,"height":180,"caption":"Suno Not\u00edcias"},"image":{"@id":"https:\/\/www.suno.com.br\/noticias\/#\/schema\/logo\/image\/"},"sameAs":["https:\/\/facebook.com\/sunoresearch","https:\/\/x.com\/sunoresearch","https:\/\/www.instagram.com\/suno","https:\/\/www.linkedin.com\/company\/suno-research\/","https:\/\/www.youtube.com\/c\/sunoresearch"]},{"@type":"Person","@id":"https:\/\/www.suno.com.br\/noticias\/#\/schema\/person\/918d79de1f0281f01599b93f9ea6e23f","name":"Jader Lazarini","image":{"@type":"ImageObject","inLanguage":"pt-BR","@id":"https:\/\/www.suno.com.br\/noticias\/#\/schema\/person\/image\/","url":"https:\/\/secure.gravatar.com\/avatar\/3c1ad8caa51589841baeb923fcddea97?s=96&r=g","contentUrl":"https:\/\/secure.gravatar.com\/avatar\/3c1ad8caa51589841baeb923fcddea97?s=96&r=g","caption":"Jader Lazarini"},"description":"Jader Lazarini escreve sobre investimentos, finan\u00e7as, economia e neg\u00f3cios. \u00c9 bacharel em Rela\u00e7\u00f5es Internacionais e analista CNPI (2619).","url":"https:\/\/www.suno.com.br\/noticias\/author\/jader-lazarini\/"}]}},"default_loop_html":"<div class=\"cardsPage__listCard__boxs\"><div class=\"cardsPage__listCard__boxs__img\"><a href=\"https:\/\/www.suno.com.br\/noticias\/vacina-moderna-covid-19-fase-final\/\"><img class=\"mask\" src=\"https:\/\/www.suno.com.br\/noticias\/wp-content\/themes\/suno\/resources\/images\/spotlight\/spotlight1img\/bg-mask.png\" alt=\"Image Mask\"\/><img src=\"https:\/\/files.sunoresearch.com.br\/n\/uploads\/2020\/07\/8e33c746-coronavirus-400x200.webp\" alt=\"Vacina da Moderna contra Covid-19 entra em fase final de testes\"\/><\/a><span class=\"spotlightCategory\"><a href=\"https:\/\/www.suno.com.br\/noticias\/internacional\/\">Internacional<\/a><\/span><\/div><div class=\"cardsPage__listCard__boxs__content\"><a href=\"https:\/\/www.suno.com.br\/noticias\/vacina-moderna-covid-19-fase-final\/\"><h2 class=\"content__title\">Vacina da Moderna contra Covid-19 entra em fase final de testes<\/h2><\/a><div class=\"newsContent__article__meta\"><div class=\"newsContent__article__meta__authorBox\"><a href=\"https:\/\/www.suno.com.br\/noticias\/author\/jader-lazarini\/\" class=\"authorBox__avatar noMobi\"><img src=\"https:\/\/files.sunoresearch.com.br\/n\/uploads\/2021\/01\/178e6598-foto-perfil-2-150x150.jpg\" alt=\"Jader Lazarini\"><\/a><div class=\"authorBox__name\"><span>por\n\t\t\t<a href=\"https:\/\/www.suno.com.br\/noticias\/author\/jader-lazarini\/\"><span itemprop=\"author\">Jader Lazarini<\/span><\/a><\/span><time datetime=\"2020-07-27T12:29:46-03:00\" itemprop=\"datePublished\">27\/07\/2020 12:29<\/time><\/div><\/div><\/div><\/div><\/div>","single_layout":"posts","amp_enabled":true,"_links":{"self":[{"href":"https:\/\/www.suno.com.br\/noticias\/wp-json\/wp\/v2\/posts\/74895"}],"collection":[{"href":"https:\/\/www.suno.com.br\/noticias\/wp-json\/wp\/v2\/posts"}],"about":[{"href":"https:\/\/www.suno.com.br\/noticias\/wp-json\/wp\/v2\/types\/post"}],"author":[{"embeddable":true,"href":"https:\/\/www.suno.com.br\/noticias\/wp-json\/wp\/v2\/users\/24"}],"replies":[{"embeddable":true,"href":"https:\/\/www.suno.com.br\/noticias\/wp-json\/wp\/v2\/comments?post=74895"}],"version-history":[{"count":0,"href":"https:\/\/www.suno.com.br\/noticias\/wp-json\/wp\/v2\/posts\/74895\/revisions"}],"wp:featuredmedia":[{"embeddable":true,"href":"https:\/\/www.suno.com.br\/noticias\/wp-json\/wp\/v2\/media\/74316"}],"wp:attachment":[{"href":"https:\/\/www.suno.com.br\/noticias\/wp-json\/wp\/v2\/media?parent=74895"}],"wp:term":[{"taxonomy":"category","embeddable":true,"href":"https:\/\/www.suno.com.br\/noticias\/wp-json\/wp\/v2\/categories?post=74895"},{"taxonomy":"post_tag","embeddable":true,"href":"https:\/\/www.suno.com.br\/noticias\/wp-json\/wp\/v2\/tags?post=74895"},{"taxonomy":"suno_strategy","embeddable":true,"href":"https:\/\/www.suno.com.br\/noticias\/wp-json\/wp\/v2\/suno_strategy?post=74895"}],"curies":[{"name":"wp","href":"https:\/\/api.w.org\/{rel}","templated":true}]}}