{"id":74867,"date":"2020-07-27T09:38:07","date_gmt":"2020-07-27T12:38:07","guid":{"rendered":"https:\/\/www.suno.com.br\/noticias\/?p=74867"},"modified":"2020-07-27T09:38:07","modified_gmt":"2020-07-27T12:38:07","slug":"dolar-inicia-a-semana-em-leve-queda-de-04-negociado-a-r-518-27072020","status":"publish","type":"post","link":"https:\/\/www.suno.com.br\/noticias\/dolar-inicia-a-semana-em-leve-queda-de-04-negociado-a-r-518-27072020\/","title":{"rendered":"D\u00f3lar inicia a semana em leve queda de 0,4%, negociado a R$ 5,18"},"content":{"rendered":"<p>O <strong><a href=\"https:\/\/www.suno.com.br\/artigos\/dolar\/\">d\u00f3lar<\/a> <\/strong>inicia a semana em queda atento a escalada de tens\u00e3o entre as duas maiores economias e a segunda onda de cont\u00e1gio do coronav\u00edrus no mundo.<\/p>\t<div class=\"wrapper-featured-image\">\n\t\t<figure class=\"spotlightImg\">\n\n\t\t\t<picture>\n\t\t\t\t<source media=\"(max-width: 768px)\" srcset=\"https:\/\/files.sunoresearch.com.br\/n\/uploads\/2018\/11\/d1f9e678-d\u00f3lar-400x200.webp\">\n\t\t\t\t<img loading=\"lazy\" decoding=\"async\" class=\"newsContent__article__imgCapa lazyloadDisabled newsContent__article__imgCapa--noCaption\" src=\"https:\/\/files.sunoresearch.com.br\/n\/uploads\/2018\/11\/d1f9e678-d\u00f3lar-800x450.webp\" width=\"800\" height=\"450\" alt=\"D\u00f3lar inicia a semana em leve queda de 0,4%, negociado a R$ 5,18\" fetchpriority=high \/>\n\t\t\t<\/picture>\n\n\t\t\t<figcaption class=\"wp-caption-text wp-caption-text--hide\">d\u00f3lar<\/figcaption>\n\t\t<\/figure>\n\t<\/div>\n\n\n\n<p>Por volta das 9h30, nesta segunda-feira (27), o d\u00f3lar operava em leve queda de 0,48%, sendo negociado a R$ 5,1805. O mercado internacional acompanha o desdobramento geopol\u00edtico entre EUA e China.<\/p>\n<p>Al\u00e9m disso, segue no radar dos investidores a preocupa\u00e7\u00e3o do pa\u00eds norte-americano e da Europa de uma segunda onda de cont\u00e1gio do novo v\u00edrus.<\/p>\n<p><a href=\"https:\/\/lp.suno.com.br\/suno-one\/\">Suno One: acesse gratuitamente eBooks, Minicursos, Artigos e Video Aulas sobre investimentos com um \u00fanico cadastro. Clique para saber mais!<\/a><\/p>\n<h2>EUA X China<\/h2>\n<p>Nesta segunda, o Minist\u00e9rio das Rela\u00e7\u00f5es Exteriores da China confirmou o fechamento do consulado norte-americano na cidade de Chengdu. Na \u00faltima sexta-feira (24), o governo chin\u00eas ordenou que a representa\u00e7\u00e3o diplom\u00e1tica fosse fechada em retalia\u00e7\u00e3o a uma a\u00e7\u00e3o semelhante dos Estados Unidos, Donald Trump, contra o consulado chin\u00eas em Houston, no Texas.<\/p>\n<p>A decis\u00e3o eleva a tens\u00e3o entre os pa\u00edses, agravada pela pandemia do <a href=\"https:\/\/www.suno.com.br\/noticias\/?s=coronavirus\">novo coronav\u00edrus (Covid-19)<\/a>, crescimento da <a href=\"https:\/\/www.suno.com.br\/noticias\/eua-reino-unido-discutem-planos-coalizao-para-resistir-china\/\">tecnologia 5G chinesa<\/a> no mundo e a <a href=\"https:\/\/www.suno.com.br\/noticias\/china-lei-de-seguranca-hong-kong-confronto-trump\/\">interfer\u00eancia da China em Hong Kong<\/a>.<\/p>\n<h2>Segunda onda do coronav\u00edrus<\/h2>\n<p>J\u00e1 foram detectados no mundo mais de 16 milh\u00f5es de casos do novo coronav\u00edrus (covid-19). No \u00faltimo domingo (26), foram anunciados 254 mil novos casos, segundo levantamento feito pela universidade Johns Hopkins<\/p>\n<p>Os Estados Unidos seguem de olho no avan\u00e7o da pandemia, que j\u00e1 atingiu 4,23 milh\u00f5es de pessoas no pa\u00eds, com mais de 146 mil mortes. Nas \u00faltimas 24 horas, foram registrados quase 55 mil novos casos da doen\u00e7a. Em raz\u00e3o dos efeitos do coronav\u00edrus, o Congresso norte-americano prepara mais um pacote de est\u00edmulos econ\u00f4micos.<\/p>\n<p><a href=\"https:\/\/www.suno.com.br\/noticias\/futuros-ny-europa-asia-27072020\/\">Veja Tamb\u00e9m: Futuros de NY operam est\u00e1veis monitorando a Covid-19; S&amp;P 500 sobe 0,5%<\/a><\/p>\n<p>Na Europa segue a mesma preocupa\u00e7\u00e3o ap\u00f3s dois meses de suspens\u00e3o de medidas mais duras de quarenta na regi\u00e3o.<\/p>\n<p>A Fran\u00e7a disse que o progresso na luta contra a transmiss\u00e3o foi apagado. O governo franc\u00eas informou que h\u00e1 um aumento na contamina\u00e7\u00e3o. Na \u00faltima sexta foram detectados 1.130 novos casos da doen\u00e7a.<\/p>\n<p>&#8220;Voltamos aos n\u00edveis compar\u00e1veis \u00e0queles do final do per\u00edodo da quarentena. Dessa maneira, apagamos uma boa parte do progresso feito durante as semanas inicias desde que o lockdown foi removido. \u00c9 mais essencial que nunca impor novamente nossa disciplina coletiva&#8221;, disse o primeiro ministro da Fran\u00e7a.<\/p>\n<h2>Boletim Focus<\/h2>\n<p>Os respons\u00e1veis pela elabora\u00e7\u00e3o do <a href=\"https:\/\/www.suno.com.br\/artigos\/relatorio-focus\/\">Boletim Focus<\/a> diminu\u00edram, mais uma vez, suas proje\u00e7\u00f5es para a queda do <a href=\"https:\/\/www.suno.com.br\/artigos\/pib-produto-interno-bruto\/\">Produto Interno Bruto (PIB)<\/a> de 2020. A estimativa divulgada nesta segunda \u00e9 de uma contra\u00e7\u00e3o de 5,77% na economia brasileira, ante 5,95% na \u00faltima segunda-feira (20).<\/p>\n<p>H\u00e1 quatro semanas, entretanto, o Boletim Focus estimava uma baixa de 6,54%. Essa \u00e9 a quarta semana consecutiva de melhora nas estimativas. No primeiro trimestre deste ano, a economia do Pa\u00eds caiu 1,5%, de acordo com o Instituto Brasileiro de Geografia e Estat\u00edstica (IBGE). O resultado do segundo trimestre ser\u00e1 divulgado em 1\u00ba de setembro.<\/p>\n<p><a href=\"https:\/\/www.suno.com.br\/noticias\/boletim-focus-pib-inflacao-27072020\/\">Saiba Mais:\u00a0Boletim Focus volta a projetar recuo do PIB menos acentuado<\/a><\/p>\n<p>O relat\u00f3rio divulgado pelo <a href=\"https:\/\/www.suno.com.br\/artigos\/bacen\/\">Banco Central (BC)<\/a> semanalmente, no in\u00edcio do ano, projetava um crescimento de 2,30% da economia do Brasil. Os profissionais do mercado, todavia, n\u00e3o esperavam pelo forte impacto da pandemia do <a href=\"https:\/\/www.suno.com.br\/noticias\/tags\/coronavirus\/\">novo coronav\u00edrus (Covid-19)<\/a> no Brasil. Para 2021, os economistas permanecem com a estimativa de um crescimento de 3,50% pela nona semana consecutiva.<\/p>\n<h2>\u00daltima cota\u00e7\u00e3o do d\u00f3lar<\/h2>\n<p>Na \u00faltima sess\u00e3o, sexta-feira, o <strong>d\u00f3lar<\/strong> encerrou o preg\u00e3o em queda de 0,123%, negociado a R$ 5,207.<\/p>\n\n","protected":false},"excerpt":{"rendered":"<p>O d\u00f3lar inicia a semana em queda atento a escalada de tens\u00e3o entre as duas maiores economias e a segunda onda de cont\u00e1gio do coronav\u00edrus no mundo. d\u00f3lar Por volta das 9h30, nesta segunda-feira (27), o d\u00f3lar operava em leve queda de 0,48%, sendo negociado a R$ 5,1805. O mercado internacional acompanha o desdobramento geopol\u00edtico [&hellip;]<\/p>\n","protected":false},"author":15,"featured_media":6983,"comment_status":"closed","ping_status":"closed","sticky":false,"template":"","format":"standard","meta":[],"categories":[60],"tags":[711,2487,326,793],"suno_strategy":[],"class_list":["post-74867","post","type-post","status-publish","format-standard","has-post-thumbnail","hentry","category-mercado","tag-china","tag-coronavirus","tag-dolar","tag-estados-unidos-eua"],"yoast_head":"<!-- This site is optimized with the Yoast SEO plugin v24.4 - https:\/\/yoast.com\/wordpress\/plugins\/seo\/ -->\n<title>D\u00f3lar inicia a semana em leve queda de 0,4%, negociado a R$ 5,18<\/title>\n<meta name=\"description\" content=\"Por volta das 9h30, nesta segunda-feira (27), o d\u00f3lar operava em leve queda de 0,48%, sendo negociado a R$ 5,1805. Clique aqui e saiba mais\" \/>\n<meta name=\"robots\" content=\"index, follow, max-snippet:-1, max-image-preview:large, max-video-preview:-1\" \/>\n<link rel=\"canonical\" href=\"https:\/\/www.suno.com.br\/noticias\/dolar-inicia-a-semana-em-leve-queda-de-04-negociado-a-r-518-27072020\/\" \/>\n<meta property=\"og:locale\" content=\"pt_BR\" \/>\n<meta property=\"og:type\" content=\"article\" \/>\n<meta property=\"og:title\" content=\"D\u00f3lar inicia a semana em leve queda de 0,4%, negociado a R$ 5,18\" \/>\n<meta property=\"og:description\" content=\"Por volta das 9h30, nesta segunda-feira (27), o d\u00f3lar operava em leve queda de 0,48%, sendo negociado a R$ 5,1805. Clique aqui e saiba mais\" \/>\n<meta property=\"og:url\" content=\"https:\/\/www.suno.com.br\/noticias\/dolar-inicia-a-semana-em-leve-queda-de-04-negociado-a-r-518-27072020\/\" \/>\n<meta property=\"og:site_name\" content=\"Suno Not\u00edcias\" \/>\n<meta property=\"article:publisher\" content=\"https:\/\/facebook.com\/sunoresearch\" \/>\n<meta property=\"og:image\" content=\"https:\/\/files.sunoresearch.com.br\/n\/uploads\/2018\/11\/d1f9e678-d\u00f3lar.jpg\" \/>\n\t<meta property=\"og:image:width\" content=\"960\" \/>\n\t<meta property=\"og:image:height\" content=\"640\" \/>\n\t<meta property=\"og:image:type\" content=\"image\/jpeg\" \/>\n<meta name=\"author\" content=\"Poliana Santos\" \/>\n<meta name=\"twitter:card\" content=\"summary_large_image\" \/>\n<meta name=\"twitter:creator\" content=\"@sunoresearch\" \/>\n<meta name=\"twitter:site\" content=\"@sunoresearch\" \/>\n<meta name=\"twitter:label1\" content=\"Escrito por\" \/>\n\t<meta name=\"twitter:data1\" content=\"Poliana Santos\" \/>\n\t<meta name=\"twitter:label2\" content=\"Est. tempo de leitura\" \/>\n\t<meta name=\"twitter:data2\" content=\"3 minutos\" \/>\n<script type=\"application\/ld+json\" class=\"yoast-schema-graph\">{\"@context\":\"https:\/\/schema.org\",\"@graph\":[{\"@type\":\"NewsArticle\",\"@id\":\"https:\/\/www.suno.com.br\/noticias\/dolar-inicia-a-semana-em-leve-queda-de-04-negociado-a-r-518-27072020\/#article\",\"isPartOf\":{\"@id\":\"https:\/\/www.suno.com.br\/noticias\/dolar-inicia-a-semana-em-leve-queda-de-04-negociado-a-r-518-27072020\/\"},\"author\":{\"name\":\"Poliana Santos\",\"@id\":\"https:\/\/www.suno.com.br\/noticias\/#\/schema\/person\/02ec1f752758247878a2bf4abee1aeda\"},\"headline\":\"D\u00f3lar inicia a semana em leve queda de 0,4%, negociado a R$ 5,18\",\"datePublished\":\"2020-07-27T12:38:07+00:00\",\"mainEntityOfPage\":{\"@id\":\"https:\/\/www.suno.com.br\/noticias\/dolar-inicia-a-semana-em-leve-queda-de-04-negociado-a-r-518-27072020\/\"},\"wordCount\":637,\"publisher\":{\"@id\":\"https:\/\/www.suno.com.br\/noticias\/#organization\"},\"image\":{\"@id\":\"https:\/\/www.suno.com.br\/noticias\/dolar-inicia-a-semana-em-leve-queda-de-04-negociado-a-r-518-27072020\/#primaryimage\"},\"thumbnailUrl\":\"https:\/\/files.sunoresearch.com.br\/n\/uploads\/2018\/11\/d1f9e678-d\u00f3lar-jpg.webp\",\"keywords\":[\"China\",\"coronav\u00edrus\",\"d\u00f3lar\",\"Estados Unidos (EUA)\"],\"articleSection\":[\"Mercado\"],\"inLanguage\":\"pt-BR\"},{\"@type\":\"WebPage\",\"@id\":\"https:\/\/www.suno.com.br\/noticias\/dolar-inicia-a-semana-em-leve-queda-de-04-negociado-a-r-518-27072020\/\",\"url\":\"https:\/\/www.suno.com.br\/noticias\/dolar-inicia-a-semana-em-leve-queda-de-04-negociado-a-r-518-27072020\/\",\"name\":\"D\u00f3lar inicia a semana em leve queda de 0,4%, negociado a R$ 5,18\",\"isPartOf\":{\"@id\":\"https:\/\/www.suno.com.br\/noticias\/#website\"},\"primaryImageOfPage\":{\"@id\":\"https:\/\/www.suno.com.br\/noticias\/dolar-inicia-a-semana-em-leve-queda-de-04-negociado-a-r-518-27072020\/#primaryimage\"},\"image\":{\"@id\":\"https:\/\/www.suno.com.br\/noticias\/dolar-inicia-a-semana-em-leve-queda-de-04-negociado-a-r-518-27072020\/#primaryimage\"},\"thumbnailUrl\":\"https:\/\/files.sunoresearch.com.br\/n\/uploads\/2018\/11\/d1f9e678-d\u00f3lar-jpg.webp\",\"datePublished\":\"2020-07-27T12:38:07+00:00\",\"description\":\"Por volta das 9h30, nesta segunda-feira (27), o d\u00f3lar operava em leve queda de 0,48%, sendo negociado a R$ 5,1805. Clique aqui e saiba mais\",\"breadcrumb\":{\"@id\":\"https:\/\/www.suno.com.br\/noticias\/dolar-inicia-a-semana-em-leve-queda-de-04-negociado-a-r-518-27072020\/#breadcrumb\"},\"inLanguage\":\"pt-BR\",\"potentialAction\":[{\"@type\":\"ReadAction\",\"target\":[\"https:\/\/www.suno.com.br\/noticias\/dolar-inicia-a-semana-em-leve-queda-de-04-negociado-a-r-518-27072020\/\"]}]},{\"@type\":\"ImageObject\",\"inLanguage\":\"pt-BR\",\"@id\":\"https:\/\/www.suno.com.br\/noticias\/dolar-inicia-a-semana-em-leve-queda-de-04-negociado-a-r-518-27072020\/#primaryimage\",\"url\":\"https:\/\/files.sunoresearch.com.br\/n\/uploads\/2018\/11\/d1f9e678-d\u00f3lar-jpg.webp\",\"contentUrl\":\"https:\/\/files.sunoresearch.com.br\/n\/uploads\/2018\/11\/d1f9e678-d\u00f3lar-jpg.webp\",\"width\":960,\"height\":640,\"caption\":\"d\u00f3lar\"},{\"@type\":\"BreadcrumbList\",\"@id\":\"https:\/\/www.suno.com.br\/noticias\/dolar-inicia-a-semana-em-leve-queda-de-04-negociado-a-r-518-27072020\/#breadcrumb\",\"itemListElement\":[{\"@type\":\"ListItem\",\"position\":1,\"name\":\"Not\u00edcias\",\"item\":\"https:\/\/www.suno.com.br\/noticias\/\"},{\"@type\":\"ListItem\",\"position\":2,\"name\":\"Mercado\",\"item\":\"https:\/\/www.suno.com.br\/noticias\/mercado\/\"},{\"@type\":\"ListItem\",\"position\":3,\"name\":\"D\u00f3lar inicia a semana em leve queda de 0,4%, negociado a R$ 5,18\"}]},{\"@type\":\"WebSite\",\"@id\":\"https:\/\/www.suno.com.br\/noticias\/#website\",\"url\":\"https:\/\/www.suno.com.br\/noticias\/\",\"name\":\"Suno Not\u00edcias\",\"description\":\"Seu portal de informa\u00e7\u00e3o sobre o mundo dos investimentos\",\"publisher\":{\"@id\":\"https:\/\/www.suno.com.br\/noticias\/#organization\"},\"potentialAction\":[{\"@type\":\"SearchAction\",\"target\":{\"@type\":\"EntryPoint\",\"urlTemplate\":\"https:\/\/www.suno.com.br\/noticias\/?s={search_term_string}\"},\"query-input\":{\"@type\":\"PropertyValueSpecification\",\"valueRequired\":true,\"valueName\":\"search_term_string\"}}],\"inLanguage\":\"pt-BR\"},{\"@type\":\"Organization\",\"@id\":\"https:\/\/www.suno.com.br\/noticias\/#organization\",\"name\":\"Suno Not\u00edcias\",\"url\":\"https:\/\/www.suno.com.br\/noticias\/\",\"logo\":{\"@type\":\"ImageObject\",\"inLanguage\":\"pt-BR\",\"@id\":\"https:\/\/www.suno.com.br\/noticias\/#\/schema\/logo\/image\/\",\"url\":\"https:\/\/files.sunoresearch.com.br\/n\/uploads\/2021\/09\/suno-logo.png\",\"contentUrl\":\"https:\/\/files.sunoresearch.com.br\/n\/uploads\/2021\/09\/suno-logo.png\",\"width\":180,\"height\":180,\"caption\":\"Suno Not\u00edcias\"},\"image\":{\"@id\":\"https:\/\/www.suno.com.br\/noticias\/#\/schema\/logo\/image\/\"},\"sameAs\":[\"https:\/\/facebook.com\/sunoresearch\",\"https:\/\/x.com\/sunoresearch\",\"https:\/\/www.instagram.com\/suno\",\"https:\/\/www.linkedin.com\/company\/suno-research\/\",\"https:\/\/www.youtube.com\/c\/sunoresearch\"]},{\"@type\":\"Person\",\"@id\":\"https:\/\/www.suno.com.br\/noticias\/#\/schema\/person\/02ec1f752758247878a2bf4abee1aeda\",\"name\":\"Poliana Santos\",\"image\":{\"@type\":\"ImageObject\",\"inLanguage\":\"pt-BR\",\"@id\":\"https:\/\/www.suno.com.br\/noticias\/#\/schema\/person\/image\/\",\"url\":\"https:\/\/secure.gravatar.com\/avatar\/0645bd32f23d87b2130f2b2dff1d3f8d?s=96&r=g\",\"contentUrl\":\"https:\/\/secure.gravatar.com\/avatar\/0645bd32f23d87b2130f2b2dff1d3f8d?s=96&r=g\",\"caption\":\"Poliana Santos\"},\"description\":\"Rep\u00f3rter no Suno Not\u00edcias, com cobertura em mercado financeiro, economia, finan\u00e7as pessoais, renda fixa e varejo. Jornalista formada pela Faculdade C\u00e1sper L\u00edbero e possui passagem na R\u00e1dio Gazeta AM com a produ\u00e7\u00e3o de conte\u00fado sobre economia, pol\u00edtica, sa\u00fade, moda e m\u00fasica. Possui certificado de conclus\u00e3o do curso de An\u00e1lise de Balan\u00e7os pela Funda\u00e7\u00e3o Bradesco, Agenda Brasil pela FAAP, Educa\u00e7\u00e3o Pol\u00edtica por Alexandre Garcia e do Tesouro Direto e Mercado de A\u00e7\u00f5es pela B3.\",\"url\":\"https:\/\/www.suno.com.br\/noticias\/author\/poliana-santos\/\"}]}<\/script>\n<!-- \/ Yoast SEO plugin. -->","yoast_head_json":{"title":"D\u00f3lar inicia a semana em leve queda de 0,4%, negociado a R$ 5,18","description":"Por volta das 9h30, nesta segunda-feira (27), o d\u00f3lar operava em leve queda de 0,48%, sendo negociado a R$ 5,1805. Clique aqui e saiba mais","robots":{"index":"index","follow":"follow","max-snippet":"max-snippet:-1","max-image-preview":"max-image-preview:large","max-video-preview":"max-video-preview:-1"},"canonical":"https:\/\/www.suno.com.br\/noticias\/dolar-inicia-a-semana-em-leve-queda-de-04-negociado-a-r-518-27072020\/","og_locale":"pt_BR","og_type":"article","og_title":"D\u00f3lar inicia a semana em leve queda de 0,4%, negociado a R$ 5,18","og_description":"Por volta das 9h30, nesta segunda-feira (27), o d\u00f3lar operava em leve queda de 0,48%, sendo negociado a R$ 5,1805. Clique aqui e saiba mais","og_url":"https:\/\/www.suno.com.br\/noticias\/dolar-inicia-a-semana-em-leve-queda-de-04-negociado-a-r-518-27072020\/","og_site_name":"Suno Not\u00edcias","article_publisher":"https:\/\/facebook.com\/sunoresearch","og_image":[{"width":960,"height":640,"url":"https:\/\/files.sunoresearch.com.br\/n\/uploads\/2018\/11\/d1f9e678-d\u00f3lar.jpg","type":"image\/jpeg"}],"author":"Poliana Santos","twitter_card":"summary_large_image","twitter_creator":"@sunoresearch","twitter_site":"@sunoresearch","twitter_misc":{"Escrito por":"Poliana Santos","Est. tempo de leitura":"3 minutos"},"schema":{"@context":"https:\/\/schema.org","@graph":[{"@type":"NewsArticle","@id":"https:\/\/www.suno.com.br\/noticias\/dolar-inicia-a-semana-em-leve-queda-de-04-negociado-a-r-518-27072020\/#article","isPartOf":{"@id":"https:\/\/www.suno.com.br\/noticias\/dolar-inicia-a-semana-em-leve-queda-de-04-negociado-a-r-518-27072020\/"},"author":{"name":"Poliana Santos","@id":"https:\/\/www.suno.com.br\/noticias\/#\/schema\/person\/02ec1f752758247878a2bf4abee1aeda"},"headline":"D\u00f3lar inicia a semana em leve queda de 0,4%, negociado a R$ 5,18","datePublished":"2020-07-27T12:38:07+00:00","mainEntityOfPage":{"@id":"https:\/\/www.suno.com.br\/noticias\/dolar-inicia-a-semana-em-leve-queda-de-04-negociado-a-r-518-27072020\/"},"wordCount":637,"publisher":{"@id":"https:\/\/www.suno.com.br\/noticias\/#organization"},"image":{"@id":"https:\/\/www.suno.com.br\/noticias\/dolar-inicia-a-semana-em-leve-queda-de-04-negociado-a-r-518-27072020\/#primaryimage"},"thumbnailUrl":"https:\/\/files.sunoresearch.com.br\/n\/uploads\/2018\/11\/d1f9e678-d\u00f3lar-jpg.webp","keywords":["China","coronav\u00edrus","d\u00f3lar","Estados Unidos (EUA)"],"articleSection":["Mercado"],"inLanguage":"pt-BR"},{"@type":"WebPage","@id":"https:\/\/www.suno.com.br\/noticias\/dolar-inicia-a-semana-em-leve-queda-de-04-negociado-a-r-518-27072020\/","url":"https:\/\/www.suno.com.br\/noticias\/dolar-inicia-a-semana-em-leve-queda-de-04-negociado-a-r-518-27072020\/","name":"D\u00f3lar inicia a semana em leve queda de 0,4%, negociado a R$ 5,18","isPartOf":{"@id":"https:\/\/www.suno.com.br\/noticias\/#website"},"primaryImageOfPage":{"@id":"https:\/\/www.suno.com.br\/noticias\/dolar-inicia-a-semana-em-leve-queda-de-04-negociado-a-r-518-27072020\/#primaryimage"},"image":{"@id":"https:\/\/www.suno.com.br\/noticias\/dolar-inicia-a-semana-em-leve-queda-de-04-negociado-a-r-518-27072020\/#primaryimage"},"thumbnailUrl":"https:\/\/files.sunoresearch.com.br\/n\/uploads\/2018\/11\/d1f9e678-d\u00f3lar-jpg.webp","datePublished":"2020-07-27T12:38:07+00:00","description":"Por volta das 9h30, nesta segunda-feira (27), o d\u00f3lar operava em leve queda de 0,48%, sendo negociado a R$ 5,1805. Clique aqui e saiba mais","breadcrumb":{"@id":"https:\/\/www.suno.com.br\/noticias\/dolar-inicia-a-semana-em-leve-queda-de-04-negociado-a-r-518-27072020\/#breadcrumb"},"inLanguage":"pt-BR","potentialAction":[{"@type":"ReadAction","target":["https:\/\/www.suno.com.br\/noticias\/dolar-inicia-a-semana-em-leve-queda-de-04-negociado-a-r-518-27072020\/"]}]},{"@type":"ImageObject","inLanguage":"pt-BR","@id":"https:\/\/www.suno.com.br\/noticias\/dolar-inicia-a-semana-em-leve-queda-de-04-negociado-a-r-518-27072020\/#primaryimage","url":"https:\/\/files.sunoresearch.com.br\/n\/uploads\/2018\/11\/d1f9e678-d\u00f3lar-jpg.webp","contentUrl":"https:\/\/files.sunoresearch.com.br\/n\/uploads\/2018\/11\/d1f9e678-d\u00f3lar-jpg.webp","width":960,"height":640,"caption":"d\u00f3lar"},{"@type":"BreadcrumbList","@id":"https:\/\/www.suno.com.br\/noticias\/dolar-inicia-a-semana-em-leve-queda-de-04-negociado-a-r-518-27072020\/#breadcrumb","itemListElement":[{"@type":"ListItem","position":1,"name":"Not\u00edcias","item":"https:\/\/www.suno.com.br\/noticias\/"},{"@type":"ListItem","position":2,"name":"Mercado","item":"https:\/\/www.suno.com.br\/noticias\/mercado\/"},{"@type":"ListItem","position":3,"name":"D\u00f3lar inicia a semana em leve queda de 0,4%, negociado a R$ 5,18"}]},{"@type":"WebSite","@id":"https:\/\/www.suno.com.br\/noticias\/#website","url":"https:\/\/www.suno.com.br\/noticias\/","name":"Suno Not\u00edcias","description":"Seu portal de informa\u00e7\u00e3o sobre o mundo dos investimentos","publisher":{"@id":"https:\/\/www.suno.com.br\/noticias\/#organization"},"potentialAction":[{"@type":"SearchAction","target":{"@type":"EntryPoint","urlTemplate":"https:\/\/www.suno.com.br\/noticias\/?s={search_term_string}"},"query-input":{"@type":"PropertyValueSpecification","valueRequired":true,"valueName":"search_term_string"}}],"inLanguage":"pt-BR"},{"@type":"Organization","@id":"https:\/\/www.suno.com.br\/noticias\/#organization","name":"Suno Not\u00edcias","url":"https:\/\/www.suno.com.br\/noticias\/","logo":{"@type":"ImageObject","inLanguage":"pt-BR","@id":"https:\/\/www.suno.com.br\/noticias\/#\/schema\/logo\/image\/","url":"https:\/\/files.sunoresearch.com.br\/n\/uploads\/2021\/09\/suno-logo.png","contentUrl":"https:\/\/files.sunoresearch.com.br\/n\/uploads\/2021\/09\/suno-logo.png","width":180,"height":180,"caption":"Suno Not\u00edcias"},"image":{"@id":"https:\/\/www.suno.com.br\/noticias\/#\/schema\/logo\/image\/"},"sameAs":["https:\/\/facebook.com\/sunoresearch","https:\/\/x.com\/sunoresearch","https:\/\/www.instagram.com\/suno","https:\/\/www.linkedin.com\/company\/suno-research\/","https:\/\/www.youtube.com\/c\/sunoresearch"]},{"@type":"Person","@id":"https:\/\/www.suno.com.br\/noticias\/#\/schema\/person\/02ec1f752758247878a2bf4abee1aeda","name":"Poliana Santos","image":{"@type":"ImageObject","inLanguage":"pt-BR","@id":"https:\/\/www.suno.com.br\/noticias\/#\/schema\/person\/image\/","url":"https:\/\/secure.gravatar.com\/avatar\/0645bd32f23d87b2130f2b2dff1d3f8d?s=96&r=g","contentUrl":"https:\/\/secure.gravatar.com\/avatar\/0645bd32f23d87b2130f2b2dff1d3f8d?s=96&r=g","caption":"Poliana Santos"},"description":"Rep\u00f3rter no Suno Not\u00edcias, com cobertura em mercado financeiro, economia, finan\u00e7as pessoais, renda fixa e varejo. Jornalista formada pela Faculdade C\u00e1sper L\u00edbero e possui passagem na R\u00e1dio Gazeta AM com a produ\u00e7\u00e3o de conte\u00fado sobre economia, pol\u00edtica, sa\u00fade, moda e m\u00fasica. Possui certificado de conclus\u00e3o do curso de An\u00e1lise de Balan\u00e7os pela Funda\u00e7\u00e3o Bradesco, Agenda Brasil pela FAAP, Educa\u00e7\u00e3o Pol\u00edtica por Alexandre Garcia e do Tesouro Direto e Mercado de A\u00e7\u00f5es pela B3.","url":"https:\/\/www.suno.com.br\/noticias\/author\/poliana-santos\/"}]}},"default_loop_html":"<div class=\"cardsPage__listCard__boxs\"><div class=\"cardsPage__listCard__boxs__img\"><a href=\"https:\/\/www.suno.com.br\/noticias\/dolar-inicia-a-semana-em-leve-queda-de-04-negociado-a-r-518-27072020\/\"><img class=\"mask\" src=\"https:\/\/www.suno.com.br\/noticias\/wp-content\/themes\/suno\/resources\/images\/spotlight\/spotlight1img\/bg-mask.png\" alt=\"Image Mask\"\/><img src=\"https:\/\/files.sunoresearch.com.br\/n\/uploads\/2018\/11\/d1f9e678-d\u00f3lar-400x200.webp\" alt=\"D\u00f3lar inicia a semana em leve queda de 0,4%, negociado a R$ 5,18\"\/><\/a><span class=\"spotlightCategory\"><a href=\"https:\/\/www.suno.com.br\/noticias\/mercado\/\">Mercado<\/a><\/span><\/div><div class=\"cardsPage__listCard__boxs__content\"><a href=\"https:\/\/www.suno.com.br\/noticias\/dolar-inicia-a-semana-em-leve-queda-de-04-negociado-a-r-518-27072020\/\"><h2 class=\"content__title\">D\u00f3lar inicia a semana em leve queda de 0,4%, negociado a R$ 5,18<\/h2><\/a><div class=\"newsContent__article__meta\"><div class=\"newsContent__article__meta__authorBox\"><a href=\"https:\/\/www.suno.com.br\/noticias\/author\/poliana-santos\/\" class=\"authorBox__avatar noMobi\"><img src=\"https:\/\/files.sunoresearch.com.br\/n\/uploads\/2020\/08\/7ef34026-whatsapp-image-2020-08-03-at-12.37.57-150x150.webp\" alt=\"Poliana Santos\"><\/a><div class=\"authorBox__name\"><span>por\n\t\t\t<a href=\"https:\/\/www.suno.com.br\/noticias\/author\/poliana-santos\/\"><span itemprop=\"author\">Poliana Santos<\/span><\/a><\/span><time datetime=\"2020-07-27T09:38:07-03:00\" itemprop=\"datePublished\">27\/07\/2020 09:38<\/time><\/div><\/div><\/div><\/div><\/div>","single_layout":"posts","amp_enabled":true,"_links":{"self":[{"href":"https:\/\/www.suno.com.br\/noticias\/wp-json\/wp\/v2\/posts\/74867"}],"collection":[{"href":"https:\/\/www.suno.com.br\/noticias\/wp-json\/wp\/v2\/posts"}],"about":[{"href":"https:\/\/www.suno.com.br\/noticias\/wp-json\/wp\/v2\/types\/post"}],"author":[{"embeddable":true,"href":"https:\/\/www.suno.com.br\/noticias\/wp-json\/wp\/v2\/users\/15"}],"replies":[{"embeddable":true,"href":"https:\/\/www.suno.com.br\/noticias\/wp-json\/wp\/v2\/comments?post=74867"}],"version-history":[{"count":0,"href":"https:\/\/www.suno.com.br\/noticias\/wp-json\/wp\/v2\/posts\/74867\/revisions"}],"wp:featuredmedia":[{"embeddable":true,"href":"https:\/\/www.suno.com.br\/noticias\/wp-json\/wp\/v2\/media\/6983"}],"wp:attachment":[{"href":"https:\/\/www.suno.com.br\/noticias\/wp-json\/wp\/v2\/media?parent=74867"}],"wp:term":[{"taxonomy":"category","embeddable":true,"href":"https:\/\/www.suno.com.br\/noticias\/wp-json\/wp\/v2\/categories?post=74867"},{"taxonomy":"post_tag","embeddable":true,"href":"https:\/\/www.suno.com.br\/noticias\/wp-json\/wp\/v2\/tags?post=74867"},{"taxonomy":"suno_strategy","embeddable":true,"href":"https:\/\/www.suno.com.br\/noticias\/wp-json\/wp\/v2\/suno_strategy?post=74867"}],"curies":[{"name":"wp","href":"https:\/\/api.w.org\/{rel}","templated":true}]}}