{"id":74830,"date":"2020-07-26T16:31:20","date_gmt":"2020-07-26T19:31:20","guid":{"rendered":"https:\/\/www.suno.com.br\/noticias\/?p=74830"},"modified":"2020-07-26T16:31:20","modified_gmt":"2020-07-26T19:31:20","slug":"intel-pode-deixar-fabricar-chips-ceo","status":"publish","type":"post","link":"https:\/\/www.suno.com.br\/noticias\/intel-pode-deixar-fabricar-chips-ceo\/","title":{"rendered":"Intel pode parar de produzir seus pr\u00f3prios chips, diz CEO"},"content":{"rendered":"<p>O diretor executivo da <strong>Intel<\/strong> (<a href=\"https:\/\/www.suno.com.br\/artigos\/nasdaq\/\">NASDAQ<\/a>: INTC), Bob Swan, afirmou na \u00faltima quinta-feira (23) que a maior companhia de semicondutores do mundo pode parar de fabricar seus pr\u00f3prios chips.<\/p>\t<div class=\"wrapper-featured-image\">\n\t\t<figure class=\"spotlightImg\">\n\n\t\t\t<picture>\n\t\t\t\t<source media=\"(max-width: 768px)\" srcset=\"https:\/\/files.sunoresearch.com.br\/n\/uploads\/2020\/07\/327b2e93-intel-400x200.webp\">\n\t\t\t\t<img loading=\"lazy\" decoding=\"async\" class=\"newsContent__article__imgCapa lazyloadDisabled newsContent__article__imgCapa--noCaption\" src=\"https:\/\/files.sunoresearch.com.br\/n\/uploads\/2020\/07\/327b2e93-intel-800x450.webp\" width=\"800\" height=\"450\" alt=\"Intel pode parar de produzir seus pr\u00f3prios chips, diz CEO\" fetchpriority=high \/>\n\t\t\t<\/picture>\n\n\t\t\t<figcaption class=\"wp-caption-text wp-caption-text--hide\">Intel pode parar de produzir seus pr\u00f3prios chips, diz CEO<\/figcaption>\n\t\t<\/figure>\n\t<\/div>\n\n\n\n<p>Medidas de terceiriza\u00e7\u00e3o, atualmente, s\u00e3o comuns no setor que movimenta US$ 400 bilh\u00f5es (cerca de R$ 2,08 bilh\u00f5es). Apesar disso, a Intel sempre combinou o design de chips com a produ\u00e7\u00e3o interna e, at\u00e9 recentemente, planejava fabricar processadores para outras empresas.<\/p>\n<p>\u201cNa medida em que precisamos usar a tecnologia de processo de outra pessoa e recorremos a planos de conting\u00eancia, estaremos preparados para fazer isso\u201d, afirmou o CEO da companhia de tecnologia, em teleconfer\u00eancia com analistas, ap\u00f3s a empresa alertar sobre outro processo de produ\u00e7\u00e3o atrasado.<\/p>\n<p><a href=\"https:\/\/lp.suno.com.br\/suno-one\/\">Suno One: acesse gratuitamente eBooks, Minicursos, Artigos e Video Aulas sobre investimentos com um \u00fanico cadastro. Clique para saber mais!<\/a><\/p>\n<p>\u201cIsso nos d\u00e1 muito mais opcionalidade e flexibilidade. Portanto, no caso de um deslize do processo, podemos tentar algo em vez de fazer tudo sozinhos&#8221;, acrescentou Swan.<\/p>\n<p>A combina\u00e7\u00e3o entre design e fabrica\u00e7\u00e3o ajudou a Intel por quase cinco d\u00e9cadas a melhorar os dois lados de sua opera\u00e7\u00e3o. No entanto, o design tem peso limitado no desempenho de semicondutores, enquanto a produ\u00e7\u00e3o \u00e9 essencial para assegurar que os componentes possam armazenar mais dados, processar mais informa\u00e7\u00f5es e consumir menos energia.<\/p>\n<p>A Taiwan Semiconductor Manufacturing (<strong>TSMC<\/strong>), por exemplo, conseguiu focar seus neg\u00f3cios somente na fabrica\u00e7\u00e3o e terceirizar o design para outras empresas. Com isso, suas f\u00e1bricas superar a Intel em recursos e isso ajudou rivais da norte-americana a melhorarem seu desempenho.<\/p>\n<h2>Nova tecnologia de chips da Intel est\u00e1 6 meses atrasada<\/h2>\n<p>A Intel informou na \u00faltima quinta-feira que sua tecnologia de chips de 7 nan\u00f4metros est\u00e1 com seis meses de atraso. O an\u00fancio representa um forte golpe para a companhia que enfrentou por anos estouros de cronograma dos atuais chips de 10 nan\u00f4metros.<\/p>\n<p><a href=\"https:\/\/www.suno.com.br\/noticias\/intel-registra-aumento-no-lucro-mas-alerta-para-atraso-na-entrega-de-chips\/\">Saiba mais: Intel registra aumento no lucro mas alerta para atraso na entrega de chips<\/a><\/p>\n<p>A fabricante \u00e9 a principal fornecedora de processadores para computadores e data centers, por\u00e9m os rivais Nvidia e TSMC desafiam a l\u00f3gica de seu modelo de neg\u00f3cios como projetista e produtora de seus pr\u00f3prios chips.<\/p>\n<p>A not\u00edcia do atraso imp\u00f4s press\u00e3o sobre as a\u00e7\u00f5es da empresa, assim como sobre Swan, que teve de se esquivar de uma s\u00e9rie de perguntas na teleconfer\u00eancia sobre as consequ\u00eancias financeiras e os planos da fabricante para contornar o problema.<\/p>\n<p>Um caminho apontado pelo diretor executivo da <strong>Intel<\/strong> foi a terceiriza\u00e7\u00e3o de parte de sua opera\u00e7\u00e3o. A flexibilidade \u201cn\u00e3o \u00e9 um sinal de fraqueza\u201d, afirmou Swan, quando encerrou a teleconfer\u00eancia.<\/p>\n\n","protected":false},"excerpt":{"rendered":"<p>O diretor executivo da Intel (NASDAQ: INTC), Bob Swan, afirmou na \u00faltima quinta-feira (23) que a maior companhia de semicondutores do mundo pode parar de fabricar seus pr\u00f3prios chips. Intel pode parar de produzir seus pr\u00f3prios chips, diz CEO Medidas de terceiriza\u00e7\u00e3o, atualmente, s\u00e3o comuns no setor que movimenta US$ 400 bilh\u00f5es (cerca de R$ [&hellip;]<\/p>\n","protected":false},"author":35,"featured_media":74831,"comment_status":"closed","ping_status":"closed","sticky":false,"template":"","format":"standard","meta":[],"categories":[64],"tags":[1364,1134],"suno_strategy":[],"class_list":["post-74830","post","type-post","status-publish","format-standard","has-post-thumbnail","hentry","category-negocios","tag-intel-itlc34","tag-tecnologia"],"yoast_head":"<!-- This site is optimized with the Yoast SEO plugin v24.4 - https:\/\/yoast.com\/wordpress\/plugins\/seo\/ -->\n<title>Intel pode parar de produzir seus pr\u00f3prios chips, diz CEO<\/title>\n<meta name=\"description\" content=\"O diretor executivo da Intel, Bob Swan, afirmou que pode a companhia parar de fabricar seus pr\u00f3prios chips. Clique para saber mais\" \/>\n<meta name=\"robots\" content=\"index, follow, max-snippet:-1, max-image-preview:large, max-video-preview:-1\" \/>\n<link rel=\"canonical\" href=\"https:\/\/www.suno.com.br\/noticias\/intel-pode-deixar-fabricar-chips-ceo\/\" \/>\n<meta property=\"og:locale\" content=\"pt_BR\" \/>\n<meta property=\"og:type\" content=\"article\" \/>\n<meta property=\"og:title\" content=\"Intel pode parar de produzir seus pr\u00f3prios chips, diz CEO\" \/>\n<meta property=\"og:description\" content=\"O diretor executivo da Intel, Bob Swan, afirmou que pode a companhia parar de fabricar seus pr\u00f3prios chips. Clique para saber mais\" \/>\n<meta property=\"og:url\" content=\"https:\/\/www.suno.com.br\/noticias\/intel-pode-deixar-fabricar-chips-ceo\/\" \/>\n<meta property=\"og:site_name\" content=\"Suno Not\u00edcias\" \/>\n<meta property=\"article:publisher\" content=\"https:\/\/facebook.com\/sunoresearch\" \/>\n<meta property=\"og:image\" content=\"https:\/\/files.sunoresearch.com.br\/n\/uploads\/2020\/07\/327b2e93-intel.jpg\" \/>\n\t<meta property=\"og:image:width\" content=\"1024\" \/>\n\t<meta property=\"og:image:height\" content=\"683\" \/>\n\t<meta property=\"og:image:type\" content=\"image\/jpeg\" \/>\n<meta name=\"author\" content=\"Arthur Guimar\u00e3es\" \/>\n<meta name=\"twitter:card\" content=\"summary_large_image\" \/>\n<meta name=\"twitter:creator\" content=\"@sunoresearch\" \/>\n<meta name=\"twitter:site\" content=\"@sunoresearch\" \/>\n<meta name=\"twitter:label1\" content=\"Escrito por\" \/>\n\t<meta name=\"twitter:data1\" content=\"Arthur Guimar\u00e3es\" \/>\n\t<meta name=\"twitter:label2\" content=\"Est. tempo de leitura\" \/>\n\t<meta name=\"twitter:data2\" content=\"2 minutos\" \/>\n<script type=\"application\/ld+json\" class=\"yoast-schema-graph\">{\"@context\":\"https:\/\/schema.org\",\"@graph\":[{\"@type\":\"NewsArticle\",\"@id\":\"https:\/\/www.suno.com.br\/noticias\/intel-pode-deixar-fabricar-chips-ceo\/#article\",\"isPartOf\":{\"@id\":\"https:\/\/www.suno.com.br\/noticias\/intel-pode-deixar-fabricar-chips-ceo\/\"},\"author\":{\"name\":\"Arthur Guimar\u00e3es\",\"@id\":\"https:\/\/www.suno.com.br\/noticias\/#\/schema\/person\/053a750a709a263919a20f976caae91c\"},\"headline\":\"Intel pode parar de produzir seus pr\u00f3prios chips, diz CEO\",\"datePublished\":\"2020-07-26T19:31:20+00:00\",\"mainEntityOfPage\":{\"@id\":\"https:\/\/www.suno.com.br\/noticias\/intel-pode-deixar-fabricar-chips-ceo\/\"},\"wordCount\":474,\"publisher\":{\"@id\":\"https:\/\/www.suno.com.br\/noticias\/#organization\"},\"image\":{\"@id\":\"https:\/\/www.suno.com.br\/noticias\/intel-pode-deixar-fabricar-chips-ceo\/#primaryimage\"},\"thumbnailUrl\":\"https:\/\/files.sunoresearch.com.br\/n\/uploads\/2020\/07\/327b2e93-intel-jpg.webp\",\"keywords\":[\"Intel (ITLC34)\",\"Tecnologia\"],\"articleSection\":[\"Neg\u00f3cios\"],\"inLanguage\":\"pt-BR\"},{\"@type\":\"WebPage\",\"@id\":\"https:\/\/www.suno.com.br\/noticias\/intel-pode-deixar-fabricar-chips-ceo\/\",\"url\":\"https:\/\/www.suno.com.br\/noticias\/intel-pode-deixar-fabricar-chips-ceo\/\",\"name\":\"Intel pode parar de produzir seus pr\u00f3prios chips, diz CEO\",\"isPartOf\":{\"@id\":\"https:\/\/www.suno.com.br\/noticias\/#website\"},\"primaryImageOfPage\":{\"@id\":\"https:\/\/www.suno.com.br\/noticias\/intel-pode-deixar-fabricar-chips-ceo\/#primaryimage\"},\"image\":{\"@id\":\"https:\/\/www.suno.com.br\/noticias\/intel-pode-deixar-fabricar-chips-ceo\/#primaryimage\"},\"thumbnailUrl\":\"https:\/\/files.sunoresearch.com.br\/n\/uploads\/2020\/07\/327b2e93-intel-jpg.webp\",\"datePublished\":\"2020-07-26T19:31:20+00:00\",\"description\":\"O diretor executivo da Intel, Bob Swan, afirmou que pode a companhia parar de fabricar seus pr\u00f3prios chips. Clique para saber mais\",\"breadcrumb\":{\"@id\":\"https:\/\/www.suno.com.br\/noticias\/intel-pode-deixar-fabricar-chips-ceo\/#breadcrumb\"},\"inLanguage\":\"pt-BR\",\"potentialAction\":[{\"@type\":\"ReadAction\",\"target\":[\"https:\/\/www.suno.com.br\/noticias\/intel-pode-deixar-fabricar-chips-ceo\/\"]}]},{\"@type\":\"ImageObject\",\"inLanguage\":\"pt-BR\",\"@id\":\"https:\/\/www.suno.com.br\/noticias\/intel-pode-deixar-fabricar-chips-ceo\/#primaryimage\",\"url\":\"https:\/\/files.sunoresearch.com.br\/n\/uploads\/2020\/07\/327b2e93-intel-jpg.webp\",\"contentUrl\":\"https:\/\/files.sunoresearch.com.br\/n\/uploads\/2020\/07\/327b2e93-intel-jpg.webp\",\"width\":1024,\"height\":683,\"caption\":\"Intel pode parar de produzir seus pr\u00f3prios chips, diz CEO\"},{\"@type\":\"BreadcrumbList\",\"@id\":\"https:\/\/www.suno.com.br\/noticias\/intel-pode-deixar-fabricar-chips-ceo\/#breadcrumb\",\"itemListElement\":[{\"@type\":\"ListItem\",\"position\":1,\"name\":\"Not\u00edcias\",\"item\":\"https:\/\/www.suno.com.br\/noticias\/\"},{\"@type\":\"ListItem\",\"position\":2,\"name\":\"Neg\u00f3cios\",\"item\":\"https:\/\/www.suno.com.br\/noticias\/negocios\/\"},{\"@type\":\"ListItem\",\"position\":3,\"name\":\"Intel pode parar de produzir seus pr\u00f3prios chips, diz CEO\"}]},{\"@type\":\"WebSite\",\"@id\":\"https:\/\/www.suno.com.br\/noticias\/#website\",\"url\":\"https:\/\/www.suno.com.br\/noticias\/\",\"name\":\"Suno Not\u00edcias\",\"description\":\"Seu portal de informa\u00e7\u00e3o sobre o mundo dos investimentos\",\"publisher\":{\"@id\":\"https:\/\/www.suno.com.br\/noticias\/#organization\"},\"potentialAction\":[{\"@type\":\"SearchAction\",\"target\":{\"@type\":\"EntryPoint\",\"urlTemplate\":\"https:\/\/www.suno.com.br\/noticias\/?s={search_term_string}\"},\"query-input\":{\"@type\":\"PropertyValueSpecification\",\"valueRequired\":true,\"valueName\":\"search_term_string\"}}],\"inLanguage\":\"pt-BR\"},{\"@type\":\"Organization\",\"@id\":\"https:\/\/www.suno.com.br\/noticias\/#organization\",\"name\":\"Suno Not\u00edcias\",\"url\":\"https:\/\/www.suno.com.br\/noticias\/\",\"logo\":{\"@type\":\"ImageObject\",\"inLanguage\":\"pt-BR\",\"@id\":\"https:\/\/www.suno.com.br\/noticias\/#\/schema\/logo\/image\/\",\"url\":\"https:\/\/files.sunoresearch.com.br\/n\/uploads\/2021\/09\/suno-logo.png\",\"contentUrl\":\"https:\/\/files.sunoresearch.com.br\/n\/uploads\/2021\/09\/suno-logo.png\",\"width\":180,\"height\":180,\"caption\":\"Suno Not\u00edcias\"},\"image\":{\"@id\":\"https:\/\/www.suno.com.br\/noticias\/#\/schema\/logo\/image\/\"},\"sameAs\":[\"https:\/\/facebook.com\/sunoresearch\",\"https:\/\/x.com\/sunoresearch\",\"https:\/\/www.instagram.com\/suno\",\"https:\/\/www.linkedin.com\/company\/suno-research\/\",\"https:\/\/www.youtube.com\/c\/sunoresearch\"]},{\"@type\":\"Person\",\"@id\":\"https:\/\/www.suno.com.br\/noticias\/#\/schema\/person\/053a750a709a263919a20f976caae91c\",\"name\":\"Arthur Guimar\u00e3es\",\"image\":{\"@type\":\"ImageObject\",\"inLanguage\":\"pt-BR\",\"@id\":\"https:\/\/www.suno.com.br\/noticias\/#\/schema\/person\/image\/\",\"url\":\"https:\/\/secure.gravatar.com\/avatar\/1affd86a11209ae09eb6dd3bcad3e96c?s=96&r=g\",\"contentUrl\":\"https:\/\/secure.gravatar.com\/avatar\/1affd86a11209ae09eb6dd3bcad3e96c?s=96&r=g\",\"caption\":\"Arthur Guimar\u00e3es\"},\"description\":\"Arthur Guimar\u00e3es escreve sobre pol\u00edtica, economia e neg\u00f3cios para o portal de not\u00edcias da Suno Research. Atualmente, \u00e9 estudante de jornalismo pela Faculdade C\u00e1sper L\u00edbero.\",\"url\":\"https:\/\/www.suno.com.br\/noticias\/author\/arthur-guimaraes\/\"}]}<\/script>\n<!-- \/ Yoast SEO plugin. -->","yoast_head_json":{"title":"Intel pode parar de produzir seus pr\u00f3prios chips, diz CEO","description":"O diretor executivo da Intel, Bob Swan, afirmou que pode a companhia parar de fabricar seus pr\u00f3prios chips. Clique para saber mais","robots":{"index":"index","follow":"follow","max-snippet":"max-snippet:-1","max-image-preview":"max-image-preview:large","max-video-preview":"max-video-preview:-1"},"canonical":"https:\/\/www.suno.com.br\/noticias\/intel-pode-deixar-fabricar-chips-ceo\/","og_locale":"pt_BR","og_type":"article","og_title":"Intel pode parar de produzir seus pr\u00f3prios chips, diz CEO","og_description":"O diretor executivo da Intel, Bob Swan, afirmou que pode a companhia parar de fabricar seus pr\u00f3prios chips. Clique para saber mais","og_url":"https:\/\/www.suno.com.br\/noticias\/intel-pode-deixar-fabricar-chips-ceo\/","og_site_name":"Suno Not\u00edcias","article_publisher":"https:\/\/facebook.com\/sunoresearch","og_image":[{"width":1024,"height":683,"url":"https:\/\/files.sunoresearch.com.br\/n\/uploads\/2020\/07\/327b2e93-intel.jpg","type":"image\/jpeg"}],"author":"Arthur Guimar\u00e3es","twitter_card":"summary_large_image","twitter_creator":"@sunoresearch","twitter_site":"@sunoresearch","twitter_misc":{"Escrito por":"Arthur Guimar\u00e3es","Est. tempo de leitura":"2 minutos"},"schema":{"@context":"https:\/\/schema.org","@graph":[{"@type":"NewsArticle","@id":"https:\/\/www.suno.com.br\/noticias\/intel-pode-deixar-fabricar-chips-ceo\/#article","isPartOf":{"@id":"https:\/\/www.suno.com.br\/noticias\/intel-pode-deixar-fabricar-chips-ceo\/"},"author":{"name":"Arthur Guimar\u00e3es","@id":"https:\/\/www.suno.com.br\/noticias\/#\/schema\/person\/053a750a709a263919a20f976caae91c"},"headline":"Intel pode parar de produzir seus pr\u00f3prios chips, diz CEO","datePublished":"2020-07-26T19:31:20+00:00","mainEntityOfPage":{"@id":"https:\/\/www.suno.com.br\/noticias\/intel-pode-deixar-fabricar-chips-ceo\/"},"wordCount":474,"publisher":{"@id":"https:\/\/www.suno.com.br\/noticias\/#organization"},"image":{"@id":"https:\/\/www.suno.com.br\/noticias\/intel-pode-deixar-fabricar-chips-ceo\/#primaryimage"},"thumbnailUrl":"https:\/\/files.sunoresearch.com.br\/n\/uploads\/2020\/07\/327b2e93-intel-jpg.webp","keywords":["Intel (ITLC34)","Tecnologia"],"articleSection":["Neg\u00f3cios"],"inLanguage":"pt-BR"},{"@type":"WebPage","@id":"https:\/\/www.suno.com.br\/noticias\/intel-pode-deixar-fabricar-chips-ceo\/","url":"https:\/\/www.suno.com.br\/noticias\/intel-pode-deixar-fabricar-chips-ceo\/","name":"Intel pode parar de produzir seus pr\u00f3prios chips, diz CEO","isPartOf":{"@id":"https:\/\/www.suno.com.br\/noticias\/#website"},"primaryImageOfPage":{"@id":"https:\/\/www.suno.com.br\/noticias\/intel-pode-deixar-fabricar-chips-ceo\/#primaryimage"},"image":{"@id":"https:\/\/www.suno.com.br\/noticias\/intel-pode-deixar-fabricar-chips-ceo\/#primaryimage"},"thumbnailUrl":"https:\/\/files.sunoresearch.com.br\/n\/uploads\/2020\/07\/327b2e93-intel-jpg.webp","datePublished":"2020-07-26T19:31:20+00:00","description":"O diretor executivo da Intel, Bob Swan, afirmou que pode a companhia parar de fabricar seus pr\u00f3prios chips. Clique para saber mais","breadcrumb":{"@id":"https:\/\/www.suno.com.br\/noticias\/intel-pode-deixar-fabricar-chips-ceo\/#breadcrumb"},"inLanguage":"pt-BR","potentialAction":[{"@type":"ReadAction","target":["https:\/\/www.suno.com.br\/noticias\/intel-pode-deixar-fabricar-chips-ceo\/"]}]},{"@type":"ImageObject","inLanguage":"pt-BR","@id":"https:\/\/www.suno.com.br\/noticias\/intel-pode-deixar-fabricar-chips-ceo\/#primaryimage","url":"https:\/\/files.sunoresearch.com.br\/n\/uploads\/2020\/07\/327b2e93-intel-jpg.webp","contentUrl":"https:\/\/files.sunoresearch.com.br\/n\/uploads\/2020\/07\/327b2e93-intel-jpg.webp","width":1024,"height":683,"caption":"Intel pode parar de produzir seus pr\u00f3prios chips, diz CEO"},{"@type":"BreadcrumbList","@id":"https:\/\/www.suno.com.br\/noticias\/intel-pode-deixar-fabricar-chips-ceo\/#breadcrumb","itemListElement":[{"@type":"ListItem","position":1,"name":"Not\u00edcias","item":"https:\/\/www.suno.com.br\/noticias\/"},{"@type":"ListItem","position":2,"name":"Neg\u00f3cios","item":"https:\/\/www.suno.com.br\/noticias\/negocios\/"},{"@type":"ListItem","position":3,"name":"Intel pode parar de produzir seus pr\u00f3prios chips, diz CEO"}]},{"@type":"WebSite","@id":"https:\/\/www.suno.com.br\/noticias\/#website","url":"https:\/\/www.suno.com.br\/noticias\/","name":"Suno Not\u00edcias","description":"Seu portal de informa\u00e7\u00e3o sobre o mundo dos investimentos","publisher":{"@id":"https:\/\/www.suno.com.br\/noticias\/#organization"},"potentialAction":[{"@type":"SearchAction","target":{"@type":"EntryPoint","urlTemplate":"https:\/\/www.suno.com.br\/noticias\/?s={search_term_string}"},"query-input":{"@type":"PropertyValueSpecification","valueRequired":true,"valueName":"search_term_string"}}],"inLanguage":"pt-BR"},{"@type":"Organization","@id":"https:\/\/www.suno.com.br\/noticias\/#organization","name":"Suno Not\u00edcias","url":"https:\/\/www.suno.com.br\/noticias\/","logo":{"@type":"ImageObject","inLanguage":"pt-BR","@id":"https:\/\/www.suno.com.br\/noticias\/#\/schema\/logo\/image\/","url":"https:\/\/files.sunoresearch.com.br\/n\/uploads\/2021\/09\/suno-logo.png","contentUrl":"https:\/\/files.sunoresearch.com.br\/n\/uploads\/2021\/09\/suno-logo.png","width":180,"height":180,"caption":"Suno Not\u00edcias"},"image":{"@id":"https:\/\/www.suno.com.br\/noticias\/#\/schema\/logo\/image\/"},"sameAs":["https:\/\/facebook.com\/sunoresearch","https:\/\/x.com\/sunoresearch","https:\/\/www.instagram.com\/suno","https:\/\/www.linkedin.com\/company\/suno-research\/","https:\/\/www.youtube.com\/c\/sunoresearch"]},{"@type":"Person","@id":"https:\/\/www.suno.com.br\/noticias\/#\/schema\/person\/053a750a709a263919a20f976caae91c","name":"Arthur Guimar\u00e3es","image":{"@type":"ImageObject","inLanguage":"pt-BR","@id":"https:\/\/www.suno.com.br\/noticias\/#\/schema\/person\/image\/","url":"https:\/\/secure.gravatar.com\/avatar\/1affd86a11209ae09eb6dd3bcad3e96c?s=96&r=g","contentUrl":"https:\/\/secure.gravatar.com\/avatar\/1affd86a11209ae09eb6dd3bcad3e96c?s=96&r=g","caption":"Arthur Guimar\u00e3es"},"description":"Arthur Guimar\u00e3es escreve sobre pol\u00edtica, economia e neg\u00f3cios para o portal de not\u00edcias da Suno Research. Atualmente, \u00e9 estudante de jornalismo pela Faculdade C\u00e1sper L\u00edbero.","url":"https:\/\/www.suno.com.br\/noticias\/author\/arthur-guimaraes\/"}]}},"default_loop_html":"<div class=\"cardsPage__listCard__boxs\"><div class=\"cardsPage__listCard__boxs__img\"><a href=\"https:\/\/www.suno.com.br\/noticias\/intel-pode-deixar-fabricar-chips-ceo\/\"><img class=\"mask\" src=\"https:\/\/www.suno.com.br\/noticias\/wp-content\/themes\/suno\/resources\/images\/spotlight\/spotlight1img\/bg-mask.png\" alt=\"Image Mask\"\/><img src=\"https:\/\/files.sunoresearch.com.br\/n\/uploads\/2020\/07\/327b2e93-intel-400x200.webp\" alt=\"Intel pode parar de produzir seus pr\u00f3prios chips, diz CEO\"\/><\/a><span class=\"spotlightCategory\"><a href=\"https:\/\/www.suno.com.br\/noticias\/negocios\/\">Neg\u00f3cios<\/a><\/span><\/div><div class=\"cardsPage__listCard__boxs__content\"><a href=\"https:\/\/www.suno.com.br\/noticias\/intel-pode-deixar-fabricar-chips-ceo\/\"><h2 class=\"content__title\">Intel pode parar de produzir seus pr\u00f3prios chips, diz CEO<\/h2><\/a><div class=\"newsContent__article__meta\"><div class=\"newsContent__article__meta__authorBox\"><a href=\"https:\/\/www.suno.com.br\/noticias\/author\/arthur-guimaraes\/\" class=\"authorBox__avatar noMobi\"><img src=\"https:\/\/files.sunoresearch.com.br\/n\/uploads\/2020\/02\/dfb40897-eu-150x150.webp\" alt=\"Arthur Guimar\u00e3es\"><\/a><div class=\"authorBox__name\"><span>por\n\t\t\t<a href=\"https:\/\/www.suno.com.br\/noticias\/author\/arthur-guimaraes\/\"><span itemprop=\"author\">Arthur Guimar\u00e3es<\/span><\/a><\/span><time datetime=\"2020-07-26T16:31:20-03:00\" itemprop=\"datePublished\">26\/07\/2020 16:31<\/time><\/div><\/div><\/div><\/div><\/div>","single_layout":"posts","amp_enabled":true,"_links":{"self":[{"href":"https:\/\/www.suno.com.br\/noticias\/wp-json\/wp\/v2\/posts\/74830"}],"collection":[{"href":"https:\/\/www.suno.com.br\/noticias\/wp-json\/wp\/v2\/posts"}],"about":[{"href":"https:\/\/www.suno.com.br\/noticias\/wp-json\/wp\/v2\/types\/post"}],"author":[{"embeddable":true,"href":"https:\/\/www.suno.com.br\/noticias\/wp-json\/wp\/v2\/users\/35"}],"replies":[{"embeddable":true,"href":"https:\/\/www.suno.com.br\/noticias\/wp-json\/wp\/v2\/comments?post=74830"}],"version-history":[{"count":1,"href":"https:\/\/www.suno.com.br\/noticias\/wp-json\/wp\/v2\/posts\/74830\/revisions"}],"predecessor-version":[{"id":149770,"href":"https:\/\/www.suno.com.br\/noticias\/wp-json\/wp\/v2\/posts\/74830\/revisions\/149770"}],"wp:featuredmedia":[{"embeddable":true,"href":"https:\/\/www.suno.com.br\/noticias\/wp-json\/wp\/v2\/media\/74831"}],"wp:attachment":[{"href":"https:\/\/www.suno.com.br\/noticias\/wp-json\/wp\/v2\/media?parent=74830"}],"wp:term":[{"taxonomy":"category","embeddable":true,"href":"https:\/\/www.suno.com.br\/noticias\/wp-json\/wp\/v2\/categories?post=74830"},{"taxonomy":"post_tag","embeddable":true,"href":"https:\/\/www.suno.com.br\/noticias\/wp-json\/wp\/v2\/tags?post=74830"},{"taxonomy":"suno_strategy","embeddable":true,"href":"https:\/\/www.suno.com.br\/noticias\/wp-json\/wp\/v2\/suno_strategy?post=74830"}],"curies":[{"name":"wp","href":"https:\/\/api.w.org\/{rel}","templated":true}]}}