{"id":74820,"date":"2020-07-26T14:39:11","date_gmt":"2020-07-26T17:39:11","guid":{"rendered":"https:\/\/www.suno.com.br\/noticias\/?p=74820"},"modified":"2020-07-26T14:39:11","modified_gmt":"2020-07-26T17:39:11","slug":"rubem-novaes-sinalizou-renuncia-banco-do-brasil-bbas3-maio","status":"publish","type":"post","link":"https:\/\/www.suno.com.br\/noticias\/rubem-novaes-sinalizou-renuncia-banco-do-brasil-bbas3-maio\/","title":{"rendered":"Novaes diz que sinalizou ren\u00fancia do Banco do Brasil (BBAS3) em maio"},"content":{"rendered":"<p>O economista <a href=\"https:\/\/www.suno.com.br\/tudo-sobre\/rubem-novaes\/#:~:text=Trajet%C3%B3ria%20de%20Rubem%20Novaes,acordo%20com%20o%20portal%20G1.&amp;text=Em%201999%2C%20Rubem%20foi%20denunciado,no%20caso%20do%20Banco%20Marka.\">Rubem Novaes<\/a> afirmou ao &#8220;Estad\u00e3o\/Broadcast&#8221; que havia indicado sua vontade deixar o comando do <a href=\"https:\/\/www.suno.com.br\/acoes\/bbas3\/\"><strong>Banco do Brasil <\/strong>(BBAS3)<\/a> ao ministro da Economia, <a href=\"https:\/\/www.suno.com.br\/tudo-sobre\/paulo-guedes\/\">Paulo Guedes<\/a>, no final de maio deste ano.<\/p>\t<div class=\"wrapper-featured-image\">\n\t\t<figure class=\"spotlightImg\">\n\n\t\t\t<picture>\n\t\t\t\t<source media=\"(max-width: 768px)\" srcset=\"https:\/\/files.sunoresearch.com.br\/n\/uploads\/2020\/07\/b01dd263-rubens-novaes-400x200.webp\">\n\t\t\t\t<img loading=\"lazy\" decoding=\"async\" class=\"newsContent__article__imgCapa lazyloadDisabled newsContent__article__imgCapa--noCaption\" src=\"https:\/\/files.sunoresearch.com.br\/n\/uploads\/2020\/07\/b01dd263-rubens-novaes-800x450.webp\" width=\"800\" height=\"450\" alt=\"Novaes diz que sinalizou ren\u00fancia do Banco do Brasil (BBAS3) em maio\" fetchpriority=high \/>\n\t\t\t<\/picture>\n\n\t\t\t<figcaption class=\"wp-caption-text wp-caption-text--hide\">Novaes diz que sinalizou ren\u00fancia do Banco do Brasil (BBAS3) em maio<\/figcaption>\n\t\t<\/figure>\n\t<\/div>\n\n\n\n<p>Dessa forma, o ex-presidente da institui\u00e7\u00e3o financeira garantiu que a decis\u00e3o antecipou a pol\u00eamica envolvendo a publicidade do Banco do Brasil e sites de fake news, que foi parar nos \u00f3rg\u00e3os do Tribunal de Contas da Uni\u00e3o (TCU) e da Controladoria-Geral da Uni\u00e3o (CGU).<\/p>\n<p>\u201cMinha primeira mensagem para o PG [Paulo Guedes] antecede a esta quest\u00e3o do CGU. Simplesmente chegou a hora de sair e dar lugar a algu\u00e9m da gera\u00e7\u00e3o digital\u201d, comunicou Novaes.<\/p>\n<p><a href=\"https:\/\/lp.suno.com.br\/suno-one\/\">Suno One: acesse gratuitamente eBooks, Minicursos, Artigos e Video Aulas sobre investimentos com um \u00fanico cadastro. Clique para saber mais!<\/a><\/p>\n<p>Rubem Novaes, <a href=\"https:\/\/www.suno.com.br\/artigos\/privatizacao\/\">defensor da privatiza\u00e7\u00e3o<\/a> do Banco do Brasil, sempre foi visto como um dos pilares liberais do governo do presidente Jair Bolsonaro. &#8220;Entendendo que a Companhia precisa de renova\u00e7\u00e3o para enfrentar os momentos futuros de muitas inova\u00e7\u00f5es no sistema banc\u00e1rio&#8221;, escreveu em comunicado.<\/p>\n<p>O economista ainda afirmou que pesou a \u201ccultura apodrecida\u201d de Bras\u00edlia. O executivo j\u00e1 havia demonstrado insatisfa\u00e7\u00e3o com a realidade pol\u00edtica local, em live organizada pela Federa\u00e7\u00e3o Brasileira de Bancos (Febraban).<\/p>\n<h2>Novaes renuncia \u00e0 presid\u00eancia do Banco do Brasil<\/h2>\n<p>O presidente do BB entregou entre quarta e quinta-feira da semana passada o pedido de ren\u00fancia ao cargo, entregue ao ministro Paulo Guedes. A decis\u00e3o j\u00e1 foi aprovada por Bolsonaro, no entanto s\u00f3 ter\u00e1 efeito a partir do m\u00eas de agosto deste ano, em data ainda a ser definida.<\/p>\n<p><a href=\"https:\/\/www.suno.com.br\/noticias\/rubem-novaes-renuncia-banco-do-brasil-bbas3\/\">Saiba mais: Rubem Novaes renuncia \u00e0 presid\u00eancia do Banco do Brasil (BBAS3)<\/a><\/p>\n<p>Ex-presidente do <a href=\"https:\/\/www.suno.com.br\/artigos\/bancos-de-desenvolvimento\/\">Banco Nacional de Desenvolvimento Econ\u00f4mico e Social, (BNDES)<\/a>, Rubem Novaes tomou posse do cargo de presidente do <strong>Banco do Brasil<\/strong> em janeiro de 2019, logo ap\u00f3s o Guedes assumir a chefia do Minist\u00e9rio da Economia.<\/p>\n\n","protected":false},"excerpt":{"rendered":"<p>O economista Rubem Novaes afirmou ao &#8220;Estad\u00e3o\/Broadcast&#8221; que havia indicado sua vontade deixar o comando do Banco do Brasil (BBAS3) ao ministro da Economia, Paulo Guedes, no final de maio deste ano. Novaes diz que sinalizou ren\u00fancia do Banco do Brasil (BBAS3) em maio Dessa forma, o ex-presidente da institui\u00e7\u00e3o financeira garantiu que a decis\u00e3o [&hellip;]<\/p>\n","protected":false},"author":35,"featured_media":74822,"comment_status":"closed","ping_status":"closed","sticky":false,"template":"","format":"standard","meta":[],"categories":[64],"tags":[732,796,2391],"suno_strategy":[],"class_list":["post-74820","post","type-post","status-publish","format-standard","has-post-thumbnail","hentry","category-negocios","tag-banco-do-brasil-bbas3","tag-paulo-guedes","tag-rubem-novaes"],"yoast_head":"<!-- This site is optimized with the Yoast SEO plugin v24.4 - https:\/\/yoast.com\/wordpress\/plugins\/seo\/ -->\n<title>Novaes diz que sinalizou ren\u00fancia do Banco do Brasil (BBAS3) em maio<\/title>\n<meta name=\"description\" content=\"Novaes disse ao &quot;Estad\u00e3o\/Broadcast&quot; que havia indicado sua vontade de sair do Banco do Brasil (BBAS3) \u00e0 Guedes em maio. Clique para ver mais\" \/>\n<meta name=\"robots\" content=\"index, follow, max-snippet:-1, max-image-preview:large, max-video-preview:-1\" \/>\n<link rel=\"canonical\" href=\"https:\/\/www.suno.com.br\/noticias\/rubem-novaes-sinalizou-renuncia-banco-do-brasil-bbas3-maio\/\" \/>\n<meta property=\"og:locale\" content=\"pt_BR\" \/>\n<meta property=\"og:type\" content=\"article\" \/>\n<meta property=\"og:title\" content=\"Novaes diz que sinalizou ren\u00fancia do Banco do Brasil (BBAS3) em maio\" \/>\n<meta property=\"og:description\" content=\"Novaes disse ao &quot;Estad\u00e3o\/Broadcast&quot; que havia indicado sua vontade de sair do Banco do Brasil (BBAS3) \u00e0 Guedes em maio. Clique para ver mais\" \/>\n<meta property=\"og:url\" content=\"https:\/\/www.suno.com.br\/noticias\/rubem-novaes-sinalizou-renuncia-banco-do-brasil-bbas3-maio\/\" \/>\n<meta property=\"og:site_name\" content=\"Suno Not\u00edcias\" \/>\n<meta property=\"article:publisher\" content=\"https:\/\/facebook.com\/sunoresearch\" \/>\n<meta property=\"og:image\" content=\"https:\/\/files.sunoresearch.com.br\/n\/uploads\/2020\/07\/b01dd263-rubens-novaes.jpg\" \/>\n\t<meta property=\"og:image:width\" content=\"1024\" \/>\n\t<meta property=\"og:image:height\" content=\"683\" \/>\n\t<meta property=\"og:image:type\" content=\"image\/jpeg\" \/>\n<meta name=\"author\" content=\"Arthur Guimar\u00e3es\" \/>\n<meta name=\"twitter:card\" content=\"summary_large_image\" \/>\n<meta name=\"twitter:creator\" content=\"@sunoresearch\" \/>\n<meta name=\"twitter:site\" content=\"@sunoresearch\" \/>\n<meta name=\"twitter:label1\" content=\"Escrito por\" \/>\n\t<meta name=\"twitter:data1\" content=\"Arthur Guimar\u00e3es\" \/>\n\t<meta name=\"twitter:label2\" content=\"Est. tempo de leitura\" \/>\n\t<meta name=\"twitter:data2\" content=\"2 minutos\" \/>\n<script type=\"application\/ld+json\" class=\"yoast-schema-graph\">{\"@context\":\"https:\/\/schema.org\",\"@graph\":[{\"@type\":\"NewsArticle\",\"@id\":\"https:\/\/www.suno.com.br\/noticias\/rubem-novaes-sinalizou-renuncia-banco-do-brasil-bbas3-maio\/#article\",\"isPartOf\":{\"@id\":\"https:\/\/www.suno.com.br\/noticias\/rubem-novaes-sinalizou-renuncia-banco-do-brasil-bbas3-maio\/\"},\"author\":{\"name\":\"Arthur Guimar\u00e3es\",\"@id\":\"https:\/\/www.suno.com.br\/noticias\/#\/schema\/person\/053a750a709a263919a20f976caae91c\"},\"headline\":\"Novaes diz que sinalizou ren\u00fancia do Banco do Brasil (BBAS3) em maio\",\"datePublished\":\"2020-07-26T17:39:11+00:00\",\"mainEntityOfPage\":{\"@id\":\"https:\/\/www.suno.com.br\/noticias\/rubem-novaes-sinalizou-renuncia-banco-do-brasil-bbas3-maio\/\"},\"wordCount\":352,\"publisher\":{\"@id\":\"https:\/\/www.suno.com.br\/noticias\/#organization\"},\"image\":{\"@id\":\"https:\/\/www.suno.com.br\/noticias\/rubem-novaes-sinalizou-renuncia-banco-do-brasil-bbas3-maio\/#primaryimage\"},\"thumbnailUrl\":\"https:\/\/files.sunoresearch.com.br\/n\/uploads\/2020\/07\/b01dd263-rubens-novaes-jpg.webp\",\"keywords\":[\"Banco do Brasil (BBAS3)\",\"Paulo Guedes\",\"Rubem Novaes\"],\"articleSection\":[\"Neg\u00f3cios\"],\"inLanguage\":\"pt-BR\"},{\"@type\":\"WebPage\",\"@id\":\"https:\/\/www.suno.com.br\/noticias\/rubem-novaes-sinalizou-renuncia-banco-do-brasil-bbas3-maio\/\",\"url\":\"https:\/\/www.suno.com.br\/noticias\/rubem-novaes-sinalizou-renuncia-banco-do-brasil-bbas3-maio\/\",\"name\":\"Novaes diz que sinalizou ren\u00fancia do Banco do Brasil (BBAS3) em maio\",\"isPartOf\":{\"@id\":\"https:\/\/www.suno.com.br\/noticias\/#website\"},\"primaryImageOfPage\":{\"@id\":\"https:\/\/www.suno.com.br\/noticias\/rubem-novaes-sinalizou-renuncia-banco-do-brasil-bbas3-maio\/#primaryimage\"},\"image\":{\"@id\":\"https:\/\/www.suno.com.br\/noticias\/rubem-novaes-sinalizou-renuncia-banco-do-brasil-bbas3-maio\/#primaryimage\"},\"thumbnailUrl\":\"https:\/\/files.sunoresearch.com.br\/n\/uploads\/2020\/07\/b01dd263-rubens-novaes-jpg.webp\",\"datePublished\":\"2020-07-26T17:39:11+00:00\",\"description\":\"Novaes disse ao \\\"Estad\u00e3o\/Broadcast\\\" que havia indicado sua vontade de sair do Banco do Brasil (BBAS3) \u00e0 Guedes em maio. Clique para ver mais\",\"breadcrumb\":{\"@id\":\"https:\/\/www.suno.com.br\/noticias\/rubem-novaes-sinalizou-renuncia-banco-do-brasil-bbas3-maio\/#breadcrumb\"},\"inLanguage\":\"pt-BR\",\"potentialAction\":[{\"@type\":\"ReadAction\",\"target\":[\"https:\/\/www.suno.com.br\/noticias\/rubem-novaes-sinalizou-renuncia-banco-do-brasil-bbas3-maio\/\"]}]},{\"@type\":\"ImageObject\",\"inLanguage\":\"pt-BR\",\"@id\":\"https:\/\/www.suno.com.br\/noticias\/rubem-novaes-sinalizou-renuncia-banco-do-brasil-bbas3-maio\/#primaryimage\",\"url\":\"https:\/\/files.sunoresearch.com.br\/n\/uploads\/2020\/07\/b01dd263-rubens-novaes-jpg.webp\",\"contentUrl\":\"https:\/\/files.sunoresearch.com.br\/n\/uploads\/2020\/07\/b01dd263-rubens-novaes-jpg.webp\",\"width\":1024,\"height\":683,\"caption\":\"Novaes diz que sinalizou ren\u00fancia do Banco do Brasil (BBAS3) em maio\"},{\"@type\":\"BreadcrumbList\",\"@id\":\"https:\/\/www.suno.com.br\/noticias\/rubem-novaes-sinalizou-renuncia-banco-do-brasil-bbas3-maio\/#breadcrumb\",\"itemListElement\":[{\"@type\":\"ListItem\",\"position\":1,\"name\":\"Not\u00edcias\",\"item\":\"https:\/\/www.suno.com.br\/noticias\/\"},{\"@type\":\"ListItem\",\"position\":2,\"name\":\"Neg\u00f3cios\",\"item\":\"https:\/\/www.suno.com.br\/noticias\/negocios\/\"},{\"@type\":\"ListItem\",\"position\":3,\"name\":\"Novaes diz que sinalizou ren\u00fancia do Banco do Brasil (BBAS3) em maio\"}]},{\"@type\":\"WebSite\",\"@id\":\"https:\/\/www.suno.com.br\/noticias\/#website\",\"url\":\"https:\/\/www.suno.com.br\/noticias\/\",\"name\":\"Suno Not\u00edcias\",\"description\":\"Seu portal de informa\u00e7\u00e3o sobre o mundo dos investimentos\",\"publisher\":{\"@id\":\"https:\/\/www.suno.com.br\/noticias\/#organization\"},\"potentialAction\":[{\"@type\":\"SearchAction\",\"target\":{\"@type\":\"EntryPoint\",\"urlTemplate\":\"https:\/\/www.suno.com.br\/noticias\/?s={search_term_string}\"},\"query-input\":{\"@type\":\"PropertyValueSpecification\",\"valueRequired\":true,\"valueName\":\"search_term_string\"}}],\"inLanguage\":\"pt-BR\"},{\"@type\":\"Organization\",\"@id\":\"https:\/\/www.suno.com.br\/noticias\/#organization\",\"name\":\"Suno Not\u00edcias\",\"url\":\"https:\/\/www.suno.com.br\/noticias\/\",\"logo\":{\"@type\":\"ImageObject\",\"inLanguage\":\"pt-BR\",\"@id\":\"https:\/\/www.suno.com.br\/noticias\/#\/schema\/logo\/image\/\",\"url\":\"https:\/\/files.sunoresearch.com.br\/n\/uploads\/2021\/09\/suno-logo.png\",\"contentUrl\":\"https:\/\/files.sunoresearch.com.br\/n\/uploads\/2021\/09\/suno-logo.png\",\"width\":180,\"height\":180,\"caption\":\"Suno Not\u00edcias\"},\"image\":{\"@id\":\"https:\/\/www.suno.com.br\/noticias\/#\/schema\/logo\/image\/\"},\"sameAs\":[\"https:\/\/facebook.com\/sunoresearch\",\"https:\/\/x.com\/sunoresearch\",\"https:\/\/www.instagram.com\/suno\",\"https:\/\/www.linkedin.com\/company\/suno-research\/\",\"https:\/\/www.youtube.com\/c\/sunoresearch\"]},{\"@type\":\"Person\",\"@id\":\"https:\/\/www.suno.com.br\/noticias\/#\/schema\/person\/053a750a709a263919a20f976caae91c\",\"name\":\"Arthur Guimar\u00e3es\",\"image\":{\"@type\":\"ImageObject\",\"inLanguage\":\"pt-BR\",\"@id\":\"https:\/\/www.suno.com.br\/noticias\/#\/schema\/person\/image\/\",\"url\":\"https:\/\/secure.gravatar.com\/avatar\/1affd86a11209ae09eb6dd3bcad3e96c?s=96&r=g\",\"contentUrl\":\"https:\/\/secure.gravatar.com\/avatar\/1affd86a11209ae09eb6dd3bcad3e96c?s=96&r=g\",\"caption\":\"Arthur Guimar\u00e3es\"},\"description\":\"Arthur Guimar\u00e3es escreve sobre pol\u00edtica, economia e neg\u00f3cios para o portal de not\u00edcias da Suno Research. Atualmente, \u00e9 estudante de jornalismo pela Faculdade C\u00e1sper L\u00edbero.\",\"url\":\"https:\/\/www.suno.com.br\/noticias\/author\/arthur-guimaraes\/\"}]}<\/script>\n<!-- \/ Yoast SEO plugin. -->","yoast_head_json":{"title":"Novaes diz que sinalizou ren\u00fancia do Banco do Brasil (BBAS3) em maio","description":"Novaes disse ao \"Estad\u00e3o\/Broadcast\" que havia indicado sua vontade de sair do Banco do Brasil (BBAS3) \u00e0 Guedes em maio. Clique para ver mais","robots":{"index":"index","follow":"follow","max-snippet":"max-snippet:-1","max-image-preview":"max-image-preview:large","max-video-preview":"max-video-preview:-1"},"canonical":"https:\/\/www.suno.com.br\/noticias\/rubem-novaes-sinalizou-renuncia-banco-do-brasil-bbas3-maio\/","og_locale":"pt_BR","og_type":"article","og_title":"Novaes diz que sinalizou ren\u00fancia do Banco do Brasil (BBAS3) em maio","og_description":"Novaes disse ao \"Estad\u00e3o\/Broadcast\" que havia indicado sua vontade de sair do Banco do Brasil (BBAS3) \u00e0 Guedes em maio. Clique para ver mais","og_url":"https:\/\/www.suno.com.br\/noticias\/rubem-novaes-sinalizou-renuncia-banco-do-brasil-bbas3-maio\/","og_site_name":"Suno Not\u00edcias","article_publisher":"https:\/\/facebook.com\/sunoresearch","og_image":[{"width":1024,"height":683,"url":"https:\/\/files.sunoresearch.com.br\/n\/uploads\/2020\/07\/b01dd263-rubens-novaes.jpg","type":"image\/jpeg"}],"author":"Arthur Guimar\u00e3es","twitter_card":"summary_large_image","twitter_creator":"@sunoresearch","twitter_site":"@sunoresearch","twitter_misc":{"Escrito por":"Arthur Guimar\u00e3es","Est. tempo de leitura":"2 minutos"},"schema":{"@context":"https:\/\/schema.org","@graph":[{"@type":"NewsArticle","@id":"https:\/\/www.suno.com.br\/noticias\/rubem-novaes-sinalizou-renuncia-banco-do-brasil-bbas3-maio\/#article","isPartOf":{"@id":"https:\/\/www.suno.com.br\/noticias\/rubem-novaes-sinalizou-renuncia-banco-do-brasil-bbas3-maio\/"},"author":{"name":"Arthur Guimar\u00e3es","@id":"https:\/\/www.suno.com.br\/noticias\/#\/schema\/person\/053a750a709a263919a20f976caae91c"},"headline":"Novaes diz que sinalizou ren\u00fancia do Banco do Brasil (BBAS3) em maio","datePublished":"2020-07-26T17:39:11+00:00","mainEntityOfPage":{"@id":"https:\/\/www.suno.com.br\/noticias\/rubem-novaes-sinalizou-renuncia-banco-do-brasil-bbas3-maio\/"},"wordCount":352,"publisher":{"@id":"https:\/\/www.suno.com.br\/noticias\/#organization"},"image":{"@id":"https:\/\/www.suno.com.br\/noticias\/rubem-novaes-sinalizou-renuncia-banco-do-brasil-bbas3-maio\/#primaryimage"},"thumbnailUrl":"https:\/\/files.sunoresearch.com.br\/n\/uploads\/2020\/07\/b01dd263-rubens-novaes-jpg.webp","keywords":["Banco do Brasil (BBAS3)","Paulo Guedes","Rubem Novaes"],"articleSection":["Neg\u00f3cios"],"inLanguage":"pt-BR"},{"@type":"WebPage","@id":"https:\/\/www.suno.com.br\/noticias\/rubem-novaes-sinalizou-renuncia-banco-do-brasil-bbas3-maio\/","url":"https:\/\/www.suno.com.br\/noticias\/rubem-novaes-sinalizou-renuncia-banco-do-brasil-bbas3-maio\/","name":"Novaes diz que sinalizou ren\u00fancia do Banco do Brasil (BBAS3) em maio","isPartOf":{"@id":"https:\/\/www.suno.com.br\/noticias\/#website"},"primaryImageOfPage":{"@id":"https:\/\/www.suno.com.br\/noticias\/rubem-novaes-sinalizou-renuncia-banco-do-brasil-bbas3-maio\/#primaryimage"},"image":{"@id":"https:\/\/www.suno.com.br\/noticias\/rubem-novaes-sinalizou-renuncia-banco-do-brasil-bbas3-maio\/#primaryimage"},"thumbnailUrl":"https:\/\/files.sunoresearch.com.br\/n\/uploads\/2020\/07\/b01dd263-rubens-novaes-jpg.webp","datePublished":"2020-07-26T17:39:11+00:00","description":"Novaes disse ao \"Estad\u00e3o\/Broadcast\" que havia indicado sua vontade de sair do Banco do Brasil (BBAS3) \u00e0 Guedes em maio. Clique para ver mais","breadcrumb":{"@id":"https:\/\/www.suno.com.br\/noticias\/rubem-novaes-sinalizou-renuncia-banco-do-brasil-bbas3-maio\/#breadcrumb"},"inLanguage":"pt-BR","potentialAction":[{"@type":"ReadAction","target":["https:\/\/www.suno.com.br\/noticias\/rubem-novaes-sinalizou-renuncia-banco-do-brasil-bbas3-maio\/"]}]},{"@type":"ImageObject","inLanguage":"pt-BR","@id":"https:\/\/www.suno.com.br\/noticias\/rubem-novaes-sinalizou-renuncia-banco-do-brasil-bbas3-maio\/#primaryimage","url":"https:\/\/files.sunoresearch.com.br\/n\/uploads\/2020\/07\/b01dd263-rubens-novaes-jpg.webp","contentUrl":"https:\/\/files.sunoresearch.com.br\/n\/uploads\/2020\/07\/b01dd263-rubens-novaes-jpg.webp","width":1024,"height":683,"caption":"Novaes diz que sinalizou ren\u00fancia do Banco do Brasil (BBAS3) em maio"},{"@type":"BreadcrumbList","@id":"https:\/\/www.suno.com.br\/noticias\/rubem-novaes-sinalizou-renuncia-banco-do-brasil-bbas3-maio\/#breadcrumb","itemListElement":[{"@type":"ListItem","position":1,"name":"Not\u00edcias","item":"https:\/\/www.suno.com.br\/noticias\/"},{"@type":"ListItem","position":2,"name":"Neg\u00f3cios","item":"https:\/\/www.suno.com.br\/noticias\/negocios\/"},{"@type":"ListItem","position":3,"name":"Novaes diz que sinalizou ren\u00fancia do Banco do Brasil (BBAS3) em maio"}]},{"@type":"WebSite","@id":"https:\/\/www.suno.com.br\/noticias\/#website","url":"https:\/\/www.suno.com.br\/noticias\/","name":"Suno Not\u00edcias","description":"Seu portal de informa\u00e7\u00e3o sobre o mundo dos investimentos","publisher":{"@id":"https:\/\/www.suno.com.br\/noticias\/#organization"},"potentialAction":[{"@type":"SearchAction","target":{"@type":"EntryPoint","urlTemplate":"https:\/\/www.suno.com.br\/noticias\/?s={search_term_string}"},"query-input":{"@type":"PropertyValueSpecification","valueRequired":true,"valueName":"search_term_string"}}],"inLanguage":"pt-BR"},{"@type":"Organization","@id":"https:\/\/www.suno.com.br\/noticias\/#organization","name":"Suno Not\u00edcias","url":"https:\/\/www.suno.com.br\/noticias\/","logo":{"@type":"ImageObject","inLanguage":"pt-BR","@id":"https:\/\/www.suno.com.br\/noticias\/#\/schema\/logo\/image\/","url":"https:\/\/files.sunoresearch.com.br\/n\/uploads\/2021\/09\/suno-logo.png","contentUrl":"https:\/\/files.sunoresearch.com.br\/n\/uploads\/2021\/09\/suno-logo.png","width":180,"height":180,"caption":"Suno Not\u00edcias"},"image":{"@id":"https:\/\/www.suno.com.br\/noticias\/#\/schema\/logo\/image\/"},"sameAs":["https:\/\/facebook.com\/sunoresearch","https:\/\/x.com\/sunoresearch","https:\/\/www.instagram.com\/suno","https:\/\/www.linkedin.com\/company\/suno-research\/","https:\/\/www.youtube.com\/c\/sunoresearch"]},{"@type":"Person","@id":"https:\/\/www.suno.com.br\/noticias\/#\/schema\/person\/053a750a709a263919a20f976caae91c","name":"Arthur Guimar\u00e3es","image":{"@type":"ImageObject","inLanguage":"pt-BR","@id":"https:\/\/www.suno.com.br\/noticias\/#\/schema\/person\/image\/","url":"https:\/\/secure.gravatar.com\/avatar\/1affd86a11209ae09eb6dd3bcad3e96c?s=96&r=g","contentUrl":"https:\/\/secure.gravatar.com\/avatar\/1affd86a11209ae09eb6dd3bcad3e96c?s=96&r=g","caption":"Arthur Guimar\u00e3es"},"description":"Arthur Guimar\u00e3es escreve sobre pol\u00edtica, economia e neg\u00f3cios para o portal de not\u00edcias da Suno Research. Atualmente, \u00e9 estudante de jornalismo pela Faculdade C\u00e1sper L\u00edbero.","url":"https:\/\/www.suno.com.br\/noticias\/author\/arthur-guimaraes\/"}]}},"default_loop_html":"<div class=\"cardsPage__listCard__boxs\"><div class=\"cardsPage__listCard__boxs__img\"><a href=\"https:\/\/www.suno.com.br\/noticias\/rubem-novaes-sinalizou-renuncia-banco-do-brasil-bbas3-maio\/\"><img class=\"mask\" src=\"https:\/\/www.suno.com.br\/noticias\/wp-content\/themes\/suno\/resources\/images\/spotlight\/spotlight1img\/bg-mask.png\" alt=\"Image Mask\"\/><img src=\"https:\/\/files.sunoresearch.com.br\/n\/uploads\/2020\/07\/b01dd263-rubens-novaes-400x200.webp\" alt=\"Novaes diz que sinalizou ren\u00fancia do Banco do Brasil (BBAS3) em maio\"\/><\/a><span class=\"spotlightCategory\"><a href=\"https:\/\/www.suno.com.br\/noticias\/negocios\/\">Neg\u00f3cios<\/a><\/span><\/div><div class=\"cardsPage__listCard__boxs__content\"><a href=\"https:\/\/www.suno.com.br\/noticias\/rubem-novaes-sinalizou-renuncia-banco-do-brasil-bbas3-maio\/\"><h2 class=\"content__title\">Novaes diz que sinalizou ren\u00fancia do Banco do Brasil (BBAS3) em maio<\/h2><\/a><div class=\"newsContent__article__meta\"><div class=\"newsContent__article__meta__authorBox\"><a href=\"https:\/\/www.suno.com.br\/noticias\/author\/arthur-guimaraes\/\" class=\"authorBox__avatar noMobi\"><img src=\"https:\/\/files.sunoresearch.com.br\/n\/uploads\/2020\/02\/dfb40897-eu-150x150.webp\" alt=\"Arthur Guimar\u00e3es\"><\/a><div class=\"authorBox__name\"><span>por\n\t\t\t<a href=\"https:\/\/www.suno.com.br\/noticias\/author\/arthur-guimaraes\/\"><span itemprop=\"author\">Arthur Guimar\u00e3es<\/span><\/a><\/span><time datetime=\"2020-07-26T14:39:11-03:00\" itemprop=\"datePublished\">26\/07\/2020 14:39<\/time><\/div><\/div><\/div><\/div><\/div>","single_layout":"posts","amp_enabled":true,"_links":{"self":[{"href":"https:\/\/www.suno.com.br\/noticias\/wp-json\/wp\/v2\/posts\/74820"}],"collection":[{"href":"https:\/\/www.suno.com.br\/noticias\/wp-json\/wp\/v2\/posts"}],"about":[{"href":"https:\/\/www.suno.com.br\/noticias\/wp-json\/wp\/v2\/types\/post"}],"author":[{"embeddable":true,"href":"https:\/\/www.suno.com.br\/noticias\/wp-json\/wp\/v2\/users\/35"}],"replies":[{"embeddable":true,"href":"https:\/\/www.suno.com.br\/noticias\/wp-json\/wp\/v2\/comments?post=74820"}],"version-history":[{"count":0,"href":"https:\/\/www.suno.com.br\/noticias\/wp-json\/wp\/v2\/posts\/74820\/revisions"}],"wp:featuredmedia":[{"embeddable":true,"href":"https:\/\/www.suno.com.br\/noticias\/wp-json\/wp\/v2\/media\/74822"}],"wp:attachment":[{"href":"https:\/\/www.suno.com.br\/noticias\/wp-json\/wp\/v2\/media?parent=74820"}],"wp:term":[{"taxonomy":"category","embeddable":true,"href":"https:\/\/www.suno.com.br\/noticias\/wp-json\/wp\/v2\/categories?post=74820"},{"taxonomy":"post_tag","embeddable":true,"href":"https:\/\/www.suno.com.br\/noticias\/wp-json\/wp\/v2\/tags?post=74820"},{"taxonomy":"suno_strategy","embeddable":true,"href":"https:\/\/www.suno.com.br\/noticias\/wp-json\/wp\/v2\/suno_strategy?post=74820"}],"curies":[{"name":"wp","href":"https:\/\/api.w.org\/{rel}","templated":true}]}}