{"id":74815,"date":"2020-07-26T13:34:51","date_gmt":"2020-07-26T16:34:51","guid":{"rendered":"https:\/\/www.suno.com.br\/noticias\/?p=74815"},"modified":"2021-06-13T23:36:11","modified_gmt":"2021-06-14T02:36:11","slug":"moderna-recebe-aporte-us472-vacina","status":"publish","type":"post","link":"https:\/\/www.suno.com.br\/noticias\/moderna-recebe-aporte-us472-vacina\/","title":{"rendered":"Moderna recebe aporte de US$ 472 mi em corrida pela vacina"},"content":{"rendered":"<p>A Moderna (<a href=\"https:\/\/www.suno.com.br\/artigos\/nasdaq\/\">NASDAQ<\/a>: MRNA) anunciou o recebimento de um aporte adicional de at\u00e9 US$ 472 milh\u00f5es (cerca de R$ 2,45 bilh\u00f5es) da Autoridade Biom\u00e9dica de Pesquisa e Desenvolvimento Avan\u00e7ado (Barda, na sigla em ingl\u00eas) para realiza\u00e7\u00e3o dos testes para a <strong>vacina <\/strong>contra a covid-19.<\/p>\t<div class=\"wrapper-featured-image\">\n\t\t<figure class=\"spotlightImg\">\n\n\t\t\t<picture>\n\t\t\t\t<source media=\"(max-width: 768px)\" srcset=\"https:\/\/files.sunoresearch.com.br\/n\/uploads\/2020\/03\/a10df103-vacina-400x200.webp\">\n\t\t\t\t<img loading=\"lazy\" decoding=\"async\" class=\"newsContent__article__imgCapa lazyloadDisabled newsContent__article__imgCapa--noCaption\" src=\"https:\/\/files.sunoresearch.com.br\/n\/uploads\/2020\/03\/a10df103-vacina-jpg.webp\" width=\"800\" height=\"450\" alt=\"Moderna recebe aporte de US$ 472 mi em corrida pela vacina\" fetchpriority=high \/>\n\t\t\t<\/picture>\n\n\t\t\t<figcaption class=\"wp-caption-text wp-caption-text--hide\">O Minist\u00e9rio da Sa\u00fade comunicou que ainda \u00e9 cedo para falar de falhas na vacina<\/figcaption>\n\t\t<\/figure>\n\t<\/div>\n\n\n\n<p>A empresa de biotecnologia iniciar\u00e1 nesta segunda-feira (27) os testes da fase 3 de pesquisas cl\u00ednicas de uma vacina experimental contra o novo coronav\u00edrus, ap\u00f3s recrutar quase 30 mil volunt\u00e1rios na regi\u00e3o de Las Vegas, nos Estados Unidos.<\/p>\n<p>A <strong>Moderna<\/strong> j\u00e1 havia comunicado o recebimento de US$ 483 milh\u00f5es para o financiamento do desenvolvimento de sua vacina. O valor elevou a US$ 955 milh\u00f5es o total de recursos destinados ao projeto.<\/p>\n<p><a href=\"https:\/\/lp.suno.com.br\/suno-one\/\">No Suno One voc\u00ea aprende a fazer seu dinheiro para trabalhar para voc\u00ea. Cadastre-se gratuitamente agora!<\/a><\/p>\n<p>O companhia norte-americana informou, em comunicado, que o aporte adicional foi necess\u00e1rio frente \u00e0 amplia\u00e7\u00e3o da fase 3 de pesquisas cl\u00ednicas.<\/p>\n<p>O imunizante da Moderna \u00e9 um dos mais avan\u00e7ados entre os candidatos na corrida pela vacina contra a covid-19 e utiliza a tecnologia de RNA mensageiro para gerar imunidade.<\/p>\n<h2>Brasil negocia vacina junto \u00e0 Moderna, diz Pazuello<\/h2>\n<p>O ministro interino da Sa\u00fade, general Eduardo Pazuello, afirmou na semana passada que o Brasil mant\u00e9m negocia\u00e7\u00f5es com a empresa de biotecnologia para uma poss\u00edvel compra com prioridade da candidata a vacina.<\/p>\n<p>O chefe da pasta declarou, durante entrevista coletiva no Rio Grande do Sul, que o imunizante da Moderna se soma \u00e0s poss\u00edveis vacinas desenvolvidas pela Universidade de Oxford, no Reino Unido, em parceria com a farmac\u00eautica AstraZeneca, e pela chinesa SinoVac como as mais promissoras contra a doen\u00e7a.<\/p>\n<p><a href=\"https:\/\/www.suno.com.br\/noticias\/moderna-dara-inicio-fase-3-vacina-contra-coronavirus-27-julho\/\">Saiba mais: Moderna dar\u00e1 in\u00edcio a fase 3 da vacina contra coronav\u00edrus em 27 de julho<\/a><\/p>\n<p>Testes da <strong>vacina<\/strong> da Universidade de Oxford, assim como a da SinoVac , j\u00e1 est\u00e3o sendo testadas em volunt\u00e1rios no Brasil em ensaios cl\u00ednicos de Fase 3, \u00faltima antes do registro junto \u00e0s autoridades regulat\u00f3rias.<\/p>\n\n","protected":false},"excerpt":{"rendered":"<p>A Moderna (NASDAQ: MRNA) anunciou o recebimento de um aporte adicional de at\u00e9 US$ 472 milh\u00f5es (cerca de R$ 2,45 bilh\u00f5es) da Autoridade Biom\u00e9dica de Pesquisa e Desenvolvimento Avan\u00e7ado (Barda, na sigla em ingl\u00eas) para realiza\u00e7\u00e3o dos testes para a vacina contra a covid-19. O Minist\u00e9rio da Sa\u00fade comunicou que ainda \u00e9 cedo para falar [&hellip;]<\/p>\n","protected":false},"author":35,"featured_media":59444,"comment_status":"closed","ping_status":"closed","sticky":false,"template":"","format":"standard","meta":[],"categories":[64],"tags":[793,36602,25002],"suno_strategy":[],"class_list":["post-74815","post","type-post","status-publish","format-standard","has-post-thumbnail","hentry","category-negocios","tag-estados-unidos-eua","tag-moderna","tag-vacina"],"yoast_head":"<!-- This site is optimized with the Yoast SEO plugin v24.4 - https:\/\/yoast.com\/wordpress\/plugins\/seo\/ -->\n<title>Moderna recebe aporte de US$ 472 mi em corrida pela vacina<\/title>\n<meta name=\"description\" content=\"A Moderna recebeu um aporte adicional de at\u00e9 US$ 472 milh\u00f5es para o desenvolvimento da vacina contra a covid-19. Clique para saber mais\" \/>\n<meta name=\"robots\" content=\"index, follow, max-snippet:-1, max-image-preview:large, max-video-preview:-1\" \/>\n<link rel=\"canonical\" href=\"https:\/\/www.suno.com.br\/noticias\/moderna-recebe-aporte-us472-vacina\/\" \/>\n<meta property=\"og:locale\" content=\"pt_BR\" \/>\n<meta property=\"og:type\" content=\"article\" \/>\n<meta property=\"og:title\" content=\"Moderna recebe aporte de US$ 472 mi em corrida pela vacina\" \/>\n<meta property=\"og:description\" content=\"A Moderna recebeu um aporte adicional de at\u00e9 US$ 472 milh\u00f5es para o desenvolvimento da vacina contra a covid-19. Clique para saber mais\" \/>\n<meta property=\"og:url\" content=\"https:\/\/www.suno.com.br\/noticias\/moderna-recebe-aporte-us472-vacina\/\" \/>\n<meta property=\"og:site_name\" content=\"Suno Not\u00edcias\" \/>\n<meta property=\"article:publisher\" content=\"https:\/\/facebook.com\/sunoresearch\" \/>\n<meta property=\"og:image\" content=\"https:\/\/files.sunoresearch.com.br\/n\/uploads\/2020\/03\/a10df103-vacina.jpg\" \/>\n\t<meta property=\"og:image:width\" content=\"700\" \/>\n\t<meta property=\"og:image:height\" content=\"466\" \/>\n\t<meta property=\"og:image:type\" content=\"image\/jpeg\" \/>\n<meta name=\"author\" content=\"Arthur Guimar\u00e3es\" \/>\n<meta name=\"twitter:card\" content=\"summary_large_image\" \/>\n<meta name=\"twitter:creator\" content=\"@sunoresearch\" \/>\n<meta name=\"twitter:site\" content=\"@sunoresearch\" \/>\n<meta name=\"twitter:label1\" content=\"Escrito por\" \/>\n\t<meta name=\"twitter:data1\" content=\"Arthur Guimar\u00e3es\" \/>\n\t<meta name=\"twitter:label2\" content=\"Est. tempo de leitura\" \/>\n\t<meta name=\"twitter:data2\" content=\"2 minutos\" \/>\n<script type=\"application\/ld+json\" class=\"yoast-schema-graph\">{\"@context\":\"https:\/\/schema.org\",\"@graph\":[{\"@type\":\"NewsArticle\",\"@id\":\"https:\/\/www.suno.com.br\/noticias\/moderna-recebe-aporte-us472-vacina\/#article\",\"isPartOf\":{\"@id\":\"https:\/\/www.suno.com.br\/noticias\/moderna-recebe-aporte-us472-vacina\/\"},\"author\":{\"name\":\"Arthur Guimar\u00e3es\",\"@id\":\"https:\/\/www.suno.com.br\/noticias\/#\/schema\/person\/053a750a709a263919a20f976caae91c\"},\"headline\":\"Moderna recebe aporte de US$ 472 mi em corrida pela vacina\",\"datePublished\":\"2020-07-26T16:34:51+00:00\",\"dateModified\":\"2021-06-14T02:36:11+00:00\",\"mainEntityOfPage\":{\"@id\":\"https:\/\/www.suno.com.br\/noticias\/moderna-recebe-aporte-us472-vacina\/\"},\"wordCount\":353,\"publisher\":{\"@id\":\"https:\/\/www.suno.com.br\/noticias\/#organization\"},\"image\":{\"@id\":\"https:\/\/www.suno.com.br\/noticias\/moderna-recebe-aporte-us472-vacina\/#primaryimage\"},\"thumbnailUrl\":\"https:\/\/files.sunoresearch.com.br\/n\/uploads\/2020\/03\/a10df103-vacina-jpg.webp\",\"keywords\":[\"Estados Unidos (EUA)\",\"Moderna\",\"vacina\"],\"articleSection\":[\"Neg\u00f3cios\"],\"inLanguage\":\"pt-BR\"},{\"@type\":\"WebPage\",\"@id\":\"https:\/\/www.suno.com.br\/noticias\/moderna-recebe-aporte-us472-vacina\/\",\"url\":\"https:\/\/www.suno.com.br\/noticias\/moderna-recebe-aporte-us472-vacina\/\",\"name\":\"Moderna recebe aporte de US$ 472 mi em corrida pela vacina\",\"isPartOf\":{\"@id\":\"https:\/\/www.suno.com.br\/noticias\/#website\"},\"primaryImageOfPage\":{\"@id\":\"https:\/\/www.suno.com.br\/noticias\/moderna-recebe-aporte-us472-vacina\/#primaryimage\"},\"image\":{\"@id\":\"https:\/\/www.suno.com.br\/noticias\/moderna-recebe-aporte-us472-vacina\/#primaryimage\"},\"thumbnailUrl\":\"https:\/\/files.sunoresearch.com.br\/n\/uploads\/2020\/03\/a10df103-vacina-jpg.webp\",\"datePublished\":\"2020-07-26T16:34:51+00:00\",\"dateModified\":\"2021-06-14T02:36:11+00:00\",\"description\":\"A Moderna recebeu um aporte adicional de at\u00e9 US$ 472 milh\u00f5es para o desenvolvimento da vacina contra a covid-19. Clique para saber mais\",\"breadcrumb\":{\"@id\":\"https:\/\/www.suno.com.br\/noticias\/moderna-recebe-aporte-us472-vacina\/#breadcrumb\"},\"inLanguage\":\"pt-BR\",\"potentialAction\":[{\"@type\":\"ReadAction\",\"target\":[\"https:\/\/www.suno.com.br\/noticias\/moderna-recebe-aporte-us472-vacina\/\"]}]},{\"@type\":\"ImageObject\",\"inLanguage\":\"pt-BR\",\"@id\":\"https:\/\/www.suno.com.br\/noticias\/moderna-recebe-aporte-us472-vacina\/#primaryimage\",\"url\":\"https:\/\/files.sunoresearch.com.br\/n\/uploads\/2020\/03\/a10df103-vacina-jpg.webp\",\"contentUrl\":\"https:\/\/files.sunoresearch.com.br\/n\/uploads\/2020\/03\/a10df103-vacina-jpg.webp\",\"width\":700,\"height\":466,\"caption\":\"O Minist\u00e9rio da Sa\u00fade comunicou que ainda \u00e9 cedo para falar de falhas na vacina\"},{\"@type\":\"BreadcrumbList\",\"@id\":\"https:\/\/www.suno.com.br\/noticias\/moderna-recebe-aporte-us472-vacina\/#breadcrumb\",\"itemListElement\":[{\"@type\":\"ListItem\",\"position\":1,\"name\":\"Not\u00edcias\",\"item\":\"https:\/\/www.suno.com.br\/noticias\/\"},{\"@type\":\"ListItem\",\"position\":2,\"name\":\"Neg\u00f3cios\",\"item\":\"https:\/\/www.suno.com.br\/noticias\/negocios\/\"},{\"@type\":\"ListItem\",\"position\":3,\"name\":\"Moderna recebe aporte de US$ 472 mi em corrida pela vacina\"}]},{\"@type\":\"WebSite\",\"@id\":\"https:\/\/www.suno.com.br\/noticias\/#website\",\"url\":\"https:\/\/www.suno.com.br\/noticias\/\",\"name\":\"Suno Not\u00edcias\",\"description\":\"Seu portal de informa\u00e7\u00e3o sobre o mundo dos investimentos\",\"publisher\":{\"@id\":\"https:\/\/www.suno.com.br\/noticias\/#organization\"},\"potentialAction\":[{\"@type\":\"SearchAction\",\"target\":{\"@type\":\"EntryPoint\",\"urlTemplate\":\"https:\/\/www.suno.com.br\/noticias\/?s={search_term_string}\"},\"query-input\":{\"@type\":\"PropertyValueSpecification\",\"valueRequired\":true,\"valueName\":\"search_term_string\"}}],\"inLanguage\":\"pt-BR\"},{\"@type\":\"Organization\",\"@id\":\"https:\/\/www.suno.com.br\/noticias\/#organization\",\"name\":\"Suno Not\u00edcias\",\"url\":\"https:\/\/www.suno.com.br\/noticias\/\",\"logo\":{\"@type\":\"ImageObject\",\"inLanguage\":\"pt-BR\",\"@id\":\"https:\/\/www.suno.com.br\/noticias\/#\/schema\/logo\/image\/\",\"url\":\"https:\/\/files.sunoresearch.com.br\/n\/uploads\/2021\/09\/suno-logo.png\",\"contentUrl\":\"https:\/\/files.sunoresearch.com.br\/n\/uploads\/2021\/09\/suno-logo.png\",\"width\":180,\"height\":180,\"caption\":\"Suno Not\u00edcias\"},\"image\":{\"@id\":\"https:\/\/www.suno.com.br\/noticias\/#\/schema\/logo\/image\/\"},\"sameAs\":[\"https:\/\/facebook.com\/sunoresearch\",\"https:\/\/x.com\/sunoresearch\",\"https:\/\/www.instagram.com\/suno\",\"https:\/\/www.linkedin.com\/company\/suno-research\/\",\"https:\/\/www.youtube.com\/c\/sunoresearch\"]},{\"@type\":\"Person\",\"@id\":\"https:\/\/www.suno.com.br\/noticias\/#\/schema\/person\/053a750a709a263919a20f976caae91c\",\"name\":\"Arthur Guimar\u00e3es\",\"image\":{\"@type\":\"ImageObject\",\"inLanguage\":\"pt-BR\",\"@id\":\"https:\/\/www.suno.com.br\/noticias\/#\/schema\/person\/image\/\",\"url\":\"https:\/\/secure.gravatar.com\/avatar\/1affd86a11209ae09eb6dd3bcad3e96c?s=96&r=g\",\"contentUrl\":\"https:\/\/secure.gravatar.com\/avatar\/1affd86a11209ae09eb6dd3bcad3e96c?s=96&r=g\",\"caption\":\"Arthur Guimar\u00e3es\"},\"description\":\"Arthur Guimar\u00e3es escreve sobre pol\u00edtica, economia e neg\u00f3cios para o portal de not\u00edcias da Suno Research. Atualmente, \u00e9 estudante de jornalismo pela Faculdade C\u00e1sper L\u00edbero.\",\"url\":\"https:\/\/www.suno.com.br\/noticias\/author\/arthur-guimaraes\/\"}]}<\/script>\n<!-- \/ Yoast SEO plugin. -->","yoast_head_json":{"title":"Moderna recebe aporte de US$ 472 mi em corrida pela vacina","description":"A Moderna recebeu um aporte adicional de at\u00e9 US$ 472 milh\u00f5es para o desenvolvimento da vacina contra a covid-19. Clique para saber mais","robots":{"index":"index","follow":"follow","max-snippet":"max-snippet:-1","max-image-preview":"max-image-preview:large","max-video-preview":"max-video-preview:-1"},"canonical":"https:\/\/www.suno.com.br\/noticias\/moderna-recebe-aporte-us472-vacina\/","og_locale":"pt_BR","og_type":"article","og_title":"Moderna recebe aporte de US$ 472 mi em corrida pela vacina","og_description":"A Moderna recebeu um aporte adicional de at\u00e9 US$ 472 milh\u00f5es para o desenvolvimento da vacina contra a covid-19. Clique para saber mais","og_url":"https:\/\/www.suno.com.br\/noticias\/moderna-recebe-aporte-us472-vacina\/","og_site_name":"Suno Not\u00edcias","article_publisher":"https:\/\/facebook.com\/sunoresearch","og_image":[{"width":700,"height":466,"url":"https:\/\/files.sunoresearch.com.br\/n\/uploads\/2020\/03\/a10df103-vacina.jpg","type":"image\/jpeg"}],"author":"Arthur Guimar\u00e3es","twitter_card":"summary_large_image","twitter_creator":"@sunoresearch","twitter_site":"@sunoresearch","twitter_misc":{"Escrito por":"Arthur Guimar\u00e3es","Est. tempo de leitura":"2 minutos"},"schema":{"@context":"https:\/\/schema.org","@graph":[{"@type":"NewsArticle","@id":"https:\/\/www.suno.com.br\/noticias\/moderna-recebe-aporte-us472-vacina\/#article","isPartOf":{"@id":"https:\/\/www.suno.com.br\/noticias\/moderna-recebe-aporte-us472-vacina\/"},"author":{"name":"Arthur Guimar\u00e3es","@id":"https:\/\/www.suno.com.br\/noticias\/#\/schema\/person\/053a750a709a263919a20f976caae91c"},"headline":"Moderna recebe aporte de US$ 472 mi em corrida pela vacina","datePublished":"2020-07-26T16:34:51+00:00","dateModified":"2021-06-14T02:36:11+00:00","mainEntityOfPage":{"@id":"https:\/\/www.suno.com.br\/noticias\/moderna-recebe-aporte-us472-vacina\/"},"wordCount":353,"publisher":{"@id":"https:\/\/www.suno.com.br\/noticias\/#organization"},"image":{"@id":"https:\/\/www.suno.com.br\/noticias\/moderna-recebe-aporte-us472-vacina\/#primaryimage"},"thumbnailUrl":"https:\/\/files.sunoresearch.com.br\/n\/uploads\/2020\/03\/a10df103-vacina-jpg.webp","keywords":["Estados Unidos (EUA)","Moderna","vacina"],"articleSection":["Neg\u00f3cios"],"inLanguage":"pt-BR"},{"@type":"WebPage","@id":"https:\/\/www.suno.com.br\/noticias\/moderna-recebe-aporte-us472-vacina\/","url":"https:\/\/www.suno.com.br\/noticias\/moderna-recebe-aporte-us472-vacina\/","name":"Moderna recebe aporte de US$ 472 mi em corrida pela vacina","isPartOf":{"@id":"https:\/\/www.suno.com.br\/noticias\/#website"},"primaryImageOfPage":{"@id":"https:\/\/www.suno.com.br\/noticias\/moderna-recebe-aporte-us472-vacina\/#primaryimage"},"image":{"@id":"https:\/\/www.suno.com.br\/noticias\/moderna-recebe-aporte-us472-vacina\/#primaryimage"},"thumbnailUrl":"https:\/\/files.sunoresearch.com.br\/n\/uploads\/2020\/03\/a10df103-vacina-jpg.webp","datePublished":"2020-07-26T16:34:51+00:00","dateModified":"2021-06-14T02:36:11+00:00","description":"A Moderna recebeu um aporte adicional de at\u00e9 US$ 472 milh\u00f5es para o desenvolvimento da vacina contra a covid-19. Clique para saber mais","breadcrumb":{"@id":"https:\/\/www.suno.com.br\/noticias\/moderna-recebe-aporte-us472-vacina\/#breadcrumb"},"inLanguage":"pt-BR","potentialAction":[{"@type":"ReadAction","target":["https:\/\/www.suno.com.br\/noticias\/moderna-recebe-aporte-us472-vacina\/"]}]},{"@type":"ImageObject","inLanguage":"pt-BR","@id":"https:\/\/www.suno.com.br\/noticias\/moderna-recebe-aporte-us472-vacina\/#primaryimage","url":"https:\/\/files.sunoresearch.com.br\/n\/uploads\/2020\/03\/a10df103-vacina-jpg.webp","contentUrl":"https:\/\/files.sunoresearch.com.br\/n\/uploads\/2020\/03\/a10df103-vacina-jpg.webp","width":700,"height":466,"caption":"O Minist\u00e9rio da Sa\u00fade comunicou que ainda \u00e9 cedo para falar de falhas na vacina"},{"@type":"BreadcrumbList","@id":"https:\/\/www.suno.com.br\/noticias\/moderna-recebe-aporte-us472-vacina\/#breadcrumb","itemListElement":[{"@type":"ListItem","position":1,"name":"Not\u00edcias","item":"https:\/\/www.suno.com.br\/noticias\/"},{"@type":"ListItem","position":2,"name":"Neg\u00f3cios","item":"https:\/\/www.suno.com.br\/noticias\/negocios\/"},{"@type":"ListItem","position":3,"name":"Moderna recebe aporte de US$ 472 mi em corrida pela vacina"}]},{"@type":"WebSite","@id":"https:\/\/www.suno.com.br\/noticias\/#website","url":"https:\/\/www.suno.com.br\/noticias\/","name":"Suno Not\u00edcias","description":"Seu portal de informa\u00e7\u00e3o sobre o mundo dos investimentos","publisher":{"@id":"https:\/\/www.suno.com.br\/noticias\/#organization"},"potentialAction":[{"@type":"SearchAction","target":{"@type":"EntryPoint","urlTemplate":"https:\/\/www.suno.com.br\/noticias\/?s={search_term_string}"},"query-input":{"@type":"PropertyValueSpecification","valueRequired":true,"valueName":"search_term_string"}}],"inLanguage":"pt-BR"},{"@type":"Organization","@id":"https:\/\/www.suno.com.br\/noticias\/#organization","name":"Suno Not\u00edcias","url":"https:\/\/www.suno.com.br\/noticias\/","logo":{"@type":"ImageObject","inLanguage":"pt-BR","@id":"https:\/\/www.suno.com.br\/noticias\/#\/schema\/logo\/image\/","url":"https:\/\/files.sunoresearch.com.br\/n\/uploads\/2021\/09\/suno-logo.png","contentUrl":"https:\/\/files.sunoresearch.com.br\/n\/uploads\/2021\/09\/suno-logo.png","width":180,"height":180,"caption":"Suno Not\u00edcias"},"image":{"@id":"https:\/\/www.suno.com.br\/noticias\/#\/schema\/logo\/image\/"},"sameAs":["https:\/\/facebook.com\/sunoresearch","https:\/\/x.com\/sunoresearch","https:\/\/www.instagram.com\/suno","https:\/\/www.linkedin.com\/company\/suno-research\/","https:\/\/www.youtube.com\/c\/sunoresearch"]},{"@type":"Person","@id":"https:\/\/www.suno.com.br\/noticias\/#\/schema\/person\/053a750a709a263919a20f976caae91c","name":"Arthur Guimar\u00e3es","image":{"@type":"ImageObject","inLanguage":"pt-BR","@id":"https:\/\/www.suno.com.br\/noticias\/#\/schema\/person\/image\/","url":"https:\/\/secure.gravatar.com\/avatar\/1affd86a11209ae09eb6dd3bcad3e96c?s=96&r=g","contentUrl":"https:\/\/secure.gravatar.com\/avatar\/1affd86a11209ae09eb6dd3bcad3e96c?s=96&r=g","caption":"Arthur Guimar\u00e3es"},"description":"Arthur Guimar\u00e3es escreve sobre pol\u00edtica, economia e neg\u00f3cios para o portal de not\u00edcias da Suno Research. Atualmente, \u00e9 estudante de jornalismo pela Faculdade C\u00e1sper L\u00edbero.","url":"https:\/\/www.suno.com.br\/noticias\/author\/arthur-guimaraes\/"}]}},"default_loop_html":"<div class=\"cardsPage__listCard__boxs\"><div class=\"cardsPage__listCard__boxs__img\"><a href=\"https:\/\/www.suno.com.br\/noticias\/moderna-recebe-aporte-us472-vacina\/\"><img class=\"mask\" src=\"https:\/\/www.suno.com.br\/noticias\/wp-content\/themes\/suno\/resources\/images\/spotlight\/spotlight1img\/bg-mask.png\" alt=\"Image Mask\"\/><img src=\"https:\/\/files.sunoresearch.com.br\/n\/uploads\/2020\/03\/a10df103-vacina-400x200.webp\" alt=\"Moderna recebe aporte de US$ 472 mi em corrida pela vacina\"\/><\/a><span class=\"spotlightCategory\"><a href=\"https:\/\/www.suno.com.br\/noticias\/negocios\/\">Neg\u00f3cios<\/a><\/span><\/div><div class=\"cardsPage__listCard__boxs__content\"><a href=\"https:\/\/www.suno.com.br\/noticias\/moderna-recebe-aporte-us472-vacina\/\"><h2 class=\"content__title\">Moderna recebe aporte de US$ 472 mi em corrida pela vacina<\/h2><\/a><div class=\"newsContent__article__meta\"><div class=\"newsContent__article__meta__authorBox\"><a href=\"https:\/\/www.suno.com.br\/noticias\/author\/arthur-guimaraes\/\" class=\"authorBox__avatar noMobi\"><img src=\"https:\/\/files.sunoresearch.com.br\/n\/uploads\/2020\/02\/dfb40897-eu-150x150.webp\" alt=\"Arthur Guimar\u00e3es\"><\/a><div class=\"authorBox__name\"><span>por\n\t\t\t<a href=\"https:\/\/www.suno.com.br\/noticias\/author\/arthur-guimaraes\/\"><span itemprop=\"author\">Arthur Guimar\u00e3es<\/span><\/a><\/span><time datetime=\"2020-07-26T13:34:51-03:00\" itemprop=\"datePublished\">26\/07\/2020 13:34<\/time><\/div><\/div><\/div><\/div><\/div>","single_layout":"posts","amp_enabled":true,"_links":{"self":[{"href":"https:\/\/www.suno.com.br\/noticias\/wp-json\/wp\/v2\/posts\/74815"}],"collection":[{"href":"https:\/\/www.suno.com.br\/noticias\/wp-json\/wp\/v2\/posts"}],"about":[{"href":"https:\/\/www.suno.com.br\/noticias\/wp-json\/wp\/v2\/types\/post"}],"author":[{"embeddable":true,"href":"https:\/\/www.suno.com.br\/noticias\/wp-json\/wp\/v2\/users\/35"}],"replies":[{"embeddable":true,"href":"https:\/\/www.suno.com.br\/noticias\/wp-json\/wp\/v2\/comments?post=74815"}],"version-history":[{"count":1,"href":"https:\/\/www.suno.com.br\/noticias\/wp-json\/wp\/v2\/posts\/74815\/revisions"}],"predecessor-version":[{"id":156985,"href":"https:\/\/www.suno.com.br\/noticias\/wp-json\/wp\/v2\/posts\/74815\/revisions\/156985"}],"wp:featuredmedia":[{"embeddable":true,"href":"https:\/\/www.suno.com.br\/noticias\/wp-json\/wp\/v2\/media\/59444"}],"wp:attachment":[{"href":"https:\/\/www.suno.com.br\/noticias\/wp-json\/wp\/v2\/media?parent=74815"}],"wp:term":[{"taxonomy":"category","embeddable":true,"href":"https:\/\/www.suno.com.br\/noticias\/wp-json\/wp\/v2\/categories?post=74815"},{"taxonomy":"post_tag","embeddable":true,"href":"https:\/\/www.suno.com.br\/noticias\/wp-json\/wp\/v2\/tags?post=74815"},{"taxonomy":"suno_strategy","embeddable":true,"href":"https:\/\/www.suno.com.br\/noticias\/wp-json\/wp\/v2\/suno_strategy?post=74815"}],"curies":[{"name":"wp","href":"https:\/\/api.w.org\/{rel}","templated":true}]}}