{"id":74785,"date":"2020-07-25T10:08:31","date_gmt":"2020-07-25T13:08:31","guid":{"rendered":"https:\/\/www.suno.com.br\/noticias\/?p=74785"},"modified":"2021-06-24T14:52:52","modified_gmt":"2021-06-24T17:52:52","slug":"justica-solta-fundador-qualicorp-qual3-jose-seripieri","status":"publish","type":"post","link":"https:\/\/www.suno.com.br\/noticias\/justica-solta-fundador-qualicorp-qual3-jose-seripieri\/","title":{"rendered":"Justi\u00e7a solta fundador da Qualicorp (QUAL3), Jos\u00e9 Seripieri"},"content":{"rendered":"<p>O juiz Marco Antonio Martin Vargas, da 1\u00b0 Zona Eleitoral de S\u00e3o Paulo, mandou soltar o fundador e ex-presidente da <a href=\"https:\/\/www.suno.com.br\/acoes\/qual3\/\"><strong>Qualicorp<\/strong> (QUAL3)<\/a>, Jos\u00e9 Seripieri Filho, nessa sexta-feira (24), a pedidos de Celso Vilardi, advogado do empres\u00e1rio, antecipando o fim das pris\u00e3o tempor\u00e1ria que era de 5 dias, prorrog\u00e1veis por mais 5 dias.<\/p>\t<div class=\"wrapper-featured-image\">\n\t\t<figure class=\"spotlightImg\">\n\n\t\t\t<picture>\n\t\t\t\t<source media=\"(max-width: 768px)\" srcset=\"https:\/\/files.sunoresearch.com.br\/n\/uploads\/2018\/10\/114c489c-jos\u00e9-seripieri-filho-400x200.webp\">\n\t\t\t\t<img loading=\"lazy\" decoding=\"async\" class=\"newsContent__article__imgCapa lazyloadDisabled newsContent__article__imgCapa--noCaption\" src=\"https:\/\/files.sunoresearch.com.br\/n\/uploads\/2018\/10\/114c489c-jos\u00e9-seripieri-filho-jpg.webp\" width=\"800\" height=\"450\" alt=\"Justi\u00e7a solta fundador da Qualicorp (QUAL3), Jos\u00e9 Seripieri\" fetchpriority=high \/>\n\t\t\t<\/picture>\n\n\t\t\t<figcaption class=\"wp-caption-text wp-caption-text--hide\">Jos\u00e9 Seripieri, fundador da Qualicorp (QUAL3)<\/figcaption>\n\t\t<\/figure>\n\t<\/div>\n\n\n\n<p>O fundador da Qualicorp foi preso na manh\u00e3 da \u00faltima ter\u00e7a-feira (21), em uma opera\u00e7\u00e3o da Pol\u00edcia Federal (PF) e do Minist\u00e9rio P\u00fablico Eleitoral (MPE) por suspeitas de doa\u00e7\u00f5es irregulares de R$ 5 milh\u00f5es para a campanha do senador <strong>Jos\u00e9 Serra<\/strong> (PSDB-SP), em 2014.<\/p>\n<p>Vargas salientou que a pris\u00e3o tempor\u00e1ria teve o objetivo de garantir o interrogat\u00f3rio, bem como a &#8220;produ\u00e7\u00e3o de elementos de informa\u00e7\u00e3o sem contamina\u00e7\u00e3o de elementos indici\u00e1rios, tendo em vista o significativo poder de influ\u00eancia dos investigados sobre eventuais testemunhas e demais indiv\u00edduos envolvidos, bem como a possibilidade de dilapida\u00e7\u00e3o patrimonial&#8221;.<\/p>\n<p><a href=\"https:\/\/lp.suno.com.br\/suno-one\/\">No Suno One voc\u00ea aprende a fazer seu dinheiro para trabalhar para voc\u00ea. Cadastre-se gratuitamente agora!<\/a><\/p>\n<p>Vale destacar que <strong>Jos\u00e9 Seripieri<\/strong> j\u00e1 foi interrogado. &#8220;E, uma vez realizados os interrogat\u00f3rios, a pris\u00e3o tempor\u00e1ria dos investigados deixa de consistir em medida imprescind\u00edvel a continuidade das investiga\u00e7\u00f5es conduzidas no Inqu\u00e9rito Policial, circunst\u00e2ncia que afasta, por ora, o requisito&#8221;, explica a decis\u00e3o.<\/p>\n<p>Por sua vez, <strong>Vilardi<\/strong> considera a pris\u00e3o injustificada e declarou em nota: &#8220;menos mal que sua soltura tenha sido antecipada&#8221;.<\/p>\n<p>Procurado pelo <strong>SUNO Not\u00edcias<\/strong>, quando o empres\u00e1rio foi preso, Vilardi, criticou a pris\u00e3o.<\/p>\n<p>&#8220;\u00c9 injustific\u00e1vel a decreta\u00e7\u00e3o de pris\u00e3o tempor\u00e1ria de Jos\u00e9 Seripieri Filho. Os fatos investigados ocorreram em 2014, h\u00e1 seis anos portanto, n\u00e3o havendo qualquer motivo que justificasse uma medida t\u00e3o extremada. Os colaboradores mencionados no Inqu\u00e9rito n\u00e3o acusam Seripieri de ter feito doa\u00e7\u00f5es n\u00e3o contabilizadas. Relatam que ele fez um mero pedido de doa\u00e7\u00e3o em favor de <strong>Jos\u00e9 Serra<\/strong> e que a decis\u00e3o de fazer a doa\u00e7\u00e3o, assim como a forma eleita, foi decis\u00e3o de um dos colaboradores. Portanto, n\u00e3o h\u00e1 qualquer raz\u00e3o ou fato, ainda que se considere a dela\u00e7\u00e3o como prova (o que os Tribunais j\u00e1 recha\u00e7aram in\u00fameras vezes), que justifique medidas t\u00e3o graves&#8221;, disse.<\/p>\n<p><a href=\"https:\/\/www.suno.com.br\/noticias\/weg-dispara-balanco-qualicorp-despenca-2o-dia-seguido\/\">Veja tamb\u00e9m: WEG (WEGE3) dispara ap\u00f3s balan\u00e7o; Qualicorp despenca pelo 2\u00ba dia consecutivo<\/a><\/p>\n<p>A <strong>Qualicorp<\/strong> tamb\u00e9m se manifestou sobre o caso.\u00a0\u201cA companhia, em linha com o fato relevante divulgado nesta data, informa que houve busca e apreens\u00e3o em sua sede administrativa e que a nova administra\u00e7\u00e3o da empresa far\u00e1 uma apura\u00e7\u00e3o completa dos fatos narrados nas not\u00edcias divulgadas na imprensa e est\u00e1 colaborando com as autoridades p\u00fablicas competentes&#8221;, disse, em nota.<\/p>\n<p>O gabinete e o apartamento de Jos\u00e9 Serra em Bras\u00edlia foram alvo de busca e apreens\u00e3o.\u00a0Seripieri tamb\u00e9m foi alvo de um mandado de busca e apreens\u00e3o em sua casa, de acordo com o portal &#8220;G1&#8221;.<\/p>\n<h2>Ex-diretor de empresa da Qualicorp\u00a0 admite caixa 2 em dela\u00e7\u00e3o<\/h2>\n<p>O ex-diretor da Alian\u00e7a, empresa da Qualicorp (QUAL3), <strong>Elon Gomes de Almeida<\/strong>, admitiu o pagamento de cerca de R$ 5 milh\u00f5es para o caixa dois \u00e0 campanha do senador Jos\u00e9 Serra (PSDB-SP) em 2014. As informa\u00e7\u00f5es s\u00e3o do jornal &#8220;O Globo&#8221;.<\/p>\n<p>Almeida, que era diretor-presidente da empresa da Qualicorp\u00a0 respons\u00e1veis pelo setor de planos de sa\u00fade, fechou acordo de dela\u00e7\u00e3o premiada com a Justi\u00e7a Eleitoral de S\u00e3o Paulo.<\/p>\n<p><a href=\"https:\/\/www.suno.com.br\/noticias\/qualicorp-qual3-fundador-e-preso-em-operacao-da-policia-federal\/\">Saiba mais: Empres\u00e1rio fundador da Qualicorp \u00e9 preso em opera\u00e7\u00e3o da PF<\/a><\/p>\n<p>A dela\u00e7\u00e3o, segundo o jornal, foi base para a opera\u00e7\u00e3o da Pol\u00edcia Federal (PF) e do Minist\u00e9rio P\u00fablico Eleitoral (MPE) que<a href=\"https:\/\/www.suno.com.br\/noticias\/qualicorp-qual3-fundador-e-preso-em-operacao-da-policia-federal\/\"> prendeu o\u00a0fundador e ex-presidente da <strong>Qualicorp<\/strong>, Jos\u00e9 Seripieri J\u00fanior<\/a>, nessa ter\u00e7a-feira.<\/p>\n\n","protected":false},"excerpt":{"rendered":"<p>O juiz Marco Antonio Martin Vargas, da 1\u00b0 Zona Eleitoral de S\u00e3o Paulo, mandou soltar o fundador e ex-presidente da Qualicorp (QUAL3), Jos\u00e9 Seripieri Filho, nessa sexta-feira (24), a pedidos de Celso Vilardi, advogado do empres\u00e1rio, antecipando o fim das pris\u00e3o tempor\u00e1ria que era de 5 dias, prorrog\u00e1veis por mais 5 dias. Jos\u00e9 Seripieri, fundador [&hellip;]<\/p>\n","protected":false},"author":39,"featured_media":5043,"comment_status":"closed","ping_status":"closed","sticky":false,"template":"","format":"standard","meta":[],"categories":[64],"tags":[105340,611],"suno_strategy":[],"class_list":["post-74785","post","type-post","status-publish","format-standard","has-post-thumbnail","hentry","category-negocios","tag-jose-seripieri-filho","tag-qualicorp-qual3"],"yoast_head":"<!-- This site is optimized with the Yoast SEO plugin v24.4 - https:\/\/yoast.com\/wordpress\/plugins\/seo\/ -->\n<title>Justi\u00e7a solta fundador da Qualicorp (QUAL3), Jos\u00e9 Seripieri<\/title>\n<meta name=\"description\" content=\"Justi\u00e7a manda soltar o fundador e ex-presidente da Qualicorp (QUAL3), Jos\u00e9 Seripieri Filho, nessa sexta-feira. Clique aqui para saber mais.\" \/>\n<meta name=\"robots\" content=\"index, follow, max-snippet:-1, max-image-preview:large, max-video-preview:-1\" \/>\n<link rel=\"canonical\" href=\"https:\/\/www.suno.com.br\/noticias\/justica-solta-fundador-qualicorp-qual3-jose-seripieri\/\" \/>\n<meta property=\"og:locale\" content=\"pt_BR\" \/>\n<meta property=\"og:type\" content=\"article\" \/>\n<meta property=\"og:title\" content=\"Justi\u00e7a solta fundador da Qualicorp (QUAL3), Jos\u00e9 Seripieri\" \/>\n<meta property=\"og:description\" content=\"Justi\u00e7a manda soltar o fundador e ex-presidente da Qualicorp (QUAL3), Jos\u00e9 Seripieri Filho, nessa sexta-feira. Clique aqui para saber mais.\" \/>\n<meta property=\"og:url\" content=\"https:\/\/www.suno.com.br\/noticias\/justica-solta-fundador-qualicorp-qual3-jose-seripieri\/\" \/>\n<meta property=\"og:site_name\" content=\"Suno Not\u00edcias\" \/>\n<meta property=\"article:publisher\" content=\"https:\/\/facebook.com\/sunoresearch\" \/>\n<meta property=\"og:image\" content=\"https:\/\/files.sunoresearch.com.br\/n\/uploads\/2018\/10\/114c489c-jos\u00e9-seripieri-filho.jpg\" \/>\n\t<meta property=\"og:image:width\" content=\"600\" \/>\n\t<meta property=\"og:image:height\" content=\"412\" \/>\n\t<meta property=\"og:image:type\" content=\"image\/jpeg\" \/>\n<meta name=\"author\" content=\"Laura Moutinho\" \/>\n<meta name=\"twitter:card\" content=\"summary_large_image\" \/>\n<meta name=\"twitter:creator\" content=\"@sunoresearch\" \/>\n<meta name=\"twitter:site\" content=\"@sunoresearch\" \/>\n<meta name=\"twitter:label1\" content=\"Escrito por\" \/>\n\t<meta name=\"twitter:data1\" content=\"Laura Moutinho\" \/>\n\t<meta name=\"twitter:label2\" content=\"Est. tempo de leitura\" \/>\n\t<meta name=\"twitter:data2\" content=\"3 minutos\" \/>\n<script type=\"application\/ld+json\" class=\"yoast-schema-graph\">{\"@context\":\"https:\/\/schema.org\",\"@graph\":[{\"@type\":\"NewsArticle\",\"@id\":\"https:\/\/www.suno.com.br\/noticias\/justica-solta-fundador-qualicorp-qual3-jose-seripieri\/#article\",\"isPartOf\":{\"@id\":\"https:\/\/www.suno.com.br\/noticias\/justica-solta-fundador-qualicorp-qual3-jose-seripieri\/\"},\"author\":{\"name\":\"Laura Moutinho\",\"@id\":\"https:\/\/www.suno.com.br\/noticias\/#\/schema\/person\/3df0d2808748b74496efe5dbeaef2c72\"},\"headline\":\"Justi\u00e7a solta fundador da Qualicorp (QUAL3), Jos\u00e9 Seripieri\",\"datePublished\":\"2020-07-25T13:08:31+00:00\",\"dateModified\":\"2021-06-24T17:52:52+00:00\",\"mainEntityOfPage\":{\"@id\":\"https:\/\/www.suno.com.br\/noticias\/justica-solta-fundador-qualicorp-qual3-jose-seripieri\/\"},\"wordCount\":664,\"publisher\":{\"@id\":\"https:\/\/www.suno.com.br\/noticias\/#organization\"},\"image\":{\"@id\":\"https:\/\/www.suno.com.br\/noticias\/justica-solta-fundador-qualicorp-qual3-jose-seripieri\/#primaryimage\"},\"thumbnailUrl\":\"https:\/\/files.sunoresearch.com.br\/n\/uploads\/2018\/10\/114c489c-jos\u00e9-seripieri-filho-jpg.webp\",\"keywords\":[\"Jos\u00e9 Seripieri Filho\",\"Qualicorp (QUAL3)\"],\"articleSection\":[\"Neg\u00f3cios\"],\"inLanguage\":\"pt-BR\"},{\"@type\":\"WebPage\",\"@id\":\"https:\/\/www.suno.com.br\/noticias\/justica-solta-fundador-qualicorp-qual3-jose-seripieri\/\",\"url\":\"https:\/\/www.suno.com.br\/noticias\/justica-solta-fundador-qualicorp-qual3-jose-seripieri\/\",\"name\":\"Justi\u00e7a solta fundador da Qualicorp (QUAL3), Jos\u00e9 Seripieri\",\"isPartOf\":{\"@id\":\"https:\/\/www.suno.com.br\/noticias\/#website\"},\"primaryImageOfPage\":{\"@id\":\"https:\/\/www.suno.com.br\/noticias\/justica-solta-fundador-qualicorp-qual3-jose-seripieri\/#primaryimage\"},\"image\":{\"@id\":\"https:\/\/www.suno.com.br\/noticias\/justica-solta-fundador-qualicorp-qual3-jose-seripieri\/#primaryimage\"},\"thumbnailUrl\":\"https:\/\/files.sunoresearch.com.br\/n\/uploads\/2018\/10\/114c489c-jos\u00e9-seripieri-filho-jpg.webp\",\"datePublished\":\"2020-07-25T13:08:31+00:00\",\"dateModified\":\"2021-06-24T17:52:52+00:00\",\"description\":\"Justi\u00e7a manda soltar o fundador e ex-presidente da Qualicorp (QUAL3), Jos\u00e9 Seripieri Filho, nessa sexta-feira. Clique aqui para saber mais.\",\"breadcrumb\":{\"@id\":\"https:\/\/www.suno.com.br\/noticias\/justica-solta-fundador-qualicorp-qual3-jose-seripieri\/#breadcrumb\"},\"inLanguage\":\"pt-BR\",\"potentialAction\":[{\"@type\":\"ReadAction\",\"target\":[\"https:\/\/www.suno.com.br\/noticias\/justica-solta-fundador-qualicorp-qual3-jose-seripieri\/\"]}]},{\"@type\":\"ImageObject\",\"inLanguage\":\"pt-BR\",\"@id\":\"https:\/\/www.suno.com.br\/noticias\/justica-solta-fundador-qualicorp-qual3-jose-seripieri\/#primaryimage\",\"url\":\"https:\/\/files.sunoresearch.com.br\/n\/uploads\/2018\/10\/114c489c-jos\u00e9-seripieri-filho-jpg.webp\",\"contentUrl\":\"https:\/\/files.sunoresearch.com.br\/n\/uploads\/2018\/10\/114c489c-jos\u00e9-seripieri-filho-jpg.webp\",\"width\":600,\"height\":412,\"caption\":\"Jos\u00e9 Seripieri, fundador da Qualicorp (QUAL3)\"},{\"@type\":\"BreadcrumbList\",\"@id\":\"https:\/\/www.suno.com.br\/noticias\/justica-solta-fundador-qualicorp-qual3-jose-seripieri\/#breadcrumb\",\"itemListElement\":[{\"@type\":\"ListItem\",\"position\":1,\"name\":\"Not\u00edcias\",\"item\":\"https:\/\/www.suno.com.br\/noticias\/\"},{\"@type\":\"ListItem\",\"position\":2,\"name\":\"Neg\u00f3cios\",\"item\":\"https:\/\/www.suno.com.br\/noticias\/negocios\/\"},{\"@type\":\"ListItem\",\"position\":3,\"name\":\"Justi\u00e7a solta fundador da Qualicorp (QUAL3), Jos\u00e9 Seripieri\"}]},{\"@type\":\"WebSite\",\"@id\":\"https:\/\/www.suno.com.br\/noticias\/#website\",\"url\":\"https:\/\/www.suno.com.br\/noticias\/\",\"name\":\"Suno Not\u00edcias\",\"description\":\"Seu portal de informa\u00e7\u00e3o sobre o mundo dos investimentos\",\"publisher\":{\"@id\":\"https:\/\/www.suno.com.br\/noticias\/#organization\"},\"potentialAction\":[{\"@type\":\"SearchAction\",\"target\":{\"@type\":\"EntryPoint\",\"urlTemplate\":\"https:\/\/www.suno.com.br\/noticias\/?s={search_term_string}\"},\"query-input\":{\"@type\":\"PropertyValueSpecification\",\"valueRequired\":true,\"valueName\":\"search_term_string\"}}],\"inLanguage\":\"pt-BR\"},{\"@type\":\"Organization\",\"@id\":\"https:\/\/www.suno.com.br\/noticias\/#organization\",\"name\":\"Suno Not\u00edcias\",\"url\":\"https:\/\/www.suno.com.br\/noticias\/\",\"logo\":{\"@type\":\"ImageObject\",\"inLanguage\":\"pt-BR\",\"@id\":\"https:\/\/www.suno.com.br\/noticias\/#\/schema\/logo\/image\/\",\"url\":\"https:\/\/files.sunoresearch.com.br\/n\/uploads\/2021\/09\/suno-logo.png\",\"contentUrl\":\"https:\/\/files.sunoresearch.com.br\/n\/uploads\/2021\/09\/suno-logo.png\",\"width\":180,\"height\":180,\"caption\":\"Suno Not\u00edcias\"},\"image\":{\"@id\":\"https:\/\/www.suno.com.br\/noticias\/#\/schema\/logo\/image\/\"},\"sameAs\":[\"https:\/\/facebook.com\/sunoresearch\",\"https:\/\/x.com\/sunoresearch\",\"https:\/\/www.instagram.com\/suno\",\"https:\/\/www.linkedin.com\/company\/suno-research\/\",\"https:\/\/www.youtube.com\/c\/sunoresearch\"]},{\"@type\":\"Person\",\"@id\":\"https:\/\/www.suno.com.br\/noticias\/#\/schema\/person\/3df0d2808748b74496efe5dbeaef2c72\",\"name\":\"Laura Moutinho\",\"image\":{\"@type\":\"ImageObject\",\"inLanguage\":\"pt-BR\",\"@id\":\"https:\/\/www.suno.com.br\/noticias\/#\/schema\/person\/image\/\",\"url\":\"https:\/\/secure.gravatar.com\/avatar\/7571c7c8ca3a6fca5e41384ece5557ff?s=96&r=g\",\"contentUrl\":\"https:\/\/secure.gravatar.com\/avatar\/7571c7c8ca3a6fca5e41384ece5557ff?s=96&r=g\",\"caption\":\"Laura Moutinho\"},\"description\":\"Estagi\u00e1ria na Suno Not\u00edcias, escreve not\u00edcias que afetam o mercado financeiro. Estuda administra\u00e7\u00e3o na Universidade Presbiteriana Mackenzie.\",\"url\":\"https:\/\/www.suno.com.br\/noticias\/author\/laura-moutinho\/\"}]}<\/script>\n<!-- \/ Yoast SEO plugin. -->","yoast_head_json":{"title":"Justi\u00e7a solta fundador da Qualicorp (QUAL3), Jos\u00e9 Seripieri","description":"Justi\u00e7a manda soltar o fundador e ex-presidente da Qualicorp (QUAL3), Jos\u00e9 Seripieri Filho, nessa sexta-feira. Clique aqui para saber mais.","robots":{"index":"index","follow":"follow","max-snippet":"max-snippet:-1","max-image-preview":"max-image-preview:large","max-video-preview":"max-video-preview:-1"},"canonical":"https:\/\/www.suno.com.br\/noticias\/justica-solta-fundador-qualicorp-qual3-jose-seripieri\/","og_locale":"pt_BR","og_type":"article","og_title":"Justi\u00e7a solta fundador da Qualicorp (QUAL3), Jos\u00e9 Seripieri","og_description":"Justi\u00e7a manda soltar o fundador e ex-presidente da Qualicorp (QUAL3), Jos\u00e9 Seripieri Filho, nessa sexta-feira. Clique aqui para saber mais.","og_url":"https:\/\/www.suno.com.br\/noticias\/justica-solta-fundador-qualicorp-qual3-jose-seripieri\/","og_site_name":"Suno Not\u00edcias","article_publisher":"https:\/\/facebook.com\/sunoresearch","og_image":[{"width":600,"height":412,"url":"https:\/\/files.sunoresearch.com.br\/n\/uploads\/2018\/10\/114c489c-jos\u00e9-seripieri-filho.jpg","type":"image\/jpeg"}],"author":"Laura Moutinho","twitter_card":"summary_large_image","twitter_creator":"@sunoresearch","twitter_site":"@sunoresearch","twitter_misc":{"Escrito por":"Laura Moutinho","Est. tempo de leitura":"3 minutos"},"schema":{"@context":"https:\/\/schema.org","@graph":[{"@type":"NewsArticle","@id":"https:\/\/www.suno.com.br\/noticias\/justica-solta-fundador-qualicorp-qual3-jose-seripieri\/#article","isPartOf":{"@id":"https:\/\/www.suno.com.br\/noticias\/justica-solta-fundador-qualicorp-qual3-jose-seripieri\/"},"author":{"name":"Laura Moutinho","@id":"https:\/\/www.suno.com.br\/noticias\/#\/schema\/person\/3df0d2808748b74496efe5dbeaef2c72"},"headline":"Justi\u00e7a solta fundador da Qualicorp (QUAL3), Jos\u00e9 Seripieri","datePublished":"2020-07-25T13:08:31+00:00","dateModified":"2021-06-24T17:52:52+00:00","mainEntityOfPage":{"@id":"https:\/\/www.suno.com.br\/noticias\/justica-solta-fundador-qualicorp-qual3-jose-seripieri\/"},"wordCount":664,"publisher":{"@id":"https:\/\/www.suno.com.br\/noticias\/#organization"},"image":{"@id":"https:\/\/www.suno.com.br\/noticias\/justica-solta-fundador-qualicorp-qual3-jose-seripieri\/#primaryimage"},"thumbnailUrl":"https:\/\/files.sunoresearch.com.br\/n\/uploads\/2018\/10\/114c489c-jos\u00e9-seripieri-filho-jpg.webp","keywords":["Jos\u00e9 Seripieri Filho","Qualicorp (QUAL3)"],"articleSection":["Neg\u00f3cios"],"inLanguage":"pt-BR"},{"@type":"WebPage","@id":"https:\/\/www.suno.com.br\/noticias\/justica-solta-fundador-qualicorp-qual3-jose-seripieri\/","url":"https:\/\/www.suno.com.br\/noticias\/justica-solta-fundador-qualicorp-qual3-jose-seripieri\/","name":"Justi\u00e7a solta fundador da Qualicorp (QUAL3), Jos\u00e9 Seripieri","isPartOf":{"@id":"https:\/\/www.suno.com.br\/noticias\/#website"},"primaryImageOfPage":{"@id":"https:\/\/www.suno.com.br\/noticias\/justica-solta-fundador-qualicorp-qual3-jose-seripieri\/#primaryimage"},"image":{"@id":"https:\/\/www.suno.com.br\/noticias\/justica-solta-fundador-qualicorp-qual3-jose-seripieri\/#primaryimage"},"thumbnailUrl":"https:\/\/files.sunoresearch.com.br\/n\/uploads\/2018\/10\/114c489c-jos\u00e9-seripieri-filho-jpg.webp","datePublished":"2020-07-25T13:08:31+00:00","dateModified":"2021-06-24T17:52:52+00:00","description":"Justi\u00e7a manda soltar o fundador e ex-presidente da Qualicorp (QUAL3), Jos\u00e9 Seripieri Filho, nessa sexta-feira. Clique aqui para saber mais.","breadcrumb":{"@id":"https:\/\/www.suno.com.br\/noticias\/justica-solta-fundador-qualicorp-qual3-jose-seripieri\/#breadcrumb"},"inLanguage":"pt-BR","potentialAction":[{"@type":"ReadAction","target":["https:\/\/www.suno.com.br\/noticias\/justica-solta-fundador-qualicorp-qual3-jose-seripieri\/"]}]},{"@type":"ImageObject","inLanguage":"pt-BR","@id":"https:\/\/www.suno.com.br\/noticias\/justica-solta-fundador-qualicorp-qual3-jose-seripieri\/#primaryimage","url":"https:\/\/files.sunoresearch.com.br\/n\/uploads\/2018\/10\/114c489c-jos\u00e9-seripieri-filho-jpg.webp","contentUrl":"https:\/\/files.sunoresearch.com.br\/n\/uploads\/2018\/10\/114c489c-jos\u00e9-seripieri-filho-jpg.webp","width":600,"height":412,"caption":"Jos\u00e9 Seripieri, fundador da Qualicorp (QUAL3)"},{"@type":"BreadcrumbList","@id":"https:\/\/www.suno.com.br\/noticias\/justica-solta-fundador-qualicorp-qual3-jose-seripieri\/#breadcrumb","itemListElement":[{"@type":"ListItem","position":1,"name":"Not\u00edcias","item":"https:\/\/www.suno.com.br\/noticias\/"},{"@type":"ListItem","position":2,"name":"Neg\u00f3cios","item":"https:\/\/www.suno.com.br\/noticias\/negocios\/"},{"@type":"ListItem","position":3,"name":"Justi\u00e7a solta fundador da Qualicorp (QUAL3), Jos\u00e9 Seripieri"}]},{"@type":"WebSite","@id":"https:\/\/www.suno.com.br\/noticias\/#website","url":"https:\/\/www.suno.com.br\/noticias\/","name":"Suno Not\u00edcias","description":"Seu portal de informa\u00e7\u00e3o sobre o mundo dos investimentos","publisher":{"@id":"https:\/\/www.suno.com.br\/noticias\/#organization"},"potentialAction":[{"@type":"SearchAction","target":{"@type":"EntryPoint","urlTemplate":"https:\/\/www.suno.com.br\/noticias\/?s={search_term_string}"},"query-input":{"@type":"PropertyValueSpecification","valueRequired":true,"valueName":"search_term_string"}}],"inLanguage":"pt-BR"},{"@type":"Organization","@id":"https:\/\/www.suno.com.br\/noticias\/#organization","name":"Suno Not\u00edcias","url":"https:\/\/www.suno.com.br\/noticias\/","logo":{"@type":"ImageObject","inLanguage":"pt-BR","@id":"https:\/\/www.suno.com.br\/noticias\/#\/schema\/logo\/image\/","url":"https:\/\/files.sunoresearch.com.br\/n\/uploads\/2021\/09\/suno-logo.png","contentUrl":"https:\/\/files.sunoresearch.com.br\/n\/uploads\/2021\/09\/suno-logo.png","width":180,"height":180,"caption":"Suno Not\u00edcias"},"image":{"@id":"https:\/\/www.suno.com.br\/noticias\/#\/schema\/logo\/image\/"},"sameAs":["https:\/\/facebook.com\/sunoresearch","https:\/\/x.com\/sunoresearch","https:\/\/www.instagram.com\/suno","https:\/\/www.linkedin.com\/company\/suno-research\/","https:\/\/www.youtube.com\/c\/sunoresearch"]},{"@type":"Person","@id":"https:\/\/www.suno.com.br\/noticias\/#\/schema\/person\/3df0d2808748b74496efe5dbeaef2c72","name":"Laura Moutinho","image":{"@type":"ImageObject","inLanguage":"pt-BR","@id":"https:\/\/www.suno.com.br\/noticias\/#\/schema\/person\/image\/","url":"https:\/\/secure.gravatar.com\/avatar\/7571c7c8ca3a6fca5e41384ece5557ff?s=96&r=g","contentUrl":"https:\/\/secure.gravatar.com\/avatar\/7571c7c8ca3a6fca5e41384ece5557ff?s=96&r=g","caption":"Laura Moutinho"},"description":"Estagi\u00e1ria na Suno Not\u00edcias, escreve not\u00edcias que afetam o mercado financeiro. Estuda administra\u00e7\u00e3o na Universidade Presbiteriana Mackenzie.","url":"https:\/\/www.suno.com.br\/noticias\/author\/laura-moutinho\/"}]}},"default_loop_html":"<div class=\"cardsPage__listCard__boxs\"><div class=\"cardsPage__listCard__boxs__img\"><a href=\"https:\/\/www.suno.com.br\/noticias\/justica-solta-fundador-qualicorp-qual3-jose-seripieri\/\"><img class=\"mask\" src=\"https:\/\/www.suno.com.br\/noticias\/wp-content\/themes\/suno\/resources\/images\/spotlight\/spotlight1img\/bg-mask.png\" alt=\"Image Mask\"\/><img src=\"https:\/\/files.sunoresearch.com.br\/n\/uploads\/2018\/10\/114c489c-jos\u00e9-seripieri-filho-400x200.webp\" alt=\"Justi\u00e7a solta fundador da Qualicorp (QUAL3), Jos\u00e9 Seripieri\"\/><\/a><span class=\"spotlightCategory\"><a href=\"https:\/\/www.suno.com.br\/noticias\/negocios\/\">Neg\u00f3cios<\/a><\/span><\/div><div class=\"cardsPage__listCard__boxs__content\"><a href=\"https:\/\/www.suno.com.br\/noticias\/justica-solta-fundador-qualicorp-qual3-jose-seripieri\/\"><h2 class=\"content__title\">Justi\u00e7a solta fundador da Qualicorp (QUAL3), Jos\u00e9 Seripieri<\/h2><\/a><div class=\"newsContent__article__meta\"><div class=\"newsContent__article__meta__authorBox\"><a href=\"https:\/\/www.suno.com.br\/noticias\/author\/laura-moutinho\/\" class=\"authorBox__avatar noMobi\"><img src=\"https:\/\/files.sunoresearch.com.br\/n\/uploads\/2020\/08\/531ff69d-whatsapp-image-2020-08-03-at-14.54.38-150x150.webp\" alt=\"Laura Moutinho\"><\/a><div class=\"authorBox__name\"><span>por\n\t\t\t<a href=\"https:\/\/www.suno.com.br\/noticias\/author\/laura-moutinho\/\"><span itemprop=\"author\">Laura Moutinho<\/span><\/a><\/span><time datetime=\"2020-07-25T10:08:31-03:00\" itemprop=\"datePublished\">25\/07\/2020 10:08<\/time><\/div><\/div><\/div><\/div><\/div>","single_layout":"posts","amp_enabled":true,"_links":{"self":[{"href":"https:\/\/www.suno.com.br\/noticias\/wp-json\/wp\/v2\/posts\/74785"}],"collection":[{"href":"https:\/\/www.suno.com.br\/noticias\/wp-json\/wp\/v2\/posts"}],"about":[{"href":"https:\/\/www.suno.com.br\/noticias\/wp-json\/wp\/v2\/types\/post"}],"author":[{"embeddable":true,"href":"https:\/\/www.suno.com.br\/noticias\/wp-json\/wp\/v2\/users\/39"}],"replies":[{"embeddable":true,"href":"https:\/\/www.suno.com.br\/noticias\/wp-json\/wp\/v2\/comments?post=74785"}],"version-history":[{"count":1,"href":"https:\/\/www.suno.com.br\/noticias\/wp-json\/wp\/v2\/posts\/74785\/revisions"}],"predecessor-version":[{"id":160967,"href":"https:\/\/www.suno.com.br\/noticias\/wp-json\/wp\/v2\/posts\/74785\/revisions\/160967"}],"wp:featuredmedia":[{"embeddable":true,"href":"https:\/\/www.suno.com.br\/noticias\/wp-json\/wp\/v2\/media\/5043"}],"wp:attachment":[{"href":"https:\/\/www.suno.com.br\/noticias\/wp-json\/wp\/v2\/media?parent=74785"}],"wp:term":[{"taxonomy":"category","embeddable":true,"href":"https:\/\/www.suno.com.br\/noticias\/wp-json\/wp\/v2\/categories?post=74785"},{"taxonomy":"post_tag","embeddable":true,"href":"https:\/\/www.suno.com.br\/noticias\/wp-json\/wp\/v2\/tags?post=74785"},{"taxonomy":"suno_strategy","embeddable":true,"href":"https:\/\/www.suno.com.br\/noticias\/wp-json\/wp\/v2\/suno_strategy?post=74785"}],"curies":[{"name":"wp","href":"https:\/\/api.w.org\/{rel}","templated":true}]}}