{"id":74773,"date":"2020-07-24T21:42:11","date_gmt":"2020-07-25T00:42:11","guid":{"rendered":"https:\/\/www.suno.com.br\/noticias\/?p=74773"},"modified":"2021-06-13T23:40:54","modified_gmt":"2021-06-14T02:40:54","slug":"multiplan-vende-torre-corporativa-brcr11","status":"publish","type":"post","link":"https:\/\/www.suno.com.br\/noticias\/multiplan-vende-torre-corporativa-brcr11\/","title":{"rendered":"Multiplan (MULT3) vende torre comercial em SP \u00e0 BRCR11 por R$ 810 mi"},"content":{"rendered":"<p>A <a href=\"https:\/\/www.suno.com.br\/acoes\/mult3\/\"><strong>Multiplan<\/strong> (MULT3)<\/a> comunicou nesta sexta-feira (24) a conclus\u00e3o da venda do edif\u00edcio Diamond Tower para o Fundo Imobili\u00e1rio BTG Pactual Corporate Office Fund (BRCR11), por R$ 810 milh\u00f5es.<\/p>\t<div class=\"wrapper-featured-image\">\n\t\t<figure class=\"spotlightImg\">\n\n\t\t\t<picture>\n\t\t\t\t<source media=\"(max-width: 768px)\" srcset=\"https:\/\/files.sunoresearch.com.br\/n\/uploads\/2020\/07\/07f67ee4-edif\u00edcio-diamond-tower-400x200.webp\">\n\t\t\t\t<img loading=\"lazy\" decoding=\"async\" class=\"newsContent__article__imgCapa lazyloadDisabled newsContent__article__imgCapa--noCaption\" src=\"https:\/\/files.sunoresearch.com.br\/n\/uploads\/2020\/07\/07f67ee4-edif\u00edcio-diamond-tower-800x450.webp\" width=\"800\" height=\"450\" alt=\"Multiplan (MULT3) vende torre comercial em SP \u00e0 BRCR11 por R$ 810 mi\" fetchpriority=high \/>\n\t\t\t<\/picture>\n\n\t\t\t<figcaption class=\"wp-caption-text wp-caption-text--hide\">BRCR11<\/figcaption>\n\t\t<\/figure>\n\t<\/div>\n\n\n\n<p>A opera\u00e7\u00e3o considera ainda a renda m\u00ednima mensal garantida de R$ 4,9 milh\u00f5es, durante o per\u00edodo de 24 meses posteriores, limitados ao complemento total de at\u00e9 R$ 22 milh\u00f5es pela Multiplan ao longo deste per\u00edodo.<\/p>\n<p>A companhia mant\u00e9m o im\u00f3vel de 37,3 mil metros quadrados de \u00e1rea bruta loc\u00e1vel (ABL) relacionados \u00e0 totalidade da torre de escrit\u00f3rios Golden Tower, e \u00e0 Plaza Gourmet, \u00e1rea de restaurantes, no mesmo complexo em S\u00e3o Paulo (SP). A empresa tamb\u00e9m seguir\u00e1 como administradora de toda a propriedade.<\/p>\n<p><a href=\"https:\/\/lp.suno.com.br\/suno-one\/\">Suno One: acesse gratuitamente eBooks, Minicursos, Artigos e Video Aulas sobre investimentos com um \u00fanico cadastro. Clique para saber mais!<\/a><\/p>\n<h2>Multiplan retoma opera\u00e7\u00f5es no Jundia\u00edShopping<\/h2>\n<p>A Multiplan ainda informou que retomou as atividades do Jundia\u00edShopping, localizado no interior de S\u00e3o Paulo nesta sexta-feira. As opera\u00e7\u00f5es foram recobradas em hor\u00e1rios de funcionamento reduzido e seguindo as orienta\u00e7\u00f5es de prote\u00e7\u00e3o e seguran\u00e7a das autoridades locais, comunicou a empresa.<\/p>\n<p><a href=\"https:\/\/www.suno.com.br\/noticias\/multiplan-mult3-nao-comprara-fatia-adicional-no-ribeiraoshopping\/\">Saiba mais: Multiplan (MULT3) n\u00e3o comprar\u00e1 fatia adicional no Ribeir\u00e3oShopping<\/a><\/p>\n<p>A companhia havia informado na \u00faltima segunda-feira (20) que tamb\u00e9m retomou a opera\u00e7\u00e3o do Parque Shopping Macei\u00f3, baseado na capital alagoana, o \u00fanico empreendimento da empresa localizado no regi\u00e3o Nordeste.<\/p>\n<p>Com isso, dos 18 shoppings que administra, 12 est\u00e3o de portas abertas ap\u00f3s a suspens\u00e3o tempor\u00e1ria: o <em>MorumbiShopping<\/em>, o <em>ShoppingVilaOl\u00edmpia<\/em> e o <em>ShoppingAn\u00e1liaFranco<\/em>, em S\u00e3o Paulo (SP); o <em>Jundia\u00edShopping<\/em>, em Jundia\u00ed (SP); o <em>ParkShoppingS\u00e3oCaetano<\/em>, em S\u00e3o Caetano do Sul (SP); o <em>BarraShopping<\/em>, o <em>NewYorkCityCenter<\/em>, o <em>VillageMall<\/em> e o <em>ParkShoppingCampoGrande<\/em> no Rio de Janeiro (RJ); o <em>ParkShopping<\/em>, em Bras\u00edlia (DF); o <em>ParkShoppingBarig\u00fci<\/em>, em Curitiba (PR); e o <em>Parque Shopping Macei\u00f3<\/em>, em Macei\u00f3 (AL), segundo informa\u00e7\u00f5es veiculadas em seu site.<\/p>\n<p>Al\u00e9m disso, outras duas torres comerciais da <strong>Multiplan<\/strong> ainda est\u00e3o em processo de loca\u00e7\u00e3o e um shopping em constru\u00e7\u00e3o.<\/p>\n\n","protected":false},"excerpt":{"rendered":"<p>A Multiplan (MULT3) comunicou nesta sexta-feira (24) a conclus\u00e3o da venda do edif\u00edcio Diamond Tower para o Fundo Imobili\u00e1rio BTG Pactual Corporate Office Fund (BRCR11), por R$ 810 milh\u00f5es. BRCR11 A opera\u00e7\u00e3o considera ainda a renda m\u00ednima mensal garantida de R$ 4,9 milh\u00f5es, durante o per\u00edodo de 24 meses posteriores, limitados ao complemento total de [&hellip;]<\/p>\n","protected":false},"author":35,"featured_media":74779,"comment_status":"closed","ping_status":"closed","sticky":false,"template":"","format":"standard","meta":[],"categories":[64],"tags":[1904,570,1050],"suno_strategy":[],"class_list":["post-74773","post","type-post","status-publish","format-standard","has-post-thumbnail","hentry","category-negocios","tag-mercado-imobiliario","tag-multiplan-mult3","tag-shopping-center"],"yoast_head":"<!-- This site is optimized with the Yoast SEO plugin v24.4 - https:\/\/yoast.com\/wordpress\/plugins\/seo\/ -->\n<title>Multiplan (MULT3) vende torre comercial em SP \u00e0 BRCR11 por R$ 810 mi<\/title>\n<meta name=\"description\" content=\"A Multiplan (MULT3) concluiu a venda do Diamond Tower para o Fundo Imobili\u00e1rio BTG Pactual Corporate Office Fund. Clique para saber mais\" \/>\n<meta name=\"robots\" content=\"index, follow, max-snippet:-1, max-image-preview:large, max-video-preview:-1\" \/>\n<link rel=\"canonical\" href=\"https:\/\/www.suno.com.br\/noticias\/multiplan-vende-torre-corporativa-brcr11\/\" \/>\n<meta property=\"og:locale\" content=\"pt_BR\" \/>\n<meta property=\"og:type\" content=\"article\" \/>\n<meta property=\"og:title\" content=\"Multiplan (MULT3) vende torre comercial em SP \u00e0 BRCR11 por R$ 810 mi\" \/>\n<meta property=\"og:description\" content=\"A Multiplan (MULT3) concluiu a venda do Diamond Tower para o Fundo Imobili\u00e1rio BTG Pactual Corporate Office Fund. Clique para saber mais\" \/>\n<meta property=\"og:url\" content=\"https:\/\/www.suno.com.br\/noticias\/multiplan-vende-torre-corporativa-brcr11\/\" \/>\n<meta property=\"og:site_name\" content=\"Suno Not\u00edcias\" \/>\n<meta property=\"article:publisher\" content=\"https:\/\/facebook.com\/sunoresearch\" \/>\n<meta property=\"og:image\" content=\"https:\/\/files.sunoresearch.com.br\/n\/uploads\/2020\/07\/07f67ee4-edif\u00edcio-diamond-tower.jpg\" \/>\n\t<meta property=\"og:image:width\" content=\"1920\" \/>\n\t<meta property=\"og:image:height\" content=\"1280\" \/>\n\t<meta property=\"og:image:type\" content=\"image\/jpeg\" \/>\n<meta name=\"author\" content=\"Arthur Guimar\u00e3es\" \/>\n<meta name=\"twitter:card\" content=\"summary_large_image\" \/>\n<meta name=\"twitter:creator\" content=\"@sunoresearch\" \/>\n<meta name=\"twitter:site\" content=\"@sunoresearch\" \/>\n<meta name=\"twitter:label1\" content=\"Escrito por\" \/>\n\t<meta name=\"twitter:data1\" content=\"Arthur Guimar\u00e3es\" \/>\n\t<meta name=\"twitter:label2\" content=\"Est. tempo de leitura\" \/>\n\t<meta name=\"twitter:data2\" content=\"2 minutos\" \/>\n<script type=\"application\/ld+json\" class=\"yoast-schema-graph\">{\"@context\":\"https:\/\/schema.org\",\"@graph\":[{\"@type\":\"NewsArticle\",\"@id\":\"https:\/\/www.suno.com.br\/noticias\/multiplan-vende-torre-corporativa-brcr11\/#article\",\"isPartOf\":{\"@id\":\"https:\/\/www.suno.com.br\/noticias\/multiplan-vende-torre-corporativa-brcr11\/\"},\"author\":{\"name\":\"Arthur Guimar\u00e3es\",\"@id\":\"https:\/\/www.suno.com.br\/noticias\/#\/schema\/person\/053a750a709a263919a20f976caae91c\"},\"headline\":\"Multiplan (MULT3) vende torre comercial em SP \u00e0 BRCR11 por R$ 810 mi\",\"datePublished\":\"2020-07-25T00:42:11+00:00\",\"dateModified\":\"2021-06-14T02:40:54+00:00\",\"mainEntityOfPage\":{\"@id\":\"https:\/\/www.suno.com.br\/noticias\/multiplan-vende-torre-corporativa-brcr11\/\"},\"wordCount\":370,\"publisher\":{\"@id\":\"https:\/\/www.suno.com.br\/noticias\/#organization\"},\"image\":{\"@id\":\"https:\/\/www.suno.com.br\/noticias\/multiplan-vende-torre-corporativa-brcr11\/#primaryimage\"},\"thumbnailUrl\":\"https:\/\/files.sunoresearch.com.br\/n\/uploads\/2020\/07\/07f67ee4-edif\u00edcio-diamond-tower-jpg.webp\",\"keywords\":[\"mercado imobili\u00e1rio\",\"Multiplan (MULT3)\",\"shopping center\"],\"articleSection\":[\"Neg\u00f3cios\"],\"inLanguage\":\"pt-BR\"},{\"@type\":\"WebPage\",\"@id\":\"https:\/\/www.suno.com.br\/noticias\/multiplan-vende-torre-corporativa-brcr11\/\",\"url\":\"https:\/\/www.suno.com.br\/noticias\/multiplan-vende-torre-corporativa-brcr11\/\",\"name\":\"Multiplan (MULT3) vende torre comercial em SP \u00e0 BRCR11 por R$ 810 mi\",\"isPartOf\":{\"@id\":\"https:\/\/www.suno.com.br\/noticias\/#website\"},\"primaryImageOfPage\":{\"@id\":\"https:\/\/www.suno.com.br\/noticias\/multiplan-vende-torre-corporativa-brcr11\/#primaryimage\"},\"image\":{\"@id\":\"https:\/\/www.suno.com.br\/noticias\/multiplan-vende-torre-corporativa-brcr11\/#primaryimage\"},\"thumbnailUrl\":\"https:\/\/files.sunoresearch.com.br\/n\/uploads\/2020\/07\/07f67ee4-edif\u00edcio-diamond-tower-jpg.webp\",\"datePublished\":\"2020-07-25T00:42:11+00:00\",\"dateModified\":\"2021-06-14T02:40:54+00:00\",\"description\":\"A Multiplan (MULT3) concluiu a venda do Diamond Tower para o Fundo Imobili\u00e1rio BTG Pactual Corporate Office Fund. Clique para saber mais\",\"breadcrumb\":{\"@id\":\"https:\/\/www.suno.com.br\/noticias\/multiplan-vende-torre-corporativa-brcr11\/#breadcrumb\"},\"inLanguage\":\"pt-BR\",\"potentialAction\":[{\"@type\":\"ReadAction\",\"target\":[\"https:\/\/www.suno.com.br\/noticias\/multiplan-vende-torre-corporativa-brcr11\/\"]}]},{\"@type\":\"ImageObject\",\"inLanguage\":\"pt-BR\",\"@id\":\"https:\/\/www.suno.com.br\/noticias\/multiplan-vende-torre-corporativa-brcr11\/#primaryimage\",\"url\":\"https:\/\/files.sunoresearch.com.br\/n\/uploads\/2020\/07\/07f67ee4-edif\u00edcio-diamond-tower-jpg.webp\",\"contentUrl\":\"https:\/\/files.sunoresearch.com.br\/n\/uploads\/2020\/07\/07f67ee4-edif\u00edcio-diamond-tower-jpg.webp\",\"width\":1920,\"height\":1280,\"caption\":\"BRCR11\"},{\"@type\":\"BreadcrumbList\",\"@id\":\"https:\/\/www.suno.com.br\/noticias\/multiplan-vende-torre-corporativa-brcr11\/#breadcrumb\",\"itemListElement\":[{\"@type\":\"ListItem\",\"position\":1,\"name\":\"Not\u00edcias\",\"item\":\"https:\/\/www.suno.com.br\/noticias\/\"},{\"@type\":\"ListItem\",\"position\":2,\"name\":\"Neg\u00f3cios\",\"item\":\"https:\/\/www.suno.com.br\/noticias\/negocios\/\"},{\"@type\":\"ListItem\",\"position\":3,\"name\":\"Multiplan (MULT3) vende torre comercial em SP \u00e0 BRCR11 por R$ 810 mi\"}]},{\"@type\":\"WebSite\",\"@id\":\"https:\/\/www.suno.com.br\/noticias\/#website\",\"url\":\"https:\/\/www.suno.com.br\/noticias\/\",\"name\":\"Suno Not\u00edcias\",\"description\":\"Seu portal de informa\u00e7\u00e3o sobre o mundo dos investimentos\",\"publisher\":{\"@id\":\"https:\/\/www.suno.com.br\/noticias\/#organization\"},\"potentialAction\":[{\"@type\":\"SearchAction\",\"target\":{\"@type\":\"EntryPoint\",\"urlTemplate\":\"https:\/\/www.suno.com.br\/noticias\/?s={search_term_string}\"},\"query-input\":{\"@type\":\"PropertyValueSpecification\",\"valueRequired\":true,\"valueName\":\"search_term_string\"}}],\"inLanguage\":\"pt-BR\"},{\"@type\":\"Organization\",\"@id\":\"https:\/\/www.suno.com.br\/noticias\/#organization\",\"name\":\"Suno Not\u00edcias\",\"url\":\"https:\/\/www.suno.com.br\/noticias\/\",\"logo\":{\"@type\":\"ImageObject\",\"inLanguage\":\"pt-BR\",\"@id\":\"https:\/\/www.suno.com.br\/noticias\/#\/schema\/logo\/image\/\",\"url\":\"https:\/\/files.sunoresearch.com.br\/n\/uploads\/2021\/09\/suno-logo.png\",\"contentUrl\":\"https:\/\/files.sunoresearch.com.br\/n\/uploads\/2021\/09\/suno-logo.png\",\"width\":180,\"height\":180,\"caption\":\"Suno Not\u00edcias\"},\"image\":{\"@id\":\"https:\/\/www.suno.com.br\/noticias\/#\/schema\/logo\/image\/\"},\"sameAs\":[\"https:\/\/facebook.com\/sunoresearch\",\"https:\/\/x.com\/sunoresearch\",\"https:\/\/www.instagram.com\/suno\",\"https:\/\/www.linkedin.com\/company\/suno-research\/\",\"https:\/\/www.youtube.com\/c\/sunoresearch\"]},{\"@type\":\"Person\",\"@id\":\"https:\/\/www.suno.com.br\/noticias\/#\/schema\/person\/053a750a709a263919a20f976caae91c\",\"name\":\"Arthur Guimar\u00e3es\",\"image\":{\"@type\":\"ImageObject\",\"inLanguage\":\"pt-BR\",\"@id\":\"https:\/\/www.suno.com.br\/noticias\/#\/schema\/person\/image\/\",\"url\":\"https:\/\/secure.gravatar.com\/avatar\/1affd86a11209ae09eb6dd3bcad3e96c?s=96&r=g\",\"contentUrl\":\"https:\/\/secure.gravatar.com\/avatar\/1affd86a11209ae09eb6dd3bcad3e96c?s=96&r=g\",\"caption\":\"Arthur Guimar\u00e3es\"},\"description\":\"Arthur Guimar\u00e3es escreve sobre pol\u00edtica, economia e neg\u00f3cios para o portal de not\u00edcias da Suno Research. Atualmente, \u00e9 estudante de jornalismo pela Faculdade C\u00e1sper L\u00edbero.\",\"url\":\"https:\/\/www.suno.com.br\/noticias\/author\/arthur-guimaraes\/\"}]}<\/script>\n<!-- \/ Yoast SEO plugin. -->","yoast_head_json":{"title":"Multiplan (MULT3) vende torre comercial em SP \u00e0 BRCR11 por R$ 810 mi","description":"A Multiplan (MULT3) concluiu a venda do Diamond Tower para o Fundo Imobili\u00e1rio BTG Pactual Corporate Office Fund. Clique para saber mais","robots":{"index":"index","follow":"follow","max-snippet":"max-snippet:-1","max-image-preview":"max-image-preview:large","max-video-preview":"max-video-preview:-1"},"canonical":"https:\/\/www.suno.com.br\/noticias\/multiplan-vende-torre-corporativa-brcr11\/","og_locale":"pt_BR","og_type":"article","og_title":"Multiplan (MULT3) vende torre comercial em SP \u00e0 BRCR11 por R$ 810 mi","og_description":"A Multiplan (MULT3) concluiu a venda do Diamond Tower para o Fundo Imobili\u00e1rio BTG Pactual Corporate Office Fund. Clique para saber mais","og_url":"https:\/\/www.suno.com.br\/noticias\/multiplan-vende-torre-corporativa-brcr11\/","og_site_name":"Suno Not\u00edcias","article_publisher":"https:\/\/facebook.com\/sunoresearch","og_image":[{"width":1920,"height":1280,"url":"https:\/\/files.sunoresearch.com.br\/n\/uploads\/2020\/07\/07f67ee4-edif\u00edcio-diamond-tower.jpg","type":"image\/jpeg"}],"author":"Arthur Guimar\u00e3es","twitter_card":"summary_large_image","twitter_creator":"@sunoresearch","twitter_site":"@sunoresearch","twitter_misc":{"Escrito por":"Arthur Guimar\u00e3es","Est. tempo de leitura":"2 minutos"},"schema":{"@context":"https:\/\/schema.org","@graph":[{"@type":"NewsArticle","@id":"https:\/\/www.suno.com.br\/noticias\/multiplan-vende-torre-corporativa-brcr11\/#article","isPartOf":{"@id":"https:\/\/www.suno.com.br\/noticias\/multiplan-vende-torre-corporativa-brcr11\/"},"author":{"name":"Arthur Guimar\u00e3es","@id":"https:\/\/www.suno.com.br\/noticias\/#\/schema\/person\/053a750a709a263919a20f976caae91c"},"headline":"Multiplan (MULT3) vende torre comercial em SP \u00e0 BRCR11 por R$ 810 mi","datePublished":"2020-07-25T00:42:11+00:00","dateModified":"2021-06-14T02:40:54+00:00","mainEntityOfPage":{"@id":"https:\/\/www.suno.com.br\/noticias\/multiplan-vende-torre-corporativa-brcr11\/"},"wordCount":370,"publisher":{"@id":"https:\/\/www.suno.com.br\/noticias\/#organization"},"image":{"@id":"https:\/\/www.suno.com.br\/noticias\/multiplan-vende-torre-corporativa-brcr11\/#primaryimage"},"thumbnailUrl":"https:\/\/files.sunoresearch.com.br\/n\/uploads\/2020\/07\/07f67ee4-edif\u00edcio-diamond-tower-jpg.webp","keywords":["mercado imobili\u00e1rio","Multiplan (MULT3)","shopping center"],"articleSection":["Neg\u00f3cios"],"inLanguage":"pt-BR"},{"@type":"WebPage","@id":"https:\/\/www.suno.com.br\/noticias\/multiplan-vende-torre-corporativa-brcr11\/","url":"https:\/\/www.suno.com.br\/noticias\/multiplan-vende-torre-corporativa-brcr11\/","name":"Multiplan (MULT3) vende torre comercial em SP \u00e0 BRCR11 por R$ 810 mi","isPartOf":{"@id":"https:\/\/www.suno.com.br\/noticias\/#website"},"primaryImageOfPage":{"@id":"https:\/\/www.suno.com.br\/noticias\/multiplan-vende-torre-corporativa-brcr11\/#primaryimage"},"image":{"@id":"https:\/\/www.suno.com.br\/noticias\/multiplan-vende-torre-corporativa-brcr11\/#primaryimage"},"thumbnailUrl":"https:\/\/files.sunoresearch.com.br\/n\/uploads\/2020\/07\/07f67ee4-edif\u00edcio-diamond-tower-jpg.webp","datePublished":"2020-07-25T00:42:11+00:00","dateModified":"2021-06-14T02:40:54+00:00","description":"A Multiplan (MULT3) concluiu a venda do Diamond Tower para o Fundo Imobili\u00e1rio BTG Pactual Corporate Office Fund. Clique para saber mais","breadcrumb":{"@id":"https:\/\/www.suno.com.br\/noticias\/multiplan-vende-torre-corporativa-brcr11\/#breadcrumb"},"inLanguage":"pt-BR","potentialAction":[{"@type":"ReadAction","target":["https:\/\/www.suno.com.br\/noticias\/multiplan-vende-torre-corporativa-brcr11\/"]}]},{"@type":"ImageObject","inLanguage":"pt-BR","@id":"https:\/\/www.suno.com.br\/noticias\/multiplan-vende-torre-corporativa-brcr11\/#primaryimage","url":"https:\/\/files.sunoresearch.com.br\/n\/uploads\/2020\/07\/07f67ee4-edif\u00edcio-diamond-tower-jpg.webp","contentUrl":"https:\/\/files.sunoresearch.com.br\/n\/uploads\/2020\/07\/07f67ee4-edif\u00edcio-diamond-tower-jpg.webp","width":1920,"height":1280,"caption":"BRCR11"},{"@type":"BreadcrumbList","@id":"https:\/\/www.suno.com.br\/noticias\/multiplan-vende-torre-corporativa-brcr11\/#breadcrumb","itemListElement":[{"@type":"ListItem","position":1,"name":"Not\u00edcias","item":"https:\/\/www.suno.com.br\/noticias\/"},{"@type":"ListItem","position":2,"name":"Neg\u00f3cios","item":"https:\/\/www.suno.com.br\/noticias\/negocios\/"},{"@type":"ListItem","position":3,"name":"Multiplan (MULT3) vende torre comercial em SP \u00e0 BRCR11 por R$ 810 mi"}]},{"@type":"WebSite","@id":"https:\/\/www.suno.com.br\/noticias\/#website","url":"https:\/\/www.suno.com.br\/noticias\/","name":"Suno Not\u00edcias","description":"Seu portal de informa\u00e7\u00e3o sobre o mundo dos investimentos","publisher":{"@id":"https:\/\/www.suno.com.br\/noticias\/#organization"},"potentialAction":[{"@type":"SearchAction","target":{"@type":"EntryPoint","urlTemplate":"https:\/\/www.suno.com.br\/noticias\/?s={search_term_string}"},"query-input":{"@type":"PropertyValueSpecification","valueRequired":true,"valueName":"search_term_string"}}],"inLanguage":"pt-BR"},{"@type":"Organization","@id":"https:\/\/www.suno.com.br\/noticias\/#organization","name":"Suno Not\u00edcias","url":"https:\/\/www.suno.com.br\/noticias\/","logo":{"@type":"ImageObject","inLanguage":"pt-BR","@id":"https:\/\/www.suno.com.br\/noticias\/#\/schema\/logo\/image\/","url":"https:\/\/files.sunoresearch.com.br\/n\/uploads\/2021\/09\/suno-logo.png","contentUrl":"https:\/\/files.sunoresearch.com.br\/n\/uploads\/2021\/09\/suno-logo.png","width":180,"height":180,"caption":"Suno Not\u00edcias"},"image":{"@id":"https:\/\/www.suno.com.br\/noticias\/#\/schema\/logo\/image\/"},"sameAs":["https:\/\/facebook.com\/sunoresearch","https:\/\/x.com\/sunoresearch","https:\/\/www.instagram.com\/suno","https:\/\/www.linkedin.com\/company\/suno-research\/","https:\/\/www.youtube.com\/c\/sunoresearch"]},{"@type":"Person","@id":"https:\/\/www.suno.com.br\/noticias\/#\/schema\/person\/053a750a709a263919a20f976caae91c","name":"Arthur Guimar\u00e3es","image":{"@type":"ImageObject","inLanguage":"pt-BR","@id":"https:\/\/www.suno.com.br\/noticias\/#\/schema\/person\/image\/","url":"https:\/\/secure.gravatar.com\/avatar\/1affd86a11209ae09eb6dd3bcad3e96c?s=96&r=g","contentUrl":"https:\/\/secure.gravatar.com\/avatar\/1affd86a11209ae09eb6dd3bcad3e96c?s=96&r=g","caption":"Arthur Guimar\u00e3es"},"description":"Arthur Guimar\u00e3es escreve sobre pol\u00edtica, economia e neg\u00f3cios para o portal de not\u00edcias da Suno Research. Atualmente, \u00e9 estudante de jornalismo pela Faculdade C\u00e1sper L\u00edbero.","url":"https:\/\/www.suno.com.br\/noticias\/author\/arthur-guimaraes\/"}]}},"default_loop_html":"<div class=\"cardsPage__listCard__boxs\"><div class=\"cardsPage__listCard__boxs__img\"><a href=\"https:\/\/www.suno.com.br\/noticias\/multiplan-vende-torre-corporativa-brcr11\/\"><img class=\"mask\" src=\"https:\/\/www.suno.com.br\/noticias\/wp-content\/themes\/suno\/resources\/images\/spotlight\/spotlight1img\/bg-mask.png\" alt=\"Image Mask\"\/><img src=\"https:\/\/files.sunoresearch.com.br\/n\/uploads\/2020\/07\/07f67ee4-edif\u00edcio-diamond-tower-400x200.webp\" alt=\"Multiplan (MULT3) vende torre comercial em SP \u00e0 BRCR11 por R$ 810 mi\"\/><\/a><span class=\"spotlightCategory\"><a href=\"https:\/\/www.suno.com.br\/noticias\/negocios\/\">Neg\u00f3cios<\/a><\/span><\/div><div class=\"cardsPage__listCard__boxs__content\"><a href=\"https:\/\/www.suno.com.br\/noticias\/multiplan-vende-torre-corporativa-brcr11\/\"><h2 class=\"content__title\">Multiplan (MULT3) vende torre comercial em SP \u00e0 BRCR11 por R$ 810 mi<\/h2><\/a><div class=\"newsContent__article__meta\"><div class=\"newsContent__article__meta__authorBox\"><a href=\"https:\/\/www.suno.com.br\/noticias\/author\/arthur-guimaraes\/\" class=\"authorBox__avatar noMobi\"><img src=\"https:\/\/files.sunoresearch.com.br\/n\/uploads\/2020\/02\/dfb40897-eu-150x150.webp\" alt=\"Arthur Guimar\u00e3es\"><\/a><div class=\"authorBox__name\"><span>por\n\t\t\t<a href=\"https:\/\/www.suno.com.br\/noticias\/author\/arthur-guimaraes\/\"><span itemprop=\"author\">Arthur Guimar\u00e3es<\/span><\/a><\/span><time datetime=\"2020-07-24T21:42:11-03:00\" itemprop=\"datePublished\">24\/07\/2020 21:42<\/time><\/div><\/div><\/div><\/div><\/div>","single_layout":"posts","amp_enabled":true,"_links":{"self":[{"href":"https:\/\/www.suno.com.br\/noticias\/wp-json\/wp\/v2\/posts\/74773"}],"collection":[{"href":"https:\/\/www.suno.com.br\/noticias\/wp-json\/wp\/v2\/posts"}],"about":[{"href":"https:\/\/www.suno.com.br\/noticias\/wp-json\/wp\/v2\/types\/post"}],"author":[{"embeddable":true,"href":"https:\/\/www.suno.com.br\/noticias\/wp-json\/wp\/v2\/users\/35"}],"replies":[{"embeddable":true,"href":"https:\/\/www.suno.com.br\/noticias\/wp-json\/wp\/v2\/comments?post=74773"}],"version-history":[{"count":1,"href":"https:\/\/www.suno.com.br\/noticias\/wp-json\/wp\/v2\/posts\/74773\/revisions"}],"predecessor-version":[{"id":152449,"href":"https:\/\/www.suno.com.br\/noticias\/wp-json\/wp\/v2\/posts\/74773\/revisions\/152449"}],"wp:featuredmedia":[{"embeddable":true,"href":"https:\/\/www.suno.com.br\/noticias\/wp-json\/wp\/v2\/media\/74779"}],"wp:attachment":[{"href":"https:\/\/www.suno.com.br\/noticias\/wp-json\/wp\/v2\/media?parent=74773"}],"wp:term":[{"taxonomy":"category","embeddable":true,"href":"https:\/\/www.suno.com.br\/noticias\/wp-json\/wp\/v2\/categories?post=74773"},{"taxonomy":"post_tag","embeddable":true,"href":"https:\/\/www.suno.com.br\/noticias\/wp-json\/wp\/v2\/tags?post=74773"},{"taxonomy":"suno_strategy","embeddable":true,"href":"https:\/\/www.suno.com.br\/noticias\/wp-json\/wp\/v2\/suno_strategy?post=74773"}],"curies":[{"name":"wp","href":"https:\/\/api.w.org\/{rel}","templated":true}]}}