{"id":74708,"date":"2020-07-24T16:25:23","date_gmt":"2020-07-24T19:25:23","guid":{"rendered":"https:\/\/www.suno.com.br\/noticias\/?p=74708"},"modified":"2020-07-24T16:25:23","modified_gmt":"2020-07-24T19:25:23","slug":"ue-limitara-exportacoes-hong-kong-repressao-chinesa","status":"publish","type":"post","link":"https:\/\/www.suno.com.br\/noticias\/ue-limitara-exportacoes-hong-kong-repressao-chinesa\/","title":{"rendered":"UE limitar\u00e1 suas exporta\u00e7\u00f5es \u00e0 Hong Kong por repress\u00e3o chinesa"},"content":{"rendered":"<p>A Uni\u00e3o Europ\u00e9ia anunciou que limitar\u00e1 as exporta\u00e7\u00f5es de tecnologia para <strong>Hong Kong<\/strong>, j\u00e1 que o bloco econ\u00f4mico acredita que elas podem ser usadas para repress\u00e3o ou vigil\u00e2ncia por parte do governo chin\u00eas. As informa\u00e7\u00f5es foram divulgadas nesta sexta-feira (24) pela &#8220;Reuters&#8221;.<\/p>\t<div class=\"wrapper-featured-image\">\n\t\t<figure class=\"spotlightImg\">\n\n\t\t\t<picture>\n\t\t\t\t<source media=\"(max-width: 768px)\" srcset=\"https:\/\/files.sunoresearch.com.br\/n\/uploads\/2020\/05\/af8c565d-hong-kong-400x200.webp\">\n\t\t\t\t<img loading=\"lazy\" decoding=\"async\" class=\"newsContent__article__imgCapa lazyloadDisabled newsContent__article__imgCapa--noCaption\" src=\"https:\/\/files.sunoresearch.com.br\/n\/uploads\/2020\/05\/af8c565d-hong-kong-800x450.webp\" width=\"800\" height=\"450\" alt=\"UE limitar\u00e1 suas exporta\u00e7\u00f5es \u00e0 Hong Kong por repress\u00e3o chinesa\" fetchpriority=high \/>\n\t\t\t<\/picture>\n\n\t\t\t<figcaption class=\"wp-caption-text wp-caption-text--hide\">UE limitar\u00e1 suas exporta\u00e7\u00f5es \u00e0 Hong Kong por repress\u00e3o chinesa<\/figcaption>\n\t\t<\/figure>\n\t<\/div>\n\n\n\n<p>Trata-se d<span style=\"font-size: 19.4286px;\">a primeira rea\u00e7\u00e3o concreta da <strong>Uni\u00e3o Europeia<\/strong> \u00e0 lei de seguran\u00e7a chinesa em Hong Kong. <\/span><span style=\"font-size: 1.21429rem;\">Expressando &#8220;grave preocupa\u00e7\u00e3o&#8221; pela lei de seguran\u00e7a nacional abrangente imposta pela China \u00e0 ex-col\u00f4nia brit\u00e2nica, os 27 estados da UE concordaram na sexta-feira com uma s\u00e9rie de san\u00e7\u00f5es, incluindo restri\u00e7\u00f5es comerciais e uma revis\u00e3o dos acordos de vistos com o territ\u00f3rio.<\/span><\/p>\n<p>Em um documento, apoiado pelos embaixadores da UE, o bloco indica que \u201cexaminar\u00e1 e limitar\u00e1 mais as exporta\u00e7\u00f5es de equipamentos e tecnologias espec\u00edficas para uso final em Hong Kong, em particular onde h\u00e1 motivos para suspeitar de uso indesej\u00e1vel relacionado \u00e0 repress\u00e3o interna, comunica\u00e7\u00f5es internas ou seguran\u00e7a cibern\u00e9tica&#8221;.<\/p>\n<p><a href=\"https:\/\/lp.suno.com.br\/suno-one\/\">No Suno One voc\u00ea aprende a fazer seu dinheiro trabalhar para voc\u00ea. Cadastre-se gratuitamente agora!<\/a><\/p>\n<p>O documento deve entrar em vigor na pr\u00f3xima ter\u00e7a-feira (28).<\/p>\n<p>Os cr\u00edticos da lei temem que ela esmague as amplas liberdades prometidas a cidade aut\u00f4noma quando retornou ao dom\u00ednio chin\u00eas em 1997, incluindo o direito de protestar e um sistema jur\u00eddico independente.<\/p>\n<p>Os defensores da lei dizem que ela trar\u00e1 estabilidade ap\u00f3s os violentos movimentos sociais antigovernamentais e anti-China do ano passado.<\/p>\n<h2>Hong Kong tem piora nas rela\u00e7\u00f5es internacionais<\/h2>\n<p>A Uni\u00e3o Europ\u00e9ia tamb\u00e9m se comprometeu a &#8220;considerar as implica\u00e7\u00f5es da legisla\u00e7\u00e3o de seguran\u00e7a nacional para a pol\u00edtica de asilo, migra\u00e7\u00e3o, vistos e resid\u00eancia&#8221;, diz o documento.<\/p>\n<p><a href=\"https:\/\/www.suno.com.br\/noticias\/tiktok-suspende-aplicativo-em-hong-kong-apos-nova-lei-de-seguranca\/\">Veja tamb\u00e9m: TikTok suspende aplicativo em Hong Kong ap\u00f3s nova lei de seguran\u00e7a<\/a><\/p>\n<p>O bloco n\u00e3o iniciar\u00e1 nenhuma nova negocia\u00e7\u00e3o com a cidade por enquanto e revisar\u00e1 as implica\u00e7\u00f5es da lei de seguran\u00e7a nos acordos existentes. A Uni\u00e3o Europeia tamb\u00e9m reiterou seu apoio \u00e0 autonomia de <strong>Hong Kong<\/strong> e a seus cidad\u00e3os, comprometendo-se a se envolver ainda mais com a sociedade civil da cidade asi\u00e1tica.<\/p>\n\n","protected":false},"excerpt":{"rendered":"<p>A Uni\u00e3o Europ\u00e9ia anunciou que limitar\u00e1 as exporta\u00e7\u00f5es de tecnologia para Hong Kong, j\u00e1 que o bloco econ\u00f4mico acredita que elas podem ser usadas para repress\u00e3o ou vigil\u00e2ncia por parte do governo chin\u00eas. As informa\u00e7\u00f5es foram divulgadas nesta sexta-feira (24) pela &#8220;Reuters&#8221;. UE limitar\u00e1 suas exporta\u00e7\u00f5es \u00e0 Hong Kong por repress\u00e3o chinesa Trata-se da primeira [&hellip;]<\/p>\n","protected":false},"author":44,"featured_media":66478,"comment_status":"closed","ping_status":"closed","sticky":false,"template":"","format":"standard","meta":[],"categories":[63],"tags":[711,1880,49191,731],"suno_strategy":[],"class_list":["post-74708","post","type-post","status-publish","format-standard","has-post-thumbnail","hentry","category-internacional","tag-china","tag-hong-kong","tag-seguranca-digital","tag-uniao-europeia"],"yoast_head":"<!-- This site is optimized with the Yoast SEO plugin v24.4 - https:\/\/yoast.com\/wordpress\/plugins\/seo\/ -->\n<title>UE limitar\u00e1 suas exporta\u00e7\u00f5es \u00e0 Hong Kong por repress\u00e3o chinesa<\/title>\n<meta name=\"description\" content=\"A Uni\u00e3o Europ\u00e9ia anunciou que limitar\u00e1 as exporta\u00e7\u00f5es de tecnologia para Hong Kong por repress\u00e3o do governo chin\u00eas. Clique para ver mais.\" \/>\n<meta name=\"robots\" content=\"index, follow, max-snippet:-1, max-image-preview:large, max-video-preview:-1\" \/>\n<link rel=\"canonical\" href=\"https:\/\/www.suno.com.br\/noticias\/ue-limitara-exportacoes-hong-kong-repressao-chinesa\/\" \/>\n<meta property=\"og:locale\" content=\"pt_BR\" \/>\n<meta property=\"og:type\" content=\"article\" \/>\n<meta property=\"og:title\" content=\"UE limitar\u00e1 suas exporta\u00e7\u00f5es \u00e0 Hong Kong por repress\u00e3o chinesa\" \/>\n<meta property=\"og:description\" content=\"A Uni\u00e3o Europ\u00e9ia anunciou que limitar\u00e1 as exporta\u00e7\u00f5es de tecnologia para Hong Kong por repress\u00e3o do governo chin\u00eas. Clique para ver mais.\" \/>\n<meta property=\"og:url\" content=\"https:\/\/www.suno.com.br\/noticias\/ue-limitara-exportacoes-hong-kong-repressao-chinesa\/\" \/>\n<meta property=\"og:site_name\" content=\"Suno Not\u00edcias\" \/>\n<meta property=\"article:publisher\" content=\"https:\/\/facebook.com\/sunoresearch\" \/>\n<meta property=\"og:image\" content=\"https:\/\/files.sunoresearch.com.br\/n\/uploads\/2020\/05\/af8c565d-hong-kong.jpg\" \/>\n\t<meta property=\"og:image:width\" content=\"1920\" \/>\n\t<meta property=\"og:image:height\" content=\"1080\" \/>\n\t<meta property=\"og:image:type\" content=\"image\/jpeg\" \/>\n<meta name=\"author\" content=\"Daniel Guimar\u00e3es\" \/>\n<meta name=\"twitter:card\" content=\"summary_large_image\" \/>\n<meta name=\"twitter:creator\" content=\"@sunoresearch\" \/>\n<meta name=\"twitter:site\" content=\"@sunoresearch\" \/>\n<meta name=\"twitter:label1\" content=\"Escrito por\" \/>\n\t<meta name=\"twitter:data1\" content=\"Daniel Guimar\u00e3es\" \/>\n\t<meta name=\"twitter:label2\" content=\"Est. tempo de leitura\" \/>\n\t<meta name=\"twitter:data2\" content=\"2 minutos\" \/>\n<script type=\"application\/ld+json\" class=\"yoast-schema-graph\">{\"@context\":\"https:\/\/schema.org\",\"@graph\":[{\"@type\":\"NewsArticle\",\"@id\":\"https:\/\/www.suno.com.br\/noticias\/ue-limitara-exportacoes-hong-kong-repressao-chinesa\/#article\",\"isPartOf\":{\"@id\":\"https:\/\/www.suno.com.br\/noticias\/ue-limitara-exportacoes-hong-kong-repressao-chinesa\/\"},\"author\":{\"name\":\"Daniel Guimar\u00e3es\",\"@id\":\"https:\/\/www.suno.com.br\/noticias\/#\/schema\/person\/a7796c19fcf6bafd03b9a2fa1fd9ae20\"},\"headline\":\"UE limitar\u00e1 suas exporta\u00e7\u00f5es \u00e0 Hong Kong por repress\u00e3o chinesa\",\"datePublished\":\"2020-07-24T19:25:23+00:00\",\"mainEntityOfPage\":{\"@id\":\"https:\/\/www.suno.com.br\/noticias\/ue-limitara-exportacoes-hong-kong-repressao-chinesa\/\"},\"wordCount\":390,\"publisher\":{\"@id\":\"https:\/\/www.suno.com.br\/noticias\/#organization\"},\"image\":{\"@id\":\"https:\/\/www.suno.com.br\/noticias\/ue-limitara-exportacoes-hong-kong-repressao-chinesa\/#primaryimage\"},\"thumbnailUrl\":\"https:\/\/files.sunoresearch.com.br\/n\/uploads\/2020\/05\/af8c565d-hong-kong.jpg\",\"keywords\":[\"China\",\"Hong Kong\",\"seguran\u00e7a digital\",\"Uni\u00e3o Europeia\"],\"articleSection\":[\"Internacional\"],\"inLanguage\":\"pt-BR\"},{\"@type\":\"WebPage\",\"@id\":\"https:\/\/www.suno.com.br\/noticias\/ue-limitara-exportacoes-hong-kong-repressao-chinesa\/\",\"url\":\"https:\/\/www.suno.com.br\/noticias\/ue-limitara-exportacoes-hong-kong-repressao-chinesa\/\",\"name\":\"UE limitar\u00e1 suas exporta\u00e7\u00f5es \u00e0 Hong Kong por repress\u00e3o chinesa\",\"isPartOf\":{\"@id\":\"https:\/\/www.suno.com.br\/noticias\/#website\"},\"primaryImageOfPage\":{\"@id\":\"https:\/\/www.suno.com.br\/noticias\/ue-limitara-exportacoes-hong-kong-repressao-chinesa\/#primaryimage\"},\"image\":{\"@id\":\"https:\/\/www.suno.com.br\/noticias\/ue-limitara-exportacoes-hong-kong-repressao-chinesa\/#primaryimage\"},\"thumbnailUrl\":\"https:\/\/files.sunoresearch.com.br\/n\/uploads\/2020\/05\/af8c565d-hong-kong.jpg\",\"datePublished\":\"2020-07-24T19:25:23+00:00\",\"description\":\"A Uni\u00e3o Europ\u00e9ia anunciou que limitar\u00e1 as exporta\u00e7\u00f5es de tecnologia para Hong Kong por repress\u00e3o do governo chin\u00eas. Clique para ver mais.\",\"breadcrumb\":{\"@id\":\"https:\/\/www.suno.com.br\/noticias\/ue-limitara-exportacoes-hong-kong-repressao-chinesa\/#breadcrumb\"},\"inLanguage\":\"pt-BR\",\"potentialAction\":[{\"@type\":\"ReadAction\",\"target\":[\"https:\/\/www.suno.com.br\/noticias\/ue-limitara-exportacoes-hong-kong-repressao-chinesa\/\"]}]},{\"@type\":\"ImageObject\",\"inLanguage\":\"pt-BR\",\"@id\":\"https:\/\/www.suno.com.br\/noticias\/ue-limitara-exportacoes-hong-kong-repressao-chinesa\/#primaryimage\",\"url\":\"https:\/\/files.sunoresearch.com.br\/n\/uploads\/2020\/05\/af8c565d-hong-kong.jpg\",\"contentUrl\":\"https:\/\/files.sunoresearch.com.br\/n\/uploads\/2020\/05\/af8c565d-hong-kong.jpg\",\"width\":1920,\"height\":1080,\"caption\":\"UE limitar\u00e1 suas exporta\u00e7\u00f5es \u00e0 Hong Kong por repress\u00e3o chinesa\"},{\"@type\":\"BreadcrumbList\",\"@id\":\"https:\/\/www.suno.com.br\/noticias\/ue-limitara-exportacoes-hong-kong-repressao-chinesa\/#breadcrumb\",\"itemListElement\":[{\"@type\":\"ListItem\",\"position\":1,\"name\":\"Not\u00edcias\",\"item\":\"https:\/\/www.suno.com.br\/noticias\/\"},{\"@type\":\"ListItem\",\"position\":2,\"name\":\"Internacional\",\"item\":\"https:\/\/www.suno.com.br\/noticias\/internacional\/\"},{\"@type\":\"ListItem\",\"position\":3,\"name\":\"UE limitar\u00e1 suas exporta\u00e7\u00f5es \u00e0 Hong Kong por repress\u00e3o chinesa\"}]},{\"@type\":\"WebSite\",\"@id\":\"https:\/\/www.suno.com.br\/noticias\/#website\",\"url\":\"https:\/\/www.suno.com.br\/noticias\/\",\"name\":\"Suno Not\u00edcias\",\"description\":\"Seu portal de informa\u00e7\u00e3o sobre o mundo dos investimentos\",\"publisher\":{\"@id\":\"https:\/\/www.suno.com.br\/noticias\/#organization\"},\"potentialAction\":[{\"@type\":\"SearchAction\",\"target\":{\"@type\":\"EntryPoint\",\"urlTemplate\":\"https:\/\/www.suno.com.br\/noticias\/?s={search_term_string}\"},\"query-input\":{\"@type\":\"PropertyValueSpecification\",\"valueRequired\":true,\"valueName\":\"search_term_string\"}}],\"inLanguage\":\"pt-BR\"},{\"@type\":\"Organization\",\"@id\":\"https:\/\/www.suno.com.br\/noticias\/#organization\",\"name\":\"Suno Not\u00edcias\",\"url\":\"https:\/\/www.suno.com.br\/noticias\/\",\"logo\":{\"@type\":\"ImageObject\",\"inLanguage\":\"pt-BR\",\"@id\":\"https:\/\/www.suno.com.br\/noticias\/#\/schema\/logo\/image\/\",\"url\":\"https:\/\/files.sunoresearch.com.br\/n\/uploads\/2021\/09\/suno-logo.png\",\"contentUrl\":\"https:\/\/files.sunoresearch.com.br\/n\/uploads\/2021\/09\/suno-logo.png\",\"width\":180,\"height\":180,\"caption\":\"Suno Not\u00edcias\"},\"image\":{\"@id\":\"https:\/\/www.suno.com.br\/noticias\/#\/schema\/logo\/image\/\"},\"sameAs\":[\"https:\/\/facebook.com\/sunoresearch\",\"https:\/\/x.com\/sunoresearch\",\"https:\/\/www.instagram.com\/suno\",\"https:\/\/www.linkedin.com\/company\/suno-research\/\",\"https:\/\/www.youtube.com\/c\/sunoresearch\"]},{\"@type\":\"Person\",\"@id\":\"https:\/\/www.suno.com.br\/noticias\/#\/schema\/person\/a7796c19fcf6bafd03b9a2fa1fd9ae20\",\"name\":\"Daniel Guimar\u00e3es\",\"image\":{\"@type\":\"ImageObject\",\"inLanguage\":\"pt-BR\",\"@id\":\"https:\/\/www.suno.com.br\/noticias\/#\/schema\/person\/image\/\",\"url\":\"https:\/\/secure.gravatar.com\/avatar\/fb8260757609f58f0c0ac079d1b32eff?s=96&r=g\",\"contentUrl\":\"https:\/\/secure.gravatar.com\/avatar\/fb8260757609f58f0c0ac079d1b32eff?s=96&r=g\",\"caption\":\"Daniel Guimar\u00e3es\"},\"description\":\"Estagi\u00e1rio na Suno Not\u00edcias, Daniel escreve not\u00edcias que afetam o mercado financeiro brasileiro e internacional. Estuda economia na Rutgers University, em New Jersey.\",\"sameAs\":[\"suno.research\"],\"url\":\"https:\/\/www.suno.com.br\/noticias\/author\/daniel\/\"}]}<\/script>\n<!-- \/ Yoast SEO plugin. -->","yoast_head_json":{"title":"UE limitar\u00e1 suas exporta\u00e7\u00f5es \u00e0 Hong Kong por repress\u00e3o chinesa","description":"A Uni\u00e3o Europ\u00e9ia anunciou que limitar\u00e1 as exporta\u00e7\u00f5es de tecnologia para Hong Kong por repress\u00e3o do governo chin\u00eas. Clique para ver mais.","robots":{"index":"index","follow":"follow","max-snippet":"max-snippet:-1","max-image-preview":"max-image-preview:large","max-video-preview":"max-video-preview:-1"},"canonical":"https:\/\/www.suno.com.br\/noticias\/ue-limitara-exportacoes-hong-kong-repressao-chinesa\/","og_locale":"pt_BR","og_type":"article","og_title":"UE limitar\u00e1 suas exporta\u00e7\u00f5es \u00e0 Hong Kong por repress\u00e3o chinesa","og_description":"A Uni\u00e3o Europ\u00e9ia anunciou que limitar\u00e1 as exporta\u00e7\u00f5es de tecnologia para Hong Kong por repress\u00e3o do governo chin\u00eas. Clique para ver mais.","og_url":"https:\/\/www.suno.com.br\/noticias\/ue-limitara-exportacoes-hong-kong-repressao-chinesa\/","og_site_name":"Suno Not\u00edcias","article_publisher":"https:\/\/facebook.com\/sunoresearch","og_image":[{"width":1920,"height":1080,"url":"https:\/\/files.sunoresearch.com.br\/n\/uploads\/2020\/05\/af8c565d-hong-kong.jpg","type":"image\/jpeg"}],"author":"Daniel Guimar\u00e3es","twitter_card":"summary_large_image","twitter_creator":"@sunoresearch","twitter_site":"@sunoresearch","twitter_misc":{"Escrito por":"Daniel Guimar\u00e3es","Est. tempo de leitura":"2 minutos"},"schema":{"@context":"https:\/\/schema.org","@graph":[{"@type":"NewsArticle","@id":"https:\/\/www.suno.com.br\/noticias\/ue-limitara-exportacoes-hong-kong-repressao-chinesa\/#article","isPartOf":{"@id":"https:\/\/www.suno.com.br\/noticias\/ue-limitara-exportacoes-hong-kong-repressao-chinesa\/"},"author":{"name":"Daniel Guimar\u00e3es","@id":"https:\/\/www.suno.com.br\/noticias\/#\/schema\/person\/a7796c19fcf6bafd03b9a2fa1fd9ae20"},"headline":"UE limitar\u00e1 suas exporta\u00e7\u00f5es \u00e0 Hong Kong por repress\u00e3o chinesa","datePublished":"2020-07-24T19:25:23+00:00","mainEntityOfPage":{"@id":"https:\/\/www.suno.com.br\/noticias\/ue-limitara-exportacoes-hong-kong-repressao-chinesa\/"},"wordCount":390,"publisher":{"@id":"https:\/\/www.suno.com.br\/noticias\/#organization"},"image":{"@id":"https:\/\/www.suno.com.br\/noticias\/ue-limitara-exportacoes-hong-kong-repressao-chinesa\/#primaryimage"},"thumbnailUrl":"https:\/\/files.sunoresearch.com.br\/n\/uploads\/2020\/05\/af8c565d-hong-kong.jpg","keywords":["China","Hong Kong","seguran\u00e7a digital","Uni\u00e3o Europeia"],"articleSection":["Internacional"],"inLanguage":"pt-BR"},{"@type":"WebPage","@id":"https:\/\/www.suno.com.br\/noticias\/ue-limitara-exportacoes-hong-kong-repressao-chinesa\/","url":"https:\/\/www.suno.com.br\/noticias\/ue-limitara-exportacoes-hong-kong-repressao-chinesa\/","name":"UE limitar\u00e1 suas exporta\u00e7\u00f5es \u00e0 Hong Kong por repress\u00e3o chinesa","isPartOf":{"@id":"https:\/\/www.suno.com.br\/noticias\/#website"},"primaryImageOfPage":{"@id":"https:\/\/www.suno.com.br\/noticias\/ue-limitara-exportacoes-hong-kong-repressao-chinesa\/#primaryimage"},"image":{"@id":"https:\/\/www.suno.com.br\/noticias\/ue-limitara-exportacoes-hong-kong-repressao-chinesa\/#primaryimage"},"thumbnailUrl":"https:\/\/files.sunoresearch.com.br\/n\/uploads\/2020\/05\/af8c565d-hong-kong.jpg","datePublished":"2020-07-24T19:25:23+00:00","description":"A Uni\u00e3o Europ\u00e9ia anunciou que limitar\u00e1 as exporta\u00e7\u00f5es de tecnologia para Hong Kong por repress\u00e3o do governo chin\u00eas. Clique para ver mais.","breadcrumb":{"@id":"https:\/\/www.suno.com.br\/noticias\/ue-limitara-exportacoes-hong-kong-repressao-chinesa\/#breadcrumb"},"inLanguage":"pt-BR","potentialAction":[{"@type":"ReadAction","target":["https:\/\/www.suno.com.br\/noticias\/ue-limitara-exportacoes-hong-kong-repressao-chinesa\/"]}]},{"@type":"ImageObject","inLanguage":"pt-BR","@id":"https:\/\/www.suno.com.br\/noticias\/ue-limitara-exportacoes-hong-kong-repressao-chinesa\/#primaryimage","url":"https:\/\/files.sunoresearch.com.br\/n\/uploads\/2020\/05\/af8c565d-hong-kong.jpg","contentUrl":"https:\/\/files.sunoresearch.com.br\/n\/uploads\/2020\/05\/af8c565d-hong-kong.jpg","width":1920,"height":1080,"caption":"UE limitar\u00e1 suas exporta\u00e7\u00f5es \u00e0 Hong Kong por repress\u00e3o chinesa"},{"@type":"BreadcrumbList","@id":"https:\/\/www.suno.com.br\/noticias\/ue-limitara-exportacoes-hong-kong-repressao-chinesa\/#breadcrumb","itemListElement":[{"@type":"ListItem","position":1,"name":"Not\u00edcias","item":"https:\/\/www.suno.com.br\/noticias\/"},{"@type":"ListItem","position":2,"name":"Internacional","item":"https:\/\/www.suno.com.br\/noticias\/internacional\/"},{"@type":"ListItem","position":3,"name":"UE limitar\u00e1 suas exporta\u00e7\u00f5es \u00e0 Hong Kong por repress\u00e3o chinesa"}]},{"@type":"WebSite","@id":"https:\/\/www.suno.com.br\/noticias\/#website","url":"https:\/\/www.suno.com.br\/noticias\/","name":"Suno Not\u00edcias","description":"Seu portal de informa\u00e7\u00e3o sobre o mundo dos investimentos","publisher":{"@id":"https:\/\/www.suno.com.br\/noticias\/#organization"},"potentialAction":[{"@type":"SearchAction","target":{"@type":"EntryPoint","urlTemplate":"https:\/\/www.suno.com.br\/noticias\/?s={search_term_string}"},"query-input":{"@type":"PropertyValueSpecification","valueRequired":true,"valueName":"search_term_string"}}],"inLanguage":"pt-BR"},{"@type":"Organization","@id":"https:\/\/www.suno.com.br\/noticias\/#organization","name":"Suno Not\u00edcias","url":"https:\/\/www.suno.com.br\/noticias\/","logo":{"@type":"ImageObject","inLanguage":"pt-BR","@id":"https:\/\/www.suno.com.br\/noticias\/#\/schema\/logo\/image\/","url":"https:\/\/files.sunoresearch.com.br\/n\/uploads\/2021\/09\/suno-logo.png","contentUrl":"https:\/\/files.sunoresearch.com.br\/n\/uploads\/2021\/09\/suno-logo.png","width":180,"height":180,"caption":"Suno Not\u00edcias"},"image":{"@id":"https:\/\/www.suno.com.br\/noticias\/#\/schema\/logo\/image\/"},"sameAs":["https:\/\/facebook.com\/sunoresearch","https:\/\/x.com\/sunoresearch","https:\/\/www.instagram.com\/suno","https:\/\/www.linkedin.com\/company\/suno-research\/","https:\/\/www.youtube.com\/c\/sunoresearch"]},{"@type":"Person","@id":"https:\/\/www.suno.com.br\/noticias\/#\/schema\/person\/a7796c19fcf6bafd03b9a2fa1fd9ae20","name":"Daniel Guimar\u00e3es","image":{"@type":"ImageObject","inLanguage":"pt-BR","@id":"https:\/\/www.suno.com.br\/noticias\/#\/schema\/person\/image\/","url":"https:\/\/secure.gravatar.com\/avatar\/fb8260757609f58f0c0ac079d1b32eff?s=96&r=g","contentUrl":"https:\/\/secure.gravatar.com\/avatar\/fb8260757609f58f0c0ac079d1b32eff?s=96&r=g","caption":"Daniel Guimar\u00e3es"},"description":"Estagi\u00e1rio na Suno Not\u00edcias, Daniel escreve not\u00edcias que afetam o mercado financeiro brasileiro e internacional. Estuda economia na Rutgers University, em New Jersey.","sameAs":["suno.research"],"url":"https:\/\/www.suno.com.br\/noticias\/author\/daniel\/"}]}},"default_loop_html":"<div class=\"cardsPage__listCard__boxs\"><div class=\"cardsPage__listCard__boxs__img\"><a href=\"https:\/\/www.suno.com.br\/noticias\/ue-limitara-exportacoes-hong-kong-repressao-chinesa\/\"><img class=\"mask\" src=\"https:\/\/www.suno.com.br\/noticias\/wp-content\/themes\/suno\/resources\/images\/spotlight\/spotlight1img\/bg-mask.png\" alt=\"Image Mask\"\/><img src=\"https:\/\/files.sunoresearch.com.br\/n\/uploads\/2020\/05\/af8c565d-hong-kong-400x200.webp\" alt=\"UE limitar\u00e1 suas exporta\u00e7\u00f5es \u00e0 Hong Kong por repress\u00e3o chinesa\"\/><\/a><span class=\"spotlightCategory\"><a href=\"https:\/\/www.suno.com.br\/noticias\/internacional\/\">Internacional<\/a><\/span><\/div><div class=\"cardsPage__listCard__boxs__content\"><a href=\"https:\/\/www.suno.com.br\/noticias\/ue-limitara-exportacoes-hong-kong-repressao-chinesa\/\"><h2 class=\"content__title\">UE limitar\u00e1 suas exporta\u00e7\u00f5es \u00e0 Hong Kong por repress\u00e3o chinesa<\/h2><\/a><div class=\"newsContent__article__meta\"><div class=\"newsContent__article__meta__authorBox\"><a href=\"https:\/\/www.suno.com.br\/noticias\/author\/daniel\/\" class=\"authorBox__avatar noMobi\"><img src=\"https:\/\/files.sunoresearch.com.br\/n\/uploads\/2020\/08\/e51aadd2-whatsapp-image-2020-08-03-at-14.03.48-150x150.webp\" alt=\"Daniel Guimar\u00e3es\"><\/a><div class=\"authorBox__name\"><span>por\n\t\t\t<a href=\"https:\/\/www.suno.com.br\/noticias\/author\/daniel\/\"><span itemprop=\"author\">Daniel Guimar\u00e3es<\/span><\/a><\/span><time datetime=\"2020-07-24T16:25:23-03:00\" itemprop=\"datePublished\">24\/07\/2020 16:25<\/time><\/div><\/div><\/div><\/div><\/div>","single_layout":"posts","amp_enabled":true,"_links":{"self":[{"href":"https:\/\/www.suno.com.br\/noticias\/wp-json\/wp\/v2\/posts\/74708"}],"collection":[{"href":"https:\/\/www.suno.com.br\/noticias\/wp-json\/wp\/v2\/posts"}],"about":[{"href":"https:\/\/www.suno.com.br\/noticias\/wp-json\/wp\/v2\/types\/post"}],"author":[{"embeddable":true,"href":"https:\/\/www.suno.com.br\/noticias\/wp-json\/wp\/v2\/users\/44"}],"replies":[{"embeddable":true,"href":"https:\/\/www.suno.com.br\/noticias\/wp-json\/wp\/v2\/comments?post=74708"}],"version-history":[{"count":0,"href":"https:\/\/www.suno.com.br\/noticias\/wp-json\/wp\/v2\/posts\/74708\/revisions"}],"wp:featuredmedia":[{"embeddable":true,"href":"https:\/\/www.suno.com.br\/noticias\/wp-json\/wp\/v2\/media\/66478"}],"wp:attachment":[{"href":"https:\/\/www.suno.com.br\/noticias\/wp-json\/wp\/v2\/media?parent=74708"}],"wp:term":[{"taxonomy":"category","embeddable":true,"href":"https:\/\/www.suno.com.br\/noticias\/wp-json\/wp\/v2\/categories?post=74708"},{"taxonomy":"post_tag","embeddable":true,"href":"https:\/\/www.suno.com.br\/noticias\/wp-json\/wp\/v2\/tags?post=74708"},{"taxonomy":"suno_strategy","embeddable":true,"href":"https:\/\/www.suno.com.br\/noticias\/wp-json\/wp\/v2\/suno_strategy?post=74708"}],"curies":[{"name":"wp","href":"https:\/\/api.w.org\/{rel}","templated":true}]}}