{"id":74657,"date":"2020-07-24T12:28:29","date_gmt":"2020-07-24T15:28:29","guid":{"rendered":"https:\/\/www.suno.com.br\/noticias\/?p=74657"},"modified":"2020-07-24T12:28:29","modified_gmt":"2020-07-24T15:28:29","slug":"wirecard-faz-alemanha-reforcar-regulamentacao","status":"publish","type":"post","link":"https:\/\/www.suno.com.br\/noticias\/wirecard-faz-alemanha-reforcar-regulamentacao\/","title":{"rendered":"Wirecard faz Alemanha refor\u00e7ar regulamenta\u00e7\u00e3o financeira"},"content":{"rendered":"<p>Pressionada pelo fracasso no policiamento das contas da <strong>Wirecard<\/strong>, o Minist\u00e9rio das Finan\u00e7as da Alemanha anunciou, nesta sexta-feira (24), uma reforma da regulamenta\u00e7\u00e3o financeira no pa\u00eds. O caso da fintech levantou questionamentos sobre a efetividade do \u00f3rg\u00e3o governamental em mitigar esse tipo de esc\u00e2ndalo.<\/p>\t<div class=\"wrapper-featured-image\">\n\t\t<figure class=\"spotlightImg\">\n\n\t\t\t<picture>\n\t\t\t\t<source media=\"(max-width: 768px)\" srcset=\"https:\/\/files.sunoresearch.com.br\/n\/uploads\/2020\/06\/1556b7ba-wirecard-400x200.webp\">\n\t\t\t\t<img loading=\"lazy\" decoding=\"async\" class=\"newsContent__article__imgCapa lazyloadDisabled newsContent__article__imgCapa--noCaption\" src=\"https:\/\/files.sunoresearch.com.br\/n\/uploads\/2020\/06\/1556b7ba-wirecard-800x450.webp\" width=\"800\" height=\"450\" alt=\"Wirecard faz Alemanha refor\u00e7ar regulamenta\u00e7\u00e3o financeira\" fetchpriority=high \/>\n\t\t\t<\/picture>\n\n\t\t\t<figcaption class=\"wp-caption-text wp-caption-text--hide\">O presidente global da EY demonstrou a clientes por meio de uma carta seu &quot;pesar&quot; sobre as fraudes na fintech Wirecard.<\/figcaption>\n\t\t<\/figure>\n\t<\/div>\n\n\n\n<p>Segundo o minist\u00e9rio, o <strong>BaFin<\/strong>, regulador financeiro, deve estar equipado com &#8220;poderes soberanos&#8221; para intervir &#8220;direta e imediatamente&#8221; em empresas p\u00fablicas, de acordo com os termos da reforma proposta. No caso da Wirecard, no entanto, o <a href=\"https:\/\/www.suno.com.br\/noticias\/wirecard-ministro-sabia-da-manipulacao-de-mercado\/\">BaFin teria avisado o ministro de finan\u00e7as alem\u00e3o, Olaf Scholz, da manipula\u00e7\u00e3o de mercado praticada pela empresa<\/a>.<\/p>\n<p>\u201cO BaFin deve ter o direito de realizar auditorias especiais em todas as empresas orientadas para o mercado de capitais, incluindo o direito de acessar informa\u00e7\u00f5es de terceiros, a capacidade de realizar investiga\u00e7\u00f5es forenses e o direito de informar o p\u00fablico sobre sua auditoria dos balan\u00e7os anteriormente do que atualmente \u00e9 o caso \u201d, disse o minist\u00e9rio.<\/p>\n<p><a href=\"https:\/\/lp.suno.com.br\/suno-one\/\">No Suno One voc\u00ea aprende a fazer seu dinheiro trabalhar para voc\u00ea. Cadastre-se gratuitamente agora!<\/a><\/p>\n<p>De acordo com o novo plano de a\u00e7\u00e3o, a APAS, \u00f3rg\u00e3o que supervisiona as empresas de auditoria do pa\u00eds, ter\u00e1 autonomia em impor san\u00e7\u00f5es mais duras a infratores. Al\u00e9m disso, as empresas do pa\u00eds passariam a ter de trocar de auditoria a cada d\u00e9cada.<\/p>\n<p>Ademais, a reforma tamb\u00e9m prop\u00f5e que o \u00f3rg\u00e3o de supervis\u00e3o financeira da <strong>Uni\u00e3o Europeia<\/strong> (UE) se torne uma &#8220;Comiss\u00e3o de Valores Mobili\u00e1rios da Europa&#8221;. A autarquia seria modelada com base na <a href=\"https:\/\/www.suno.com.br\/artigos\/sec\/#:~:text=A%20SEC%20(ou%20U.S.%20Securities,respons%C3%A1vel%20por%20proteger%20os%20investidores.&amp;text=Essa%20ag%C3%AAncia%20foi%20criada%20pelo,de%20valores%20mobili%C3%A1rios%20daquele%20pa%C3%ADs.\">U.S. Securities and Exchange Comission (<strong>SEC<\/strong>)<\/a> dos Estados Unidos, que possui poderes mais amplos para exigir informa\u00e7\u00f5es das companhias de capital aberto.<\/p>\n<p>Em junho, a Wirecard foi for\u00e7ada a pedir insolv\u00eancia ap\u00f3s admitir que quase 2 bilh\u00f5es de euros (cerca de R$ 12,10 bilh\u00f5es), que a empresa dizia manter em caixa &#8212; provenientes de lucros auferidos &#8212; em dois bancos da Filipinas, provavelmente &#8220;n\u00e3o existiam&#8221;.<\/p>\n<p>Com o esc\u00e2ndalo, o ent\u00e3o CEO da empresa, <strong>Markus Braun<\/strong>, foi preso pela pol\u00edcia de Munique, acusado de \u201cinflar o volume de vendas da Wirecard com recursos falsos\u201d. A companhia, que chegou a ser avaliada em cerca de US$ 20 bilh\u00f5es, atualmente tem as a\u00e7\u00f5es cotadas a menos de \u20ac 2.<\/p>\n<p><a href=\"https:\/\/www.suno.com.br\/noticias\/bolsa-valores-ascensao-queda-fraudes\/\">Veja tamb\u00e9m: Bolsa de Valores: ascens\u00e3o e queda de 3 das maiores fraudes da hist\u00f3ria<\/a><\/p>\n<p>O caso levou a UE a investigar o BaFin pela n\u00e3o intercepta\u00e7\u00e3o da fraude cont\u00e1bil, mesmo em meio \u00e0 diversos relat\u00f3rios de m\u00eddia especializada e analistas sobre suspeitas acerca dos n\u00fameros da fintech.<\/p>\n<p>O caso da <strong>Wirecard<\/strong> tamb\u00e9m deve agitar os bastidores pol\u00edticos da Alemanha. Olaf Scholz, acusado de ter conhecimento sobre os problemas com os balan\u00e7os da empresa, \u00e9 aliado da chanceler Angela Merkel &#8212; a qual teria feito lobby em nome da Wirecard junto a autoridades chinesas em setembro de 2019, segundo o jornal brit\u00e2nico &#8220;Financial Times&#8221;.<\/p>\n\n","protected":false},"excerpt":{"rendered":"<p>Pressionada pelo fracasso no policiamento das contas da Wirecard, o Minist\u00e9rio das Finan\u00e7as da Alemanha anunciou, nesta sexta-feira (24), uma reforma da regulamenta\u00e7\u00e3o financeira no pa\u00eds. O caso da fintech levantou questionamentos sobre a efetividade do \u00f3rg\u00e3o governamental em mitigar esse tipo de esc\u00e2ndalo. O presidente global da EY demonstrou a clientes por meio de [&hellip;]<\/p>\n","protected":false},"author":24,"featured_media":70333,"comment_status":"closed","ping_status":"closed","sticky":false,"template":"","format":"standard","meta":[],"categories":[63],"tags":[856,3745,55307],"suno_strategy":[],"class_list":["post-74657","post","type-post","status-publish","format-standard","has-post-thumbnail","hentry","category-internacional","tag-alemanha","tag-dax-30","tag-wirecard"],"yoast_head":"<!-- This site is optimized with the Yoast SEO plugin v24.4 - https:\/\/yoast.com\/wordpress\/plugins\/seo\/ -->\n<title>Wirecard faz Alemanha refor\u00e7ar regulamenta\u00e7\u00e3o financeira<\/title>\n<meta name=\"description\" content=\"Pressionada pelo fracasso no policiamento da Wirecard, a Alemanha anunciou uma reforma da regulamenta\u00e7\u00e3o financeira no pa\u00eds. Saiba mais.\" \/>\n<meta name=\"robots\" content=\"index, follow, max-snippet:-1, max-image-preview:large, max-video-preview:-1\" \/>\n<link rel=\"canonical\" href=\"https:\/\/www.suno.com.br\/noticias\/wirecard-faz-alemanha-reforcar-regulamentacao\/\" \/>\n<meta property=\"og:locale\" content=\"pt_BR\" \/>\n<meta property=\"og:type\" content=\"article\" \/>\n<meta property=\"og:title\" content=\"Wirecard faz Alemanha refor\u00e7ar regulamenta\u00e7\u00e3o financeira\" \/>\n<meta property=\"og:description\" content=\"Pressionada pelo fracasso no policiamento da Wirecard, a Alemanha anunciou uma reforma da regulamenta\u00e7\u00e3o financeira no pa\u00eds. Saiba mais.\" \/>\n<meta property=\"og:url\" content=\"https:\/\/www.suno.com.br\/noticias\/wirecard-faz-alemanha-reforcar-regulamentacao\/\" \/>\n<meta property=\"og:site_name\" content=\"Suno Not\u00edcias\" \/>\n<meta property=\"article:publisher\" content=\"https:\/\/facebook.com\/sunoresearch\" \/>\n<meta property=\"og:image\" content=\"https:\/\/files.sunoresearch.com.br\/n\/uploads\/2020\/06\/1556b7ba-wirecard.jpg\" \/>\n\t<meta property=\"og:image:width\" content=\"1440\" \/>\n\t<meta property=\"og:image:height\" content=\"810\" \/>\n\t<meta property=\"og:image:type\" content=\"image\/jpeg\" \/>\n<meta name=\"author\" content=\"Jader Lazarini\" \/>\n<meta name=\"twitter:card\" content=\"summary_large_image\" \/>\n<meta name=\"twitter:creator\" content=\"@sunoresearch\" \/>\n<meta name=\"twitter:site\" content=\"@sunoresearch\" \/>\n<meta name=\"twitter:label1\" content=\"Escrito por\" \/>\n\t<meta name=\"twitter:data1\" content=\"Jader Lazarini\" \/>\n\t<meta name=\"twitter:label2\" content=\"Est. tempo de leitura\" \/>\n\t<meta name=\"twitter:data2\" content=\"3 minutos\" \/>\n<script type=\"application\/ld+json\" class=\"yoast-schema-graph\">{\"@context\":\"https:\/\/schema.org\",\"@graph\":[{\"@type\":\"NewsArticle\",\"@id\":\"https:\/\/www.suno.com.br\/noticias\/wirecard-faz-alemanha-reforcar-regulamentacao\/#article\",\"isPartOf\":{\"@id\":\"https:\/\/www.suno.com.br\/noticias\/wirecard-faz-alemanha-reforcar-regulamentacao\/\"},\"author\":{\"name\":\"Jader Lazarini\",\"@id\":\"https:\/\/www.suno.com.br\/noticias\/#\/schema\/person\/918d79de1f0281f01599b93f9ea6e23f\"},\"headline\":\"Wirecard faz Alemanha refor\u00e7ar regulamenta\u00e7\u00e3o financeira\",\"datePublished\":\"2020-07-24T15:28:29+00:00\",\"mainEntityOfPage\":{\"@id\":\"https:\/\/www.suno.com.br\/noticias\/wirecard-faz-alemanha-reforcar-regulamentacao\/\"},\"wordCount\":524,\"publisher\":{\"@id\":\"https:\/\/www.suno.com.br\/noticias\/#organization\"},\"image\":{\"@id\":\"https:\/\/www.suno.com.br\/noticias\/wirecard-faz-alemanha-reforcar-regulamentacao\/#primaryimage\"},\"thumbnailUrl\":\"https:\/\/files.sunoresearch.com.br\/n\/uploads\/2020\/06\/1556b7ba-wirecard-jpg.webp\",\"keywords\":[\"Alemanha\",\"Dax\u00a030\",\"Wirecard\"],\"articleSection\":[\"Internacional\"],\"inLanguage\":\"pt-BR\"},{\"@type\":\"WebPage\",\"@id\":\"https:\/\/www.suno.com.br\/noticias\/wirecard-faz-alemanha-reforcar-regulamentacao\/\",\"url\":\"https:\/\/www.suno.com.br\/noticias\/wirecard-faz-alemanha-reforcar-regulamentacao\/\",\"name\":\"Wirecard faz Alemanha refor\u00e7ar regulamenta\u00e7\u00e3o financeira\",\"isPartOf\":{\"@id\":\"https:\/\/www.suno.com.br\/noticias\/#website\"},\"primaryImageOfPage\":{\"@id\":\"https:\/\/www.suno.com.br\/noticias\/wirecard-faz-alemanha-reforcar-regulamentacao\/#primaryimage\"},\"image\":{\"@id\":\"https:\/\/www.suno.com.br\/noticias\/wirecard-faz-alemanha-reforcar-regulamentacao\/#primaryimage\"},\"thumbnailUrl\":\"https:\/\/files.sunoresearch.com.br\/n\/uploads\/2020\/06\/1556b7ba-wirecard-jpg.webp\",\"datePublished\":\"2020-07-24T15:28:29+00:00\",\"description\":\"Pressionada pelo fracasso no policiamento da Wirecard, a Alemanha anunciou uma reforma da regulamenta\u00e7\u00e3o financeira no pa\u00eds. Saiba mais.\",\"breadcrumb\":{\"@id\":\"https:\/\/www.suno.com.br\/noticias\/wirecard-faz-alemanha-reforcar-regulamentacao\/#breadcrumb\"},\"inLanguage\":\"pt-BR\",\"potentialAction\":[{\"@type\":\"ReadAction\",\"target\":[\"https:\/\/www.suno.com.br\/noticias\/wirecard-faz-alemanha-reforcar-regulamentacao\/\"]}]},{\"@type\":\"ImageObject\",\"inLanguage\":\"pt-BR\",\"@id\":\"https:\/\/www.suno.com.br\/noticias\/wirecard-faz-alemanha-reforcar-regulamentacao\/#primaryimage\",\"url\":\"https:\/\/files.sunoresearch.com.br\/n\/uploads\/2020\/06\/1556b7ba-wirecard-jpg.webp\",\"contentUrl\":\"https:\/\/files.sunoresearch.com.br\/n\/uploads\/2020\/06\/1556b7ba-wirecard-jpg.webp\",\"width\":1440,\"height\":810,\"caption\":\"O presidente global da EY demonstrou a clientes por meio de uma carta seu \\\"pesar\\\" sobre as fraudes na fintech Wirecard.\"},{\"@type\":\"BreadcrumbList\",\"@id\":\"https:\/\/www.suno.com.br\/noticias\/wirecard-faz-alemanha-reforcar-regulamentacao\/#breadcrumb\",\"itemListElement\":[{\"@type\":\"ListItem\",\"position\":1,\"name\":\"Not\u00edcias\",\"item\":\"https:\/\/www.suno.com.br\/noticias\/\"},{\"@type\":\"ListItem\",\"position\":2,\"name\":\"Internacional\",\"item\":\"https:\/\/www.suno.com.br\/noticias\/internacional\/\"},{\"@type\":\"ListItem\",\"position\":3,\"name\":\"Wirecard faz Alemanha refor\u00e7ar regulamenta\u00e7\u00e3o financeira\"}]},{\"@type\":\"WebSite\",\"@id\":\"https:\/\/www.suno.com.br\/noticias\/#website\",\"url\":\"https:\/\/www.suno.com.br\/noticias\/\",\"name\":\"Suno Not\u00edcias\",\"description\":\"Seu portal de informa\u00e7\u00e3o sobre o mundo dos investimentos\",\"publisher\":{\"@id\":\"https:\/\/www.suno.com.br\/noticias\/#organization\"},\"potentialAction\":[{\"@type\":\"SearchAction\",\"target\":{\"@type\":\"EntryPoint\",\"urlTemplate\":\"https:\/\/www.suno.com.br\/noticias\/?s={search_term_string}\"},\"query-input\":{\"@type\":\"PropertyValueSpecification\",\"valueRequired\":true,\"valueName\":\"search_term_string\"}}],\"inLanguage\":\"pt-BR\"},{\"@type\":\"Organization\",\"@id\":\"https:\/\/www.suno.com.br\/noticias\/#organization\",\"name\":\"Suno Not\u00edcias\",\"url\":\"https:\/\/www.suno.com.br\/noticias\/\",\"logo\":{\"@type\":\"ImageObject\",\"inLanguage\":\"pt-BR\",\"@id\":\"https:\/\/www.suno.com.br\/noticias\/#\/schema\/logo\/image\/\",\"url\":\"https:\/\/files.sunoresearch.com.br\/n\/uploads\/2021\/09\/suno-logo.png\",\"contentUrl\":\"https:\/\/files.sunoresearch.com.br\/n\/uploads\/2021\/09\/suno-logo.png\",\"width\":180,\"height\":180,\"caption\":\"Suno Not\u00edcias\"},\"image\":{\"@id\":\"https:\/\/www.suno.com.br\/noticias\/#\/schema\/logo\/image\/\"},\"sameAs\":[\"https:\/\/facebook.com\/sunoresearch\",\"https:\/\/x.com\/sunoresearch\",\"https:\/\/www.instagram.com\/suno\",\"https:\/\/www.linkedin.com\/company\/suno-research\/\",\"https:\/\/www.youtube.com\/c\/sunoresearch\"]},{\"@type\":\"Person\",\"@id\":\"https:\/\/www.suno.com.br\/noticias\/#\/schema\/person\/918d79de1f0281f01599b93f9ea6e23f\",\"name\":\"Jader Lazarini\",\"image\":{\"@type\":\"ImageObject\",\"inLanguage\":\"pt-BR\",\"@id\":\"https:\/\/www.suno.com.br\/noticias\/#\/schema\/person\/image\/\",\"url\":\"https:\/\/secure.gravatar.com\/avatar\/3c1ad8caa51589841baeb923fcddea97?s=96&r=g\",\"contentUrl\":\"https:\/\/secure.gravatar.com\/avatar\/3c1ad8caa51589841baeb923fcddea97?s=96&r=g\",\"caption\":\"Jader Lazarini\"},\"description\":\"Jader Lazarini escreve sobre investimentos, finan\u00e7as, economia e neg\u00f3cios. \u00c9 bacharel em Rela\u00e7\u00f5es Internacionais e analista CNPI (2619).\",\"url\":\"https:\/\/www.suno.com.br\/noticias\/author\/jader-lazarini\/\"}]}<\/script>\n<!-- \/ Yoast SEO plugin. -->","yoast_head_json":{"title":"Wirecard faz Alemanha refor\u00e7ar regulamenta\u00e7\u00e3o financeira","description":"Pressionada pelo fracasso no policiamento da Wirecard, a Alemanha anunciou uma reforma da regulamenta\u00e7\u00e3o financeira no pa\u00eds. Saiba mais.","robots":{"index":"index","follow":"follow","max-snippet":"max-snippet:-1","max-image-preview":"max-image-preview:large","max-video-preview":"max-video-preview:-1"},"canonical":"https:\/\/www.suno.com.br\/noticias\/wirecard-faz-alemanha-reforcar-regulamentacao\/","og_locale":"pt_BR","og_type":"article","og_title":"Wirecard faz Alemanha refor\u00e7ar regulamenta\u00e7\u00e3o financeira","og_description":"Pressionada pelo fracasso no policiamento da Wirecard, a Alemanha anunciou uma reforma da regulamenta\u00e7\u00e3o financeira no pa\u00eds. Saiba mais.","og_url":"https:\/\/www.suno.com.br\/noticias\/wirecard-faz-alemanha-reforcar-regulamentacao\/","og_site_name":"Suno Not\u00edcias","article_publisher":"https:\/\/facebook.com\/sunoresearch","og_image":[{"width":1440,"height":810,"url":"https:\/\/files.sunoresearch.com.br\/n\/uploads\/2020\/06\/1556b7ba-wirecard.jpg","type":"image\/jpeg"}],"author":"Jader Lazarini","twitter_card":"summary_large_image","twitter_creator":"@sunoresearch","twitter_site":"@sunoresearch","twitter_misc":{"Escrito por":"Jader Lazarini","Est. tempo de leitura":"3 minutos"},"schema":{"@context":"https:\/\/schema.org","@graph":[{"@type":"NewsArticle","@id":"https:\/\/www.suno.com.br\/noticias\/wirecard-faz-alemanha-reforcar-regulamentacao\/#article","isPartOf":{"@id":"https:\/\/www.suno.com.br\/noticias\/wirecard-faz-alemanha-reforcar-regulamentacao\/"},"author":{"name":"Jader Lazarini","@id":"https:\/\/www.suno.com.br\/noticias\/#\/schema\/person\/918d79de1f0281f01599b93f9ea6e23f"},"headline":"Wirecard faz Alemanha refor\u00e7ar regulamenta\u00e7\u00e3o financeira","datePublished":"2020-07-24T15:28:29+00:00","mainEntityOfPage":{"@id":"https:\/\/www.suno.com.br\/noticias\/wirecard-faz-alemanha-reforcar-regulamentacao\/"},"wordCount":524,"publisher":{"@id":"https:\/\/www.suno.com.br\/noticias\/#organization"},"image":{"@id":"https:\/\/www.suno.com.br\/noticias\/wirecard-faz-alemanha-reforcar-regulamentacao\/#primaryimage"},"thumbnailUrl":"https:\/\/files.sunoresearch.com.br\/n\/uploads\/2020\/06\/1556b7ba-wirecard-jpg.webp","keywords":["Alemanha","Dax\u00a030","Wirecard"],"articleSection":["Internacional"],"inLanguage":"pt-BR"},{"@type":"WebPage","@id":"https:\/\/www.suno.com.br\/noticias\/wirecard-faz-alemanha-reforcar-regulamentacao\/","url":"https:\/\/www.suno.com.br\/noticias\/wirecard-faz-alemanha-reforcar-regulamentacao\/","name":"Wirecard faz Alemanha refor\u00e7ar regulamenta\u00e7\u00e3o financeira","isPartOf":{"@id":"https:\/\/www.suno.com.br\/noticias\/#website"},"primaryImageOfPage":{"@id":"https:\/\/www.suno.com.br\/noticias\/wirecard-faz-alemanha-reforcar-regulamentacao\/#primaryimage"},"image":{"@id":"https:\/\/www.suno.com.br\/noticias\/wirecard-faz-alemanha-reforcar-regulamentacao\/#primaryimage"},"thumbnailUrl":"https:\/\/files.sunoresearch.com.br\/n\/uploads\/2020\/06\/1556b7ba-wirecard-jpg.webp","datePublished":"2020-07-24T15:28:29+00:00","description":"Pressionada pelo fracasso no policiamento da Wirecard, a Alemanha anunciou uma reforma da regulamenta\u00e7\u00e3o financeira no pa\u00eds. Saiba mais.","breadcrumb":{"@id":"https:\/\/www.suno.com.br\/noticias\/wirecard-faz-alemanha-reforcar-regulamentacao\/#breadcrumb"},"inLanguage":"pt-BR","potentialAction":[{"@type":"ReadAction","target":["https:\/\/www.suno.com.br\/noticias\/wirecard-faz-alemanha-reforcar-regulamentacao\/"]}]},{"@type":"ImageObject","inLanguage":"pt-BR","@id":"https:\/\/www.suno.com.br\/noticias\/wirecard-faz-alemanha-reforcar-regulamentacao\/#primaryimage","url":"https:\/\/files.sunoresearch.com.br\/n\/uploads\/2020\/06\/1556b7ba-wirecard-jpg.webp","contentUrl":"https:\/\/files.sunoresearch.com.br\/n\/uploads\/2020\/06\/1556b7ba-wirecard-jpg.webp","width":1440,"height":810,"caption":"O presidente global da EY demonstrou a clientes por meio de uma carta seu \"pesar\" sobre as fraudes na fintech Wirecard."},{"@type":"BreadcrumbList","@id":"https:\/\/www.suno.com.br\/noticias\/wirecard-faz-alemanha-reforcar-regulamentacao\/#breadcrumb","itemListElement":[{"@type":"ListItem","position":1,"name":"Not\u00edcias","item":"https:\/\/www.suno.com.br\/noticias\/"},{"@type":"ListItem","position":2,"name":"Internacional","item":"https:\/\/www.suno.com.br\/noticias\/internacional\/"},{"@type":"ListItem","position":3,"name":"Wirecard faz Alemanha refor\u00e7ar regulamenta\u00e7\u00e3o financeira"}]},{"@type":"WebSite","@id":"https:\/\/www.suno.com.br\/noticias\/#website","url":"https:\/\/www.suno.com.br\/noticias\/","name":"Suno Not\u00edcias","description":"Seu portal de informa\u00e7\u00e3o sobre o mundo dos investimentos","publisher":{"@id":"https:\/\/www.suno.com.br\/noticias\/#organization"},"potentialAction":[{"@type":"SearchAction","target":{"@type":"EntryPoint","urlTemplate":"https:\/\/www.suno.com.br\/noticias\/?s={search_term_string}"},"query-input":{"@type":"PropertyValueSpecification","valueRequired":true,"valueName":"search_term_string"}}],"inLanguage":"pt-BR"},{"@type":"Organization","@id":"https:\/\/www.suno.com.br\/noticias\/#organization","name":"Suno Not\u00edcias","url":"https:\/\/www.suno.com.br\/noticias\/","logo":{"@type":"ImageObject","inLanguage":"pt-BR","@id":"https:\/\/www.suno.com.br\/noticias\/#\/schema\/logo\/image\/","url":"https:\/\/files.sunoresearch.com.br\/n\/uploads\/2021\/09\/suno-logo.png","contentUrl":"https:\/\/files.sunoresearch.com.br\/n\/uploads\/2021\/09\/suno-logo.png","width":180,"height":180,"caption":"Suno Not\u00edcias"},"image":{"@id":"https:\/\/www.suno.com.br\/noticias\/#\/schema\/logo\/image\/"},"sameAs":["https:\/\/facebook.com\/sunoresearch","https:\/\/x.com\/sunoresearch","https:\/\/www.instagram.com\/suno","https:\/\/www.linkedin.com\/company\/suno-research\/","https:\/\/www.youtube.com\/c\/sunoresearch"]},{"@type":"Person","@id":"https:\/\/www.suno.com.br\/noticias\/#\/schema\/person\/918d79de1f0281f01599b93f9ea6e23f","name":"Jader Lazarini","image":{"@type":"ImageObject","inLanguage":"pt-BR","@id":"https:\/\/www.suno.com.br\/noticias\/#\/schema\/person\/image\/","url":"https:\/\/secure.gravatar.com\/avatar\/3c1ad8caa51589841baeb923fcddea97?s=96&r=g","contentUrl":"https:\/\/secure.gravatar.com\/avatar\/3c1ad8caa51589841baeb923fcddea97?s=96&r=g","caption":"Jader Lazarini"},"description":"Jader Lazarini escreve sobre investimentos, finan\u00e7as, economia e neg\u00f3cios. \u00c9 bacharel em Rela\u00e7\u00f5es Internacionais e analista CNPI (2619).","url":"https:\/\/www.suno.com.br\/noticias\/author\/jader-lazarini\/"}]}},"default_loop_html":"<div class=\"cardsPage__listCard__boxs\"><div class=\"cardsPage__listCard__boxs__img\"><a href=\"https:\/\/www.suno.com.br\/noticias\/wirecard-faz-alemanha-reforcar-regulamentacao\/\"><img class=\"mask\" src=\"https:\/\/www.suno.com.br\/noticias\/wp-content\/themes\/suno\/resources\/images\/spotlight\/spotlight1img\/bg-mask.png\" alt=\"Image Mask\"\/><img src=\"https:\/\/files.sunoresearch.com.br\/n\/uploads\/2020\/06\/1556b7ba-wirecard-400x200.webp\" alt=\"Wirecard faz Alemanha refor\u00e7ar regulamenta\u00e7\u00e3o financeira\"\/><\/a><span class=\"spotlightCategory\"><a href=\"https:\/\/www.suno.com.br\/noticias\/internacional\/\">Internacional<\/a><\/span><\/div><div class=\"cardsPage__listCard__boxs__content\"><a href=\"https:\/\/www.suno.com.br\/noticias\/wirecard-faz-alemanha-reforcar-regulamentacao\/\"><h2 class=\"content__title\">Wirecard faz Alemanha refor\u00e7ar regulamenta\u00e7\u00e3o financeira<\/h2><\/a><div class=\"newsContent__article__meta\"><div class=\"newsContent__article__meta__authorBox\"><a href=\"https:\/\/www.suno.com.br\/noticias\/author\/jader-lazarini\/\" class=\"authorBox__avatar noMobi\"><img src=\"https:\/\/files.sunoresearch.com.br\/n\/uploads\/2021\/01\/178e6598-foto-perfil-2-150x150.jpg\" alt=\"Jader Lazarini\"><\/a><div class=\"authorBox__name\"><span>por\n\t\t\t<a href=\"https:\/\/www.suno.com.br\/noticias\/author\/jader-lazarini\/\"><span itemprop=\"author\">Jader Lazarini<\/span><\/a><\/span><time datetime=\"2020-07-24T12:28:29-03:00\" itemprop=\"datePublished\">24\/07\/2020 12:28<\/time><\/div><\/div><\/div><\/div><\/div>","single_layout":"posts","amp_enabled":true,"_links":{"self":[{"href":"https:\/\/www.suno.com.br\/noticias\/wp-json\/wp\/v2\/posts\/74657"}],"collection":[{"href":"https:\/\/www.suno.com.br\/noticias\/wp-json\/wp\/v2\/posts"}],"about":[{"href":"https:\/\/www.suno.com.br\/noticias\/wp-json\/wp\/v2\/types\/post"}],"author":[{"embeddable":true,"href":"https:\/\/www.suno.com.br\/noticias\/wp-json\/wp\/v2\/users\/24"}],"replies":[{"embeddable":true,"href":"https:\/\/www.suno.com.br\/noticias\/wp-json\/wp\/v2\/comments?post=74657"}],"version-history":[{"count":0,"href":"https:\/\/www.suno.com.br\/noticias\/wp-json\/wp\/v2\/posts\/74657\/revisions"}],"wp:featuredmedia":[{"embeddable":true,"href":"https:\/\/www.suno.com.br\/noticias\/wp-json\/wp\/v2\/media\/70333"}],"wp:attachment":[{"href":"https:\/\/www.suno.com.br\/noticias\/wp-json\/wp\/v2\/media?parent=74657"}],"wp:term":[{"taxonomy":"category","embeddable":true,"href":"https:\/\/www.suno.com.br\/noticias\/wp-json\/wp\/v2\/categories?post=74657"},{"taxonomy":"post_tag","embeddable":true,"href":"https:\/\/www.suno.com.br\/noticias\/wp-json\/wp\/v2\/tags?post=74657"},{"taxonomy":"suno_strategy","embeddable":true,"href":"https:\/\/www.suno.com.br\/noticias\/wp-json\/wp\/v2\/suno_strategy?post=74657"}],"curies":[{"name":"wp","href":"https:\/\/api.w.org\/{rel}","templated":true}]}}