{"id":74641,"date":"2020-07-24T10:38:40","date_gmt":"2020-07-24T13:38:40","guid":{"rendered":"https:\/\/www.suno.com.br\/noticias\/?p=74641"},"modified":"2020-07-24T10:40:55","modified_gmt":"2020-07-24T13:40:55","slug":"ibovespa-abre-em-queda-de-06-atento-a-medida-retaliatoria-da-china-24072020","status":"publish","type":"post","link":"https:\/\/www.suno.com.br\/noticias\/ibovespa-abre-em-queda-de-06-atento-a-medida-retaliatoria-da-china-24072020\/","title":{"rendered":"Ibovespa abre em queda de 0,6% atento a medida retaliat\u00f3ria da China"},"content":{"rendered":"<p>Apesar da pol\u00edtica interna demonstrar tom conciliador nas conversas, a situa\u00e7\u00e3o geopol\u00edtica tem apresentado piora na escalada de tens\u00e3o entre as duas principais economias do mundo. Por esse motivo, o principal \u00edndice da <a href=\"https:\/\/www.suno.com.br\/artigos\/b3\/\">Bolsa de Valores (B3)<\/a>, o <strong><a href=\"https:\/\/www.suno.com.br\/artigos\/ibovespa\/\">Ibovespa<\/a><\/strong>, opera, nesta sexta-feira (24), entre perdas e ganhos.<\/p>\t<div class=\"wrapper-featured-image\">\n\t\t<figure class=\"spotlightImg\">\n\n\t\t\t<picture>\n\t\t\t\t<source media=\"(max-width: 768px)\" srcset=\"https:\/\/files.sunoresearch.com.br\/n\/uploads\/2020\/02\/37cd5ae4-ibovespa-400x200.webp\">\n\t\t\t\t<img loading=\"lazy\" decoding=\"async\" class=\"newsContent__article__imgCapa lazyloadDisabled newsContent__article__imgCapa--noCaption\" src=\"https:\/\/files.sunoresearch.com.br\/n\/uploads\/2020\/02\/37cd5ae4-ibovespa-800x450.webp\" width=\"800\" height=\"450\" alt=\"Ibovespa abre em queda de 0,6% atento a medida retaliat\u00f3ria da China\" fetchpriority=high \/>\n\t\t\t<\/picture>\n\n\t\t\t<figcaption class=\"wp-caption-text wp-caption-text--hide\">IBOVESPA<\/figcaption>\n\t\t<\/figure>\n\t<\/div>\n\n\n\n<p>Por volta das 10h30, o Ibovespa operava em queda de 0,69%, a 101.683,02 pontos. O mercado monitora a decis\u00e3o da China de fechar o consulado dos EUA em Chengdu, como uma medida retaliat\u00f3ria.<\/p>\n<p>Al\u00e9m disso, segue no radar dos investidores, o pronunciamento do presidente da C\u00e2mara ao lado do ministro da Economia sobre unir os esfor\u00e7os para a tramita\u00e7\u00e3o da reforma tribut\u00e1ria.<\/p>\n<p><a href=\"https:\/\/lp.suno.com.br\/suno-one\/\">Suno One: o primeiro passo para alcan\u00e7ar a sua independ\u00eancia financeira. Acesse agora, \u00e9 gratuito!<\/a><\/p>\n<h2>EUA X China<\/h2>\n<p>O governo da China determinou, na madrugada desta sexta-feira, o fechamento do consulado dos Estados Unidos em Chengdu, sudoeste do pa\u00eds. Pequim retalia a decis\u00e3o norte-americana pelo <a href=\"https:\/\/www.suno.com.br\/noticias\/eua-determinam-fechamento-de-consulado-da-china-em-houston\/\">fechamento do consulado chin\u00eas em Houston<\/a>, na \u00faltima quarta-feira (22).<\/p>\n<p>O Minist\u00e9rio das Rela\u00e7\u00f5es Exteriores da gigante asi\u00e1tica afirmou, em nota, que o fechamento do consulado foi uma &#8220;resposta leg\u00edtima e necess\u00e1ria ao ato injustificado dos Estados Unidos&#8221;. Os diplomatas instalados no consulado de Chengdu t\u00eam 30 dias para deixar o pa\u00eds.<\/p>\n<p>Wenbin, disse, em entrevista coletiva nesta sexta-feira, que alguns funcion\u00e1rios do consulado \u201cse envolveram em atividades inconsistentes com sua capacidade, interferiram nos assuntos internos da China e prejudicaram os interesses de seguran\u00e7a nacional da China\u201d.<\/p>\n<p>Em fun\u00e7\u00e3o da elevada tens\u00e3o e incertezas acerca dos riscos geopol\u00edticos, a bolsa de Xangai, na China, <a href=\"https:\/\/www.suno.com.br\/noticias\/futuros-ny-europa-asia-24072020\/\">encerrou o preg\u00e3o nesta quarta-feira caindo quase 4%<\/a>. Os futuros de Nova York, de forma similar, operam em queda nesta manh\u00e3.<\/p>\n<p>A decis\u00e3o eleva a tens\u00e3o entre os pa\u00edses, agravada pela pandemia do <a href=\"https:\/\/www.suno.com.br\/noticias\/?s=coronavirus\">novo coronav\u00edrus (Covid-19)<\/a>, crescimento da <a href=\"https:\/\/www.suno.com.br\/noticias\/eua-reino-unido-discutem-planos-coalizao-para-resistir-china\/\">tecnologia 5G chinesa<\/a> no mundo e a <a href=\"https:\/\/www.suno.com.br\/noticias\/china-lei-de-seguranca-hong-kong-confronto-trump\/\">interfer\u00eancia da China em Hong Kong<\/a>.<\/p>\n<h2>Reforma tribut\u00e1ria<\/h2>\n<p>O presidente da C\u00e2mara dos Deputados, Rodrigo Maia, afirmou na \u00faltima quinta-feira (23) que o momento atual \u00e9 de di\u00e1logo para unir os esfor\u00e7os do Congresso com o Governo. A declara\u00e7\u00e3o de Maia foi feita ao lado do ministro da Economia, Paulo Guedes.<\/p>\n<p><a href=\"https:\/\/www.suno.com.br\/noticias\/reforma-tributaria-comissao-mista-deve-retornar-na-proxima-semana\/\">Veja Tamb\u00e9m: Reforma tribut\u00e1ria: comiss\u00e3o mista deve retornar na pr\u00f3xima semana<\/a><\/p>\n<p>&#8220;Acho que est\u00e1 na hora de a gente voltar a ter reuni\u00f5es peri\u00f3dicas, permanentes. Sempre tive uma enorme confian\u00e7a no ministro Paulo Guedes. Na minha \u00faltima elei\u00e7\u00e3o para a Presid\u00eancia da C\u00e2mara, o ministro Guedes foi decisivo e eu vim aqui dizer a ele isso, do meu compromisso de pauta da moderniza\u00e7\u00e3o do Estado brasileiro, de melhoria do ambiente de neg\u00f3cio do setor privado&#8221;, disse Maia.<\/p>\n<p>Por fim, o presidente salientou a import\u00e2ncia de encerrar com ru\u00eddos entre as rela\u00e7\u00f5es do governo com o Parlamento.\u00a0&#8220;Vim aqui dizer que estou \u00e0 disposi\u00e7\u00e3o para continuar dialogando e tirar da frente qualquer tipo de ru\u00eddo nas rela\u00e7\u00f5es do governo com parte do Parlamento&#8221;.<\/p>\n<h2>Confian\u00e7a do consumidor<\/h2>\n<p>O \u00cdndice de Confian\u00e7a do Consumidor (ICC) subiu 7,7 pontos em julho, para 78,8 pontos. De acordo com a Funda\u00e7\u00e3o Getulio Vargas (FGV), ap\u00f3s tr\u00eas meses em alta, o \u00edndice agora est\u00e1 em 9,0 pontos abaixo de fevereiro, \u00faltimo m\u00eas antes da pandemia do novo coronav\u00edrus (covid-19). Em m\u00e9dias trimestrais, houve alta de 6,9 pontos ap\u00f3s uma sequ\u00eancia de cinco quedas.<\/p>\n<p><a href=\"https:\/\/www.suno.com.br\/noticias\/confianca-do-consumidor-sobe-77-pontos-em-julho-aponta-fgv\/\">Saiba Mais: Confian\u00e7a do consumidor sobe 7,7 pontos em julho, aponta FGV<\/a><\/p>\n<p>Neste m\u00eas, a confian\u00e7a dos consumidores sobre a situa\u00e7\u00e3o atual ficou est\u00e1vel em rela\u00e7\u00e3o a <a href=\"https:\/\/www.suno.com.br\/noticias\/confianca-do-consumidor-sobe-em-9-pontos-em-junho-diz-fgv\/\">junho<\/a>, em n\u00edvel considerado baixo historicamente. O \u00cdndice de Situa\u00e7\u00e3o Atual (ISA) variou 0,4 ponto, para 71,0, maior valor desde mar\u00e7o deste ano. J\u00e1 nas expectativas houve melhora em rela\u00e7\u00e3o aos meses seguintes. O \u00cdndice de Expectativas (IE) avan\u00e7ou 12,3 pontos para 85,1 pontos, acumulando 30,1 pontos de alta nos \u00faltimos meses e revertendo dois ter\u00e7os das perdas registradas no primeiro quadrimestre de 2020.<\/p>\n<p>O indicador que mede a satisfa\u00e7\u00e3o presente dos consumidores com a economia avan\u00e7ou 0,7 ponto, para 73,9 pontos, enquanto que o \u00edndice que mede a satisfa\u00e7\u00e3o financeira familiar subiu 0,2 ponto, para 68,7 pontos. Ambos os quesitos, segundo a FGV, permanecem registrando valores pr\u00f3ximos aos seus respectivos m\u00ednimos hist\u00f3ricos.<\/p>\n<h2>Maiores altas e baixas<\/h2>\n<ul>\n<li><a href=\"https:\/\/www.suno.com.br\/acoes\/irbr3\/\">IRBR3<\/a>: +3,69%<\/li>\n<li><a href=\"https:\/\/www.suno.com.br\/acoes\/suzb3\/\">SUZB3<\/a>: +1,82%<\/li>\n<li><a href=\"https:\/\/www.suno.com.br\/acoes\/petr3\/\">PETR3<\/a>: +0,82%<\/li>\n<li><a href=\"https:\/\/www.suno.com.br\/acoes\/tots3\/\">TOTS3<\/a>: -5,03%<\/li>\n<li><a href=\"https:\/\/www.suno.com.br\/acoes\/cvcb3\/\">CVCB3<\/a>: -3,51%<\/li>\n<li><a href=\"https:\/\/www.suno.com.br\/acoes\/yduq3\/\">YDUQ3<\/a>: -3,41%<\/li>\n<\/ul>\n<h2>\u00daltima cota\u00e7\u00e3o do Ibovespa<\/h2>\n<p>Na \u00faltima sess\u00e3o, quinta-feira, o <strong>Ibovespa<\/strong> encerrou o preg\u00e3o em queda de 1,91%, a 102.293,31 pontos.<\/p>\n\n","protected":false},"excerpt":{"rendered":"<p>Apesar da pol\u00edtica interna demonstrar tom conciliador nas conversas, a situa\u00e7\u00e3o geopol\u00edtica tem apresentado piora na escalada de tens\u00e3o entre as duas principais economias do mundo. Por esse motivo, o principal \u00edndice da Bolsa de Valores (B3), o Ibovespa, opera, nesta sexta-feira (24), entre perdas e ganhos. IBOVESPA Por volta das 10h30, o Ibovespa operava [&hellip;]<\/p>\n","protected":false},"author":15,"featured_media":54134,"comment_status":"closed","ping_status":"closed","sticky":false,"template":"","format":"standard","meta":[],"categories":[60],"tags":[711,10832,793,721,1286],"suno_strategy":[],"class_list":["post-74641","post","type-post","status-publish","format-standard","has-post-thumbnail","hentry","category-mercado","tag-china","tag-confianca-do-consumidor","tag-estados-unidos-eua","tag-ibovespa","tag-reforma-tributaria"],"yoast_head":"<!-- This site is optimized with the Yoast SEO plugin v24.4 - https:\/\/yoast.com\/wordpress\/plugins\/seo\/ -->\n<title>Ibovespa abre em queda de 0,6% atento a medida retaliat\u00f3ria da China<\/title>\n<meta name=\"description\" content=\"Por volta das 10h30, nesta sexta-feira (24), o Ibovespa opera em queda de 0,69%, a 101.683,02 pontos. Clique aqui e saiba mais\" \/>\n<meta name=\"robots\" content=\"index, follow, max-snippet:-1, max-image-preview:large, max-video-preview:-1\" \/>\n<link rel=\"canonical\" href=\"https:\/\/www.suno.com.br\/noticias\/ibovespa-abre-em-queda-de-06-atento-a-medida-retaliatoria-da-china-24072020\/\" \/>\n<meta property=\"og:locale\" content=\"pt_BR\" \/>\n<meta property=\"og:type\" content=\"article\" \/>\n<meta property=\"og:title\" content=\"Ibovespa abre em queda de 0,6% atento a medida retaliat\u00f3ria da China\" \/>\n<meta property=\"og:description\" content=\"Por volta das 10h30, nesta sexta-feira (24), o Ibovespa opera em queda de 0,69%, a 101.683,02 pontos. Clique aqui e saiba mais\" \/>\n<meta property=\"og:url\" content=\"https:\/\/www.suno.com.br\/noticias\/ibovespa-abre-em-queda-de-06-atento-a-medida-retaliatoria-da-china-24072020\/\" \/>\n<meta property=\"og:site_name\" content=\"Suno Not\u00edcias\" \/>\n<meta property=\"article:publisher\" content=\"https:\/\/facebook.com\/sunoresearch\" \/>\n<meta property=\"og:image\" content=\"https:\/\/files.sunoresearch.com.br\/n\/uploads\/2020\/02\/37cd5ae4-ibovespa.jpg\" \/>\n\t<meta property=\"og:image:width\" content=\"1380\" \/>\n\t<meta property=\"og:image:height\" content=\"920\" \/>\n\t<meta property=\"og:image:type\" content=\"image\/jpeg\" \/>\n<meta name=\"author\" content=\"Poliana Santos\" \/>\n<meta name=\"twitter:card\" content=\"summary_large_image\" \/>\n<meta name=\"twitter:creator\" content=\"@sunoresearch\" \/>\n<meta name=\"twitter:site\" content=\"@sunoresearch\" \/>\n<meta name=\"twitter:label1\" content=\"Escrito por\" \/>\n\t<meta name=\"twitter:data1\" content=\"Poliana Santos\" \/>\n\t<meta name=\"twitter:label2\" content=\"Est. tempo de leitura\" \/>\n\t<meta name=\"twitter:data2\" content=\"4 minutos\" \/>\n<script type=\"application\/ld+json\" class=\"yoast-schema-graph\">{\"@context\":\"https:\/\/schema.org\",\"@graph\":[{\"@type\":\"NewsArticle\",\"@id\":\"https:\/\/www.suno.com.br\/noticias\/ibovespa-abre-em-queda-de-06-atento-a-medida-retaliatoria-da-china-24072020\/#article\",\"isPartOf\":{\"@id\":\"https:\/\/www.suno.com.br\/noticias\/ibovespa-abre-em-queda-de-06-atento-a-medida-retaliatoria-da-china-24072020\/\"},\"author\":{\"name\":\"Poliana Santos\",\"@id\":\"https:\/\/www.suno.com.br\/noticias\/#\/schema\/person\/02ec1f752758247878a2bf4abee1aeda\"},\"headline\":\"Ibovespa abre em queda de 0,6% atento a medida retaliat\u00f3ria da China\",\"datePublished\":\"2020-07-24T13:38:40+00:00\",\"dateModified\":\"2020-07-24T13:40:55+00:00\",\"mainEntityOfPage\":{\"@id\":\"https:\/\/www.suno.com.br\/noticias\/ibovespa-abre-em-queda-de-06-atento-a-medida-retaliatoria-da-china-24072020\/\"},\"wordCount\":794,\"publisher\":{\"@id\":\"https:\/\/www.suno.com.br\/noticias\/#organization\"},\"image\":{\"@id\":\"https:\/\/www.suno.com.br\/noticias\/ibovespa-abre-em-queda-de-06-atento-a-medida-retaliatoria-da-china-24072020\/#primaryimage\"},\"thumbnailUrl\":\"https:\/\/files.sunoresearch.com.br\/n\/uploads\/2020\/02\/37cd5ae4-ibovespa-jpg.webp\",\"keywords\":[\"China\",\"confian\u00e7a do consumidor\",\"Estados Unidos (EUA)\",\"Ibovespa\",\"reforma tribut\u00e1ria\"],\"articleSection\":[\"Mercado\"],\"inLanguage\":\"pt-BR\"},{\"@type\":\"WebPage\",\"@id\":\"https:\/\/www.suno.com.br\/noticias\/ibovespa-abre-em-queda-de-06-atento-a-medida-retaliatoria-da-china-24072020\/\",\"url\":\"https:\/\/www.suno.com.br\/noticias\/ibovespa-abre-em-queda-de-06-atento-a-medida-retaliatoria-da-china-24072020\/\",\"name\":\"Ibovespa abre em queda de 0,6% atento a medida retaliat\u00f3ria da China\",\"isPartOf\":{\"@id\":\"https:\/\/www.suno.com.br\/noticias\/#website\"},\"primaryImageOfPage\":{\"@id\":\"https:\/\/www.suno.com.br\/noticias\/ibovespa-abre-em-queda-de-06-atento-a-medida-retaliatoria-da-china-24072020\/#primaryimage\"},\"image\":{\"@id\":\"https:\/\/www.suno.com.br\/noticias\/ibovespa-abre-em-queda-de-06-atento-a-medida-retaliatoria-da-china-24072020\/#primaryimage\"},\"thumbnailUrl\":\"https:\/\/files.sunoresearch.com.br\/n\/uploads\/2020\/02\/37cd5ae4-ibovespa-jpg.webp\",\"datePublished\":\"2020-07-24T13:38:40+00:00\",\"dateModified\":\"2020-07-24T13:40:55+00:00\",\"description\":\"Por volta das 10h30, nesta sexta-feira (24), o Ibovespa opera em queda de 0,69%, a 101.683,02 pontos. Clique aqui e saiba mais\",\"breadcrumb\":{\"@id\":\"https:\/\/www.suno.com.br\/noticias\/ibovespa-abre-em-queda-de-06-atento-a-medida-retaliatoria-da-china-24072020\/#breadcrumb\"},\"inLanguage\":\"pt-BR\",\"potentialAction\":[{\"@type\":\"ReadAction\",\"target\":[\"https:\/\/www.suno.com.br\/noticias\/ibovespa-abre-em-queda-de-06-atento-a-medida-retaliatoria-da-china-24072020\/\"]}]},{\"@type\":\"ImageObject\",\"inLanguage\":\"pt-BR\",\"@id\":\"https:\/\/www.suno.com.br\/noticias\/ibovespa-abre-em-queda-de-06-atento-a-medida-retaliatoria-da-china-24072020\/#primaryimage\",\"url\":\"https:\/\/files.sunoresearch.com.br\/n\/uploads\/2020\/02\/37cd5ae4-ibovespa-jpg.webp\",\"contentUrl\":\"https:\/\/files.sunoresearch.com.br\/n\/uploads\/2020\/02\/37cd5ae4-ibovespa-jpg.webp\",\"width\":1380,\"height\":920,\"caption\":\"IBOVESPA\"},{\"@type\":\"BreadcrumbList\",\"@id\":\"https:\/\/www.suno.com.br\/noticias\/ibovespa-abre-em-queda-de-06-atento-a-medida-retaliatoria-da-china-24072020\/#breadcrumb\",\"itemListElement\":[{\"@type\":\"ListItem\",\"position\":1,\"name\":\"Not\u00edcias\",\"item\":\"https:\/\/www.suno.com.br\/noticias\/\"},{\"@type\":\"ListItem\",\"position\":2,\"name\":\"Mercado\",\"item\":\"https:\/\/www.suno.com.br\/noticias\/mercado\/\"},{\"@type\":\"ListItem\",\"position\":3,\"name\":\"Ibovespa abre em queda de 0,6% atento a medida retaliat\u00f3ria da China\"}]},{\"@type\":\"WebSite\",\"@id\":\"https:\/\/www.suno.com.br\/noticias\/#website\",\"url\":\"https:\/\/www.suno.com.br\/noticias\/\",\"name\":\"Suno Not\u00edcias\",\"description\":\"Seu portal de informa\u00e7\u00e3o sobre o mundo dos investimentos\",\"publisher\":{\"@id\":\"https:\/\/www.suno.com.br\/noticias\/#organization\"},\"potentialAction\":[{\"@type\":\"SearchAction\",\"target\":{\"@type\":\"EntryPoint\",\"urlTemplate\":\"https:\/\/www.suno.com.br\/noticias\/?s={search_term_string}\"},\"query-input\":{\"@type\":\"PropertyValueSpecification\",\"valueRequired\":true,\"valueName\":\"search_term_string\"}}],\"inLanguage\":\"pt-BR\"},{\"@type\":\"Organization\",\"@id\":\"https:\/\/www.suno.com.br\/noticias\/#organization\",\"name\":\"Suno Not\u00edcias\",\"url\":\"https:\/\/www.suno.com.br\/noticias\/\",\"logo\":{\"@type\":\"ImageObject\",\"inLanguage\":\"pt-BR\",\"@id\":\"https:\/\/www.suno.com.br\/noticias\/#\/schema\/logo\/image\/\",\"url\":\"https:\/\/files.sunoresearch.com.br\/n\/uploads\/2021\/09\/suno-logo.png\",\"contentUrl\":\"https:\/\/files.sunoresearch.com.br\/n\/uploads\/2021\/09\/suno-logo.png\",\"width\":180,\"height\":180,\"caption\":\"Suno Not\u00edcias\"},\"image\":{\"@id\":\"https:\/\/www.suno.com.br\/noticias\/#\/schema\/logo\/image\/\"},\"sameAs\":[\"https:\/\/facebook.com\/sunoresearch\",\"https:\/\/x.com\/sunoresearch\",\"https:\/\/www.instagram.com\/suno\",\"https:\/\/www.linkedin.com\/company\/suno-research\/\",\"https:\/\/www.youtube.com\/c\/sunoresearch\"]},{\"@type\":\"Person\",\"@id\":\"https:\/\/www.suno.com.br\/noticias\/#\/schema\/person\/02ec1f752758247878a2bf4abee1aeda\",\"name\":\"Poliana Santos\",\"image\":{\"@type\":\"ImageObject\",\"inLanguage\":\"pt-BR\",\"@id\":\"https:\/\/www.suno.com.br\/noticias\/#\/schema\/person\/image\/\",\"url\":\"https:\/\/secure.gravatar.com\/avatar\/0645bd32f23d87b2130f2b2dff1d3f8d?s=96&r=g\",\"contentUrl\":\"https:\/\/secure.gravatar.com\/avatar\/0645bd32f23d87b2130f2b2dff1d3f8d?s=96&r=g\",\"caption\":\"Poliana Santos\"},\"description\":\"Rep\u00f3rter no Suno Not\u00edcias, com cobertura em mercado financeiro, economia, finan\u00e7as pessoais, renda fixa e varejo. Jornalista formada pela Faculdade C\u00e1sper L\u00edbero e possui passagem na R\u00e1dio Gazeta AM com a produ\u00e7\u00e3o de conte\u00fado sobre economia, pol\u00edtica, sa\u00fade, moda e m\u00fasica. Possui certificado de conclus\u00e3o do curso de An\u00e1lise de Balan\u00e7os pela Funda\u00e7\u00e3o Bradesco, Agenda Brasil pela FAAP, Educa\u00e7\u00e3o Pol\u00edtica por Alexandre Garcia e do Tesouro Direto e Mercado de A\u00e7\u00f5es pela B3.\",\"url\":\"https:\/\/www.suno.com.br\/noticias\/author\/poliana-santos\/\"}]}<\/script>\n<!-- \/ Yoast SEO plugin. -->","yoast_head_json":{"title":"Ibovespa abre em queda de 0,6% atento a medida retaliat\u00f3ria da China","description":"Por volta das 10h30, nesta sexta-feira (24), o Ibovespa opera em queda de 0,69%, a 101.683,02 pontos. Clique aqui e saiba mais","robots":{"index":"index","follow":"follow","max-snippet":"max-snippet:-1","max-image-preview":"max-image-preview:large","max-video-preview":"max-video-preview:-1"},"canonical":"https:\/\/www.suno.com.br\/noticias\/ibovespa-abre-em-queda-de-06-atento-a-medida-retaliatoria-da-china-24072020\/","og_locale":"pt_BR","og_type":"article","og_title":"Ibovespa abre em queda de 0,6% atento a medida retaliat\u00f3ria da China","og_description":"Por volta das 10h30, nesta sexta-feira (24), o Ibovespa opera em queda de 0,69%, a 101.683,02 pontos. Clique aqui e saiba mais","og_url":"https:\/\/www.suno.com.br\/noticias\/ibovespa-abre-em-queda-de-06-atento-a-medida-retaliatoria-da-china-24072020\/","og_site_name":"Suno Not\u00edcias","article_publisher":"https:\/\/facebook.com\/sunoresearch","og_image":[{"width":1380,"height":920,"url":"https:\/\/files.sunoresearch.com.br\/n\/uploads\/2020\/02\/37cd5ae4-ibovespa.jpg","type":"image\/jpeg"}],"author":"Poliana Santos","twitter_card":"summary_large_image","twitter_creator":"@sunoresearch","twitter_site":"@sunoresearch","twitter_misc":{"Escrito por":"Poliana Santos","Est. tempo de leitura":"4 minutos"},"schema":{"@context":"https:\/\/schema.org","@graph":[{"@type":"NewsArticle","@id":"https:\/\/www.suno.com.br\/noticias\/ibovespa-abre-em-queda-de-06-atento-a-medida-retaliatoria-da-china-24072020\/#article","isPartOf":{"@id":"https:\/\/www.suno.com.br\/noticias\/ibovespa-abre-em-queda-de-06-atento-a-medida-retaliatoria-da-china-24072020\/"},"author":{"name":"Poliana Santos","@id":"https:\/\/www.suno.com.br\/noticias\/#\/schema\/person\/02ec1f752758247878a2bf4abee1aeda"},"headline":"Ibovespa abre em queda de 0,6% atento a medida retaliat\u00f3ria da China","datePublished":"2020-07-24T13:38:40+00:00","dateModified":"2020-07-24T13:40:55+00:00","mainEntityOfPage":{"@id":"https:\/\/www.suno.com.br\/noticias\/ibovespa-abre-em-queda-de-06-atento-a-medida-retaliatoria-da-china-24072020\/"},"wordCount":794,"publisher":{"@id":"https:\/\/www.suno.com.br\/noticias\/#organization"},"image":{"@id":"https:\/\/www.suno.com.br\/noticias\/ibovespa-abre-em-queda-de-06-atento-a-medida-retaliatoria-da-china-24072020\/#primaryimage"},"thumbnailUrl":"https:\/\/files.sunoresearch.com.br\/n\/uploads\/2020\/02\/37cd5ae4-ibovespa-jpg.webp","keywords":["China","confian\u00e7a do consumidor","Estados Unidos (EUA)","Ibovespa","reforma tribut\u00e1ria"],"articleSection":["Mercado"],"inLanguage":"pt-BR"},{"@type":"WebPage","@id":"https:\/\/www.suno.com.br\/noticias\/ibovespa-abre-em-queda-de-06-atento-a-medida-retaliatoria-da-china-24072020\/","url":"https:\/\/www.suno.com.br\/noticias\/ibovespa-abre-em-queda-de-06-atento-a-medida-retaliatoria-da-china-24072020\/","name":"Ibovespa abre em queda de 0,6% atento a medida retaliat\u00f3ria da China","isPartOf":{"@id":"https:\/\/www.suno.com.br\/noticias\/#website"},"primaryImageOfPage":{"@id":"https:\/\/www.suno.com.br\/noticias\/ibovespa-abre-em-queda-de-06-atento-a-medida-retaliatoria-da-china-24072020\/#primaryimage"},"image":{"@id":"https:\/\/www.suno.com.br\/noticias\/ibovespa-abre-em-queda-de-06-atento-a-medida-retaliatoria-da-china-24072020\/#primaryimage"},"thumbnailUrl":"https:\/\/files.sunoresearch.com.br\/n\/uploads\/2020\/02\/37cd5ae4-ibovespa-jpg.webp","datePublished":"2020-07-24T13:38:40+00:00","dateModified":"2020-07-24T13:40:55+00:00","description":"Por volta das 10h30, nesta sexta-feira (24), o Ibovespa opera em queda de 0,69%, a 101.683,02 pontos. Clique aqui e saiba mais","breadcrumb":{"@id":"https:\/\/www.suno.com.br\/noticias\/ibovespa-abre-em-queda-de-06-atento-a-medida-retaliatoria-da-china-24072020\/#breadcrumb"},"inLanguage":"pt-BR","potentialAction":[{"@type":"ReadAction","target":["https:\/\/www.suno.com.br\/noticias\/ibovespa-abre-em-queda-de-06-atento-a-medida-retaliatoria-da-china-24072020\/"]}]},{"@type":"ImageObject","inLanguage":"pt-BR","@id":"https:\/\/www.suno.com.br\/noticias\/ibovespa-abre-em-queda-de-06-atento-a-medida-retaliatoria-da-china-24072020\/#primaryimage","url":"https:\/\/files.sunoresearch.com.br\/n\/uploads\/2020\/02\/37cd5ae4-ibovespa-jpg.webp","contentUrl":"https:\/\/files.sunoresearch.com.br\/n\/uploads\/2020\/02\/37cd5ae4-ibovespa-jpg.webp","width":1380,"height":920,"caption":"IBOVESPA"},{"@type":"BreadcrumbList","@id":"https:\/\/www.suno.com.br\/noticias\/ibovespa-abre-em-queda-de-06-atento-a-medida-retaliatoria-da-china-24072020\/#breadcrumb","itemListElement":[{"@type":"ListItem","position":1,"name":"Not\u00edcias","item":"https:\/\/www.suno.com.br\/noticias\/"},{"@type":"ListItem","position":2,"name":"Mercado","item":"https:\/\/www.suno.com.br\/noticias\/mercado\/"},{"@type":"ListItem","position":3,"name":"Ibovespa abre em queda de 0,6% atento a medida retaliat\u00f3ria da China"}]},{"@type":"WebSite","@id":"https:\/\/www.suno.com.br\/noticias\/#website","url":"https:\/\/www.suno.com.br\/noticias\/","name":"Suno Not\u00edcias","description":"Seu portal de informa\u00e7\u00e3o sobre o mundo dos investimentos","publisher":{"@id":"https:\/\/www.suno.com.br\/noticias\/#organization"},"potentialAction":[{"@type":"SearchAction","target":{"@type":"EntryPoint","urlTemplate":"https:\/\/www.suno.com.br\/noticias\/?s={search_term_string}"},"query-input":{"@type":"PropertyValueSpecification","valueRequired":true,"valueName":"search_term_string"}}],"inLanguage":"pt-BR"},{"@type":"Organization","@id":"https:\/\/www.suno.com.br\/noticias\/#organization","name":"Suno Not\u00edcias","url":"https:\/\/www.suno.com.br\/noticias\/","logo":{"@type":"ImageObject","inLanguage":"pt-BR","@id":"https:\/\/www.suno.com.br\/noticias\/#\/schema\/logo\/image\/","url":"https:\/\/files.sunoresearch.com.br\/n\/uploads\/2021\/09\/suno-logo.png","contentUrl":"https:\/\/files.sunoresearch.com.br\/n\/uploads\/2021\/09\/suno-logo.png","width":180,"height":180,"caption":"Suno Not\u00edcias"},"image":{"@id":"https:\/\/www.suno.com.br\/noticias\/#\/schema\/logo\/image\/"},"sameAs":["https:\/\/facebook.com\/sunoresearch","https:\/\/x.com\/sunoresearch","https:\/\/www.instagram.com\/suno","https:\/\/www.linkedin.com\/company\/suno-research\/","https:\/\/www.youtube.com\/c\/sunoresearch"]},{"@type":"Person","@id":"https:\/\/www.suno.com.br\/noticias\/#\/schema\/person\/02ec1f752758247878a2bf4abee1aeda","name":"Poliana Santos","image":{"@type":"ImageObject","inLanguage":"pt-BR","@id":"https:\/\/www.suno.com.br\/noticias\/#\/schema\/person\/image\/","url":"https:\/\/secure.gravatar.com\/avatar\/0645bd32f23d87b2130f2b2dff1d3f8d?s=96&r=g","contentUrl":"https:\/\/secure.gravatar.com\/avatar\/0645bd32f23d87b2130f2b2dff1d3f8d?s=96&r=g","caption":"Poliana Santos"},"description":"Rep\u00f3rter no Suno Not\u00edcias, com cobertura em mercado financeiro, economia, finan\u00e7as pessoais, renda fixa e varejo. Jornalista formada pela Faculdade C\u00e1sper L\u00edbero e possui passagem na R\u00e1dio Gazeta AM com a produ\u00e7\u00e3o de conte\u00fado sobre economia, pol\u00edtica, sa\u00fade, moda e m\u00fasica. Possui certificado de conclus\u00e3o do curso de An\u00e1lise de Balan\u00e7os pela Funda\u00e7\u00e3o Bradesco, Agenda Brasil pela FAAP, Educa\u00e7\u00e3o Pol\u00edtica por Alexandre Garcia e do Tesouro Direto e Mercado de A\u00e7\u00f5es pela B3.","url":"https:\/\/www.suno.com.br\/noticias\/author\/poliana-santos\/"}]}},"default_loop_html":"<div class=\"cardsPage__listCard__boxs\"><div class=\"cardsPage__listCard__boxs__img\"><a href=\"https:\/\/www.suno.com.br\/noticias\/ibovespa-abre-em-queda-de-06-atento-a-medida-retaliatoria-da-china-24072020\/\"><img class=\"mask\" src=\"https:\/\/www.suno.com.br\/noticias\/wp-content\/themes\/suno\/resources\/images\/spotlight\/spotlight1img\/bg-mask.png\" alt=\"Image Mask\"\/><img src=\"https:\/\/files.sunoresearch.com.br\/n\/uploads\/2020\/02\/37cd5ae4-ibovespa-400x200.webp\" alt=\"Ibovespa abre em queda de 0,6% atento a medida retaliat\u00f3ria da China\"\/><\/a><span class=\"spotlightCategory\"><a href=\"https:\/\/www.suno.com.br\/noticias\/mercado\/\">Mercado<\/a><\/span><\/div><div class=\"cardsPage__listCard__boxs__content\"><a href=\"https:\/\/www.suno.com.br\/noticias\/ibovespa-abre-em-queda-de-06-atento-a-medida-retaliatoria-da-china-24072020\/\"><h2 class=\"content__title\">Ibovespa abre em queda de 0,6% atento a medida retaliat\u00f3ria da China<\/h2><\/a><div class=\"newsContent__article__meta\"><div class=\"newsContent__article__meta__authorBox\"><a href=\"https:\/\/www.suno.com.br\/noticias\/author\/poliana-santos\/\" class=\"authorBox__avatar noMobi\"><img src=\"https:\/\/files.sunoresearch.com.br\/n\/uploads\/2020\/08\/7ef34026-whatsapp-image-2020-08-03-at-12.37.57-150x150.webp\" alt=\"Poliana Santos\"><\/a><div class=\"authorBox__name\"><span>por\n\t\t\t<a href=\"https:\/\/www.suno.com.br\/noticias\/author\/poliana-santos\/\"><span itemprop=\"author\">Poliana Santos<\/span><\/a><\/span><time datetime=\"2020-07-24T10:38:40-03:00\" itemprop=\"datePublished\">24\/07\/2020 10:38<\/time><\/div><\/div><\/div><\/div><\/div>","single_layout":"posts","amp_enabled":true,"_links":{"self":[{"href":"https:\/\/www.suno.com.br\/noticias\/wp-json\/wp\/v2\/posts\/74641"}],"collection":[{"href":"https:\/\/www.suno.com.br\/noticias\/wp-json\/wp\/v2\/posts"}],"about":[{"href":"https:\/\/www.suno.com.br\/noticias\/wp-json\/wp\/v2\/types\/post"}],"author":[{"embeddable":true,"href":"https:\/\/www.suno.com.br\/noticias\/wp-json\/wp\/v2\/users\/15"}],"replies":[{"embeddable":true,"href":"https:\/\/www.suno.com.br\/noticias\/wp-json\/wp\/v2\/comments?post=74641"}],"version-history":[{"count":0,"href":"https:\/\/www.suno.com.br\/noticias\/wp-json\/wp\/v2\/posts\/74641\/revisions"}],"wp:featuredmedia":[{"embeddable":true,"href":"https:\/\/www.suno.com.br\/noticias\/wp-json\/wp\/v2\/media\/54134"}],"wp:attachment":[{"href":"https:\/\/www.suno.com.br\/noticias\/wp-json\/wp\/v2\/media?parent=74641"}],"wp:term":[{"taxonomy":"category","embeddable":true,"href":"https:\/\/www.suno.com.br\/noticias\/wp-json\/wp\/v2\/categories?post=74641"},{"taxonomy":"post_tag","embeddable":true,"href":"https:\/\/www.suno.com.br\/noticias\/wp-json\/wp\/v2\/tags?post=74641"},{"taxonomy":"suno_strategy","embeddable":true,"href":"https:\/\/www.suno.com.br\/noticias\/wp-json\/wp\/v2\/suno_strategy?post=74641"}],"curies":[{"name":"wp","href":"https:\/\/api.w.org\/{rel}","templated":true}]}}