{"id":74545,"date":"2020-07-23T17:29:32","date_gmt":"2020-07-23T20:29:32","guid":{"rendered":"https:\/\/www.suno.com.br\/noticias\/?p=74545"},"modified":"2021-02-17T23:01:48","modified_gmt":"2021-02-18T02:01:48","slug":"ibovespa-fecha-em-queda-de-191-a-102-29331-pontos-23072020","status":"publish","type":"post","link":"https:\/\/www.suno.com.br\/noticias\/ibovespa-fecha-em-queda-de-191-a-102-29331-pontos-23072020\/","title":{"rendered":"Ibovespa fecha em queda de 1,91%, a 102.293,31 pontos"},"content":{"rendered":"<p>O\u00a0<span style=\"font-weight: 700 !important;\"><a href=\"https:\/\/www.suno.com.br\/artigos\/ibovespa\/\">Ibovespa<\/a>\u00a0<\/span>encerrou o preg\u00e3o desta quinta-feira (23) em queda de 1,91%, a 102.293,31 pontos.<\/p>\t<div class=\"wrapper-featured-image\">\n\t\t<figure class=\"spotlightImg\">\n\n\t\t\t<picture>\n\t\t\t\t<source media=\"(max-width: 768px)\" srcset=\"https:\/\/files.sunoresearch.com.br\/n\/uploads\/2020\/04\/0a2720f7-ibovespa-5-400x200.webp\">\n\t\t\t\t<img loading=\"lazy\" decoding=\"async\" class=\"newsContent__article__imgCapa lazyloadDisabled newsContent__article__imgCapa--noCaption\" src=\"https:\/\/files.sunoresearch.com.br\/n\/uploads\/2020\/04\/0a2720f7-ibovespa-5-800x450.webp\" width=\"800\" height=\"450\" alt=\"Ibovespa fecha em queda de 1,91%, a 102.293,31 pontos\" fetchpriority=high \/>\n\t\t\t<\/picture>\n\n\t\t\t<figcaption class=\"wp-caption-text wp-caption-text--hide\">O Ibovespa abriu de forma est\u00e1vel nesta quarta-feira (10), procurando reverter a sequ\u00eancia de tr\u00eas preg\u00f5es no vermelho.<\/figcaption>\n\t\t<\/figure>\n\t<\/div>\n\n\n\n<p>O <strong>Ibovespa hoje<\/strong> abriu em leve queda, enquanto o mercado estava atento a reforma tribut\u00e1ria, entregue pelo ministro <a href=\"https:\/\/www.suno.com.br\/tudo-sobre\/paulo-guedes\/\">Paulo Guedes<\/a> nesta semana e voltar\u00e1 a ser discutida na comiss\u00e3o mista.<\/p>\n<p>Al\u00e9m disso, os investidores ficaram de olho nos dados pr\u00e9vios divulgados pela Movida.<\/p>\n<p><a href=\"https:\/\/lp.suno.com.br\/suno-one\/\">Suno One: o primeiro passo para alcan\u00e7ar a sua independ\u00eancia financeira. Acesse agora, \u00e9 gratuito!<\/a><\/p>\n<p>Confira as principais not\u00edcias que movimentaram o mercado nessa quinta-feira:<\/p>\n<ul>\n<li><strong>Oi<\/strong> (OIBR3) fecha exclusividade para venda de \u00e1rea m\u00f3vel com Highline<\/li>\n<li><strong>IRB<\/strong> <strong>Brasil<\/strong> (IRBR3): Justi\u00e7a afasta necessidade de garantia de R$ 1 bi<\/li>\n<li><strong>Movida<\/strong> (MOVI3) apresenta alta de 5,8% na receita l\u00edquida do 2T20, em dados pr\u00e9vios<\/li>\n<li>Bolsas no exterior<\/li>\n<li>\u00daltima cota\u00e7\u00e3o do Ibovespa<\/li>\n<\/ul>\n<h2>Oi (OIBR3)<\/h2>\n<p>A <a href=\"https:\/\/www.suno.com.br\/acoes\/oibr3\/\"><strong>Oi<\/strong> (OIBR3)<\/a> informou, na noite da \u00faltima quarta-feira (22), que fechou um acordo de exclusividade com a <strong>Highline<\/strong> do Brasil, pois a empresa apresentou &#8220;a melhor oferta vinculante, acima do pre\u00e7o m\u00ednimo estabelecido&#8221;, para a compra a opera\u00e7\u00e3o m\u00f3vel da companhia. As informa\u00e7\u00f5es foram reveladas por meio de um fato relevante.<\/p>\n<p><a href=\"https:\/\/www.suno.com.br\/noticias\/exclusividade-highline-oi-oibr3-nao-impede-nova-proposta\/\">Veja tamb\u00e9m: Oi (OIBR3): operadoras ainda podem entrar com oferta maior, diz jornal<\/a><\/p>\n<p>A estrat\u00e9gia da americana Highline visa obter a opera\u00e7\u00e3o da companhia de telefonia como um todo e, depois, revender a carteira de clientes para outra operadora.<\/p>\n<p><a href=\"https:\/\/lp.suno.com.br\/lm\/relatorio\/suno-drops-oi-oibr4\/\">Clique aqui e baixe o relat\u00f3rio gratuito da Oi (OIBR3).<\/a><\/p>\n<p>Segundo o <strong>SUNO Not\u00edcias<\/strong> apurou, o que realmente interessa a Highline \u00e9 a infraestrutura da Oi. Por isso, ofereceu cerca de R$ 1,07 bilh\u00e3o apenas pelas torres da empresa e deve realizar outras ofertas pelos demais setores da operadora brasileira.<\/p>\n<p>Contudo, a exclusividade fechada com a Highline, controlada pela gestora Digital Colony, nas negocia\u00e7\u00f5es para a venda dos ativos m\u00f3veis da Oi, n\u00e3o impede uma nova proposta de operadoras, afirmaram duas fontes. As informa\u00e7\u00f5es forma publicadas originalmente nesta quinta-feira pelo jornal &#8220;Valor Econ\u00f4mico&#8221;.<\/p>\n<p>Nesse sentido, o trio de operadoras que atuam no Brasil, a <a href=\"https:\/\/www.suno.com.br\/acoes\/timp3\/\"><strong>TIM<\/strong> (TIMP3)<\/a>, <a href=\"https:\/\/www.suno.com.br\/acoes\/vivt4\/\"><strong>Telef\u00f4nica Brasil<\/strong> (VIVT4)<\/a> e <strong>Claro<\/strong>, ainda poderiam realizar um lance maior pelo ativo de telefonia m\u00f3vel da Oi.<\/p>\n<h2>IRB Brasil (IRBR3)<\/h2>\n<p>O <a href=\"https:\/\/www.suno.com.br\/acoes\/irbr3\/\"><strong>IRB<\/strong> <strong>Brasil<\/strong> Resseguros S.A. (IRBR3)<\/a> informou, na noite da \u00faltima quarta-feira, ao seus acionistas e ao mercado em geral, sobre a a\u00e7\u00e3o civil p\u00fablica instaurada contra a companhia por parte de seus investidores que procuram ressarcimento devido aos problemas recentes que envolvem a companhia. De acordo com a resseguradora, o Tribunal de Justi\u00e7a de S\u00e3o Paulo decidiu favoravelmente \u00e0s informa\u00e7\u00f5es apresentadas pela empresa. Sendo assim, a IRB n\u00e3o ter\u00e1 que arcar de imediato com o oferecimento de uma garantia de R$ 1 bilh\u00e3o.<\/p>\n<p>&#8220;Em decis\u00e3o de 19.07.2020, a MM. Ju\u00edza da 2\u00aa Vara Empresarial e de Conflitos de Arbitragem do os autos da ACP referida nos Comunicados ao Mercado acima mencionados, entendendo que a Companhia comprovou \u201csua capacidade econ\u00f4mica para fazer frente a eventuais indeniza\u00e7\u00f5es concedidas a acionistas\u201d, e, assim, afastou a necessidade de oferecimento de<br \/>\ngarantia no valor de R$ 1 bilh\u00e3o (\u201cDecis\u00e3o\u201d)&#8221;, informou a IRB Brasil.<\/p>\n<p><a href=\"https:\/\/www.suno.com.br\/noticias\/irb-brasil-irbr3-justica-decisao-favoravel-garantia-1-bi\/\">Saiba mais: IRB Brasil (IRBR3): Justi\u00e7a afasta necessidade de garantia de R$ 1 bi<\/a><\/p>\n<p>Na \u00faltima ter\u00e7a-feira (21), o relator do agravo de instrumento apresentado pela IRB Brasil, que foi mencionado no comunicado da empresa no dia 23 de junho, considerou que a decis\u00e3o tornou superada a quest\u00e3o relativa \u00e0 garantia do ju\u00edzo. Isso porque foi entendido que restou \u201cexpressamente consignado que as informa\u00e7\u00f5es apresentadas pela resseguradora sobre sua liquidez eram suficientes\u201d.<\/p>\n<h2>Movida (MOVI3)<\/h2>\n<p>A <a href=\"https:\/\/www.suno.com.br\/acoes\/movi3\/\"><strong>Movida<\/strong> (MOVI3)<\/a> divulgou dados financeiros pr\u00e9vios n\u00e3o auditados do segundo trimestre de 2020, na manh\u00e3 desta quinta-feira. A empresa teve uma <a href=\"https:\/\/www.suno.com.br\/artigos\/receita-liquida-operacional\/\">receita l\u00edquida<\/a> de R$ 1,047 bilh\u00e3o. O valor representa uma alta de 5,8% em rela\u00e7\u00e3o ao mesmo per\u00edodo de 2019. A receita da locadora no segundo trimestre de 2019 foi\u00a0de R$ 990,4 milh\u00f5es.<\/p>\n<p>A receita com venda de ativos (seminovos) da Movida tamb\u00e9m cresceu. A companhia registrou alta de 21,3% neste quesito, em rela\u00e7\u00e3o ao\u00a0 per\u00edodo de abril a junho do ano passado, para R$ 749,1 milh\u00f5es (dados pr\u00e9vios n\u00e3o auditados).<\/p>\n<p><a href=\"https:\/\/www.suno.com.br\/noticias\/movida-movi3-alta-5-8-receita-liquida-do-2t20\/\">Saiba mais: Em dados pr\u00e9vios, Movida (MOVI3) apresenta alta de 5,8% na receita l\u00edquida do 2T20<\/a><\/p>\n<p>De acordo com o documento publicado pela Movida, a empresa teve no segundo trimestre deste ano a maior posi\u00e7\u00e3o de caixa j\u00e1 reportada de R$ 1,741 bilh\u00e3o. No primeiro trimestre deste ano o caixa da empresa ficou em R$ 1,049 bilh\u00e3o.<\/p>\n<h2>Bolsas no exterior<\/h2>\n<p>Al\u00e9m do Ibovespa, confira o desempenho dos principais \u00edndices acion\u00e1rios no exterior:<\/p>\n<ul>\n<li>Londres (<a href=\"https:\/\/www.suno.com.br\/artigos\/ftse-100\/\">FTSE 100<\/a>): + 0,070%<\/li>\n<li>Frankfurt (<a href=\"https:\/\/www.suno.com.br\/artigos\/dax-30\/\">DAX 30)<\/a>: &#8211; 0,0066%<\/li>\n<li>Paris (<a href=\"https:\/\/www.suno.com.br\/artigos\/cac-40\/\">CAC 40<\/a>): &#8211; 0,067%<\/li>\n<li>Mil\u00e3o (FTSE\/MIB): &#8211; 0,70%<\/li>\n<li>Nova York (<a href=\"https:\/\/www.suno.com.br\/artigos\/sp-500\/\">S&amp;P 500<\/a>):\u00a0 &#8211; 1,23%<\/li>\n<\/ul>\n<h2>\u00daltima cota\u00e7\u00e3o do Ibovespa<\/h2>\n<p>Na sess\u00e3o da \u00faltima quarta-feira, o <strong>Ibovespa<\/strong> fechou em leve queda de 0,02%, a 104.289,570 pontos.<\/p>\n\n","protected":false},"excerpt":{"rendered":"<p>O\u00a0Ibovespa\u00a0encerrou o preg\u00e3o desta quinta-feira (23) em queda de 1,91%, a 102.293,31 pontos. O Ibovespa abriu de forma est\u00e1vel nesta quarta-feira (10), procurando reverter a sequ\u00eancia de tr\u00eas preg\u00f5es no vermelho. O Ibovespa hoje abriu em leve queda, enquanto o mercado estava atento a reforma tribut\u00e1ria, entregue pelo ministro Paulo Guedes nesta semana e voltar\u00e1 [&hellip;]<\/p>\n","protected":false},"author":39,"featured_media":63056,"comment_status":"closed","ping_status":"closed","sticky":false,"template":"","format":"standard","meta":[],"categories":[60],"tags":[77760,1813,567,584],"suno_strategy":[],"class_list":["post-74545","post","type-post","status-publish","format-standard","has-post-thumbnail","hentry","category-mercado","tag-highline","tag-irb-brasil-irbr3","tag-movida-movi3","tag-oi-oibr3-oibr4"],"yoast_head":"<!-- This site is optimized with the Yoast SEO plugin v24.4 - https:\/\/yoast.com\/wordpress\/plugins\/seo\/ -->\n<title>Ibovespa fecha em queda de 1,91%, a 102.293,31 pontos<\/title>\n<meta name=\"description\" content=\"O\u00a0Ibovespa\u00a0encerrou o preg\u00e3o desta quinta-feira (23) em queda de 1,91%, a 102.293,31 pontos. Clique aqui para saber mais.\" \/>\n<meta name=\"robots\" content=\"index, follow, max-snippet:-1, max-image-preview:large, max-video-preview:-1\" \/>\n<link rel=\"canonical\" href=\"https:\/\/www.suno.com.br\/noticias\/ibovespa-fecha-em-queda-de-191-a-102-29331-pontos-23072020\/\" \/>\n<meta property=\"og:locale\" content=\"pt_BR\" \/>\n<meta property=\"og:type\" content=\"article\" \/>\n<meta property=\"og:title\" content=\"Ibovespa fecha em queda de 1,91%, a 102.293,31 pontos\" \/>\n<meta property=\"og:description\" content=\"O\u00a0Ibovespa\u00a0encerrou o preg\u00e3o desta quinta-feira (23) em queda de 1,91%, a 102.293,31 pontos. Clique aqui para saber mais.\" \/>\n<meta property=\"og:url\" content=\"https:\/\/www.suno.com.br\/noticias\/ibovespa-fecha-em-queda-de-191-a-102-29331-pontos-23072020\/\" \/>\n<meta property=\"og:site_name\" content=\"Suno Not\u00edcias\" \/>\n<meta property=\"article:publisher\" content=\"https:\/\/facebook.com\/sunoresearch\" \/>\n<meta property=\"og:image\" content=\"https:\/\/files.sunoresearch.com.br\/n\/uploads\/2020\/04\/0a2720f7-ibovespa-5.jpg\" \/>\n\t<meta property=\"og:image:width\" content=\"2045\" \/>\n\t<meta property=\"og:image:height\" content=\"1194\" \/>\n\t<meta property=\"og:image:type\" content=\"image\/jpeg\" \/>\n<meta name=\"author\" content=\"Laura Moutinho\" \/>\n<meta name=\"twitter:card\" content=\"summary_large_image\" \/>\n<meta name=\"twitter:creator\" content=\"@sunoresearch\" \/>\n<meta name=\"twitter:site\" content=\"@sunoresearch\" \/>\n<meta name=\"twitter:label1\" content=\"Escrito por\" \/>\n\t<meta name=\"twitter:data1\" content=\"Laura Moutinho\" \/>\n\t<meta name=\"twitter:label2\" content=\"Est. tempo de leitura\" \/>\n\t<meta name=\"twitter:data2\" content=\"4 minutos\" \/>\n<script type=\"application\/ld+json\" class=\"yoast-schema-graph\">{\"@context\":\"https:\/\/schema.org\",\"@graph\":[{\"@type\":\"NewsArticle\",\"@id\":\"https:\/\/www.suno.com.br\/noticias\/ibovespa-fecha-em-queda-de-191-a-102-29331-pontos-23072020\/#article\",\"isPartOf\":{\"@id\":\"https:\/\/www.suno.com.br\/noticias\/ibovespa-fecha-em-queda-de-191-a-102-29331-pontos-23072020\/\"},\"author\":{\"name\":\"Laura Moutinho\",\"@id\":\"https:\/\/www.suno.com.br\/noticias\/#\/schema\/person\/3df0d2808748b74496efe5dbeaef2c72\"},\"headline\":\"Ibovespa fecha em queda de 1,91%, a 102.293,31 pontos\",\"datePublished\":\"2020-07-23T20:29:32+00:00\",\"dateModified\":\"2021-02-18T02:01:48+00:00\",\"mainEntityOfPage\":{\"@id\":\"https:\/\/www.suno.com.br\/noticias\/ibovespa-fecha-em-queda-de-191-a-102-29331-pontos-23072020\/\"},\"wordCount\":833,\"publisher\":{\"@id\":\"https:\/\/www.suno.com.br\/noticias\/#organization\"},\"image\":{\"@id\":\"https:\/\/www.suno.com.br\/noticias\/ibovespa-fecha-em-queda-de-191-a-102-29331-pontos-23072020\/#primaryimage\"},\"thumbnailUrl\":\"https:\/\/files.sunoresearch.com.br\/n\/uploads\/2020\/04\/0a2720f7-ibovespa-5-jpg.webp\",\"keywords\":[\"Highline\",\"IRB Brasil (IRBR3)\",\"Movida (MOVI3)\",\"Oi (OIBR3\/OIBR4)\"],\"articleSection\":[\"Mercado\"],\"inLanguage\":\"pt-BR\"},{\"@type\":\"WebPage\",\"@id\":\"https:\/\/www.suno.com.br\/noticias\/ibovespa-fecha-em-queda-de-191-a-102-29331-pontos-23072020\/\",\"url\":\"https:\/\/www.suno.com.br\/noticias\/ibovespa-fecha-em-queda-de-191-a-102-29331-pontos-23072020\/\",\"name\":\"Ibovespa fecha em queda de 1,91%, a 102.293,31 pontos\",\"isPartOf\":{\"@id\":\"https:\/\/www.suno.com.br\/noticias\/#website\"},\"primaryImageOfPage\":{\"@id\":\"https:\/\/www.suno.com.br\/noticias\/ibovespa-fecha-em-queda-de-191-a-102-29331-pontos-23072020\/#primaryimage\"},\"image\":{\"@id\":\"https:\/\/www.suno.com.br\/noticias\/ibovespa-fecha-em-queda-de-191-a-102-29331-pontos-23072020\/#primaryimage\"},\"thumbnailUrl\":\"https:\/\/files.sunoresearch.com.br\/n\/uploads\/2020\/04\/0a2720f7-ibovespa-5-jpg.webp\",\"datePublished\":\"2020-07-23T20:29:32+00:00\",\"dateModified\":\"2021-02-18T02:01:48+00:00\",\"description\":\"O\u00a0Ibovespa\u00a0encerrou o preg\u00e3o desta quinta-feira (23) em queda de 1,91%, a 102.293,31 pontos. Clique aqui para saber mais.\",\"breadcrumb\":{\"@id\":\"https:\/\/www.suno.com.br\/noticias\/ibovespa-fecha-em-queda-de-191-a-102-29331-pontos-23072020\/#breadcrumb\"},\"inLanguage\":\"pt-BR\",\"potentialAction\":[{\"@type\":\"ReadAction\",\"target\":[\"https:\/\/www.suno.com.br\/noticias\/ibovespa-fecha-em-queda-de-191-a-102-29331-pontos-23072020\/\"]}]},{\"@type\":\"ImageObject\",\"inLanguage\":\"pt-BR\",\"@id\":\"https:\/\/www.suno.com.br\/noticias\/ibovespa-fecha-em-queda-de-191-a-102-29331-pontos-23072020\/#primaryimage\",\"url\":\"https:\/\/files.sunoresearch.com.br\/n\/uploads\/2020\/04\/0a2720f7-ibovespa-5-jpg.webp\",\"contentUrl\":\"https:\/\/files.sunoresearch.com.br\/n\/uploads\/2020\/04\/0a2720f7-ibovespa-5-jpg.webp\",\"width\":2045,\"height\":1194,\"caption\":\"O Ibovespa abriu de forma est\u00e1vel nesta quarta-feira (10), procurando reverter a sequ\u00eancia de tr\u00eas preg\u00f5es no vermelho.\"},{\"@type\":\"BreadcrumbList\",\"@id\":\"https:\/\/www.suno.com.br\/noticias\/ibovespa-fecha-em-queda-de-191-a-102-29331-pontos-23072020\/#breadcrumb\",\"itemListElement\":[{\"@type\":\"ListItem\",\"position\":1,\"name\":\"Not\u00edcias\",\"item\":\"https:\/\/www.suno.com.br\/noticias\/\"},{\"@type\":\"ListItem\",\"position\":2,\"name\":\"Mercado\",\"item\":\"https:\/\/www.suno.com.br\/noticias\/mercado\/\"},{\"@type\":\"ListItem\",\"position\":3,\"name\":\"Ibovespa fecha em queda de 1,91%, a 102.293,31 pontos\"}]},{\"@type\":\"WebSite\",\"@id\":\"https:\/\/www.suno.com.br\/noticias\/#website\",\"url\":\"https:\/\/www.suno.com.br\/noticias\/\",\"name\":\"Suno Not\u00edcias\",\"description\":\"Seu portal de informa\u00e7\u00e3o sobre o mundo dos investimentos\",\"publisher\":{\"@id\":\"https:\/\/www.suno.com.br\/noticias\/#organization\"},\"potentialAction\":[{\"@type\":\"SearchAction\",\"target\":{\"@type\":\"EntryPoint\",\"urlTemplate\":\"https:\/\/www.suno.com.br\/noticias\/?s={search_term_string}\"},\"query-input\":{\"@type\":\"PropertyValueSpecification\",\"valueRequired\":true,\"valueName\":\"search_term_string\"}}],\"inLanguage\":\"pt-BR\"},{\"@type\":\"Organization\",\"@id\":\"https:\/\/www.suno.com.br\/noticias\/#organization\",\"name\":\"Suno Not\u00edcias\",\"url\":\"https:\/\/www.suno.com.br\/noticias\/\",\"logo\":{\"@type\":\"ImageObject\",\"inLanguage\":\"pt-BR\",\"@id\":\"https:\/\/www.suno.com.br\/noticias\/#\/schema\/logo\/image\/\",\"url\":\"https:\/\/files.sunoresearch.com.br\/n\/uploads\/2021\/09\/suno-logo.png\",\"contentUrl\":\"https:\/\/files.sunoresearch.com.br\/n\/uploads\/2021\/09\/suno-logo.png\",\"width\":180,\"height\":180,\"caption\":\"Suno Not\u00edcias\"},\"image\":{\"@id\":\"https:\/\/www.suno.com.br\/noticias\/#\/schema\/logo\/image\/\"},\"sameAs\":[\"https:\/\/facebook.com\/sunoresearch\",\"https:\/\/x.com\/sunoresearch\",\"https:\/\/www.instagram.com\/suno\",\"https:\/\/www.linkedin.com\/company\/suno-research\/\",\"https:\/\/www.youtube.com\/c\/sunoresearch\"]},{\"@type\":\"Person\",\"@id\":\"https:\/\/www.suno.com.br\/noticias\/#\/schema\/person\/3df0d2808748b74496efe5dbeaef2c72\",\"name\":\"Laura Moutinho\",\"image\":{\"@type\":\"ImageObject\",\"inLanguage\":\"pt-BR\",\"@id\":\"https:\/\/www.suno.com.br\/noticias\/#\/schema\/person\/image\/\",\"url\":\"https:\/\/secure.gravatar.com\/avatar\/7571c7c8ca3a6fca5e41384ece5557ff?s=96&r=g\",\"contentUrl\":\"https:\/\/secure.gravatar.com\/avatar\/7571c7c8ca3a6fca5e41384ece5557ff?s=96&r=g\",\"caption\":\"Laura Moutinho\"},\"description\":\"Estagi\u00e1ria na Suno Not\u00edcias, escreve not\u00edcias que afetam o mercado financeiro. Estuda administra\u00e7\u00e3o na Universidade Presbiteriana Mackenzie.\",\"url\":\"https:\/\/www.suno.com.br\/noticias\/author\/laura-moutinho\/\"}]}<\/script>\n<!-- \/ Yoast SEO plugin. -->","yoast_head_json":{"title":"Ibovespa fecha em queda de 1,91%, a 102.293,31 pontos","description":"O\u00a0Ibovespa\u00a0encerrou o preg\u00e3o desta quinta-feira (23) em queda de 1,91%, a 102.293,31 pontos. Clique aqui para saber mais.","robots":{"index":"index","follow":"follow","max-snippet":"max-snippet:-1","max-image-preview":"max-image-preview:large","max-video-preview":"max-video-preview:-1"},"canonical":"https:\/\/www.suno.com.br\/noticias\/ibovespa-fecha-em-queda-de-191-a-102-29331-pontos-23072020\/","og_locale":"pt_BR","og_type":"article","og_title":"Ibovespa fecha em queda de 1,91%, a 102.293,31 pontos","og_description":"O\u00a0Ibovespa\u00a0encerrou o preg\u00e3o desta quinta-feira (23) em queda de 1,91%, a 102.293,31 pontos. Clique aqui para saber mais.","og_url":"https:\/\/www.suno.com.br\/noticias\/ibovespa-fecha-em-queda-de-191-a-102-29331-pontos-23072020\/","og_site_name":"Suno Not\u00edcias","article_publisher":"https:\/\/facebook.com\/sunoresearch","og_image":[{"width":2045,"height":1194,"url":"https:\/\/files.sunoresearch.com.br\/n\/uploads\/2020\/04\/0a2720f7-ibovespa-5.jpg","type":"image\/jpeg"}],"author":"Laura Moutinho","twitter_card":"summary_large_image","twitter_creator":"@sunoresearch","twitter_site":"@sunoresearch","twitter_misc":{"Escrito por":"Laura Moutinho","Est. tempo de leitura":"4 minutos"},"schema":{"@context":"https:\/\/schema.org","@graph":[{"@type":"NewsArticle","@id":"https:\/\/www.suno.com.br\/noticias\/ibovespa-fecha-em-queda-de-191-a-102-29331-pontos-23072020\/#article","isPartOf":{"@id":"https:\/\/www.suno.com.br\/noticias\/ibovespa-fecha-em-queda-de-191-a-102-29331-pontos-23072020\/"},"author":{"name":"Laura Moutinho","@id":"https:\/\/www.suno.com.br\/noticias\/#\/schema\/person\/3df0d2808748b74496efe5dbeaef2c72"},"headline":"Ibovespa fecha em queda de 1,91%, a 102.293,31 pontos","datePublished":"2020-07-23T20:29:32+00:00","dateModified":"2021-02-18T02:01:48+00:00","mainEntityOfPage":{"@id":"https:\/\/www.suno.com.br\/noticias\/ibovespa-fecha-em-queda-de-191-a-102-29331-pontos-23072020\/"},"wordCount":833,"publisher":{"@id":"https:\/\/www.suno.com.br\/noticias\/#organization"},"image":{"@id":"https:\/\/www.suno.com.br\/noticias\/ibovespa-fecha-em-queda-de-191-a-102-29331-pontos-23072020\/#primaryimage"},"thumbnailUrl":"https:\/\/files.sunoresearch.com.br\/n\/uploads\/2020\/04\/0a2720f7-ibovespa-5-jpg.webp","keywords":["Highline","IRB Brasil (IRBR3)","Movida (MOVI3)","Oi (OIBR3\/OIBR4)"],"articleSection":["Mercado"],"inLanguage":"pt-BR"},{"@type":"WebPage","@id":"https:\/\/www.suno.com.br\/noticias\/ibovespa-fecha-em-queda-de-191-a-102-29331-pontos-23072020\/","url":"https:\/\/www.suno.com.br\/noticias\/ibovespa-fecha-em-queda-de-191-a-102-29331-pontos-23072020\/","name":"Ibovespa fecha em queda de 1,91%, a 102.293,31 pontos","isPartOf":{"@id":"https:\/\/www.suno.com.br\/noticias\/#website"},"primaryImageOfPage":{"@id":"https:\/\/www.suno.com.br\/noticias\/ibovespa-fecha-em-queda-de-191-a-102-29331-pontos-23072020\/#primaryimage"},"image":{"@id":"https:\/\/www.suno.com.br\/noticias\/ibovespa-fecha-em-queda-de-191-a-102-29331-pontos-23072020\/#primaryimage"},"thumbnailUrl":"https:\/\/files.sunoresearch.com.br\/n\/uploads\/2020\/04\/0a2720f7-ibovespa-5-jpg.webp","datePublished":"2020-07-23T20:29:32+00:00","dateModified":"2021-02-18T02:01:48+00:00","description":"O\u00a0Ibovespa\u00a0encerrou o preg\u00e3o desta quinta-feira (23) em queda de 1,91%, a 102.293,31 pontos. Clique aqui para saber mais.","breadcrumb":{"@id":"https:\/\/www.suno.com.br\/noticias\/ibovespa-fecha-em-queda-de-191-a-102-29331-pontos-23072020\/#breadcrumb"},"inLanguage":"pt-BR","potentialAction":[{"@type":"ReadAction","target":["https:\/\/www.suno.com.br\/noticias\/ibovespa-fecha-em-queda-de-191-a-102-29331-pontos-23072020\/"]}]},{"@type":"ImageObject","inLanguage":"pt-BR","@id":"https:\/\/www.suno.com.br\/noticias\/ibovespa-fecha-em-queda-de-191-a-102-29331-pontos-23072020\/#primaryimage","url":"https:\/\/files.sunoresearch.com.br\/n\/uploads\/2020\/04\/0a2720f7-ibovespa-5-jpg.webp","contentUrl":"https:\/\/files.sunoresearch.com.br\/n\/uploads\/2020\/04\/0a2720f7-ibovespa-5-jpg.webp","width":2045,"height":1194,"caption":"O Ibovespa abriu de forma est\u00e1vel nesta quarta-feira (10), procurando reverter a sequ\u00eancia de tr\u00eas preg\u00f5es no vermelho."},{"@type":"BreadcrumbList","@id":"https:\/\/www.suno.com.br\/noticias\/ibovespa-fecha-em-queda-de-191-a-102-29331-pontos-23072020\/#breadcrumb","itemListElement":[{"@type":"ListItem","position":1,"name":"Not\u00edcias","item":"https:\/\/www.suno.com.br\/noticias\/"},{"@type":"ListItem","position":2,"name":"Mercado","item":"https:\/\/www.suno.com.br\/noticias\/mercado\/"},{"@type":"ListItem","position":3,"name":"Ibovespa fecha em queda de 1,91%, a 102.293,31 pontos"}]},{"@type":"WebSite","@id":"https:\/\/www.suno.com.br\/noticias\/#website","url":"https:\/\/www.suno.com.br\/noticias\/","name":"Suno Not\u00edcias","description":"Seu portal de informa\u00e7\u00e3o sobre o mundo dos investimentos","publisher":{"@id":"https:\/\/www.suno.com.br\/noticias\/#organization"},"potentialAction":[{"@type":"SearchAction","target":{"@type":"EntryPoint","urlTemplate":"https:\/\/www.suno.com.br\/noticias\/?s={search_term_string}"},"query-input":{"@type":"PropertyValueSpecification","valueRequired":true,"valueName":"search_term_string"}}],"inLanguage":"pt-BR"},{"@type":"Organization","@id":"https:\/\/www.suno.com.br\/noticias\/#organization","name":"Suno Not\u00edcias","url":"https:\/\/www.suno.com.br\/noticias\/","logo":{"@type":"ImageObject","inLanguage":"pt-BR","@id":"https:\/\/www.suno.com.br\/noticias\/#\/schema\/logo\/image\/","url":"https:\/\/files.sunoresearch.com.br\/n\/uploads\/2021\/09\/suno-logo.png","contentUrl":"https:\/\/files.sunoresearch.com.br\/n\/uploads\/2021\/09\/suno-logo.png","width":180,"height":180,"caption":"Suno Not\u00edcias"},"image":{"@id":"https:\/\/www.suno.com.br\/noticias\/#\/schema\/logo\/image\/"},"sameAs":["https:\/\/facebook.com\/sunoresearch","https:\/\/x.com\/sunoresearch","https:\/\/www.instagram.com\/suno","https:\/\/www.linkedin.com\/company\/suno-research\/","https:\/\/www.youtube.com\/c\/sunoresearch"]},{"@type":"Person","@id":"https:\/\/www.suno.com.br\/noticias\/#\/schema\/person\/3df0d2808748b74496efe5dbeaef2c72","name":"Laura Moutinho","image":{"@type":"ImageObject","inLanguage":"pt-BR","@id":"https:\/\/www.suno.com.br\/noticias\/#\/schema\/person\/image\/","url":"https:\/\/secure.gravatar.com\/avatar\/7571c7c8ca3a6fca5e41384ece5557ff?s=96&r=g","contentUrl":"https:\/\/secure.gravatar.com\/avatar\/7571c7c8ca3a6fca5e41384ece5557ff?s=96&r=g","caption":"Laura Moutinho"},"description":"Estagi\u00e1ria na Suno Not\u00edcias, escreve not\u00edcias que afetam o mercado financeiro. Estuda administra\u00e7\u00e3o na Universidade Presbiteriana Mackenzie.","url":"https:\/\/www.suno.com.br\/noticias\/author\/laura-moutinho\/"}]}},"default_loop_html":"<div class=\"cardsPage__listCard__boxs\"><div class=\"cardsPage__listCard__boxs__img\"><a href=\"https:\/\/www.suno.com.br\/noticias\/ibovespa-fecha-em-queda-de-191-a-102-29331-pontos-23072020\/\"><img class=\"mask\" src=\"https:\/\/www.suno.com.br\/noticias\/wp-content\/themes\/suno\/resources\/images\/spotlight\/spotlight1img\/bg-mask.png\" alt=\"Image Mask\"\/><img src=\"https:\/\/files.sunoresearch.com.br\/n\/uploads\/2020\/04\/0a2720f7-ibovespa-5-400x200.webp\" alt=\"Ibovespa fecha em queda de 1,91%, a 102.293,31 pontos\"\/><\/a><span class=\"spotlightCategory\"><a href=\"https:\/\/www.suno.com.br\/noticias\/mercado\/\">Mercado<\/a><\/span><\/div><div class=\"cardsPage__listCard__boxs__content\"><a href=\"https:\/\/www.suno.com.br\/noticias\/ibovespa-fecha-em-queda-de-191-a-102-29331-pontos-23072020\/\"><h2 class=\"content__title\">Ibovespa fecha em queda de 1,91%, a 102.293,31 pontos<\/h2><\/a><div class=\"newsContent__article__meta\"><div class=\"newsContent__article__meta__authorBox\"><a href=\"https:\/\/www.suno.com.br\/noticias\/author\/laura-moutinho\/\" class=\"authorBox__avatar noMobi\"><img src=\"https:\/\/files.sunoresearch.com.br\/n\/uploads\/2020\/08\/531ff69d-whatsapp-image-2020-08-03-at-14.54.38-150x150.webp\" alt=\"Laura Moutinho\"><\/a><div class=\"authorBox__name\"><span>por\n\t\t\t<a href=\"https:\/\/www.suno.com.br\/noticias\/author\/laura-moutinho\/\"><span itemprop=\"author\">Laura Moutinho<\/span><\/a><\/span><time datetime=\"2020-07-23T17:29:32-03:00\" itemprop=\"datePublished\">23\/07\/2020 17:29<\/time><\/div><\/div><\/div><\/div><\/div>","single_layout":"posts","amp_enabled":true,"_links":{"self":[{"href":"https:\/\/www.suno.com.br\/noticias\/wp-json\/wp\/v2\/posts\/74545"}],"collection":[{"href":"https:\/\/www.suno.com.br\/noticias\/wp-json\/wp\/v2\/posts"}],"about":[{"href":"https:\/\/www.suno.com.br\/noticias\/wp-json\/wp\/v2\/types\/post"}],"author":[{"embeddable":true,"href":"https:\/\/www.suno.com.br\/noticias\/wp-json\/wp\/v2\/users\/39"}],"replies":[{"embeddable":true,"href":"https:\/\/www.suno.com.br\/noticias\/wp-json\/wp\/v2\/comments?post=74545"}],"version-history":[{"count":0,"href":"https:\/\/www.suno.com.br\/noticias\/wp-json\/wp\/v2\/posts\/74545\/revisions"}],"wp:featuredmedia":[{"embeddable":true,"href":"https:\/\/www.suno.com.br\/noticias\/wp-json\/wp\/v2\/media\/63056"}],"wp:attachment":[{"href":"https:\/\/www.suno.com.br\/noticias\/wp-json\/wp\/v2\/media?parent=74545"}],"wp:term":[{"taxonomy":"category","embeddable":true,"href":"https:\/\/www.suno.com.br\/noticias\/wp-json\/wp\/v2\/categories?post=74545"},{"taxonomy":"post_tag","embeddable":true,"href":"https:\/\/www.suno.com.br\/noticias\/wp-json\/wp\/v2\/tags?post=74545"},{"taxonomy":"suno_strategy","embeddable":true,"href":"https:\/\/www.suno.com.br\/noticias\/wp-json\/wp\/v2\/suno_strategy?post=74545"}],"curies":[{"name":"wp","href":"https:\/\/api.w.org\/{rel}","templated":true}]}}