{"id":74525,"date":"2020-07-23T15:48:45","date_gmt":"2020-07-23T18:48:45","guid":{"rendered":"https:\/\/www.suno.com.br\/noticias\/?p=74525"},"modified":"2021-06-01T21:54:04","modified_gmt":"2021-06-02T00:54:04","slug":"exclusividade-highline-oi-oibr3-nao-impede-nova-proposta","status":"publish","type":"post","link":"https:\/\/www.suno.com.br\/noticias\/exclusividade-highline-oi-oibr3-nao-impede-nova-proposta\/","title":{"rendered":"Oi (OIBR3): operadoras ainda podem entrar com oferta maior, diz jornal"},"content":{"rendered":"<p>A exclusividade fechada com a Highline, controlada pela gestora Digital Colony, nas negocia\u00e7\u00f5es para a venda dos ativos m\u00f3veis da <a href=\"https:\/\/www.suno.com.br\/acoes\/oibr3\/\"><strong>Oi <\/strong>(OIBR3)<\/a>, n\u00e3o impede uma nova proposta de operadoras, afirmaram duas fontes. As informa\u00e7\u00f5es forma publicadas originalmente nesta quinta-feira (23) pelo jornal &#8220;Valor Econ\u00f4mico&#8221;.<\/p>\t<div class=\"wrapper-featured-image\">\n\t\t<figure class=\"spotlightImg\">\n\n\t\t\t<picture>\n\t\t\t\t<source media=\"(max-width: 768px)\" srcset=\"https:\/\/files.sunoresearch.com.br\/n\/uploads\/2019\/09\/6a36f456-oi-400x200.webp\">\n\t\t\t\t<img loading=\"lazy\" decoding=\"async\" class=\"newsContent__article__imgCapa lazyloadDisabled newsContent__article__imgCapa--noCaption\" src=\"https:\/\/files.sunoresearch.com.br\/n\/uploads\/2019\/09\/6a36f456-oi-800x450.webp\" width=\"800\" height=\"450\" alt=\"Oi (OIBR3): operadoras ainda podem entrar com oferta maior, diz jornal\" fetchpriority=high \/>\n\t\t\t<\/picture>\n\n\t\t\t<figcaption class=\"wp-caption-text wp-caption-text--hide\">Nova AGC da Oi deve acontecer no dia 8 de setembro e deve ser presencial<\/figcaption>\n\t\t<\/figure>\n\t<\/div>\n\n\n\n<p>Nesse sentido, o trio de operadoras que atuam no Brasil, a <a href=\"https:\/\/www.suno.com.br\/acoes\/timp3\/\"><strong>TIM<\/strong> (TIMP3)<\/a>, <a href=\"https:\/\/www.suno.com.br\/acoes\/vivt4\/\"><strong>Telef\u00f4nica Brasil<\/strong> (VIVT4)<\/a> e <strong>Claro<\/strong>, ainda poderiam realizar um lance maior pelo ativo de telefonia m\u00f3vel da Oi.<\/p>\n<p>\u201cA exclusividade \u00e9 para negociar um contrato que vai para o leil\u00e3o com um direito de prefer\u00eancia. Mas ainda haver\u00e1 o leil\u00e3o\u201d, salientou uma fonte. Assim sendo, as empresas de telecomunica\u00e7\u00e3o poderiam entrar com uma proposta superior e encontrar suporte em acionistas e credores, muito embora n\u00e3o seja a oferta recomendada pelo <a href=\"https:\/\/www.suno.com.br\/artigos\/conselho-administracao\/\">conselho de administra\u00e7\u00e3o<\/a>.<\/p>\n<p><a href=\"https:\/\/lp.suno.com.br\/lm\/relatorio\/suno-drops-oi-oibr4\/\">Clique aqui e baixe o relat\u00f3rio gratuito da Oi (OIBR3).<\/a><\/p>\n<p>O modelo de leil\u00e3o \u00e9 obrigat\u00f3rio em raz\u00e3o das condi\u00e7\u00f5es ligadas ao processo de <a href=\"https:\/\/www.suno.com.br\/artigos\/recuperacao-judicial\/\">recupera\u00e7\u00e3o judicial<\/a>. \u201cAs operadoras n\u00e3o est\u00e3o dando esse neg\u00f3cio por perdido\u201d, afirmou um banqueiro que participa das negocia\u00e7\u00f5es.<\/p>\n<p><iframe loading=\"lazy\" src=\"https:\/\/www.youtube.com\/embed\/C-3XMpxEESQ\" width=\"560\" height=\"315\" frameborder=\"0\" allowfullscreen=\"allowfullscreen\"><\/iframe><\/p>\n<h2>Credit Suisse espera que operadoras entrem com lance maior em leil\u00e3o da Oi<\/h2>\n<p>Os analistas do banco <strong>Credit<\/strong> <strong>Suisse<\/strong> avaliaram em relat\u00f3rio que essa ser\u00e1 mesmo a estrat\u00e9gia das operadoras TIM, Claro e Telef\u00f4nica, de entrar no leil\u00e3o com uma proposta superior.<\/p>\n<p>\u201cO ganho de valor da arbitragem entre o pre\u00e7o pago e o valor potencial da Oi M\u00f3vel, uma vez incorporado aos seus concorrentes, seria menor nesse cen\u00e1rio, mas condi\u00e7\u00f5es de reparo de mercado (sinergias, ganhos de escala, menor concorr\u00eancia) ainda aconteceriam e esse \u00e9 o mais fator importante para a cria\u00e7\u00e3o de valor\u201d, ponderaram os analistas do Credit Suisse.<\/p>\n<p>A institui\u00e7\u00e3o financeira tamb\u00e9m avalia como pouco prov\u00e1vel que a Highline se torne uma operadora de telefonia m\u00f3vel no Brasil. A empresa perderia sinergias operacionais entre os neg\u00f3cios de telefonia m\u00f3vel e de telefonia fixa de que a Oi atualmente desfruta, julgou o banco.<\/p>\n<p><a href=\"https:\/\/www.suno.com.br\/noticias\/oi-oibr3-highline-busca-operacao-completa-e-deve-revender-carteira-de-clientes\/\">Saiba mais: Oi (OIBR3): Highline busca opera\u00e7\u00e3o completa e deve revender carteira de clientes<\/a><\/p>\n<p>Al\u00e9m disso, o Credit Suisse espera que, caso a Highline saia vencedora, a empresa venda os ativos m\u00f3veis da <strong>Oi\u00a0<\/strong>para as operadoras que j\u00e1 possuem atua\u00e7\u00e3o no mercado brasileiro.<\/p>\n\n","protected":false},"excerpt":{"rendered":"<p>A exclusividade fechada com a Highline, controlada pela gestora Digital Colony, nas negocia\u00e7\u00f5es para a venda dos ativos m\u00f3veis da Oi (OIBR3), n\u00e3o impede uma nova proposta de operadoras, afirmaram duas fontes. As informa\u00e7\u00f5es forma publicadas originalmente nesta quinta-feira (23) pelo jornal &#8220;Valor Econ\u00f4mico&#8221;. Nova AGC da Oi deve acontecer no dia 8 de setembro [&hellip;]<\/p>\n","protected":false},"author":35,"featured_media":38475,"comment_status":"closed","ping_status":"closed","sticky":false,"template":"","format":"standard","meta":[],"categories":[64],"tags":[1140,77760,584,3544,659,663],"suno_strategy":[],"class_list":["post-74525","post","type-post","status-publish","format-standard","has-post-thumbnail","hentry","category-negocios","tag-claro","tag-highline","tag-oi-oibr3-oibr4","tag-oi-movel","tag-telefonica-vivt3","tag-tim-tims3"],"yoast_head":"<!-- This site is optimized with the Yoast SEO plugin v24.4 - https:\/\/yoast.com\/wordpress\/plugins\/seo\/ -->\n<title>Oi (OIBR3): operadoras ainda podem entrar com oferta maior, diz jornal<\/title>\n<meta name=\"description\" content=\"A exclusividade fechada entre Highline e Oi (OIBR3), n\u00e3o impede uma nova proposta de operadoras, segundo informa\u00e7\u00f5es do &quot;Valor Econ\u00f4mico&quot;.\" \/>\n<meta name=\"robots\" content=\"index, follow, max-snippet:-1, max-image-preview:large, max-video-preview:-1\" \/>\n<link rel=\"canonical\" href=\"https:\/\/www.suno.com.br\/noticias\/exclusividade-highline-oi-oibr3-nao-impede-nova-proposta\/\" \/>\n<meta property=\"og:locale\" content=\"pt_BR\" \/>\n<meta property=\"og:type\" content=\"article\" \/>\n<meta property=\"og:title\" content=\"Oi (OIBR3): operadoras ainda podem entrar com oferta maior, diz jornal\" \/>\n<meta property=\"og:description\" content=\"A exclusividade fechada entre Highline e Oi (OIBR3), n\u00e3o impede uma nova proposta de operadoras, segundo informa\u00e7\u00f5es do &quot;Valor Econ\u00f4mico&quot;.\" \/>\n<meta property=\"og:url\" content=\"https:\/\/www.suno.com.br\/noticias\/exclusividade-highline-oi-oibr3-nao-impede-nova-proposta\/\" \/>\n<meta property=\"og:site_name\" content=\"Suno Not\u00edcias\" \/>\n<meta property=\"article:publisher\" content=\"https:\/\/facebook.com\/sunoresearch\" \/>\n<meta property=\"og:image\" content=\"https:\/\/files.sunoresearch.com.br\/n\/uploads\/2019\/09\/6a36f456-oi.jpg\" \/>\n\t<meta property=\"og:image:width\" content=\"1200\" \/>\n\t<meta property=\"og:image:height\" content=\"675\" \/>\n\t<meta property=\"og:image:type\" content=\"image\/jpeg\" \/>\n<meta name=\"author\" content=\"Arthur Guimar\u00e3es\" \/>\n<meta name=\"twitter:card\" content=\"summary_large_image\" \/>\n<meta name=\"twitter:creator\" content=\"@sunoresearch\" \/>\n<meta name=\"twitter:site\" content=\"@sunoresearch\" \/>\n<meta name=\"twitter:label1\" content=\"Escrito por\" \/>\n\t<meta name=\"twitter:data1\" content=\"Arthur Guimar\u00e3es\" \/>\n\t<meta name=\"twitter:label2\" content=\"Est. tempo de leitura\" \/>\n\t<meta name=\"twitter:data2\" content=\"2 minutos\" \/>\n<script type=\"application\/ld+json\" class=\"yoast-schema-graph\">{\"@context\":\"https:\/\/schema.org\",\"@graph\":[{\"@type\":\"NewsArticle\",\"@id\":\"https:\/\/www.suno.com.br\/noticias\/exclusividade-highline-oi-oibr3-nao-impede-nova-proposta\/#article\",\"isPartOf\":{\"@id\":\"https:\/\/www.suno.com.br\/noticias\/exclusividade-highline-oi-oibr3-nao-impede-nova-proposta\/\"},\"author\":{\"name\":\"Arthur Guimar\u00e3es\",\"@id\":\"https:\/\/www.suno.com.br\/noticias\/#\/schema\/person\/053a750a709a263919a20f976caae91c\"},\"headline\":\"Oi (OIBR3): operadoras ainda podem entrar com oferta maior, diz jornal\",\"datePublished\":\"2020-07-23T18:48:45+00:00\",\"dateModified\":\"2021-06-02T00:54:04+00:00\",\"mainEntityOfPage\":{\"@id\":\"https:\/\/www.suno.com.br\/noticias\/exclusividade-highline-oi-oibr3-nao-impede-nova-proposta\/\"},\"wordCount\":420,\"publisher\":{\"@id\":\"https:\/\/www.suno.com.br\/noticias\/#organization\"},\"image\":{\"@id\":\"https:\/\/www.suno.com.br\/noticias\/exclusividade-highline-oi-oibr3-nao-impede-nova-proposta\/#primaryimage\"},\"thumbnailUrl\":\"https:\/\/files.sunoresearch.com.br\/n\/uploads\/2019\/09\/6a36f456-oi-jpg.webp\",\"keywords\":[\"Claro\",\"Highline\",\"Oi (OIBR3\/OIBR4)\",\"Oi M\u00f3vel\",\"Telef\u00f4nica (VIVT3)\",\"TIM (TIMS3)\"],\"articleSection\":[\"Neg\u00f3cios\"],\"inLanguage\":\"pt-BR\"},{\"@type\":\"WebPage\",\"@id\":\"https:\/\/www.suno.com.br\/noticias\/exclusividade-highline-oi-oibr3-nao-impede-nova-proposta\/\",\"url\":\"https:\/\/www.suno.com.br\/noticias\/exclusividade-highline-oi-oibr3-nao-impede-nova-proposta\/\",\"name\":\"Oi (OIBR3): operadoras ainda podem entrar com oferta maior, diz jornal\",\"isPartOf\":{\"@id\":\"https:\/\/www.suno.com.br\/noticias\/#website\"},\"primaryImageOfPage\":{\"@id\":\"https:\/\/www.suno.com.br\/noticias\/exclusividade-highline-oi-oibr3-nao-impede-nova-proposta\/#primaryimage\"},\"image\":{\"@id\":\"https:\/\/www.suno.com.br\/noticias\/exclusividade-highline-oi-oibr3-nao-impede-nova-proposta\/#primaryimage\"},\"thumbnailUrl\":\"https:\/\/files.sunoresearch.com.br\/n\/uploads\/2019\/09\/6a36f456-oi-jpg.webp\",\"datePublished\":\"2020-07-23T18:48:45+00:00\",\"dateModified\":\"2021-06-02T00:54:04+00:00\",\"description\":\"A exclusividade fechada entre Highline e Oi (OIBR3), n\u00e3o impede uma nova proposta de operadoras, segundo informa\u00e7\u00f5es do \\\"Valor Econ\u00f4mico\\\".\",\"breadcrumb\":{\"@id\":\"https:\/\/www.suno.com.br\/noticias\/exclusividade-highline-oi-oibr3-nao-impede-nova-proposta\/#breadcrumb\"},\"inLanguage\":\"pt-BR\",\"potentialAction\":[{\"@type\":\"ReadAction\",\"target\":[\"https:\/\/www.suno.com.br\/noticias\/exclusividade-highline-oi-oibr3-nao-impede-nova-proposta\/\"]}]},{\"@type\":\"ImageObject\",\"inLanguage\":\"pt-BR\",\"@id\":\"https:\/\/www.suno.com.br\/noticias\/exclusividade-highline-oi-oibr3-nao-impede-nova-proposta\/#primaryimage\",\"url\":\"https:\/\/files.sunoresearch.com.br\/n\/uploads\/2019\/09\/6a36f456-oi-jpg.webp\",\"contentUrl\":\"https:\/\/files.sunoresearch.com.br\/n\/uploads\/2019\/09\/6a36f456-oi-jpg.webp\",\"width\":1200,\"height\":675,\"caption\":\"Nova AGC da Oi deve acontecer no dia 8 de setembro e deve ser presencial\"},{\"@type\":\"BreadcrumbList\",\"@id\":\"https:\/\/www.suno.com.br\/noticias\/exclusividade-highline-oi-oibr3-nao-impede-nova-proposta\/#breadcrumb\",\"itemListElement\":[{\"@type\":\"ListItem\",\"position\":1,\"name\":\"Not\u00edcias\",\"item\":\"https:\/\/www.suno.com.br\/noticias\/\"},{\"@type\":\"ListItem\",\"position\":2,\"name\":\"Neg\u00f3cios\",\"item\":\"https:\/\/www.suno.com.br\/noticias\/negocios\/\"},{\"@type\":\"ListItem\",\"position\":3,\"name\":\"Oi (OIBR3): operadoras ainda podem entrar com oferta maior, diz jornal\"}]},{\"@type\":\"WebSite\",\"@id\":\"https:\/\/www.suno.com.br\/noticias\/#website\",\"url\":\"https:\/\/www.suno.com.br\/noticias\/\",\"name\":\"Suno Not\u00edcias\",\"description\":\"Seu portal de informa\u00e7\u00e3o sobre o mundo dos investimentos\",\"publisher\":{\"@id\":\"https:\/\/www.suno.com.br\/noticias\/#organization\"},\"potentialAction\":[{\"@type\":\"SearchAction\",\"target\":{\"@type\":\"EntryPoint\",\"urlTemplate\":\"https:\/\/www.suno.com.br\/noticias\/?s={search_term_string}\"},\"query-input\":{\"@type\":\"PropertyValueSpecification\",\"valueRequired\":true,\"valueName\":\"search_term_string\"}}],\"inLanguage\":\"pt-BR\"},{\"@type\":\"Organization\",\"@id\":\"https:\/\/www.suno.com.br\/noticias\/#organization\",\"name\":\"Suno Not\u00edcias\",\"url\":\"https:\/\/www.suno.com.br\/noticias\/\",\"logo\":{\"@type\":\"ImageObject\",\"inLanguage\":\"pt-BR\",\"@id\":\"https:\/\/www.suno.com.br\/noticias\/#\/schema\/logo\/image\/\",\"url\":\"https:\/\/files.sunoresearch.com.br\/n\/uploads\/2021\/09\/suno-logo.png\",\"contentUrl\":\"https:\/\/files.sunoresearch.com.br\/n\/uploads\/2021\/09\/suno-logo.png\",\"width\":180,\"height\":180,\"caption\":\"Suno Not\u00edcias\"},\"image\":{\"@id\":\"https:\/\/www.suno.com.br\/noticias\/#\/schema\/logo\/image\/\"},\"sameAs\":[\"https:\/\/facebook.com\/sunoresearch\",\"https:\/\/x.com\/sunoresearch\",\"https:\/\/www.instagram.com\/suno\",\"https:\/\/www.linkedin.com\/company\/suno-research\/\",\"https:\/\/www.youtube.com\/c\/sunoresearch\"]},{\"@type\":\"Person\",\"@id\":\"https:\/\/www.suno.com.br\/noticias\/#\/schema\/person\/053a750a709a263919a20f976caae91c\",\"name\":\"Arthur Guimar\u00e3es\",\"image\":{\"@type\":\"ImageObject\",\"inLanguage\":\"pt-BR\",\"@id\":\"https:\/\/www.suno.com.br\/noticias\/#\/schema\/person\/image\/\",\"url\":\"https:\/\/secure.gravatar.com\/avatar\/1affd86a11209ae09eb6dd3bcad3e96c?s=96&r=g\",\"contentUrl\":\"https:\/\/secure.gravatar.com\/avatar\/1affd86a11209ae09eb6dd3bcad3e96c?s=96&r=g\",\"caption\":\"Arthur Guimar\u00e3es\"},\"description\":\"Arthur Guimar\u00e3es escreve sobre pol\u00edtica, economia e neg\u00f3cios para o portal de not\u00edcias da Suno Research. Atualmente, \u00e9 estudante de jornalismo pela Faculdade C\u00e1sper L\u00edbero.\",\"url\":\"https:\/\/www.suno.com.br\/noticias\/author\/arthur-guimaraes\/\"}]}<\/script>\n<!-- \/ Yoast SEO plugin. -->","yoast_head_json":{"title":"Oi (OIBR3): operadoras ainda podem entrar com oferta maior, diz jornal","description":"A exclusividade fechada entre Highline e Oi (OIBR3), n\u00e3o impede uma nova proposta de operadoras, segundo informa\u00e7\u00f5es do \"Valor Econ\u00f4mico\".","robots":{"index":"index","follow":"follow","max-snippet":"max-snippet:-1","max-image-preview":"max-image-preview:large","max-video-preview":"max-video-preview:-1"},"canonical":"https:\/\/www.suno.com.br\/noticias\/exclusividade-highline-oi-oibr3-nao-impede-nova-proposta\/","og_locale":"pt_BR","og_type":"article","og_title":"Oi (OIBR3): operadoras ainda podem entrar com oferta maior, diz jornal","og_description":"A exclusividade fechada entre Highline e Oi (OIBR3), n\u00e3o impede uma nova proposta de operadoras, segundo informa\u00e7\u00f5es do \"Valor Econ\u00f4mico\".","og_url":"https:\/\/www.suno.com.br\/noticias\/exclusividade-highline-oi-oibr3-nao-impede-nova-proposta\/","og_site_name":"Suno Not\u00edcias","article_publisher":"https:\/\/facebook.com\/sunoresearch","og_image":[{"width":1200,"height":675,"url":"https:\/\/files.sunoresearch.com.br\/n\/uploads\/2019\/09\/6a36f456-oi.jpg","type":"image\/jpeg"}],"author":"Arthur Guimar\u00e3es","twitter_card":"summary_large_image","twitter_creator":"@sunoresearch","twitter_site":"@sunoresearch","twitter_misc":{"Escrito por":"Arthur Guimar\u00e3es","Est. tempo de leitura":"2 minutos"},"schema":{"@context":"https:\/\/schema.org","@graph":[{"@type":"NewsArticle","@id":"https:\/\/www.suno.com.br\/noticias\/exclusividade-highline-oi-oibr3-nao-impede-nova-proposta\/#article","isPartOf":{"@id":"https:\/\/www.suno.com.br\/noticias\/exclusividade-highline-oi-oibr3-nao-impede-nova-proposta\/"},"author":{"name":"Arthur Guimar\u00e3es","@id":"https:\/\/www.suno.com.br\/noticias\/#\/schema\/person\/053a750a709a263919a20f976caae91c"},"headline":"Oi (OIBR3): operadoras ainda podem entrar com oferta maior, diz jornal","datePublished":"2020-07-23T18:48:45+00:00","dateModified":"2021-06-02T00:54:04+00:00","mainEntityOfPage":{"@id":"https:\/\/www.suno.com.br\/noticias\/exclusividade-highline-oi-oibr3-nao-impede-nova-proposta\/"},"wordCount":420,"publisher":{"@id":"https:\/\/www.suno.com.br\/noticias\/#organization"},"image":{"@id":"https:\/\/www.suno.com.br\/noticias\/exclusividade-highline-oi-oibr3-nao-impede-nova-proposta\/#primaryimage"},"thumbnailUrl":"https:\/\/files.sunoresearch.com.br\/n\/uploads\/2019\/09\/6a36f456-oi-jpg.webp","keywords":["Claro","Highline","Oi (OIBR3\/OIBR4)","Oi M\u00f3vel","Telef\u00f4nica (VIVT3)","TIM (TIMS3)"],"articleSection":["Neg\u00f3cios"],"inLanguage":"pt-BR"},{"@type":"WebPage","@id":"https:\/\/www.suno.com.br\/noticias\/exclusividade-highline-oi-oibr3-nao-impede-nova-proposta\/","url":"https:\/\/www.suno.com.br\/noticias\/exclusividade-highline-oi-oibr3-nao-impede-nova-proposta\/","name":"Oi (OIBR3): operadoras ainda podem entrar com oferta maior, diz jornal","isPartOf":{"@id":"https:\/\/www.suno.com.br\/noticias\/#website"},"primaryImageOfPage":{"@id":"https:\/\/www.suno.com.br\/noticias\/exclusividade-highline-oi-oibr3-nao-impede-nova-proposta\/#primaryimage"},"image":{"@id":"https:\/\/www.suno.com.br\/noticias\/exclusividade-highline-oi-oibr3-nao-impede-nova-proposta\/#primaryimage"},"thumbnailUrl":"https:\/\/files.sunoresearch.com.br\/n\/uploads\/2019\/09\/6a36f456-oi-jpg.webp","datePublished":"2020-07-23T18:48:45+00:00","dateModified":"2021-06-02T00:54:04+00:00","description":"A exclusividade fechada entre Highline e Oi (OIBR3), n\u00e3o impede uma nova proposta de operadoras, segundo informa\u00e7\u00f5es do \"Valor Econ\u00f4mico\".","breadcrumb":{"@id":"https:\/\/www.suno.com.br\/noticias\/exclusividade-highline-oi-oibr3-nao-impede-nova-proposta\/#breadcrumb"},"inLanguage":"pt-BR","potentialAction":[{"@type":"ReadAction","target":["https:\/\/www.suno.com.br\/noticias\/exclusividade-highline-oi-oibr3-nao-impede-nova-proposta\/"]}]},{"@type":"ImageObject","inLanguage":"pt-BR","@id":"https:\/\/www.suno.com.br\/noticias\/exclusividade-highline-oi-oibr3-nao-impede-nova-proposta\/#primaryimage","url":"https:\/\/files.sunoresearch.com.br\/n\/uploads\/2019\/09\/6a36f456-oi-jpg.webp","contentUrl":"https:\/\/files.sunoresearch.com.br\/n\/uploads\/2019\/09\/6a36f456-oi-jpg.webp","width":1200,"height":675,"caption":"Nova AGC da Oi deve acontecer no dia 8 de setembro e deve ser presencial"},{"@type":"BreadcrumbList","@id":"https:\/\/www.suno.com.br\/noticias\/exclusividade-highline-oi-oibr3-nao-impede-nova-proposta\/#breadcrumb","itemListElement":[{"@type":"ListItem","position":1,"name":"Not\u00edcias","item":"https:\/\/www.suno.com.br\/noticias\/"},{"@type":"ListItem","position":2,"name":"Neg\u00f3cios","item":"https:\/\/www.suno.com.br\/noticias\/negocios\/"},{"@type":"ListItem","position":3,"name":"Oi (OIBR3): operadoras ainda podem entrar com oferta maior, diz jornal"}]},{"@type":"WebSite","@id":"https:\/\/www.suno.com.br\/noticias\/#website","url":"https:\/\/www.suno.com.br\/noticias\/","name":"Suno Not\u00edcias","description":"Seu portal de informa\u00e7\u00e3o sobre o mundo dos investimentos","publisher":{"@id":"https:\/\/www.suno.com.br\/noticias\/#organization"},"potentialAction":[{"@type":"SearchAction","target":{"@type":"EntryPoint","urlTemplate":"https:\/\/www.suno.com.br\/noticias\/?s={search_term_string}"},"query-input":{"@type":"PropertyValueSpecification","valueRequired":true,"valueName":"search_term_string"}}],"inLanguage":"pt-BR"},{"@type":"Organization","@id":"https:\/\/www.suno.com.br\/noticias\/#organization","name":"Suno Not\u00edcias","url":"https:\/\/www.suno.com.br\/noticias\/","logo":{"@type":"ImageObject","inLanguage":"pt-BR","@id":"https:\/\/www.suno.com.br\/noticias\/#\/schema\/logo\/image\/","url":"https:\/\/files.sunoresearch.com.br\/n\/uploads\/2021\/09\/suno-logo.png","contentUrl":"https:\/\/files.sunoresearch.com.br\/n\/uploads\/2021\/09\/suno-logo.png","width":180,"height":180,"caption":"Suno Not\u00edcias"},"image":{"@id":"https:\/\/www.suno.com.br\/noticias\/#\/schema\/logo\/image\/"},"sameAs":["https:\/\/facebook.com\/sunoresearch","https:\/\/x.com\/sunoresearch","https:\/\/www.instagram.com\/suno","https:\/\/www.linkedin.com\/company\/suno-research\/","https:\/\/www.youtube.com\/c\/sunoresearch"]},{"@type":"Person","@id":"https:\/\/www.suno.com.br\/noticias\/#\/schema\/person\/053a750a709a263919a20f976caae91c","name":"Arthur Guimar\u00e3es","image":{"@type":"ImageObject","inLanguage":"pt-BR","@id":"https:\/\/www.suno.com.br\/noticias\/#\/schema\/person\/image\/","url":"https:\/\/secure.gravatar.com\/avatar\/1affd86a11209ae09eb6dd3bcad3e96c?s=96&r=g","contentUrl":"https:\/\/secure.gravatar.com\/avatar\/1affd86a11209ae09eb6dd3bcad3e96c?s=96&r=g","caption":"Arthur Guimar\u00e3es"},"description":"Arthur Guimar\u00e3es escreve sobre pol\u00edtica, economia e neg\u00f3cios para o portal de not\u00edcias da Suno Research. Atualmente, \u00e9 estudante de jornalismo pela Faculdade C\u00e1sper L\u00edbero.","url":"https:\/\/www.suno.com.br\/noticias\/author\/arthur-guimaraes\/"}]}},"default_loop_html":"<div class=\"cardsPage__listCard__boxs\"><div class=\"cardsPage__listCard__boxs__img\"><a href=\"https:\/\/www.suno.com.br\/noticias\/exclusividade-highline-oi-oibr3-nao-impede-nova-proposta\/\"><img class=\"mask\" src=\"https:\/\/www.suno.com.br\/noticias\/wp-content\/themes\/suno\/resources\/images\/spotlight\/spotlight1img\/bg-mask.png\" alt=\"Image Mask\"\/><img src=\"https:\/\/files.sunoresearch.com.br\/n\/uploads\/2019\/09\/6a36f456-oi-400x200.webp\" alt=\"Oi (OIBR3): operadoras ainda podem entrar com oferta maior, diz jornal\"\/><\/a><span class=\"spotlightCategory\"><a href=\"https:\/\/www.suno.com.br\/noticias\/negocios\/\">Neg\u00f3cios<\/a><\/span><\/div><div class=\"cardsPage__listCard__boxs__content\"><a href=\"https:\/\/www.suno.com.br\/noticias\/exclusividade-highline-oi-oibr3-nao-impede-nova-proposta\/\"><h2 class=\"content__title\">Oi (OIBR3): operadoras ainda podem entrar com oferta maior, diz jornal<\/h2><\/a><div class=\"newsContent__article__meta\"><div class=\"newsContent__article__meta__authorBox\"><a href=\"https:\/\/www.suno.com.br\/noticias\/author\/arthur-guimaraes\/\" class=\"authorBox__avatar noMobi\"><img src=\"https:\/\/files.sunoresearch.com.br\/n\/uploads\/2020\/02\/dfb40897-eu-150x150.webp\" alt=\"Arthur Guimar\u00e3es\"><\/a><div class=\"authorBox__name\"><span>por\n\t\t\t<a href=\"https:\/\/www.suno.com.br\/noticias\/author\/arthur-guimaraes\/\"><span itemprop=\"author\">Arthur Guimar\u00e3es<\/span><\/a><\/span><time datetime=\"2020-07-23T15:48:45-03:00\" itemprop=\"datePublished\">23\/07\/2020 15:48<\/time><\/div><\/div><\/div><\/div><\/div>","single_layout":"posts","amp_enabled":true,"_links":{"self":[{"href":"https:\/\/www.suno.com.br\/noticias\/wp-json\/wp\/v2\/posts\/74525"}],"collection":[{"href":"https:\/\/www.suno.com.br\/noticias\/wp-json\/wp\/v2\/posts"}],"about":[{"href":"https:\/\/www.suno.com.br\/noticias\/wp-json\/wp\/v2\/types\/post"}],"author":[{"embeddable":true,"href":"https:\/\/www.suno.com.br\/noticias\/wp-json\/wp\/v2\/users\/35"}],"replies":[{"embeddable":true,"href":"https:\/\/www.suno.com.br\/noticias\/wp-json\/wp\/v2\/comments?post=74525"}],"version-history":[{"count":1,"href":"https:\/\/www.suno.com.br\/noticias\/wp-json\/wp\/v2\/posts\/74525\/revisions"}],"predecessor-version":[{"id":152691,"href":"https:\/\/www.suno.com.br\/noticias\/wp-json\/wp\/v2\/posts\/74525\/revisions\/152691"}],"wp:featuredmedia":[{"embeddable":true,"href":"https:\/\/www.suno.com.br\/noticias\/wp-json\/wp\/v2\/media\/38475"}],"wp:attachment":[{"href":"https:\/\/www.suno.com.br\/noticias\/wp-json\/wp\/v2\/media?parent=74525"}],"wp:term":[{"taxonomy":"category","embeddable":true,"href":"https:\/\/www.suno.com.br\/noticias\/wp-json\/wp\/v2\/categories?post=74525"},{"taxonomy":"post_tag","embeddable":true,"href":"https:\/\/www.suno.com.br\/noticias\/wp-json\/wp\/v2\/tags?post=74525"},{"taxonomy":"suno_strategy","embeddable":true,"href":"https:\/\/www.suno.com.br\/noticias\/wp-json\/wp\/v2\/suno_strategy?post=74525"}],"curies":[{"name":"wp","href":"https:\/\/api.w.org\/{rel}","templated":true}]}}