{"id":74461,"date":"2020-07-23T10:22:27","date_gmt":"2020-07-23T13:22:27","guid":{"rendered":"https:\/\/www.suno.com.br\/noticias\/?p=74461"},"modified":"2020-07-23T10:22:27","modified_gmt":"2020-07-23T13:22:27","slug":"movida-movi3-alta-5-8-receita-liquida-do-2t20","status":"publish","type":"post","link":"https:\/\/www.suno.com.br\/noticias\/movida-movi3-alta-5-8-receita-liquida-do-2t20\/","title":{"rendered":"Em dados pr\u00e9vios, Movida (MOVI3) apresenta alta de 5,8% na receita l\u00edquida do 2T20"},"content":{"rendered":"<p>A <a href=\"https:\/\/www.suno.com.br\/acoes\/movi3\/\"><strong>Movida<\/strong> (MOVI3)<\/a> divulgou dados financeiros pr\u00e9vios n\u00e3o auditados do segundo trimestre de 2020, na manh\u00e3 desta quinta-feira (23). A empresa teve uma <a href=\"https:\/\/www.suno.com.br\/artigos\/receita-liquida-operacional\/\">receita l\u00edquida<\/a> de R$ 1,047 bilh\u00e3o. O valor representa uma alta de 5,8% em rela\u00e7\u00e3o ao mesmo per\u00edodo de 2019. A receita da locadora no segundo trimestre de 2019 foi\u00a0de R$ 990,4 milh\u00f5es.<\/p>\t<div class=\"wrapper-featured-image\">\n\t\t<figure class=\"spotlightImg\">\n\n\t\t\t<picture>\n\t\t\t\t<source media=\"(max-width: 768px)\" srcset=\"https:\/\/files.sunoresearch.com.br\/n\/uploads\/2019\/04\/114e8970-d0b37c448f42f8bd1c8585fc88d33c8b-jpg.webp\">\n\t\t\t\t<img loading=\"lazy\" decoding=\"async\" class=\"newsContent__article__imgCapa lazyloadDisabled newsContent__article__imgCapa--noCaption\" src=\"https:\/\/files.sunoresearch.com.br\/n\/uploads\/2019\/04\/114e8970-d0b37c448f42f8bd1c8585fc88d33c8b-jpg.webp\" width=\"800\" height=\"450\" alt=\"Em dados pr\u00e9vios, Movida (MOVI3) apresenta alta de 5,8% na receita l\u00edquida do 2T20\" fetchpriority=high \/>\n\t\t\t<\/picture>\n\n\t\t\t<figcaption class=\"wp-caption-text wp-caption-text--hide\">Movida (MOVI3) emitir\u00e1 R$ 200 milh\u00f5es em deb\u00eantures <\/figcaption>\n\t\t<\/figure>\n\t<\/div>\n\n\n\n<p>A receita com venda de ativos (seminovos) da Movida tamb\u00e9m cresceu. A companhia registrou alta de 21,3% neste quesito, em rela\u00e7\u00e3o ao\u00a0 per\u00edodo de abril a junho do ano passado, para R$ 749,1 milh\u00f5es (dados pr\u00e9vios n\u00e3o auditados).<\/p>\n<p>De acordo com o documento publicado pela Movida, a empresa teve no segundo trimestre deste ano a maior posi\u00e7\u00e3o de caixa j\u00e1 reportada de R$ 1,741 bilh\u00e3o. No primeiro trimestre deste ano o caixa da empresa ficou em R$ 1,049 bilh\u00e3o.<\/p>\n<p><a href=\"https:\/\/lp.suno.com.br\/suno-one\/\">Suno One: acesse gratuitamente eBooks, Minicursos, Artigos e Video Aulas sobre investimentos com um \u00fanico cadastro. Clique para saber mais!<\/a><\/p>\n<p>Vale destacar que desde o in\u00edcio da pandemia de coronav\u00edrus, a locadora de ve\u00edculos fechou 15 lojas, permanentemente, e renegociou contratos de alugu\u00e9is com mais de 10 mil fornecedores.<\/p>\n<h2>Lucro da Movida no 1T20<\/h2>\n<div>A Movida teve <a href=\"https:\/\/www.suno.com.br\/artigos\/lucro-liquido\/\">lucro l\u00edquido<\/a> de R$ 55,1 milh\u00f5es no primeiro trimestre de 2020. O valor representa uma alta de 31,2% em rela\u00e7\u00e3o aos R$ 42 milh\u00f5es registrados no mesmo intervalo de 2019.<\/div>\n<div><\/div>\n<div>O <a href=\"https:\/\/www.suno.com.br\/artigos\/ebitda\/\">lucro antes de juros, impostos, deprecia\u00e7\u00e3o e amortiza\u00e7\u00e3o (Ebitda)<\/a> ajustado foi de R$ 225,1 milh\u00f5es no per\u00edodo. O valor representa um crescimento de 55,2% sobre os R$ 145 milh\u00f5es ao mesmo intervalo de 2020.<\/div>\n<h2>Aumento na loca\u00e7\u00e3o de ve\u00edculos em maio e junho<\/h2>\n<div>A <strong>Movida<\/strong> informou h\u00e1 pouco mais de um m\u00eas que notou um aumento no n\u00famero de ve\u00edculos locados para pessoas f\u00edsicas, devido a melhora nos pre\u00e7os do servi\u00e7o. Segundo a locadora, o aluguel de carros para empresas permaneceu est\u00e1vel no per\u00edodo. A companhia salientou que divulgar\u00e1 seu balan\u00e7o referente ao segundo trimestre de 2020, no dia 3 de agosto.<\/div>\n<div><\/div>\n<div><\/div>\n","protected":false},"excerpt":{"rendered":"<p>A Movida (MOVI3) divulgou dados financeiros pr\u00e9vios n\u00e3o auditados do segundo trimestre de 2020, na manh\u00e3 desta quinta-feira (23). A empresa teve uma receita l\u00edquida de R$ 1,047 bilh\u00e3o. O valor representa uma alta de 5,8% em rela\u00e7\u00e3o ao mesmo per\u00edodo de 2019. A receita da locadora no segundo trimestre de 2019 foi\u00a0de R$ 990,4 [&hellip;]<\/p>\n","protected":false},"author":19,"featured_media":22764,"comment_status":"closed","ping_status":"closed","sticky":false,"template":"","format":"standard","meta":[],"categories":[64],"tags":[567],"suno_strategy":[],"class_list":["post-74461","post","type-post","status-publish","format-standard","has-post-thumbnail","hentry","category-negocios","tag-movida-movi3"],"yoast_head":"<!-- This site is optimized with the Yoast SEO plugin v24.4 - https:\/\/yoast.com\/wordpress\/plugins\/seo\/ -->\n<title>Movida (MOVI3) tem alta de 5,8% na receita l\u00edquida do 2T20, em pr\u00e9via<\/title>\n<meta name=\"description\" content=\"A Movida (MOVI3) divulgou dados financeiros pr\u00e9vios n\u00e3o auditados do segundo trimestre de 2020, na manh\u00e3 desta quinta-feira (23).\" \/>\n<meta name=\"robots\" content=\"index, follow, max-snippet:-1, max-image-preview:large, max-video-preview:-1\" \/>\n<link rel=\"canonical\" href=\"https:\/\/www.suno.com.br\/noticias\/movida-movi3-alta-5-8-receita-liquida-do-2t20\/\" \/>\n<meta property=\"og:locale\" content=\"pt_BR\" \/>\n<meta property=\"og:type\" content=\"article\" \/>\n<meta property=\"og:title\" content=\"Movida (MOVI3) tem alta de 5,8% na receita l\u00edquida do 2T20, em pr\u00e9via\" \/>\n<meta property=\"og:description\" content=\"A Movida (MOVI3) divulgou dados financeiros pr\u00e9vios n\u00e3o auditados do segundo trimestre de 2020, na manh\u00e3 desta quinta-feira (23).\" \/>\n<meta property=\"og:url\" content=\"https:\/\/www.suno.com.br\/noticias\/movida-movi3-alta-5-8-receita-liquida-do-2t20\/\" \/>\n<meta property=\"og:site_name\" content=\"Suno Not\u00edcias\" \/>\n<meta property=\"article:publisher\" content=\"https:\/\/facebook.com\/sunoresearch\" \/>\n<meta property=\"og:image\" content=\"https:\/\/files.sunoresearch.com.br\/n\/uploads\/2019\/04\/114e8970-d0b37c448f42f8bd1c8585fc88d33c8b.jpg\" \/>\n\t<meta property=\"og:image:width\" content=\"350\" \/>\n\t<meta property=\"og:image:height\" content=\"252\" \/>\n\t<meta property=\"og:image:type\" content=\"image\/jpeg\" \/>\n<meta name=\"author\" content=\"Juliano Passaro\" \/>\n<meta name=\"twitter:card\" content=\"summary_large_image\" \/>\n<meta name=\"twitter:creator\" content=\"@sunoresearch\" \/>\n<meta name=\"twitter:site\" content=\"@sunoresearch\" \/>\n<meta name=\"twitter:label1\" content=\"Escrito por\" \/>\n\t<meta name=\"twitter:data1\" content=\"Juliano Passaro\" \/>\n\t<meta name=\"twitter:label2\" content=\"Est. tempo de leitura\" \/>\n\t<meta name=\"twitter:data2\" content=\"2 minutos\" \/>\n<script type=\"application\/ld+json\" class=\"yoast-schema-graph\">{\"@context\":\"https:\/\/schema.org\",\"@graph\":[{\"@type\":\"NewsArticle\",\"@id\":\"https:\/\/www.suno.com.br\/noticias\/movida-movi3-alta-5-8-receita-liquida-do-2t20\/#article\",\"isPartOf\":{\"@id\":\"https:\/\/www.suno.com.br\/noticias\/movida-movi3-alta-5-8-receita-liquida-do-2t20\/\"},\"author\":{\"name\":\"Juliano Passaro\",\"@id\":\"https:\/\/www.suno.com.br\/noticias\/#\/schema\/person\/1db762f78ffd8919a648a63e425953e3\"},\"headline\":\"Em dados pr\u00e9vios, Movida (MOVI3) apresenta alta de 5,8% na receita l\u00edquida do 2T20\",\"datePublished\":\"2020-07-23T13:22:27+00:00\",\"mainEntityOfPage\":{\"@id\":\"https:\/\/www.suno.com.br\/noticias\/movida-movi3-alta-5-8-receita-liquida-do-2t20\/\"},\"wordCount\":365,\"publisher\":{\"@id\":\"https:\/\/www.suno.com.br\/noticias\/#organization\"},\"image\":{\"@id\":\"https:\/\/www.suno.com.br\/noticias\/movida-movi3-alta-5-8-receita-liquida-do-2t20\/#primaryimage\"},\"thumbnailUrl\":\"https:\/\/files.sunoresearch.com.br\/n\/uploads\/2019\/04\/114e8970-d0b37c448f42f8bd1c8585fc88d33c8b-jpg.webp\",\"keywords\":[\"Movida (MOVI3)\"],\"articleSection\":[\"Neg\u00f3cios\"],\"inLanguage\":\"pt-BR\"},{\"@type\":\"WebPage\",\"@id\":\"https:\/\/www.suno.com.br\/noticias\/movida-movi3-alta-5-8-receita-liquida-do-2t20\/\",\"url\":\"https:\/\/www.suno.com.br\/noticias\/movida-movi3-alta-5-8-receita-liquida-do-2t20\/\",\"name\":\"Movida (MOVI3) tem alta de 5,8% na receita l\u00edquida do 2T20, em pr\u00e9via\",\"isPartOf\":{\"@id\":\"https:\/\/www.suno.com.br\/noticias\/#website\"},\"primaryImageOfPage\":{\"@id\":\"https:\/\/www.suno.com.br\/noticias\/movida-movi3-alta-5-8-receita-liquida-do-2t20\/#primaryimage\"},\"image\":{\"@id\":\"https:\/\/www.suno.com.br\/noticias\/movida-movi3-alta-5-8-receita-liquida-do-2t20\/#primaryimage\"},\"thumbnailUrl\":\"https:\/\/files.sunoresearch.com.br\/n\/uploads\/2019\/04\/114e8970-d0b37c448f42f8bd1c8585fc88d33c8b-jpg.webp\",\"datePublished\":\"2020-07-23T13:22:27+00:00\",\"description\":\"A Movida (MOVI3) divulgou dados financeiros pr\u00e9vios n\u00e3o auditados do segundo trimestre de 2020, na manh\u00e3 desta quinta-feira (23).\",\"breadcrumb\":{\"@id\":\"https:\/\/www.suno.com.br\/noticias\/movida-movi3-alta-5-8-receita-liquida-do-2t20\/#breadcrumb\"},\"inLanguage\":\"pt-BR\",\"potentialAction\":[{\"@type\":\"ReadAction\",\"target\":[\"https:\/\/www.suno.com.br\/noticias\/movida-movi3-alta-5-8-receita-liquida-do-2t20\/\"]}]},{\"@type\":\"ImageObject\",\"inLanguage\":\"pt-BR\",\"@id\":\"https:\/\/www.suno.com.br\/noticias\/movida-movi3-alta-5-8-receita-liquida-do-2t20\/#primaryimage\",\"url\":\"https:\/\/files.sunoresearch.com.br\/n\/uploads\/2019\/04\/114e8970-d0b37c448f42f8bd1c8585fc88d33c8b-jpg.webp\",\"contentUrl\":\"https:\/\/files.sunoresearch.com.br\/n\/uploads\/2019\/04\/114e8970-d0b37c448f42f8bd1c8585fc88d33c8b-jpg.webp\",\"width\":350,\"height\":252,\"caption\":\"Movida (MOVI3) emitir\u00e1 R$ 200 milh\u00f5es em deb\u00eantures\"},{\"@type\":\"BreadcrumbList\",\"@id\":\"https:\/\/www.suno.com.br\/noticias\/movida-movi3-alta-5-8-receita-liquida-do-2t20\/#breadcrumb\",\"itemListElement\":[{\"@type\":\"ListItem\",\"position\":1,\"name\":\"Not\u00edcias\",\"item\":\"https:\/\/www.suno.com.br\/noticias\/\"},{\"@type\":\"ListItem\",\"position\":2,\"name\":\"Neg\u00f3cios\",\"item\":\"https:\/\/www.suno.com.br\/noticias\/negocios\/\"},{\"@type\":\"ListItem\",\"position\":3,\"name\":\"Em dados pr\u00e9vios, Movida (MOVI3) apresenta alta de 5,8% na receita l\u00edquida do 2T20\"}]},{\"@type\":\"WebSite\",\"@id\":\"https:\/\/www.suno.com.br\/noticias\/#website\",\"url\":\"https:\/\/www.suno.com.br\/noticias\/\",\"name\":\"Suno Not\u00edcias\",\"description\":\"Seu portal de informa\u00e7\u00e3o sobre o mundo dos investimentos\",\"publisher\":{\"@id\":\"https:\/\/www.suno.com.br\/noticias\/#organization\"},\"potentialAction\":[{\"@type\":\"SearchAction\",\"target\":{\"@type\":\"EntryPoint\",\"urlTemplate\":\"https:\/\/www.suno.com.br\/noticias\/?s={search_term_string}\"},\"query-input\":{\"@type\":\"PropertyValueSpecification\",\"valueRequired\":true,\"valueName\":\"search_term_string\"}}],\"inLanguage\":\"pt-BR\"},{\"@type\":\"Organization\",\"@id\":\"https:\/\/www.suno.com.br\/noticias\/#organization\",\"name\":\"Suno Not\u00edcias\",\"url\":\"https:\/\/www.suno.com.br\/noticias\/\",\"logo\":{\"@type\":\"ImageObject\",\"inLanguage\":\"pt-BR\",\"@id\":\"https:\/\/www.suno.com.br\/noticias\/#\/schema\/logo\/image\/\",\"url\":\"https:\/\/files.sunoresearch.com.br\/n\/uploads\/2021\/09\/suno-logo.png\",\"contentUrl\":\"https:\/\/files.sunoresearch.com.br\/n\/uploads\/2021\/09\/suno-logo.png\",\"width\":180,\"height\":180,\"caption\":\"Suno Not\u00edcias\"},\"image\":{\"@id\":\"https:\/\/www.suno.com.br\/noticias\/#\/schema\/logo\/image\/\"},\"sameAs\":[\"https:\/\/facebook.com\/sunoresearch\",\"https:\/\/x.com\/sunoresearch\",\"https:\/\/www.instagram.com\/suno\",\"https:\/\/www.linkedin.com\/company\/suno-research\/\",\"https:\/\/www.youtube.com\/c\/sunoresearch\"]},{\"@type\":\"Person\",\"@id\":\"https:\/\/www.suno.com.br\/noticias\/#\/schema\/person\/1db762f78ffd8919a648a63e425953e3\",\"name\":\"Juliano Passaro\",\"image\":{\"@type\":\"ImageObject\",\"inLanguage\":\"pt-BR\",\"@id\":\"https:\/\/www.suno.com.br\/noticias\/#\/schema\/person\/image\/\",\"url\":\"https:\/\/secure.gravatar.com\/avatar\/743d4df28eebf6dcc46b4ad03c319e92?s=96&r=g\",\"contentUrl\":\"https:\/\/secure.gravatar.com\/avatar\/743d4df28eebf6dcc46b4ad03c319e92?s=96&r=g\",\"caption\":\"Juliano Passaro\"},\"description\":\"Juliano Passaro escreve sobre pol\u00edtica, economia e neg\u00f3cios para o portal da Suno Research. Antes da Suno, trabalhou no Portal da Band. \u00c9 formado em jornalismo pela Universidade Presbiteriana Mackenzie.\",\"url\":\"https:\/\/www.suno.com.br\/noticias\/author\/juliano\/\"}]}<\/script>\n<!-- \/ Yoast SEO plugin. -->","yoast_head_json":{"title":"Movida (MOVI3) tem alta de 5,8% na receita l\u00edquida do 2T20, em pr\u00e9via","description":"A Movida (MOVI3) divulgou dados financeiros pr\u00e9vios n\u00e3o auditados do segundo trimestre de 2020, na manh\u00e3 desta quinta-feira (23).","robots":{"index":"index","follow":"follow","max-snippet":"max-snippet:-1","max-image-preview":"max-image-preview:large","max-video-preview":"max-video-preview:-1"},"canonical":"https:\/\/www.suno.com.br\/noticias\/movida-movi3-alta-5-8-receita-liquida-do-2t20\/","og_locale":"pt_BR","og_type":"article","og_title":"Movida (MOVI3) tem alta de 5,8% na receita l\u00edquida do 2T20, em pr\u00e9via","og_description":"A Movida (MOVI3) divulgou dados financeiros pr\u00e9vios n\u00e3o auditados do segundo trimestre de 2020, na manh\u00e3 desta quinta-feira (23).","og_url":"https:\/\/www.suno.com.br\/noticias\/movida-movi3-alta-5-8-receita-liquida-do-2t20\/","og_site_name":"Suno Not\u00edcias","article_publisher":"https:\/\/facebook.com\/sunoresearch","og_image":[{"width":350,"height":252,"url":"https:\/\/files.sunoresearch.com.br\/n\/uploads\/2019\/04\/114e8970-d0b37c448f42f8bd1c8585fc88d33c8b.jpg","type":"image\/jpeg"}],"author":"Juliano Passaro","twitter_card":"summary_large_image","twitter_creator":"@sunoresearch","twitter_site":"@sunoresearch","twitter_misc":{"Escrito por":"Juliano Passaro","Est. tempo de leitura":"2 minutos"},"schema":{"@context":"https:\/\/schema.org","@graph":[{"@type":"NewsArticle","@id":"https:\/\/www.suno.com.br\/noticias\/movida-movi3-alta-5-8-receita-liquida-do-2t20\/#article","isPartOf":{"@id":"https:\/\/www.suno.com.br\/noticias\/movida-movi3-alta-5-8-receita-liquida-do-2t20\/"},"author":{"name":"Juliano Passaro","@id":"https:\/\/www.suno.com.br\/noticias\/#\/schema\/person\/1db762f78ffd8919a648a63e425953e3"},"headline":"Em dados pr\u00e9vios, Movida (MOVI3) apresenta alta de 5,8% na receita l\u00edquida do 2T20","datePublished":"2020-07-23T13:22:27+00:00","mainEntityOfPage":{"@id":"https:\/\/www.suno.com.br\/noticias\/movida-movi3-alta-5-8-receita-liquida-do-2t20\/"},"wordCount":365,"publisher":{"@id":"https:\/\/www.suno.com.br\/noticias\/#organization"},"image":{"@id":"https:\/\/www.suno.com.br\/noticias\/movida-movi3-alta-5-8-receita-liquida-do-2t20\/#primaryimage"},"thumbnailUrl":"https:\/\/files.sunoresearch.com.br\/n\/uploads\/2019\/04\/114e8970-d0b37c448f42f8bd1c8585fc88d33c8b-jpg.webp","keywords":["Movida (MOVI3)"],"articleSection":["Neg\u00f3cios"],"inLanguage":"pt-BR"},{"@type":"WebPage","@id":"https:\/\/www.suno.com.br\/noticias\/movida-movi3-alta-5-8-receita-liquida-do-2t20\/","url":"https:\/\/www.suno.com.br\/noticias\/movida-movi3-alta-5-8-receita-liquida-do-2t20\/","name":"Movida (MOVI3) tem alta de 5,8% na receita l\u00edquida do 2T20, em pr\u00e9via","isPartOf":{"@id":"https:\/\/www.suno.com.br\/noticias\/#website"},"primaryImageOfPage":{"@id":"https:\/\/www.suno.com.br\/noticias\/movida-movi3-alta-5-8-receita-liquida-do-2t20\/#primaryimage"},"image":{"@id":"https:\/\/www.suno.com.br\/noticias\/movida-movi3-alta-5-8-receita-liquida-do-2t20\/#primaryimage"},"thumbnailUrl":"https:\/\/files.sunoresearch.com.br\/n\/uploads\/2019\/04\/114e8970-d0b37c448f42f8bd1c8585fc88d33c8b-jpg.webp","datePublished":"2020-07-23T13:22:27+00:00","description":"A Movida (MOVI3) divulgou dados financeiros pr\u00e9vios n\u00e3o auditados do segundo trimestre de 2020, na manh\u00e3 desta quinta-feira (23).","breadcrumb":{"@id":"https:\/\/www.suno.com.br\/noticias\/movida-movi3-alta-5-8-receita-liquida-do-2t20\/#breadcrumb"},"inLanguage":"pt-BR","potentialAction":[{"@type":"ReadAction","target":["https:\/\/www.suno.com.br\/noticias\/movida-movi3-alta-5-8-receita-liquida-do-2t20\/"]}]},{"@type":"ImageObject","inLanguage":"pt-BR","@id":"https:\/\/www.suno.com.br\/noticias\/movida-movi3-alta-5-8-receita-liquida-do-2t20\/#primaryimage","url":"https:\/\/files.sunoresearch.com.br\/n\/uploads\/2019\/04\/114e8970-d0b37c448f42f8bd1c8585fc88d33c8b-jpg.webp","contentUrl":"https:\/\/files.sunoresearch.com.br\/n\/uploads\/2019\/04\/114e8970-d0b37c448f42f8bd1c8585fc88d33c8b-jpg.webp","width":350,"height":252,"caption":"Movida (MOVI3) emitir\u00e1 R$ 200 milh\u00f5es em deb\u00eantures"},{"@type":"BreadcrumbList","@id":"https:\/\/www.suno.com.br\/noticias\/movida-movi3-alta-5-8-receita-liquida-do-2t20\/#breadcrumb","itemListElement":[{"@type":"ListItem","position":1,"name":"Not\u00edcias","item":"https:\/\/www.suno.com.br\/noticias\/"},{"@type":"ListItem","position":2,"name":"Neg\u00f3cios","item":"https:\/\/www.suno.com.br\/noticias\/negocios\/"},{"@type":"ListItem","position":3,"name":"Em dados pr\u00e9vios, Movida (MOVI3) apresenta alta de 5,8% na receita l\u00edquida do 2T20"}]},{"@type":"WebSite","@id":"https:\/\/www.suno.com.br\/noticias\/#website","url":"https:\/\/www.suno.com.br\/noticias\/","name":"Suno Not\u00edcias","description":"Seu portal de informa\u00e7\u00e3o sobre o mundo dos investimentos","publisher":{"@id":"https:\/\/www.suno.com.br\/noticias\/#organization"},"potentialAction":[{"@type":"SearchAction","target":{"@type":"EntryPoint","urlTemplate":"https:\/\/www.suno.com.br\/noticias\/?s={search_term_string}"},"query-input":{"@type":"PropertyValueSpecification","valueRequired":true,"valueName":"search_term_string"}}],"inLanguage":"pt-BR"},{"@type":"Organization","@id":"https:\/\/www.suno.com.br\/noticias\/#organization","name":"Suno Not\u00edcias","url":"https:\/\/www.suno.com.br\/noticias\/","logo":{"@type":"ImageObject","inLanguage":"pt-BR","@id":"https:\/\/www.suno.com.br\/noticias\/#\/schema\/logo\/image\/","url":"https:\/\/files.sunoresearch.com.br\/n\/uploads\/2021\/09\/suno-logo.png","contentUrl":"https:\/\/files.sunoresearch.com.br\/n\/uploads\/2021\/09\/suno-logo.png","width":180,"height":180,"caption":"Suno Not\u00edcias"},"image":{"@id":"https:\/\/www.suno.com.br\/noticias\/#\/schema\/logo\/image\/"},"sameAs":["https:\/\/facebook.com\/sunoresearch","https:\/\/x.com\/sunoresearch","https:\/\/www.instagram.com\/suno","https:\/\/www.linkedin.com\/company\/suno-research\/","https:\/\/www.youtube.com\/c\/sunoresearch"]},{"@type":"Person","@id":"https:\/\/www.suno.com.br\/noticias\/#\/schema\/person\/1db762f78ffd8919a648a63e425953e3","name":"Juliano Passaro","image":{"@type":"ImageObject","inLanguage":"pt-BR","@id":"https:\/\/www.suno.com.br\/noticias\/#\/schema\/person\/image\/","url":"https:\/\/secure.gravatar.com\/avatar\/743d4df28eebf6dcc46b4ad03c319e92?s=96&r=g","contentUrl":"https:\/\/secure.gravatar.com\/avatar\/743d4df28eebf6dcc46b4ad03c319e92?s=96&r=g","caption":"Juliano Passaro"},"description":"Juliano Passaro escreve sobre pol\u00edtica, economia e neg\u00f3cios para o portal da Suno Research. Antes da Suno, trabalhou no Portal da Band. \u00c9 formado em jornalismo pela Universidade Presbiteriana Mackenzie.","url":"https:\/\/www.suno.com.br\/noticias\/author\/juliano\/"}]}},"default_loop_html":"<div class=\"cardsPage__listCard__boxs\"><div class=\"cardsPage__listCard__boxs__img\"><a href=\"https:\/\/www.suno.com.br\/noticias\/movida-movi3-alta-5-8-receita-liquida-do-2t20\/\"><img class=\"mask\" src=\"https:\/\/www.suno.com.br\/noticias\/wp-content\/themes\/suno\/resources\/images\/spotlight\/spotlight1img\/bg-mask.png\" alt=\"Image Mask\"\/><img src=\"https:\/\/files.sunoresearch.com.br\/n\/uploads\/2019\/04\/114e8970-d0b37c448f42f8bd1c8585fc88d33c8b-jpg.webp\" alt=\"Em dados pr\u00e9vios, Movida (MOVI3) apresenta alta de 5,8% na receita l\u00edquida do 2T20\"\/><\/a><span class=\"spotlightCategory\"><a href=\"https:\/\/www.suno.com.br\/noticias\/negocios\/\">Neg\u00f3cios<\/a><\/span><\/div><div class=\"cardsPage__listCard__boxs__content\"><a href=\"https:\/\/www.suno.com.br\/noticias\/movida-movi3-alta-5-8-receita-liquida-do-2t20\/\"><h2 class=\"content__title\">Em dados pr\u00e9vios, Movida (MOVI3) apresenta alta de 5,8% na receita l\u00edquida do 2T20<\/h2><\/a><div class=\"newsContent__article__meta\"><div class=\"newsContent__article__meta__authorBox\"><a href=\"https:\/\/www.suno.com.br\/noticias\/author\/juliano\/\" class=\"authorBox__avatar noMobi\"><img src=\"https:\/\/files.sunoresearch.com.br\/n\/uploads\/2019\/06\/7cc3efea-whatsapp-image-2019-07-18-at-21.59.33-e1563499821209-150x150.webp\" alt=\"Juliano Passaro\"><\/a><div class=\"authorBox__name\"><span>por\n\t\t\t<a href=\"https:\/\/www.suno.com.br\/noticias\/author\/juliano\/\"><span itemprop=\"author\">Juliano Passaro<\/span><\/a><\/span><time datetime=\"2020-07-23T10:22:27-03:00\" itemprop=\"datePublished\">23\/07\/2020 10:22<\/time><\/div><\/div><\/div><\/div><\/div>","single_layout":"posts","amp_enabled":true,"_links":{"self":[{"href":"https:\/\/www.suno.com.br\/noticias\/wp-json\/wp\/v2\/posts\/74461"}],"collection":[{"href":"https:\/\/www.suno.com.br\/noticias\/wp-json\/wp\/v2\/posts"}],"about":[{"href":"https:\/\/www.suno.com.br\/noticias\/wp-json\/wp\/v2\/types\/post"}],"author":[{"embeddable":true,"href":"https:\/\/www.suno.com.br\/noticias\/wp-json\/wp\/v2\/users\/19"}],"replies":[{"embeddable":true,"href":"https:\/\/www.suno.com.br\/noticias\/wp-json\/wp\/v2\/comments?post=74461"}],"version-history":[{"count":0,"href":"https:\/\/www.suno.com.br\/noticias\/wp-json\/wp\/v2\/posts\/74461\/revisions"}],"wp:featuredmedia":[{"embeddable":true,"href":"https:\/\/www.suno.com.br\/noticias\/wp-json\/wp\/v2\/media\/22764"}],"wp:attachment":[{"href":"https:\/\/www.suno.com.br\/noticias\/wp-json\/wp\/v2\/media?parent=74461"}],"wp:term":[{"taxonomy":"category","embeddable":true,"href":"https:\/\/www.suno.com.br\/noticias\/wp-json\/wp\/v2\/categories?post=74461"},{"taxonomy":"post_tag","embeddable":true,"href":"https:\/\/www.suno.com.br\/noticias\/wp-json\/wp\/v2\/tags?post=74461"},{"taxonomy":"suno_strategy","embeddable":true,"href":"https:\/\/www.suno.com.br\/noticias\/wp-json\/wp\/v2\/suno_strategy?post=74461"}],"curies":[{"name":"wp","href":"https:\/\/api.w.org\/{rel}","templated":true}]}}