{"id":74454,"date":"2020-07-23T09:29:26","date_gmt":"2020-07-23T12:29:26","guid":{"rendered":"https:\/\/www.suno.com.br\/noticias\/?p=74454"},"modified":"2020-07-23T21:04:41","modified_gmt":"2020-07-24T00:04:41","slug":"oi-oibr3-fecha-exclusividade-highline","status":"publish","type":"post","link":"https:\/\/www.suno.com.br\/noticias\/oi-oibr3-fecha-exclusividade-highline\/","title":{"rendered":"Oi (OIBR3) fecha exclusividade para venda de \u00e1rea m\u00f3vel com Highline"},"content":{"rendered":"<p>A <a href=\"https:\/\/www.suno.com.br\/acoes\/oibr3\/\"><strong>Oi<\/strong> (OIBR3)<\/a> informou, na noite da \u00faltima quarta-feira (22), que fechou um acordo de exclusividade com a Highline do Brasil, pois a empresa apresentou &#8220;a melhor oferta vinculante, acima do pre\u00e7o m\u00ednimo estabelecido&#8221;, para a compra a opera\u00e7\u00e3o m\u00f3vel da companhia. As informa\u00e7\u00f5es foram reveladas por meio de um fato relevante.<\/p>\t<div class=\"wrapper-featured-image\">\n\t\t<figure class=\"spotlightImg\">\n\n\t\t\t<picture>\n\t\t\t\t<source media=\"(max-width: 768px)\" srcset=\"https:\/\/files.sunoresearch.com.br\/n\/uploads\/2019\/08\/391f8501-oi-400x200.webp\">\n\t\t\t\t<img loading=\"lazy\" decoding=\"async\" class=\"newsContent__article__imgCapa lazyloadDisabled newsContent__article__imgCapa--noCaption\" src=\"https:\/\/files.sunoresearch.com.br\/n\/uploads\/2019\/08\/391f8501-oi-800x450.webp\" width=\"800\" height=\"450\" alt=\"Oi (OIBR3) fecha exclusividade para venda de \u00e1rea m\u00f3vel com Highline\" fetchpriority=high \/>\n\t\t\t<\/picture>\n\n\t\t\t<figcaption class=\"wp-caption-text wp-caption-text--hide\">Enel faz proposta de R$ 11,5 bilh\u00f5es por rede de fibra da Oi<\/figcaption>\n\t\t<\/figure>\n\t<\/div>\n\n\n\n<p>Conforme os termos estabelecidos no processo de<a href=\"https:\/\/www.suno.com.br\/artigos\/recuperacao-judicial\/\"> recupera\u00e7\u00e3o judicial<\/a> da Oi, instaurado em junho de 2016, a opera\u00e7\u00e3o m\u00f3vel da companhia possui o valor m\u00ednimo de R$ 15 bilh\u00f5es para ser alienada. Em todo caso, o valor total da proposta da <strong>Highline<\/strong> n\u00e3o foi revelado.<\/p>\n<p>Segundo a empresa, dessa forma, a Highline ter\u00e1 exclusividade para, observados os termos e condi\u00e7\u00f5es estabelecidos na proposta vinculante apresentada, negociar os documentos relativos \u00e0 oferta. O acordo de exclusividade possui vig\u00eancia inicial at\u00e9 o dia 3 de agosto, podendo ser prorrogado.<\/p>\n<p><iframe loading=\"lazy\" src=\"https:\/\/www.youtube.com\/embed\/C-3XMpxEESQ\" width=\"560\" height=\"315\" frameborder=\"0\" allowfullscreen=\"allowfullscreen\"><\/iframe><br \/>\nAssim, a Highline deixou para tr\u00e1s a proposta da <a href=\"https:\/\/www.suno.com.br\/acoes\/timp3\/\"><strong>Tim<\/strong> (TIMP3)<\/a>, <strong>Claro<\/strong> e <a href=\"https:\/\/www.suno.com.br\/acoes\/vivt3\/\"><strong>Vivo<\/strong> (VIVT3)<\/a>, apresentada no \u00faltimo s\u00e1bado (18), em cons\u00f3rcio. <a href=\"https:\/\/www.suno.com.br\/noticias\/oi-oibr3-confirma-recebimento-proposta-operacao-movel\/\">As rivais da Oi pretendiam adquirir a \u00e1rea m\u00f3vel da tele brasileira<\/a>.<\/p>\n<p><a href=\"https:\/\/lp.suno.com.br\/suno-one\/\">Suno One: o primeiro passo para alcan\u00e7ar a sua independ\u00eancia financeira. Acesse agora, \u00e9 gratuito!<\/a><\/p>\n<p>A Highline tamb\u00e9m registrou uma oferta pelos ativos de telecomunica\u00e7\u00e3o outdoor e indoor de transmiss\u00e3o de radiofrequ\u00eancia da Oi. O valor da proposta gira em torno de R$ 1,076 bilh\u00e3o.<\/p>\n<p>&#8220;O acordo visa garantir seguran\u00e7a e celeridade \u00e0s tratativas em curso entre as partes; permitir que, uma vez satisfatoriamente finalizadas as negocia\u00e7\u00f5es dos documentos entre as partes, a Oi tenha condi\u00e7\u00f5es de pr\u00e9 qualificar a Highline, na condi\u00e7\u00e3o de \u201c<em>stalking horse<\/em>\u201d, para participa\u00e7\u00e3o no processo competitivo de aliena\u00e7\u00e3o da UPI, garantindo assim o direito de cobrir outras propostas recebidas no referido processo&#8221;, diz o fato relevante.<\/p>\n<h2>Interesse da Digital Colony nos ativos da Oi<\/h2>\n<p>A gestora de <a href=\"https:\/\/www.suno.com.br\/artigos\/private-equity\/\">private equity<\/a> norte-americana <strong>Digital Colony<\/strong> \u00e9 quem opera a Highline no Brasil. A &#8220;Reuters&#8221; informou na \u00faltima quarta-feira, antes da divulga\u00e7\u00e3o do fato relevante, que a companhia estaria interessada nos ativos da Oi.<\/p>\n<p><a href=\"https:\/\/lp.suno.com.br\/lm\/relatorio\/suno-drops-oi-oibr4\/\">Clique aqui e receba um relat\u00f3rio gratuito sobre a Oi<\/a><\/p>\n<p>A gestora est\u00e1 interessada nos ativos de rede m\u00f3vel da empresa brasileira, e n\u00e3o necessariamente em fornecer servi\u00e7os de telecomunica\u00e7\u00f5es diretamente aos clientes, disse a ag\u00eancia de not\u00edcias. A Digital Colony \u00e9 uma empresa voltada para investimentos em infraestrutura digital, com ativos no Canad\u00e1, Am\u00e9rica Latina e na Europa.<\/p>\n<p>De acordo com as informa\u00e7\u00f5es, a Digital Colony pode procurar parcerias com outras empresas de telecomunica\u00e7\u00f5es para oferecer servi\u00e7os utilizando a infraestrutura adquirira da Oi.<\/p>\n<p>A gestora, que possui cerca de US$ 20 bilh\u00f5es (equivalente a R$ 102,3 bilh\u00f5es) em ativos sob gest\u00e3o, j\u00e1 mant\u00e9m conversas com um desses potenciais parceiros, a <strong>Algar Telecom<\/strong>, sobre a possibilidade de um acordo, segundo reportou a &#8220;Reuters&#8221;.<\/p>\n<p><a href=\"https:\/\/www.suno.com.br\/noticias\/oi-oibr3-recebe-oferta-telefonia-movel-gestora\/\">Veja tamb\u00e9m: Oi recebe oferta da Digital Colony por telefonia m\u00f3vel, diz ag\u00eancia<\/a><\/p>\n<p>&#8220;A <strong>Oi<\/strong> reitera o compromisso com a execu\u00e7\u00e3o de seu Plano Estrat\u00e9gico e o foco na sua transforma\u00e7\u00e3o em maior provedora de infraestrutura de telecomunica\u00e7\u00f5es do pa\u00eds&#8221;, disse a empresa no fato relevante. A companhia salientou que quer estar preparada para a evolu\u00e7\u00e3o da tecnologia 5G no Pa\u00eds, voltando-se para os neg\u00f3cios de &#8220;maior valor agregado e com tend\u00eancia de crescimento e vis\u00e3o de futuro&#8221;.<\/p>\n\n","protected":false},"excerpt":{"rendered":"<p>A Oi (OIBR3) informou, na noite da \u00faltima quarta-feira (22), que fechou um acordo de exclusividade com a Highline do Brasil, pois a empresa apresentou &#8220;a melhor oferta vinculante, acima do pre\u00e7o m\u00ednimo estabelecido&#8221;, para a compra a opera\u00e7\u00e3o m\u00f3vel da companhia. As informa\u00e7\u00f5es foram reveladas por meio de um fato relevante. Enel faz proposta [&hellip;]<\/p>\n","protected":false},"author":24,"featured_media":35803,"comment_status":"closed","ping_status":"closed","sticky":false,"template":"","format":"standard","meta":[],"categories":[64],"tags":[77760,584],"suno_strategy":[],"class_list":["post-74454","post","type-post","status-publish","format-standard","has-post-thumbnail","hentry","category-negocios","tag-highline","tag-oi-oibr3-oibr4"],"yoast_head":"<!-- This site is optimized with the Yoast SEO plugin v24.4 - https:\/\/yoast.com\/wordpress\/plugins\/seo\/ -->\n<title>Oi (OIBR3) fecha exclusividade para venda de \u00e1rea m\u00f3vel com Highline<\/title>\n<meta name=\"description\" content=\"A Oi (OIBR3) informou, na noite da \u00faltima quarta-feira (22), que fechou um acordo de exclusividade com a Highline do Brasil. Saiba mais.\" \/>\n<meta name=\"robots\" content=\"index, follow, max-snippet:-1, max-image-preview:large, max-video-preview:-1\" \/>\n<link rel=\"canonical\" href=\"https:\/\/www.suno.com.br\/noticias\/oi-oibr3-fecha-exclusividade-highline\/\" \/>\n<meta property=\"og:locale\" content=\"pt_BR\" \/>\n<meta property=\"og:type\" content=\"article\" \/>\n<meta property=\"og:title\" content=\"Oi (OIBR3) fecha exclusividade para venda de \u00e1rea m\u00f3vel com Highline\" \/>\n<meta property=\"og:description\" content=\"A Oi (OIBR3) informou, na noite da \u00faltima quarta-feira (22), que fechou um acordo de exclusividade com a Highline do Brasil. Saiba mais.\" \/>\n<meta property=\"og:url\" content=\"https:\/\/www.suno.com.br\/noticias\/oi-oibr3-fecha-exclusividade-highline\/\" \/>\n<meta property=\"og:site_name\" content=\"Suno Not\u00edcias\" \/>\n<meta property=\"article:publisher\" content=\"https:\/\/facebook.com\/sunoresearch\" \/>\n<meta property=\"og:image\" content=\"https:\/\/files.sunoresearch.com.br\/n\/uploads\/2019\/08\/391f8501-oi.jpg\" \/>\n\t<meta property=\"og:image:width\" content=\"3342\" \/>\n\t<meta property=\"og:image:height\" content=\"2231\" \/>\n\t<meta property=\"og:image:type\" content=\"image\/jpeg\" \/>\n<meta name=\"author\" content=\"Jader Lazarini\" \/>\n<meta name=\"twitter:card\" content=\"summary_large_image\" \/>\n<meta name=\"twitter:creator\" content=\"@sunoresearch\" \/>\n<meta name=\"twitter:site\" content=\"@sunoresearch\" \/>\n<meta name=\"twitter:label1\" content=\"Escrito por\" \/>\n\t<meta name=\"twitter:data1\" content=\"Jader Lazarini\" \/>\n\t<meta name=\"twitter:label2\" content=\"Est. tempo de leitura\" \/>\n\t<meta name=\"twitter:data2\" content=\"3 minutos\" \/>\n<script type=\"application\/ld+json\" class=\"yoast-schema-graph\">{\"@context\":\"https:\/\/schema.org\",\"@graph\":[{\"@type\":\"NewsArticle\",\"@id\":\"https:\/\/www.suno.com.br\/noticias\/oi-oibr3-fecha-exclusividade-highline\/#article\",\"isPartOf\":{\"@id\":\"https:\/\/www.suno.com.br\/noticias\/oi-oibr3-fecha-exclusividade-highline\/\"},\"author\":{\"name\":\"Jader Lazarini\",\"@id\":\"https:\/\/www.suno.com.br\/noticias\/#\/schema\/person\/918d79de1f0281f01599b93f9ea6e23f\"},\"headline\":\"Oi (OIBR3) fecha exclusividade para venda de \u00e1rea m\u00f3vel com Highline\",\"datePublished\":\"2020-07-23T12:29:26+00:00\",\"dateModified\":\"2020-07-24T00:04:41+00:00\",\"mainEntityOfPage\":{\"@id\":\"https:\/\/www.suno.com.br\/noticias\/oi-oibr3-fecha-exclusividade-highline\/\"},\"wordCount\":596,\"publisher\":{\"@id\":\"https:\/\/www.suno.com.br\/noticias\/#organization\"},\"image\":{\"@id\":\"https:\/\/www.suno.com.br\/noticias\/oi-oibr3-fecha-exclusividade-highline\/#primaryimage\"},\"thumbnailUrl\":\"https:\/\/files.sunoresearch.com.br\/n\/uploads\/2019\/08\/391f8501-oi-scaled.webp\",\"keywords\":[\"Highline\",\"Oi (OIBR3\/OIBR4)\"],\"articleSection\":[\"Neg\u00f3cios\"],\"inLanguage\":\"pt-BR\"},{\"@type\":\"WebPage\",\"@id\":\"https:\/\/www.suno.com.br\/noticias\/oi-oibr3-fecha-exclusividade-highline\/\",\"url\":\"https:\/\/www.suno.com.br\/noticias\/oi-oibr3-fecha-exclusividade-highline\/\",\"name\":\"Oi (OIBR3) fecha exclusividade para venda de \u00e1rea m\u00f3vel com Highline\",\"isPartOf\":{\"@id\":\"https:\/\/www.suno.com.br\/noticias\/#website\"},\"primaryImageOfPage\":{\"@id\":\"https:\/\/www.suno.com.br\/noticias\/oi-oibr3-fecha-exclusividade-highline\/#primaryimage\"},\"image\":{\"@id\":\"https:\/\/www.suno.com.br\/noticias\/oi-oibr3-fecha-exclusividade-highline\/#primaryimage\"},\"thumbnailUrl\":\"https:\/\/files.sunoresearch.com.br\/n\/uploads\/2019\/08\/391f8501-oi-scaled.webp\",\"datePublished\":\"2020-07-23T12:29:26+00:00\",\"dateModified\":\"2020-07-24T00:04:41+00:00\",\"description\":\"A Oi (OIBR3) informou, na noite da \u00faltima quarta-feira (22), que fechou um acordo de exclusividade com a Highline do Brasil. Saiba mais.\",\"breadcrumb\":{\"@id\":\"https:\/\/www.suno.com.br\/noticias\/oi-oibr3-fecha-exclusividade-highline\/#breadcrumb\"},\"inLanguage\":\"pt-BR\",\"potentialAction\":[{\"@type\":\"ReadAction\",\"target\":[\"https:\/\/www.suno.com.br\/noticias\/oi-oibr3-fecha-exclusividade-highline\/\"]}]},{\"@type\":\"ImageObject\",\"inLanguage\":\"pt-BR\",\"@id\":\"https:\/\/www.suno.com.br\/noticias\/oi-oibr3-fecha-exclusividade-highline\/#primaryimage\",\"url\":\"https:\/\/files.sunoresearch.com.br\/n\/uploads\/2019\/08\/391f8501-oi-scaled.webp\",\"contentUrl\":\"https:\/\/files.sunoresearch.com.br\/n\/uploads\/2019\/08\/391f8501-oi-scaled.webp\",\"width\":2560,\"height\":1709,\"caption\":\"Enel faz proposta de R$ 11,5 bilh\u00f5es por rede de fibra da Oi\"},{\"@type\":\"BreadcrumbList\",\"@id\":\"https:\/\/www.suno.com.br\/noticias\/oi-oibr3-fecha-exclusividade-highline\/#breadcrumb\",\"itemListElement\":[{\"@type\":\"ListItem\",\"position\":1,\"name\":\"Not\u00edcias\",\"item\":\"https:\/\/www.suno.com.br\/noticias\/\"},{\"@type\":\"ListItem\",\"position\":2,\"name\":\"Neg\u00f3cios\",\"item\":\"https:\/\/www.suno.com.br\/noticias\/negocios\/\"},{\"@type\":\"ListItem\",\"position\":3,\"name\":\"Oi (OIBR3) fecha exclusividade para venda de \u00e1rea m\u00f3vel com Highline\"}]},{\"@type\":\"WebSite\",\"@id\":\"https:\/\/www.suno.com.br\/noticias\/#website\",\"url\":\"https:\/\/www.suno.com.br\/noticias\/\",\"name\":\"Suno Not\u00edcias\",\"description\":\"Seu portal de informa\u00e7\u00e3o sobre o mundo dos investimentos\",\"publisher\":{\"@id\":\"https:\/\/www.suno.com.br\/noticias\/#organization\"},\"potentialAction\":[{\"@type\":\"SearchAction\",\"target\":{\"@type\":\"EntryPoint\",\"urlTemplate\":\"https:\/\/www.suno.com.br\/noticias\/?s={search_term_string}\"},\"query-input\":{\"@type\":\"PropertyValueSpecification\",\"valueRequired\":true,\"valueName\":\"search_term_string\"}}],\"inLanguage\":\"pt-BR\"},{\"@type\":\"Organization\",\"@id\":\"https:\/\/www.suno.com.br\/noticias\/#organization\",\"name\":\"Suno Not\u00edcias\",\"url\":\"https:\/\/www.suno.com.br\/noticias\/\",\"logo\":{\"@type\":\"ImageObject\",\"inLanguage\":\"pt-BR\",\"@id\":\"https:\/\/www.suno.com.br\/noticias\/#\/schema\/logo\/image\/\",\"url\":\"https:\/\/files.sunoresearch.com.br\/n\/uploads\/2021\/09\/suno-logo.png\",\"contentUrl\":\"https:\/\/files.sunoresearch.com.br\/n\/uploads\/2021\/09\/suno-logo.png\",\"width\":180,\"height\":180,\"caption\":\"Suno Not\u00edcias\"},\"image\":{\"@id\":\"https:\/\/www.suno.com.br\/noticias\/#\/schema\/logo\/image\/\"},\"sameAs\":[\"https:\/\/facebook.com\/sunoresearch\",\"https:\/\/x.com\/sunoresearch\",\"https:\/\/www.instagram.com\/suno\",\"https:\/\/www.linkedin.com\/company\/suno-research\/\",\"https:\/\/www.youtube.com\/c\/sunoresearch\"]},{\"@type\":\"Person\",\"@id\":\"https:\/\/www.suno.com.br\/noticias\/#\/schema\/person\/918d79de1f0281f01599b93f9ea6e23f\",\"name\":\"Jader Lazarini\",\"image\":{\"@type\":\"ImageObject\",\"inLanguage\":\"pt-BR\",\"@id\":\"https:\/\/www.suno.com.br\/noticias\/#\/schema\/person\/image\/\",\"url\":\"https:\/\/secure.gravatar.com\/avatar\/3c1ad8caa51589841baeb923fcddea97?s=96&r=g\",\"contentUrl\":\"https:\/\/secure.gravatar.com\/avatar\/3c1ad8caa51589841baeb923fcddea97?s=96&r=g\",\"caption\":\"Jader Lazarini\"},\"description\":\"Jader Lazarini escreve sobre investimentos, finan\u00e7as, economia e neg\u00f3cios. \u00c9 bacharel em Rela\u00e7\u00f5es Internacionais e analista CNPI (2619).\",\"url\":\"https:\/\/www.suno.com.br\/noticias\/author\/jader-lazarini\/\"}]}<\/script>\n<!-- \/ Yoast SEO plugin. -->","yoast_head_json":{"title":"Oi (OIBR3) fecha exclusividade para venda de \u00e1rea m\u00f3vel com Highline","description":"A Oi (OIBR3) informou, na noite da \u00faltima quarta-feira (22), que fechou um acordo de exclusividade com a Highline do Brasil. Saiba mais.","robots":{"index":"index","follow":"follow","max-snippet":"max-snippet:-1","max-image-preview":"max-image-preview:large","max-video-preview":"max-video-preview:-1"},"canonical":"https:\/\/www.suno.com.br\/noticias\/oi-oibr3-fecha-exclusividade-highline\/","og_locale":"pt_BR","og_type":"article","og_title":"Oi (OIBR3) fecha exclusividade para venda de \u00e1rea m\u00f3vel com Highline","og_description":"A Oi (OIBR3) informou, na noite da \u00faltima quarta-feira (22), que fechou um acordo de exclusividade com a Highline do Brasil. Saiba mais.","og_url":"https:\/\/www.suno.com.br\/noticias\/oi-oibr3-fecha-exclusividade-highline\/","og_site_name":"Suno Not\u00edcias","article_publisher":"https:\/\/facebook.com\/sunoresearch","og_image":[{"width":3342,"height":2231,"url":"https:\/\/files.sunoresearch.com.br\/n\/uploads\/2019\/08\/391f8501-oi.jpg","type":"image\/jpeg"}],"author":"Jader Lazarini","twitter_card":"summary_large_image","twitter_creator":"@sunoresearch","twitter_site":"@sunoresearch","twitter_misc":{"Escrito por":"Jader Lazarini","Est. tempo de leitura":"3 minutos"},"schema":{"@context":"https:\/\/schema.org","@graph":[{"@type":"NewsArticle","@id":"https:\/\/www.suno.com.br\/noticias\/oi-oibr3-fecha-exclusividade-highline\/#article","isPartOf":{"@id":"https:\/\/www.suno.com.br\/noticias\/oi-oibr3-fecha-exclusividade-highline\/"},"author":{"name":"Jader Lazarini","@id":"https:\/\/www.suno.com.br\/noticias\/#\/schema\/person\/918d79de1f0281f01599b93f9ea6e23f"},"headline":"Oi (OIBR3) fecha exclusividade para venda de \u00e1rea m\u00f3vel com Highline","datePublished":"2020-07-23T12:29:26+00:00","dateModified":"2020-07-24T00:04:41+00:00","mainEntityOfPage":{"@id":"https:\/\/www.suno.com.br\/noticias\/oi-oibr3-fecha-exclusividade-highline\/"},"wordCount":596,"publisher":{"@id":"https:\/\/www.suno.com.br\/noticias\/#organization"},"image":{"@id":"https:\/\/www.suno.com.br\/noticias\/oi-oibr3-fecha-exclusividade-highline\/#primaryimage"},"thumbnailUrl":"https:\/\/files.sunoresearch.com.br\/n\/uploads\/2019\/08\/391f8501-oi-scaled.webp","keywords":["Highline","Oi (OIBR3\/OIBR4)"],"articleSection":["Neg\u00f3cios"],"inLanguage":"pt-BR"},{"@type":"WebPage","@id":"https:\/\/www.suno.com.br\/noticias\/oi-oibr3-fecha-exclusividade-highline\/","url":"https:\/\/www.suno.com.br\/noticias\/oi-oibr3-fecha-exclusividade-highline\/","name":"Oi (OIBR3) fecha exclusividade para venda de \u00e1rea m\u00f3vel com Highline","isPartOf":{"@id":"https:\/\/www.suno.com.br\/noticias\/#website"},"primaryImageOfPage":{"@id":"https:\/\/www.suno.com.br\/noticias\/oi-oibr3-fecha-exclusividade-highline\/#primaryimage"},"image":{"@id":"https:\/\/www.suno.com.br\/noticias\/oi-oibr3-fecha-exclusividade-highline\/#primaryimage"},"thumbnailUrl":"https:\/\/files.sunoresearch.com.br\/n\/uploads\/2019\/08\/391f8501-oi-scaled.webp","datePublished":"2020-07-23T12:29:26+00:00","dateModified":"2020-07-24T00:04:41+00:00","description":"A Oi (OIBR3) informou, na noite da \u00faltima quarta-feira (22), que fechou um acordo de exclusividade com a Highline do Brasil. Saiba mais.","breadcrumb":{"@id":"https:\/\/www.suno.com.br\/noticias\/oi-oibr3-fecha-exclusividade-highline\/#breadcrumb"},"inLanguage":"pt-BR","potentialAction":[{"@type":"ReadAction","target":["https:\/\/www.suno.com.br\/noticias\/oi-oibr3-fecha-exclusividade-highline\/"]}]},{"@type":"ImageObject","inLanguage":"pt-BR","@id":"https:\/\/www.suno.com.br\/noticias\/oi-oibr3-fecha-exclusividade-highline\/#primaryimage","url":"https:\/\/files.sunoresearch.com.br\/n\/uploads\/2019\/08\/391f8501-oi-scaled.webp","contentUrl":"https:\/\/files.sunoresearch.com.br\/n\/uploads\/2019\/08\/391f8501-oi-scaled.webp","width":2560,"height":1709,"caption":"Enel faz proposta de R$ 11,5 bilh\u00f5es por rede de fibra da Oi"},{"@type":"BreadcrumbList","@id":"https:\/\/www.suno.com.br\/noticias\/oi-oibr3-fecha-exclusividade-highline\/#breadcrumb","itemListElement":[{"@type":"ListItem","position":1,"name":"Not\u00edcias","item":"https:\/\/www.suno.com.br\/noticias\/"},{"@type":"ListItem","position":2,"name":"Neg\u00f3cios","item":"https:\/\/www.suno.com.br\/noticias\/negocios\/"},{"@type":"ListItem","position":3,"name":"Oi (OIBR3) fecha exclusividade para venda de \u00e1rea m\u00f3vel com Highline"}]},{"@type":"WebSite","@id":"https:\/\/www.suno.com.br\/noticias\/#website","url":"https:\/\/www.suno.com.br\/noticias\/","name":"Suno Not\u00edcias","description":"Seu portal de informa\u00e7\u00e3o sobre o mundo dos investimentos","publisher":{"@id":"https:\/\/www.suno.com.br\/noticias\/#organization"},"potentialAction":[{"@type":"SearchAction","target":{"@type":"EntryPoint","urlTemplate":"https:\/\/www.suno.com.br\/noticias\/?s={search_term_string}"},"query-input":{"@type":"PropertyValueSpecification","valueRequired":true,"valueName":"search_term_string"}}],"inLanguage":"pt-BR"},{"@type":"Organization","@id":"https:\/\/www.suno.com.br\/noticias\/#organization","name":"Suno Not\u00edcias","url":"https:\/\/www.suno.com.br\/noticias\/","logo":{"@type":"ImageObject","inLanguage":"pt-BR","@id":"https:\/\/www.suno.com.br\/noticias\/#\/schema\/logo\/image\/","url":"https:\/\/files.sunoresearch.com.br\/n\/uploads\/2021\/09\/suno-logo.png","contentUrl":"https:\/\/files.sunoresearch.com.br\/n\/uploads\/2021\/09\/suno-logo.png","width":180,"height":180,"caption":"Suno Not\u00edcias"},"image":{"@id":"https:\/\/www.suno.com.br\/noticias\/#\/schema\/logo\/image\/"},"sameAs":["https:\/\/facebook.com\/sunoresearch","https:\/\/x.com\/sunoresearch","https:\/\/www.instagram.com\/suno","https:\/\/www.linkedin.com\/company\/suno-research\/","https:\/\/www.youtube.com\/c\/sunoresearch"]},{"@type":"Person","@id":"https:\/\/www.suno.com.br\/noticias\/#\/schema\/person\/918d79de1f0281f01599b93f9ea6e23f","name":"Jader Lazarini","image":{"@type":"ImageObject","inLanguage":"pt-BR","@id":"https:\/\/www.suno.com.br\/noticias\/#\/schema\/person\/image\/","url":"https:\/\/secure.gravatar.com\/avatar\/3c1ad8caa51589841baeb923fcddea97?s=96&r=g","contentUrl":"https:\/\/secure.gravatar.com\/avatar\/3c1ad8caa51589841baeb923fcddea97?s=96&r=g","caption":"Jader Lazarini"},"description":"Jader Lazarini escreve sobre investimentos, finan\u00e7as, economia e neg\u00f3cios. \u00c9 bacharel em Rela\u00e7\u00f5es Internacionais e analista CNPI (2619).","url":"https:\/\/www.suno.com.br\/noticias\/author\/jader-lazarini\/"}]}},"default_loop_html":"<div class=\"cardsPage__listCard__boxs\"><div class=\"cardsPage__listCard__boxs__img\"><a href=\"https:\/\/www.suno.com.br\/noticias\/oi-oibr3-fecha-exclusividade-highline\/\"><img class=\"mask\" src=\"https:\/\/www.suno.com.br\/noticias\/wp-content\/themes\/suno\/resources\/images\/spotlight\/spotlight1img\/bg-mask.png\" alt=\"Image Mask\"\/><img src=\"https:\/\/files.sunoresearch.com.br\/n\/uploads\/2019\/08\/391f8501-oi-400x200.webp\" alt=\"Oi (OIBR3) fecha exclusividade para venda de \u00e1rea m\u00f3vel com Highline\"\/><\/a><span class=\"spotlightCategory\"><a href=\"https:\/\/www.suno.com.br\/noticias\/negocios\/\">Neg\u00f3cios<\/a><\/span><\/div><div class=\"cardsPage__listCard__boxs__content\"><a href=\"https:\/\/www.suno.com.br\/noticias\/oi-oibr3-fecha-exclusividade-highline\/\"><h2 class=\"content__title\">Oi (OIBR3) fecha exclusividade para venda de \u00e1rea m\u00f3vel com Highline<\/h2><\/a><div class=\"newsContent__article__meta\"><div class=\"newsContent__article__meta__authorBox\"><a href=\"https:\/\/www.suno.com.br\/noticias\/author\/jader-lazarini\/\" class=\"authorBox__avatar noMobi\"><img src=\"https:\/\/files.sunoresearch.com.br\/n\/uploads\/2021\/01\/178e6598-foto-perfil-2-150x150.jpg\" alt=\"Jader Lazarini\"><\/a><div class=\"authorBox__name\"><span>por\n\t\t\t<a href=\"https:\/\/www.suno.com.br\/noticias\/author\/jader-lazarini\/\"><span itemprop=\"author\">Jader Lazarini<\/span><\/a><\/span><time datetime=\"2020-07-23T09:29:26-03:00\" itemprop=\"datePublished\">23\/07\/2020 09:29<\/time><\/div><\/div><\/div><\/div><\/div>","single_layout":"posts","amp_enabled":true,"_links":{"self":[{"href":"https:\/\/www.suno.com.br\/noticias\/wp-json\/wp\/v2\/posts\/74454"}],"collection":[{"href":"https:\/\/www.suno.com.br\/noticias\/wp-json\/wp\/v2\/posts"}],"about":[{"href":"https:\/\/www.suno.com.br\/noticias\/wp-json\/wp\/v2\/types\/post"}],"author":[{"embeddable":true,"href":"https:\/\/www.suno.com.br\/noticias\/wp-json\/wp\/v2\/users\/24"}],"replies":[{"embeddable":true,"href":"https:\/\/www.suno.com.br\/noticias\/wp-json\/wp\/v2\/comments?post=74454"}],"version-history":[{"count":0,"href":"https:\/\/www.suno.com.br\/noticias\/wp-json\/wp\/v2\/posts\/74454\/revisions"}],"wp:featuredmedia":[{"embeddable":true,"href":"https:\/\/www.suno.com.br\/noticias\/wp-json\/wp\/v2\/media\/35803"}],"wp:attachment":[{"href":"https:\/\/www.suno.com.br\/noticias\/wp-json\/wp\/v2\/media?parent=74454"}],"wp:term":[{"taxonomy":"category","embeddable":true,"href":"https:\/\/www.suno.com.br\/noticias\/wp-json\/wp\/v2\/categories?post=74454"},{"taxonomy":"post_tag","embeddable":true,"href":"https:\/\/www.suno.com.br\/noticias\/wp-json\/wp\/v2\/tags?post=74454"},{"taxonomy":"suno_strategy","embeddable":true,"href":"https:\/\/www.suno.com.br\/noticias\/wp-json\/wp\/v2\/suno_strategy?post=74454"}],"curies":[{"name":"wp","href":"https:\/\/api.w.org\/{rel}","templated":true}]}}