{"id":74447,"date":"2020-07-23T09:13:27","date_gmt":"2020-07-23T12:13:27","guid":{"rendered":"https:\/\/www.suno.com.br\/noticias\/?p=74447"},"modified":"2020-07-23T21:03:46","modified_gmt":"2020-07-24T00:03:46","slug":"reforma-tributaria-comissao-mista-deve-retornar-na-proxima-semana","status":"publish","type":"post","link":"https:\/\/www.suno.com.br\/noticias\/reforma-tributaria-comissao-mista-deve-retornar-na-proxima-semana\/","title":{"rendered":"Reforma tribut\u00e1ria: comiss\u00e3o mista deve retornar na pr\u00f3xima semana"},"content":{"rendered":"<p>O presidente da comiss\u00e3o mista sobre a<strong> reforma da tribut\u00e1ria<\/strong>, o senador Roberto Rocha (PSDB-MA), informou que vai retomar o debate na pr\u00f3xima semana. O Congresso estima que o texto seja conclu\u00eddo at\u00e9 o final deste ano.<\/p>\t<div class=\"wrapper-featured-image\">\n\t\t<figure class=\"spotlightImg\">\n\n\t\t\t<picture>\n\t\t\t\t<source media=\"(max-width: 768px)\" srcset=\"https:\/\/files.sunoresearch.com.br\/n\/uploads\/2019\/09\/d95b7d16-roberto-rocha-400x200.webp\">\n\t\t\t\t<img loading=\"lazy\" decoding=\"async\" class=\"newsContent__article__imgCapa lazyloadDisabled newsContent__article__imgCapa--noCaption\" src=\"https:\/\/files.sunoresearch.com.br\/n\/uploads\/2019\/09\/d95b7d16-roberto-rocha-jpg.webp\" width=\"800\" height=\"450\" alt=\"Reforma tribut\u00e1ria: comiss\u00e3o mista deve retornar na pr\u00f3xima semana\" fetchpriority=high \/>\n\t\t\t<\/picture>\n\n\t\t\t<figcaption class=\"wp-caption-text wp-caption-text--hide\">reforma tribut\u00e1ria<\/figcaption>\n\t\t<\/figure>\n\t<\/div>\n\n\n\n<p>A afirma\u00e7\u00e3o do senador aconteceu ap\u00f3s o encontro com o presidente da C\u00e2mara dos Deputados, Rodrigo Maia (DEM-RJ), e com o relator da reforma tribut\u00e1ria na Casa, deputado Aguinaldo Ribeiro (PP-PB). &#8220;Na pr\u00f3xima quinta-feira (30), vamos reinstalar a comiss\u00e3o mista para poder discutir o sistema tribut\u00e1rio. Na semana seguinte, no dia 4 de agosto, pretendemos retomar as audi\u00eancias p\u00fablicas&#8221;, disse Rocha.<\/p>\n<p>O ministro da Economia,<a href=\"https:\/\/www.suno.com.br\/tudo-sobre\/paulo-guedes\/\"> Paulo Guedes<\/a>, entregou na \u00faltima ter\u00e7a-feira (21) a proposta da reforma ao Congresso.<\/p>\n<p><a href=\"https:\/\/lp.suno.com.br\/suno-one\/\">No Suno One voc\u00ea aprende a fazer seu dinheiro trabalhar para voc\u00ea. Cadastre-se gratuitamente agora!<\/a><\/p>\n<p>&#8220;Pretendemos limpar a pauta, de forma remota, fazer as audi\u00eancias p\u00fablicas aprovadas antes da pandemia e, l\u00e1 na frente, ainda neste ano, votar na comiss\u00e3o mista o texto convergente que unifica os interesses da C\u00e2mara, do Senado e do governo federal&#8221;, disse Rocha.<\/p>\n<p><iframe loading=\"lazy\" src=\"https:\/\/www.youtube.com\/embed\/C-3XMpxEESQ\" width=\"560\" height=\"315\" frameborder=\"0\" allowfullscreen=\"allowfullscreen\"><\/iframe><br \/>\nNo in\u00edcio do ano, o Senado e a C\u00e2mara instalaram uma comiss\u00e3o mista para unificar os projetos que tramitam no Congresso. Por\u00e9m, o debate foi paralisado por causa da pandemia do novo coronav\u00edrus (covid-19). Na semana passada, Maia havia afirmado que iria retomar o debate sem o Senado.<\/p>\n<p>&#8220;O presidente do Congresso [Davi Alcolumbre] disse que tinha dificuldade de retomar as comiss\u00f5es mistas. Como n\u00f3s n\u00e3o conseguimos avan\u00e7ar l\u00e1 [na comiss\u00e3o mista], n\u00f3s vamos retomar na C\u00e2mara dos Deputados&#8221;, afirmou Maia.<\/p>\n<h2>Guedes entrega ao Congresso a primeira parte da reforma tribut\u00e1ria<\/h2>\n<p>O ministro da Economia entregou na ter\u00e7a-feira\u00a0 a primeira parte da reforma tribut\u00e1ria ao Congresso Nacional. A proposta do governo federal, estudada pela \u00e1rea econ\u00f4mica, foi entregue ao presidente do Senado, Davi Alcolumbre (DEM-AP).<\/p>\n<p><a href=\"https:\/\/www.suno.com.br\/noticias\/reforma-tributaria-entenda-as-propostas-e-a-nova-cpmf\/\">Veja tamb\u00e9m: Reforma tribut\u00e1ria: entenda as propostas e a nova &#8216;CPMF&#8217;<\/a><\/p>\n<p>O minist\u00e9rio indicou que a primeira parte da reforma tribut\u00e1ria inclui somente a proposta de unifica\u00e7\u00e3o de <a href=\"https:\/\/www.suno.com.br\/artigos\/abono-salarial\/\">PIS<\/a> e <a href=\"https:\/\/www.suno.com.br\/artigos\/cofins\/\">Cofins<\/a>, que formam os dois impostos federais sobre o consumo de bens e servi\u00e7os. Dessa forma,\u00a0 outros temas, como\u00a0a inclus\u00e3o de tributos estaduais nesse imposto \u00fanico, mudan\u00e7as no <a href=\"https:\/\/www.suno.com.br\/artigos\/tag\/imposto-de-renda\/\">Imposto de Renda<\/a> e altera\u00e7\u00e3o da carga tribut\u00e1ria, devem ser inclu\u00eddos na segunda parte da proposta.<\/p>\n<p>As propostas para a <strong>reforma tribut\u00e1ria<\/strong> no Brasil j\u00e1 v\u00eam sido analisadas h\u00e1 muito tempo no Senado e na C\u00e2mara, em textos assinados por parlamentares. No entanto, os trabalhos foram interrompidos e as discuss\u00f5es foram suspensas devido a pandemia do coronav\u00edrus (covid-19). A an\u00e1lise s\u00f3 foi retomada na \u00faltima semana, ap\u00f3s decis\u00e3o de Maia.<\/p>\n\n","protected":false},"excerpt":{"rendered":"<p>O presidente da comiss\u00e3o mista sobre a reforma da tribut\u00e1ria, o senador Roberto Rocha (PSDB-MA), informou que vai retomar o debate na pr\u00f3xima semana. O Congresso estima que o texto seja conclu\u00eddo at\u00e9 o final deste ano. reforma tribut\u00e1ria A afirma\u00e7\u00e3o do senador aconteceu ap\u00f3s o encontro com o presidente da C\u00e2mara dos Deputados, Rodrigo [&hellip;]<\/p>\n","protected":false},"author":15,"featured_media":36200,"comment_status":"closed","ping_status":"closed","sticky":false,"template":"","format":"standard","meta":[],"categories":[61],"tags":[938,1286,1068],"suno_strategy":[],"class_list":["post-74447","post","type-post","status-publish","format-standard","has-post-thumbnail","hentry","category-politica","tag-camara-dos-deputados","tag-reforma-tributaria","tag-senado-federal"],"yoast_head":"<!-- This site is optimized with the Yoast SEO plugin v24.4 - https:\/\/yoast.com\/wordpress\/plugins\/seo\/ -->\n<title>Reforma tribut\u00e1ria: comiss\u00e3o mista deve retornar na pr\u00f3xima semana<\/title>\n<meta name=\"description\" content=\"O presidente da comiss\u00e3o mista sobre a reforma da tribut\u00e1ria informou que vai retomar o debate na pr\u00f3xima semana. Clique aqui e saiba mais\" \/>\n<meta name=\"robots\" content=\"index, follow, max-snippet:-1, max-image-preview:large, max-video-preview:-1\" \/>\n<link rel=\"canonical\" href=\"https:\/\/www.suno.com.br\/noticias\/reforma-tributaria-comissao-mista-deve-retornar-na-proxima-semana\/\" \/>\n<meta property=\"og:locale\" content=\"pt_BR\" \/>\n<meta property=\"og:type\" content=\"article\" \/>\n<meta property=\"og:title\" content=\"Reforma tribut\u00e1ria: comiss\u00e3o mista deve retornar na pr\u00f3xima semana\" \/>\n<meta property=\"og:description\" content=\"O presidente da comiss\u00e3o mista sobre a reforma da tribut\u00e1ria informou que vai retomar o debate na pr\u00f3xima semana. Clique aqui e saiba mais\" \/>\n<meta property=\"og:url\" content=\"https:\/\/www.suno.com.br\/noticias\/reforma-tributaria-comissao-mista-deve-retornar-na-proxima-semana\/\" \/>\n<meta property=\"og:site_name\" content=\"Suno Not\u00edcias\" \/>\n<meta property=\"article:publisher\" content=\"https:\/\/facebook.com\/sunoresearch\" \/>\n<meta property=\"og:image\" content=\"https:\/\/files.sunoresearch.com.br\/n\/uploads\/2019\/09\/d95b7d16-roberto-rocha.jpg\" \/>\n\t<meta property=\"og:image:width\" content=\"640\" \/>\n\t<meta property=\"og:image:height\" content=\"370\" \/>\n\t<meta property=\"og:image:type\" content=\"image\/jpeg\" \/>\n<meta name=\"author\" content=\"Poliana Santos\" \/>\n<meta name=\"twitter:card\" content=\"summary_large_image\" \/>\n<meta name=\"twitter:creator\" content=\"@sunoresearch\" \/>\n<meta name=\"twitter:site\" content=\"@sunoresearch\" \/>\n<meta name=\"twitter:label1\" content=\"Escrito por\" \/>\n\t<meta name=\"twitter:data1\" content=\"Poliana Santos\" \/>\n\t<meta name=\"twitter:label2\" content=\"Est. tempo de leitura\" \/>\n\t<meta name=\"twitter:data2\" content=\"2 minutos\" \/>\n<script type=\"application\/ld+json\" class=\"yoast-schema-graph\">{\"@context\":\"https:\/\/schema.org\",\"@graph\":[{\"@type\":\"NewsArticle\",\"@id\":\"https:\/\/www.suno.com.br\/noticias\/reforma-tributaria-comissao-mista-deve-retornar-na-proxima-semana\/#article\",\"isPartOf\":{\"@id\":\"https:\/\/www.suno.com.br\/noticias\/reforma-tributaria-comissao-mista-deve-retornar-na-proxima-semana\/\"},\"author\":{\"name\":\"Poliana Santos\",\"@id\":\"https:\/\/www.suno.com.br\/noticias\/#\/schema\/person\/02ec1f752758247878a2bf4abee1aeda\"},\"headline\":\"Reforma tribut\u00e1ria: comiss\u00e3o mista deve retornar na pr\u00f3xima semana\",\"datePublished\":\"2020-07-23T12:13:27+00:00\",\"dateModified\":\"2020-07-24T00:03:46+00:00\",\"mainEntityOfPage\":{\"@id\":\"https:\/\/www.suno.com.br\/noticias\/reforma-tributaria-comissao-mista-deve-retornar-na-proxima-semana\/\"},\"wordCount\":497,\"publisher\":{\"@id\":\"https:\/\/www.suno.com.br\/noticias\/#organization\"},\"image\":{\"@id\":\"https:\/\/www.suno.com.br\/noticias\/reforma-tributaria-comissao-mista-deve-retornar-na-proxima-semana\/#primaryimage\"},\"thumbnailUrl\":\"https:\/\/files.sunoresearch.com.br\/n\/uploads\/2019\/09\/d95b7d16-roberto-rocha-jpg.webp\",\"keywords\":[\"C\u00e2mara dos Deputados\",\"reforma tribut\u00e1ria\",\"Senado Federal\"],\"articleSection\":[\"Pol\u00edtica\"],\"inLanguage\":\"pt-BR\"},{\"@type\":\"WebPage\",\"@id\":\"https:\/\/www.suno.com.br\/noticias\/reforma-tributaria-comissao-mista-deve-retornar-na-proxima-semana\/\",\"url\":\"https:\/\/www.suno.com.br\/noticias\/reforma-tributaria-comissao-mista-deve-retornar-na-proxima-semana\/\",\"name\":\"Reforma tribut\u00e1ria: comiss\u00e3o mista deve retornar na pr\u00f3xima semana\",\"isPartOf\":{\"@id\":\"https:\/\/www.suno.com.br\/noticias\/#website\"},\"primaryImageOfPage\":{\"@id\":\"https:\/\/www.suno.com.br\/noticias\/reforma-tributaria-comissao-mista-deve-retornar-na-proxima-semana\/#primaryimage\"},\"image\":{\"@id\":\"https:\/\/www.suno.com.br\/noticias\/reforma-tributaria-comissao-mista-deve-retornar-na-proxima-semana\/#primaryimage\"},\"thumbnailUrl\":\"https:\/\/files.sunoresearch.com.br\/n\/uploads\/2019\/09\/d95b7d16-roberto-rocha-jpg.webp\",\"datePublished\":\"2020-07-23T12:13:27+00:00\",\"dateModified\":\"2020-07-24T00:03:46+00:00\",\"description\":\"O presidente da comiss\u00e3o mista sobre a reforma da tribut\u00e1ria informou que vai retomar o debate na pr\u00f3xima semana. Clique aqui e saiba mais\",\"breadcrumb\":{\"@id\":\"https:\/\/www.suno.com.br\/noticias\/reforma-tributaria-comissao-mista-deve-retornar-na-proxima-semana\/#breadcrumb\"},\"inLanguage\":\"pt-BR\",\"potentialAction\":[{\"@type\":\"ReadAction\",\"target\":[\"https:\/\/www.suno.com.br\/noticias\/reforma-tributaria-comissao-mista-deve-retornar-na-proxima-semana\/\"]}]},{\"@type\":\"ImageObject\",\"inLanguage\":\"pt-BR\",\"@id\":\"https:\/\/www.suno.com.br\/noticias\/reforma-tributaria-comissao-mista-deve-retornar-na-proxima-semana\/#primaryimage\",\"url\":\"https:\/\/files.sunoresearch.com.br\/n\/uploads\/2019\/09\/d95b7d16-roberto-rocha-jpg.webp\",\"contentUrl\":\"https:\/\/files.sunoresearch.com.br\/n\/uploads\/2019\/09\/d95b7d16-roberto-rocha-jpg.webp\",\"width\":640,\"height\":370,\"caption\":\"reforma tribut\u00e1ria\"},{\"@type\":\"BreadcrumbList\",\"@id\":\"https:\/\/www.suno.com.br\/noticias\/reforma-tributaria-comissao-mista-deve-retornar-na-proxima-semana\/#breadcrumb\",\"itemListElement\":[{\"@type\":\"ListItem\",\"position\":1,\"name\":\"Not\u00edcias\",\"item\":\"https:\/\/www.suno.com.br\/noticias\/\"},{\"@type\":\"ListItem\",\"position\":2,\"name\":\"Pol\u00edtica\",\"item\":\"https:\/\/www.suno.com.br\/noticias\/politica\/\"},{\"@type\":\"ListItem\",\"position\":3,\"name\":\"Reforma tribut\u00e1ria: comiss\u00e3o mista deve retornar na pr\u00f3xima semana\"}]},{\"@type\":\"WebSite\",\"@id\":\"https:\/\/www.suno.com.br\/noticias\/#website\",\"url\":\"https:\/\/www.suno.com.br\/noticias\/\",\"name\":\"Suno Not\u00edcias\",\"description\":\"Seu portal de informa\u00e7\u00e3o sobre o mundo dos investimentos\",\"publisher\":{\"@id\":\"https:\/\/www.suno.com.br\/noticias\/#organization\"},\"potentialAction\":[{\"@type\":\"SearchAction\",\"target\":{\"@type\":\"EntryPoint\",\"urlTemplate\":\"https:\/\/www.suno.com.br\/noticias\/?s={search_term_string}\"},\"query-input\":{\"@type\":\"PropertyValueSpecification\",\"valueRequired\":true,\"valueName\":\"search_term_string\"}}],\"inLanguage\":\"pt-BR\"},{\"@type\":\"Organization\",\"@id\":\"https:\/\/www.suno.com.br\/noticias\/#organization\",\"name\":\"Suno Not\u00edcias\",\"url\":\"https:\/\/www.suno.com.br\/noticias\/\",\"logo\":{\"@type\":\"ImageObject\",\"inLanguage\":\"pt-BR\",\"@id\":\"https:\/\/www.suno.com.br\/noticias\/#\/schema\/logo\/image\/\",\"url\":\"https:\/\/files.sunoresearch.com.br\/n\/uploads\/2021\/09\/suno-logo.png\",\"contentUrl\":\"https:\/\/files.sunoresearch.com.br\/n\/uploads\/2021\/09\/suno-logo.png\",\"width\":180,\"height\":180,\"caption\":\"Suno Not\u00edcias\"},\"image\":{\"@id\":\"https:\/\/www.suno.com.br\/noticias\/#\/schema\/logo\/image\/\"},\"sameAs\":[\"https:\/\/facebook.com\/sunoresearch\",\"https:\/\/x.com\/sunoresearch\",\"https:\/\/www.instagram.com\/suno\",\"https:\/\/www.linkedin.com\/company\/suno-research\/\",\"https:\/\/www.youtube.com\/c\/sunoresearch\"]},{\"@type\":\"Person\",\"@id\":\"https:\/\/www.suno.com.br\/noticias\/#\/schema\/person\/02ec1f752758247878a2bf4abee1aeda\",\"name\":\"Poliana Santos\",\"image\":{\"@type\":\"ImageObject\",\"inLanguage\":\"pt-BR\",\"@id\":\"https:\/\/www.suno.com.br\/noticias\/#\/schema\/person\/image\/\",\"url\":\"https:\/\/secure.gravatar.com\/avatar\/0645bd32f23d87b2130f2b2dff1d3f8d?s=96&r=g\",\"contentUrl\":\"https:\/\/secure.gravatar.com\/avatar\/0645bd32f23d87b2130f2b2dff1d3f8d?s=96&r=g\",\"caption\":\"Poliana Santos\"},\"description\":\"Rep\u00f3rter no Suno Not\u00edcias, com cobertura em mercado financeiro, economia, finan\u00e7as pessoais, renda fixa e varejo. Jornalista formada pela Faculdade C\u00e1sper L\u00edbero e possui passagem na R\u00e1dio Gazeta AM com a produ\u00e7\u00e3o de conte\u00fado sobre economia, pol\u00edtica, sa\u00fade, moda e m\u00fasica. Possui certificado de conclus\u00e3o do curso de An\u00e1lise de Balan\u00e7os pela Funda\u00e7\u00e3o Bradesco, Agenda Brasil pela FAAP, Educa\u00e7\u00e3o Pol\u00edtica por Alexandre Garcia e do Tesouro Direto e Mercado de A\u00e7\u00f5es pela B3.\",\"url\":\"https:\/\/www.suno.com.br\/noticias\/author\/poliana-santos\/\"}]}<\/script>\n<!-- \/ Yoast SEO plugin. -->","yoast_head_json":{"title":"Reforma tribut\u00e1ria: comiss\u00e3o mista deve retornar na pr\u00f3xima semana","description":"O presidente da comiss\u00e3o mista sobre a reforma da tribut\u00e1ria informou que vai retomar o debate na pr\u00f3xima semana. Clique aqui e saiba mais","robots":{"index":"index","follow":"follow","max-snippet":"max-snippet:-1","max-image-preview":"max-image-preview:large","max-video-preview":"max-video-preview:-1"},"canonical":"https:\/\/www.suno.com.br\/noticias\/reforma-tributaria-comissao-mista-deve-retornar-na-proxima-semana\/","og_locale":"pt_BR","og_type":"article","og_title":"Reforma tribut\u00e1ria: comiss\u00e3o mista deve retornar na pr\u00f3xima semana","og_description":"O presidente da comiss\u00e3o mista sobre a reforma da tribut\u00e1ria informou que vai retomar o debate na pr\u00f3xima semana. Clique aqui e saiba mais","og_url":"https:\/\/www.suno.com.br\/noticias\/reforma-tributaria-comissao-mista-deve-retornar-na-proxima-semana\/","og_site_name":"Suno Not\u00edcias","article_publisher":"https:\/\/facebook.com\/sunoresearch","og_image":[{"width":640,"height":370,"url":"https:\/\/files.sunoresearch.com.br\/n\/uploads\/2019\/09\/d95b7d16-roberto-rocha.jpg","type":"image\/jpeg"}],"author":"Poliana Santos","twitter_card":"summary_large_image","twitter_creator":"@sunoresearch","twitter_site":"@sunoresearch","twitter_misc":{"Escrito por":"Poliana Santos","Est. tempo de leitura":"2 minutos"},"schema":{"@context":"https:\/\/schema.org","@graph":[{"@type":"NewsArticle","@id":"https:\/\/www.suno.com.br\/noticias\/reforma-tributaria-comissao-mista-deve-retornar-na-proxima-semana\/#article","isPartOf":{"@id":"https:\/\/www.suno.com.br\/noticias\/reforma-tributaria-comissao-mista-deve-retornar-na-proxima-semana\/"},"author":{"name":"Poliana Santos","@id":"https:\/\/www.suno.com.br\/noticias\/#\/schema\/person\/02ec1f752758247878a2bf4abee1aeda"},"headline":"Reforma tribut\u00e1ria: comiss\u00e3o mista deve retornar na pr\u00f3xima semana","datePublished":"2020-07-23T12:13:27+00:00","dateModified":"2020-07-24T00:03:46+00:00","mainEntityOfPage":{"@id":"https:\/\/www.suno.com.br\/noticias\/reforma-tributaria-comissao-mista-deve-retornar-na-proxima-semana\/"},"wordCount":497,"publisher":{"@id":"https:\/\/www.suno.com.br\/noticias\/#organization"},"image":{"@id":"https:\/\/www.suno.com.br\/noticias\/reforma-tributaria-comissao-mista-deve-retornar-na-proxima-semana\/#primaryimage"},"thumbnailUrl":"https:\/\/files.sunoresearch.com.br\/n\/uploads\/2019\/09\/d95b7d16-roberto-rocha-jpg.webp","keywords":["C\u00e2mara dos Deputados","reforma tribut\u00e1ria","Senado Federal"],"articleSection":["Pol\u00edtica"],"inLanguage":"pt-BR"},{"@type":"WebPage","@id":"https:\/\/www.suno.com.br\/noticias\/reforma-tributaria-comissao-mista-deve-retornar-na-proxima-semana\/","url":"https:\/\/www.suno.com.br\/noticias\/reforma-tributaria-comissao-mista-deve-retornar-na-proxima-semana\/","name":"Reforma tribut\u00e1ria: comiss\u00e3o mista deve retornar na pr\u00f3xima semana","isPartOf":{"@id":"https:\/\/www.suno.com.br\/noticias\/#website"},"primaryImageOfPage":{"@id":"https:\/\/www.suno.com.br\/noticias\/reforma-tributaria-comissao-mista-deve-retornar-na-proxima-semana\/#primaryimage"},"image":{"@id":"https:\/\/www.suno.com.br\/noticias\/reforma-tributaria-comissao-mista-deve-retornar-na-proxima-semana\/#primaryimage"},"thumbnailUrl":"https:\/\/files.sunoresearch.com.br\/n\/uploads\/2019\/09\/d95b7d16-roberto-rocha-jpg.webp","datePublished":"2020-07-23T12:13:27+00:00","dateModified":"2020-07-24T00:03:46+00:00","description":"O presidente da comiss\u00e3o mista sobre a reforma da tribut\u00e1ria informou que vai retomar o debate na pr\u00f3xima semana. Clique aqui e saiba mais","breadcrumb":{"@id":"https:\/\/www.suno.com.br\/noticias\/reforma-tributaria-comissao-mista-deve-retornar-na-proxima-semana\/#breadcrumb"},"inLanguage":"pt-BR","potentialAction":[{"@type":"ReadAction","target":["https:\/\/www.suno.com.br\/noticias\/reforma-tributaria-comissao-mista-deve-retornar-na-proxima-semana\/"]}]},{"@type":"ImageObject","inLanguage":"pt-BR","@id":"https:\/\/www.suno.com.br\/noticias\/reforma-tributaria-comissao-mista-deve-retornar-na-proxima-semana\/#primaryimage","url":"https:\/\/files.sunoresearch.com.br\/n\/uploads\/2019\/09\/d95b7d16-roberto-rocha-jpg.webp","contentUrl":"https:\/\/files.sunoresearch.com.br\/n\/uploads\/2019\/09\/d95b7d16-roberto-rocha-jpg.webp","width":640,"height":370,"caption":"reforma tribut\u00e1ria"},{"@type":"BreadcrumbList","@id":"https:\/\/www.suno.com.br\/noticias\/reforma-tributaria-comissao-mista-deve-retornar-na-proxima-semana\/#breadcrumb","itemListElement":[{"@type":"ListItem","position":1,"name":"Not\u00edcias","item":"https:\/\/www.suno.com.br\/noticias\/"},{"@type":"ListItem","position":2,"name":"Pol\u00edtica","item":"https:\/\/www.suno.com.br\/noticias\/politica\/"},{"@type":"ListItem","position":3,"name":"Reforma tribut\u00e1ria: comiss\u00e3o mista deve retornar na pr\u00f3xima semana"}]},{"@type":"WebSite","@id":"https:\/\/www.suno.com.br\/noticias\/#website","url":"https:\/\/www.suno.com.br\/noticias\/","name":"Suno Not\u00edcias","description":"Seu portal de informa\u00e7\u00e3o sobre o mundo dos investimentos","publisher":{"@id":"https:\/\/www.suno.com.br\/noticias\/#organization"},"potentialAction":[{"@type":"SearchAction","target":{"@type":"EntryPoint","urlTemplate":"https:\/\/www.suno.com.br\/noticias\/?s={search_term_string}"},"query-input":{"@type":"PropertyValueSpecification","valueRequired":true,"valueName":"search_term_string"}}],"inLanguage":"pt-BR"},{"@type":"Organization","@id":"https:\/\/www.suno.com.br\/noticias\/#organization","name":"Suno Not\u00edcias","url":"https:\/\/www.suno.com.br\/noticias\/","logo":{"@type":"ImageObject","inLanguage":"pt-BR","@id":"https:\/\/www.suno.com.br\/noticias\/#\/schema\/logo\/image\/","url":"https:\/\/files.sunoresearch.com.br\/n\/uploads\/2021\/09\/suno-logo.png","contentUrl":"https:\/\/files.sunoresearch.com.br\/n\/uploads\/2021\/09\/suno-logo.png","width":180,"height":180,"caption":"Suno Not\u00edcias"},"image":{"@id":"https:\/\/www.suno.com.br\/noticias\/#\/schema\/logo\/image\/"},"sameAs":["https:\/\/facebook.com\/sunoresearch","https:\/\/x.com\/sunoresearch","https:\/\/www.instagram.com\/suno","https:\/\/www.linkedin.com\/company\/suno-research\/","https:\/\/www.youtube.com\/c\/sunoresearch"]},{"@type":"Person","@id":"https:\/\/www.suno.com.br\/noticias\/#\/schema\/person\/02ec1f752758247878a2bf4abee1aeda","name":"Poliana Santos","image":{"@type":"ImageObject","inLanguage":"pt-BR","@id":"https:\/\/www.suno.com.br\/noticias\/#\/schema\/person\/image\/","url":"https:\/\/secure.gravatar.com\/avatar\/0645bd32f23d87b2130f2b2dff1d3f8d?s=96&r=g","contentUrl":"https:\/\/secure.gravatar.com\/avatar\/0645bd32f23d87b2130f2b2dff1d3f8d?s=96&r=g","caption":"Poliana Santos"},"description":"Rep\u00f3rter no Suno Not\u00edcias, com cobertura em mercado financeiro, economia, finan\u00e7as pessoais, renda fixa e varejo. Jornalista formada pela Faculdade C\u00e1sper L\u00edbero e possui passagem na R\u00e1dio Gazeta AM com a produ\u00e7\u00e3o de conte\u00fado sobre economia, pol\u00edtica, sa\u00fade, moda e m\u00fasica. Possui certificado de conclus\u00e3o do curso de An\u00e1lise de Balan\u00e7os pela Funda\u00e7\u00e3o Bradesco, Agenda Brasil pela FAAP, Educa\u00e7\u00e3o Pol\u00edtica por Alexandre Garcia e do Tesouro Direto e Mercado de A\u00e7\u00f5es pela B3.","url":"https:\/\/www.suno.com.br\/noticias\/author\/poliana-santos\/"}]}},"default_loop_html":"<div class=\"cardsPage__listCard__boxs\"><div class=\"cardsPage__listCard__boxs__img\"><a href=\"https:\/\/www.suno.com.br\/noticias\/reforma-tributaria-comissao-mista-deve-retornar-na-proxima-semana\/\"><img class=\"mask\" src=\"https:\/\/www.suno.com.br\/noticias\/wp-content\/themes\/suno\/resources\/images\/spotlight\/spotlight1img\/bg-mask.png\" alt=\"Image Mask\"\/><img src=\"https:\/\/files.sunoresearch.com.br\/n\/uploads\/2019\/09\/d95b7d16-roberto-rocha-400x200.webp\" alt=\"Reforma tribut\u00e1ria: comiss\u00e3o mista deve retornar na pr\u00f3xima semana\"\/><\/a><span class=\"spotlightCategory\"><a href=\"https:\/\/www.suno.com.br\/noticias\/politica\/\">Pol\u00edtica<\/a><\/span><\/div><div class=\"cardsPage__listCard__boxs__content\"><a href=\"https:\/\/www.suno.com.br\/noticias\/reforma-tributaria-comissao-mista-deve-retornar-na-proxima-semana\/\"><h2 class=\"content__title\">Reforma tribut\u00e1ria: comiss\u00e3o mista deve retornar na pr\u00f3xima semana<\/h2><\/a><div class=\"newsContent__article__meta\"><div class=\"newsContent__article__meta__authorBox\"><a href=\"https:\/\/www.suno.com.br\/noticias\/author\/poliana-santos\/\" class=\"authorBox__avatar noMobi\"><img src=\"https:\/\/files.sunoresearch.com.br\/n\/uploads\/2020\/08\/7ef34026-whatsapp-image-2020-08-03-at-12.37.57-150x150.webp\" alt=\"Poliana Santos\"><\/a><div class=\"authorBox__name\"><span>por\n\t\t\t<a href=\"https:\/\/www.suno.com.br\/noticias\/author\/poliana-santos\/\"><span itemprop=\"author\">Poliana Santos<\/span><\/a><\/span><time datetime=\"2020-07-23T09:13:27-03:00\" itemprop=\"datePublished\">23\/07\/2020 09:13<\/time><\/div><\/div><\/div><\/div><\/div>","single_layout":"posts","amp_enabled":true,"_links":{"self":[{"href":"https:\/\/www.suno.com.br\/noticias\/wp-json\/wp\/v2\/posts\/74447"}],"collection":[{"href":"https:\/\/www.suno.com.br\/noticias\/wp-json\/wp\/v2\/posts"}],"about":[{"href":"https:\/\/www.suno.com.br\/noticias\/wp-json\/wp\/v2\/types\/post"}],"author":[{"embeddable":true,"href":"https:\/\/www.suno.com.br\/noticias\/wp-json\/wp\/v2\/users\/15"}],"replies":[{"embeddable":true,"href":"https:\/\/www.suno.com.br\/noticias\/wp-json\/wp\/v2\/comments?post=74447"}],"version-history":[{"count":0,"href":"https:\/\/www.suno.com.br\/noticias\/wp-json\/wp\/v2\/posts\/74447\/revisions"}],"wp:featuredmedia":[{"embeddable":true,"href":"https:\/\/www.suno.com.br\/noticias\/wp-json\/wp\/v2\/media\/36200"}],"wp:attachment":[{"href":"https:\/\/www.suno.com.br\/noticias\/wp-json\/wp\/v2\/media?parent=74447"}],"wp:term":[{"taxonomy":"category","embeddable":true,"href":"https:\/\/www.suno.com.br\/noticias\/wp-json\/wp\/v2\/categories?post=74447"},{"taxonomy":"post_tag","embeddable":true,"href":"https:\/\/www.suno.com.br\/noticias\/wp-json\/wp\/v2\/tags?post=74447"},{"taxonomy":"suno_strategy","embeddable":true,"href":"https:\/\/www.suno.com.br\/noticias\/wp-json\/wp\/v2\/suno_strategy?post=74447"}],"curies":[{"name":"wp","href":"https:\/\/api.w.org\/{rel}","templated":true}]}}