{"id":74314,"date":"2020-07-22T12:16:02","date_gmt":"2020-07-22T15:16:02","guid":{"rendered":"https:\/\/www.suno.com.br\/noticias\/?p=74314"},"modified":"2020-07-22T20:48:16","modified_gmt":"2020-07-22T23:48:16","slug":"weg-dispara-balanco-qualicorp-despenca-2o-dia-seguido","status":"publish","type":"post","link":"https:\/\/www.suno.com.br\/noticias\/weg-dispara-balanco-qualicorp-despenca-2o-dia-seguido\/","title":{"rendered":"WEG (WEGE3) dispara ap\u00f3s balan\u00e7o; Qualicorp despenca pelo 2\u00ba dia consecutivo"},"content":{"rendered":"<p>A <a href=\"https:\/\/www.suno.com.br\/acoes\/wege3\/\"><strong>Weg<\/strong> (WEGE3)<\/a> operava em alta de 11,62%, por volta das 11h28 (hor\u00e1rio de Bras\u00edlia) desta quarta-feira (22), no principal \u00edndice acion\u00e1rio da <a href=\"https:\/\/www.suno.com.br\/artigos\/ibovespa\/\">Bolsa de Valores de S\u00e3o Paulo (Ibovespa)<\/a>. A empresa divulgou seu balan\u00e7o nesta manh\u00e3 e teve um lucro 32,2% maior, no segundo trimestre de 2020, do que o apresentado no mesmo per\u00edodo do ano passado, totalizando R$ 514,37 milh\u00f5es. Por outro lado, a <a href=\"https:\/\/www.suno.com.br\/acoes\/qual3\/\">Qualicorp (QUAL3)<\/a> opera em queda na bolsa pelo segundo dia consecutivo.<\/p>\t<div class=\"wrapper-featured-image\">\n\t\t<figure class=\"spotlightImg\">\n\n\t\t\t<picture>\n\t\t\t\t<source media=\"(max-width: 768px)\" srcset=\"https:\/\/files.sunoresearch.com.br\/n\/uploads\/2019\/07\/cc6a00b9-weg-lucro-liquido-400x200.webp\">\n\t\t\t\t<img loading=\"lazy\" decoding=\"async\" class=\"newsContent__article__imgCapa lazyloadDisabled newsContent__article__imgCapa--noCaption\" src=\"https:\/\/files.sunoresearch.com.br\/n\/uploads\/2019\/07\/cc6a00b9-weg-lucro-liquido-jpg.webp\" width=\"800\" height=\"450\" alt=\"WEG (WEGE3) dispara ap\u00f3s balan\u00e7o; Qualicorp despenca pelo 2\u00ba dia consecutivo\" fetchpriority=high \/>\n\t\t\t<\/picture>\n\n\t\t\t<figcaption class=\"wp-caption-text wp-caption-text--hide\">Weg (WEGE3) anuncia pagamento de JCP. (Foto: Divulga\u00e7\u00e3o)<\/figcaption>\n\t\t<\/figure>\n\t<\/div>\n\n\n\n<p>Em seu balan\u00e7o, a Weg informou que, de abril a junho deste ano, a margem l\u00edquida da empresa foi de 12,7%, 0,9 pontos percentuais acima do registrado durante o mesmo intervalo de 2019. A <a href=\"https:\/\/www.suno.com.br\/artigos\/receita-liquida-operacional\/\">receita operacional l\u00edquida<\/a> teve alta 23,7%, para R$ 4,06 bilh\u00f5es, frente a R$ 3,28 bilh\u00f5es na compara\u00e7\u00e3o anualizada.<\/p>\n<p>O <a href=\"https:\/\/www.suno.com.br\/artigos\/ebitda\/\"><strong>Ebitda<\/strong> (lucro antes de juros, impostos, deprecia\u00e7\u00e3o e amortiza\u00e7\u00e3o)<\/a> aumentou 36,3% em rela\u00e7\u00e3o ao ano passado, passando de R$ 537,20 milh\u00f5es para R$ 732,22 milh\u00f5es. A margem Ebitda cresceu 1,7 pontos percentuais, indo a 18%.<\/p>\n<p><a href=\"https:\/\/lp.suno.com.br\/suno-one\/\">No Suno One voc\u00ea aprende a fazer seu dinheiro trabalhar para voc\u00ea. Cadastre-se gratuitamente agora!<\/a><\/p>\n<p><iframe loading=\"lazy\" src=\"https:\/\/www.youtube.com\/embed\/4IA6-vbj9yE\" width=\"560\" height=\"315\" frameborder=\"0\" allowfullscreen=\"allowfullscreen\"><\/iframe><\/p>\n<h2>Qualicorp opera em queda pelo segundo dia consecutivo<\/h2>\n<p>A Qualicorp figura entre as maiores baixas do Ibovespa nesta quarta-feira. Por volta das 11h59, a empresa operava com varia\u00e7\u00e3o negativa de 4,36% e tinha seus pap\u00e9is negociados a R$ 28,51.<\/p>\n<p>Na \u00faltima ter\u00e7a-feira (21), o ex-diretor da Alian\u00e7a, empresa da Qualicorp, Elon Gomes de Almeida, admitiu o pagamento de aproximadamente R$ 5 milh\u00f5es para o caixa dois \u00e0 campanha do senador Jos\u00e9 Serra (PSDB-SP) em 2014.<\/p>\n<p>Almeida, que era diretor-presidente da empresa Alian\u00e7a, fechou acordo de dela\u00e7\u00e3o premiada com a Justi\u00e7a Eleitoral de S\u00e3o Paulo. A dela\u00e7\u00e3o, de acordo com informa\u00e7\u00f5es do jornal &#8220;O Globo&#8221;, foi base para a opera\u00e7\u00e3o da Pol\u00edcia Federal (PF) e do Minist\u00e9rio P\u00fablico Eleitoral (MPE) que prendeu o fundador e ex-presidente da Qualicorp, Jos\u00e9 Seripieri J\u00fanior, na manh\u00e3 da \u00faltima ter\u00e7a-feira (21).<\/p>\n<p>Com todos esses imbr\u00f3glios, os pap\u00e9is da Qualicorp na \u00faltima ter\u00e7a fecharam o preg\u00e3o em queda de 6,41%, negociados a R$ 29,81.<\/p>\n<h2>Cota\u00e7\u00e3o atual da Weg e da Qualicorp<\/h2>\n<p>Por volta das 12h08, a Qualicorp operava em queda de 4,7% no Ibovespa, cotada a R$ 28,41. J\u00e1 a <strong>Weg<\/strong> operava como a maior alta da bolsa de valores de S\u00e3o Paulo, cotada a R$ 66,75, variando positivamente 11,47%.<\/p>\n\n","protected":false},"excerpt":{"rendered":"<p>A Weg (WEGE3) operava em alta de 11,62%, por volta das 11h28 (hor\u00e1rio de Bras\u00edlia) desta quarta-feira (22), no principal \u00edndice acion\u00e1rio da Bolsa de Valores de S\u00e3o Paulo (Ibovespa). A empresa divulgou seu balan\u00e7o nesta manh\u00e3 e teve um lucro 32,2% maior, no segundo trimestre de 2020, do que o apresentado no mesmo per\u00edodo [&hellip;]<\/p>\n","protected":false},"author":19,"featured_media":31989,"comment_status":"closed","ping_status":"closed","sticky":false,"template":"","format":"standard","meta":[],"categories":[64],"tags":[611,681],"suno_strategy":[],"class_list":["post-74314","post","type-post","status-publish","format-standard","has-post-thumbnail","hentry","category-negocios","tag-qualicorp-qual3","tag-weg-wege3"],"yoast_head":"<!-- This site is optimized with the Yoast SEO plugin v24.4 - https:\/\/yoast.com\/wordpress\/plugins\/seo\/ -->\n<title>WEG (WEGE3) dispara ap\u00f3s balan\u00e7o; Qualicorp despenca novamente<\/title>\n<meta name=\"description\" content=\"Ap\u00f3s a divulga\u00e7\u00e3o de seu balan\u00e7o, a WEG opera em forte alta na bolsa. Em contrapartida, a Qualicorp despenca pelo 2\u00ba dia seguido.\" \/>\n<meta name=\"robots\" content=\"index, follow, max-snippet:-1, max-image-preview:large, max-video-preview:-1\" \/>\n<link rel=\"canonical\" href=\"https:\/\/www.suno.com.br\/noticias\/weg-dispara-balanco-qualicorp-despenca-2o-dia-seguido\/\" \/>\n<meta property=\"og:locale\" content=\"pt_BR\" \/>\n<meta property=\"og:type\" content=\"article\" \/>\n<meta property=\"og:title\" content=\"WEG (WEGE3) dispara ap\u00f3s balan\u00e7o; Qualicorp despenca novamente\" \/>\n<meta property=\"og:description\" content=\"Ap\u00f3s a divulga\u00e7\u00e3o de seu balan\u00e7o, a WEG opera em forte alta na bolsa. Em contrapartida, a Qualicorp despenca pelo 2\u00ba dia seguido.\" \/>\n<meta property=\"og:url\" content=\"https:\/\/www.suno.com.br\/noticias\/weg-dispara-balanco-qualicorp-despenca-2o-dia-seguido\/\" \/>\n<meta property=\"og:site_name\" content=\"Suno Not\u00edcias\" \/>\n<meta property=\"article:publisher\" content=\"https:\/\/facebook.com\/sunoresearch\" \/>\n<meta property=\"og:image\" content=\"https:\/\/files.sunoresearch.com.br\/n\/uploads\/2019\/07\/cc6a00b9-weg-lucro-liquido.jpg\" \/>\n\t<meta property=\"og:image:width\" content=\"600\" \/>\n\t<meta property=\"og:image:height\" content=\"400\" \/>\n\t<meta property=\"og:image:type\" content=\"image\/jpeg\" \/>\n<meta name=\"author\" content=\"Juliano Passaro\" \/>\n<meta name=\"twitter:card\" content=\"summary_large_image\" \/>\n<meta name=\"twitter:creator\" content=\"@sunoresearch\" \/>\n<meta name=\"twitter:site\" content=\"@sunoresearch\" \/>\n<meta name=\"twitter:label1\" content=\"Escrito por\" \/>\n\t<meta name=\"twitter:data1\" content=\"Juliano Passaro\" \/>\n\t<meta name=\"twitter:label2\" content=\"Est. tempo de leitura\" \/>\n\t<meta name=\"twitter:data2\" content=\"2 minutos\" \/>\n<script type=\"application\/ld+json\" class=\"yoast-schema-graph\">{\"@context\":\"https:\/\/schema.org\",\"@graph\":[{\"@type\":\"NewsArticle\",\"@id\":\"https:\/\/www.suno.com.br\/noticias\/weg-dispara-balanco-qualicorp-despenca-2o-dia-seguido\/#article\",\"isPartOf\":{\"@id\":\"https:\/\/www.suno.com.br\/noticias\/weg-dispara-balanco-qualicorp-despenca-2o-dia-seguido\/\"},\"author\":{\"name\":\"Juliano Passaro\",\"@id\":\"https:\/\/www.suno.com.br\/noticias\/#\/schema\/person\/1db762f78ffd8919a648a63e425953e3\"},\"headline\":\"WEG (WEGE3) dispara ap\u00f3s balan\u00e7o; Qualicorp despenca pelo 2\u00ba dia consecutivo\",\"datePublished\":\"2020-07-22T15:16:02+00:00\",\"dateModified\":\"2020-07-22T23:48:16+00:00\",\"mainEntityOfPage\":{\"@id\":\"https:\/\/www.suno.com.br\/noticias\/weg-dispara-balanco-qualicorp-despenca-2o-dia-seguido\/\"},\"wordCount\":416,\"publisher\":{\"@id\":\"https:\/\/www.suno.com.br\/noticias\/#organization\"},\"image\":{\"@id\":\"https:\/\/www.suno.com.br\/noticias\/weg-dispara-balanco-qualicorp-despenca-2o-dia-seguido\/#primaryimage\"},\"thumbnailUrl\":\"https:\/\/files.sunoresearch.com.br\/n\/uploads\/2019\/07\/cc6a00b9-weg-lucro-liquido-jpg.webp\",\"keywords\":[\"Qualicorp (QUAL3)\",\"Weg (WEGE3)\"],\"articleSection\":[\"Neg\u00f3cios\"],\"inLanguage\":\"pt-BR\"},{\"@type\":\"WebPage\",\"@id\":\"https:\/\/www.suno.com.br\/noticias\/weg-dispara-balanco-qualicorp-despenca-2o-dia-seguido\/\",\"url\":\"https:\/\/www.suno.com.br\/noticias\/weg-dispara-balanco-qualicorp-despenca-2o-dia-seguido\/\",\"name\":\"WEG (WEGE3) dispara ap\u00f3s balan\u00e7o; Qualicorp despenca novamente\",\"isPartOf\":{\"@id\":\"https:\/\/www.suno.com.br\/noticias\/#website\"},\"primaryImageOfPage\":{\"@id\":\"https:\/\/www.suno.com.br\/noticias\/weg-dispara-balanco-qualicorp-despenca-2o-dia-seguido\/#primaryimage\"},\"image\":{\"@id\":\"https:\/\/www.suno.com.br\/noticias\/weg-dispara-balanco-qualicorp-despenca-2o-dia-seguido\/#primaryimage\"},\"thumbnailUrl\":\"https:\/\/files.sunoresearch.com.br\/n\/uploads\/2019\/07\/cc6a00b9-weg-lucro-liquido-jpg.webp\",\"datePublished\":\"2020-07-22T15:16:02+00:00\",\"dateModified\":\"2020-07-22T23:48:16+00:00\",\"description\":\"Ap\u00f3s a divulga\u00e7\u00e3o de seu balan\u00e7o, a WEG opera em forte alta na bolsa. Em contrapartida, a Qualicorp despenca pelo 2\u00ba dia seguido.\",\"breadcrumb\":{\"@id\":\"https:\/\/www.suno.com.br\/noticias\/weg-dispara-balanco-qualicorp-despenca-2o-dia-seguido\/#breadcrumb\"},\"inLanguage\":\"pt-BR\",\"potentialAction\":[{\"@type\":\"ReadAction\",\"target\":[\"https:\/\/www.suno.com.br\/noticias\/weg-dispara-balanco-qualicorp-despenca-2o-dia-seguido\/\"]}]},{\"@type\":\"ImageObject\",\"inLanguage\":\"pt-BR\",\"@id\":\"https:\/\/www.suno.com.br\/noticias\/weg-dispara-balanco-qualicorp-despenca-2o-dia-seguido\/#primaryimage\",\"url\":\"https:\/\/files.sunoresearch.com.br\/n\/uploads\/2019\/07\/cc6a00b9-weg-lucro-liquido-jpg.webp\",\"contentUrl\":\"https:\/\/files.sunoresearch.com.br\/n\/uploads\/2019\/07\/cc6a00b9-weg-lucro-liquido-jpg.webp\",\"width\":600,\"height\":400,\"caption\":\"Weg (WEGE3) anuncia pagamento de JCP. (Foto: Divulga\u00e7\u00e3o)\"},{\"@type\":\"BreadcrumbList\",\"@id\":\"https:\/\/www.suno.com.br\/noticias\/weg-dispara-balanco-qualicorp-despenca-2o-dia-seguido\/#breadcrumb\",\"itemListElement\":[{\"@type\":\"ListItem\",\"position\":1,\"name\":\"Not\u00edcias\",\"item\":\"https:\/\/www.suno.com.br\/noticias\/\"},{\"@type\":\"ListItem\",\"position\":2,\"name\":\"Neg\u00f3cios\",\"item\":\"https:\/\/www.suno.com.br\/noticias\/negocios\/\"},{\"@type\":\"ListItem\",\"position\":3,\"name\":\"WEG (WEGE3) dispara ap\u00f3s balan\u00e7o; Qualicorp despenca pelo 2\u00ba dia consecutivo\"}]},{\"@type\":\"WebSite\",\"@id\":\"https:\/\/www.suno.com.br\/noticias\/#website\",\"url\":\"https:\/\/www.suno.com.br\/noticias\/\",\"name\":\"Suno Not\u00edcias\",\"description\":\"Seu portal de informa\u00e7\u00e3o sobre o mundo dos investimentos\",\"publisher\":{\"@id\":\"https:\/\/www.suno.com.br\/noticias\/#organization\"},\"potentialAction\":[{\"@type\":\"SearchAction\",\"target\":{\"@type\":\"EntryPoint\",\"urlTemplate\":\"https:\/\/www.suno.com.br\/noticias\/?s={search_term_string}\"},\"query-input\":{\"@type\":\"PropertyValueSpecification\",\"valueRequired\":true,\"valueName\":\"search_term_string\"}}],\"inLanguage\":\"pt-BR\"},{\"@type\":\"Organization\",\"@id\":\"https:\/\/www.suno.com.br\/noticias\/#organization\",\"name\":\"Suno Not\u00edcias\",\"url\":\"https:\/\/www.suno.com.br\/noticias\/\",\"logo\":{\"@type\":\"ImageObject\",\"inLanguage\":\"pt-BR\",\"@id\":\"https:\/\/www.suno.com.br\/noticias\/#\/schema\/logo\/image\/\",\"url\":\"https:\/\/files.sunoresearch.com.br\/n\/uploads\/2021\/09\/suno-logo.png\",\"contentUrl\":\"https:\/\/files.sunoresearch.com.br\/n\/uploads\/2021\/09\/suno-logo.png\",\"width\":180,\"height\":180,\"caption\":\"Suno Not\u00edcias\"},\"image\":{\"@id\":\"https:\/\/www.suno.com.br\/noticias\/#\/schema\/logo\/image\/\"},\"sameAs\":[\"https:\/\/facebook.com\/sunoresearch\",\"https:\/\/x.com\/sunoresearch\",\"https:\/\/www.instagram.com\/suno\",\"https:\/\/www.linkedin.com\/company\/suno-research\/\",\"https:\/\/www.youtube.com\/c\/sunoresearch\"]},{\"@type\":\"Person\",\"@id\":\"https:\/\/www.suno.com.br\/noticias\/#\/schema\/person\/1db762f78ffd8919a648a63e425953e3\",\"name\":\"Juliano Passaro\",\"image\":{\"@type\":\"ImageObject\",\"inLanguage\":\"pt-BR\",\"@id\":\"https:\/\/www.suno.com.br\/noticias\/#\/schema\/person\/image\/\",\"url\":\"https:\/\/secure.gravatar.com\/avatar\/743d4df28eebf6dcc46b4ad03c319e92?s=96&r=g\",\"contentUrl\":\"https:\/\/secure.gravatar.com\/avatar\/743d4df28eebf6dcc46b4ad03c319e92?s=96&r=g\",\"caption\":\"Juliano Passaro\"},\"description\":\"Juliano Passaro escreve sobre pol\u00edtica, economia e neg\u00f3cios para o portal da Suno Research. Antes da Suno, trabalhou no Portal da Band. \u00c9 formado em jornalismo pela Universidade Presbiteriana Mackenzie.\",\"url\":\"https:\/\/www.suno.com.br\/noticias\/author\/juliano\/\"}]}<\/script>\n<!-- \/ Yoast SEO plugin. -->","yoast_head_json":{"title":"WEG (WEGE3) dispara ap\u00f3s balan\u00e7o; Qualicorp despenca novamente","description":"Ap\u00f3s a divulga\u00e7\u00e3o de seu balan\u00e7o, a WEG opera em forte alta na bolsa. Em contrapartida, a Qualicorp despenca pelo 2\u00ba dia seguido.","robots":{"index":"index","follow":"follow","max-snippet":"max-snippet:-1","max-image-preview":"max-image-preview:large","max-video-preview":"max-video-preview:-1"},"canonical":"https:\/\/www.suno.com.br\/noticias\/weg-dispara-balanco-qualicorp-despenca-2o-dia-seguido\/","og_locale":"pt_BR","og_type":"article","og_title":"WEG (WEGE3) dispara ap\u00f3s balan\u00e7o; Qualicorp despenca novamente","og_description":"Ap\u00f3s a divulga\u00e7\u00e3o de seu balan\u00e7o, a WEG opera em forte alta na bolsa. Em contrapartida, a Qualicorp despenca pelo 2\u00ba dia seguido.","og_url":"https:\/\/www.suno.com.br\/noticias\/weg-dispara-balanco-qualicorp-despenca-2o-dia-seguido\/","og_site_name":"Suno Not\u00edcias","article_publisher":"https:\/\/facebook.com\/sunoresearch","og_image":[{"width":600,"height":400,"url":"https:\/\/files.sunoresearch.com.br\/n\/uploads\/2019\/07\/cc6a00b9-weg-lucro-liquido.jpg","type":"image\/jpeg"}],"author":"Juliano Passaro","twitter_card":"summary_large_image","twitter_creator":"@sunoresearch","twitter_site":"@sunoresearch","twitter_misc":{"Escrito por":"Juliano Passaro","Est. tempo de leitura":"2 minutos"},"schema":{"@context":"https:\/\/schema.org","@graph":[{"@type":"NewsArticle","@id":"https:\/\/www.suno.com.br\/noticias\/weg-dispara-balanco-qualicorp-despenca-2o-dia-seguido\/#article","isPartOf":{"@id":"https:\/\/www.suno.com.br\/noticias\/weg-dispara-balanco-qualicorp-despenca-2o-dia-seguido\/"},"author":{"name":"Juliano Passaro","@id":"https:\/\/www.suno.com.br\/noticias\/#\/schema\/person\/1db762f78ffd8919a648a63e425953e3"},"headline":"WEG (WEGE3) dispara ap\u00f3s balan\u00e7o; Qualicorp despenca pelo 2\u00ba dia consecutivo","datePublished":"2020-07-22T15:16:02+00:00","dateModified":"2020-07-22T23:48:16+00:00","mainEntityOfPage":{"@id":"https:\/\/www.suno.com.br\/noticias\/weg-dispara-balanco-qualicorp-despenca-2o-dia-seguido\/"},"wordCount":416,"publisher":{"@id":"https:\/\/www.suno.com.br\/noticias\/#organization"},"image":{"@id":"https:\/\/www.suno.com.br\/noticias\/weg-dispara-balanco-qualicorp-despenca-2o-dia-seguido\/#primaryimage"},"thumbnailUrl":"https:\/\/files.sunoresearch.com.br\/n\/uploads\/2019\/07\/cc6a00b9-weg-lucro-liquido-jpg.webp","keywords":["Qualicorp (QUAL3)","Weg (WEGE3)"],"articleSection":["Neg\u00f3cios"],"inLanguage":"pt-BR"},{"@type":"WebPage","@id":"https:\/\/www.suno.com.br\/noticias\/weg-dispara-balanco-qualicorp-despenca-2o-dia-seguido\/","url":"https:\/\/www.suno.com.br\/noticias\/weg-dispara-balanco-qualicorp-despenca-2o-dia-seguido\/","name":"WEG (WEGE3) dispara ap\u00f3s balan\u00e7o; Qualicorp despenca novamente","isPartOf":{"@id":"https:\/\/www.suno.com.br\/noticias\/#website"},"primaryImageOfPage":{"@id":"https:\/\/www.suno.com.br\/noticias\/weg-dispara-balanco-qualicorp-despenca-2o-dia-seguido\/#primaryimage"},"image":{"@id":"https:\/\/www.suno.com.br\/noticias\/weg-dispara-balanco-qualicorp-despenca-2o-dia-seguido\/#primaryimage"},"thumbnailUrl":"https:\/\/files.sunoresearch.com.br\/n\/uploads\/2019\/07\/cc6a00b9-weg-lucro-liquido-jpg.webp","datePublished":"2020-07-22T15:16:02+00:00","dateModified":"2020-07-22T23:48:16+00:00","description":"Ap\u00f3s a divulga\u00e7\u00e3o de seu balan\u00e7o, a WEG opera em forte alta na bolsa. Em contrapartida, a Qualicorp despenca pelo 2\u00ba dia seguido.","breadcrumb":{"@id":"https:\/\/www.suno.com.br\/noticias\/weg-dispara-balanco-qualicorp-despenca-2o-dia-seguido\/#breadcrumb"},"inLanguage":"pt-BR","potentialAction":[{"@type":"ReadAction","target":["https:\/\/www.suno.com.br\/noticias\/weg-dispara-balanco-qualicorp-despenca-2o-dia-seguido\/"]}]},{"@type":"ImageObject","inLanguage":"pt-BR","@id":"https:\/\/www.suno.com.br\/noticias\/weg-dispara-balanco-qualicorp-despenca-2o-dia-seguido\/#primaryimage","url":"https:\/\/files.sunoresearch.com.br\/n\/uploads\/2019\/07\/cc6a00b9-weg-lucro-liquido-jpg.webp","contentUrl":"https:\/\/files.sunoresearch.com.br\/n\/uploads\/2019\/07\/cc6a00b9-weg-lucro-liquido-jpg.webp","width":600,"height":400,"caption":"Weg (WEGE3) anuncia pagamento de JCP. (Foto: Divulga\u00e7\u00e3o)"},{"@type":"BreadcrumbList","@id":"https:\/\/www.suno.com.br\/noticias\/weg-dispara-balanco-qualicorp-despenca-2o-dia-seguido\/#breadcrumb","itemListElement":[{"@type":"ListItem","position":1,"name":"Not\u00edcias","item":"https:\/\/www.suno.com.br\/noticias\/"},{"@type":"ListItem","position":2,"name":"Neg\u00f3cios","item":"https:\/\/www.suno.com.br\/noticias\/negocios\/"},{"@type":"ListItem","position":3,"name":"WEG (WEGE3) dispara ap\u00f3s balan\u00e7o; Qualicorp despenca pelo 2\u00ba dia consecutivo"}]},{"@type":"WebSite","@id":"https:\/\/www.suno.com.br\/noticias\/#website","url":"https:\/\/www.suno.com.br\/noticias\/","name":"Suno Not\u00edcias","description":"Seu portal de informa\u00e7\u00e3o sobre o mundo dos investimentos","publisher":{"@id":"https:\/\/www.suno.com.br\/noticias\/#organization"},"potentialAction":[{"@type":"SearchAction","target":{"@type":"EntryPoint","urlTemplate":"https:\/\/www.suno.com.br\/noticias\/?s={search_term_string}"},"query-input":{"@type":"PropertyValueSpecification","valueRequired":true,"valueName":"search_term_string"}}],"inLanguage":"pt-BR"},{"@type":"Organization","@id":"https:\/\/www.suno.com.br\/noticias\/#organization","name":"Suno Not\u00edcias","url":"https:\/\/www.suno.com.br\/noticias\/","logo":{"@type":"ImageObject","inLanguage":"pt-BR","@id":"https:\/\/www.suno.com.br\/noticias\/#\/schema\/logo\/image\/","url":"https:\/\/files.sunoresearch.com.br\/n\/uploads\/2021\/09\/suno-logo.png","contentUrl":"https:\/\/files.sunoresearch.com.br\/n\/uploads\/2021\/09\/suno-logo.png","width":180,"height":180,"caption":"Suno Not\u00edcias"},"image":{"@id":"https:\/\/www.suno.com.br\/noticias\/#\/schema\/logo\/image\/"},"sameAs":["https:\/\/facebook.com\/sunoresearch","https:\/\/x.com\/sunoresearch","https:\/\/www.instagram.com\/suno","https:\/\/www.linkedin.com\/company\/suno-research\/","https:\/\/www.youtube.com\/c\/sunoresearch"]},{"@type":"Person","@id":"https:\/\/www.suno.com.br\/noticias\/#\/schema\/person\/1db762f78ffd8919a648a63e425953e3","name":"Juliano Passaro","image":{"@type":"ImageObject","inLanguage":"pt-BR","@id":"https:\/\/www.suno.com.br\/noticias\/#\/schema\/person\/image\/","url":"https:\/\/secure.gravatar.com\/avatar\/743d4df28eebf6dcc46b4ad03c319e92?s=96&r=g","contentUrl":"https:\/\/secure.gravatar.com\/avatar\/743d4df28eebf6dcc46b4ad03c319e92?s=96&r=g","caption":"Juliano Passaro"},"description":"Juliano Passaro escreve sobre pol\u00edtica, economia e neg\u00f3cios para o portal da Suno Research. Antes da Suno, trabalhou no Portal da Band. \u00c9 formado em jornalismo pela Universidade Presbiteriana Mackenzie.","url":"https:\/\/www.suno.com.br\/noticias\/author\/juliano\/"}]}},"default_loop_html":"<div class=\"cardsPage__listCard__boxs\"><div class=\"cardsPage__listCard__boxs__img\"><a href=\"https:\/\/www.suno.com.br\/noticias\/weg-dispara-balanco-qualicorp-despenca-2o-dia-seguido\/\"><img class=\"mask\" src=\"https:\/\/www.suno.com.br\/noticias\/wp-content\/themes\/suno\/resources\/images\/spotlight\/spotlight1img\/bg-mask.png\" alt=\"Image Mask\"\/><img src=\"https:\/\/files.sunoresearch.com.br\/n\/uploads\/2019\/07\/cc6a00b9-weg-lucro-liquido-400x200.webp\" alt=\"WEG (WEGE3) dispara ap\u00f3s balan\u00e7o; Qualicorp despenca pelo 2\u00ba dia consecutivo\"\/><\/a><span class=\"spotlightCategory\"><a href=\"https:\/\/www.suno.com.br\/noticias\/negocios\/\">Neg\u00f3cios<\/a><\/span><\/div><div class=\"cardsPage__listCard__boxs__content\"><a href=\"https:\/\/www.suno.com.br\/noticias\/weg-dispara-balanco-qualicorp-despenca-2o-dia-seguido\/\"><h2 class=\"content__title\">WEG (WEGE3) dispara ap\u00f3s balan\u00e7o; Qualicorp despenca pelo 2\u00ba dia consecutivo<\/h2><\/a><div class=\"newsContent__article__meta\"><div class=\"newsContent__article__meta__authorBox\"><a href=\"https:\/\/www.suno.com.br\/noticias\/author\/juliano\/\" class=\"authorBox__avatar noMobi\"><img src=\"https:\/\/files.sunoresearch.com.br\/n\/uploads\/2019\/06\/7cc3efea-whatsapp-image-2019-07-18-at-21.59.33-e1563499821209-150x150.webp\" alt=\"Juliano Passaro\"><\/a><div class=\"authorBox__name\"><span>por\n\t\t\t<a href=\"https:\/\/www.suno.com.br\/noticias\/author\/juliano\/\"><span itemprop=\"author\">Juliano Passaro<\/span><\/a><\/span><time datetime=\"2020-07-22T12:16:02-03:00\" itemprop=\"datePublished\">22\/07\/2020 12:16<\/time><\/div><\/div><\/div><\/div><\/div>","single_layout":"posts","amp_enabled":true,"_links":{"self":[{"href":"https:\/\/www.suno.com.br\/noticias\/wp-json\/wp\/v2\/posts\/74314"}],"collection":[{"href":"https:\/\/www.suno.com.br\/noticias\/wp-json\/wp\/v2\/posts"}],"about":[{"href":"https:\/\/www.suno.com.br\/noticias\/wp-json\/wp\/v2\/types\/post"}],"author":[{"embeddable":true,"href":"https:\/\/www.suno.com.br\/noticias\/wp-json\/wp\/v2\/users\/19"}],"replies":[{"embeddable":true,"href":"https:\/\/www.suno.com.br\/noticias\/wp-json\/wp\/v2\/comments?post=74314"}],"version-history":[{"count":0,"href":"https:\/\/www.suno.com.br\/noticias\/wp-json\/wp\/v2\/posts\/74314\/revisions"}],"wp:featuredmedia":[{"embeddable":true,"href":"https:\/\/www.suno.com.br\/noticias\/wp-json\/wp\/v2\/media\/31989"}],"wp:attachment":[{"href":"https:\/\/www.suno.com.br\/noticias\/wp-json\/wp\/v2\/media?parent=74314"}],"wp:term":[{"taxonomy":"category","embeddable":true,"href":"https:\/\/www.suno.com.br\/noticias\/wp-json\/wp\/v2\/categories?post=74314"},{"taxonomy":"post_tag","embeddable":true,"href":"https:\/\/www.suno.com.br\/noticias\/wp-json\/wp\/v2\/tags?post=74314"},{"taxonomy":"suno_strategy","embeddable":true,"href":"https:\/\/www.suno.com.br\/noticias\/wp-json\/wp\/v2\/suno_strategy?post=74314"}],"curies":[{"name":"wp","href":"https:\/\/api.w.org\/{rel}","templated":true}]}}