{"id":74160,"date":"2020-07-21T15:10:45","date_gmt":"2020-07-21T18:10:45","guid":{"rendered":"https:\/\/www.suno.com.br\/noticias\/?p=74160"},"modified":"2020-07-21T15:10:45","modified_gmt":"2020-07-21T18:10:45","slug":"coronavirus-aprovacao-vacina-2020-regulador-ue","status":"publish","type":"post","link":"https:\/\/www.suno.com.br\/noticias\/coronavirus-aprovacao-vacina-2020-regulador-ue\/","title":{"rendered":"Coronav\u00edrus: vacina pode ser aprovada neste ano, diz regulador da UE"},"content":{"rendered":"<p>O respons\u00e1vel por anti-infecciosos e vacinas da Ag\u00eancia Europeia de Medicamentos (EMA, em ingl\u00eas), Marcos Cavaleri, afirmou nesta ter\u00e7a-feira (21) que os \u00f3rg\u00e3os reguladores europeus podem aprovar a primeira vacina contra o <strong>coronav\u00edrus<\/strong> (Covid-19) ainda neste ano. Isso pode acontecer por conta dos resultados promissores de diversos testes que foram feitos por farmac\u00eauticas recentemente. As informa\u00e7\u00f5es s\u00e3o da ag\u00eancia &#8220;Bloomberg&#8221;.<\/p>\t<div class=\"wrapper-featured-image\">\n\t\t<figure class=\"spotlightImg\">\n\n\t\t\t<picture>\n\t\t\t\t<source media=\"(max-width: 768px)\" srcset=\"https:\/\/files.sunoresearch.com.br\/n\/uploads\/2020\/06\/f861ca78-vacina-400x200.webp\">\n\t\t\t\t<img loading=\"lazy\" decoding=\"async\" class=\"newsContent__article__imgCapa lazyloadDisabled newsContent__article__imgCapa--noCaption\" src=\"https:\/\/files.sunoresearch.com.br\/n\/uploads\/2020\/06\/f861ca78-vacina-800x450.webp\" width=\"800\" height=\"450\" alt=\"Coronav\u00edrus: vacina pode ser aprovada neste ano, diz regulador da UE\" fetchpriority=high \/>\n\t\t\t<\/picture>\n\n\t\t\t<figcaption class=\"wp-caption-text wp-caption-text--hide\">Vacina<\/figcaption>\n\t\t<\/figure>\n\t<\/div>\n\n\n\n<p>\u201cEstamos nos preparando para essa possibilidade, para que n\u00f3s, como reguladores, estejamos prontos. Ser\u00e1 uma quest\u00e3o de ver se esses dados podem ser suficientes para permitir qualquer tipo de aprova\u00e7\u00e3o at\u00e9 o final de 2020\u201d, afirmou Cavaleri em entrevista publicada pela ag\u00eancia.<\/p>\n<p>A EMA pretende avaliar os dados dos ensaios, as decis\u00f5es cl\u00ednicas e de fabrica\u00e7\u00e3o em tempo real para tornar o processo de aprova\u00e7\u00e3o ainda mais r\u00e1pido.<\/p>\n<p><a href=\"https:\/\/lp.suno.com.br\/suno-one\/\">Saiba mais: No Suno One voc\u00ea aprende a fazer seu dinheiro trabalhar para voc\u00ea. Cadastre-se gratuitamente agora!<\/a><\/p>\n<p>As expectativas para o lan\u00e7amento da vacina contra o coronav\u00edrus aumentaram ap\u00f3s a Universidade de Oxford e a AstraZeneca divulgarem que os resultados das fases iniciais foram promissores, e os primeiros testes em humanos se mostraram seguros e eficazes.<\/p>\n<p>A Pfizer junto a BioNTech tamb\u00e9m anunciou dados positivos em rela\u00e7\u00e3o aos resultados de outra vacina contra o coronav\u00edrus. Al\u00e9m disso, a chinesa CanSino Biologics tamb\u00e9m afirmou que seus ensaios com a vacina est\u00e3o dando bons resultados.<\/p>\n<p>O CEO da AstraZeneca, Pascal Soriot, afirmou que a companhia pode fornecer uma vacina contra a <a href=\"https:\/\/www.suno.com.br\/noticias\/tags\/coronavirus\/\">Covid-19<\/a> at\u00e9 o fim deste ano. Vale destacar que a primeira vacina aprovada dever\u00e1 ser disponibilizada, no primeiro momento, somente para adultos.<\/p>\n<p>Segundo Cavaleri, isso ocorrer\u00e1 porque os testes com crian\u00e7as levam mais tempo e elas n\u00e3o s\u00e3o t\u00e3o vulner\u00e1veis a doen\u00e7a quanto os adultos. O respons\u00e1vel por anti-infecciosos da EMA ainda disse que ser\u00e3o necess\u00e1rias mais pesquisas sobre a transmiss\u00e3o da doen\u00e7a em crian\u00e7as.<\/p>\n<p>Sobre a efic\u00e1cia da vacina contra o coronav\u00edrus, Cavaleri afirmou que ainda \u00e9 dif\u00edcil definir isso. \u201cTemos que analisar o risco-benef\u00edcio das vacinas quando os dados estiverem dispon\u00edveis e isso exclui a possibilidade de sermos t\u00e3o categ\u00f3ricos sobre o que ser\u00e1 um n\u00edvel m\u00ednimo aceit\u00e1vel de efic\u00e1cia&#8221;, disse.<\/p>\n\n","protected":false},"excerpt":{"rendered":"<p>O respons\u00e1vel por anti-infecciosos e vacinas da Ag\u00eancia Europeia de Medicamentos (EMA, em ingl\u00eas), Marcos Cavaleri, afirmou nesta ter\u00e7a-feira (21) que os \u00f3rg\u00e3os reguladores europeus podem aprovar a primeira vacina contra o coronav\u00edrus (Covid-19) ainda neste ano. Isso pode acontecer por conta dos resultados promissores de diversos testes que foram feitos por farmac\u00eauticas recentemente. As [&hellip;]<\/p>\n","protected":false},"author":19,"featured_media":68794,"comment_status":"closed","ping_status":"closed","sticky":false,"template":"","format":"standard","meta":[],"categories":[64],"tags":[2487,5255,25002],"suno_strategy":[],"class_list":["post-74160","post","type-post","status-publish","format-standard","has-post-thumbnail","hentry","category-negocios","tag-coronavirus","tag-covid-19","tag-vacina"],"yoast_head":"<!-- This site is optimized with the Yoast SEO plugin v24.4 - https:\/\/yoast.com\/wordpress\/plugins\/seo\/ -->\n<title>Coronav\u00edrus: vacina pode ser aprovada neste ano, diz regulador da UE<\/title>\n<meta name=\"description\" content=\"Os \u00f3rg\u00e3os reguladores europeus podem aprovar a primeira vacina contra o coronav\u00edrus (Covid-19) ainda neste ano. Clique e saiba mais.\" \/>\n<meta name=\"robots\" content=\"index, follow, max-snippet:-1, max-image-preview:large, max-video-preview:-1\" \/>\n<link rel=\"canonical\" href=\"https:\/\/www.suno.com.br\/noticias\/coronavirus-aprovacao-vacina-2020-regulador-ue\/\" \/>\n<meta property=\"og:locale\" content=\"pt_BR\" \/>\n<meta property=\"og:type\" content=\"article\" \/>\n<meta property=\"og:title\" content=\"Coronav\u00edrus: vacina pode ser aprovada neste ano, diz regulador da UE\" \/>\n<meta property=\"og:description\" content=\"Os \u00f3rg\u00e3os reguladores europeus podem aprovar a primeira vacina contra o coronav\u00edrus (Covid-19) ainda neste ano. Clique e saiba mais.\" \/>\n<meta property=\"og:url\" content=\"https:\/\/www.suno.com.br\/noticias\/coronavirus-aprovacao-vacina-2020-regulador-ue\/\" \/>\n<meta property=\"og:site_name\" content=\"Suno Not\u00edcias\" \/>\n<meta property=\"article:publisher\" content=\"https:\/\/facebook.com\/sunoresearch\" \/>\n<meta property=\"og:image\" content=\"https:\/\/files.sunoresearch.com.br\/n\/uploads\/2020\/06\/f861ca78-vacina.jpg\" \/>\n\t<meta property=\"og:image:width\" content=\"1920\" \/>\n\t<meta property=\"og:image:height\" content=\"1272\" \/>\n\t<meta property=\"og:image:type\" content=\"image\/jpeg\" \/>\n<meta name=\"author\" content=\"Juliano Passaro\" \/>\n<meta name=\"twitter:card\" content=\"summary_large_image\" \/>\n<meta name=\"twitter:creator\" content=\"@sunoresearch\" \/>\n<meta name=\"twitter:site\" content=\"@sunoresearch\" \/>\n<meta name=\"twitter:label1\" content=\"Escrito por\" \/>\n\t<meta name=\"twitter:data1\" content=\"Juliano Passaro\" \/>\n\t<meta name=\"twitter:label2\" content=\"Est. tempo de leitura\" \/>\n\t<meta name=\"twitter:data2\" content=\"2 minutos\" \/>\n<script type=\"application\/ld+json\" class=\"yoast-schema-graph\">{\"@context\":\"https:\/\/schema.org\",\"@graph\":[{\"@type\":\"NewsArticle\",\"@id\":\"https:\/\/www.suno.com.br\/noticias\/coronavirus-aprovacao-vacina-2020-regulador-ue\/#article\",\"isPartOf\":{\"@id\":\"https:\/\/www.suno.com.br\/noticias\/coronavirus-aprovacao-vacina-2020-regulador-ue\/\"},\"author\":{\"name\":\"Juliano Passaro\",\"@id\":\"https:\/\/www.suno.com.br\/noticias\/#\/schema\/person\/1db762f78ffd8919a648a63e425953e3\"},\"headline\":\"Coronav\u00edrus: vacina pode ser aprovada neste ano, diz regulador da UE\",\"datePublished\":\"2020-07-21T18:10:45+00:00\",\"mainEntityOfPage\":{\"@id\":\"https:\/\/www.suno.com.br\/noticias\/coronavirus-aprovacao-vacina-2020-regulador-ue\/\"},\"wordCount\":418,\"publisher\":{\"@id\":\"https:\/\/www.suno.com.br\/noticias\/#organization\"},\"image\":{\"@id\":\"https:\/\/www.suno.com.br\/noticias\/coronavirus-aprovacao-vacina-2020-regulador-ue\/#primaryimage\"},\"thumbnailUrl\":\"https:\/\/files.sunoresearch.com.br\/n\/uploads\/2020\/06\/f861ca78-vacina-jpg.webp\",\"keywords\":[\"coronav\u00edrus\",\"covid-19\",\"vacina\"],\"articleSection\":[\"Neg\u00f3cios\"],\"inLanguage\":\"pt-BR\"},{\"@type\":\"WebPage\",\"@id\":\"https:\/\/www.suno.com.br\/noticias\/coronavirus-aprovacao-vacina-2020-regulador-ue\/\",\"url\":\"https:\/\/www.suno.com.br\/noticias\/coronavirus-aprovacao-vacina-2020-regulador-ue\/\",\"name\":\"Coronav\u00edrus: vacina pode ser aprovada neste ano, diz regulador da UE\",\"isPartOf\":{\"@id\":\"https:\/\/www.suno.com.br\/noticias\/#website\"},\"primaryImageOfPage\":{\"@id\":\"https:\/\/www.suno.com.br\/noticias\/coronavirus-aprovacao-vacina-2020-regulador-ue\/#primaryimage\"},\"image\":{\"@id\":\"https:\/\/www.suno.com.br\/noticias\/coronavirus-aprovacao-vacina-2020-regulador-ue\/#primaryimage\"},\"thumbnailUrl\":\"https:\/\/files.sunoresearch.com.br\/n\/uploads\/2020\/06\/f861ca78-vacina-jpg.webp\",\"datePublished\":\"2020-07-21T18:10:45+00:00\",\"description\":\"Os \u00f3rg\u00e3os reguladores europeus podem aprovar a primeira vacina contra o coronav\u00edrus (Covid-19) ainda neste ano. Clique e saiba mais.\",\"breadcrumb\":{\"@id\":\"https:\/\/www.suno.com.br\/noticias\/coronavirus-aprovacao-vacina-2020-regulador-ue\/#breadcrumb\"},\"inLanguage\":\"pt-BR\",\"potentialAction\":[{\"@type\":\"ReadAction\",\"target\":[\"https:\/\/www.suno.com.br\/noticias\/coronavirus-aprovacao-vacina-2020-regulador-ue\/\"]}]},{\"@type\":\"ImageObject\",\"inLanguage\":\"pt-BR\",\"@id\":\"https:\/\/www.suno.com.br\/noticias\/coronavirus-aprovacao-vacina-2020-regulador-ue\/#primaryimage\",\"url\":\"https:\/\/files.sunoresearch.com.br\/n\/uploads\/2020\/06\/f861ca78-vacina-jpg.webp\",\"contentUrl\":\"https:\/\/files.sunoresearch.com.br\/n\/uploads\/2020\/06\/f861ca78-vacina-jpg.webp\",\"width\":1920,\"height\":1272,\"caption\":\"Vacina\"},{\"@type\":\"BreadcrumbList\",\"@id\":\"https:\/\/www.suno.com.br\/noticias\/coronavirus-aprovacao-vacina-2020-regulador-ue\/#breadcrumb\",\"itemListElement\":[{\"@type\":\"ListItem\",\"position\":1,\"name\":\"Not\u00edcias\",\"item\":\"https:\/\/www.suno.com.br\/noticias\/\"},{\"@type\":\"ListItem\",\"position\":2,\"name\":\"Neg\u00f3cios\",\"item\":\"https:\/\/www.suno.com.br\/noticias\/negocios\/\"},{\"@type\":\"ListItem\",\"position\":3,\"name\":\"Coronav\u00edrus: vacina pode ser aprovada neste ano, diz regulador da UE\"}]},{\"@type\":\"WebSite\",\"@id\":\"https:\/\/www.suno.com.br\/noticias\/#website\",\"url\":\"https:\/\/www.suno.com.br\/noticias\/\",\"name\":\"Suno Not\u00edcias\",\"description\":\"Seu portal de informa\u00e7\u00e3o sobre o mundo dos investimentos\",\"publisher\":{\"@id\":\"https:\/\/www.suno.com.br\/noticias\/#organization\"},\"potentialAction\":[{\"@type\":\"SearchAction\",\"target\":{\"@type\":\"EntryPoint\",\"urlTemplate\":\"https:\/\/www.suno.com.br\/noticias\/?s={search_term_string}\"},\"query-input\":{\"@type\":\"PropertyValueSpecification\",\"valueRequired\":true,\"valueName\":\"search_term_string\"}}],\"inLanguage\":\"pt-BR\"},{\"@type\":\"Organization\",\"@id\":\"https:\/\/www.suno.com.br\/noticias\/#organization\",\"name\":\"Suno Not\u00edcias\",\"url\":\"https:\/\/www.suno.com.br\/noticias\/\",\"logo\":{\"@type\":\"ImageObject\",\"inLanguage\":\"pt-BR\",\"@id\":\"https:\/\/www.suno.com.br\/noticias\/#\/schema\/logo\/image\/\",\"url\":\"https:\/\/files.sunoresearch.com.br\/n\/uploads\/2021\/09\/suno-logo.png\",\"contentUrl\":\"https:\/\/files.sunoresearch.com.br\/n\/uploads\/2021\/09\/suno-logo.png\",\"width\":180,\"height\":180,\"caption\":\"Suno Not\u00edcias\"},\"image\":{\"@id\":\"https:\/\/www.suno.com.br\/noticias\/#\/schema\/logo\/image\/\"},\"sameAs\":[\"https:\/\/facebook.com\/sunoresearch\",\"https:\/\/x.com\/sunoresearch\",\"https:\/\/www.instagram.com\/suno\",\"https:\/\/www.linkedin.com\/company\/suno-research\/\",\"https:\/\/www.youtube.com\/c\/sunoresearch\"]},{\"@type\":\"Person\",\"@id\":\"https:\/\/www.suno.com.br\/noticias\/#\/schema\/person\/1db762f78ffd8919a648a63e425953e3\",\"name\":\"Juliano Passaro\",\"image\":{\"@type\":\"ImageObject\",\"inLanguage\":\"pt-BR\",\"@id\":\"https:\/\/www.suno.com.br\/noticias\/#\/schema\/person\/image\/\",\"url\":\"https:\/\/secure.gravatar.com\/avatar\/743d4df28eebf6dcc46b4ad03c319e92?s=96&r=g\",\"contentUrl\":\"https:\/\/secure.gravatar.com\/avatar\/743d4df28eebf6dcc46b4ad03c319e92?s=96&r=g\",\"caption\":\"Juliano Passaro\"},\"description\":\"Juliano Passaro escreve sobre pol\u00edtica, economia e neg\u00f3cios para o portal da Suno Research. Antes da Suno, trabalhou no Portal da Band. \u00c9 formado em jornalismo pela Universidade Presbiteriana Mackenzie.\",\"url\":\"https:\/\/www.suno.com.br\/noticias\/author\/juliano\/\"}]}<\/script>\n<!-- \/ Yoast SEO plugin. -->","yoast_head_json":{"title":"Coronav\u00edrus: vacina pode ser aprovada neste ano, diz regulador da UE","description":"Os \u00f3rg\u00e3os reguladores europeus podem aprovar a primeira vacina contra o coronav\u00edrus (Covid-19) ainda neste ano. Clique e saiba mais.","robots":{"index":"index","follow":"follow","max-snippet":"max-snippet:-1","max-image-preview":"max-image-preview:large","max-video-preview":"max-video-preview:-1"},"canonical":"https:\/\/www.suno.com.br\/noticias\/coronavirus-aprovacao-vacina-2020-regulador-ue\/","og_locale":"pt_BR","og_type":"article","og_title":"Coronav\u00edrus: vacina pode ser aprovada neste ano, diz regulador da UE","og_description":"Os \u00f3rg\u00e3os reguladores europeus podem aprovar a primeira vacina contra o coronav\u00edrus (Covid-19) ainda neste ano. Clique e saiba mais.","og_url":"https:\/\/www.suno.com.br\/noticias\/coronavirus-aprovacao-vacina-2020-regulador-ue\/","og_site_name":"Suno Not\u00edcias","article_publisher":"https:\/\/facebook.com\/sunoresearch","og_image":[{"width":1920,"height":1272,"url":"https:\/\/files.sunoresearch.com.br\/n\/uploads\/2020\/06\/f861ca78-vacina.jpg","type":"image\/jpeg"}],"author":"Juliano Passaro","twitter_card":"summary_large_image","twitter_creator":"@sunoresearch","twitter_site":"@sunoresearch","twitter_misc":{"Escrito por":"Juliano Passaro","Est. tempo de leitura":"2 minutos"},"schema":{"@context":"https:\/\/schema.org","@graph":[{"@type":"NewsArticle","@id":"https:\/\/www.suno.com.br\/noticias\/coronavirus-aprovacao-vacina-2020-regulador-ue\/#article","isPartOf":{"@id":"https:\/\/www.suno.com.br\/noticias\/coronavirus-aprovacao-vacina-2020-regulador-ue\/"},"author":{"name":"Juliano Passaro","@id":"https:\/\/www.suno.com.br\/noticias\/#\/schema\/person\/1db762f78ffd8919a648a63e425953e3"},"headline":"Coronav\u00edrus: vacina pode ser aprovada neste ano, diz regulador da UE","datePublished":"2020-07-21T18:10:45+00:00","mainEntityOfPage":{"@id":"https:\/\/www.suno.com.br\/noticias\/coronavirus-aprovacao-vacina-2020-regulador-ue\/"},"wordCount":418,"publisher":{"@id":"https:\/\/www.suno.com.br\/noticias\/#organization"},"image":{"@id":"https:\/\/www.suno.com.br\/noticias\/coronavirus-aprovacao-vacina-2020-regulador-ue\/#primaryimage"},"thumbnailUrl":"https:\/\/files.sunoresearch.com.br\/n\/uploads\/2020\/06\/f861ca78-vacina-jpg.webp","keywords":["coronav\u00edrus","covid-19","vacina"],"articleSection":["Neg\u00f3cios"],"inLanguage":"pt-BR"},{"@type":"WebPage","@id":"https:\/\/www.suno.com.br\/noticias\/coronavirus-aprovacao-vacina-2020-regulador-ue\/","url":"https:\/\/www.suno.com.br\/noticias\/coronavirus-aprovacao-vacina-2020-regulador-ue\/","name":"Coronav\u00edrus: vacina pode ser aprovada neste ano, diz regulador da UE","isPartOf":{"@id":"https:\/\/www.suno.com.br\/noticias\/#website"},"primaryImageOfPage":{"@id":"https:\/\/www.suno.com.br\/noticias\/coronavirus-aprovacao-vacina-2020-regulador-ue\/#primaryimage"},"image":{"@id":"https:\/\/www.suno.com.br\/noticias\/coronavirus-aprovacao-vacina-2020-regulador-ue\/#primaryimage"},"thumbnailUrl":"https:\/\/files.sunoresearch.com.br\/n\/uploads\/2020\/06\/f861ca78-vacina-jpg.webp","datePublished":"2020-07-21T18:10:45+00:00","description":"Os \u00f3rg\u00e3os reguladores europeus podem aprovar a primeira vacina contra o coronav\u00edrus (Covid-19) ainda neste ano. Clique e saiba mais.","breadcrumb":{"@id":"https:\/\/www.suno.com.br\/noticias\/coronavirus-aprovacao-vacina-2020-regulador-ue\/#breadcrumb"},"inLanguage":"pt-BR","potentialAction":[{"@type":"ReadAction","target":["https:\/\/www.suno.com.br\/noticias\/coronavirus-aprovacao-vacina-2020-regulador-ue\/"]}]},{"@type":"ImageObject","inLanguage":"pt-BR","@id":"https:\/\/www.suno.com.br\/noticias\/coronavirus-aprovacao-vacina-2020-regulador-ue\/#primaryimage","url":"https:\/\/files.sunoresearch.com.br\/n\/uploads\/2020\/06\/f861ca78-vacina-jpg.webp","contentUrl":"https:\/\/files.sunoresearch.com.br\/n\/uploads\/2020\/06\/f861ca78-vacina-jpg.webp","width":1920,"height":1272,"caption":"Vacina"},{"@type":"BreadcrumbList","@id":"https:\/\/www.suno.com.br\/noticias\/coronavirus-aprovacao-vacina-2020-regulador-ue\/#breadcrumb","itemListElement":[{"@type":"ListItem","position":1,"name":"Not\u00edcias","item":"https:\/\/www.suno.com.br\/noticias\/"},{"@type":"ListItem","position":2,"name":"Neg\u00f3cios","item":"https:\/\/www.suno.com.br\/noticias\/negocios\/"},{"@type":"ListItem","position":3,"name":"Coronav\u00edrus: vacina pode ser aprovada neste ano, diz regulador da UE"}]},{"@type":"WebSite","@id":"https:\/\/www.suno.com.br\/noticias\/#website","url":"https:\/\/www.suno.com.br\/noticias\/","name":"Suno Not\u00edcias","description":"Seu portal de informa\u00e7\u00e3o sobre o mundo dos investimentos","publisher":{"@id":"https:\/\/www.suno.com.br\/noticias\/#organization"},"potentialAction":[{"@type":"SearchAction","target":{"@type":"EntryPoint","urlTemplate":"https:\/\/www.suno.com.br\/noticias\/?s={search_term_string}"},"query-input":{"@type":"PropertyValueSpecification","valueRequired":true,"valueName":"search_term_string"}}],"inLanguage":"pt-BR"},{"@type":"Organization","@id":"https:\/\/www.suno.com.br\/noticias\/#organization","name":"Suno Not\u00edcias","url":"https:\/\/www.suno.com.br\/noticias\/","logo":{"@type":"ImageObject","inLanguage":"pt-BR","@id":"https:\/\/www.suno.com.br\/noticias\/#\/schema\/logo\/image\/","url":"https:\/\/files.sunoresearch.com.br\/n\/uploads\/2021\/09\/suno-logo.png","contentUrl":"https:\/\/files.sunoresearch.com.br\/n\/uploads\/2021\/09\/suno-logo.png","width":180,"height":180,"caption":"Suno Not\u00edcias"},"image":{"@id":"https:\/\/www.suno.com.br\/noticias\/#\/schema\/logo\/image\/"},"sameAs":["https:\/\/facebook.com\/sunoresearch","https:\/\/x.com\/sunoresearch","https:\/\/www.instagram.com\/suno","https:\/\/www.linkedin.com\/company\/suno-research\/","https:\/\/www.youtube.com\/c\/sunoresearch"]},{"@type":"Person","@id":"https:\/\/www.suno.com.br\/noticias\/#\/schema\/person\/1db762f78ffd8919a648a63e425953e3","name":"Juliano Passaro","image":{"@type":"ImageObject","inLanguage":"pt-BR","@id":"https:\/\/www.suno.com.br\/noticias\/#\/schema\/person\/image\/","url":"https:\/\/secure.gravatar.com\/avatar\/743d4df28eebf6dcc46b4ad03c319e92?s=96&r=g","contentUrl":"https:\/\/secure.gravatar.com\/avatar\/743d4df28eebf6dcc46b4ad03c319e92?s=96&r=g","caption":"Juliano Passaro"},"description":"Juliano Passaro escreve sobre pol\u00edtica, economia e neg\u00f3cios para o portal da Suno Research. Antes da Suno, trabalhou no Portal da Band. \u00c9 formado em jornalismo pela Universidade Presbiteriana Mackenzie.","url":"https:\/\/www.suno.com.br\/noticias\/author\/juliano\/"}]}},"default_loop_html":"<div class=\"cardsPage__listCard__boxs\"><div class=\"cardsPage__listCard__boxs__img\"><a href=\"https:\/\/www.suno.com.br\/noticias\/coronavirus-aprovacao-vacina-2020-regulador-ue\/\"><img class=\"mask\" src=\"https:\/\/www.suno.com.br\/noticias\/wp-content\/themes\/suno\/resources\/images\/spotlight\/spotlight1img\/bg-mask.png\" alt=\"Image Mask\"\/><img src=\"https:\/\/files.sunoresearch.com.br\/n\/uploads\/2020\/06\/f861ca78-vacina-400x200.webp\" alt=\"Coronav\u00edrus: vacina pode ser aprovada neste ano, diz regulador da UE\"\/><\/a><span class=\"spotlightCategory\"><a href=\"https:\/\/www.suno.com.br\/noticias\/negocios\/\">Neg\u00f3cios<\/a><\/span><\/div><div class=\"cardsPage__listCard__boxs__content\"><a href=\"https:\/\/www.suno.com.br\/noticias\/coronavirus-aprovacao-vacina-2020-regulador-ue\/\"><h2 class=\"content__title\">Coronav\u00edrus: vacina pode ser aprovada neste ano, diz regulador da UE<\/h2><\/a><div class=\"newsContent__article__meta\"><div class=\"newsContent__article__meta__authorBox\"><a href=\"https:\/\/www.suno.com.br\/noticias\/author\/juliano\/\" class=\"authorBox__avatar noMobi\"><img src=\"https:\/\/files.sunoresearch.com.br\/n\/uploads\/2019\/06\/7cc3efea-whatsapp-image-2019-07-18-at-21.59.33-e1563499821209-150x150.webp\" alt=\"Juliano Passaro\"><\/a><div class=\"authorBox__name\"><span>por\n\t\t\t<a href=\"https:\/\/www.suno.com.br\/noticias\/author\/juliano\/\"><span itemprop=\"author\">Juliano Passaro<\/span><\/a><\/span><time datetime=\"2020-07-21T15:10:45-03:00\" itemprop=\"datePublished\">21\/07\/2020 15:10<\/time><\/div><\/div><\/div><\/div><\/div>","single_layout":"posts","amp_enabled":true,"_links":{"self":[{"href":"https:\/\/www.suno.com.br\/noticias\/wp-json\/wp\/v2\/posts\/74160"}],"collection":[{"href":"https:\/\/www.suno.com.br\/noticias\/wp-json\/wp\/v2\/posts"}],"about":[{"href":"https:\/\/www.suno.com.br\/noticias\/wp-json\/wp\/v2\/types\/post"}],"author":[{"embeddable":true,"href":"https:\/\/www.suno.com.br\/noticias\/wp-json\/wp\/v2\/users\/19"}],"replies":[{"embeddable":true,"href":"https:\/\/www.suno.com.br\/noticias\/wp-json\/wp\/v2\/comments?post=74160"}],"version-history":[{"count":0,"href":"https:\/\/www.suno.com.br\/noticias\/wp-json\/wp\/v2\/posts\/74160\/revisions"}],"wp:featuredmedia":[{"embeddable":true,"href":"https:\/\/www.suno.com.br\/noticias\/wp-json\/wp\/v2\/media\/68794"}],"wp:attachment":[{"href":"https:\/\/www.suno.com.br\/noticias\/wp-json\/wp\/v2\/media?parent=74160"}],"wp:term":[{"taxonomy":"category","embeddable":true,"href":"https:\/\/www.suno.com.br\/noticias\/wp-json\/wp\/v2\/categories?post=74160"},{"taxonomy":"post_tag","embeddable":true,"href":"https:\/\/www.suno.com.br\/noticias\/wp-json\/wp\/v2\/tags?post=74160"},{"taxonomy":"suno_strategy","embeddable":true,"href":"https:\/\/www.suno.com.br\/noticias\/wp-json\/wp\/v2\/suno_strategy?post=74160"}],"curies":[{"name":"wp","href":"https:\/\/api.w.org\/{rel}","templated":true}]}}