{"id":74097,"date":"2020-07-21T10:12:13","date_gmt":"2020-07-21T13:12:13","guid":{"rendered":"https:\/\/www.suno.com.br\/noticias\/?p=74097"},"modified":"2020-07-21T12:35:25","modified_gmt":"2020-07-21T15:35:25","slug":"jsl-jslg3-reorganizacao-societaria","status":"publish","type":"post","link":"https:\/\/www.suno.com.br\/noticias\/jsl-jslg3-reorganizacao-societaria\/","title":{"rendered":"JSL (JSLG3): Conselho de Administra\u00e7\u00e3o aprova reorganiza\u00e7\u00e3o societ\u00e1ria"},"content":{"rendered":"<p>A <a href=\"https:\/\/www.suno.com.br\/acoes\/jslg3\/\"><strong>JSL<\/strong> (JSLG3)<\/a> informou, na manh\u00e3 desta ter\u00e7a-feira (21), que seu <a href=\"https:\/\/www.suno.com.br\/artigos\/conselho-administracao\/\">Conselho de Administra\u00e7\u00e3o<\/a> aprovou a reorganiza\u00e7\u00e3o societ\u00e1ria proposta em abril deste ano. Dessa forma, a companhia passar\u00e1 a ser subsidi\u00e1ria integral da <em>holding<\/em> Simpar. A informa\u00e7\u00e3o foi divulgada por meio de um fato relevante.<\/p>\t<div class=\"wrapper-featured-image\">\n\t\t<figure class=\"spotlightImg\">\n\n\t\t\t<picture>\n\t\t\t\t<source media=\"(max-width: 768px)\" srcset=\"https:\/\/files.sunoresearch.com.br\/n\/uploads\/2020\/01\/39ca6906-jsl-400x200.webp\">\n\t\t\t\t<img loading=\"lazy\" decoding=\"async\" class=\"newsContent__article__imgCapa lazyloadDisabled newsContent__article__imgCapa--noCaption\" src=\"https:\/\/files.sunoresearch.com.br\/n\/uploads\/2020\/01\/39ca6906-jsl-800x450.webp\" width=\"800\" height=\"450\" alt=\"JSL (JSLG3): Conselho de Administra\u00e7\u00e3o aprova reorganiza\u00e7\u00e3o societ\u00e1ria\" fetchpriority=high \/>\n\t\t\t<\/picture>\n\n\t\t\t<figcaption class=\"wp-caption-text wp-caption-text--hide\">A JSL informou que o c\u00f3digo de negocia\u00e7\u00e3o de suas a\u00e7\u00f5es deixar\u00e1 de ser &#039;JSLG11&#039; e passar\u00e1 a ser &#039;JSLG3&#039;.<\/figcaption>\n\t\t<\/figure>\n\t<\/div>\n\n\n\n<p><strong>Fernando Ant\u00f4nio Sim\u00f5es<\/strong>, pertencente \u00e0 fam\u00edlia fundadora da JSL, \u00e9 o controlador da <strong>Simpar<\/strong>, que por sua vez possui um \u00fanico investimento: a pr\u00f3pria JSL. Segundo a companhia, a reorganiza\u00e7\u00e3o &#8220;faz parte da estrat\u00e9gia de gerar valor por meio da segrega\u00e7\u00e3o de suas atividades em sociedades distintas&#8221;.<\/p>\n<p>A empresa salienta que, assim como ocorreu com a <a href=\"https:\/\/www.suno.com.br\/acoes\/movi3\/\">Movida (MOVI3)<\/a> e com a <a href=\"https:\/\/www.suno.com.br\/acoes\/movi3\/\">Vamos<\/a> Loca\u00e7\u00e3o, a reestrutura\u00e7\u00e3o permitir\u00e1 que cada sociedade se posicione melhor estrategicamente ao passar a atuar com administra\u00e7\u00e3o pr\u00f3pria, or\u00e7amento independente, maior agilidade e foco exclusivo no neg\u00f3cio em quest\u00e3o.<\/p>\n<p><a href=\"https:\/\/lp.suno.com.br\/suno-one\/\">Suno One: acesse gratuitamente eBooks, Minicursos, Artigos e Video Aulas sobre investimentos com um \u00fanico cadastro. Clique para saber mais!<\/a><\/p>\n<p>&#8220;Uma vez implementada a reorganiza\u00e7\u00e3o, a JSL deixar\u00e1 de exercer a fun\u00e7\u00e3o de <a href=\"https:\/\/www.youtube.com\/watch?v=a3x65Xwunqw\"><em>holding<\/em><\/a> e passar\u00e1 a ser exclusivamente uma empresa operacional de servi\u00e7os log\u00edsticos com agenda pr\u00f3pria de desenvolvimento, abrindo novas possibilidades para movimentos estrat\u00e9gicos, fus\u00f5es e aquisi\u00e7\u00f5es e acesso ao mercado de capitais&#8221;, diz a empresa<\/p>\n<p>Segundo a companhia, isso &#8220;contribuir\u00e1 para melhorar a estrutura de capital da companhia e do grupo e acelerar\u00e1 o plano de crescimento da companhia ao agregar novos servi\u00e7os, novos ramos de atua\u00e7\u00e3o e, principalmente, novas tecnologias como resposta \u00e0 transforma\u00e7\u00e3o do setor e dos seus clientes&#8221;. A empresa manter\u00e1 a marca JSL.<\/p>\n<figure id=\"attachment_74103\" aria-describedby=\"caption-attachment-74103\" style=\"width: 891px\" class=\"wp-caption aligncenter\"><img loading=\"lazy\" decoding=\"async\" class=\"wp-image-74103 size-full\" src=\"https:\/\/storage.googleapis.com\/wp-noticias\/2020\/07\/simpar.jpg\" alt=\"\" width=\"891\" height=\"329\" \/><figcaption id=\"caption-attachment-74103\" class=\"wp-caption-text\">Estrutura da holding ap\u00f3s conclu\u00eddas as etapas da reorganiza\u00e7\u00e3o. Fonte: JSL<\/figcaption><\/figure>\n<p>Caso o processo seja aprovado pela Assembleia Geral Extraordin\u00e1ria, convocada para o dia 5 de agosto, as a\u00e7\u00f5es da JSL ser\u00e3o incorporadas \u00e0 Simpar em sua totalidade. Essa, por sua vez, ao assumir o papel de <em>holding<\/em>, ter\u00e1 seus pap\u00e9is listados no <a href=\"https:\/\/www.suno.com.br\/artigos\/novo-mercado\/\">Novo Mercado<\/a>, mantendo o Conselho de Administra\u00e7\u00e3o da JSL e seus comit\u00eas de assessoramento.<\/p>\n<p>A empresa pontuou que, em raz\u00e3o da incorpora\u00e7\u00e3o das a\u00e7\u00f5es, cada acionista receber\u00e1 uma a\u00e7\u00e3o ordin\u00e1ria da Simpar para cada a\u00e7\u00e3o ordin\u00e1ria da JSL em sua propriedade, sem qualquer dilui\u00e7\u00e3o dos atuais acionistas.<\/p>\n<p><a href=\"https:\/\/www.suno.com.br\/noticias\/jsl-jslg3-registra-alta-de-136-no-lucro-liquido-do-1t20\/\">Veja tamb\u00e9m: JSL registra alta de 13,6% no lucro l\u00edquido do 1T20<\/a><\/p>\n<p>&#8220;Chegou-se \u00e0 conclus\u00e3o de que a utiliza\u00e7\u00e3o da atual controladora direta da companhia seria a op\u00e7\u00e3o vi\u00e1vel para a execu\u00e7\u00e3o da reorganiza\u00e7\u00e3o dentro de prazos e custos que s\u00e3o considerados razo\u00e1veis pela administra\u00e7\u00e3o&#8221;, diz o fato relevante.<\/p>\n<p>&#8220;A realiza\u00e7\u00e3o da reorganiza\u00e7\u00e3o em um menor per\u00edodo de tempo deixar\u00e1 a companhia pronta para realizar quaisquer movimentos estrat\u00e9gicos e executar seu plano de expans\u00e3o org\u00e2nica e inorg\u00e2nica, inclusive por meio de ofertas p\u00fablicas de a\u00e7\u00f5es&#8221;, diz a <strong>JSL<\/strong>.<\/p>\n\n","protected":false},"excerpt":{"rendered":"<p>A JSL (JSLG3) informou, na manh\u00e3 desta ter\u00e7a-feira (21), que seu Conselho de Administra\u00e7\u00e3o aprovou a reorganiza\u00e7\u00e3o societ\u00e1ria proposta em abril deste ano. Dessa forma, a companhia passar\u00e1 a ser subsidi\u00e1ria integral da holding Simpar. A informa\u00e7\u00e3o foi divulgada por meio de um fato relevante. A JSL informou que o c\u00f3digo de negocia\u00e7\u00e3o de suas [&hellip;]<\/p>\n","protected":false},"author":24,"featured_media":51011,"comment_status":"closed","ping_status":"closed","sticky":false,"template":"","format":"standard","meta":[],"categories":[64],"tags":[526,76282],"suno_strategy":[],"class_list":["post-74097","post","type-post","status-publish","format-standard","has-post-thumbnail","hentry","category-negocios","tag-jsl-jslg11-jslg3","tag-simpar-simh3"],"yoast_head":"<!-- This site is optimized with the Yoast SEO plugin v24.4 - https:\/\/yoast.com\/wordpress\/plugins\/seo\/ -->\n<title>JSL (JSLG3): Conselho de Administra\u00e7\u00e3o aprova reorganiza\u00e7\u00e3o societ\u00e1ria<\/title>\n<meta name=\"description\" content=\"A JSL (JSLG3) informou, na manh\u00e3 desta ter\u00e7a-feira (21), que seu Conselho de Administra\u00e7\u00e3o aprovou a reorganiza\u00e7\u00e3o societ\u00e1ria. Saiba mais.\" \/>\n<meta name=\"robots\" content=\"index, follow, max-snippet:-1, max-image-preview:large, max-video-preview:-1\" \/>\n<link rel=\"canonical\" href=\"https:\/\/www.suno.com.br\/noticias\/jsl-jslg3-reorganizacao-societaria\/\" \/>\n<meta property=\"og:locale\" content=\"pt_BR\" \/>\n<meta property=\"og:type\" content=\"article\" \/>\n<meta property=\"og:title\" content=\"JSL (JSLG3): Conselho de Administra\u00e7\u00e3o aprova reorganiza\u00e7\u00e3o societ\u00e1ria\" \/>\n<meta property=\"og:description\" content=\"A JSL (JSLG3) informou, na manh\u00e3 desta ter\u00e7a-feira (21), que seu Conselho de Administra\u00e7\u00e3o aprovou a reorganiza\u00e7\u00e3o societ\u00e1ria. Saiba mais.\" \/>\n<meta property=\"og:url\" content=\"https:\/\/www.suno.com.br\/noticias\/jsl-jslg3-reorganizacao-societaria\/\" \/>\n<meta property=\"og:site_name\" content=\"Suno Not\u00edcias\" \/>\n<meta property=\"article:publisher\" content=\"https:\/\/facebook.com\/sunoresearch\" \/>\n<meta property=\"og:image\" content=\"https:\/\/files.sunoresearch.com.br\/n\/uploads\/2020\/01\/39ca6906-jsl.jpg\" \/>\n\t<meta property=\"og:image:width\" content=\"1772\" \/>\n\t<meta property=\"og:image:height\" content=\"942\" \/>\n\t<meta property=\"og:image:type\" content=\"image\/jpeg\" \/>\n<meta name=\"author\" content=\"Jader Lazarini\" \/>\n<meta name=\"twitter:card\" content=\"summary_large_image\" \/>\n<meta name=\"twitter:creator\" content=\"@sunoresearch\" \/>\n<meta name=\"twitter:site\" content=\"@sunoresearch\" \/>\n<meta name=\"twitter:label1\" content=\"Escrito por\" \/>\n\t<meta name=\"twitter:data1\" content=\"Jader Lazarini\" \/>\n\t<meta name=\"twitter:label2\" content=\"Est. tempo de leitura\" \/>\n\t<meta name=\"twitter:data2\" content=\"3 minutos\" \/>\n<script type=\"application\/ld+json\" class=\"yoast-schema-graph\">{\"@context\":\"https:\/\/schema.org\",\"@graph\":[{\"@type\":\"NewsArticle\",\"@id\":\"https:\/\/www.suno.com.br\/noticias\/jsl-jslg3-reorganizacao-societaria\/#article\",\"isPartOf\":{\"@id\":\"https:\/\/www.suno.com.br\/noticias\/jsl-jslg3-reorganizacao-societaria\/\"},\"author\":{\"name\":\"Jader Lazarini\",\"@id\":\"https:\/\/www.suno.com.br\/noticias\/#\/schema\/person\/918d79de1f0281f01599b93f9ea6e23f\"},\"headline\":\"JSL (JSLG3): Conselho de Administra\u00e7\u00e3o aprova reorganiza\u00e7\u00e3o societ\u00e1ria\",\"datePublished\":\"2020-07-21T13:12:13+00:00\",\"dateModified\":\"2020-07-21T15:35:25+00:00\",\"mainEntityOfPage\":{\"@id\":\"https:\/\/www.suno.com.br\/noticias\/jsl-jslg3-reorganizacao-societaria\/\"},\"wordCount\":530,\"publisher\":{\"@id\":\"https:\/\/www.suno.com.br\/noticias\/#organization\"},\"image\":{\"@id\":\"https:\/\/www.suno.com.br\/noticias\/jsl-jslg3-reorganizacao-societaria\/#primaryimage\"},\"thumbnailUrl\":\"https:\/\/files.sunoresearch.com.br\/n\/uploads\/2020\/01\/39ca6906-jsl-jpg.webp\",\"keywords\":[\"JSL (JSL11\/JSLG3)\",\"Simpar (SIMH3)\"],\"articleSection\":[\"Neg\u00f3cios\"],\"inLanguage\":\"pt-BR\"},{\"@type\":\"WebPage\",\"@id\":\"https:\/\/www.suno.com.br\/noticias\/jsl-jslg3-reorganizacao-societaria\/\",\"url\":\"https:\/\/www.suno.com.br\/noticias\/jsl-jslg3-reorganizacao-societaria\/\",\"name\":\"JSL (JSLG3): Conselho de Administra\u00e7\u00e3o aprova reorganiza\u00e7\u00e3o societ\u00e1ria\",\"isPartOf\":{\"@id\":\"https:\/\/www.suno.com.br\/noticias\/#website\"},\"primaryImageOfPage\":{\"@id\":\"https:\/\/www.suno.com.br\/noticias\/jsl-jslg3-reorganizacao-societaria\/#primaryimage\"},\"image\":{\"@id\":\"https:\/\/www.suno.com.br\/noticias\/jsl-jslg3-reorganizacao-societaria\/#primaryimage\"},\"thumbnailUrl\":\"https:\/\/files.sunoresearch.com.br\/n\/uploads\/2020\/01\/39ca6906-jsl-jpg.webp\",\"datePublished\":\"2020-07-21T13:12:13+00:00\",\"dateModified\":\"2020-07-21T15:35:25+00:00\",\"description\":\"A JSL (JSLG3) informou, na manh\u00e3 desta ter\u00e7a-feira (21), que seu Conselho de Administra\u00e7\u00e3o aprovou a reorganiza\u00e7\u00e3o societ\u00e1ria. Saiba mais.\",\"breadcrumb\":{\"@id\":\"https:\/\/www.suno.com.br\/noticias\/jsl-jslg3-reorganizacao-societaria\/#breadcrumb\"},\"inLanguage\":\"pt-BR\",\"potentialAction\":[{\"@type\":\"ReadAction\",\"target\":[\"https:\/\/www.suno.com.br\/noticias\/jsl-jslg3-reorganizacao-societaria\/\"]}]},{\"@type\":\"ImageObject\",\"inLanguage\":\"pt-BR\",\"@id\":\"https:\/\/www.suno.com.br\/noticias\/jsl-jslg3-reorganizacao-societaria\/#primaryimage\",\"url\":\"https:\/\/files.sunoresearch.com.br\/n\/uploads\/2020\/01\/39ca6906-jsl-jpg.webp\",\"contentUrl\":\"https:\/\/files.sunoresearch.com.br\/n\/uploads\/2020\/01\/39ca6906-jsl-jpg.webp\",\"width\":1772,\"height\":942,\"caption\":\"A JSL informou que o c\u00f3digo de negocia\u00e7\u00e3o de suas a\u00e7\u00f5es deixar\u00e1 de ser 'JSLG11' e passar\u00e1 a ser 'JSLG3'.\"},{\"@type\":\"BreadcrumbList\",\"@id\":\"https:\/\/www.suno.com.br\/noticias\/jsl-jslg3-reorganizacao-societaria\/#breadcrumb\",\"itemListElement\":[{\"@type\":\"ListItem\",\"position\":1,\"name\":\"Not\u00edcias\",\"item\":\"https:\/\/www.suno.com.br\/noticias\/\"},{\"@type\":\"ListItem\",\"position\":2,\"name\":\"Neg\u00f3cios\",\"item\":\"https:\/\/www.suno.com.br\/noticias\/negocios\/\"},{\"@type\":\"ListItem\",\"position\":3,\"name\":\"JSL (JSLG3): Conselho de Administra\u00e7\u00e3o aprova reorganiza\u00e7\u00e3o societ\u00e1ria\"}]},{\"@type\":\"WebSite\",\"@id\":\"https:\/\/www.suno.com.br\/noticias\/#website\",\"url\":\"https:\/\/www.suno.com.br\/noticias\/\",\"name\":\"Suno Not\u00edcias\",\"description\":\"Seu portal de informa\u00e7\u00e3o sobre o mundo dos investimentos\",\"publisher\":{\"@id\":\"https:\/\/www.suno.com.br\/noticias\/#organization\"},\"potentialAction\":[{\"@type\":\"SearchAction\",\"target\":{\"@type\":\"EntryPoint\",\"urlTemplate\":\"https:\/\/www.suno.com.br\/noticias\/?s={search_term_string}\"},\"query-input\":{\"@type\":\"PropertyValueSpecification\",\"valueRequired\":true,\"valueName\":\"search_term_string\"}}],\"inLanguage\":\"pt-BR\"},{\"@type\":\"Organization\",\"@id\":\"https:\/\/www.suno.com.br\/noticias\/#organization\",\"name\":\"Suno Not\u00edcias\",\"url\":\"https:\/\/www.suno.com.br\/noticias\/\",\"logo\":{\"@type\":\"ImageObject\",\"inLanguage\":\"pt-BR\",\"@id\":\"https:\/\/www.suno.com.br\/noticias\/#\/schema\/logo\/image\/\",\"url\":\"https:\/\/files.sunoresearch.com.br\/n\/uploads\/2021\/09\/suno-logo.png\",\"contentUrl\":\"https:\/\/files.sunoresearch.com.br\/n\/uploads\/2021\/09\/suno-logo.png\",\"width\":180,\"height\":180,\"caption\":\"Suno Not\u00edcias\"},\"image\":{\"@id\":\"https:\/\/www.suno.com.br\/noticias\/#\/schema\/logo\/image\/\"},\"sameAs\":[\"https:\/\/facebook.com\/sunoresearch\",\"https:\/\/x.com\/sunoresearch\",\"https:\/\/www.instagram.com\/suno\",\"https:\/\/www.linkedin.com\/company\/suno-research\/\",\"https:\/\/www.youtube.com\/c\/sunoresearch\"]},{\"@type\":\"Person\",\"@id\":\"https:\/\/www.suno.com.br\/noticias\/#\/schema\/person\/918d79de1f0281f01599b93f9ea6e23f\",\"name\":\"Jader Lazarini\",\"image\":{\"@type\":\"ImageObject\",\"inLanguage\":\"pt-BR\",\"@id\":\"https:\/\/www.suno.com.br\/noticias\/#\/schema\/person\/image\/\",\"url\":\"https:\/\/secure.gravatar.com\/avatar\/3c1ad8caa51589841baeb923fcddea97?s=96&r=g\",\"contentUrl\":\"https:\/\/secure.gravatar.com\/avatar\/3c1ad8caa51589841baeb923fcddea97?s=96&r=g\",\"caption\":\"Jader Lazarini\"},\"description\":\"Jader Lazarini escreve sobre investimentos, finan\u00e7as, economia e neg\u00f3cios. \u00c9 bacharel em Rela\u00e7\u00f5es Internacionais e analista CNPI (2619).\",\"url\":\"https:\/\/www.suno.com.br\/noticias\/author\/jader-lazarini\/\"}]}<\/script>\n<!-- \/ Yoast SEO plugin. -->","yoast_head_json":{"title":"JSL (JSLG3): Conselho de Administra\u00e7\u00e3o aprova reorganiza\u00e7\u00e3o societ\u00e1ria","description":"A JSL (JSLG3) informou, na manh\u00e3 desta ter\u00e7a-feira (21), que seu Conselho de Administra\u00e7\u00e3o aprovou a reorganiza\u00e7\u00e3o societ\u00e1ria. Saiba mais.","robots":{"index":"index","follow":"follow","max-snippet":"max-snippet:-1","max-image-preview":"max-image-preview:large","max-video-preview":"max-video-preview:-1"},"canonical":"https:\/\/www.suno.com.br\/noticias\/jsl-jslg3-reorganizacao-societaria\/","og_locale":"pt_BR","og_type":"article","og_title":"JSL (JSLG3): Conselho de Administra\u00e7\u00e3o aprova reorganiza\u00e7\u00e3o societ\u00e1ria","og_description":"A JSL (JSLG3) informou, na manh\u00e3 desta ter\u00e7a-feira (21), que seu Conselho de Administra\u00e7\u00e3o aprovou a reorganiza\u00e7\u00e3o societ\u00e1ria. Saiba mais.","og_url":"https:\/\/www.suno.com.br\/noticias\/jsl-jslg3-reorganizacao-societaria\/","og_site_name":"Suno Not\u00edcias","article_publisher":"https:\/\/facebook.com\/sunoresearch","og_image":[{"width":1772,"height":942,"url":"https:\/\/files.sunoresearch.com.br\/n\/uploads\/2020\/01\/39ca6906-jsl.jpg","type":"image\/jpeg"}],"author":"Jader Lazarini","twitter_card":"summary_large_image","twitter_creator":"@sunoresearch","twitter_site":"@sunoresearch","twitter_misc":{"Escrito por":"Jader Lazarini","Est. tempo de leitura":"3 minutos"},"schema":{"@context":"https:\/\/schema.org","@graph":[{"@type":"NewsArticle","@id":"https:\/\/www.suno.com.br\/noticias\/jsl-jslg3-reorganizacao-societaria\/#article","isPartOf":{"@id":"https:\/\/www.suno.com.br\/noticias\/jsl-jslg3-reorganizacao-societaria\/"},"author":{"name":"Jader Lazarini","@id":"https:\/\/www.suno.com.br\/noticias\/#\/schema\/person\/918d79de1f0281f01599b93f9ea6e23f"},"headline":"JSL (JSLG3): Conselho de Administra\u00e7\u00e3o aprova reorganiza\u00e7\u00e3o societ\u00e1ria","datePublished":"2020-07-21T13:12:13+00:00","dateModified":"2020-07-21T15:35:25+00:00","mainEntityOfPage":{"@id":"https:\/\/www.suno.com.br\/noticias\/jsl-jslg3-reorganizacao-societaria\/"},"wordCount":530,"publisher":{"@id":"https:\/\/www.suno.com.br\/noticias\/#organization"},"image":{"@id":"https:\/\/www.suno.com.br\/noticias\/jsl-jslg3-reorganizacao-societaria\/#primaryimage"},"thumbnailUrl":"https:\/\/files.sunoresearch.com.br\/n\/uploads\/2020\/01\/39ca6906-jsl-jpg.webp","keywords":["JSL (JSL11\/JSLG3)","Simpar (SIMH3)"],"articleSection":["Neg\u00f3cios"],"inLanguage":"pt-BR"},{"@type":"WebPage","@id":"https:\/\/www.suno.com.br\/noticias\/jsl-jslg3-reorganizacao-societaria\/","url":"https:\/\/www.suno.com.br\/noticias\/jsl-jslg3-reorganizacao-societaria\/","name":"JSL (JSLG3): Conselho de Administra\u00e7\u00e3o aprova reorganiza\u00e7\u00e3o societ\u00e1ria","isPartOf":{"@id":"https:\/\/www.suno.com.br\/noticias\/#website"},"primaryImageOfPage":{"@id":"https:\/\/www.suno.com.br\/noticias\/jsl-jslg3-reorganizacao-societaria\/#primaryimage"},"image":{"@id":"https:\/\/www.suno.com.br\/noticias\/jsl-jslg3-reorganizacao-societaria\/#primaryimage"},"thumbnailUrl":"https:\/\/files.sunoresearch.com.br\/n\/uploads\/2020\/01\/39ca6906-jsl-jpg.webp","datePublished":"2020-07-21T13:12:13+00:00","dateModified":"2020-07-21T15:35:25+00:00","description":"A JSL (JSLG3) informou, na manh\u00e3 desta ter\u00e7a-feira (21), que seu Conselho de Administra\u00e7\u00e3o aprovou a reorganiza\u00e7\u00e3o societ\u00e1ria. Saiba mais.","breadcrumb":{"@id":"https:\/\/www.suno.com.br\/noticias\/jsl-jslg3-reorganizacao-societaria\/#breadcrumb"},"inLanguage":"pt-BR","potentialAction":[{"@type":"ReadAction","target":["https:\/\/www.suno.com.br\/noticias\/jsl-jslg3-reorganizacao-societaria\/"]}]},{"@type":"ImageObject","inLanguage":"pt-BR","@id":"https:\/\/www.suno.com.br\/noticias\/jsl-jslg3-reorganizacao-societaria\/#primaryimage","url":"https:\/\/files.sunoresearch.com.br\/n\/uploads\/2020\/01\/39ca6906-jsl-jpg.webp","contentUrl":"https:\/\/files.sunoresearch.com.br\/n\/uploads\/2020\/01\/39ca6906-jsl-jpg.webp","width":1772,"height":942,"caption":"A JSL informou que o c\u00f3digo de negocia\u00e7\u00e3o de suas a\u00e7\u00f5es deixar\u00e1 de ser 'JSLG11' e passar\u00e1 a ser 'JSLG3'."},{"@type":"BreadcrumbList","@id":"https:\/\/www.suno.com.br\/noticias\/jsl-jslg3-reorganizacao-societaria\/#breadcrumb","itemListElement":[{"@type":"ListItem","position":1,"name":"Not\u00edcias","item":"https:\/\/www.suno.com.br\/noticias\/"},{"@type":"ListItem","position":2,"name":"Neg\u00f3cios","item":"https:\/\/www.suno.com.br\/noticias\/negocios\/"},{"@type":"ListItem","position":3,"name":"JSL (JSLG3): Conselho de Administra\u00e7\u00e3o aprova reorganiza\u00e7\u00e3o societ\u00e1ria"}]},{"@type":"WebSite","@id":"https:\/\/www.suno.com.br\/noticias\/#website","url":"https:\/\/www.suno.com.br\/noticias\/","name":"Suno Not\u00edcias","description":"Seu portal de informa\u00e7\u00e3o sobre o mundo dos investimentos","publisher":{"@id":"https:\/\/www.suno.com.br\/noticias\/#organization"},"potentialAction":[{"@type":"SearchAction","target":{"@type":"EntryPoint","urlTemplate":"https:\/\/www.suno.com.br\/noticias\/?s={search_term_string}"},"query-input":{"@type":"PropertyValueSpecification","valueRequired":true,"valueName":"search_term_string"}}],"inLanguage":"pt-BR"},{"@type":"Organization","@id":"https:\/\/www.suno.com.br\/noticias\/#organization","name":"Suno Not\u00edcias","url":"https:\/\/www.suno.com.br\/noticias\/","logo":{"@type":"ImageObject","inLanguage":"pt-BR","@id":"https:\/\/www.suno.com.br\/noticias\/#\/schema\/logo\/image\/","url":"https:\/\/files.sunoresearch.com.br\/n\/uploads\/2021\/09\/suno-logo.png","contentUrl":"https:\/\/files.sunoresearch.com.br\/n\/uploads\/2021\/09\/suno-logo.png","width":180,"height":180,"caption":"Suno Not\u00edcias"},"image":{"@id":"https:\/\/www.suno.com.br\/noticias\/#\/schema\/logo\/image\/"},"sameAs":["https:\/\/facebook.com\/sunoresearch","https:\/\/x.com\/sunoresearch","https:\/\/www.instagram.com\/suno","https:\/\/www.linkedin.com\/company\/suno-research\/","https:\/\/www.youtube.com\/c\/sunoresearch"]},{"@type":"Person","@id":"https:\/\/www.suno.com.br\/noticias\/#\/schema\/person\/918d79de1f0281f01599b93f9ea6e23f","name":"Jader Lazarini","image":{"@type":"ImageObject","inLanguage":"pt-BR","@id":"https:\/\/www.suno.com.br\/noticias\/#\/schema\/person\/image\/","url":"https:\/\/secure.gravatar.com\/avatar\/3c1ad8caa51589841baeb923fcddea97?s=96&r=g","contentUrl":"https:\/\/secure.gravatar.com\/avatar\/3c1ad8caa51589841baeb923fcddea97?s=96&r=g","caption":"Jader Lazarini"},"description":"Jader Lazarini escreve sobre investimentos, finan\u00e7as, economia e neg\u00f3cios. \u00c9 bacharel em Rela\u00e7\u00f5es Internacionais e analista CNPI (2619).","url":"https:\/\/www.suno.com.br\/noticias\/author\/jader-lazarini\/"}]}},"default_loop_html":"<div class=\"cardsPage__listCard__boxs\"><div class=\"cardsPage__listCard__boxs__img\"><a href=\"https:\/\/www.suno.com.br\/noticias\/jsl-jslg3-reorganizacao-societaria\/\"><img class=\"mask\" src=\"https:\/\/www.suno.com.br\/noticias\/wp-content\/themes\/suno\/resources\/images\/spotlight\/spotlight1img\/bg-mask.png\" alt=\"Image Mask\"\/><img src=\"https:\/\/files.sunoresearch.com.br\/n\/uploads\/2020\/01\/39ca6906-jsl-400x200.webp\" alt=\"JSL (JSLG3): Conselho de Administra\u00e7\u00e3o aprova reorganiza\u00e7\u00e3o societ\u00e1ria\"\/><\/a><span class=\"spotlightCategory\"><a href=\"https:\/\/www.suno.com.br\/noticias\/negocios\/\">Neg\u00f3cios<\/a><\/span><\/div><div class=\"cardsPage__listCard__boxs__content\"><a href=\"https:\/\/www.suno.com.br\/noticias\/jsl-jslg3-reorganizacao-societaria\/\"><h2 class=\"content__title\">JSL (JSLG3): Conselho de Administra\u00e7\u00e3o aprova reorganiza\u00e7\u00e3o societ\u00e1ria<\/h2><\/a><div class=\"newsContent__article__meta\"><div class=\"newsContent__article__meta__authorBox\"><a href=\"https:\/\/www.suno.com.br\/noticias\/author\/jader-lazarini\/\" class=\"authorBox__avatar noMobi\"><img src=\"https:\/\/files.sunoresearch.com.br\/n\/uploads\/2021\/01\/178e6598-foto-perfil-2-150x150.jpg\" alt=\"Jader Lazarini\"><\/a><div class=\"authorBox__name\"><span>por\n\t\t\t<a href=\"https:\/\/www.suno.com.br\/noticias\/author\/jader-lazarini\/\"><span itemprop=\"author\">Jader Lazarini<\/span><\/a><\/span><time datetime=\"2020-07-21T10:12:13-03:00\" itemprop=\"datePublished\">21\/07\/2020 10:12<\/time><\/div><\/div><\/div><\/div><\/div>","single_layout":"posts","amp_enabled":true,"_links":{"self":[{"href":"https:\/\/www.suno.com.br\/noticias\/wp-json\/wp\/v2\/posts\/74097"}],"collection":[{"href":"https:\/\/www.suno.com.br\/noticias\/wp-json\/wp\/v2\/posts"}],"about":[{"href":"https:\/\/www.suno.com.br\/noticias\/wp-json\/wp\/v2\/types\/post"}],"author":[{"embeddable":true,"href":"https:\/\/www.suno.com.br\/noticias\/wp-json\/wp\/v2\/users\/24"}],"replies":[{"embeddable":true,"href":"https:\/\/www.suno.com.br\/noticias\/wp-json\/wp\/v2\/comments?post=74097"}],"version-history":[{"count":0,"href":"https:\/\/www.suno.com.br\/noticias\/wp-json\/wp\/v2\/posts\/74097\/revisions"}],"wp:featuredmedia":[{"embeddable":true,"href":"https:\/\/www.suno.com.br\/noticias\/wp-json\/wp\/v2\/media\/51011"}],"wp:attachment":[{"href":"https:\/\/www.suno.com.br\/noticias\/wp-json\/wp\/v2\/media?parent=74097"}],"wp:term":[{"taxonomy":"category","embeddable":true,"href":"https:\/\/www.suno.com.br\/noticias\/wp-json\/wp\/v2\/categories?post=74097"},{"taxonomy":"post_tag","embeddable":true,"href":"https:\/\/www.suno.com.br\/noticias\/wp-json\/wp\/v2\/tags?post=74097"},{"taxonomy":"suno_strategy","embeddable":true,"href":"https:\/\/www.suno.com.br\/noticias\/wp-json\/wp\/v2\/suno_strategy?post=74097"}],"curies":[{"name":"wp","href":"https:\/\/api.w.org\/{rel}","templated":true}]}}