{"id":74090,"date":"2020-07-21T09:48:14","date_gmt":"2020-07-21T12:48:14","guid":{"rendered":"https:\/\/www.suno.com.br\/noticias\/?p=74090"},"modified":"2021-06-24T14:52:55","modified_gmt":"2021-06-24T17:52:55","slug":"qualicorp-qual3-fundador-e-preso-em-operacao-da-policia-federal","status":"publish","type":"post","link":"https:\/\/www.suno.com.br\/noticias\/qualicorp-qual3-fundador-e-preso-em-operacao-da-policia-federal\/","title":{"rendered":"Empres\u00e1rio fundador da Qualicorp \u00e9 preso em opera\u00e7\u00e3o da PF"},"content":{"rendered":"<p>O fundador e ex-presidente da <a href=\"https:\/\/www.suno.com.br\/acoes\/qual3\/\"><strong>Qualicorp<\/strong> (QUAL3)<\/a>, Jos\u00e9 Seripieri J\u00fanior, foi preso na manh\u00e3 desta ter\u00e7a-feira (21). O empres\u00e1rio foi detido temporariamente em uma opera\u00e7\u00e3o da Pol\u00edcia Federal (PF) e do Minist\u00e9rio P\u00fablico Eleitoral (MPE) por suspeitas de doa\u00e7\u00f5es irregulares para a campanha do senador Jos\u00e9 Serra (PSDB-SP), em 2014.<\/p>\t<div class=\"wrapper-featured-image\">\n\t\t<figure class=\"spotlightImg\">\n\n\t\t\t<picture>\n\t\t\t\t<source media=\"(max-width: 768px)\" srcset=\"https:\/\/files.sunoresearch.com.br\/n\/uploads\/2019\/08\/782c9731-qualicorp-divulga\u00e7\u00e3o-400x200.webp\">\n\t\t\t\t<img loading=\"lazy\" decoding=\"async\" class=\"newsContent__article__imgCapa lazyloadDisabled newsContent__article__imgCapa--noCaption\" src=\"https:\/\/files.sunoresearch.com.br\/n\/uploads\/2019\/08\/782c9731-qualicorp-divulga\u00e7\u00e3o-800x450.webp\" width=\"800\" height=\"450\" alt=\"Empres\u00e1rio fundador da Qualicorp \u00e9 preso em opera\u00e7\u00e3o da PF\" fetchpriority=high \/>\n\t\t\t<\/picture>\n\n\t\t\t<figcaption class=\"wp-caption-text wp-caption-text--hide\">Qualicorp (QUAL3) termina rela\u00e7\u00f5es societ\u00e1rias com fundador<\/figcaption>\n\t\t<\/figure>\n\t<\/div>\n\n\n\n<p>A PF investiga se o fundador da Qualicorp realizou doa\u00e7\u00f5es n\u00e3o contabilizadas a Serra que totalizam R$ 5 milh\u00f5es em forma de caixa dois. Seripieri tamb\u00e9m foi alvo de um mandado de busca e apreens\u00e3o em sua casa, de acordo com o portal &#8220;G1&#8221;.<\/p>\n<p>Segundo o portal, s\u00e3o cumpridos quatro mandados de pris\u00e3o tempor\u00e1ria e 15 mandados de busca e apreens\u00e3o em S\u00e3o Paulo, Bras\u00edlia, Itatiba e Itu.<\/p>\n<p><a href=\"https:\/\/lp.suno.com.br\/suno-one\/\">Suno One: acesse gratuitamente eBooks, Minicursos, Artigos e Video Aulas sobre investimentos com um \u00fanico cadastro. Clique para saber mais!<\/a><\/p>\n<p>A opera\u00e7\u00e3o tem como alvo a campanha eleitoral de Jos\u00e9 Serra ao Senado, em 2014.\u00a0 Essas investiga\u00e7\u00f5es apuram suspeitas de caixa dois, com doa\u00e7\u00f5es irregulares para ocultar a origem il\u00edcita.<\/p>\n<p><iframe loading=\"lazy\" src=\"https:\/\/www.youtube.com\/embed\/RRHfOj6-Tz8\" width=\"560\" height=\"315\" frameborder=\"0\" allowfullscreen=\"allowfullscreen\"><\/iframe><br \/>\nO gabinete e o apartamento de Jos\u00e9 Serra em Bras\u00edlia foram alvo de busca e apreens\u00e3o.\u00a0Em nota, o senador criticou a opera\u00e7\u00e3o da PF.<\/p>\n<p>&#8220;Em meio \u00e0 pandemia da covid-19, em uma a\u00e7\u00e3o completamente desarrazoada, a opera\u00e7\u00e3o realizou busca e apreens\u00e3o com base em fatos antigos e prescritos e ap\u00f3s den\u00fancia j\u00e1 feita, o que comprova falta de urg\u00eancia e de lastro probat\u00f3rio da acusa\u00e7\u00e3o&#8221;, disse, em nota.<\/p>\n<p>Procurado pelo <strong>SUNO Not\u00edcias<\/strong>, o advogado Celso Vilardi, que defende o empres\u00e1rio Jos\u00e9 Seripieri, criticou a pris\u00e3o.<\/p>\n<p>&#8220;\u00c9 injustific\u00e1vel a decreta\u00e7\u00e3o de pris\u00e3o tempor\u00e1ria de Jos\u00e9 Seripieri Filho. Os fatos investigados ocorreram em 2014, h\u00e1 seis anos portanto, n\u00e3o havendo qualquer motivo que justificasse uma medida t\u00e3o extremada. Os colaboradores mencionados no Inqu\u00e9rito n\u00e3o acusam Seripieri de ter feito doa\u00e7\u00f5es n\u00e3o contabilizadas. Relatam que ele fez um mero pedido de doa\u00e7\u00e3o em favor de Jos\u00e9 Serra e que a decis\u00e3o de fazer a doa\u00e7\u00e3o, assim como a forma eleita, foi decis\u00e3o de um dos colaboradores. Portanto, n\u00e3o h\u00e1 qualquer raz\u00e3o ou fato, ainda que se considere a dela\u00e7\u00e3o como prova (o que os Tribunais j\u00e1 recha\u00e7aram in\u00fameras vezes), que justifique medidas t\u00e3o graves&#8221;, disse.<\/p>\n<p>A <strong>Qualicorp<\/strong> tamb\u00e9m se manifestou sobre o caso.\u00a0\u201cA companhia, em linha com o fato relevante divulgado nesta data, informa que houve busca e apreens\u00e3o em sua sede administrativa e que a nova administra\u00e7\u00e3o da empresa far\u00e1 uma apura\u00e7\u00e3o completa dos fatos narrados nas not\u00edcias divulgadas na imprensa e est\u00e1 colaborando com as autoridades p\u00fablicas competentes&#8221;, disse, em nota.<\/p>\n<h2>Seripieri diminuiu participa\u00e7\u00e3o na Qualicorp<\/h2>\n<p>No in\u00edcio deste ano, Seripieri informou ao <a href=\"https:\/\/www.suno.com.br\/noticias\/fundador-da-qualicorp-diminui-participacao\/\">mercado que havia diminu\u00eddo<\/a> a participa\u00e7\u00e3o societ\u00e1ria na Qualicorp, empresa que fundou. O executivo permaneceria com uma uma fatia de 2,75% apenas da corretora de seguros.<\/p>\n<p>Atrav\u00e9s do fundo 831 participa\u00e7\u00f5es, Seripieri, que tem o controle direto, possu\u00eda 9,9% da Qualicorp. No entanto, segundo o comunicado divulgado pela companhia no site <a href=\"https:\/\/www.suno.com.br\/artigos\/cvm\/\">Comiss\u00e3o de Valores Mobili\u00e1rios (CVM)<\/a> em fevereiro, o executivo vendeu 20,43 milh\u00f5es de a\u00e7\u00f5es da empresa, ficando com 7,8 milh\u00f5es.<\/p>\n<p>As a\u00e7\u00f5es sob posse de Seripieri foram alvo de discuss\u00f5es entre os acionistas minorit\u00e1rios no final de 2018. Na \u00e9poca, o executivo entrou em um acordo non-compete com a <strong>Qualicorp<\/strong>. A empresa anunciou um &#8220;lock-up&#8221; das a\u00e7\u00f5es, o que impactou o mercado e fez a a\u00e7\u00e3o cair mais de 30% em uma semana.<\/p>\n\n","protected":false},"excerpt":{"rendered":"<p>O fundador e ex-presidente da Qualicorp (QUAL3), Jos\u00e9 Seripieri J\u00fanior, foi preso na manh\u00e3 desta ter\u00e7a-feira (21). O empres\u00e1rio foi detido temporariamente em uma opera\u00e7\u00e3o da Pol\u00edcia Federal (PF) e do Minist\u00e9rio P\u00fablico Eleitoral (MPE) por suspeitas de doa\u00e7\u00f5es irregulares para a campanha do senador Jos\u00e9 Serra (PSDB-SP), em 2014. Qualicorp (QUAL3) termina rela\u00e7\u00f5es societ\u00e1rias [&hellip;]<\/p>\n","protected":false},"author":27,"featured_media":33990,"comment_status":"closed","ping_status":"closed","sticky":false,"template":"","format":"standard","meta":[],"categories":[60],"tags":[105340,1914,611],"suno_strategy":[],"class_list":["post-74090","post","type-post","status-publish","format-standard","has-post-thumbnail","hentry","category-mercado","tag-jose-seripieri-filho","tag-operacao-lava-jato","tag-qualicorp-qual3"],"yoast_head":"<!-- This site is optimized with the Yoast SEO plugin v24.4 - https:\/\/yoast.com\/wordpress\/plugins\/seo\/ -->\n<title>Empres\u00e1rio fundador da Qualicorp \u00e9 preso em opera\u00e7\u00e3o da PF<\/title>\n<meta name=\"description\" content=\"O fundador da Qualicorp, Jos\u00e9 Seripieri J\u00fanior, foi preso em uma opera\u00e7\u00e3o que investiga a campanha de Jos\u00e9 Serra (PSDB-SP). Clique para ler.\" \/>\n<meta name=\"robots\" content=\"index, follow, max-snippet:-1, max-image-preview:large, max-video-preview:-1\" \/>\n<link rel=\"canonical\" href=\"https:\/\/www.suno.com.br\/noticias\/qualicorp-qual3-fundador-e-preso-em-operacao-da-policia-federal\/\" \/>\n<meta property=\"og:locale\" content=\"pt_BR\" \/>\n<meta property=\"og:type\" content=\"article\" \/>\n<meta property=\"og:title\" content=\"Empres\u00e1rio fundador da Qualicorp \u00e9 preso em opera\u00e7\u00e3o da PF\" \/>\n<meta property=\"og:description\" content=\"O fundador da Qualicorp, Jos\u00e9 Seripieri J\u00fanior, foi preso em uma opera\u00e7\u00e3o que investiga a campanha de Jos\u00e9 Serra (PSDB-SP). Clique para ler.\" \/>\n<meta property=\"og:url\" content=\"https:\/\/www.suno.com.br\/noticias\/qualicorp-qual3-fundador-e-preso-em-operacao-da-policia-federal\/\" \/>\n<meta property=\"og:site_name\" content=\"Suno Not\u00edcias\" \/>\n<meta property=\"article:publisher\" content=\"https:\/\/facebook.com\/sunoresearch\" \/>\n<meta property=\"og:image\" content=\"https:\/\/files.sunoresearch.com.br\/n\/uploads\/2019\/08\/782c9731-qualicorp-divulga\u00e7\u00e3o.jpg\" \/>\n\t<meta property=\"og:image:width\" content=\"1195\" \/>\n\t<meta property=\"og:image:height\" content=\"696\" \/>\n\t<meta property=\"og:image:type\" content=\"image\/jpeg\" \/>\n<meta name=\"author\" content=\"Vinicius Pereira\" \/>\n<meta name=\"twitter:card\" content=\"summary_large_image\" \/>\n<meta name=\"twitter:creator\" content=\"@https:\/\/twitter.com\/viniciuspjornal\" \/>\n<meta name=\"twitter:site\" content=\"@sunoresearch\" \/>\n<meta name=\"twitter:label1\" content=\"Escrito por\" \/>\n\t<meta name=\"twitter:data1\" content=\"Vinicius Pereira\" \/>\n\t<meta name=\"twitter:label2\" content=\"Est. tempo de leitura\" \/>\n\t<meta name=\"twitter:data2\" content=\"3 minutos\" \/>\n<script type=\"application\/ld+json\" class=\"yoast-schema-graph\">{\"@context\":\"https:\/\/schema.org\",\"@graph\":[{\"@type\":\"NewsArticle\",\"@id\":\"https:\/\/www.suno.com.br\/noticias\/qualicorp-qual3-fundador-e-preso-em-operacao-da-policia-federal\/#article\",\"isPartOf\":{\"@id\":\"https:\/\/www.suno.com.br\/noticias\/qualicorp-qual3-fundador-e-preso-em-operacao-da-policia-federal\/\"},\"author\":{\"name\":\"Vinicius Pereira\",\"@id\":\"https:\/\/www.suno.com.br\/noticias\/#\/schema\/person\/a20761b96e4df7eb57f1f9e41be1dbf3\"},\"headline\":\"Empres\u00e1rio fundador da Qualicorp \u00e9 preso em opera\u00e7\u00e3o da PF\",\"datePublished\":\"2020-07-21T12:48:14+00:00\",\"dateModified\":\"2021-06-24T17:52:55+00:00\",\"mainEntityOfPage\":{\"@id\":\"https:\/\/www.suno.com.br\/noticias\/qualicorp-qual3-fundador-e-preso-em-operacao-da-policia-federal\/\"},\"wordCount\":641,\"publisher\":{\"@id\":\"https:\/\/www.suno.com.br\/noticias\/#organization\"},\"image\":{\"@id\":\"https:\/\/www.suno.com.br\/noticias\/qualicorp-qual3-fundador-e-preso-em-operacao-da-policia-federal\/#primaryimage\"},\"thumbnailUrl\":\"https:\/\/files.sunoresearch.com.br\/n\/uploads\/2019\/08\/782c9731-qualicorp-divulga\u00e7\u00e3o-jpg.webp\",\"keywords\":[\"Jos\u00e9 Seripieri Filho\",\"Opera\u00e7\u00e3o Lava Jato\",\"Qualicorp (QUAL3)\"],\"articleSection\":[\"Mercado\"],\"inLanguage\":\"pt-BR\"},{\"@type\":\"WebPage\",\"@id\":\"https:\/\/www.suno.com.br\/noticias\/qualicorp-qual3-fundador-e-preso-em-operacao-da-policia-federal\/\",\"url\":\"https:\/\/www.suno.com.br\/noticias\/qualicorp-qual3-fundador-e-preso-em-operacao-da-policia-federal\/\",\"name\":\"Empres\u00e1rio fundador da Qualicorp \u00e9 preso em opera\u00e7\u00e3o da PF\",\"isPartOf\":{\"@id\":\"https:\/\/www.suno.com.br\/noticias\/#website\"},\"primaryImageOfPage\":{\"@id\":\"https:\/\/www.suno.com.br\/noticias\/qualicorp-qual3-fundador-e-preso-em-operacao-da-policia-federal\/#primaryimage\"},\"image\":{\"@id\":\"https:\/\/www.suno.com.br\/noticias\/qualicorp-qual3-fundador-e-preso-em-operacao-da-policia-federal\/#primaryimage\"},\"thumbnailUrl\":\"https:\/\/files.sunoresearch.com.br\/n\/uploads\/2019\/08\/782c9731-qualicorp-divulga\u00e7\u00e3o-jpg.webp\",\"datePublished\":\"2020-07-21T12:48:14+00:00\",\"dateModified\":\"2021-06-24T17:52:55+00:00\",\"description\":\"O fundador da Qualicorp, Jos\u00e9 Seripieri J\u00fanior, foi preso em uma opera\u00e7\u00e3o que investiga a campanha de Jos\u00e9 Serra (PSDB-SP). Clique para ler.\",\"breadcrumb\":{\"@id\":\"https:\/\/www.suno.com.br\/noticias\/qualicorp-qual3-fundador-e-preso-em-operacao-da-policia-federal\/#breadcrumb\"},\"inLanguage\":\"pt-BR\",\"potentialAction\":[{\"@type\":\"ReadAction\",\"target\":[\"https:\/\/www.suno.com.br\/noticias\/qualicorp-qual3-fundador-e-preso-em-operacao-da-policia-federal\/\"]}]},{\"@type\":\"ImageObject\",\"inLanguage\":\"pt-BR\",\"@id\":\"https:\/\/www.suno.com.br\/noticias\/qualicorp-qual3-fundador-e-preso-em-operacao-da-policia-federal\/#primaryimage\",\"url\":\"https:\/\/files.sunoresearch.com.br\/n\/uploads\/2019\/08\/782c9731-qualicorp-divulga\u00e7\u00e3o-jpg.webp\",\"contentUrl\":\"https:\/\/files.sunoresearch.com.br\/n\/uploads\/2019\/08\/782c9731-qualicorp-divulga\u00e7\u00e3o-jpg.webp\",\"width\":1195,\"height\":696,\"caption\":\"Qualicorp (QUAL3) termina rela\u00e7\u00f5es societ\u00e1rias com fundador\"},{\"@type\":\"BreadcrumbList\",\"@id\":\"https:\/\/www.suno.com.br\/noticias\/qualicorp-qual3-fundador-e-preso-em-operacao-da-policia-federal\/#breadcrumb\",\"itemListElement\":[{\"@type\":\"ListItem\",\"position\":1,\"name\":\"Not\u00edcias\",\"item\":\"https:\/\/www.suno.com.br\/noticias\/\"},{\"@type\":\"ListItem\",\"position\":2,\"name\":\"Mercado\",\"item\":\"https:\/\/www.suno.com.br\/noticias\/mercado\/\"},{\"@type\":\"ListItem\",\"position\":3,\"name\":\"Empres\u00e1rio fundador da Qualicorp \u00e9 preso em opera\u00e7\u00e3o da PF\"}]},{\"@type\":\"WebSite\",\"@id\":\"https:\/\/www.suno.com.br\/noticias\/#website\",\"url\":\"https:\/\/www.suno.com.br\/noticias\/\",\"name\":\"Suno Not\u00edcias\",\"description\":\"Seu portal de informa\u00e7\u00e3o sobre o mundo dos investimentos\",\"publisher\":{\"@id\":\"https:\/\/www.suno.com.br\/noticias\/#organization\"},\"potentialAction\":[{\"@type\":\"SearchAction\",\"target\":{\"@type\":\"EntryPoint\",\"urlTemplate\":\"https:\/\/www.suno.com.br\/noticias\/?s={search_term_string}\"},\"query-input\":{\"@type\":\"PropertyValueSpecification\",\"valueRequired\":true,\"valueName\":\"search_term_string\"}}],\"inLanguage\":\"pt-BR\"},{\"@type\":\"Organization\",\"@id\":\"https:\/\/www.suno.com.br\/noticias\/#organization\",\"name\":\"Suno Not\u00edcias\",\"url\":\"https:\/\/www.suno.com.br\/noticias\/\",\"logo\":{\"@type\":\"ImageObject\",\"inLanguage\":\"pt-BR\",\"@id\":\"https:\/\/www.suno.com.br\/noticias\/#\/schema\/logo\/image\/\",\"url\":\"https:\/\/files.sunoresearch.com.br\/n\/uploads\/2021\/09\/suno-logo.png\",\"contentUrl\":\"https:\/\/files.sunoresearch.com.br\/n\/uploads\/2021\/09\/suno-logo.png\",\"width\":180,\"height\":180,\"caption\":\"Suno Not\u00edcias\"},\"image\":{\"@id\":\"https:\/\/www.suno.com.br\/noticias\/#\/schema\/logo\/image\/\"},\"sameAs\":[\"https:\/\/facebook.com\/sunoresearch\",\"https:\/\/x.com\/sunoresearch\",\"https:\/\/www.instagram.com\/suno\",\"https:\/\/www.linkedin.com\/company\/suno-research\/\",\"https:\/\/www.youtube.com\/c\/sunoresearch\"]},{\"@type\":\"Person\",\"@id\":\"https:\/\/www.suno.com.br\/noticias\/#\/schema\/person\/a20761b96e4df7eb57f1f9e41be1dbf3\",\"name\":\"Vinicius Pereira\",\"image\":{\"@type\":\"ImageObject\",\"inLanguage\":\"pt-BR\",\"@id\":\"https:\/\/www.suno.com.br\/noticias\/#\/schema\/person\/image\/\",\"url\":\"https:\/\/secure.gravatar.com\/avatar\/783866b933198f5cc4c5d03fcc8b1301?s=96&r=g\",\"contentUrl\":\"https:\/\/secure.gravatar.com\/avatar\/783866b933198f5cc4c5d03fcc8b1301?s=96&r=g\",\"caption\":\"Vinicius Pereira\"},\"description\":\"Vinicius Pereira foi rep\u00f3rter de economia da Folha de S.Paulo, stringer do jornal no Canad\u00e1 e colaborador de VEJA. J\u00e1 escreveu tamb\u00e9m para BBC Brasil, The Intercept Brasil e UOL. Tem MBA em Informa\u00e7\u00f5es Econ\u00f4mico-Financeiras e Mercado de Capitais pela FIA\/B3.\",\"sameAs\":[\"https:\/\/x.com\/https:\/\/twitter.com\/viniciuspjornal\"],\"url\":\"https:\/\/www.suno.com.br\/noticias\/author\/vinicius-pereira\/\"}]}<\/script>\n<!-- \/ Yoast SEO plugin. -->","yoast_head_json":{"title":"Empres\u00e1rio fundador da Qualicorp \u00e9 preso em opera\u00e7\u00e3o da PF","description":"O fundador da Qualicorp, Jos\u00e9 Seripieri J\u00fanior, foi preso em uma opera\u00e7\u00e3o que investiga a campanha de Jos\u00e9 Serra (PSDB-SP). Clique para ler.","robots":{"index":"index","follow":"follow","max-snippet":"max-snippet:-1","max-image-preview":"max-image-preview:large","max-video-preview":"max-video-preview:-1"},"canonical":"https:\/\/www.suno.com.br\/noticias\/qualicorp-qual3-fundador-e-preso-em-operacao-da-policia-federal\/","og_locale":"pt_BR","og_type":"article","og_title":"Empres\u00e1rio fundador da Qualicorp \u00e9 preso em opera\u00e7\u00e3o da PF","og_description":"O fundador da Qualicorp, Jos\u00e9 Seripieri J\u00fanior, foi preso em uma opera\u00e7\u00e3o que investiga a campanha de Jos\u00e9 Serra (PSDB-SP). Clique para ler.","og_url":"https:\/\/www.suno.com.br\/noticias\/qualicorp-qual3-fundador-e-preso-em-operacao-da-policia-federal\/","og_site_name":"Suno Not\u00edcias","article_publisher":"https:\/\/facebook.com\/sunoresearch","og_image":[{"width":1195,"height":696,"url":"https:\/\/files.sunoresearch.com.br\/n\/uploads\/2019\/08\/782c9731-qualicorp-divulga\u00e7\u00e3o.jpg","type":"image\/jpeg"}],"author":"Vinicius Pereira","twitter_card":"summary_large_image","twitter_creator":"@https:\/\/twitter.com\/viniciuspjornal","twitter_site":"@sunoresearch","twitter_misc":{"Escrito por":"Vinicius Pereira","Est. tempo de leitura":"3 minutos"},"schema":{"@context":"https:\/\/schema.org","@graph":[{"@type":"NewsArticle","@id":"https:\/\/www.suno.com.br\/noticias\/qualicorp-qual3-fundador-e-preso-em-operacao-da-policia-federal\/#article","isPartOf":{"@id":"https:\/\/www.suno.com.br\/noticias\/qualicorp-qual3-fundador-e-preso-em-operacao-da-policia-federal\/"},"author":{"name":"Vinicius Pereira","@id":"https:\/\/www.suno.com.br\/noticias\/#\/schema\/person\/a20761b96e4df7eb57f1f9e41be1dbf3"},"headline":"Empres\u00e1rio fundador da Qualicorp \u00e9 preso em opera\u00e7\u00e3o da PF","datePublished":"2020-07-21T12:48:14+00:00","dateModified":"2021-06-24T17:52:55+00:00","mainEntityOfPage":{"@id":"https:\/\/www.suno.com.br\/noticias\/qualicorp-qual3-fundador-e-preso-em-operacao-da-policia-federal\/"},"wordCount":641,"publisher":{"@id":"https:\/\/www.suno.com.br\/noticias\/#organization"},"image":{"@id":"https:\/\/www.suno.com.br\/noticias\/qualicorp-qual3-fundador-e-preso-em-operacao-da-policia-federal\/#primaryimage"},"thumbnailUrl":"https:\/\/files.sunoresearch.com.br\/n\/uploads\/2019\/08\/782c9731-qualicorp-divulga\u00e7\u00e3o-jpg.webp","keywords":["Jos\u00e9 Seripieri Filho","Opera\u00e7\u00e3o Lava Jato","Qualicorp (QUAL3)"],"articleSection":["Mercado"],"inLanguage":"pt-BR"},{"@type":"WebPage","@id":"https:\/\/www.suno.com.br\/noticias\/qualicorp-qual3-fundador-e-preso-em-operacao-da-policia-federal\/","url":"https:\/\/www.suno.com.br\/noticias\/qualicorp-qual3-fundador-e-preso-em-operacao-da-policia-federal\/","name":"Empres\u00e1rio fundador da Qualicorp \u00e9 preso em opera\u00e7\u00e3o da PF","isPartOf":{"@id":"https:\/\/www.suno.com.br\/noticias\/#website"},"primaryImageOfPage":{"@id":"https:\/\/www.suno.com.br\/noticias\/qualicorp-qual3-fundador-e-preso-em-operacao-da-policia-federal\/#primaryimage"},"image":{"@id":"https:\/\/www.suno.com.br\/noticias\/qualicorp-qual3-fundador-e-preso-em-operacao-da-policia-federal\/#primaryimage"},"thumbnailUrl":"https:\/\/files.sunoresearch.com.br\/n\/uploads\/2019\/08\/782c9731-qualicorp-divulga\u00e7\u00e3o-jpg.webp","datePublished":"2020-07-21T12:48:14+00:00","dateModified":"2021-06-24T17:52:55+00:00","description":"O fundador da Qualicorp, Jos\u00e9 Seripieri J\u00fanior, foi preso em uma opera\u00e7\u00e3o que investiga a campanha de Jos\u00e9 Serra (PSDB-SP). Clique para ler.","breadcrumb":{"@id":"https:\/\/www.suno.com.br\/noticias\/qualicorp-qual3-fundador-e-preso-em-operacao-da-policia-federal\/#breadcrumb"},"inLanguage":"pt-BR","potentialAction":[{"@type":"ReadAction","target":["https:\/\/www.suno.com.br\/noticias\/qualicorp-qual3-fundador-e-preso-em-operacao-da-policia-federal\/"]}]},{"@type":"ImageObject","inLanguage":"pt-BR","@id":"https:\/\/www.suno.com.br\/noticias\/qualicorp-qual3-fundador-e-preso-em-operacao-da-policia-federal\/#primaryimage","url":"https:\/\/files.sunoresearch.com.br\/n\/uploads\/2019\/08\/782c9731-qualicorp-divulga\u00e7\u00e3o-jpg.webp","contentUrl":"https:\/\/files.sunoresearch.com.br\/n\/uploads\/2019\/08\/782c9731-qualicorp-divulga\u00e7\u00e3o-jpg.webp","width":1195,"height":696,"caption":"Qualicorp (QUAL3) termina rela\u00e7\u00f5es societ\u00e1rias com fundador"},{"@type":"BreadcrumbList","@id":"https:\/\/www.suno.com.br\/noticias\/qualicorp-qual3-fundador-e-preso-em-operacao-da-policia-federal\/#breadcrumb","itemListElement":[{"@type":"ListItem","position":1,"name":"Not\u00edcias","item":"https:\/\/www.suno.com.br\/noticias\/"},{"@type":"ListItem","position":2,"name":"Mercado","item":"https:\/\/www.suno.com.br\/noticias\/mercado\/"},{"@type":"ListItem","position":3,"name":"Empres\u00e1rio fundador da Qualicorp \u00e9 preso em opera\u00e7\u00e3o da PF"}]},{"@type":"WebSite","@id":"https:\/\/www.suno.com.br\/noticias\/#website","url":"https:\/\/www.suno.com.br\/noticias\/","name":"Suno Not\u00edcias","description":"Seu portal de informa\u00e7\u00e3o sobre o mundo dos investimentos","publisher":{"@id":"https:\/\/www.suno.com.br\/noticias\/#organization"},"potentialAction":[{"@type":"SearchAction","target":{"@type":"EntryPoint","urlTemplate":"https:\/\/www.suno.com.br\/noticias\/?s={search_term_string}"},"query-input":{"@type":"PropertyValueSpecification","valueRequired":true,"valueName":"search_term_string"}}],"inLanguage":"pt-BR"},{"@type":"Organization","@id":"https:\/\/www.suno.com.br\/noticias\/#organization","name":"Suno Not\u00edcias","url":"https:\/\/www.suno.com.br\/noticias\/","logo":{"@type":"ImageObject","inLanguage":"pt-BR","@id":"https:\/\/www.suno.com.br\/noticias\/#\/schema\/logo\/image\/","url":"https:\/\/files.sunoresearch.com.br\/n\/uploads\/2021\/09\/suno-logo.png","contentUrl":"https:\/\/files.sunoresearch.com.br\/n\/uploads\/2021\/09\/suno-logo.png","width":180,"height":180,"caption":"Suno Not\u00edcias"},"image":{"@id":"https:\/\/www.suno.com.br\/noticias\/#\/schema\/logo\/image\/"},"sameAs":["https:\/\/facebook.com\/sunoresearch","https:\/\/x.com\/sunoresearch","https:\/\/www.instagram.com\/suno","https:\/\/www.linkedin.com\/company\/suno-research\/","https:\/\/www.youtube.com\/c\/sunoresearch"]},{"@type":"Person","@id":"https:\/\/www.suno.com.br\/noticias\/#\/schema\/person\/a20761b96e4df7eb57f1f9e41be1dbf3","name":"Vinicius Pereira","image":{"@type":"ImageObject","inLanguage":"pt-BR","@id":"https:\/\/www.suno.com.br\/noticias\/#\/schema\/person\/image\/","url":"https:\/\/secure.gravatar.com\/avatar\/783866b933198f5cc4c5d03fcc8b1301?s=96&r=g","contentUrl":"https:\/\/secure.gravatar.com\/avatar\/783866b933198f5cc4c5d03fcc8b1301?s=96&r=g","caption":"Vinicius Pereira"},"description":"Vinicius Pereira foi rep\u00f3rter de economia da Folha de S.Paulo, stringer do jornal no Canad\u00e1 e colaborador de VEJA. J\u00e1 escreveu tamb\u00e9m para BBC Brasil, The Intercept Brasil e UOL. Tem MBA em Informa\u00e7\u00f5es Econ\u00f4mico-Financeiras e Mercado de Capitais pela FIA\/B3.","sameAs":["https:\/\/x.com\/https:\/\/twitter.com\/viniciuspjornal"],"url":"https:\/\/www.suno.com.br\/noticias\/author\/vinicius-pereira\/"}]}},"default_loop_html":"<div class=\"cardsPage__listCard__boxs\"><div class=\"cardsPage__listCard__boxs__img\"><a href=\"https:\/\/www.suno.com.br\/noticias\/qualicorp-qual3-fundador-e-preso-em-operacao-da-policia-federal\/\"><img class=\"mask\" src=\"https:\/\/www.suno.com.br\/noticias\/wp-content\/themes\/suno\/resources\/images\/spotlight\/spotlight1img\/bg-mask.png\" alt=\"Image Mask\"\/><img src=\"https:\/\/files.sunoresearch.com.br\/n\/uploads\/2019\/08\/782c9731-qualicorp-divulga\u00e7\u00e3o-400x200.webp\" alt=\"Empres\u00e1rio fundador da Qualicorp \u00e9 preso em opera\u00e7\u00e3o da PF\"\/><\/a><span class=\"spotlightCategory\"><a href=\"https:\/\/www.suno.com.br\/noticias\/mercado\/\">Mercado<\/a><\/span><\/div><div class=\"cardsPage__listCard__boxs__content\"><a href=\"https:\/\/www.suno.com.br\/noticias\/qualicorp-qual3-fundador-e-preso-em-operacao-da-policia-federal\/\"><h2 class=\"content__title\">Empres\u00e1rio fundador da Qualicorp \u00e9 preso em opera\u00e7\u00e3o da PF<\/h2><\/a><div class=\"newsContent__article__meta\"><div class=\"newsContent__article__meta__authorBox\"><a href=\"https:\/\/www.suno.com.br\/noticias\/author\/vinicius-pereira\/\" class=\"authorBox__avatar noMobi\"><img src=\"https:\/\/files.sunoresearch.com.br\/n\/uploads\/2020\/08\/77510613-whatsapp-image-2020-08-03-at-13.40.40-150x150.webp\" alt=\"Vinicius Pereira\"><\/a><div class=\"authorBox__name\"><span>por\n\t\t\t<a href=\"https:\/\/www.suno.com.br\/noticias\/author\/vinicius-pereira\/\"><span itemprop=\"author\">Vinicius Pereira<\/span><\/a><\/span><time datetime=\"2020-07-21T09:48:14-03:00\" itemprop=\"datePublished\">21\/07\/2020 09:48<\/time><\/div><\/div><\/div><\/div><\/div>","single_layout":"posts","amp_enabled":true,"_links":{"self":[{"href":"https:\/\/www.suno.com.br\/noticias\/wp-json\/wp\/v2\/posts\/74090"}],"collection":[{"href":"https:\/\/www.suno.com.br\/noticias\/wp-json\/wp\/v2\/posts"}],"about":[{"href":"https:\/\/www.suno.com.br\/noticias\/wp-json\/wp\/v2\/types\/post"}],"author":[{"embeddable":true,"href":"https:\/\/www.suno.com.br\/noticias\/wp-json\/wp\/v2\/users\/27"}],"replies":[{"embeddable":true,"href":"https:\/\/www.suno.com.br\/noticias\/wp-json\/wp\/v2\/comments?post=74090"}],"version-history":[{"count":1,"href":"https:\/\/www.suno.com.br\/noticias\/wp-json\/wp\/v2\/posts\/74090\/revisions"}],"predecessor-version":[{"id":160968,"href":"https:\/\/www.suno.com.br\/noticias\/wp-json\/wp\/v2\/posts\/74090\/revisions\/160968"}],"wp:featuredmedia":[{"embeddable":true,"href":"https:\/\/www.suno.com.br\/noticias\/wp-json\/wp\/v2\/media\/33990"}],"wp:attachment":[{"href":"https:\/\/www.suno.com.br\/noticias\/wp-json\/wp\/v2\/media?parent=74090"}],"wp:term":[{"taxonomy":"category","embeddable":true,"href":"https:\/\/www.suno.com.br\/noticias\/wp-json\/wp\/v2\/categories?post=74090"},{"taxonomy":"post_tag","embeddable":true,"href":"https:\/\/www.suno.com.br\/noticias\/wp-json\/wp\/v2\/tags?post=74090"},{"taxonomy":"suno_strategy","embeddable":true,"href":"https:\/\/www.suno.com.br\/noticias\/wp-json\/wp\/v2\/suno_strategy?post=74090"}],"curies":[{"name":"wp","href":"https:\/\/api.w.org\/{rel}","templated":true}]}}