{"id":74021,"date":"2020-07-20T20:02:11","date_gmt":"2020-07-20T23:02:11","guid":{"rendered":"https:\/\/www.suno.com.br\/noticias\/?p=74021"},"modified":"2021-06-21T06:18:26","modified_gmt":"2021-06-21T09:18:26","slug":"ibm-registra-queda-455-lucro-culpa-coronavirus","status":"publish","type":"post","link":"https:\/\/www.suno.com.br\/noticias\/ibm-registra-queda-455-lucro-culpa-coronavirus\/","title":{"rendered":"IBM registra queda de 45,5% no lucro e culpa coronav\u00edrus"},"content":{"rendered":"<p>A <strong>IBM<\/strong> (<a href=\"https:\/\/www.suno.com.br\/artigos\/nyse\/\">NYSE<\/a>: IBM) registrou queda nos resultados do segundo trimestre do ano, indicando que a pandemia do coronav\u00edrus (covid-19) impossibilitou a venda de produtos e servi\u00e7os para muitos dos seus clientes corporativos. Os dados foram divulgados nesta segunda-feira (20).<\/p>\t<div class=\"wrapper-featured-image\">\n\t\t<figure class=\"spotlightImg\">\n\n\t\t\t<picture>\n\t\t\t\t<source media=\"(max-width: 768px)\" srcset=\"https:\/\/files.sunoresearch.com.br\/n\/uploads\/2019\/01\/811fe6f7-ibm-produz-computador-qu\u00e2ntico-400x200.webp\">\n\t\t\t\t<img loading=\"lazy\" decoding=\"async\" class=\"newsContent__article__imgCapa lazyloadDisabled newsContent__article__imgCapa--noCaption\" src=\"https:\/\/files.sunoresearch.com.br\/n\/uploads\/2019\/01\/811fe6f7-ibm-produz-computador-qu\u00e2ntico-800x450.webp\" width=\"800\" height=\"450\" alt=\"IBM registra queda de 45,5% no lucro e culpa coronav\u00edrus\" fetchpriority=high \/>\n\t\t\t<\/picture>\n\n\t\t\t<figcaption class=\"wp-caption-text wp-caption-text--hide\">IBM registra queda de 45,5% no lucro e culpa coronav\u00edrus<\/figcaption>\n\t\t<\/figure>\n\t<\/div>\n\n\n\n<p>A IBM buscava um crescimento significativo com o novo <a href=\"https:\/\/www.google.com\/url?sa=t&amp;rct=j&amp;q=&amp;esrc=s&amp;source=web&amp;cd=&amp;cad=rja&amp;uact=8&amp;ved=2ahUKEwiI8cPe7NzqAhVrj3IEHTE3BYoQFjAAegQIARAB&amp;url=https%3A%2F%2Fwww.suno.com.br%2Fartigos%2Fceo%2F&amp;usg=AOvVaw0w_CzbKW67f6Se4Zc3FWmS\">CEO<\/a> <strong>Arvind Krishna<\/strong>, depois de v\u00e1rios anos registrando receitas abaixo do esperado com o seu antecessor, <strong>Ginni Rometty<\/strong>. Os setores de <strong>computa\u00e7\u00e3o<\/strong> e de <strong>intelig\u00eancia artificial<\/strong> tornaram-se os pilares da empresa nos \u00faltimos anos, com seus computadores e servi\u00e7os de tecnologia da informa\u00e7\u00e3o (TI).<\/p>\n<p>No entanto, os funcion\u00e1rios da IBM e analistas do setor informaram recentemente que muitas empresas t\u00eam mostrado preocupa\u00e7\u00f5es com a situa\u00e7\u00e3o vivida ao redor do mundo, levando ao corte nas compras de aparelhos tecnol\u00f3gicos pelas companhias. A <strong>pandemia<\/strong> levou a IBM em abril a cancelar sua &#8220;<a href=\"https:\/\/www.suno.com.br\/artigos\/guidance\/\">guidance<\/a>&#8221; para resto do ano. A empresa tamb\u00e9m demitiu milhares de funcion\u00e1rios nos \u00faltimos dois meses, estimulada pelo <strong>coronav\u00edrus<\/strong> e por uma reorganiza\u00e7\u00e3o mais ampla de seus neg\u00f3cios.<\/p>\n<p><a href=\"https:\/\/lp.suno.com.br\/suno-one\/\">Suno One: o primeiro passo para alcan\u00e7ar a sua independ\u00eancia financeira. Acesse agora, \u00e9 gratuito!<\/a><\/p>\n<p>A IBM informou na segunda-feira que sua <a href=\"https:\/\/www.suno.com.br\/artigos\/receita-total\/\">receita<\/a> referente ao segundo trimestre caiu 5,4%, para US$ 18,12 bilh\u00f5es (cerca de R$ 96,56 bilh\u00f5es). O <a href=\"https:\/\/www.suno.com.br\/artigos\/lucro-por-acao\/\">lucro por a\u00e7\u00e3o<\/a> tamb\u00e9m caiu para US$ 1,52, de US$ 2,81 no mesmo per\u00edodo do ano passado, representando uma contra\u00e7\u00e3o de 45,5% ano a ano.<\/p>\n<p>Apesar do desempenho desafiador, a IBM disse que sua receita de computa\u00e7\u00e3o em nuvem foi de US$ 6,3 bilh\u00f5es durante o segundo trimestre, um aumento de 30% em rela\u00e7\u00e3o ao ano anterior.<\/p>\n<h2>O desempenho da IBM em rela\u00e7\u00e3o \u00e0s outras empresas do setor<\/h2>\n<p>A IBM foi uma das primeiras grandes empresas de tecnologia dos EUA a divulgar resultados para o segundo trimestre de 2020. A fabricante de chips <strong>Intel<\/strong> (<a href=\"https:\/\/www.suno.com.br\/artigos\/nasdaq\/\">NASDAQ<\/a>: INTC) informar\u00e1 no final desta semana, enquanto a <strong>Amazon.com<\/strong> (<a href=\"https:\/\/www.suno.com.br\/artigos\/nasdaq\/\">NASDAQ<\/a>: AMZN), a <strong>Apple<\/strong> (<a href=\"https:\/\/www.suno.com.br\/artigos\/nasdaq\/\">NASDAQ<\/a>: AAPL), a controladora do <strong>Google<\/strong>, <strong>Alphabet<\/strong> (<a href=\"https:\/\/www.suno.com.br\/artigos\/nasdaq\/\">NASDAQ<\/a>: GOOG) e o <strong>Facebook<\/strong> (<a href=\"https:\/\/www.suno.com.br\/artigos\/nasdaq\/\">NASDAQ<\/a>: FB), divulgar\u00e3o os resultados financeiros trimestrais na pr\u00f3xima semana.<\/p>\n<p><a href=\"https:\/\/www.suno.com.br\/noticias\/ibm-amazon-microsoft-ceo-nuvem\/\">Veja tamb\u00e9m: IBM n\u00e3o v\u00ea Amazon e Microsoft como concorrentes mas como aliadas, diz CEO<\/a><\/p>\n<p>O setor de tecnologia dos EUA demonstrou resili\u00eancia na era do coronav\u00edrus, \u00e0 medida que mais pessoas trabalham em casa e usam hardware, software e servi\u00e7os de internet. No entanto, empresas como a <strong>IBM<\/strong> n\u00e3o foram imunes aos impactos negativos da pandemia, como a queda na publicidade e a menor demanda por aparelhos eletr\u00f4nicos.<\/p>\n\n","protected":false},"excerpt":{"rendered":"<p>A IBM (NYSE: IBM) registrou queda nos resultados do segundo trimestre do ano, indicando que a pandemia do coronav\u00edrus (covid-19) impossibilitou a venda de produtos e servi\u00e7os para muitos dos seus clientes corporativos. Os dados foram divulgados nesta segunda-feira (20). IBM registra queda de 45,5% no lucro e culpa coronav\u00edrus A IBM buscava um crescimento [&hellip;]<\/p>\n","protected":false},"author":44,"featured_media":10984,"comment_status":"closed","ping_status":"closed","sticky":false,"template":"","format":"standard","meta":[],"categories":[64],"tags":[1372,694,794,2487,733,701,953,1607,1134],"suno_strategy":[],"class_list":["post-74021","post","type-post","status-publish","format-standard","has-post-thumbnail","hentry","category-negocios","tag-alphabet-gogl34-gogl35","tag-amazon-amzo34","tag-apple-aapl34","tag-coronavirus","tag-facebook-fbok34","tag-google","tag-ibm-ibmb34","tag-resultado-das-empresas","tag-tecnologia"],"yoast_head":"<!-- This site is optimized with the Yoast SEO plugin v24.4 - https:\/\/yoast.com\/wordpress\/plugins\/seo\/ -->\n<title>IBM registra queda de 45,5% no lucro e culpa coronav\u00edrus<\/title>\n<meta name=\"description\" content=\"A IBM registrou queda nos resultados do segundo trimestre, indicando que a pandemia impossibilitou muitas vendas. Clique para ver mais.\" \/>\n<meta name=\"robots\" content=\"index, follow, max-snippet:-1, max-image-preview:large, max-video-preview:-1\" \/>\n<link rel=\"canonical\" href=\"https:\/\/www.suno.com.br\/noticias\/ibm-registra-queda-455-lucro-culpa-coronavirus\/\" \/>\n<meta property=\"og:locale\" content=\"pt_BR\" \/>\n<meta property=\"og:type\" content=\"article\" \/>\n<meta property=\"og:title\" content=\"IBM registra queda de 45,5% no lucro e culpa coronav\u00edrus\" \/>\n<meta property=\"og:description\" content=\"A IBM registrou queda nos resultados do segundo trimestre, indicando que a pandemia impossibilitou muitas vendas. Clique para ver mais.\" \/>\n<meta property=\"og:url\" content=\"https:\/\/www.suno.com.br\/noticias\/ibm-registra-queda-455-lucro-culpa-coronavirus\/\" \/>\n<meta property=\"og:site_name\" content=\"Suno Not\u00edcias\" \/>\n<meta property=\"article:publisher\" content=\"https:\/\/facebook.com\/sunoresearch\" \/>\n<meta property=\"og:image\" content=\"https:\/\/files.sunoresearch.com.br\/n\/uploads\/2019\/01\/811fe6f7-ibm-produz-computador-qu\u00e2ntico.jpg\" \/>\n\t<meta property=\"og:image:width\" content=\"2048\" \/>\n\t<meta property=\"og:image:height\" content=\"1536\" \/>\n\t<meta property=\"og:image:type\" content=\"image\/jpeg\" \/>\n<meta name=\"author\" content=\"Daniel Guimar\u00e3es\" \/>\n<meta name=\"twitter:card\" content=\"summary_large_image\" \/>\n<meta name=\"twitter:creator\" content=\"@sunoresearch\" \/>\n<meta name=\"twitter:site\" content=\"@sunoresearch\" \/>\n<meta name=\"twitter:label1\" content=\"Escrito por\" \/>\n\t<meta name=\"twitter:data1\" content=\"Daniel Guimar\u00e3es\" \/>\n\t<meta name=\"twitter:label2\" content=\"Est. tempo de leitura\" \/>\n\t<meta name=\"twitter:data2\" content=\"2 minutos\" \/>\n<script type=\"application\/ld+json\" class=\"yoast-schema-graph\">{\"@context\":\"https:\/\/schema.org\",\"@graph\":[{\"@type\":\"NewsArticle\",\"@id\":\"https:\/\/www.suno.com.br\/noticias\/ibm-registra-queda-455-lucro-culpa-coronavirus\/#article\",\"isPartOf\":{\"@id\":\"https:\/\/www.suno.com.br\/noticias\/ibm-registra-queda-455-lucro-culpa-coronavirus\/\"},\"author\":{\"name\":\"Daniel Guimar\u00e3es\",\"@id\":\"https:\/\/www.suno.com.br\/noticias\/#\/schema\/person\/a7796c19fcf6bafd03b9a2fa1fd9ae20\"},\"headline\":\"IBM registra queda de 45,5% no lucro e culpa coronav\u00edrus\",\"datePublished\":\"2020-07-20T23:02:11+00:00\",\"dateModified\":\"2021-06-21T09:18:26+00:00\",\"mainEntityOfPage\":{\"@id\":\"https:\/\/www.suno.com.br\/noticias\/ibm-registra-queda-455-lucro-culpa-coronavirus\/\"},\"wordCount\":450,\"publisher\":{\"@id\":\"https:\/\/www.suno.com.br\/noticias\/#organization\"},\"image\":{\"@id\":\"https:\/\/www.suno.com.br\/noticias\/ibm-registra-queda-455-lucro-culpa-coronavirus\/#primaryimage\"},\"thumbnailUrl\":\"https:\/\/files.sunoresearch.com.br\/n\/uploads\/2019\/01\/811fe6f7-ibm-produz-computador-qu\u00e2ntico-jpg.webp\",\"keywords\":[\"Alphabet (GOGL34\/GOGL35)\",\"Amazon (AMZO34)\",\"Apple (AAPL34)\",\"coronav\u00edrus\",\"Facebook (FBOK34)\",\"Google\",\"IBM (IBMB34)\",\"Resultado das empresas\",\"Tecnologia\"],\"articleSection\":[\"Neg\u00f3cios\"],\"inLanguage\":\"pt-BR\"},{\"@type\":\"WebPage\",\"@id\":\"https:\/\/www.suno.com.br\/noticias\/ibm-registra-queda-455-lucro-culpa-coronavirus\/\",\"url\":\"https:\/\/www.suno.com.br\/noticias\/ibm-registra-queda-455-lucro-culpa-coronavirus\/\",\"name\":\"IBM registra queda de 45,5% no lucro e culpa coronav\u00edrus\",\"isPartOf\":{\"@id\":\"https:\/\/www.suno.com.br\/noticias\/#website\"},\"primaryImageOfPage\":{\"@id\":\"https:\/\/www.suno.com.br\/noticias\/ibm-registra-queda-455-lucro-culpa-coronavirus\/#primaryimage\"},\"image\":{\"@id\":\"https:\/\/www.suno.com.br\/noticias\/ibm-registra-queda-455-lucro-culpa-coronavirus\/#primaryimage\"},\"thumbnailUrl\":\"https:\/\/files.sunoresearch.com.br\/n\/uploads\/2019\/01\/811fe6f7-ibm-produz-computador-qu\u00e2ntico-jpg.webp\",\"datePublished\":\"2020-07-20T23:02:11+00:00\",\"dateModified\":\"2021-06-21T09:18:26+00:00\",\"description\":\"A IBM registrou queda nos resultados do segundo trimestre, indicando que a pandemia impossibilitou muitas vendas. Clique para ver mais.\",\"breadcrumb\":{\"@id\":\"https:\/\/www.suno.com.br\/noticias\/ibm-registra-queda-455-lucro-culpa-coronavirus\/#breadcrumb\"},\"inLanguage\":\"pt-BR\",\"potentialAction\":[{\"@type\":\"ReadAction\",\"target\":[\"https:\/\/www.suno.com.br\/noticias\/ibm-registra-queda-455-lucro-culpa-coronavirus\/\"]}]},{\"@type\":\"ImageObject\",\"inLanguage\":\"pt-BR\",\"@id\":\"https:\/\/www.suno.com.br\/noticias\/ibm-registra-queda-455-lucro-culpa-coronavirus\/#primaryimage\",\"url\":\"https:\/\/files.sunoresearch.com.br\/n\/uploads\/2019\/01\/811fe6f7-ibm-produz-computador-qu\u00e2ntico-jpg.webp\",\"contentUrl\":\"https:\/\/files.sunoresearch.com.br\/n\/uploads\/2019\/01\/811fe6f7-ibm-produz-computador-qu\u00e2ntico-jpg.webp\",\"width\":2048,\"height\":1536,\"caption\":\"IBM registra queda de 45,5% no lucro e culpa coronav\u00edrus\"},{\"@type\":\"BreadcrumbList\",\"@id\":\"https:\/\/www.suno.com.br\/noticias\/ibm-registra-queda-455-lucro-culpa-coronavirus\/#breadcrumb\",\"itemListElement\":[{\"@type\":\"ListItem\",\"position\":1,\"name\":\"Not\u00edcias\",\"item\":\"https:\/\/www.suno.com.br\/noticias\/\"},{\"@type\":\"ListItem\",\"position\":2,\"name\":\"Neg\u00f3cios\",\"item\":\"https:\/\/www.suno.com.br\/noticias\/negocios\/\"},{\"@type\":\"ListItem\",\"position\":3,\"name\":\"IBM registra queda de 45,5% no lucro e culpa coronav\u00edrus\"}]},{\"@type\":\"WebSite\",\"@id\":\"https:\/\/www.suno.com.br\/noticias\/#website\",\"url\":\"https:\/\/www.suno.com.br\/noticias\/\",\"name\":\"Suno Not\u00edcias\",\"description\":\"Seu portal de informa\u00e7\u00e3o sobre o mundo dos investimentos\",\"publisher\":{\"@id\":\"https:\/\/www.suno.com.br\/noticias\/#organization\"},\"potentialAction\":[{\"@type\":\"SearchAction\",\"target\":{\"@type\":\"EntryPoint\",\"urlTemplate\":\"https:\/\/www.suno.com.br\/noticias\/?s={search_term_string}\"},\"query-input\":{\"@type\":\"PropertyValueSpecification\",\"valueRequired\":true,\"valueName\":\"search_term_string\"}}],\"inLanguage\":\"pt-BR\"},{\"@type\":\"Organization\",\"@id\":\"https:\/\/www.suno.com.br\/noticias\/#organization\",\"name\":\"Suno Not\u00edcias\",\"url\":\"https:\/\/www.suno.com.br\/noticias\/\",\"logo\":{\"@type\":\"ImageObject\",\"inLanguage\":\"pt-BR\",\"@id\":\"https:\/\/www.suno.com.br\/noticias\/#\/schema\/logo\/image\/\",\"url\":\"https:\/\/files.sunoresearch.com.br\/n\/uploads\/2021\/09\/suno-logo.png\",\"contentUrl\":\"https:\/\/files.sunoresearch.com.br\/n\/uploads\/2021\/09\/suno-logo.png\",\"width\":180,\"height\":180,\"caption\":\"Suno Not\u00edcias\"},\"image\":{\"@id\":\"https:\/\/www.suno.com.br\/noticias\/#\/schema\/logo\/image\/\"},\"sameAs\":[\"https:\/\/facebook.com\/sunoresearch\",\"https:\/\/x.com\/sunoresearch\",\"https:\/\/www.instagram.com\/suno\",\"https:\/\/www.linkedin.com\/company\/suno-research\/\",\"https:\/\/www.youtube.com\/c\/sunoresearch\"]},{\"@type\":\"Person\",\"@id\":\"https:\/\/www.suno.com.br\/noticias\/#\/schema\/person\/a7796c19fcf6bafd03b9a2fa1fd9ae20\",\"name\":\"Daniel Guimar\u00e3es\",\"image\":{\"@type\":\"ImageObject\",\"inLanguage\":\"pt-BR\",\"@id\":\"https:\/\/www.suno.com.br\/noticias\/#\/schema\/person\/image\/\",\"url\":\"https:\/\/secure.gravatar.com\/avatar\/fb8260757609f58f0c0ac079d1b32eff?s=96&r=g\",\"contentUrl\":\"https:\/\/secure.gravatar.com\/avatar\/fb8260757609f58f0c0ac079d1b32eff?s=96&r=g\",\"caption\":\"Daniel Guimar\u00e3es\"},\"description\":\"Estagi\u00e1rio na Suno Not\u00edcias, Daniel escreve not\u00edcias que afetam o mercado financeiro brasileiro e internacional. Estuda economia na Rutgers University, em New Jersey.\",\"sameAs\":[\"suno.research\"],\"url\":\"https:\/\/www.suno.com.br\/noticias\/author\/daniel\/\"}]}<\/script>\n<!-- \/ Yoast SEO plugin. -->","yoast_head_json":{"title":"IBM registra queda de 45,5% no lucro e culpa coronav\u00edrus","description":"A IBM registrou queda nos resultados do segundo trimestre, indicando que a pandemia impossibilitou muitas vendas. Clique para ver mais.","robots":{"index":"index","follow":"follow","max-snippet":"max-snippet:-1","max-image-preview":"max-image-preview:large","max-video-preview":"max-video-preview:-1"},"canonical":"https:\/\/www.suno.com.br\/noticias\/ibm-registra-queda-455-lucro-culpa-coronavirus\/","og_locale":"pt_BR","og_type":"article","og_title":"IBM registra queda de 45,5% no lucro e culpa coronav\u00edrus","og_description":"A IBM registrou queda nos resultados do segundo trimestre, indicando que a pandemia impossibilitou muitas vendas. Clique para ver mais.","og_url":"https:\/\/www.suno.com.br\/noticias\/ibm-registra-queda-455-lucro-culpa-coronavirus\/","og_site_name":"Suno Not\u00edcias","article_publisher":"https:\/\/facebook.com\/sunoresearch","og_image":[{"width":2048,"height":1536,"url":"https:\/\/files.sunoresearch.com.br\/n\/uploads\/2019\/01\/811fe6f7-ibm-produz-computador-qu\u00e2ntico.jpg","type":"image\/jpeg"}],"author":"Daniel Guimar\u00e3es","twitter_card":"summary_large_image","twitter_creator":"@sunoresearch","twitter_site":"@sunoresearch","twitter_misc":{"Escrito por":"Daniel Guimar\u00e3es","Est. tempo de leitura":"2 minutos"},"schema":{"@context":"https:\/\/schema.org","@graph":[{"@type":"NewsArticle","@id":"https:\/\/www.suno.com.br\/noticias\/ibm-registra-queda-455-lucro-culpa-coronavirus\/#article","isPartOf":{"@id":"https:\/\/www.suno.com.br\/noticias\/ibm-registra-queda-455-lucro-culpa-coronavirus\/"},"author":{"name":"Daniel Guimar\u00e3es","@id":"https:\/\/www.suno.com.br\/noticias\/#\/schema\/person\/a7796c19fcf6bafd03b9a2fa1fd9ae20"},"headline":"IBM registra queda de 45,5% no lucro e culpa coronav\u00edrus","datePublished":"2020-07-20T23:02:11+00:00","dateModified":"2021-06-21T09:18:26+00:00","mainEntityOfPage":{"@id":"https:\/\/www.suno.com.br\/noticias\/ibm-registra-queda-455-lucro-culpa-coronavirus\/"},"wordCount":450,"publisher":{"@id":"https:\/\/www.suno.com.br\/noticias\/#organization"},"image":{"@id":"https:\/\/www.suno.com.br\/noticias\/ibm-registra-queda-455-lucro-culpa-coronavirus\/#primaryimage"},"thumbnailUrl":"https:\/\/files.sunoresearch.com.br\/n\/uploads\/2019\/01\/811fe6f7-ibm-produz-computador-qu\u00e2ntico-jpg.webp","keywords":["Alphabet (GOGL34\/GOGL35)","Amazon (AMZO34)","Apple (AAPL34)","coronav\u00edrus","Facebook (FBOK34)","Google","IBM (IBMB34)","Resultado das empresas","Tecnologia"],"articleSection":["Neg\u00f3cios"],"inLanguage":"pt-BR"},{"@type":"WebPage","@id":"https:\/\/www.suno.com.br\/noticias\/ibm-registra-queda-455-lucro-culpa-coronavirus\/","url":"https:\/\/www.suno.com.br\/noticias\/ibm-registra-queda-455-lucro-culpa-coronavirus\/","name":"IBM registra queda de 45,5% no lucro e culpa coronav\u00edrus","isPartOf":{"@id":"https:\/\/www.suno.com.br\/noticias\/#website"},"primaryImageOfPage":{"@id":"https:\/\/www.suno.com.br\/noticias\/ibm-registra-queda-455-lucro-culpa-coronavirus\/#primaryimage"},"image":{"@id":"https:\/\/www.suno.com.br\/noticias\/ibm-registra-queda-455-lucro-culpa-coronavirus\/#primaryimage"},"thumbnailUrl":"https:\/\/files.sunoresearch.com.br\/n\/uploads\/2019\/01\/811fe6f7-ibm-produz-computador-qu\u00e2ntico-jpg.webp","datePublished":"2020-07-20T23:02:11+00:00","dateModified":"2021-06-21T09:18:26+00:00","description":"A IBM registrou queda nos resultados do segundo trimestre, indicando que a pandemia impossibilitou muitas vendas. Clique para ver mais.","breadcrumb":{"@id":"https:\/\/www.suno.com.br\/noticias\/ibm-registra-queda-455-lucro-culpa-coronavirus\/#breadcrumb"},"inLanguage":"pt-BR","potentialAction":[{"@type":"ReadAction","target":["https:\/\/www.suno.com.br\/noticias\/ibm-registra-queda-455-lucro-culpa-coronavirus\/"]}]},{"@type":"ImageObject","inLanguage":"pt-BR","@id":"https:\/\/www.suno.com.br\/noticias\/ibm-registra-queda-455-lucro-culpa-coronavirus\/#primaryimage","url":"https:\/\/files.sunoresearch.com.br\/n\/uploads\/2019\/01\/811fe6f7-ibm-produz-computador-qu\u00e2ntico-jpg.webp","contentUrl":"https:\/\/files.sunoresearch.com.br\/n\/uploads\/2019\/01\/811fe6f7-ibm-produz-computador-qu\u00e2ntico-jpg.webp","width":2048,"height":1536,"caption":"IBM registra queda de 45,5% no lucro e culpa coronav\u00edrus"},{"@type":"BreadcrumbList","@id":"https:\/\/www.suno.com.br\/noticias\/ibm-registra-queda-455-lucro-culpa-coronavirus\/#breadcrumb","itemListElement":[{"@type":"ListItem","position":1,"name":"Not\u00edcias","item":"https:\/\/www.suno.com.br\/noticias\/"},{"@type":"ListItem","position":2,"name":"Neg\u00f3cios","item":"https:\/\/www.suno.com.br\/noticias\/negocios\/"},{"@type":"ListItem","position":3,"name":"IBM registra queda de 45,5% no lucro e culpa coronav\u00edrus"}]},{"@type":"WebSite","@id":"https:\/\/www.suno.com.br\/noticias\/#website","url":"https:\/\/www.suno.com.br\/noticias\/","name":"Suno Not\u00edcias","description":"Seu portal de informa\u00e7\u00e3o sobre o mundo dos investimentos","publisher":{"@id":"https:\/\/www.suno.com.br\/noticias\/#organization"},"potentialAction":[{"@type":"SearchAction","target":{"@type":"EntryPoint","urlTemplate":"https:\/\/www.suno.com.br\/noticias\/?s={search_term_string}"},"query-input":{"@type":"PropertyValueSpecification","valueRequired":true,"valueName":"search_term_string"}}],"inLanguage":"pt-BR"},{"@type":"Organization","@id":"https:\/\/www.suno.com.br\/noticias\/#organization","name":"Suno Not\u00edcias","url":"https:\/\/www.suno.com.br\/noticias\/","logo":{"@type":"ImageObject","inLanguage":"pt-BR","@id":"https:\/\/www.suno.com.br\/noticias\/#\/schema\/logo\/image\/","url":"https:\/\/files.sunoresearch.com.br\/n\/uploads\/2021\/09\/suno-logo.png","contentUrl":"https:\/\/files.sunoresearch.com.br\/n\/uploads\/2021\/09\/suno-logo.png","width":180,"height":180,"caption":"Suno Not\u00edcias"},"image":{"@id":"https:\/\/www.suno.com.br\/noticias\/#\/schema\/logo\/image\/"},"sameAs":["https:\/\/facebook.com\/sunoresearch","https:\/\/x.com\/sunoresearch","https:\/\/www.instagram.com\/suno","https:\/\/www.linkedin.com\/company\/suno-research\/","https:\/\/www.youtube.com\/c\/sunoresearch"]},{"@type":"Person","@id":"https:\/\/www.suno.com.br\/noticias\/#\/schema\/person\/a7796c19fcf6bafd03b9a2fa1fd9ae20","name":"Daniel Guimar\u00e3es","image":{"@type":"ImageObject","inLanguage":"pt-BR","@id":"https:\/\/www.suno.com.br\/noticias\/#\/schema\/person\/image\/","url":"https:\/\/secure.gravatar.com\/avatar\/fb8260757609f58f0c0ac079d1b32eff?s=96&r=g","contentUrl":"https:\/\/secure.gravatar.com\/avatar\/fb8260757609f58f0c0ac079d1b32eff?s=96&r=g","caption":"Daniel Guimar\u00e3es"},"description":"Estagi\u00e1rio na Suno Not\u00edcias, Daniel escreve not\u00edcias que afetam o mercado financeiro brasileiro e internacional. Estuda economia na Rutgers University, em New Jersey.","sameAs":["suno.research"],"url":"https:\/\/www.suno.com.br\/noticias\/author\/daniel\/"}]}},"default_loop_html":"<div class=\"cardsPage__listCard__boxs\"><div class=\"cardsPage__listCard__boxs__img\"><a href=\"https:\/\/www.suno.com.br\/noticias\/ibm-registra-queda-455-lucro-culpa-coronavirus\/\"><img class=\"mask\" src=\"https:\/\/www.suno.com.br\/noticias\/wp-content\/themes\/suno\/resources\/images\/spotlight\/spotlight1img\/bg-mask.png\" alt=\"Image Mask\"\/><img src=\"https:\/\/files.sunoresearch.com.br\/n\/uploads\/2019\/01\/811fe6f7-ibm-produz-computador-qu\u00e2ntico-400x200.webp\" alt=\"IBM registra queda de 45,5% no lucro e culpa coronav\u00edrus\"\/><\/a><span class=\"spotlightCategory\"><a href=\"https:\/\/www.suno.com.br\/noticias\/negocios\/\">Neg\u00f3cios<\/a><\/span><\/div><div class=\"cardsPage__listCard__boxs__content\"><a href=\"https:\/\/www.suno.com.br\/noticias\/ibm-registra-queda-455-lucro-culpa-coronavirus\/\"><h2 class=\"content__title\">IBM registra queda de 45,5% no lucro e culpa coronav\u00edrus<\/h2><\/a><div class=\"newsContent__article__meta\"><div class=\"newsContent__article__meta__authorBox\"><a href=\"https:\/\/www.suno.com.br\/noticias\/author\/daniel\/\" class=\"authorBox__avatar noMobi\"><img src=\"https:\/\/files.sunoresearch.com.br\/n\/uploads\/2020\/08\/e51aadd2-whatsapp-image-2020-08-03-at-14.03.48-150x150.webp\" alt=\"Daniel Guimar\u00e3es\"><\/a><div class=\"authorBox__name\"><span>por\n\t\t\t<a href=\"https:\/\/www.suno.com.br\/noticias\/author\/daniel\/\"><span itemprop=\"author\">Daniel Guimar\u00e3es<\/span><\/a><\/span><time datetime=\"2020-07-20T20:02:11-03:00\" itemprop=\"datePublished\">20\/07\/2020 20:02<\/time><\/div><\/div><\/div><\/div><\/div>","single_layout":"posts","amp_enabled":true,"_links":{"self":[{"href":"https:\/\/www.suno.com.br\/noticias\/wp-json\/wp\/v2\/posts\/74021"}],"collection":[{"href":"https:\/\/www.suno.com.br\/noticias\/wp-json\/wp\/v2\/posts"}],"about":[{"href":"https:\/\/www.suno.com.br\/noticias\/wp-json\/wp\/v2\/types\/post"}],"author":[{"embeddable":true,"href":"https:\/\/www.suno.com.br\/noticias\/wp-json\/wp\/v2\/users\/44"}],"replies":[{"embeddable":true,"href":"https:\/\/www.suno.com.br\/noticias\/wp-json\/wp\/v2\/comments?post=74021"}],"version-history":[{"count":1,"href":"https:\/\/www.suno.com.br\/noticias\/wp-json\/wp\/v2\/posts\/74021\/revisions"}],"predecessor-version":[{"id":153728,"href":"https:\/\/www.suno.com.br\/noticias\/wp-json\/wp\/v2\/posts\/74021\/revisions\/153728"}],"wp:featuredmedia":[{"embeddable":true,"href":"https:\/\/www.suno.com.br\/noticias\/wp-json\/wp\/v2\/media\/10984"}],"wp:attachment":[{"href":"https:\/\/www.suno.com.br\/noticias\/wp-json\/wp\/v2\/media?parent=74021"}],"wp:term":[{"taxonomy":"category","embeddable":true,"href":"https:\/\/www.suno.com.br\/noticias\/wp-json\/wp\/v2\/categories?post=74021"},{"taxonomy":"post_tag","embeddable":true,"href":"https:\/\/www.suno.com.br\/noticias\/wp-json\/wp\/v2\/tags?post=74021"},{"taxonomy":"suno_strategy","embeddable":true,"href":"https:\/\/www.suno.com.br\/noticias\/wp-json\/wp\/v2\/suno_strategy?post=74021"}],"curies":[{"name":"wp","href":"https:\/\/api.w.org\/{rel}","templated":true}]}}