{"id":73785,"date":"2020-07-18T13:34:01","date_gmt":"2020-07-18T16:34:01","guid":{"rendered":"https:\/\/www.suno.com.br\/noticias\/?p=73785"},"modified":"2020-07-18T13:34:01","modified_gmt":"2020-07-18T16:34:01","slug":"correios-cobram-decisao-do-stf-sobre-plano-de-saude-e-ameacam-greve","status":"publish","type":"post","link":"https:\/\/www.suno.com.br\/noticias\/correios-cobram-decisao-do-stf-sobre-plano-de-saude-e-ameacam-greve\/","title":{"rendered":"Correios cobram decis\u00e3o do STF sobre plano de sa\u00fade e amea\u00e7am greve"},"content":{"rendered":"<p>Os funcion\u00e1rios dos <strong>Correios<\/strong> recorrem novamente ao Supremo Tribunal Federal sobre a paralisa\u00e7\u00e3o do custeio para plano de sa\u00fade. De acordo com os representantes que protocolaram o pedido, h\u00e1 risco de que os servi\u00e7os sejam paralisados em todo o Brasil.<\/p>\t<div class=\"wrapper-featured-image\">\n\t\t<figure class=\"spotlightImg\">\n\n\t\t\t<picture>\n\t\t\t\t<source media=\"(max-width: 768px)\" srcset=\"https:\/\/files.sunoresearch.com.br\/n\/uploads\/2019\/07\/33a5c819-greve_correios_sp-400x200.webp\">\n\t\t\t\t<img loading=\"lazy\" decoding=\"async\" class=\"newsContent__article__imgCapa lazyloadDisabled newsContent__article__imgCapa--noCaption\" src=\"https:\/\/files.sunoresearch.com.br\/n\/uploads\/2019\/07\/33a5c819-greve_correios_sp-800x450.webp\" width=\"800\" height=\"450\" alt=\"Correios cobram decis\u00e3o do STF sobre plano de sa\u00fade e amea\u00e7am greve\" fetchpriority=high \/>\n\t\t\t<\/picture>\n\n\t\t\t<figcaption class=\"wp-caption-text wp-caption-text--hide\">&quot;A greve dos Correios vai continuar. Vamos intensificar os piquete e as mobiliza\u00e7\u00f5es&quot; disse o secret\u00e1rio FENTECT<\/figcaption>\n\t\t<\/figure>\n\t<\/div>\n\n\n\n<p>As federa\u00e7\u00f5es e associa\u00e7\u00e3o representativas dos funcion\u00e1rios dos Correios protocolaram uma medida de urg\u00eancia solicitando que o ministro Dias Tofolli avalie um recurso sobre a paralisa\u00e7\u00e3o do custeio para plano de sa\u00fade.<\/p>\n<p>Os funcion\u00e1rios esperam an\u00e1lise da Justi\u00e7a contra uma decis\u00e3o n\u00e3o definitiva, que determinou a suspens\u00e3o do custeio dos trabalhadores e seus dependentes, desde novembro 2019.<\/p>\n<p><a href=\"https:\/\/lp.suno.com.br\/suno-one\/\">Suno One: o primeiro passo para alcan\u00e7ar a sua independ\u00eancia financeira. Acesse agora, \u00e9 gratuito!<\/a><\/p>\n<p>Os representantes afirmaram que essa determina\u00e7\u00e3o deu brecha para que os Correios aumentasse o valor do custeio do plano de sa\u00fade de seus empregados, &#8220;proporcionando at\u00e9 o momento o desligamento de mais de 15 mil trabalhadores, totalizando a falta de cobertura para mais de 50 mil pessoas que abarrotam o SUS&#8221;, disse a associa\u00e7\u00e3o ao jornal &#8220;Estado de S.Paulo&#8221;.<\/p>\n<p>Por fim, os funcion\u00e1rios acreditam que o avan\u00e7o do v\u00edrus no Brasil pode fazer com que essa situa\u00e7\u00e3o piore.<\/p>\n<p>&#8220;O cen\u00e1rio tende a piorar com o avan\u00e7o do coronav\u00edrus (covid-19) no Pa\u00eds, principalmente quando tratamos de categoria de trabalhadores que est\u00e1 na linha de frente na pandemia, exercendo importantes fun\u00e7\u00f5es (at\u00e9 mesmo entrega de medicamentos) e que colaborar com desenvolvimento da economia. Cabe lembrar que o segmento do e-commerce cresceu 25% nos \u00faltimos meses&#8221;.<\/p>\n<h2>Correios e Eletrobras est\u00e3o nos planos de privatiza\u00e7\u00f5es de Guedes para 2020<\/h2>\n<p>O ministro da Economia,<a href=\"https:\/\/www.suno.com.br\/tudo-sobre\/paulo-guedes\/\"> Paulo Guedes<\/a>, afirmou, em uma reuni\u00e3o do Conselho do Programa de Parcerias de Investimentos (PPI), que o governo ir\u00e1 trabalhar em quatro privatiza\u00e7\u00f5es ainda em 2020. Nos planos de Guedes, est\u00e3o os Correios e a Eletrobras.<\/p>\n<p>Vale lembrar que Guedes est\u00e1 chefiando este conselho. O objetivo do ministro \u00e9 privatizar os Correios, a Eletrobras, o Porto de Santos e o Pr\u00e9-Sal Petr\u00f3leo S.A. (PPSA). Al\u00e9m disso, Guedes tamb\u00e9m espera realizar o <a href=\"https:\/\/www.suno.com.br\/artigos\/vale-pena-investir-em-um-ipo\/\">IPO (oferta p\u00fablica de a\u00e7\u00f5es)<\/a> da Caixa Seguridade, que foi suspenso em mar\u00e7o por conta do cen\u00e1rio desencadeado no mercado pela pandemia de coronav\u00edrus (Covid-19).<\/p>\n<p><a href=\"https:\/\/www.suno.com.br\/noticias\/correios-registram-lucro-liquido-de-r-102-milhoes-em-2019\/\">Veja Tamb\u00e9m:\u00a0 Correios registram lucro l\u00edquido de R$ 102 milh\u00f5es em 2019<\/a><\/p>\n<p>Algumas privatiza\u00e7\u00f5es, entretanto, n\u00e3o dependem s\u00f3 do ministro da Economia. Elas precisar\u00e3o passar pelo Congresso Nacional. A desestatiza\u00e7\u00e3o da Eletrobras, por exemplo, \u00e9 uma que contempla esse tipo de caso. A equipe econ\u00f4mica teme a falta de apoio dos parlamentares no processo de aprova\u00e7\u00e3o de venda das estatais.<\/p>\n<p>O ministro da economia visa fazer caixa neste ano por conta da pandemia que afetou diretamente todos os setores da economia no Pa\u00eds. A ideia, anteriormente, era deixar estas privatiza\u00e7\u00f5es para os pr\u00f3ximos anos.<\/p>\n<p>Segundo informa\u00e7\u00f5es do jornal &#8220;O Globo&#8221;, uma fonte que participou da reuni\u00e3o do PPI disse que o presidente Jair Bolsonaro solicitou que as privatiza\u00e7\u00f5es dos <strong>Correios<\/strong> e Eletrobras sejam feitas com mais agilidade.<\/p>\n\n","protected":false},"excerpt":{"rendered":"<p>Os funcion\u00e1rios dos Correios recorrem novamente ao Supremo Tribunal Federal sobre a paralisa\u00e7\u00e3o do custeio para plano de sa\u00fade. De acordo com os representantes que protocolaram o pedido, h\u00e1 risco de que os servi\u00e7os sejam paralisados em todo o Brasil. &quot;A greve dos Correios vai continuar. Vamos intensificar os piquete e as mobiliza\u00e7\u00f5es&quot; disse o [&hellip;]<\/p>\n","protected":false},"author":15,"featured_media":32663,"comment_status":"closed","ping_status":"closed","sticky":false,"template":"","format":"standard","meta":[],"categories":[64],"tags":[700,2462,945],"suno_strategy":[],"class_list":["post-73785","post","type-post","status-publish","format-standard","has-post-thumbnail","hentry","category-negocios","tag-correios","tag-greves","tag-privatizacoes"],"yoast_head":"<!-- This site is optimized with the Yoast SEO plugin v24.4 - https:\/\/yoast.com\/wordpress\/plugins\/seo\/ -->\n<title>Correios cobram decis\u00e3o do STF sobre plano de sa\u00fade e amea\u00e7am greve<\/title>\n<meta name=\"description\" content=\"Os funcion\u00e1rios dos Correios recorrem novamente ao STF sobre a paralisa\u00e7\u00e3o do custeio para plano de sa\u00fade. Clique aqui e saiba mais\" \/>\n<meta name=\"robots\" content=\"index, follow, max-snippet:-1, max-image-preview:large, max-video-preview:-1\" \/>\n<link rel=\"canonical\" href=\"https:\/\/www.suno.com.br\/noticias\/correios-cobram-decisao-do-stf-sobre-plano-de-saude-e-ameacam-greve\/\" \/>\n<meta property=\"og:locale\" content=\"pt_BR\" \/>\n<meta property=\"og:type\" content=\"article\" \/>\n<meta property=\"og:title\" content=\"Correios cobram decis\u00e3o do STF sobre plano de sa\u00fade e amea\u00e7am greve\" \/>\n<meta property=\"og:description\" content=\"Os funcion\u00e1rios dos Correios recorrem novamente ao STF sobre a paralisa\u00e7\u00e3o do custeio para plano de sa\u00fade. Clique aqui e saiba mais\" \/>\n<meta property=\"og:url\" content=\"https:\/\/www.suno.com.br\/noticias\/correios-cobram-decisao-do-stf-sobre-plano-de-saude-e-ameacam-greve\/\" \/>\n<meta property=\"og:site_name\" content=\"Suno Not\u00edcias\" \/>\n<meta property=\"article:publisher\" content=\"https:\/\/facebook.com\/sunoresearch\" \/>\n<meta property=\"og:image\" content=\"https:\/\/files.sunoresearch.com.br\/n\/uploads\/2019\/07\/33a5c819-greve_correios_sp.jpg\" \/>\n\t<meta property=\"og:image:width\" content=\"800\" \/>\n\t<meta property=\"og:image:height\" content=\"532\" \/>\n\t<meta property=\"og:image:type\" content=\"image\/jpeg\" \/>\n<meta name=\"author\" content=\"Poliana Santos\" \/>\n<meta name=\"twitter:card\" content=\"summary_large_image\" \/>\n<meta name=\"twitter:creator\" content=\"@sunoresearch\" \/>\n<meta name=\"twitter:site\" content=\"@sunoresearch\" \/>\n<meta name=\"twitter:label1\" content=\"Escrito por\" \/>\n\t<meta name=\"twitter:data1\" content=\"Poliana Santos\" \/>\n\t<meta name=\"twitter:label2\" content=\"Est. tempo de leitura\" \/>\n\t<meta name=\"twitter:data2\" content=\"3 minutos\" \/>\n<script type=\"application\/ld+json\" class=\"yoast-schema-graph\">{\"@context\":\"https:\/\/schema.org\",\"@graph\":[{\"@type\":\"NewsArticle\",\"@id\":\"https:\/\/www.suno.com.br\/noticias\/correios-cobram-decisao-do-stf-sobre-plano-de-saude-e-ameacam-greve\/#article\",\"isPartOf\":{\"@id\":\"https:\/\/www.suno.com.br\/noticias\/correios-cobram-decisao-do-stf-sobre-plano-de-saude-e-ameacam-greve\/\"},\"author\":{\"name\":\"Poliana Santos\",\"@id\":\"https:\/\/www.suno.com.br\/noticias\/#\/schema\/person\/02ec1f752758247878a2bf4abee1aeda\"},\"headline\":\"Correios cobram decis\u00e3o do STF sobre plano de sa\u00fade e amea\u00e7am greve\",\"datePublished\":\"2020-07-18T16:34:01+00:00\",\"mainEntityOfPage\":{\"@id\":\"https:\/\/www.suno.com.br\/noticias\/correios-cobram-decisao-do-stf-sobre-plano-de-saude-e-ameacam-greve\/\"},\"wordCount\":557,\"publisher\":{\"@id\":\"https:\/\/www.suno.com.br\/noticias\/#organization\"},\"image\":{\"@id\":\"https:\/\/www.suno.com.br\/noticias\/correios-cobram-decisao-do-stf-sobre-plano-de-saude-e-ameacam-greve\/#primaryimage\"},\"thumbnailUrl\":\"https:\/\/files.sunoresearch.com.br\/n\/uploads\/2019\/07\/33a5c819-greve_correios_sp-jpg.webp\",\"keywords\":[\"Correios\",\"greves\",\"privatiza\u00e7\u00f5es\"],\"articleSection\":[\"Neg\u00f3cios\"],\"inLanguage\":\"pt-BR\"},{\"@type\":\"WebPage\",\"@id\":\"https:\/\/www.suno.com.br\/noticias\/correios-cobram-decisao-do-stf-sobre-plano-de-saude-e-ameacam-greve\/\",\"url\":\"https:\/\/www.suno.com.br\/noticias\/correios-cobram-decisao-do-stf-sobre-plano-de-saude-e-ameacam-greve\/\",\"name\":\"Correios cobram decis\u00e3o do STF sobre plano de sa\u00fade e amea\u00e7am greve\",\"isPartOf\":{\"@id\":\"https:\/\/www.suno.com.br\/noticias\/#website\"},\"primaryImageOfPage\":{\"@id\":\"https:\/\/www.suno.com.br\/noticias\/correios-cobram-decisao-do-stf-sobre-plano-de-saude-e-ameacam-greve\/#primaryimage\"},\"image\":{\"@id\":\"https:\/\/www.suno.com.br\/noticias\/correios-cobram-decisao-do-stf-sobre-plano-de-saude-e-ameacam-greve\/#primaryimage\"},\"thumbnailUrl\":\"https:\/\/files.sunoresearch.com.br\/n\/uploads\/2019\/07\/33a5c819-greve_correios_sp-jpg.webp\",\"datePublished\":\"2020-07-18T16:34:01+00:00\",\"description\":\"Os funcion\u00e1rios dos Correios recorrem novamente ao STF sobre a paralisa\u00e7\u00e3o do custeio para plano de sa\u00fade. Clique aqui e saiba mais\",\"breadcrumb\":{\"@id\":\"https:\/\/www.suno.com.br\/noticias\/correios-cobram-decisao-do-stf-sobre-plano-de-saude-e-ameacam-greve\/#breadcrumb\"},\"inLanguage\":\"pt-BR\",\"potentialAction\":[{\"@type\":\"ReadAction\",\"target\":[\"https:\/\/www.suno.com.br\/noticias\/correios-cobram-decisao-do-stf-sobre-plano-de-saude-e-ameacam-greve\/\"]}]},{\"@type\":\"ImageObject\",\"inLanguage\":\"pt-BR\",\"@id\":\"https:\/\/www.suno.com.br\/noticias\/correios-cobram-decisao-do-stf-sobre-plano-de-saude-e-ameacam-greve\/#primaryimage\",\"url\":\"https:\/\/files.sunoresearch.com.br\/n\/uploads\/2019\/07\/33a5c819-greve_correios_sp-jpg.webp\",\"contentUrl\":\"https:\/\/files.sunoresearch.com.br\/n\/uploads\/2019\/07\/33a5c819-greve_correios_sp-jpg.webp\",\"width\":800,\"height\":532,\"caption\":\"\\\"A greve dos Correios vai continuar. Vamos intensificar os piquete e as mobiliza\u00e7\u00f5es\\\" disse o secret\u00e1rio FENTECT\"},{\"@type\":\"BreadcrumbList\",\"@id\":\"https:\/\/www.suno.com.br\/noticias\/correios-cobram-decisao-do-stf-sobre-plano-de-saude-e-ameacam-greve\/#breadcrumb\",\"itemListElement\":[{\"@type\":\"ListItem\",\"position\":1,\"name\":\"Not\u00edcias\",\"item\":\"https:\/\/www.suno.com.br\/noticias\/\"},{\"@type\":\"ListItem\",\"position\":2,\"name\":\"Neg\u00f3cios\",\"item\":\"https:\/\/www.suno.com.br\/noticias\/negocios\/\"},{\"@type\":\"ListItem\",\"position\":3,\"name\":\"Correios cobram decis\u00e3o do STF sobre plano de sa\u00fade e amea\u00e7am greve\"}]},{\"@type\":\"WebSite\",\"@id\":\"https:\/\/www.suno.com.br\/noticias\/#website\",\"url\":\"https:\/\/www.suno.com.br\/noticias\/\",\"name\":\"Suno Not\u00edcias\",\"description\":\"Seu portal de informa\u00e7\u00e3o sobre o mundo dos investimentos\",\"publisher\":{\"@id\":\"https:\/\/www.suno.com.br\/noticias\/#organization\"},\"potentialAction\":[{\"@type\":\"SearchAction\",\"target\":{\"@type\":\"EntryPoint\",\"urlTemplate\":\"https:\/\/www.suno.com.br\/noticias\/?s={search_term_string}\"},\"query-input\":{\"@type\":\"PropertyValueSpecification\",\"valueRequired\":true,\"valueName\":\"search_term_string\"}}],\"inLanguage\":\"pt-BR\"},{\"@type\":\"Organization\",\"@id\":\"https:\/\/www.suno.com.br\/noticias\/#organization\",\"name\":\"Suno Not\u00edcias\",\"url\":\"https:\/\/www.suno.com.br\/noticias\/\",\"logo\":{\"@type\":\"ImageObject\",\"inLanguage\":\"pt-BR\",\"@id\":\"https:\/\/www.suno.com.br\/noticias\/#\/schema\/logo\/image\/\",\"url\":\"https:\/\/files.sunoresearch.com.br\/n\/uploads\/2021\/09\/suno-logo.png\",\"contentUrl\":\"https:\/\/files.sunoresearch.com.br\/n\/uploads\/2021\/09\/suno-logo.png\",\"width\":180,\"height\":180,\"caption\":\"Suno Not\u00edcias\"},\"image\":{\"@id\":\"https:\/\/www.suno.com.br\/noticias\/#\/schema\/logo\/image\/\"},\"sameAs\":[\"https:\/\/facebook.com\/sunoresearch\",\"https:\/\/x.com\/sunoresearch\",\"https:\/\/www.instagram.com\/suno\",\"https:\/\/www.linkedin.com\/company\/suno-research\/\",\"https:\/\/www.youtube.com\/c\/sunoresearch\"]},{\"@type\":\"Person\",\"@id\":\"https:\/\/www.suno.com.br\/noticias\/#\/schema\/person\/02ec1f752758247878a2bf4abee1aeda\",\"name\":\"Poliana Santos\",\"image\":{\"@type\":\"ImageObject\",\"inLanguage\":\"pt-BR\",\"@id\":\"https:\/\/www.suno.com.br\/noticias\/#\/schema\/person\/image\/\",\"url\":\"https:\/\/secure.gravatar.com\/avatar\/0645bd32f23d87b2130f2b2dff1d3f8d?s=96&r=g\",\"contentUrl\":\"https:\/\/secure.gravatar.com\/avatar\/0645bd32f23d87b2130f2b2dff1d3f8d?s=96&r=g\",\"caption\":\"Poliana Santos\"},\"description\":\"Rep\u00f3rter no Suno Not\u00edcias, com cobertura em mercado financeiro, economia, finan\u00e7as pessoais, renda fixa e varejo. Jornalista formada pela Faculdade C\u00e1sper L\u00edbero e possui passagem na R\u00e1dio Gazeta AM com a produ\u00e7\u00e3o de conte\u00fado sobre economia, pol\u00edtica, sa\u00fade, moda e m\u00fasica. Possui certificado de conclus\u00e3o do curso de An\u00e1lise de Balan\u00e7os pela Funda\u00e7\u00e3o Bradesco, Agenda Brasil pela FAAP, Educa\u00e7\u00e3o Pol\u00edtica por Alexandre Garcia e do Tesouro Direto e Mercado de A\u00e7\u00f5es pela B3.\",\"url\":\"https:\/\/www.suno.com.br\/noticias\/author\/poliana-santos\/\"}]}<\/script>\n<!-- \/ Yoast SEO plugin. -->","yoast_head_json":{"title":"Correios cobram decis\u00e3o do STF sobre plano de sa\u00fade e amea\u00e7am greve","description":"Os funcion\u00e1rios dos Correios recorrem novamente ao STF sobre a paralisa\u00e7\u00e3o do custeio para plano de sa\u00fade. Clique aqui e saiba mais","robots":{"index":"index","follow":"follow","max-snippet":"max-snippet:-1","max-image-preview":"max-image-preview:large","max-video-preview":"max-video-preview:-1"},"canonical":"https:\/\/www.suno.com.br\/noticias\/correios-cobram-decisao-do-stf-sobre-plano-de-saude-e-ameacam-greve\/","og_locale":"pt_BR","og_type":"article","og_title":"Correios cobram decis\u00e3o do STF sobre plano de sa\u00fade e amea\u00e7am greve","og_description":"Os funcion\u00e1rios dos Correios recorrem novamente ao STF sobre a paralisa\u00e7\u00e3o do custeio para plano de sa\u00fade. Clique aqui e saiba mais","og_url":"https:\/\/www.suno.com.br\/noticias\/correios-cobram-decisao-do-stf-sobre-plano-de-saude-e-ameacam-greve\/","og_site_name":"Suno Not\u00edcias","article_publisher":"https:\/\/facebook.com\/sunoresearch","og_image":[{"width":800,"height":532,"url":"https:\/\/files.sunoresearch.com.br\/n\/uploads\/2019\/07\/33a5c819-greve_correios_sp.jpg","type":"image\/jpeg"}],"author":"Poliana Santos","twitter_card":"summary_large_image","twitter_creator":"@sunoresearch","twitter_site":"@sunoresearch","twitter_misc":{"Escrito por":"Poliana Santos","Est. tempo de leitura":"3 minutos"},"schema":{"@context":"https:\/\/schema.org","@graph":[{"@type":"NewsArticle","@id":"https:\/\/www.suno.com.br\/noticias\/correios-cobram-decisao-do-stf-sobre-plano-de-saude-e-ameacam-greve\/#article","isPartOf":{"@id":"https:\/\/www.suno.com.br\/noticias\/correios-cobram-decisao-do-stf-sobre-plano-de-saude-e-ameacam-greve\/"},"author":{"name":"Poliana Santos","@id":"https:\/\/www.suno.com.br\/noticias\/#\/schema\/person\/02ec1f752758247878a2bf4abee1aeda"},"headline":"Correios cobram decis\u00e3o do STF sobre plano de sa\u00fade e amea\u00e7am greve","datePublished":"2020-07-18T16:34:01+00:00","mainEntityOfPage":{"@id":"https:\/\/www.suno.com.br\/noticias\/correios-cobram-decisao-do-stf-sobre-plano-de-saude-e-ameacam-greve\/"},"wordCount":557,"publisher":{"@id":"https:\/\/www.suno.com.br\/noticias\/#organization"},"image":{"@id":"https:\/\/www.suno.com.br\/noticias\/correios-cobram-decisao-do-stf-sobre-plano-de-saude-e-ameacam-greve\/#primaryimage"},"thumbnailUrl":"https:\/\/files.sunoresearch.com.br\/n\/uploads\/2019\/07\/33a5c819-greve_correios_sp-jpg.webp","keywords":["Correios","greves","privatiza\u00e7\u00f5es"],"articleSection":["Neg\u00f3cios"],"inLanguage":"pt-BR"},{"@type":"WebPage","@id":"https:\/\/www.suno.com.br\/noticias\/correios-cobram-decisao-do-stf-sobre-plano-de-saude-e-ameacam-greve\/","url":"https:\/\/www.suno.com.br\/noticias\/correios-cobram-decisao-do-stf-sobre-plano-de-saude-e-ameacam-greve\/","name":"Correios cobram decis\u00e3o do STF sobre plano de sa\u00fade e amea\u00e7am greve","isPartOf":{"@id":"https:\/\/www.suno.com.br\/noticias\/#website"},"primaryImageOfPage":{"@id":"https:\/\/www.suno.com.br\/noticias\/correios-cobram-decisao-do-stf-sobre-plano-de-saude-e-ameacam-greve\/#primaryimage"},"image":{"@id":"https:\/\/www.suno.com.br\/noticias\/correios-cobram-decisao-do-stf-sobre-plano-de-saude-e-ameacam-greve\/#primaryimage"},"thumbnailUrl":"https:\/\/files.sunoresearch.com.br\/n\/uploads\/2019\/07\/33a5c819-greve_correios_sp-jpg.webp","datePublished":"2020-07-18T16:34:01+00:00","description":"Os funcion\u00e1rios dos Correios recorrem novamente ao STF sobre a paralisa\u00e7\u00e3o do custeio para plano de sa\u00fade. Clique aqui e saiba mais","breadcrumb":{"@id":"https:\/\/www.suno.com.br\/noticias\/correios-cobram-decisao-do-stf-sobre-plano-de-saude-e-ameacam-greve\/#breadcrumb"},"inLanguage":"pt-BR","potentialAction":[{"@type":"ReadAction","target":["https:\/\/www.suno.com.br\/noticias\/correios-cobram-decisao-do-stf-sobre-plano-de-saude-e-ameacam-greve\/"]}]},{"@type":"ImageObject","inLanguage":"pt-BR","@id":"https:\/\/www.suno.com.br\/noticias\/correios-cobram-decisao-do-stf-sobre-plano-de-saude-e-ameacam-greve\/#primaryimage","url":"https:\/\/files.sunoresearch.com.br\/n\/uploads\/2019\/07\/33a5c819-greve_correios_sp-jpg.webp","contentUrl":"https:\/\/files.sunoresearch.com.br\/n\/uploads\/2019\/07\/33a5c819-greve_correios_sp-jpg.webp","width":800,"height":532,"caption":"\"A greve dos Correios vai continuar. Vamos intensificar os piquete e as mobiliza\u00e7\u00f5es\" disse o secret\u00e1rio FENTECT"},{"@type":"BreadcrumbList","@id":"https:\/\/www.suno.com.br\/noticias\/correios-cobram-decisao-do-stf-sobre-plano-de-saude-e-ameacam-greve\/#breadcrumb","itemListElement":[{"@type":"ListItem","position":1,"name":"Not\u00edcias","item":"https:\/\/www.suno.com.br\/noticias\/"},{"@type":"ListItem","position":2,"name":"Neg\u00f3cios","item":"https:\/\/www.suno.com.br\/noticias\/negocios\/"},{"@type":"ListItem","position":3,"name":"Correios cobram decis\u00e3o do STF sobre plano de sa\u00fade e amea\u00e7am greve"}]},{"@type":"WebSite","@id":"https:\/\/www.suno.com.br\/noticias\/#website","url":"https:\/\/www.suno.com.br\/noticias\/","name":"Suno Not\u00edcias","description":"Seu portal de informa\u00e7\u00e3o sobre o mundo dos investimentos","publisher":{"@id":"https:\/\/www.suno.com.br\/noticias\/#organization"},"potentialAction":[{"@type":"SearchAction","target":{"@type":"EntryPoint","urlTemplate":"https:\/\/www.suno.com.br\/noticias\/?s={search_term_string}"},"query-input":{"@type":"PropertyValueSpecification","valueRequired":true,"valueName":"search_term_string"}}],"inLanguage":"pt-BR"},{"@type":"Organization","@id":"https:\/\/www.suno.com.br\/noticias\/#organization","name":"Suno Not\u00edcias","url":"https:\/\/www.suno.com.br\/noticias\/","logo":{"@type":"ImageObject","inLanguage":"pt-BR","@id":"https:\/\/www.suno.com.br\/noticias\/#\/schema\/logo\/image\/","url":"https:\/\/files.sunoresearch.com.br\/n\/uploads\/2021\/09\/suno-logo.png","contentUrl":"https:\/\/files.sunoresearch.com.br\/n\/uploads\/2021\/09\/suno-logo.png","width":180,"height":180,"caption":"Suno Not\u00edcias"},"image":{"@id":"https:\/\/www.suno.com.br\/noticias\/#\/schema\/logo\/image\/"},"sameAs":["https:\/\/facebook.com\/sunoresearch","https:\/\/x.com\/sunoresearch","https:\/\/www.instagram.com\/suno","https:\/\/www.linkedin.com\/company\/suno-research\/","https:\/\/www.youtube.com\/c\/sunoresearch"]},{"@type":"Person","@id":"https:\/\/www.suno.com.br\/noticias\/#\/schema\/person\/02ec1f752758247878a2bf4abee1aeda","name":"Poliana Santos","image":{"@type":"ImageObject","inLanguage":"pt-BR","@id":"https:\/\/www.suno.com.br\/noticias\/#\/schema\/person\/image\/","url":"https:\/\/secure.gravatar.com\/avatar\/0645bd32f23d87b2130f2b2dff1d3f8d?s=96&r=g","contentUrl":"https:\/\/secure.gravatar.com\/avatar\/0645bd32f23d87b2130f2b2dff1d3f8d?s=96&r=g","caption":"Poliana Santos"},"description":"Rep\u00f3rter no Suno Not\u00edcias, com cobertura em mercado financeiro, economia, finan\u00e7as pessoais, renda fixa e varejo. Jornalista formada pela Faculdade C\u00e1sper L\u00edbero e possui passagem na R\u00e1dio Gazeta AM com a produ\u00e7\u00e3o de conte\u00fado sobre economia, pol\u00edtica, sa\u00fade, moda e m\u00fasica. Possui certificado de conclus\u00e3o do curso de An\u00e1lise de Balan\u00e7os pela Funda\u00e7\u00e3o Bradesco, Agenda Brasil pela FAAP, Educa\u00e7\u00e3o Pol\u00edtica por Alexandre Garcia e do Tesouro Direto e Mercado de A\u00e7\u00f5es pela B3.","url":"https:\/\/www.suno.com.br\/noticias\/author\/poliana-santos\/"}]}},"default_loop_html":"<div class=\"cardsPage__listCard__boxs\"><div class=\"cardsPage__listCard__boxs__img\"><a href=\"https:\/\/www.suno.com.br\/noticias\/correios-cobram-decisao-do-stf-sobre-plano-de-saude-e-ameacam-greve\/\"><img class=\"mask\" src=\"https:\/\/www.suno.com.br\/noticias\/wp-content\/themes\/suno\/resources\/images\/spotlight\/spotlight1img\/bg-mask.png\" alt=\"Image Mask\"\/><img src=\"https:\/\/files.sunoresearch.com.br\/n\/uploads\/2019\/07\/33a5c819-greve_correios_sp-400x200.webp\" alt=\"Correios cobram decis\u00e3o do STF sobre plano de sa\u00fade e amea\u00e7am greve\"\/><\/a><span class=\"spotlightCategory\"><a href=\"https:\/\/www.suno.com.br\/noticias\/negocios\/\">Neg\u00f3cios<\/a><\/span><\/div><div class=\"cardsPage__listCard__boxs__content\"><a href=\"https:\/\/www.suno.com.br\/noticias\/correios-cobram-decisao-do-stf-sobre-plano-de-saude-e-ameacam-greve\/\"><h2 class=\"content__title\">Correios cobram decis\u00e3o do STF sobre plano de sa\u00fade e amea\u00e7am greve<\/h2><\/a><div class=\"newsContent__article__meta\"><div class=\"newsContent__article__meta__authorBox\"><a href=\"https:\/\/www.suno.com.br\/noticias\/author\/poliana-santos\/\" class=\"authorBox__avatar noMobi\"><img src=\"https:\/\/files.sunoresearch.com.br\/n\/uploads\/2020\/08\/7ef34026-whatsapp-image-2020-08-03-at-12.37.57-150x150.webp\" alt=\"Poliana Santos\"><\/a><div class=\"authorBox__name\"><span>por\n\t\t\t<a href=\"https:\/\/www.suno.com.br\/noticias\/author\/poliana-santos\/\"><span itemprop=\"author\">Poliana Santos<\/span><\/a><\/span><time datetime=\"2020-07-18T13:34:01-03:00\" itemprop=\"datePublished\">18\/07\/2020 13:34<\/time><\/div><\/div><\/div><\/div><\/div>","single_layout":"posts","amp_enabled":true,"_links":{"self":[{"href":"https:\/\/www.suno.com.br\/noticias\/wp-json\/wp\/v2\/posts\/73785"}],"collection":[{"href":"https:\/\/www.suno.com.br\/noticias\/wp-json\/wp\/v2\/posts"}],"about":[{"href":"https:\/\/www.suno.com.br\/noticias\/wp-json\/wp\/v2\/types\/post"}],"author":[{"embeddable":true,"href":"https:\/\/www.suno.com.br\/noticias\/wp-json\/wp\/v2\/users\/15"}],"replies":[{"embeddable":true,"href":"https:\/\/www.suno.com.br\/noticias\/wp-json\/wp\/v2\/comments?post=73785"}],"version-history":[{"count":0,"href":"https:\/\/www.suno.com.br\/noticias\/wp-json\/wp\/v2\/posts\/73785\/revisions"}],"wp:featuredmedia":[{"embeddable":true,"href":"https:\/\/www.suno.com.br\/noticias\/wp-json\/wp\/v2\/media\/32663"}],"wp:attachment":[{"href":"https:\/\/www.suno.com.br\/noticias\/wp-json\/wp\/v2\/media?parent=73785"}],"wp:term":[{"taxonomy":"category","embeddable":true,"href":"https:\/\/www.suno.com.br\/noticias\/wp-json\/wp\/v2\/categories?post=73785"},{"taxonomy":"post_tag","embeddable":true,"href":"https:\/\/www.suno.com.br\/noticias\/wp-json\/wp\/v2\/tags?post=73785"},{"taxonomy":"suno_strategy","embeddable":true,"href":"https:\/\/www.suno.com.br\/noticias\/wp-json\/wp\/v2\/suno_strategy?post=73785"}],"curies":[{"name":"wp","href":"https:\/\/api.w.org\/{rel}","templated":true}]}}