{"id":73694,"date":"2020-07-17T17:36:13","date_gmt":"2020-07-17T20:36:13","guid":{"rendered":"https:\/\/www.suno.com.br\/noticias\/?p=73694"},"modified":"2021-02-17T22:54:32","modified_gmt":"2021-02-18T01:54:32","slug":"dolar-encerra-em-alta-de-1023-cotado-em-r-53824-17072020","status":"publish","type":"post","link":"https:\/\/www.suno.com.br\/noticias\/dolar-encerra-em-alta-de-1023-cotado-em-r-53824-17072020\/","title":{"rendered":"D\u00f3lar encerra em alta de 1,023%, cotado em R$ 5,3824"},"content":{"rendered":"<p>O <a href=\"https:\/\/www.suno.com.br\/artigos\/dolar\/\"><strong>d\u00f3lar<\/strong> <\/a>encerrou nesta sexta-feira (17) em alta de 1,023%, negociado a R$ 5,3824 na venda.<\/p>\t<div class=\"wrapper-featured-image\">\n\t\t<figure class=\"spotlightImg\">\n\n\t\t\t<picture>\n\t\t\t\t<source media=\"(max-width: 768px)\" srcset=\"https:\/\/files.sunoresearch.com.br\/n\/uploads\/2020\/05\/71f556a3-d\u00f3lar-2-400x200.webp\">\n\t\t\t\t<img loading=\"lazy\" decoding=\"async\" class=\"newsContent__article__imgCapa lazyloadDisabled newsContent__article__imgCapa--noCaption\" src=\"https:\/\/files.sunoresearch.com.br\/n\/uploads\/2020\/05\/71f556a3-d\u00f3lar-2-800x450.webp\" width=\"800\" height=\"450\" alt=\"D\u00f3lar encerra em alta de 1,023%, cotado em R$ 5,3824\" fetchpriority=high \/>\n\t\t\t<\/picture>\n\n\t\t\t<figcaption class=\"wp-caption-text wp-caption-text--hide\">Por volta das 9h40, nesta ter\u00e7a-feira (03), o d\u00f3lar operava em queda de 1%, negociado a R$ 5,6853.<\/figcaption>\n\t\t<\/figure>\n\t<\/div>\n\n\n\n<p>O<strong> d\u00f3lar hoje<\/strong> operava em leve alta na abertura, enquanto os investidores estavam atentos a reuni\u00e3o &#8220;dif\u00edcil&#8221; do bloco europeu sobre um plano de reconstru\u00e7\u00e3o p\u00f3s-coronav\u00edrus.<\/p>\n<p>Al\u00e9m disso, durante a semana, o d\u00f3lar acumulou uma alta de 1,0228%. J\u00e1 durante o dia, o mercado acion\u00e1rio ficou de olho na amplia\u00e7\u00e3o de concess\u00e3o de cr\u00e9dito para organiza\u00e7\u00f5es sem fins lucrativos anunciada pelo Fed.<\/p>\n<p><a href=\"https:\/\/lp.suno.com.br\/suno-one\/\">Suno One: o primeiro passo para alcan\u00e7ar a sua independ\u00eancia financeira. Acesse agora, \u00e9 gratuito!<\/a><\/p>\n<p>Confira as principais not\u00edcias que movimentaram o mercado nessa sexta-feira:<\/p>\n<ul>\n<li><strong>Fed<\/strong> amplia concess\u00e3o de cr\u00e9dito para organiza\u00e7\u00f5es sem fins lucrativos;<\/li>\n<li><strong>Real<\/strong> mostra sinais de subvaloriza\u00e7\u00e3o da ordem de 15%, aponta IIF;<\/li>\n<li><strong>Coronav\u00edrus<\/strong>: imunidade \u00e0 doen\u00e7a pode durar anos, segundo estudo;<\/li>\n<li>\u00daltima cota\u00e7\u00e3o do d\u00f3lar.<\/li>\n<\/ul>\n<h2>Fed<\/h2>\n<p>O <a href=\"https:\/\/www.suno.com.br\/artigos\/fed\/\">Federal Reserve (<strong>Fed<\/strong>)<\/a>, autoridade monet\u00e1ria dos Estados Unidos, informou, nesta sexta-feira, que ampliar\u00e1 o programa de empr\u00e9stimos a organiza\u00e7\u00f5es sem fins lucrativos, impactadas pela pandemia do <a href=\"https:\/\/www.suno.com.br\/noticias\/?s=coronavirus\">novo coronav\u00edrus (Covid-19)<\/a>.<\/p>\n<p>O fundo de US$ 600 bilh\u00f5es, chamado de &#8220;Programa de Empr\u00e9stimos de <strong>Main Street<\/strong>&#8221; (MSLP, na sigla em ingl\u00eas), \u00e9 destinado a pequenas e m\u00e9dias empresas afetadas pela crise, al\u00e9m de escolas, hospitais e organiza\u00e7\u00f5es de servi\u00e7o social.<\/p>\n<p><a href=\"https:\/\/www.suno.com.br\/noticias\/fed-emprestimos-organizacoes-sem-fins-lucrativos\/\">Saiba mais: Fed amplia concess\u00e3o de cr\u00e9dito para organiza\u00e7\u00f5es sem fins lucrativos<\/a><\/p>\n<p>Os termos definidos nesta sexta-feira estabeleceram que as organiza\u00e7\u00f5es com ao menos 10 funcion\u00e1rios e, no m\u00e1ximo, 15 mil colaboradores poder\u00e3o participar do programa.<\/p>\n<h2>Real mostra sinais de subvaloriza\u00e7\u00e3o<\/h2>\n<p>Os modelos de precifica\u00e7\u00e3o do Instituto de Finan\u00e7as Internacionais (IIF, na sigla em ingl\u00eas) divulgados nesta sexta-feira apontaram para uma subvaloriza\u00e7\u00e3o substancial de <strong>real<\/strong> de 15%.<\/p>\n<p>Desde o in\u00edcio do ano, com a pandemia do novo coronav\u00edrus, a moeda brasileira acumulou uma perda de 25% de seu valor contra o <a href=\"https:\/\/www.suno.com.br\/artigos\/dolar\/\">d\u00f3lar estadunidense<\/a>. A desvaloriza\u00e7\u00e3o do real \u00e9 maior do que a da <strong>lira turca<\/strong>, de 13% no ano. Apesar disso, na contram\u00e3o do real, o <strong>IIF<\/strong> enxerga uma supervaloriza\u00e7\u00e3o da lira da ordem de 10%.<\/p>\n<p><a href=\"https:\/\/www.suno.com.br\/noticias\/real-sinais-desvalorizacao-15-iif\/\">Saiba mais: Real mostra sinais de subvaloriza\u00e7\u00e3o da ordem de 15%, aponta IIF<\/a><\/p>\n<p>A performance das moedas em 2020, nesse sentido, \u00e9 &#8220;enganosa&#8221; pois ignora uma deteriora\u00e7\u00e3o do do balan\u00e7o de pagamentos da Turquia. O pa\u00eds registra um d\u00e9ficit em conta corrente crescente e a perdas de reservas internacionais do pa\u00eds.<\/p>\n<h2>Coronav\u00edrus<\/h2>\n<p>De acordo com um estudo publicado na Nature, conceituada revista cient\u00edfica brit\u00e2nica, uma vez adquirida a imunidade para o <a href=\"https:\/\/www.suno.com.br\/noticias\/?s=coronavirus\">novo <strong>coronav\u00edrus<\/strong> (Covid-19)<\/a>, o corpo humano poder\u00e1 ficar protegido contra a doen\u00e7a por anos. A pesquisa foi publicada na \u00faltima quarta-feira (15).<\/p>\n<p>Ao longo das \u00faltimas semanas, alguns estudos demonstraram que a imuniza\u00e7\u00e3o contra o coronav\u00edrus pode ser curta, com os <strong>anticorpos<\/strong> sumindo ap\u00f3s algumas semanas. Caso tal entendimento se confirme, esse ser\u00e1 mais um dos desafios que os laborat\u00f3rios que procuram desenvolver uma vacina enfrentar\u00e3o.<\/p>\n<p><a href=\"https:\/\/www.suno.com.br\/noticias\/coronavirus-imunidade-pode-durar-anos\/\">Saiba mais: Coronav\u00edrus: imunidade \u00e0 doen\u00e7a pode durar anos, segundo estudo<\/a><\/p>\n<p>Al\u00e9m disso, isso imporia d\u00favidas acerca da possibilidade de uma &#8220;imuniza\u00e7\u00e3o de rebanho&#8221;, quando 60% das pessoas j\u00e1 est\u00e3o imunizadas, que tais empresas especializadas est\u00e3o procurando.<\/p>\n<h2>\u00daltima cota\u00e7\u00e3o do d\u00f3lar<\/h2>\n<p>Na \u00faltima sess\u00e3o, quinta-feira, o <strong>d\u00f3lar<\/strong> encerrou em queda de 1,038%, negociado a R$ 5,3279.<\/p>\n\n","protected":false},"excerpt":{"rendered":"<p>O d\u00f3lar encerrou nesta sexta-feira (17) em alta de 1,023%, negociado a R$ 5,3824 na venda. Por volta das 9h40, nesta ter\u00e7a-feira (03), o d\u00f3lar operava em queda de 1%, negociado a R$ 5,6853. O d\u00f3lar hoje operava em leve alta na abertura, enquanto os investidores estavam atentos a reuni\u00e3o &#8220;dif\u00edcil&#8221; do bloco europeu sobre [&hellip;]<\/p>\n","protected":false},"author":39,"featured_media":66183,"comment_status":"closed","ping_status":"closed","sticky":false,"template":"","format":"standard","meta":[],"categories":[60],"tags":[2487,5255,326,776,2697,31998],"suno_strategy":[],"class_list":["post-73694","post","type-post","status-publish","format-standard","has-post-thumbnail","hentry","category-mercado","tag-coronavirus","tag-covid-19","tag-dolar","tag-federal-reseve-fed","tag-iif","tag-real"],"yoast_head":"<!-- This site is optimized with the Yoast SEO plugin v24.4 - https:\/\/yoast.com\/wordpress\/plugins\/seo\/ -->\n<title>D\u00f3lar encerra em alta de 1,023%, cotado em R$ 5,3824<\/title>\n<meta name=\"description\" content=\"O d\u00f3lar encerrou nesta sexta-feira (17) em alta de 1,023%, negociado a R$ 5,3824 na venda. Clique aqui para saber mais.\" \/>\n<meta name=\"robots\" content=\"index, follow, max-snippet:-1, max-image-preview:large, max-video-preview:-1\" \/>\n<link rel=\"canonical\" href=\"https:\/\/www.suno.com.br\/noticias\/dolar-encerra-em-alta-de-1023-cotado-em-r-53824-17072020\/\" \/>\n<meta property=\"og:locale\" content=\"pt_BR\" \/>\n<meta property=\"og:type\" content=\"article\" \/>\n<meta property=\"og:title\" content=\"D\u00f3lar encerra em alta de 1,023%, cotado em R$ 5,3824\" \/>\n<meta property=\"og:description\" content=\"O d\u00f3lar encerrou nesta sexta-feira (17) em alta de 1,023%, negociado a R$ 5,3824 na venda. Clique aqui para saber mais.\" \/>\n<meta property=\"og:url\" content=\"https:\/\/www.suno.com.br\/noticias\/dolar-encerra-em-alta-de-1023-cotado-em-r-53824-17072020\/\" \/>\n<meta property=\"og:site_name\" content=\"Suno Not\u00edcias\" \/>\n<meta property=\"article:publisher\" content=\"https:\/\/facebook.com\/sunoresearch\" \/>\n<meta property=\"og:image\" content=\"https:\/\/files.sunoresearch.com.br\/n\/uploads\/2020\/05\/71f556a3-d\u00f3lar-2.jpg\" \/>\n\t<meta property=\"og:image:width\" content=\"910\" \/>\n\t<meta property=\"og:image:height\" content=\"643\" \/>\n\t<meta property=\"og:image:type\" content=\"image\/jpeg\" \/>\n<meta name=\"author\" content=\"Laura Moutinho\" \/>\n<meta name=\"twitter:card\" content=\"summary_large_image\" \/>\n<meta name=\"twitter:creator\" content=\"@sunoresearch\" \/>\n<meta name=\"twitter:site\" content=\"@sunoresearch\" \/>\n<meta name=\"twitter:label1\" content=\"Escrito por\" \/>\n\t<meta name=\"twitter:data1\" content=\"Laura Moutinho\" \/>\n\t<meta name=\"twitter:label2\" content=\"Est. tempo de leitura\" \/>\n\t<meta name=\"twitter:data2\" content=\"3 minutos\" \/>\n<script type=\"application\/ld+json\" class=\"yoast-schema-graph\">{\"@context\":\"https:\/\/schema.org\",\"@graph\":[{\"@type\":\"NewsArticle\",\"@id\":\"https:\/\/www.suno.com.br\/noticias\/dolar-encerra-em-alta-de-1023-cotado-em-r-53824-17072020\/#article\",\"isPartOf\":{\"@id\":\"https:\/\/www.suno.com.br\/noticias\/dolar-encerra-em-alta-de-1023-cotado-em-r-53824-17072020\/\"},\"author\":{\"name\":\"Laura Moutinho\",\"@id\":\"https:\/\/www.suno.com.br\/noticias\/#\/schema\/person\/3df0d2808748b74496efe5dbeaef2c72\"},\"headline\":\"D\u00f3lar encerra em alta de 1,023%, cotado em R$ 5,3824\",\"datePublished\":\"2020-07-17T20:36:13+00:00\",\"dateModified\":\"2021-02-18T01:54:32+00:00\",\"mainEntityOfPage\":{\"@id\":\"https:\/\/www.suno.com.br\/noticias\/dolar-encerra-em-alta-de-1023-cotado-em-r-53824-17072020\/\"},\"wordCount\":599,\"publisher\":{\"@id\":\"https:\/\/www.suno.com.br\/noticias\/#organization\"},\"image\":{\"@id\":\"https:\/\/www.suno.com.br\/noticias\/dolar-encerra-em-alta-de-1023-cotado-em-r-53824-17072020\/#primaryimage\"},\"thumbnailUrl\":\"https:\/\/files.sunoresearch.com.br\/n\/uploads\/2020\/05\/71f556a3-d\u00f3lar-2.jpg\",\"keywords\":[\"coronav\u00edrus\",\"covid-19\",\"d\u00f3lar\",\"Federal Reserve (FED)\",\"IIF\",\"real\"],\"articleSection\":[\"Mercado\"],\"inLanguage\":\"pt-BR\"},{\"@type\":\"WebPage\",\"@id\":\"https:\/\/www.suno.com.br\/noticias\/dolar-encerra-em-alta-de-1023-cotado-em-r-53824-17072020\/\",\"url\":\"https:\/\/www.suno.com.br\/noticias\/dolar-encerra-em-alta-de-1023-cotado-em-r-53824-17072020\/\",\"name\":\"D\u00f3lar encerra em alta de 1,023%, cotado em R$ 5,3824\",\"isPartOf\":{\"@id\":\"https:\/\/www.suno.com.br\/noticias\/#website\"},\"primaryImageOfPage\":{\"@id\":\"https:\/\/www.suno.com.br\/noticias\/dolar-encerra-em-alta-de-1023-cotado-em-r-53824-17072020\/#primaryimage\"},\"image\":{\"@id\":\"https:\/\/www.suno.com.br\/noticias\/dolar-encerra-em-alta-de-1023-cotado-em-r-53824-17072020\/#primaryimage\"},\"thumbnailUrl\":\"https:\/\/files.sunoresearch.com.br\/n\/uploads\/2020\/05\/71f556a3-d\u00f3lar-2.jpg\",\"datePublished\":\"2020-07-17T20:36:13+00:00\",\"dateModified\":\"2021-02-18T01:54:32+00:00\",\"description\":\"O d\u00f3lar encerrou nesta sexta-feira (17) em alta de 1,023%, negociado a R$ 5,3824 na venda. Clique aqui para saber mais.\",\"breadcrumb\":{\"@id\":\"https:\/\/www.suno.com.br\/noticias\/dolar-encerra-em-alta-de-1023-cotado-em-r-53824-17072020\/#breadcrumb\"},\"inLanguage\":\"pt-BR\",\"potentialAction\":[{\"@type\":\"ReadAction\",\"target\":[\"https:\/\/www.suno.com.br\/noticias\/dolar-encerra-em-alta-de-1023-cotado-em-r-53824-17072020\/\"]}]},{\"@type\":\"ImageObject\",\"inLanguage\":\"pt-BR\",\"@id\":\"https:\/\/www.suno.com.br\/noticias\/dolar-encerra-em-alta-de-1023-cotado-em-r-53824-17072020\/#primaryimage\",\"url\":\"https:\/\/files.sunoresearch.com.br\/n\/uploads\/2020\/05\/71f556a3-d\u00f3lar-2.jpg\",\"contentUrl\":\"https:\/\/files.sunoresearch.com.br\/n\/uploads\/2020\/05\/71f556a3-d\u00f3lar-2.jpg\",\"width\":910,\"height\":643,\"caption\":\"Por volta das 9h40, nesta ter\u00e7a-feira (03), o d\u00f3lar operava em queda de 1%, negociado a R$ 5,6853.\"},{\"@type\":\"BreadcrumbList\",\"@id\":\"https:\/\/www.suno.com.br\/noticias\/dolar-encerra-em-alta-de-1023-cotado-em-r-53824-17072020\/#breadcrumb\",\"itemListElement\":[{\"@type\":\"ListItem\",\"position\":1,\"name\":\"Not\u00edcias\",\"item\":\"https:\/\/www.suno.com.br\/noticias\/\"},{\"@type\":\"ListItem\",\"position\":2,\"name\":\"Mercado\",\"item\":\"https:\/\/www.suno.com.br\/noticias\/mercado\/\"},{\"@type\":\"ListItem\",\"position\":3,\"name\":\"D\u00f3lar encerra em alta de 1,023%, cotado em R$ 5,3824\"}]},{\"@type\":\"WebSite\",\"@id\":\"https:\/\/www.suno.com.br\/noticias\/#website\",\"url\":\"https:\/\/www.suno.com.br\/noticias\/\",\"name\":\"Suno Not\u00edcias\",\"description\":\"Seu portal de informa\u00e7\u00e3o sobre o mundo dos investimentos\",\"publisher\":{\"@id\":\"https:\/\/www.suno.com.br\/noticias\/#organization\"},\"potentialAction\":[{\"@type\":\"SearchAction\",\"target\":{\"@type\":\"EntryPoint\",\"urlTemplate\":\"https:\/\/www.suno.com.br\/noticias\/?s={search_term_string}\"},\"query-input\":{\"@type\":\"PropertyValueSpecification\",\"valueRequired\":true,\"valueName\":\"search_term_string\"}}],\"inLanguage\":\"pt-BR\"},{\"@type\":\"Organization\",\"@id\":\"https:\/\/www.suno.com.br\/noticias\/#organization\",\"name\":\"Suno Not\u00edcias\",\"url\":\"https:\/\/www.suno.com.br\/noticias\/\",\"logo\":{\"@type\":\"ImageObject\",\"inLanguage\":\"pt-BR\",\"@id\":\"https:\/\/www.suno.com.br\/noticias\/#\/schema\/logo\/image\/\",\"url\":\"https:\/\/files.sunoresearch.com.br\/n\/uploads\/2021\/09\/suno-logo.png\",\"contentUrl\":\"https:\/\/files.sunoresearch.com.br\/n\/uploads\/2021\/09\/suno-logo.png\",\"width\":180,\"height\":180,\"caption\":\"Suno Not\u00edcias\"},\"image\":{\"@id\":\"https:\/\/www.suno.com.br\/noticias\/#\/schema\/logo\/image\/\"},\"sameAs\":[\"https:\/\/facebook.com\/sunoresearch\",\"https:\/\/x.com\/sunoresearch\",\"https:\/\/www.instagram.com\/suno\",\"https:\/\/www.linkedin.com\/company\/suno-research\/\",\"https:\/\/www.youtube.com\/c\/sunoresearch\"]},{\"@type\":\"Person\",\"@id\":\"https:\/\/www.suno.com.br\/noticias\/#\/schema\/person\/3df0d2808748b74496efe5dbeaef2c72\",\"name\":\"Laura Moutinho\",\"image\":{\"@type\":\"ImageObject\",\"inLanguage\":\"pt-BR\",\"@id\":\"https:\/\/www.suno.com.br\/noticias\/#\/schema\/person\/image\/\",\"url\":\"https:\/\/secure.gravatar.com\/avatar\/7571c7c8ca3a6fca5e41384ece5557ff?s=96&r=g\",\"contentUrl\":\"https:\/\/secure.gravatar.com\/avatar\/7571c7c8ca3a6fca5e41384ece5557ff?s=96&r=g\",\"caption\":\"Laura Moutinho\"},\"description\":\"Estagi\u00e1ria na Suno Not\u00edcias, escreve not\u00edcias que afetam o mercado financeiro. Estuda administra\u00e7\u00e3o na Universidade Presbiteriana Mackenzie.\",\"url\":\"https:\/\/www.suno.com.br\/noticias\/author\/laura-moutinho\/\"}]}<\/script>\n<!-- \/ Yoast SEO plugin. -->","yoast_head_json":{"title":"D\u00f3lar encerra em alta de 1,023%, cotado em R$ 5,3824","description":"O d\u00f3lar encerrou nesta sexta-feira (17) em alta de 1,023%, negociado a R$ 5,3824 na venda. Clique aqui para saber mais.","robots":{"index":"index","follow":"follow","max-snippet":"max-snippet:-1","max-image-preview":"max-image-preview:large","max-video-preview":"max-video-preview:-1"},"canonical":"https:\/\/www.suno.com.br\/noticias\/dolar-encerra-em-alta-de-1023-cotado-em-r-53824-17072020\/","og_locale":"pt_BR","og_type":"article","og_title":"D\u00f3lar encerra em alta de 1,023%, cotado em R$ 5,3824","og_description":"O d\u00f3lar encerrou nesta sexta-feira (17) em alta de 1,023%, negociado a R$ 5,3824 na venda. Clique aqui para saber mais.","og_url":"https:\/\/www.suno.com.br\/noticias\/dolar-encerra-em-alta-de-1023-cotado-em-r-53824-17072020\/","og_site_name":"Suno Not\u00edcias","article_publisher":"https:\/\/facebook.com\/sunoresearch","og_image":[{"width":910,"height":643,"url":"https:\/\/files.sunoresearch.com.br\/n\/uploads\/2020\/05\/71f556a3-d\u00f3lar-2.jpg","type":"image\/jpeg"}],"author":"Laura Moutinho","twitter_card":"summary_large_image","twitter_creator":"@sunoresearch","twitter_site":"@sunoresearch","twitter_misc":{"Escrito por":"Laura Moutinho","Est. tempo de leitura":"3 minutos"},"schema":{"@context":"https:\/\/schema.org","@graph":[{"@type":"NewsArticle","@id":"https:\/\/www.suno.com.br\/noticias\/dolar-encerra-em-alta-de-1023-cotado-em-r-53824-17072020\/#article","isPartOf":{"@id":"https:\/\/www.suno.com.br\/noticias\/dolar-encerra-em-alta-de-1023-cotado-em-r-53824-17072020\/"},"author":{"name":"Laura Moutinho","@id":"https:\/\/www.suno.com.br\/noticias\/#\/schema\/person\/3df0d2808748b74496efe5dbeaef2c72"},"headline":"D\u00f3lar encerra em alta de 1,023%, cotado em R$ 5,3824","datePublished":"2020-07-17T20:36:13+00:00","dateModified":"2021-02-18T01:54:32+00:00","mainEntityOfPage":{"@id":"https:\/\/www.suno.com.br\/noticias\/dolar-encerra-em-alta-de-1023-cotado-em-r-53824-17072020\/"},"wordCount":599,"publisher":{"@id":"https:\/\/www.suno.com.br\/noticias\/#organization"},"image":{"@id":"https:\/\/www.suno.com.br\/noticias\/dolar-encerra-em-alta-de-1023-cotado-em-r-53824-17072020\/#primaryimage"},"thumbnailUrl":"https:\/\/files.sunoresearch.com.br\/n\/uploads\/2020\/05\/71f556a3-d\u00f3lar-2.jpg","keywords":["coronav\u00edrus","covid-19","d\u00f3lar","Federal Reserve (FED)","IIF","real"],"articleSection":["Mercado"],"inLanguage":"pt-BR"},{"@type":"WebPage","@id":"https:\/\/www.suno.com.br\/noticias\/dolar-encerra-em-alta-de-1023-cotado-em-r-53824-17072020\/","url":"https:\/\/www.suno.com.br\/noticias\/dolar-encerra-em-alta-de-1023-cotado-em-r-53824-17072020\/","name":"D\u00f3lar encerra em alta de 1,023%, cotado em R$ 5,3824","isPartOf":{"@id":"https:\/\/www.suno.com.br\/noticias\/#website"},"primaryImageOfPage":{"@id":"https:\/\/www.suno.com.br\/noticias\/dolar-encerra-em-alta-de-1023-cotado-em-r-53824-17072020\/#primaryimage"},"image":{"@id":"https:\/\/www.suno.com.br\/noticias\/dolar-encerra-em-alta-de-1023-cotado-em-r-53824-17072020\/#primaryimage"},"thumbnailUrl":"https:\/\/files.sunoresearch.com.br\/n\/uploads\/2020\/05\/71f556a3-d\u00f3lar-2.jpg","datePublished":"2020-07-17T20:36:13+00:00","dateModified":"2021-02-18T01:54:32+00:00","description":"O d\u00f3lar encerrou nesta sexta-feira (17) em alta de 1,023%, negociado a R$ 5,3824 na venda. Clique aqui para saber mais.","breadcrumb":{"@id":"https:\/\/www.suno.com.br\/noticias\/dolar-encerra-em-alta-de-1023-cotado-em-r-53824-17072020\/#breadcrumb"},"inLanguage":"pt-BR","potentialAction":[{"@type":"ReadAction","target":["https:\/\/www.suno.com.br\/noticias\/dolar-encerra-em-alta-de-1023-cotado-em-r-53824-17072020\/"]}]},{"@type":"ImageObject","inLanguage":"pt-BR","@id":"https:\/\/www.suno.com.br\/noticias\/dolar-encerra-em-alta-de-1023-cotado-em-r-53824-17072020\/#primaryimage","url":"https:\/\/files.sunoresearch.com.br\/n\/uploads\/2020\/05\/71f556a3-d\u00f3lar-2.jpg","contentUrl":"https:\/\/files.sunoresearch.com.br\/n\/uploads\/2020\/05\/71f556a3-d\u00f3lar-2.jpg","width":910,"height":643,"caption":"Por volta das 9h40, nesta ter\u00e7a-feira (03), o d\u00f3lar operava em queda de 1%, negociado a R$ 5,6853."},{"@type":"BreadcrumbList","@id":"https:\/\/www.suno.com.br\/noticias\/dolar-encerra-em-alta-de-1023-cotado-em-r-53824-17072020\/#breadcrumb","itemListElement":[{"@type":"ListItem","position":1,"name":"Not\u00edcias","item":"https:\/\/www.suno.com.br\/noticias\/"},{"@type":"ListItem","position":2,"name":"Mercado","item":"https:\/\/www.suno.com.br\/noticias\/mercado\/"},{"@type":"ListItem","position":3,"name":"D\u00f3lar encerra em alta de 1,023%, cotado em R$ 5,3824"}]},{"@type":"WebSite","@id":"https:\/\/www.suno.com.br\/noticias\/#website","url":"https:\/\/www.suno.com.br\/noticias\/","name":"Suno Not\u00edcias","description":"Seu portal de informa\u00e7\u00e3o sobre o mundo dos investimentos","publisher":{"@id":"https:\/\/www.suno.com.br\/noticias\/#organization"},"potentialAction":[{"@type":"SearchAction","target":{"@type":"EntryPoint","urlTemplate":"https:\/\/www.suno.com.br\/noticias\/?s={search_term_string}"},"query-input":{"@type":"PropertyValueSpecification","valueRequired":true,"valueName":"search_term_string"}}],"inLanguage":"pt-BR"},{"@type":"Organization","@id":"https:\/\/www.suno.com.br\/noticias\/#organization","name":"Suno Not\u00edcias","url":"https:\/\/www.suno.com.br\/noticias\/","logo":{"@type":"ImageObject","inLanguage":"pt-BR","@id":"https:\/\/www.suno.com.br\/noticias\/#\/schema\/logo\/image\/","url":"https:\/\/files.sunoresearch.com.br\/n\/uploads\/2021\/09\/suno-logo.png","contentUrl":"https:\/\/files.sunoresearch.com.br\/n\/uploads\/2021\/09\/suno-logo.png","width":180,"height":180,"caption":"Suno Not\u00edcias"},"image":{"@id":"https:\/\/www.suno.com.br\/noticias\/#\/schema\/logo\/image\/"},"sameAs":["https:\/\/facebook.com\/sunoresearch","https:\/\/x.com\/sunoresearch","https:\/\/www.instagram.com\/suno","https:\/\/www.linkedin.com\/company\/suno-research\/","https:\/\/www.youtube.com\/c\/sunoresearch"]},{"@type":"Person","@id":"https:\/\/www.suno.com.br\/noticias\/#\/schema\/person\/3df0d2808748b74496efe5dbeaef2c72","name":"Laura Moutinho","image":{"@type":"ImageObject","inLanguage":"pt-BR","@id":"https:\/\/www.suno.com.br\/noticias\/#\/schema\/person\/image\/","url":"https:\/\/secure.gravatar.com\/avatar\/7571c7c8ca3a6fca5e41384ece5557ff?s=96&r=g","contentUrl":"https:\/\/secure.gravatar.com\/avatar\/7571c7c8ca3a6fca5e41384ece5557ff?s=96&r=g","caption":"Laura Moutinho"},"description":"Estagi\u00e1ria na Suno Not\u00edcias, escreve not\u00edcias que afetam o mercado financeiro. Estuda administra\u00e7\u00e3o na Universidade Presbiteriana Mackenzie.","url":"https:\/\/www.suno.com.br\/noticias\/author\/laura-moutinho\/"}]}},"default_loop_html":"<div class=\"cardsPage__listCard__boxs\"><div class=\"cardsPage__listCard__boxs__img\"><a href=\"https:\/\/www.suno.com.br\/noticias\/dolar-encerra-em-alta-de-1023-cotado-em-r-53824-17072020\/\"><img class=\"mask\" src=\"https:\/\/www.suno.com.br\/noticias\/wp-content\/themes\/suno\/resources\/images\/spotlight\/spotlight1img\/bg-mask.png\" alt=\"Image Mask\"\/><img src=\"https:\/\/files.sunoresearch.com.br\/n\/uploads\/2020\/05\/71f556a3-d\u00f3lar-2-400x200.webp\" alt=\"D\u00f3lar encerra em alta de 1,023%, cotado em R$ 5,3824\"\/><\/a><span class=\"spotlightCategory\"><a href=\"https:\/\/www.suno.com.br\/noticias\/mercado\/\">Mercado<\/a><\/span><\/div><div class=\"cardsPage__listCard__boxs__content\"><a href=\"https:\/\/www.suno.com.br\/noticias\/dolar-encerra-em-alta-de-1023-cotado-em-r-53824-17072020\/\"><h2 class=\"content__title\">D\u00f3lar encerra em alta de 1,023%, cotado em R$ 5,3824<\/h2><\/a><div class=\"newsContent__article__meta\"><div class=\"newsContent__article__meta__authorBox\"><a href=\"https:\/\/www.suno.com.br\/noticias\/author\/laura-moutinho\/\" class=\"authorBox__avatar noMobi\"><img src=\"https:\/\/files.sunoresearch.com.br\/n\/uploads\/2020\/08\/531ff69d-whatsapp-image-2020-08-03-at-14.54.38-150x150.webp\" alt=\"Laura Moutinho\"><\/a><div class=\"authorBox__name\"><span>por\n\t\t\t<a href=\"https:\/\/www.suno.com.br\/noticias\/author\/laura-moutinho\/\"><span itemprop=\"author\">Laura Moutinho<\/span><\/a><\/span><time datetime=\"2020-07-17T17:36:13-03:00\" itemprop=\"datePublished\">17\/07\/2020 17:36<\/time><\/div><\/div><\/div><\/div><\/div>","single_layout":"posts","amp_enabled":true,"_links":{"self":[{"href":"https:\/\/www.suno.com.br\/noticias\/wp-json\/wp\/v2\/posts\/73694"}],"collection":[{"href":"https:\/\/www.suno.com.br\/noticias\/wp-json\/wp\/v2\/posts"}],"about":[{"href":"https:\/\/www.suno.com.br\/noticias\/wp-json\/wp\/v2\/types\/post"}],"author":[{"embeddable":true,"href":"https:\/\/www.suno.com.br\/noticias\/wp-json\/wp\/v2\/users\/39"}],"replies":[{"embeddable":true,"href":"https:\/\/www.suno.com.br\/noticias\/wp-json\/wp\/v2\/comments?post=73694"}],"version-history":[{"count":0,"href":"https:\/\/www.suno.com.br\/noticias\/wp-json\/wp\/v2\/posts\/73694\/revisions"}],"wp:featuredmedia":[{"embeddable":true,"href":"https:\/\/www.suno.com.br\/noticias\/wp-json\/wp\/v2\/media\/66183"}],"wp:attachment":[{"href":"https:\/\/www.suno.com.br\/noticias\/wp-json\/wp\/v2\/media?parent=73694"}],"wp:term":[{"taxonomy":"category","embeddable":true,"href":"https:\/\/www.suno.com.br\/noticias\/wp-json\/wp\/v2\/categories?post=73694"},{"taxonomy":"post_tag","embeddable":true,"href":"https:\/\/www.suno.com.br\/noticias\/wp-json\/wp\/v2\/tags?post=73694"},{"taxonomy":"suno_strategy","embeddable":true,"href":"https:\/\/www.suno.com.br\/noticias\/wp-json\/wp\/v2\/suno_strategy?post=73694"}],"curies":[{"name":"wp","href":"https:\/\/api.w.org\/{rel}","templated":true}]}}